{"id":111618,"date":"2021-04-14T21:06:06","date_gmt":"2021-04-15T04:06:06","guid":{"rendered":"https:\/\/www.sonoraenequipo.com.mx\/?p=111618"},"modified":"2021-04-14T21:46:01","modified_gmt":"2021-04-15T04:46:01","slug":"confirma-salud-14-decesos-y-145-nuevos-casos-por-covid-19-en-sonora","status":"publish","type":"post","link":"https:\/\/www.sonoraenequipo.com.mx\/confirma-salud-14-decesos-y-145-nuevos-casos-por-covid-19-en-sonora\/","title":{"rendered":"Confirma Salud 14 decesos y 145 nuevos casos por Covid-19 en Sonora"},"content":{"rendered":"<p>HERMOSILLO, SONORA,MX.\u2500\u2500 La Secretar\u00eda de Salud en Sonora confirm\u00f3 este d\u00eda 14 decesos y 145 contagios nuevos por COVID-19.<\/p>\n<p>&nbsp;<\/p>\n<p>Los 14 fallecimientos registrados este mi\u00e9rcoles son en 7 mujeres y 7 hombres, residentes de: Hermosillo 5; Guaymas 3; Cajeme, Caborca y Empalme 2 cada uno; acumul\u00e1ndose 6 mil 132 defunciones.<\/p>\n<p>&nbsp;<\/p>\n<p>Hoy se sumaron 145 nuevos casos en 82 mujeres y 63 hombres; con ello se acumulan 71 mil 231 casos en total desde el inicio de la pandemia. Los nuevos paciente son residentes de: Hermosillo 77; Cajeme 36; Guaymas 8; Caborca 7; Empalme 5; Navojoa 4; Agua Prieta 2; San Luis R\u00edo Colorado, San Ignacio R\u00edo Muerto, Santa Ana, B\u00e1cum, Etchojoa y Pitiquito 1 cada uno.<\/p>\n<p>&nbsp;<\/p>\n<p>Este d\u00eda se confirmaron 4 casos pedi\u00e1tricos, en 3 ni\u00f1as y 1 ni\u00f1o, acumul\u00e1ndose mil 296 casos en total, y no se sumaron casos nuevos en mujeres embarazadas. A la fecha, se han realizado 125 mil 389 pruebas, de las cuales 71 mil 231 han sido casos confirmados y 54 mil 158 casos descartados.<\/p>\n<p>&nbsp;<\/p>\n<p>Se tiene un registro de 7 mil 812 casos con cuadro leve, 645 son casos activos y 7 mil 167 con seguimiento terminado; 137 personas se encuentran hospitalizadas, de las cuales 37 est\u00e1n estables, 75 graves, y 25 son cr\u00edticos. Hasta el momento, se han recuperado 64 mil 317 personas de COVID-19 en Sonora.<\/p>\n<p>Casos COVID-19 en Sonora 71,231 casos confirmados y 6,132 defunciones<\/p>\n<p>&nbsp;<\/p>\n<p>Defunciones registradas el 14 de abril de 2021: 14<\/p>\n<p>&nbsp;<\/p>\n<p>Fecha de publicaci\u00f3n \u00a0\u00a0mi\u00e9rcoles \u00a0\/\u00a0 14\u00a0 \/ abril \/ 2021<\/p>\n<p>&nbsp;<\/p>\n","protected":false},"excerpt":{"rendered":"<p>HERMOSILLO, SONORA,MX.\u2500\u2500 La Secretar\u00eda de Salud en Sonora confirm\u00f3 este d\u00eda 14 decesos y 145&#8230;<\/p>\n","protected":false},"author":1,"featured_media":111623,"comment_status":"open","ping_status":"open","sticky":false,"template":"","format":"standard","meta":{"_monsterinsights_skip_tracking":false,"_monsterinsights_sitenote_active":false,"_monsterinsights_sitenote_note":"","_monsterinsights_sitenote_category":0,"footnotes":""},"categories":[22],"tags":[4249,15],"class_list":["post"],"yoast_head":" \n<title>Sonora en Equipo. Confirma Salud 14 decesos y 145 nuevos casos por Covid-19 en Sonora Sonora<\/title>\n<meta name=\"description\" content=\"HERMOSILLO, SONORA,MX.\u2500\u2500 La Secretar\u00eda de Salud en Sonora confirm\u00f3 este d\u00eda 14 decesos y 145 contagios nuevos por COVID-19. &nbsp; Los 14 fallecimientos En Sonora en Equipo publicamos toda la informaci\u00f3n de Sonora, M\u00e9xico y el Mundo de manera oportuna y busca que la libertad de expresi\u00f3n sea real. Visita nuestro medio informativo publicado desde Hermosillo, Sonora. %\" \/>\n<meta name=\"robots\" content=\"index, follow, max-snippet:-1, max-image-preview:large, max-video-preview:-1\" \/>\n<link rel=\"canonical\" href=\"https:\/\/www.sonoraenequipo.com.mx\/confirma-salud-14-decesos-y-145-nuevos-casos-por-covid-19-en-sonora\/\" \/>\n<meta property=\"og:locale\" content=\"es_ES\" \/>\n<meta property=\"og:type\" content=\"article\" \/>\n<meta property=\"og:title\" content=\"Sonora en Equipo. Confirma Salud 14 decesos y 145 nuevos casos por Covid-19 en Sonora Sonora\" \/>\n<meta property=\"og:description\" content=\"HERMOSILLO, SONORA,MX.\u2500\u2500 La Secretar\u00eda de Salud en Sonora confirm\u00f3 este d\u00eda 14 decesos y 145 contagios nuevos por COVID-19. &nbsp; Los 14 fallecimientos En Sonora en Equipo publicamos toda la informaci\u00f3n de Sonora, M\u00e9xico y el Mundo de manera oportuna y busca que la libertad de expresi\u00f3n sea real. Visita nuestro medio informativo publicado desde Hermosillo, Sonora. %\" \/>\n<meta property=\"og:url\" content=\"https:\/\/www.sonoraenequipo.com.mx\/confirma-salud-14-decesos-y-145-nuevos-casos-por-covid-19-en-sonora\/\" \/>\n<meta property=\"og:site_name\" content=\"Sonora en Equipo.\" \/>\n<meta property=\"article:publisher\" content=\"https:\/\/www.facebook.com\/SonoraEE\/\" \/>\n<meta property=\"article:author\" content=\"https:\/\/www.facebook.com\/SonoraEE\" \/>\n<meta property=\"article:published_time\" content=\"2021-04-15T04:06:06+00:00\" \/>\n<meta property=\"article:modified_time\" content=\"2021-04-15T04:46:01+00:00\" \/>\n<meta property=\"og:image\" content=\"https:\/\/www.sonoraenequipo.com.mx\/storage\/2021\/04\/vacunacion-hmo4.jpg\" \/>\n\t<meta property=\"og:image:width\" content=\"500\" \/>\n\t<meta property=\"og:image:height\" content=\"300\" \/>\n\t<meta property=\"og:image:type\" content=\"image\/jpeg\" \/>\n<meta name=\"author\" content=\"enequipo\" \/>\n<meta name=\"twitter:card\" content=\"summary_large_image\" \/>\n<meta name=\"twitter:creator\" content=\"@sonoraenequipo\" \/>\n<meta name=\"twitter:site\" content=\"@sonoraenequipo\" \/>\n<meta name=\"twitter:label1\" content=\"Escrito por\" \/>\n\t<meta name=\"twitter:data1\" content=\"enequipo\" \/>\n\t<meta name=\"twitter:label2\" content=\"Tiempo de lectura\" \/>\n\t<meta name=\"twitter:data2\" content=\"2 minutos\" \/>\n<script type=\"application\/ld+json\" class=\"yoast-schema-graph\">{\"@context\":\"https:\/\/schema.org\",\"@graph\":[{\"@type\":\"Article\",\"@id\":\"https:\/\/www.sonoraenequipo.com.mx\/confirma-salud-14-decesos-y-145-nuevos-casos-por-covid-19-en-sonora\/#article\",\"isPartOf\":{\"@id\":\"https:\/\/www.sonoraenequipo.com.mx\/confirma-salud-14-decesos-y-145-nuevos-casos-por-covid-19-en-sonora\/\"},\"author\":{\"name\":\"enequipo\",\"@id\":\"https:\/\/www.sonoraenequipo.com.mx\/#\/schema\/person\/50102df0fb23a8fa9e8effad8fa81386\"},\"headline\":\"Confirma Salud 14 decesos y 145 nuevos casos por Covid-19 en Sonora\",\"datePublished\":\"2021-04-15T04:06:06+00:00\",\"dateModified\":\"2021-04-15T04:46:01+00:00\",\"mainEntityOfPage\":{\"@id\":\"https:\/\/www.sonoraenequipo.com.mx\/confirma-salud-14-decesos-y-145-nuevos-casos-por-covid-19-en-sonora\/\"},\"wordCount\":233,\"commentCount\":0,\"publisher\":{\"@id\":\"https:\/\/www.sonoraenequipo.com.mx\/#organization\"},\"image\":{\"@id\":\"https:\/\/www.sonoraenequipo.com.mx\/confirma-salud-14-decesos-y-145-nuevos-casos-por-covid-19-en-sonora\/#primaryimage\"},\"thumbnailUrl\":\"https:\/\/www.sonoraenequipo.com.mx\/storage\/2021\/04\/vacunacion-hmo4.jpg\",\"keywords\":[\"covid\",\"Sonora\"],\"articleSection\":[\"Sonora\"],\"inLanguage\":\"es\",\"potentialAction\":[{\"@type\":\"CommentAction\",\"name\":\"Comment\",\"target\":[\"https:\/\/www.sonoraenequipo.com.mx\/confirma-salud-14-decesos-y-145-nuevos-casos-por-covid-19-en-sonora\/#respond\"]}]},{\"@type\":\"WebPage\",\"@id\":\"https:\/\/www.sonoraenequipo.com.mx\/confirma-salud-14-decesos-y-145-nuevos-casos-por-covid-19-en-sonora\/\",\"url\":\"https:\/\/www.sonoraenequipo.com.mx\/confirma-salud-14-decesos-y-145-nuevos-casos-por-covid-19-en-sonora\/\",\"name\":\"Sonora en Equipo. Confirma Salud 14 decesos y 145 nuevos casos por Covid-19 en Sonora Sonora\",\"isPartOf\":{\"@id\":\"https:\/\/www.sonoraenequipo.com.mx\/#website\"},\"primaryImageOfPage\":{\"@id\":\"https:\/\/www.sonoraenequipo.com.mx\/confirma-salud-14-decesos-y-145-nuevos-casos-por-covid-19-en-sonora\/#primaryimage\"},\"image\":{\"@id\":\"https:\/\/www.sonoraenequipo.com.mx\/confirma-salud-14-decesos-y-145-nuevos-casos-por-covid-19-en-sonora\/#primaryimage\"},\"thumbnailUrl\":\"https:\/\/www.sonoraenequipo.com.mx\/storage\/2021\/04\/vacunacion-hmo4.jpg\",\"datePublished\":\"2021-04-15T04:06:06+00:00\",\"dateModified\":\"2021-04-15T04:46:01+00:00\",\"description\":\"HERMOSILLO, SONORA,MX.\u2500\u2500 La Secretar\u00eda de Salud en Sonora confirm\u00f3 este d\u00eda 14 decesos y 145 contagios nuevos por COVID-19. &nbsp; Los 14 fallecimientos En Sonora en Equipo publicamos toda la informaci\u00f3n de Sonora, M\u00e9xico y el Mundo de manera oportuna y busca que la libertad de expresi\u00f3n sea real. Visita nuestro medio informativo publicado desde Hermosillo, Sonora. %\",\"breadcrumb\":{\"@id\":\"https:\/\/www.sonoraenequipo.com.mx\/confirma-salud-14-decesos-y-145-nuevos-casos-por-covid-19-en-sonora\/#breadcrumb\"},\"inLanguage\":\"es\",\"potentialAction\":[{\"@type\":\"ReadAction\",\"target\":[\"https:\/\/www.sonoraenequipo.com.mx\/confirma-salud-14-decesos-y-145-nuevos-casos-por-covid-19-en-sonora\/\"]}]},{\"@type\":\"ImageObject\",\"inLanguage\":\"es\",\"@id\":\"https:\/\/www.sonoraenequipo.com.mx\/confirma-salud-14-decesos-y-145-nuevos-casos-por-covid-19-en-sonora\/#primaryimage\",\"url\":\"https:\/\/www.sonoraenequipo.com.mx\/storage\/2021\/04\/vacunacion-hmo4.jpg\",\"contentUrl\":\"https:\/\/www.sonoraenequipo.com.mx\/storage\/2021\/04\/vacunacion-hmo4.jpg\",\"width\":500,\"height\":300},{\"@type\":\"BreadcrumbList\",\"@id\":\"https:\/\/www.sonoraenequipo.com.mx\/confirma-salud-14-decesos-y-145-nuevos-casos-por-covid-19-en-sonora\/#breadcrumb\",\"itemListElement\":[{\"@type\":\"ListItem\",\"position\":1,\"name\":\"Portada\",\"item\":\"https:\/\/www.sonoraenequipo.com.mx\/\"},{\"@type\":\"ListItem\",\"position\":2,\"name\":\"Confirma Salud 14 decesos y 145 nuevos casos por Covid-19 en Sonora\"}]},{\"@type\":\"WebSite\",\"@id\":\"https:\/\/www.sonoraenequipo.com.mx\/#website\",\"url\":\"https:\/\/www.sonoraenequipo.com.mx\/\",\"name\":\"Sonora en Equipo.\",\"description\":\"Diario en l\u00ednea con Noticias desde Hermosillo, Sonora\",\"publisher\":{\"@id\":\"https:\/\/www.sonoraenequipo.com.mx\/#organization\"},\"potentialAction\":[{\"@type\":\"SearchAction\",\"target\":{\"@type\":\"EntryPoint\",\"urlTemplate\":\"https:\/\/www.sonoraenequipo.com.mx\/?s={search_term_string}\"},\"query-input\":{\"@type\":\"PropertyValueSpecification\",\"valueRequired\":true,\"valueName\":\"search_term_string\"}}],\"inLanguage\":\"es\"},{\"@type\":\"Organization\",\"@id\":\"https:\/\/www.sonoraenequipo.com.mx\/#organization\",\"name\":\"Sonoraenequipo.com.mx\",\"url\":\"https:\/\/www.sonoraenequipo.com.mx\/\",\"logo\":{\"@type\":\"ImageObject\",\"inLanguage\":\"es\",\"@id\":\"https:\/\/www.sonoraenequipo.com.mx\/#\/schema\/logo\/image\/\",\"url\":\"https:\/\/www.sonoraenequipo.com.mx\/storage\/2019\/01\/sonoraenequipo_opt.png\",\"contentUrl\":\"https:\/\/www.sonoraenequipo.com.mx\/storage\/2019\/01\/sonoraenequipo_opt.png\",\"width\":375,\"height\":125,\"caption\":\"Sonoraenequipo.com.mx\"},\"image\":{\"@id\":\"https:\/\/www.sonoraenequipo.com.mx\/#\/schema\/logo\/image\/\"},\"sameAs\":[\"https:\/\/www.facebook.com\/SonoraEE\/\",\"https:\/\/x.com\/sonoraenequipo\",\"https:\/\/www.youtube.com\/channel\/UC338nW-lPEYmJQs4ZABQ1SQ\"]},{\"@type\":\"Person\",\"@id\":\"https:\/\/www.sonoraenequipo.com.mx\/#\/schema\/person\/50102df0fb23a8fa9e8effad8fa81386\",\"name\":\"enequipo\",\"image\":{\"@type\":\"ImageObject\",\"inLanguage\":\"es\",\"@id\":\"https:\/\/www.sonoraenequipo.com.mx\/#\/schema\/person\/image\/\",\"url\":\"https:\/\/secure.gravatar.com\/avatar\/049821681b589dabc0bc20695993ccebb09f5b5d4d790cd9251b97faac7c652b?s=96&d=blank&r=g\",\"contentUrl\":\"https:\/\/secure.gravatar.com\/avatar\/049821681b589dabc0bc20695993ccebb09f5b5d4d790cd9251b97faac7c652b?s=96&d=blank&r=g\",\"caption\":\"enequipo\"},\"sameAs\":[\"https:\/\/www.facebook.com\/SonoraEE\"]}]}<\/script>\n ","yoast_head_json":{"title":"Sonora en Equipo. Confirma Salud 14 decesos y 145 nuevos casos por Covid-19 en Sonora Sonora","description":"HERMOSILLO, SONORA,MX.\u2500\u2500 La Secretar\u00eda de Salud en Sonora confirm\u00f3 este d\u00eda 14 decesos y 145 contagios nuevos por COVID-19. &nbsp; Los 14 fallecimientos En Sonora en Equipo publicamos toda la informaci\u00f3n de Sonora, M\u00e9xico y el Mundo de manera oportuna y busca que la libertad de expresi\u00f3n sea real. Visita nuestro medio informativo publicado desde Hermosillo, Sonora. %","robots":{"index":"index","follow":"follow","max-snippet":"max-snippet:-1","max-image-preview":"max-image-preview:large","max-video-preview":"max-video-preview:-1"},"canonical":"https:\/\/www.sonoraenequipo.com.mx\/confirma-salud-14-decesos-y-145-nuevos-casos-por-covid-19-en-sonora\/","og_locale":"es_ES","og_type":"article","og_title":"Sonora en Equipo. Confirma Salud 14 decesos y 145 nuevos casos por Covid-19 en Sonora Sonora","og_description":"HERMOSILLO, SONORA,MX.\u2500\u2500 La Secretar\u00eda de Salud en Sonora confirm\u00f3 este d\u00eda 14 decesos y 145 contagios nuevos por COVID-19. &nbsp; Los 14 fallecimientos En Sonora en Equipo publicamos toda la informaci\u00f3n de Sonora, M\u00e9xico y el Mundo de manera oportuna y busca que la libertad de expresi\u00f3n sea real. Visita nuestro medio informativo publicado desde Hermosillo, Sonora. %","og_url":"https:\/\/www.sonoraenequipo.com.mx\/confirma-salud-14-decesos-y-145-nuevos-casos-por-covid-19-en-sonora\/","og_site_name":"Sonora en Equipo.","article_publisher":"https:\/\/www.facebook.com\/SonoraEE\/","article_author":"https:\/\/www.facebook.com\/SonoraEE","article_published_time":"2021-04-15T04:06:06+00:00","article_modified_time":"2021-04-15T04:46:01+00:00","og_image":[{"width":500,"height":300,"url":"https:\/\/www.sonoraenequipo.com.mx\/storage\/2021\/04\/vacunacion-hmo4.jpg","type":"image\/jpeg"}],"author":"enequipo","twitter_card":"summary_large_image","twitter_creator":"@sonoraenequipo","twitter_site":"@sonoraenequipo","twitter_misc":{"Escrito por":"enequipo","Tiempo de lectura":"2 minutos"},"schema":{"@context":"https:\/\/schema.org","@graph":[{"@type":"Article","@id":"https:\/\/www.sonoraenequipo.com.mx\/confirma-salud-14-decesos-y-145-nuevos-casos-por-covid-19-en-sonora\/#article","isPartOf":{"@id":"https:\/\/www.sonoraenequipo.com.mx\/confirma-salud-14-decesos-y-145-nuevos-casos-por-covid-19-en-sonora\/"},"author":{"name":"enequipo","@id":"https:\/\/www.sonoraenequipo.com.mx\/#\/schema\/person\/50102df0fb23a8fa9e8effad8fa81386"},"headline":"Confirma Salud 14 decesos y 145 nuevos casos por Covid-19 en Sonora","datePublished":"2021-04-15T04:06:06+00:00","dateModified":"2021-04-15T04:46:01+00:00","mainEntityOfPage":{"@id":"https:\/\/www.sonoraenequipo.com.mx\/confirma-salud-14-decesos-y-145-nuevos-casos-por-covid-19-en-sonora\/"},"wordCount":233,"commentCount":0,"publisher":{"@id":"https:\/\/www.sonoraenequipo.com.mx\/#organization"},"image":{"@id":"https:\/\/www.sonoraenequipo.com.mx\/confirma-salud-14-decesos-y-145-nuevos-casos-por-covid-19-en-sonora\/#primaryimage"},"thumbnailUrl":"https:\/\/www.sonoraenequipo.com.mx\/storage\/2021\/04\/vacunacion-hmo4.jpg","keywords":["covid","Sonora"],"articleSection":["Sonora"],"inLanguage":"es","potentialAction":[{"@type":"CommentAction","name":"Comment","target":["https:\/\/www.sonoraenequipo.com.mx\/confirma-salud-14-decesos-y-145-nuevos-casos-por-covid-19-en-sonora\/#respond"]}]},{"@type":"WebPage","@id":"https:\/\/www.sonoraenequipo.com.mx\/confirma-salud-14-decesos-y-145-nuevos-casos-por-covid-19-en-sonora\/","url":"https:\/\/www.sonoraenequipo.com.mx\/confirma-salud-14-decesos-y-145-nuevos-casos-por-covid-19-en-sonora\/","name":"Sonora en Equipo. Confirma Salud 14 decesos y 145 nuevos casos por Covid-19 en Sonora Sonora","isPartOf":{"@id":"https:\/\/www.sonoraenequipo.com.mx\/#website"},"primaryImageOfPage":{"@id":"https:\/\/www.sonoraenequipo.com.mx\/confirma-salud-14-decesos-y-145-nuevos-casos-por-covid-19-en-sonora\/#primaryimage"},"image":{"@id":"https:\/\/www.sonoraenequipo.com.mx\/confirma-salud-14-decesos-y-145-nuevos-casos-por-covid-19-en-sonora\/#primaryimage"},"thumbnailUrl":"https:\/\/www.sonoraenequipo.com.mx\/storage\/2021\/04\/vacunacion-hmo4.jpg","datePublished":"2021-04-15T04:06:06+00:00","dateModified":"2021-04-15T04:46:01+00:00","description":"HERMOSILLO, SONORA,MX.\u2500\u2500 La Secretar\u00eda de Salud en Sonora confirm\u00f3 este d\u00eda 14 decesos y 145 contagios nuevos por COVID-19. &nbsp; Los 14 fallecimientos En Sonora en Equipo publicamos toda la informaci\u00f3n de Sonora, M\u00e9xico y el Mundo de manera oportuna y busca que la libertad de expresi\u00f3n sea real. Visita nuestro medio informativo publicado desde Hermosillo, Sonora. %","breadcrumb":{"@id":"https:\/\/www.sonoraenequipo.com.mx\/confirma-salud-14-decesos-y-145-nuevos-casos-por-covid-19-en-sonora\/#breadcrumb"},"inLanguage":"es","potentialAction":[{"@type":"ReadAction","target":["https:\/\/www.sonoraenequipo.com.mx\/confirma-salud-14-decesos-y-145-nuevos-casos-por-covid-19-en-sonora\/"]}]},{"@type":"ImageObject","inLanguage":"es","@id":"https:\/\/www.sonoraenequipo.com.mx\/confirma-salud-14-decesos-y-145-nuevos-casos-por-covid-19-en-sonora\/#primaryimage","url":"https:\/\/www.sonoraenequipo.com.mx\/storage\/2021\/04\/vacunacion-hmo4.jpg","contentUrl":"https:\/\/www.sonoraenequipo.com.mx\/storage\/2021\/04\/vacunacion-hmo4.jpg","width":500,"height":300},{"@type":"BreadcrumbList","@id":"https:\/\/www.sonoraenequipo.com.mx\/confirma-salud-14-decesos-y-145-nuevos-casos-por-covid-19-en-sonora\/#breadcrumb","itemListElement":[{"@type":"ListItem","position":1,"name":"Portada","item":"https:\/\/www.sonoraenequipo.com.mx\/"},{"@type":"ListItem","position":2,"name":"Confirma Salud 14 decesos y 145 nuevos casos por Covid-19 en Sonora"}]},{"@type":"WebSite","@id":"https:\/\/www.sonoraenequipo.com.mx\/#website","url":"https:\/\/www.sonoraenequipo.com.mx\/","name":"Sonora en Equipo.","description":"Diario en l\u00ednea con Noticias desde Hermosillo, Sonora","publisher":{"@id":"https:\/\/www.sonoraenequipo.com.mx\/#organization"},"potentialAction":[{"@type":"SearchAction","target":{"@type":"EntryPoint","urlTemplate":"https:\/\/www.sonoraenequipo.com.mx\/?s={search_term_string}"},"query-input":{"@type":"PropertyValueSpecification","valueRequired":true,"valueName":"search_term_string"}}],"inLanguage":"es"},{"@type":"Organization","@id":"https:\/\/www.sonoraenequipo.com.mx\/#organization","name":"Sonoraenequipo.com.mx","url":"https:\/\/www.sonoraenequipo.com.mx\/","logo":{"@type":"ImageObject","inLanguage":"es","@id":"https:\/\/www.sonoraenequipo.com.mx\/#\/schema\/logo\/image\/","url":"https:\/\/www.sonoraenequipo.com.mx\/storage\/2019\/01\/sonoraenequipo_opt.png","contentUrl":"https:\/\/www.sonoraenequipo.com.mx\/storage\/2019\/01\/sonoraenequipo_opt.png","width":375,"height":125,"caption":"Sonoraenequipo.com.mx"},"image":{"@id":"https:\/\/www.sonoraenequipo.com.mx\/#\/schema\/logo\/image\/"},"sameAs":["https:\/\/www.facebook.com\/SonoraEE\/","https:\/\/x.com\/sonoraenequipo","https:\/\/www.youtube.com\/channel\/UC338nW-lPEYmJQs4ZABQ1SQ"]},{"@type":"Person","@id":"https:\/\/www.sonoraenequipo.com.mx\/#\/schema\/person\/50102df0fb23a8fa9e8effad8fa81386","name":"enequipo","image":{"@type":"ImageObject","inLanguage":"es","@id":"https:\/\/www.sonoraenequipo.com.mx\/#\/schema\/person\/image\/","url":"https:\/\/secure.gravatar.com\/avatar\/049821681b589dabc0bc20695993ccebb09f5b5d4d790cd9251b97faac7c652b?s=96&d=blank&r=g","contentUrl":"https:\/\/secure.gravatar.com\/avatar\/049821681b589dabc0bc20695993ccebb09f5b5d4d790cd9251b97faac7c652b?s=96&d=blank&r=g","caption":"enequipo"},"sameAs":["https:\/\/www.facebook.com\/SonoraEE"]}]}},"jetpack_featured_media_url":"https:\/\/www.sonoraenequipo.com.mx\/storage\/2021\/04\/vacunacion-hmo4.jpg","_links":{"self":[{"href":"https:\/\/www.sonoraenequipo.com.mx\/api\/wp\/v2\/posts\/111618","targetHints":{"allow":["GET"]}}],"collection":[{"href":"https:\/\/www.sonoraenequipo.com.mx\/api\/wp\/v2\/posts"}],"about":[{"href":"https:\/\/www.sonoraenequipo.com.mx\/api\/wp\/v2\/types\/post"}],"author":[{"embeddable":true,"href":"https:\/\/www.sonoraenequipo.com.mx\/api\/wp\/v2\/users\/1"}],"replies":[{"embeddable":true,"href":"https:\/\/www.sonoraenequipo.com.mx\/api\/wp\/v2\/comments?post=111618"}],"version-history":[{"count":1,"href":"https:\/\/www.sonoraenequipo.com.mx\/api\/wp\/v2\/posts\/111618\/revisions"}],"predecessor-version":[{"id":111624,"href":"https:\/\/www.sonoraenequipo.com.mx\/api\/wp\/v2\/posts\/111618\/revisions\/111624"}],"wp:featuredmedia":[{"embeddable":true,"href":"https:\/\/www.sonoraenequipo.com.mx\/api\/wp\/v2\/media\/111623"}],"wp:attachment":[{"href":"https:\/\/www.sonoraenequipo.com.mx\/api\/wp\/v2\/media?parent=111618"}],"wp:term":[{"taxonomy":"category","embeddable":true,"href":"https:\/\/www.sonoraenequipo.com.mx\/api\/wp\/v2\/categories?post=111618"},{"taxonomy":"post_tag","embeddable":true,"href":"https:\/\/www.sonoraenequipo.com.mx\/api\/wp\/v2\/tags?post=111618"}],"curies":[{"name":"wp","href":"https:\/\/api.w.org\/{rel}","templated":true}]}}