{"id":111629,"date":"2021-04-14T23:20:12","date_gmt":"2021-04-15T06:20:12","guid":{"rendered":"https:\/\/www.sonoraenequipo.com.mx\/?p=111629"},"modified":"2021-04-15T11:23:42","modified_gmt":"2021-04-15T18:23:42","slug":"realiza-ues-foro-academico-sobre-remediacion-ambiental","status":"publish","type":"post","link":"https:\/\/www.sonoraenequipo.com.mx\/realiza-ues-foro-academico-sobre-remediacion-ambiental\/","title":{"rendered":"Realiza UES foro acad\u00e9mico sobre remediaci\u00f3n ambiental"},"content":{"rendered":"<p>HERMOSILLO, SONORA. MX. \u2014 Para reflexionar sobre el papel del profesional en Ingenier\u00eda Industrial en la remediaci\u00f3n ambiental de agua, suelos y aire y brindar informaci\u00f3n de expertos a los estudiantes de este programa educativo, la Universidad Estatal de Sonora (UES) organiz\u00f3 un ciclo de conferencias magistrales y talleres como parte de la Semana Acad\u00e9mica de Ingenier\u00eda Ambiental.<\/p>\n<p>&nbsp;<\/p>\n<p> <\/p>\n<p>&nbsp;<\/p>\n<p>Pedro Ortega Romero, rector de la UES, inaugur\u00f3 el ciclo de conferencias que se impartir\u00e1n en l\u00ednea del 14 al 16 de abril y en la que se espera la asistencia de m\u00e1s de 300 estudiantes de las Unidades de Hermosillo y San Luis R\u00edo Colorado, donde se imparte esta carrera.<\/p>\n<p>&nbsp;<\/p>\n<p><em>\u201cPara la UES es motivo de orgullo organizar este tipo de eventos porque nos fortalecen, ayudan al crecimiento profesional de nuestros estudiantes y nos vincula con instituciones hermanas de las que provienen algunos expositores invitados; a los j\u00f3venes, les pido que sigan prepar\u00e1ndose y trabajando arduamente para ser muy buenos profesionistas y excelentes ciudadanos\u201d,<\/em> expres\u00f3 Ortega Romero.<\/p>\n<p>&nbsp;<\/p>\n<p>El 14 de abril el tema fue remediaci\u00f3n ambiental del aire, con las conferencias<em> \u201cCalidad biol\u00f3gica del aire y cambio clim\u00e1tico en Hermosillo, Sonora\u201d,<\/em> de Carmen Ortega Rosas (UES); <em>\u201cCalidad del aire en las comunidades fronterizas de Arizona y la colaboraci\u00f3n binacional entre Sonora y Arizona\u201d,<\/em> de Joaqu\u00edn Marrufo y Gerardo Monroy (Arizona Departament of Environmental Quality); <em>\u201cContaminaci\u00f3n del aire por hidrocarburos\u201d,<\/em> de Roberto Ram\u00edrez Leal (UES), quien tambi\u00e9n participa en el taller \u201cDeterminaci\u00f3n de flujo gaseoso en ductos y chimeneas\u201d, con Mart\u00edn Cruz Campas (UES).<\/p>\n<p>&nbsp;<\/p>\n<p>&nbsp;<\/p>\n<p>Para el jueves 15 de abril, la tem\u00e1tica es remediaci\u00f3n de agua y las conferencias ser\u00e1n <em>\u201cProceso de bioadsorci\u00f3n para tratar aguas contaminadas con metales\u201d,<\/em> de Onofre Monge Amaya (Unison); <em>\u201cUso de m\u00e9todos num\u00e9ricos para la modelaci\u00f3n de la calidad de cuerpos de agua\u201d<\/em>, de Luis Patricio Ram\u00edrez Rodr\u00edguez (Unison); Recuperaci\u00f3n de recursos durante el tratamiento de aguas residuales industriales, de Francisco Javier Cervantes (UNAM) y el taller \u201cCalidad del agua\u201d de Daniel Garc\u00eda Bedoya.<\/p>\n<p>&nbsp;<\/p>\n<p>El evento contin\u00faa el viernes 16 de abril con la tem\u00e1tica remediaci\u00f3n de suelos y las conferencias <em>\u201cLa importancia del mapeo en los estudios ambientales\u201d<\/em> de Blanca Gonz\u00e1lez (UNAM);<em> \u201cLos suelos de Sonora y su relaci\u00f3n con la contaminaci\u00f3n\u201d<\/em> de Diana Meza Figueroa (Unison); <em>\u201cBarrenaci\u00f3n de suelos\u201d,<\/em> de Jos\u00e9 Islas (Globexplore Drilling) y se finaliza con el taller <em>\u201cInstrumentos y muestreos de suelos\u201d<\/em> de Daniel Morales Romero y Octavio Cota Arriola.<\/p>\n<p>&nbsp;<\/p>\n<p>El acceso a las conferencias es gratuito, a trav\u00e9s de la plataforma Zoom, en el enlace <a href=\"https:\/\/bit.ly\/UES-SemanaAmbiental2021\"><strong>https:\/\/bit.ly\/UES-SemanaAmbiental2021<\/strong><\/a> y el programa completo se puede consultar en: <a href=\"https:\/\/bit.ly\/UES-SemanaAmbiental2021-Asistencia.\"><strong>https:\/\/bit.ly\/UES-SemanaAmbiental2021-Asistencia.<\/strong><\/a><\/p>\n<p>&nbsp;<\/p>\n<p>&nbsp;<\/p>\n<p>(Publicada el 14\/04\/2021)<\/p>\n","protected":false},"excerpt":{"rendered":"<p>HERMOSILLO, SONORA. MX. \u2014 Para reflexionar sobre el papel del profesional en Ingenier\u00eda Industrial en&#8230;<\/p>\n","protected":false},"author":1,"featured_media":111633,"comment_status":"open","ping_status":"open","sticky":false,"template":"","format":"standard","meta":{"_monsterinsights_skip_tracking":false,"_monsterinsights_sitenote_active":false,"_monsterinsights_sitenote_note":"","_monsterinsights_sitenote_category":0,"footnotes":""},"categories":[22],"tags":[],"class_list":["post"],"yoast_head":" \n<title>Sonora en Equipo. Realiza UES foro acad\u00e9mico sobre remediaci\u00f3n ambiental Sonora<\/title>\n<meta name=\"description\" content=\"HERMOSILLO, SONORA. MX. \u2014 Para reflexionar sobre el papel del profesional en Ingenier\u00eda Industrial en la remediaci\u00f3n ambiental de agua, suelos y aire y En Sonora en Equipo publicamos toda la informaci\u00f3n de Sonora, M\u00e9xico y el Mundo de manera oportuna y busca que la libertad de expresi\u00f3n sea real. Visita nuestro medio informativo publicado desde Hermosillo, Sonora. %\" \/>\n<meta name=\"robots\" content=\"index, follow, max-snippet:-1, max-image-preview:large, max-video-preview:-1\" \/>\n<link rel=\"canonical\" href=\"https:\/\/www.sonoraenequipo.com.mx\/realiza-ues-foro-academico-sobre-remediacion-ambiental\/\" \/>\n<meta property=\"og:locale\" content=\"es_ES\" \/>\n<meta property=\"og:type\" content=\"article\" \/>\n<meta property=\"og:title\" content=\"Sonora en Equipo. Realiza UES foro acad\u00e9mico sobre remediaci\u00f3n ambiental Sonora\" \/>\n<meta property=\"og:description\" content=\"HERMOSILLO, SONORA. MX. \u2014 Para reflexionar sobre el papel del profesional en Ingenier\u00eda Industrial en la remediaci\u00f3n ambiental de agua, suelos y aire y En Sonora en Equipo publicamos toda la informaci\u00f3n de Sonora, M\u00e9xico y el Mundo de manera oportuna y busca que la libertad de expresi\u00f3n sea real. Visita nuestro medio informativo publicado desde Hermosillo, Sonora. %\" \/>\n<meta property=\"og:url\" content=\"https:\/\/www.sonoraenequipo.com.mx\/realiza-ues-foro-academico-sobre-remediacion-ambiental\/\" \/>\n<meta property=\"og:site_name\" content=\"Sonora en Equipo.\" \/>\n<meta property=\"article:publisher\" content=\"https:\/\/www.facebook.com\/SonoraEE\/\" \/>\n<meta property=\"article:author\" content=\"https:\/\/www.facebook.com\/SonoraEE\" \/>\n<meta property=\"article:published_time\" content=\"2021-04-15T06:20:12+00:00\" \/>\n<meta property=\"article:modified_time\" content=\"2021-04-15T18:23:42+00:00\" \/>\n<meta property=\"og:image\" content=\"https:\/\/www.sonoraenequipo.com.mx\/storage\/2021\/04\/UES_foro-academico_opt.jpg\" \/>\n\t<meta property=\"og:image:width\" content=\"600\" \/>\n\t<meta property=\"og:image:height\" content=\"400\" \/>\n\t<meta property=\"og:image:type\" content=\"image\/jpeg\" \/>\n<meta name=\"author\" content=\"enequipo\" \/>\n<meta name=\"twitter:card\" content=\"summary_large_image\" \/>\n<meta name=\"twitter:creator\" content=\"@sonoraenequipo\" \/>\n<meta name=\"twitter:site\" content=\"@sonoraenequipo\" \/>\n<meta name=\"twitter:label1\" content=\"Escrito por\" \/>\n\t<meta name=\"twitter:data1\" content=\"enequipo\" \/>\n\t<meta name=\"twitter:label2\" content=\"Tiempo de lectura\" \/>\n\t<meta name=\"twitter:data2\" content=\"2 minutos\" \/>\n<script type=\"application\/ld+json\" class=\"yoast-schema-graph\">{\"@context\":\"https:\/\/schema.org\",\"@graph\":[{\"@type\":\"Article\",\"@id\":\"https:\/\/www.sonoraenequipo.com.mx\/realiza-ues-foro-academico-sobre-remediacion-ambiental\/#article\",\"isPartOf\":{\"@id\":\"https:\/\/www.sonoraenequipo.com.mx\/realiza-ues-foro-academico-sobre-remediacion-ambiental\/\"},\"author\":{\"name\":\"enequipo\",\"@id\":\"https:\/\/www.sonoraenequipo.com.mx\/#\/schema\/person\/50102df0fb23a8fa9e8effad8fa81386\"},\"headline\":\"Realiza UES foro acad\u00e9mico sobre remediaci\u00f3n ambiental\",\"datePublished\":\"2021-04-15T06:20:12+00:00\",\"dateModified\":\"2021-04-15T18:23:42+00:00\",\"mainEntityOfPage\":{\"@id\":\"https:\/\/www.sonoraenequipo.com.mx\/realiza-ues-foro-academico-sobre-remediacion-ambiental\/\"},\"wordCount\":485,\"commentCount\":0,\"publisher\":{\"@id\":\"https:\/\/www.sonoraenequipo.com.mx\/#organization\"},\"image\":{\"@id\":\"https:\/\/www.sonoraenequipo.com.mx\/realiza-ues-foro-academico-sobre-remediacion-ambiental\/#primaryimage\"},\"thumbnailUrl\":\"https:\/\/www.sonoraenequipo.com.mx\/storage\/2021\/04\/UES_foro-academico_opt.jpg\",\"articleSection\":[\"Sonora\"],\"inLanguage\":\"es\",\"potentialAction\":[{\"@type\":\"CommentAction\",\"name\":\"Comment\",\"target\":[\"https:\/\/www.sonoraenequipo.com.mx\/realiza-ues-foro-academico-sobre-remediacion-ambiental\/#respond\"]}]},{\"@type\":\"WebPage\",\"@id\":\"https:\/\/www.sonoraenequipo.com.mx\/realiza-ues-foro-academico-sobre-remediacion-ambiental\/\",\"url\":\"https:\/\/www.sonoraenequipo.com.mx\/realiza-ues-foro-academico-sobre-remediacion-ambiental\/\",\"name\":\"Sonora en Equipo. Realiza UES foro acad\u00e9mico sobre remediaci\u00f3n ambiental Sonora\",\"isPartOf\":{\"@id\":\"https:\/\/www.sonoraenequipo.com.mx\/#website\"},\"primaryImageOfPage\":{\"@id\":\"https:\/\/www.sonoraenequipo.com.mx\/realiza-ues-foro-academico-sobre-remediacion-ambiental\/#primaryimage\"},\"image\":{\"@id\":\"https:\/\/www.sonoraenequipo.com.mx\/realiza-ues-foro-academico-sobre-remediacion-ambiental\/#primaryimage\"},\"thumbnailUrl\":\"https:\/\/www.sonoraenequipo.com.mx\/storage\/2021\/04\/UES_foro-academico_opt.jpg\",\"datePublished\":\"2021-04-15T06:20:12+00:00\",\"dateModified\":\"2021-04-15T18:23:42+00:00\",\"description\":\"HERMOSILLO, SONORA. MX. \u2014 Para reflexionar sobre el papel del profesional en Ingenier\u00eda Industrial en la remediaci\u00f3n ambiental de agua, suelos y aire y En Sonora en Equipo publicamos toda la informaci\u00f3n de Sonora, M\u00e9xico y el Mundo de manera oportuna y busca que la libertad de expresi\u00f3n sea real. Visita nuestro medio informativo publicado desde Hermosillo, Sonora. %\",\"breadcrumb\":{\"@id\":\"https:\/\/www.sonoraenequipo.com.mx\/realiza-ues-foro-academico-sobre-remediacion-ambiental\/#breadcrumb\"},\"inLanguage\":\"es\",\"potentialAction\":[{\"@type\":\"ReadAction\",\"target\":[\"https:\/\/www.sonoraenequipo.com.mx\/realiza-ues-foro-academico-sobre-remediacion-ambiental\/\"]}]},{\"@type\":\"ImageObject\",\"inLanguage\":\"es\",\"@id\":\"https:\/\/www.sonoraenequipo.com.mx\/realiza-ues-foro-academico-sobre-remediacion-ambiental\/#primaryimage\",\"url\":\"https:\/\/www.sonoraenequipo.com.mx\/storage\/2021\/04\/UES_foro-academico_opt.jpg\",\"contentUrl\":\"https:\/\/www.sonoraenequipo.com.mx\/storage\/2021\/04\/UES_foro-academico_opt.jpg\",\"width\":600,\"height\":400},{\"@type\":\"BreadcrumbList\",\"@id\":\"https:\/\/www.sonoraenequipo.com.mx\/realiza-ues-foro-academico-sobre-remediacion-ambiental\/#breadcrumb\",\"itemListElement\":[{\"@type\":\"ListItem\",\"position\":1,\"name\":\"Portada\",\"item\":\"https:\/\/www.sonoraenequipo.com.mx\/\"},{\"@type\":\"ListItem\",\"position\":2,\"name\":\"Realiza UES foro acad\u00e9mico sobre remediaci\u00f3n ambiental\"}]},{\"@type\":\"WebSite\",\"@id\":\"https:\/\/www.sonoraenequipo.com.mx\/#website\",\"url\":\"https:\/\/www.sonoraenequipo.com.mx\/\",\"name\":\"Sonora en Equipo.\",\"description\":\"Diario en l\u00ednea con Noticias desde Hermosillo, Sonora\",\"publisher\":{\"@id\":\"https:\/\/www.sonoraenequipo.com.mx\/#organization\"},\"potentialAction\":[{\"@type\":\"SearchAction\",\"target\":{\"@type\":\"EntryPoint\",\"urlTemplate\":\"https:\/\/www.sonoraenequipo.com.mx\/?s={search_term_string}\"},\"query-input\":{\"@type\":\"PropertyValueSpecification\",\"valueRequired\":true,\"valueName\":\"search_term_string\"}}],\"inLanguage\":\"es\"},{\"@type\":\"Organization\",\"@id\":\"https:\/\/www.sonoraenequipo.com.mx\/#organization\",\"name\":\"Sonoraenequipo.com.mx\",\"url\":\"https:\/\/www.sonoraenequipo.com.mx\/\",\"logo\":{\"@type\":\"ImageObject\",\"inLanguage\":\"es\",\"@id\":\"https:\/\/www.sonoraenequipo.com.mx\/#\/schema\/logo\/image\/\",\"url\":\"https:\/\/www.sonoraenequipo.com.mx\/storage\/2019\/01\/sonoraenequipo_opt.png\",\"contentUrl\":\"https:\/\/www.sonoraenequipo.com.mx\/storage\/2019\/01\/sonoraenequipo_opt.png\",\"width\":375,\"height\":125,\"caption\":\"Sonoraenequipo.com.mx\"},\"image\":{\"@id\":\"https:\/\/www.sonoraenequipo.com.mx\/#\/schema\/logo\/image\/\"},\"sameAs\":[\"https:\/\/www.facebook.com\/SonoraEE\/\",\"https:\/\/x.com\/sonoraenequipo\",\"https:\/\/www.youtube.com\/channel\/UC338nW-lPEYmJQs4ZABQ1SQ\"]},{\"@type\":\"Person\",\"@id\":\"https:\/\/www.sonoraenequipo.com.mx\/#\/schema\/person\/50102df0fb23a8fa9e8effad8fa81386\",\"name\":\"enequipo\",\"image\":{\"@type\":\"ImageObject\",\"inLanguage\":\"es\",\"@id\":\"https:\/\/www.sonoraenequipo.com.mx\/#\/schema\/person\/image\/\",\"url\":\"https:\/\/secure.gravatar.com\/avatar\/049821681b589dabc0bc20695993ccebb09f5b5d4d790cd9251b97faac7c652b?s=96&d=blank&r=g\",\"contentUrl\":\"https:\/\/secure.gravatar.com\/avatar\/049821681b589dabc0bc20695993ccebb09f5b5d4d790cd9251b97faac7c652b?s=96&d=blank&r=g\",\"caption\":\"enequipo\"},\"sameAs\":[\"https:\/\/www.facebook.com\/SonoraEE\"]}]}<\/script>\n ","yoast_head_json":{"title":"Sonora en Equipo. Realiza UES foro acad\u00e9mico sobre remediaci\u00f3n ambiental Sonora","description":"HERMOSILLO, SONORA. MX. \u2014 Para reflexionar sobre el papel del profesional en Ingenier\u00eda Industrial en la remediaci\u00f3n ambiental de agua, suelos y aire y En Sonora en Equipo publicamos toda la informaci\u00f3n de Sonora, M\u00e9xico y el Mundo de manera oportuna y busca que la libertad de expresi\u00f3n sea real. Visita nuestro medio informativo publicado desde Hermosillo, Sonora. %","robots":{"index":"index","follow":"follow","max-snippet":"max-snippet:-1","max-image-preview":"max-image-preview:large","max-video-preview":"max-video-preview:-1"},"canonical":"https:\/\/www.sonoraenequipo.com.mx\/realiza-ues-foro-academico-sobre-remediacion-ambiental\/","og_locale":"es_ES","og_type":"article","og_title":"Sonora en Equipo. Realiza UES foro acad\u00e9mico sobre remediaci\u00f3n ambiental Sonora","og_description":"HERMOSILLO, SONORA. MX. \u2014 Para reflexionar sobre el papel del profesional en Ingenier\u00eda Industrial en la remediaci\u00f3n ambiental de agua, suelos y aire y En Sonora en Equipo publicamos toda la informaci\u00f3n de Sonora, M\u00e9xico y el Mundo de manera oportuna y busca que la libertad de expresi\u00f3n sea real. Visita nuestro medio informativo publicado desde Hermosillo, Sonora. %","og_url":"https:\/\/www.sonoraenequipo.com.mx\/realiza-ues-foro-academico-sobre-remediacion-ambiental\/","og_site_name":"Sonora en Equipo.","article_publisher":"https:\/\/www.facebook.com\/SonoraEE\/","article_author":"https:\/\/www.facebook.com\/SonoraEE","article_published_time":"2021-04-15T06:20:12+00:00","article_modified_time":"2021-04-15T18:23:42+00:00","og_image":[{"width":600,"height":400,"url":"https:\/\/www.sonoraenequipo.com.mx\/storage\/2021\/04\/UES_foro-academico_opt.jpg","type":"image\/jpeg"}],"author":"enequipo","twitter_card":"summary_large_image","twitter_creator":"@sonoraenequipo","twitter_site":"@sonoraenequipo","twitter_misc":{"Escrito por":"enequipo","Tiempo de lectura":"2 minutos"},"schema":{"@context":"https:\/\/schema.org","@graph":[{"@type":"Article","@id":"https:\/\/www.sonoraenequipo.com.mx\/realiza-ues-foro-academico-sobre-remediacion-ambiental\/#article","isPartOf":{"@id":"https:\/\/www.sonoraenequipo.com.mx\/realiza-ues-foro-academico-sobre-remediacion-ambiental\/"},"author":{"name":"enequipo","@id":"https:\/\/www.sonoraenequipo.com.mx\/#\/schema\/person\/50102df0fb23a8fa9e8effad8fa81386"},"headline":"Realiza UES foro acad\u00e9mico sobre remediaci\u00f3n ambiental","datePublished":"2021-04-15T06:20:12+00:00","dateModified":"2021-04-15T18:23:42+00:00","mainEntityOfPage":{"@id":"https:\/\/www.sonoraenequipo.com.mx\/realiza-ues-foro-academico-sobre-remediacion-ambiental\/"},"wordCount":485,"commentCount":0,"publisher":{"@id":"https:\/\/www.sonoraenequipo.com.mx\/#organization"},"image":{"@id":"https:\/\/www.sonoraenequipo.com.mx\/realiza-ues-foro-academico-sobre-remediacion-ambiental\/#primaryimage"},"thumbnailUrl":"https:\/\/www.sonoraenequipo.com.mx\/storage\/2021\/04\/UES_foro-academico_opt.jpg","articleSection":["Sonora"],"inLanguage":"es","potentialAction":[{"@type":"CommentAction","name":"Comment","target":["https:\/\/www.sonoraenequipo.com.mx\/realiza-ues-foro-academico-sobre-remediacion-ambiental\/#respond"]}]},{"@type":"WebPage","@id":"https:\/\/www.sonoraenequipo.com.mx\/realiza-ues-foro-academico-sobre-remediacion-ambiental\/","url":"https:\/\/www.sonoraenequipo.com.mx\/realiza-ues-foro-academico-sobre-remediacion-ambiental\/","name":"Sonora en Equipo. Realiza UES foro acad\u00e9mico sobre remediaci\u00f3n ambiental Sonora","isPartOf":{"@id":"https:\/\/www.sonoraenequipo.com.mx\/#website"},"primaryImageOfPage":{"@id":"https:\/\/www.sonoraenequipo.com.mx\/realiza-ues-foro-academico-sobre-remediacion-ambiental\/#primaryimage"},"image":{"@id":"https:\/\/www.sonoraenequipo.com.mx\/realiza-ues-foro-academico-sobre-remediacion-ambiental\/#primaryimage"},"thumbnailUrl":"https:\/\/www.sonoraenequipo.com.mx\/storage\/2021\/04\/UES_foro-academico_opt.jpg","datePublished":"2021-04-15T06:20:12+00:00","dateModified":"2021-04-15T18:23:42+00:00","description":"HERMOSILLO, SONORA. MX. \u2014 Para reflexionar sobre el papel del profesional en Ingenier\u00eda Industrial en la remediaci\u00f3n ambiental de agua, suelos y aire y En Sonora en Equipo publicamos toda la informaci\u00f3n de Sonora, M\u00e9xico y el Mundo de manera oportuna y busca que la libertad de expresi\u00f3n sea real. Visita nuestro medio informativo publicado desde Hermosillo, Sonora. %","breadcrumb":{"@id":"https:\/\/www.sonoraenequipo.com.mx\/realiza-ues-foro-academico-sobre-remediacion-ambiental\/#breadcrumb"},"inLanguage":"es","potentialAction":[{"@type":"ReadAction","target":["https:\/\/www.sonoraenequipo.com.mx\/realiza-ues-foro-academico-sobre-remediacion-ambiental\/"]}]},{"@type":"ImageObject","inLanguage":"es","@id":"https:\/\/www.sonoraenequipo.com.mx\/realiza-ues-foro-academico-sobre-remediacion-ambiental\/#primaryimage","url":"https:\/\/www.sonoraenequipo.com.mx\/storage\/2021\/04\/UES_foro-academico_opt.jpg","contentUrl":"https:\/\/www.sonoraenequipo.com.mx\/storage\/2021\/04\/UES_foro-academico_opt.jpg","width":600,"height":400},{"@type":"BreadcrumbList","@id":"https:\/\/www.sonoraenequipo.com.mx\/realiza-ues-foro-academico-sobre-remediacion-ambiental\/#breadcrumb","itemListElement":[{"@type":"ListItem","position":1,"name":"Portada","item":"https:\/\/www.sonoraenequipo.com.mx\/"},{"@type":"ListItem","position":2,"name":"Realiza UES foro acad\u00e9mico sobre remediaci\u00f3n ambiental"}]},{"@type":"WebSite","@id":"https:\/\/www.sonoraenequipo.com.mx\/#website","url":"https:\/\/www.sonoraenequipo.com.mx\/","name":"Sonora en Equipo.","description":"Diario en l\u00ednea con Noticias desde Hermosillo, Sonora","publisher":{"@id":"https:\/\/www.sonoraenequipo.com.mx\/#organization"},"potentialAction":[{"@type":"SearchAction","target":{"@type":"EntryPoint","urlTemplate":"https:\/\/www.sonoraenequipo.com.mx\/?s={search_term_string}"},"query-input":{"@type":"PropertyValueSpecification","valueRequired":true,"valueName":"search_term_string"}}],"inLanguage":"es"},{"@type":"Organization","@id":"https:\/\/www.sonoraenequipo.com.mx\/#organization","name":"Sonoraenequipo.com.mx","url":"https:\/\/www.sonoraenequipo.com.mx\/","logo":{"@type":"ImageObject","inLanguage":"es","@id":"https:\/\/www.sonoraenequipo.com.mx\/#\/schema\/logo\/image\/","url":"https:\/\/www.sonoraenequipo.com.mx\/storage\/2019\/01\/sonoraenequipo_opt.png","contentUrl":"https:\/\/www.sonoraenequipo.com.mx\/storage\/2019\/01\/sonoraenequipo_opt.png","width":375,"height":125,"caption":"Sonoraenequipo.com.mx"},"image":{"@id":"https:\/\/www.sonoraenequipo.com.mx\/#\/schema\/logo\/image\/"},"sameAs":["https:\/\/www.facebook.com\/SonoraEE\/","https:\/\/x.com\/sonoraenequipo","https:\/\/www.youtube.com\/channel\/UC338nW-lPEYmJQs4ZABQ1SQ"]},{"@type":"Person","@id":"https:\/\/www.sonoraenequipo.com.mx\/#\/schema\/person\/50102df0fb23a8fa9e8effad8fa81386","name":"enequipo","image":{"@type":"ImageObject","inLanguage":"es","@id":"https:\/\/www.sonoraenequipo.com.mx\/#\/schema\/person\/image\/","url":"https:\/\/secure.gravatar.com\/avatar\/049821681b589dabc0bc20695993ccebb09f5b5d4d790cd9251b97faac7c652b?s=96&d=blank&r=g","contentUrl":"https:\/\/secure.gravatar.com\/avatar\/049821681b589dabc0bc20695993ccebb09f5b5d4d790cd9251b97faac7c652b?s=96&d=blank&r=g","caption":"enequipo"},"sameAs":["https:\/\/www.facebook.com\/SonoraEE"]}]}},"jetpack_featured_media_url":"https:\/\/www.sonoraenequipo.com.mx\/storage\/2021\/04\/UES_foro-academico_opt.jpg","_links":{"self":[{"href":"https:\/\/www.sonoraenequipo.com.mx\/api\/wp\/v2\/posts\/111629","targetHints":{"allow":["GET"]}}],"collection":[{"href":"https:\/\/www.sonoraenequipo.com.mx\/api\/wp\/v2\/posts"}],"about":[{"href":"https:\/\/www.sonoraenequipo.com.mx\/api\/wp\/v2\/types\/post"}],"author":[{"embeddable":true,"href":"https:\/\/www.sonoraenequipo.com.mx\/api\/wp\/v2\/users\/1"}],"replies":[{"embeddable":true,"href":"https:\/\/www.sonoraenequipo.com.mx\/api\/wp\/v2\/comments?post=111629"}],"version-history":[{"count":1,"href":"https:\/\/www.sonoraenequipo.com.mx\/api\/wp\/v2\/posts\/111629\/revisions"}],"predecessor-version":[{"id":111634,"href":"https:\/\/www.sonoraenequipo.com.mx\/api\/wp\/v2\/posts\/111629\/revisions\/111634"}],"wp:featuredmedia":[{"embeddable":true,"href":"https:\/\/www.sonoraenequipo.com.mx\/api\/wp\/v2\/media\/111633"}],"wp:attachment":[{"href":"https:\/\/www.sonoraenequipo.com.mx\/api\/wp\/v2\/media?parent=111629"}],"wp:term":[{"taxonomy":"category","embeddable":true,"href":"https:\/\/www.sonoraenequipo.com.mx\/api\/wp\/v2\/categories?post=111629"},{"taxonomy":"post_tag","embeddable":true,"href":"https:\/\/www.sonoraenequipo.com.mx\/api\/wp\/v2\/tags?post=111629"}],"curies":[{"name":"wp","href":"https:\/\/api.w.org\/{rel}","templated":true}]}}