{"id":111635,"date":"2021-04-14T09:55:23","date_gmt":"2021-04-14T16:55:23","guid":{"rendered":"https:\/\/www.sonoraenequipo.com.mx\/?p=111635"},"modified":"2021-04-15T11:39:49","modified_gmt":"2021-04-15T18:39:49","slug":"gobierno-mexicano-reforzara-vigilancia-en-la-frontera-sur","status":"publish","type":"post","link":"https:\/\/www.sonoraenequipo.com.mx\/gobierno-mexicano-reforzara-vigilancia-en-la-frontera-sur\/","title":{"rendered":"Gobierno mexicano reforzar\u00e1 vigilancia en la frontera sur"},"content":{"rendered":"<p>CIUDAD DE M\u00c9XICO. MX. \u2014 Con el objetivo de procurar la seguridad e integridad de las y los ni\u00f1os migrantes, el presidente Andr\u00e9s Manuel L\u00f3pez Obrador anunci\u00f3 que se reforzar\u00e1 la vigilancia y protecci\u00f3n en la frontera sur del pa\u00eds.<\/p>\n<p>&nbsp;<\/p>\n<p> <\/p>\n<p>En conferencia de prensa matutina afirm\u00f3 que la decisi\u00f3n del gobierno mexicano para impedir el flujo desordenado de personas busca prevenir situaciones que pongan en riesgo la vida de los menores y es congruente con la convicci\u00f3n de defensa de los derechos humanos.<\/p>\n<p>&nbsp;<\/p>\n<p><em>\u201cEs muy doloroso la utilizaci\u00f3n de los ni\u00f1os y las ni\u00f1as porque si un adulto va acompa\u00f1ado de uno, tiene m\u00e1s posibilidades de obtener la residencia en Estados Unidos, entonces hay una utilizaci\u00f3n grave. (\u2026) No se puede, ni en esos casos, utilizarlos. Si detr\u00e1s de esto hay traficantes que cobran por pasar indocumentados, no podemos permitirlo\u201d,<\/em> enfatiz\u00f3.<\/p>\n<p>&nbsp;<\/p>\n<p>Inform\u00f3 que la pr\u00f3xima semana se reunir\u00e1 con gobernadores de Chiapas, Tabasco, Campeche y Quintana Roo y autoridades municipales de la zona fronteriza a fin de fortalecer las acciones dedicadas al cuidado de menores en tr\u00e1nsito.<\/p>\n<p>&nbsp;<\/p>\n<p>El jefe del Ejecutivo indic\u00f3 que la titular del Sistema Nacional para el Desarrollo Integral de la Familia (DIF), Mar\u00eda del Roc\u00edo Garc\u00eda P\u00e9rez, se encuentra en Tapachula, Chiapas, atendiendo la crisis migratoria.<\/p>\n<p>&nbsp;<\/p>\n<p>De acuerdo con informaci\u00f3n del Gabinete de Seguridad, el pasado martes elementos de la Guardia Nacional efectuaron el rescate de 131 migrantes hondure\u00f1os y 18 guatemaltecos en Tuxtla Guti\u00e9rrez, Chiapas; 28 de ellos eran menores de edad.<\/p>\n<p>&nbsp;<\/p>\n<p>El conductor, su acompa\u00f1ante y el veh\u00edculo en el que trataban de trasladarlos ilegalmente fueron puestos a disposici\u00f3n de la autoridad y se abri\u00f3 la carpeta de investigaci\u00f3n 009\/2021.<\/p>\n<p>&nbsp;<\/p>\n<p>El presidente L\u00f3pez Obrador reafirm\u00f3 que la atenci\u00f3n al fen\u00f3meno migratorio debe darse a trav\u00e9s de oportunidades de desarrollo y no con medidas coercitivas.<\/p>\n<p>&nbsp;<\/p>\n<p>Por parte de M\u00e9xico, dijo, anualmente se invierten mil 200 millones de d\u00f3lares en la implementaci\u00f3n de Sembrando Vida, programa de reforestaci\u00f3n y empleo, en Centroam\u00e9rica y en el sureste de M\u00e9xico con el prop\u00f3sito frenar la migraci\u00f3n obligatoria. Actualmente hay m\u00e1s de 400 mil trabajadores del campo inscritos.<\/p>\n<p>&nbsp;<\/p>\n<p>Dijo que espera que pronto se cumpla el compromiso del presidente de Estados Unidos, Joseph Biden, sobre la regularizaci\u00f3n de 11 millones de migrantes que viven y trabajan en ese pa\u00eds desde hace tiempo.<\/p>\n<p>&nbsp;<\/p>\n<p><em>\u201cHay que invertir en Centroam\u00e9rica y tambi\u00e9n no descartar el que se entreguen visas de trabajo porque se necesita la fuerza de trabajo para el crecimiento en Estados Unidos, para el crecimiento en Canad\u00e1. Que se haga un an\u00e1lisis a detalle de cu\u00e1nta fuerza de trabajo se requiere para crecer y llegar a acuerdos con los gobiernos para que se entreguen visas de trabajo\u201d,<\/em> agreg\u00f3.<\/p>\n<p>&nbsp;<\/p>\n<h3>Presidente celebra fusi\u00f3n entre Univisi\u00f3n y Televisa<\/h3>\n<p>&nbsp;<\/p>\n<p>Durante el di\u00e1logo con representantes de los medios de comunicaci\u00f3n, el mandatario destac\u00f3 que ayer se concret\u00f3 la fusi\u00f3n de Televisa con Univisi\u00f3n, lo que result\u00f3 en la constituci\u00f3n de la compa\u00f1\u00eda de medios en espa\u00f1ol m\u00e1s grande del mundo.<\/p>\n<p>&nbsp;<\/p>\n<p>De conformidad con las leyes fiscales, puntualiz\u00f3, por esta operaci\u00f3n se pagar\u00e1n varios miles de millones de pesos de impuestos a la Hacienda p\u00fablica.<\/p>\n<p>&nbsp;<\/p>\n<p>Sobre esta fusi\u00f3n le informaron Bernardo G\u00f3mez y Alfonso de Angoitia de Televisa, y los socios principales de Univisi\u00f3n, Eric Zinterhofer y Wade Davis, a quienes manifest\u00f3 su satisfacci\u00f3n por haber logrado esta uni\u00f3n importante para la comunidad hispana.<\/p>\n<p>&nbsp;<\/p>\n<p>\u201cSolo les ped\u00ed que empe\u00f1aran su palabra de que en este nuevo medio de comunicaci\u00f3n nunca se maltratar\u00e1 a los migrantes \u2014porque todos somos migrantes e incluso la grandeza de Estados Unidos se debe a los migrantes\u2014, que no se permitir\u00e1 la xenofobia ni la discriminaci\u00f3n y, en particular, que se respetar\u00e1n la dignidad de nuestros paisanos mexicanos. Nunca m\u00e1s una campa\u00f1a antimexicanos\u201d, expres\u00f3.<\/p>\n<p>&nbsp;<\/p>\n<p>En t\u00e9rminos econ\u00f3micos el tama\u00f1o de la operaci\u00f3n es de, aproximadamente, 100 mil millones de pesos, acot\u00f3 el presidente.<\/p>\n<p>&nbsp;<\/p>\n<p>En la sociedad prevalece el capital mexicano; Televisa mantendr\u00e1 el 46 por ciento de las acciones. Los otros due\u00f1os ser\u00e1n Google, Soft Bank, Searchlight Capital y el Fondo de Wade Davis.<\/p>\n<p>&nbsp;<\/p>\n<p><iframe loading=\"lazy\" title=\"Protegeremos a menores migrantes reforzando vigilancia en frontera sur. Conferencia presidente AMLO\" width=\"640\" height=\"360\" src=\"https:\/\/www.youtube.com\/embed\/hj3RkYIlKds?feature=oembed\" frameborder=\"0\" allow=\"accelerometer; autoplay; clipboard-write; encrypted-media; gyroscope; picture-in-picture; web-share\" referrerpolicy=\"strict-origin-when-cross-origin\" allowfullscreen><\/iframe><\/p>\n<p>&nbsp;<\/p>\n<p>&nbsp;<\/p>\n<p>&nbsp;<\/p>\n<p>(Publicada el 14\/04\/2021 \/Con informaci\u00f3n de Presidencia)<\/p>\n","protected":false},"excerpt":{"rendered":"<p>CIUDAD DE M\u00c9XICO. MX. \u2014 Con el objetivo de procurar la seguridad e integridad de&#8230;<\/p>\n","protected":false},"author":1,"featured_media":111636,"comment_status":"open","ping_status":"open","sticky":false,"template":"","format":"standard","meta":{"_monsterinsights_skip_tracking":false,"_monsterinsights_sitenote_active":false,"_monsterinsights_sitenote_note":"","_monsterinsights_sitenote_category":0,"footnotes":""},"categories":[5],"tags":[],"class_list":["post"],"yoast_head":" \n<title>Sonora en Equipo. Gobierno mexicano reforzar\u00e1 vigilancia en la frontera sur Rep\u00fablica<\/title>\n<meta name=\"description\" content=\"CIUDAD DE M\u00c9XICO. MX. \u2014 Con el objetivo de procurar la seguridad e integridad de las y los ni\u00f1os migrantes, el presidente Andr\u00e9s Manuel L\u00f3pez Obrador En Sonora en Equipo publicamos toda la informaci\u00f3n de Sonora, M\u00e9xico y el Mundo de manera oportuna y busca que la libertad de expresi\u00f3n sea real. Visita nuestro medio informativo publicado desde Hermosillo, Sonora. %\" \/>\n<meta name=\"robots\" content=\"index, follow, max-snippet:-1, max-image-preview:large, max-video-preview:-1\" \/>\n<link rel=\"canonical\" href=\"https:\/\/www.sonoraenequipo.com.mx\/gobierno-mexicano-reforzara-vigilancia-en-la-frontera-sur\/\" \/>\n<meta property=\"og:locale\" content=\"es_ES\" \/>\n<meta property=\"og:type\" content=\"article\" \/>\n<meta property=\"og:title\" content=\"Sonora en Equipo. Gobierno mexicano reforzar\u00e1 vigilancia en la frontera sur Rep\u00fablica\" \/>\n<meta property=\"og:description\" content=\"CIUDAD DE M\u00c9XICO. MX. \u2014 Con el objetivo de procurar la seguridad e integridad de las y los ni\u00f1os migrantes, el presidente Andr\u00e9s Manuel L\u00f3pez Obrador En Sonora en Equipo publicamos toda la informaci\u00f3n de Sonora, M\u00e9xico y el Mundo de manera oportuna y busca que la libertad de expresi\u00f3n sea real. Visita nuestro medio informativo publicado desde Hermosillo, Sonora. %\" \/>\n<meta property=\"og:url\" content=\"https:\/\/www.sonoraenequipo.com.mx\/gobierno-mexicano-reforzara-vigilancia-en-la-frontera-sur\/\" \/>\n<meta property=\"og:site_name\" content=\"Sonora en Equipo.\" \/>\n<meta property=\"article:publisher\" content=\"https:\/\/www.facebook.com\/SonoraEE\/\" \/>\n<meta property=\"article:author\" content=\"https:\/\/www.facebook.com\/SonoraEE\" \/>\n<meta property=\"article:published_time\" content=\"2021-04-14T16:55:23+00:00\" \/>\n<meta property=\"article:modified_time\" content=\"2021-04-15T18:39:49+00:00\" \/>\n<meta property=\"og:image\" content=\"https:\/\/www.sonoraenequipo.com.mx\/storage\/2021\/04\/fronterasur_opt.jpg\" \/>\n\t<meta property=\"og:image:width\" content=\"667\" \/>\n\t<meta property=\"og:image:height\" content=\"500\" \/>\n\t<meta property=\"og:image:type\" content=\"image\/jpeg\" \/>\n<meta name=\"author\" content=\"enequipo\" \/>\n<meta name=\"twitter:card\" content=\"summary_large_image\" \/>\n<meta name=\"twitter:creator\" content=\"@sonoraenequipo\" \/>\n<meta name=\"twitter:site\" content=\"@sonoraenequipo\" \/>\n<meta name=\"twitter:label1\" content=\"Escrito por\" \/>\n\t<meta name=\"twitter:data1\" content=\"enequipo\" \/>\n\t<meta name=\"twitter:label2\" content=\"Tiempo de lectura\" \/>\n\t<meta name=\"twitter:data2\" content=\"3 minutos\" \/>\n<script type=\"application\/ld+json\" class=\"yoast-schema-graph\">{\"@context\":\"https:\/\/schema.org\",\"@graph\":[{\"@type\":\"Article\",\"@id\":\"https:\/\/www.sonoraenequipo.com.mx\/gobierno-mexicano-reforzara-vigilancia-en-la-frontera-sur\/#article\",\"isPartOf\":{\"@id\":\"https:\/\/www.sonoraenequipo.com.mx\/gobierno-mexicano-reforzara-vigilancia-en-la-frontera-sur\/\"},\"author\":{\"name\":\"enequipo\",\"@id\":\"https:\/\/www.sonoraenequipo.com.mx\/#\/schema\/person\/50102df0fb23a8fa9e8effad8fa81386\"},\"headline\":\"Gobierno mexicano reforzar\u00e1 vigilancia en la frontera sur\",\"datePublished\":\"2021-04-14T16:55:23+00:00\",\"dateModified\":\"2021-04-15T18:39:49+00:00\",\"mainEntityOfPage\":{\"@id\":\"https:\/\/www.sonoraenequipo.com.mx\/gobierno-mexicano-reforzara-vigilancia-en-la-frontera-sur\/\"},\"wordCount\":782,\"commentCount\":0,\"publisher\":{\"@id\":\"https:\/\/www.sonoraenequipo.com.mx\/#organization\"},\"image\":{\"@id\":\"https:\/\/www.sonoraenequipo.com.mx\/gobierno-mexicano-reforzara-vigilancia-en-la-frontera-sur\/#primaryimage\"},\"thumbnailUrl\":\"https:\/\/www.sonoraenequipo.com.mx\/storage\/2021\/04\/fronterasur_opt.jpg\",\"articleSection\":[\"Rep\u00fablica\"],\"inLanguage\":\"es\",\"potentialAction\":[{\"@type\":\"CommentAction\",\"name\":\"Comment\",\"target\":[\"https:\/\/www.sonoraenequipo.com.mx\/gobierno-mexicano-reforzara-vigilancia-en-la-frontera-sur\/#respond\"]}]},{\"@type\":\"WebPage\",\"@id\":\"https:\/\/www.sonoraenequipo.com.mx\/gobierno-mexicano-reforzara-vigilancia-en-la-frontera-sur\/\",\"url\":\"https:\/\/www.sonoraenequipo.com.mx\/gobierno-mexicano-reforzara-vigilancia-en-la-frontera-sur\/\",\"name\":\"Sonora en Equipo. Gobierno mexicano reforzar\u00e1 vigilancia en la frontera sur Rep\u00fablica\",\"isPartOf\":{\"@id\":\"https:\/\/www.sonoraenequipo.com.mx\/#website\"},\"primaryImageOfPage\":{\"@id\":\"https:\/\/www.sonoraenequipo.com.mx\/gobierno-mexicano-reforzara-vigilancia-en-la-frontera-sur\/#primaryimage\"},\"image\":{\"@id\":\"https:\/\/www.sonoraenequipo.com.mx\/gobierno-mexicano-reforzara-vigilancia-en-la-frontera-sur\/#primaryimage\"},\"thumbnailUrl\":\"https:\/\/www.sonoraenequipo.com.mx\/storage\/2021\/04\/fronterasur_opt.jpg\",\"datePublished\":\"2021-04-14T16:55:23+00:00\",\"dateModified\":\"2021-04-15T18:39:49+00:00\",\"description\":\"CIUDAD DE M\u00c9XICO. MX. \u2014 Con el objetivo de procurar la seguridad e integridad de las y los ni\u00f1os migrantes, el presidente Andr\u00e9s Manuel L\u00f3pez Obrador En Sonora en Equipo publicamos toda la informaci\u00f3n de Sonora, M\u00e9xico y el Mundo de manera oportuna y busca que la libertad de expresi\u00f3n sea real. Visita nuestro medio informativo publicado desde Hermosillo, Sonora. %\",\"breadcrumb\":{\"@id\":\"https:\/\/www.sonoraenequipo.com.mx\/gobierno-mexicano-reforzara-vigilancia-en-la-frontera-sur\/#breadcrumb\"},\"inLanguage\":\"es\",\"potentialAction\":[{\"@type\":\"ReadAction\",\"target\":[\"https:\/\/www.sonoraenequipo.com.mx\/gobierno-mexicano-reforzara-vigilancia-en-la-frontera-sur\/\"]}]},{\"@type\":\"ImageObject\",\"inLanguage\":\"es\",\"@id\":\"https:\/\/www.sonoraenequipo.com.mx\/gobierno-mexicano-reforzara-vigilancia-en-la-frontera-sur\/#primaryimage\",\"url\":\"https:\/\/www.sonoraenequipo.com.mx\/storage\/2021\/04\/fronterasur_opt.jpg\",\"contentUrl\":\"https:\/\/www.sonoraenequipo.com.mx\/storage\/2021\/04\/fronterasur_opt.jpg\",\"width\":667,\"height\":500},{\"@type\":\"BreadcrumbList\",\"@id\":\"https:\/\/www.sonoraenequipo.com.mx\/gobierno-mexicano-reforzara-vigilancia-en-la-frontera-sur\/#breadcrumb\",\"itemListElement\":[{\"@type\":\"ListItem\",\"position\":1,\"name\":\"Portada\",\"item\":\"https:\/\/www.sonoraenequipo.com.mx\/\"},{\"@type\":\"ListItem\",\"position\":2,\"name\":\"Gobierno mexicano reforzar\u00e1 vigilancia en la frontera sur\"}]},{\"@type\":\"WebSite\",\"@id\":\"https:\/\/www.sonoraenequipo.com.mx\/#website\",\"url\":\"https:\/\/www.sonoraenequipo.com.mx\/\",\"name\":\"Sonora en Equipo.\",\"description\":\"Diario en l\u00ednea con Noticias desde Hermosillo, Sonora\",\"publisher\":{\"@id\":\"https:\/\/www.sonoraenequipo.com.mx\/#organization\"},\"potentialAction\":[{\"@type\":\"SearchAction\",\"target\":{\"@type\":\"EntryPoint\",\"urlTemplate\":\"https:\/\/www.sonoraenequipo.com.mx\/?s={search_term_string}\"},\"query-input\":{\"@type\":\"PropertyValueSpecification\",\"valueRequired\":true,\"valueName\":\"search_term_string\"}}],\"inLanguage\":\"es\"},{\"@type\":\"Organization\",\"@id\":\"https:\/\/www.sonoraenequipo.com.mx\/#organization\",\"name\":\"Sonoraenequipo.com.mx\",\"url\":\"https:\/\/www.sonoraenequipo.com.mx\/\",\"logo\":{\"@type\":\"ImageObject\",\"inLanguage\":\"es\",\"@id\":\"https:\/\/www.sonoraenequipo.com.mx\/#\/schema\/logo\/image\/\",\"url\":\"https:\/\/www.sonoraenequipo.com.mx\/storage\/2019\/01\/sonoraenequipo_opt.png\",\"contentUrl\":\"https:\/\/www.sonoraenequipo.com.mx\/storage\/2019\/01\/sonoraenequipo_opt.png\",\"width\":375,\"height\":125,\"caption\":\"Sonoraenequipo.com.mx\"},\"image\":{\"@id\":\"https:\/\/www.sonoraenequipo.com.mx\/#\/schema\/logo\/image\/\"},\"sameAs\":[\"https:\/\/www.facebook.com\/SonoraEE\/\",\"https:\/\/x.com\/sonoraenequipo\",\"https:\/\/www.youtube.com\/channel\/UC338nW-lPEYmJQs4ZABQ1SQ\"]},{\"@type\":\"Person\",\"@id\":\"https:\/\/www.sonoraenequipo.com.mx\/#\/schema\/person\/50102df0fb23a8fa9e8effad8fa81386\",\"name\":\"enequipo\",\"image\":{\"@type\":\"ImageObject\",\"inLanguage\":\"es\",\"@id\":\"https:\/\/www.sonoraenequipo.com.mx\/#\/schema\/person\/image\/\",\"url\":\"https:\/\/secure.gravatar.com\/avatar\/049821681b589dabc0bc20695993ccebb09f5b5d4d790cd9251b97faac7c652b?s=96&d=blank&r=g\",\"contentUrl\":\"https:\/\/secure.gravatar.com\/avatar\/049821681b589dabc0bc20695993ccebb09f5b5d4d790cd9251b97faac7c652b?s=96&d=blank&r=g\",\"caption\":\"enequipo\"},\"sameAs\":[\"https:\/\/www.facebook.com\/SonoraEE\"]}]}<\/script>\n ","yoast_head_json":{"title":"Sonora en Equipo. Gobierno mexicano reforzar\u00e1 vigilancia en la frontera sur Rep\u00fablica","description":"CIUDAD DE M\u00c9XICO. MX. \u2014 Con el objetivo de procurar la seguridad e integridad de las y los ni\u00f1os migrantes, el presidente Andr\u00e9s Manuel L\u00f3pez Obrador En Sonora en Equipo publicamos toda la informaci\u00f3n de Sonora, M\u00e9xico y el Mundo de manera oportuna y busca que la libertad de expresi\u00f3n sea real. Visita nuestro medio informativo publicado desde Hermosillo, Sonora. %","robots":{"index":"index","follow":"follow","max-snippet":"max-snippet:-1","max-image-preview":"max-image-preview:large","max-video-preview":"max-video-preview:-1"},"canonical":"https:\/\/www.sonoraenequipo.com.mx\/gobierno-mexicano-reforzara-vigilancia-en-la-frontera-sur\/","og_locale":"es_ES","og_type":"article","og_title":"Sonora en Equipo. Gobierno mexicano reforzar\u00e1 vigilancia en la frontera sur Rep\u00fablica","og_description":"CIUDAD DE M\u00c9XICO. MX. \u2014 Con el objetivo de procurar la seguridad e integridad de las y los ni\u00f1os migrantes, el presidente Andr\u00e9s Manuel L\u00f3pez Obrador En Sonora en Equipo publicamos toda la informaci\u00f3n de Sonora, M\u00e9xico y el Mundo de manera oportuna y busca que la libertad de expresi\u00f3n sea real. Visita nuestro medio informativo publicado desde Hermosillo, Sonora. %","og_url":"https:\/\/www.sonoraenequipo.com.mx\/gobierno-mexicano-reforzara-vigilancia-en-la-frontera-sur\/","og_site_name":"Sonora en Equipo.","article_publisher":"https:\/\/www.facebook.com\/SonoraEE\/","article_author":"https:\/\/www.facebook.com\/SonoraEE","article_published_time":"2021-04-14T16:55:23+00:00","article_modified_time":"2021-04-15T18:39:49+00:00","og_image":[{"width":667,"height":500,"url":"https:\/\/www.sonoraenequipo.com.mx\/storage\/2021\/04\/fronterasur_opt.jpg","type":"image\/jpeg"}],"author":"enequipo","twitter_card":"summary_large_image","twitter_creator":"@sonoraenequipo","twitter_site":"@sonoraenequipo","twitter_misc":{"Escrito por":"enequipo","Tiempo de lectura":"3 minutos"},"schema":{"@context":"https:\/\/schema.org","@graph":[{"@type":"Article","@id":"https:\/\/www.sonoraenequipo.com.mx\/gobierno-mexicano-reforzara-vigilancia-en-la-frontera-sur\/#article","isPartOf":{"@id":"https:\/\/www.sonoraenequipo.com.mx\/gobierno-mexicano-reforzara-vigilancia-en-la-frontera-sur\/"},"author":{"name":"enequipo","@id":"https:\/\/www.sonoraenequipo.com.mx\/#\/schema\/person\/50102df0fb23a8fa9e8effad8fa81386"},"headline":"Gobierno mexicano reforzar\u00e1 vigilancia en la frontera sur","datePublished":"2021-04-14T16:55:23+00:00","dateModified":"2021-04-15T18:39:49+00:00","mainEntityOfPage":{"@id":"https:\/\/www.sonoraenequipo.com.mx\/gobierno-mexicano-reforzara-vigilancia-en-la-frontera-sur\/"},"wordCount":782,"commentCount":0,"publisher":{"@id":"https:\/\/www.sonoraenequipo.com.mx\/#organization"},"image":{"@id":"https:\/\/www.sonoraenequipo.com.mx\/gobierno-mexicano-reforzara-vigilancia-en-la-frontera-sur\/#primaryimage"},"thumbnailUrl":"https:\/\/www.sonoraenequipo.com.mx\/storage\/2021\/04\/fronterasur_opt.jpg","articleSection":["Rep\u00fablica"],"inLanguage":"es","potentialAction":[{"@type":"CommentAction","name":"Comment","target":["https:\/\/www.sonoraenequipo.com.mx\/gobierno-mexicano-reforzara-vigilancia-en-la-frontera-sur\/#respond"]}]},{"@type":"WebPage","@id":"https:\/\/www.sonoraenequipo.com.mx\/gobierno-mexicano-reforzara-vigilancia-en-la-frontera-sur\/","url":"https:\/\/www.sonoraenequipo.com.mx\/gobierno-mexicano-reforzara-vigilancia-en-la-frontera-sur\/","name":"Sonora en Equipo. Gobierno mexicano reforzar\u00e1 vigilancia en la frontera sur Rep\u00fablica","isPartOf":{"@id":"https:\/\/www.sonoraenequipo.com.mx\/#website"},"primaryImageOfPage":{"@id":"https:\/\/www.sonoraenequipo.com.mx\/gobierno-mexicano-reforzara-vigilancia-en-la-frontera-sur\/#primaryimage"},"image":{"@id":"https:\/\/www.sonoraenequipo.com.mx\/gobierno-mexicano-reforzara-vigilancia-en-la-frontera-sur\/#primaryimage"},"thumbnailUrl":"https:\/\/www.sonoraenequipo.com.mx\/storage\/2021\/04\/fronterasur_opt.jpg","datePublished":"2021-04-14T16:55:23+00:00","dateModified":"2021-04-15T18:39:49+00:00","description":"CIUDAD DE M\u00c9XICO. MX. \u2014 Con el objetivo de procurar la seguridad e integridad de las y los ni\u00f1os migrantes, el presidente Andr\u00e9s Manuel L\u00f3pez Obrador En Sonora en Equipo publicamos toda la informaci\u00f3n de Sonora, M\u00e9xico y el Mundo de manera oportuna y busca que la libertad de expresi\u00f3n sea real. Visita nuestro medio informativo publicado desde Hermosillo, Sonora. %","breadcrumb":{"@id":"https:\/\/www.sonoraenequipo.com.mx\/gobierno-mexicano-reforzara-vigilancia-en-la-frontera-sur\/#breadcrumb"},"inLanguage":"es","potentialAction":[{"@type":"ReadAction","target":["https:\/\/www.sonoraenequipo.com.mx\/gobierno-mexicano-reforzara-vigilancia-en-la-frontera-sur\/"]}]},{"@type":"ImageObject","inLanguage":"es","@id":"https:\/\/www.sonoraenequipo.com.mx\/gobierno-mexicano-reforzara-vigilancia-en-la-frontera-sur\/#primaryimage","url":"https:\/\/www.sonoraenequipo.com.mx\/storage\/2021\/04\/fronterasur_opt.jpg","contentUrl":"https:\/\/www.sonoraenequipo.com.mx\/storage\/2021\/04\/fronterasur_opt.jpg","width":667,"height":500},{"@type":"BreadcrumbList","@id":"https:\/\/www.sonoraenequipo.com.mx\/gobierno-mexicano-reforzara-vigilancia-en-la-frontera-sur\/#breadcrumb","itemListElement":[{"@type":"ListItem","position":1,"name":"Portada","item":"https:\/\/www.sonoraenequipo.com.mx\/"},{"@type":"ListItem","position":2,"name":"Gobierno mexicano reforzar\u00e1 vigilancia en la frontera sur"}]},{"@type":"WebSite","@id":"https:\/\/www.sonoraenequipo.com.mx\/#website","url":"https:\/\/www.sonoraenequipo.com.mx\/","name":"Sonora en Equipo.","description":"Diario en l\u00ednea con Noticias desde Hermosillo, Sonora","publisher":{"@id":"https:\/\/www.sonoraenequipo.com.mx\/#organization"},"potentialAction":[{"@type":"SearchAction","target":{"@type":"EntryPoint","urlTemplate":"https:\/\/www.sonoraenequipo.com.mx\/?s={search_term_string}"},"query-input":{"@type":"PropertyValueSpecification","valueRequired":true,"valueName":"search_term_string"}}],"inLanguage":"es"},{"@type":"Organization","@id":"https:\/\/www.sonoraenequipo.com.mx\/#organization","name":"Sonoraenequipo.com.mx","url":"https:\/\/www.sonoraenequipo.com.mx\/","logo":{"@type":"ImageObject","inLanguage":"es","@id":"https:\/\/www.sonoraenequipo.com.mx\/#\/schema\/logo\/image\/","url":"https:\/\/www.sonoraenequipo.com.mx\/storage\/2019\/01\/sonoraenequipo_opt.png","contentUrl":"https:\/\/www.sonoraenequipo.com.mx\/storage\/2019\/01\/sonoraenequipo_opt.png","width":375,"height":125,"caption":"Sonoraenequipo.com.mx"},"image":{"@id":"https:\/\/www.sonoraenequipo.com.mx\/#\/schema\/logo\/image\/"},"sameAs":["https:\/\/www.facebook.com\/SonoraEE\/","https:\/\/x.com\/sonoraenequipo","https:\/\/www.youtube.com\/channel\/UC338nW-lPEYmJQs4ZABQ1SQ"]},{"@type":"Person","@id":"https:\/\/www.sonoraenequipo.com.mx\/#\/schema\/person\/50102df0fb23a8fa9e8effad8fa81386","name":"enequipo","image":{"@type":"ImageObject","inLanguage":"es","@id":"https:\/\/www.sonoraenequipo.com.mx\/#\/schema\/person\/image\/","url":"https:\/\/secure.gravatar.com\/avatar\/049821681b589dabc0bc20695993ccebb09f5b5d4d790cd9251b97faac7c652b?s=96&d=blank&r=g","contentUrl":"https:\/\/secure.gravatar.com\/avatar\/049821681b589dabc0bc20695993ccebb09f5b5d4d790cd9251b97faac7c652b?s=96&d=blank&r=g","caption":"enequipo"},"sameAs":["https:\/\/www.facebook.com\/SonoraEE"]}]}},"jetpack_featured_media_url":"https:\/\/www.sonoraenequipo.com.mx\/storage\/2021\/04\/fronterasur_opt.jpg","_links":{"self":[{"href":"https:\/\/www.sonoraenequipo.com.mx\/api\/wp\/v2\/posts\/111635","targetHints":{"allow":["GET"]}}],"collection":[{"href":"https:\/\/www.sonoraenequipo.com.mx\/api\/wp\/v2\/posts"}],"about":[{"href":"https:\/\/www.sonoraenequipo.com.mx\/api\/wp\/v2\/types\/post"}],"author":[{"embeddable":true,"href":"https:\/\/www.sonoraenequipo.com.mx\/api\/wp\/v2\/users\/1"}],"replies":[{"embeddable":true,"href":"https:\/\/www.sonoraenequipo.com.mx\/api\/wp\/v2\/comments?post=111635"}],"version-history":[{"count":3,"href":"https:\/\/www.sonoraenequipo.com.mx\/api\/wp\/v2\/posts\/111635\/revisions"}],"predecessor-version":[{"id":111639,"href":"https:\/\/www.sonoraenequipo.com.mx\/api\/wp\/v2\/posts\/111635\/revisions\/111639"}],"wp:featuredmedia":[{"embeddable":true,"href":"https:\/\/www.sonoraenequipo.com.mx\/api\/wp\/v2\/media\/111636"}],"wp:attachment":[{"href":"https:\/\/www.sonoraenequipo.com.mx\/api\/wp\/v2\/media?parent=111635"}],"wp:term":[{"taxonomy":"category","embeddable":true,"href":"https:\/\/www.sonoraenequipo.com.mx\/api\/wp\/v2\/categories?post=111635"},{"taxonomy":"post_tag","embeddable":true,"href":"https:\/\/www.sonoraenequipo.com.mx\/api\/wp\/v2\/tags?post=111635"}],"curies":[{"name":"wp","href":"https:\/\/api.w.org\/{rel}","templated":true}]}}