{"id":111645,"date":"2021-04-14T18:00:28","date_gmt":"2021-04-15T01:00:28","guid":{"rendered":"https:\/\/www.sonoraenequipo.com.mx\/?p=111645"},"modified":"2021-04-15T12:07:37","modified_gmt":"2021-04-15T19:07:37","slug":"se-aprueba-ley-de-medio-ambiente-que-regula-la-produccion-y-manejo-de-productos-de-plastico","status":"publish","type":"post","link":"https:\/\/www.sonoraenequipo.com.mx\/se-aprueba-ley-de-medio-ambiente-que-regula-la-produccion-y-manejo-de-productos-de-plastico\/","title":{"rendered":"Se aprueba Ley de Medio Ambiente que regula la producci\u00f3n y manejo de productos de pl\u00e1stico"},"content":{"rendered":"<p>HERMOSILLO, SONORA. MX. \u2014 Un gran logro es la aprobaci\u00f3n de esta ley que a m\u00e1s de un a\u00f1o haberla presentado hoy se ve cristalizada se\u00f1al\u00f3 el Diputado Gildardo Real Ram\u00edrez.<\/p>\n<p>&nbsp;<\/p>\n<p> <\/p>\n<p>&nbsp;<\/p>\n<p>Esta Ley contiene la prohibici\u00f3n, el uso, venta y consumo de unicel en el Estado de Sonora, as\u00ed como las bolsas de pl\u00e1stico ya no sean regaladas, si no cobradas y queda prohibido el uso del pet y pl\u00e1stico de un solo uso en todas las entidades de gobierno y eventos p\u00fablicos.<\/p>\n<p>&nbsp;<\/p>\n<p>Gildardo Real Ram\u00edrez indic\u00f3<em>: \u201cCon el objetivo de remediar hoy las malas decisiones que como humanidad hemos tomado en el pasado, esta iniciativa de protecci\u00f3n al medio ambiente es frontal y determinante y llega como producto de un ejercicio de participaci\u00f3n ciudadana\u201d.<\/em><\/p>\n<p>&nbsp;<\/p>\n<p>En cuanto a sanciones estas ser\u00e1n claras y radicales, pero tambi\u00e9n habr\u00e1 incentivos fiscales para todas aquellas industrias que transformen sus productos a unos m\u00e1s amigables con el planeta, as\u00ed como buscamos tambi\u00e9n que la separaci\u00f3n de basura sea obligada.<\/p>\n<p>&nbsp;<\/p>\n<p><em>\u201cHoy con esta aprobaci\u00f3n de Ley ponemos los cimientos para iniciar un modelo de econom\u00eda circular que traiga a Sonora a la cabeza en materia de tratamiento de residuos en cuidado del medio ambiente.<\/em><\/p>\n<p>&nbsp;<\/p>\n<p>Para finalizar, <em>\u201cestamos d\u00e1ndole un per\u00edodo de aplicaci\u00f3n para la implementaci\u00f3n de esta ley, esto ser\u00e1 de manera gradual para que sea realmente aplicable, desde la concientizar hasta las sanciones. Esta es una situaci\u00f3n donde todos debemos involucrarnos<\/em>.<\/p>\n<p>&nbsp;<\/p>\n<p>&nbsp;<\/p>\n<p>(Publicada el 14\/04\/2021)<\/p>\n","protected":false},"excerpt":{"rendered":"<p>HERMOSILLO, SONORA. MX. \u2014 Un gran logro es la aprobaci\u00f3n de esta ley que a&#8230;<\/p>\n","protected":false},"author":1,"featured_media":111646,"comment_status":"open","ping_status":"open","sticky":false,"template":"","format":"standard","meta":{"_monsterinsights_skip_tracking":false,"_monsterinsights_sitenote_active":false,"_monsterinsights_sitenote_note":"","_monsterinsights_sitenote_category":0,"footnotes":""},"categories":[3281],"tags":[],"class_list":["post"],"yoast_head":" \n<title>Sonora en Equipo. Se aprueba Ley de Medio Ambiente que regula la producci\u00f3n y manejo de productos de pl\u00e1stico Congreso<\/title>\n<meta name=\"description\" content=\"HERMOSILLO, SONORA. MX. \u2014 Un gran logro es la aprobaci\u00f3n de esta ley que a m\u00e1s de un a\u00f1o haberla presentado hoy se ve cristalizada se\u00f1al\u00f3 el Diputado En Sonora en Equipo publicamos toda la informaci\u00f3n de Sonora, M\u00e9xico y el Mundo de manera oportuna y busca que la libertad de expresi\u00f3n sea real. Visita nuestro medio informativo publicado desde Hermosillo, Sonora. %\" \/>\n<meta name=\"robots\" content=\"index, follow, max-snippet:-1, max-image-preview:large, max-video-preview:-1\" \/>\n<link rel=\"canonical\" href=\"https:\/\/www.sonoraenequipo.com.mx\/se-aprueba-ley-de-medio-ambiente-que-regula-la-produccion-y-manejo-de-productos-de-plastico\/\" \/>\n<meta property=\"og:locale\" content=\"es_ES\" \/>\n<meta property=\"og:type\" content=\"article\" \/>\n<meta property=\"og:title\" content=\"Sonora en Equipo. Se aprueba Ley de Medio Ambiente que regula la producci\u00f3n y manejo de productos de pl\u00e1stico Congreso\" \/>\n<meta property=\"og:description\" content=\"HERMOSILLO, SONORA. MX. \u2014 Un gran logro es la aprobaci\u00f3n de esta ley que a m\u00e1s de un a\u00f1o haberla presentado hoy se ve cristalizada se\u00f1al\u00f3 el Diputado En Sonora en Equipo publicamos toda la informaci\u00f3n de Sonora, M\u00e9xico y el Mundo de manera oportuna y busca que la libertad de expresi\u00f3n sea real. Visita nuestro medio informativo publicado desde Hermosillo, Sonora. %\" \/>\n<meta property=\"og:url\" content=\"https:\/\/www.sonoraenequipo.com.mx\/se-aprueba-ley-de-medio-ambiente-que-regula-la-produccion-y-manejo-de-productos-de-plastico\/\" \/>\n<meta property=\"og:site_name\" content=\"Sonora en Equipo.\" \/>\n<meta property=\"article:publisher\" content=\"https:\/\/www.facebook.com\/SonoraEE\/\" \/>\n<meta property=\"article:author\" content=\"https:\/\/www.facebook.com\/SonoraEE\" \/>\n<meta property=\"article:published_time\" content=\"2021-04-15T01:00:28+00:00\" \/>\n<meta property=\"article:modified_time\" content=\"2021-04-15T19:07:37+00:00\" \/>\n<meta property=\"og:image\" content=\"https:\/\/www.sonoraenequipo.com.mx\/storage\/2021\/04\/envases-de-plastico_opt1.jpg\" \/>\n\t<meta property=\"og:image:width\" content=\"889\" \/>\n\t<meta property=\"og:image:height\" content=\"500\" \/>\n\t<meta property=\"og:image:type\" content=\"image\/jpeg\" \/>\n<meta name=\"author\" content=\"enequipo\" \/>\n<meta name=\"twitter:card\" content=\"summary_large_image\" \/>\n<meta name=\"twitter:creator\" content=\"@sonoraenequipo\" \/>\n<meta name=\"twitter:site\" content=\"@sonoraenequipo\" \/>\n<meta name=\"twitter:label1\" content=\"Escrito por\" \/>\n\t<meta name=\"twitter:data1\" content=\"enequipo\" \/>\n\t<meta name=\"twitter:label2\" content=\"Tiempo de lectura\" \/>\n\t<meta name=\"twitter:data2\" content=\"2 minutos\" \/>\n<script type=\"application\/ld+json\" class=\"yoast-schema-graph\">{\"@context\":\"https:\/\/schema.org\",\"@graph\":[{\"@type\":\"Article\",\"@id\":\"https:\/\/www.sonoraenequipo.com.mx\/se-aprueba-ley-de-medio-ambiente-que-regula-la-produccion-y-manejo-de-productos-de-plastico\/#article\",\"isPartOf\":{\"@id\":\"https:\/\/www.sonoraenequipo.com.mx\/se-aprueba-ley-de-medio-ambiente-que-regula-la-produccion-y-manejo-de-productos-de-plastico\/\"},\"author\":{\"name\":\"enequipo\",\"@id\":\"https:\/\/www.sonoraenequipo.com.mx\/#\/schema\/person\/50102df0fb23a8fa9e8effad8fa81386\"},\"headline\":\"Se aprueba Ley de Medio Ambiente que regula la producci\u00f3n y manejo de productos de pl\u00e1stico\",\"datePublished\":\"2021-04-15T01:00:28+00:00\",\"dateModified\":\"2021-04-15T19:07:37+00:00\",\"mainEntityOfPage\":{\"@id\":\"https:\/\/www.sonoraenequipo.com.mx\/se-aprueba-ley-de-medio-ambiente-que-regula-la-produccion-y-manejo-de-productos-de-plastico\/\"},\"wordCount\":288,\"commentCount\":0,\"publisher\":{\"@id\":\"https:\/\/www.sonoraenequipo.com.mx\/#organization\"},\"image\":{\"@id\":\"https:\/\/www.sonoraenequipo.com.mx\/se-aprueba-ley-de-medio-ambiente-que-regula-la-produccion-y-manejo-de-productos-de-plastico\/#primaryimage\"},\"thumbnailUrl\":\"https:\/\/www.sonoraenequipo.com.mx\/storage\/2021\/04\/envases-de-plastico_opt1.jpg\",\"articleSection\":[\"Congreso\"],\"inLanguage\":\"es\",\"potentialAction\":[{\"@type\":\"CommentAction\",\"name\":\"Comment\",\"target\":[\"https:\/\/www.sonoraenequipo.com.mx\/se-aprueba-ley-de-medio-ambiente-que-regula-la-produccion-y-manejo-de-productos-de-plastico\/#respond\"]}]},{\"@type\":\"WebPage\",\"@id\":\"https:\/\/www.sonoraenequipo.com.mx\/se-aprueba-ley-de-medio-ambiente-que-regula-la-produccion-y-manejo-de-productos-de-plastico\/\",\"url\":\"https:\/\/www.sonoraenequipo.com.mx\/se-aprueba-ley-de-medio-ambiente-que-regula-la-produccion-y-manejo-de-productos-de-plastico\/\",\"name\":\"Sonora en Equipo. Se aprueba Ley de Medio Ambiente que regula la producci\u00f3n y manejo de productos de pl\u00e1stico Congreso\",\"isPartOf\":{\"@id\":\"https:\/\/www.sonoraenequipo.com.mx\/#website\"},\"primaryImageOfPage\":{\"@id\":\"https:\/\/www.sonoraenequipo.com.mx\/se-aprueba-ley-de-medio-ambiente-que-regula-la-produccion-y-manejo-de-productos-de-plastico\/#primaryimage\"},\"image\":{\"@id\":\"https:\/\/www.sonoraenequipo.com.mx\/se-aprueba-ley-de-medio-ambiente-que-regula-la-produccion-y-manejo-de-productos-de-plastico\/#primaryimage\"},\"thumbnailUrl\":\"https:\/\/www.sonoraenequipo.com.mx\/storage\/2021\/04\/envases-de-plastico_opt1.jpg\",\"datePublished\":\"2021-04-15T01:00:28+00:00\",\"dateModified\":\"2021-04-15T19:07:37+00:00\",\"description\":\"HERMOSILLO, SONORA. MX. \u2014 Un gran logro es la aprobaci\u00f3n de esta ley que a m\u00e1s de un a\u00f1o haberla presentado hoy se ve cristalizada se\u00f1al\u00f3 el Diputado En Sonora en Equipo publicamos toda la informaci\u00f3n de Sonora, M\u00e9xico y el Mundo de manera oportuna y busca que la libertad de expresi\u00f3n sea real. Visita nuestro medio informativo publicado desde Hermosillo, Sonora. %\",\"breadcrumb\":{\"@id\":\"https:\/\/www.sonoraenequipo.com.mx\/se-aprueba-ley-de-medio-ambiente-que-regula-la-produccion-y-manejo-de-productos-de-plastico\/#breadcrumb\"},\"inLanguage\":\"es\",\"potentialAction\":[{\"@type\":\"ReadAction\",\"target\":[\"https:\/\/www.sonoraenequipo.com.mx\/se-aprueba-ley-de-medio-ambiente-que-regula-la-produccion-y-manejo-de-productos-de-plastico\/\"]}]},{\"@type\":\"ImageObject\",\"inLanguage\":\"es\",\"@id\":\"https:\/\/www.sonoraenequipo.com.mx\/se-aprueba-ley-de-medio-ambiente-que-regula-la-produccion-y-manejo-de-productos-de-plastico\/#primaryimage\",\"url\":\"https:\/\/www.sonoraenequipo.com.mx\/storage\/2021\/04\/envases-de-plastico_opt1.jpg\",\"contentUrl\":\"https:\/\/www.sonoraenequipo.com.mx\/storage\/2021\/04\/envases-de-plastico_opt1.jpg\",\"width\":889,\"height\":500},{\"@type\":\"BreadcrumbList\",\"@id\":\"https:\/\/www.sonoraenequipo.com.mx\/se-aprueba-ley-de-medio-ambiente-que-regula-la-produccion-y-manejo-de-productos-de-plastico\/#breadcrumb\",\"itemListElement\":[{\"@type\":\"ListItem\",\"position\":1,\"name\":\"Portada\",\"item\":\"https:\/\/www.sonoraenequipo.com.mx\/\"},{\"@type\":\"ListItem\",\"position\":2,\"name\":\"Se aprueba Ley de Medio Ambiente que regula la producci\u00f3n y manejo de productos de pl\u00e1stico\"}]},{\"@type\":\"WebSite\",\"@id\":\"https:\/\/www.sonoraenequipo.com.mx\/#website\",\"url\":\"https:\/\/www.sonoraenequipo.com.mx\/\",\"name\":\"Sonora en Equipo.\",\"description\":\"Diario en l\u00ednea con Noticias desde Hermosillo, Sonora\",\"publisher\":{\"@id\":\"https:\/\/www.sonoraenequipo.com.mx\/#organization\"},\"potentialAction\":[{\"@type\":\"SearchAction\",\"target\":{\"@type\":\"EntryPoint\",\"urlTemplate\":\"https:\/\/www.sonoraenequipo.com.mx\/?s={search_term_string}\"},\"query-input\":{\"@type\":\"PropertyValueSpecification\",\"valueRequired\":true,\"valueName\":\"search_term_string\"}}],\"inLanguage\":\"es\"},{\"@type\":\"Organization\",\"@id\":\"https:\/\/www.sonoraenequipo.com.mx\/#organization\",\"name\":\"Sonoraenequipo.com.mx\",\"url\":\"https:\/\/www.sonoraenequipo.com.mx\/\",\"logo\":{\"@type\":\"ImageObject\",\"inLanguage\":\"es\",\"@id\":\"https:\/\/www.sonoraenequipo.com.mx\/#\/schema\/logo\/image\/\",\"url\":\"https:\/\/www.sonoraenequipo.com.mx\/storage\/2019\/01\/sonoraenequipo_opt.png\",\"contentUrl\":\"https:\/\/www.sonoraenequipo.com.mx\/storage\/2019\/01\/sonoraenequipo_opt.png\",\"width\":375,\"height\":125,\"caption\":\"Sonoraenequipo.com.mx\"},\"image\":{\"@id\":\"https:\/\/www.sonoraenequipo.com.mx\/#\/schema\/logo\/image\/\"},\"sameAs\":[\"https:\/\/www.facebook.com\/SonoraEE\/\",\"https:\/\/x.com\/sonoraenequipo\",\"https:\/\/www.youtube.com\/channel\/UC338nW-lPEYmJQs4ZABQ1SQ\"]},{\"@type\":\"Person\",\"@id\":\"https:\/\/www.sonoraenequipo.com.mx\/#\/schema\/person\/50102df0fb23a8fa9e8effad8fa81386\",\"name\":\"enequipo\",\"image\":{\"@type\":\"ImageObject\",\"inLanguage\":\"es\",\"@id\":\"https:\/\/www.sonoraenequipo.com.mx\/#\/schema\/person\/image\/\",\"url\":\"https:\/\/secure.gravatar.com\/avatar\/049821681b589dabc0bc20695993ccebb09f5b5d4d790cd9251b97faac7c652b?s=96&d=blank&r=g\",\"contentUrl\":\"https:\/\/secure.gravatar.com\/avatar\/049821681b589dabc0bc20695993ccebb09f5b5d4d790cd9251b97faac7c652b?s=96&d=blank&r=g\",\"caption\":\"enequipo\"},\"sameAs\":[\"https:\/\/www.facebook.com\/SonoraEE\"]}]}<\/script>\n ","yoast_head_json":{"title":"Sonora en Equipo. Se aprueba Ley de Medio Ambiente que regula la producci\u00f3n y manejo de productos de pl\u00e1stico Congreso","description":"HERMOSILLO, SONORA. MX. \u2014 Un gran logro es la aprobaci\u00f3n de esta ley que a m\u00e1s de un a\u00f1o haberla presentado hoy se ve cristalizada se\u00f1al\u00f3 el Diputado En Sonora en Equipo publicamos toda la informaci\u00f3n de Sonora, M\u00e9xico y el Mundo de manera oportuna y busca que la libertad de expresi\u00f3n sea real. Visita nuestro medio informativo publicado desde Hermosillo, Sonora. %","robots":{"index":"index","follow":"follow","max-snippet":"max-snippet:-1","max-image-preview":"max-image-preview:large","max-video-preview":"max-video-preview:-1"},"canonical":"https:\/\/www.sonoraenequipo.com.mx\/se-aprueba-ley-de-medio-ambiente-que-regula-la-produccion-y-manejo-de-productos-de-plastico\/","og_locale":"es_ES","og_type":"article","og_title":"Sonora en Equipo. Se aprueba Ley de Medio Ambiente que regula la producci\u00f3n y manejo de productos de pl\u00e1stico Congreso","og_description":"HERMOSILLO, SONORA. MX. \u2014 Un gran logro es la aprobaci\u00f3n de esta ley que a m\u00e1s de un a\u00f1o haberla presentado hoy se ve cristalizada se\u00f1al\u00f3 el Diputado En Sonora en Equipo publicamos toda la informaci\u00f3n de Sonora, M\u00e9xico y el Mundo de manera oportuna y busca que la libertad de expresi\u00f3n sea real. Visita nuestro medio informativo publicado desde Hermosillo, Sonora. %","og_url":"https:\/\/www.sonoraenequipo.com.mx\/se-aprueba-ley-de-medio-ambiente-que-regula-la-produccion-y-manejo-de-productos-de-plastico\/","og_site_name":"Sonora en Equipo.","article_publisher":"https:\/\/www.facebook.com\/SonoraEE\/","article_author":"https:\/\/www.facebook.com\/SonoraEE","article_published_time":"2021-04-15T01:00:28+00:00","article_modified_time":"2021-04-15T19:07:37+00:00","og_image":[{"width":889,"height":500,"url":"https:\/\/www.sonoraenequipo.com.mx\/storage\/2021\/04\/envases-de-plastico_opt1.jpg","type":"image\/jpeg"}],"author":"enequipo","twitter_card":"summary_large_image","twitter_creator":"@sonoraenequipo","twitter_site":"@sonoraenequipo","twitter_misc":{"Escrito por":"enequipo","Tiempo de lectura":"2 minutos"},"schema":{"@context":"https:\/\/schema.org","@graph":[{"@type":"Article","@id":"https:\/\/www.sonoraenequipo.com.mx\/se-aprueba-ley-de-medio-ambiente-que-regula-la-produccion-y-manejo-de-productos-de-plastico\/#article","isPartOf":{"@id":"https:\/\/www.sonoraenequipo.com.mx\/se-aprueba-ley-de-medio-ambiente-que-regula-la-produccion-y-manejo-de-productos-de-plastico\/"},"author":{"name":"enequipo","@id":"https:\/\/www.sonoraenequipo.com.mx\/#\/schema\/person\/50102df0fb23a8fa9e8effad8fa81386"},"headline":"Se aprueba Ley de Medio Ambiente que regula la producci\u00f3n y manejo de productos de pl\u00e1stico","datePublished":"2021-04-15T01:00:28+00:00","dateModified":"2021-04-15T19:07:37+00:00","mainEntityOfPage":{"@id":"https:\/\/www.sonoraenequipo.com.mx\/se-aprueba-ley-de-medio-ambiente-que-regula-la-produccion-y-manejo-de-productos-de-plastico\/"},"wordCount":288,"commentCount":0,"publisher":{"@id":"https:\/\/www.sonoraenequipo.com.mx\/#organization"},"image":{"@id":"https:\/\/www.sonoraenequipo.com.mx\/se-aprueba-ley-de-medio-ambiente-que-regula-la-produccion-y-manejo-de-productos-de-plastico\/#primaryimage"},"thumbnailUrl":"https:\/\/www.sonoraenequipo.com.mx\/storage\/2021\/04\/envases-de-plastico_opt1.jpg","articleSection":["Congreso"],"inLanguage":"es","potentialAction":[{"@type":"CommentAction","name":"Comment","target":["https:\/\/www.sonoraenequipo.com.mx\/se-aprueba-ley-de-medio-ambiente-que-regula-la-produccion-y-manejo-de-productos-de-plastico\/#respond"]}]},{"@type":"WebPage","@id":"https:\/\/www.sonoraenequipo.com.mx\/se-aprueba-ley-de-medio-ambiente-que-regula-la-produccion-y-manejo-de-productos-de-plastico\/","url":"https:\/\/www.sonoraenequipo.com.mx\/se-aprueba-ley-de-medio-ambiente-que-regula-la-produccion-y-manejo-de-productos-de-plastico\/","name":"Sonora en Equipo. Se aprueba Ley de Medio Ambiente que regula la producci\u00f3n y manejo de productos de pl\u00e1stico Congreso","isPartOf":{"@id":"https:\/\/www.sonoraenequipo.com.mx\/#website"},"primaryImageOfPage":{"@id":"https:\/\/www.sonoraenequipo.com.mx\/se-aprueba-ley-de-medio-ambiente-que-regula-la-produccion-y-manejo-de-productos-de-plastico\/#primaryimage"},"image":{"@id":"https:\/\/www.sonoraenequipo.com.mx\/se-aprueba-ley-de-medio-ambiente-que-regula-la-produccion-y-manejo-de-productos-de-plastico\/#primaryimage"},"thumbnailUrl":"https:\/\/www.sonoraenequipo.com.mx\/storage\/2021\/04\/envases-de-plastico_opt1.jpg","datePublished":"2021-04-15T01:00:28+00:00","dateModified":"2021-04-15T19:07:37+00:00","description":"HERMOSILLO, SONORA. MX. \u2014 Un gran logro es la aprobaci\u00f3n de esta ley que a m\u00e1s de un a\u00f1o haberla presentado hoy se ve cristalizada se\u00f1al\u00f3 el Diputado En Sonora en Equipo publicamos toda la informaci\u00f3n de Sonora, M\u00e9xico y el Mundo de manera oportuna y busca que la libertad de expresi\u00f3n sea real. Visita nuestro medio informativo publicado desde Hermosillo, Sonora. %","breadcrumb":{"@id":"https:\/\/www.sonoraenequipo.com.mx\/se-aprueba-ley-de-medio-ambiente-que-regula-la-produccion-y-manejo-de-productos-de-plastico\/#breadcrumb"},"inLanguage":"es","potentialAction":[{"@type":"ReadAction","target":["https:\/\/www.sonoraenequipo.com.mx\/se-aprueba-ley-de-medio-ambiente-que-regula-la-produccion-y-manejo-de-productos-de-plastico\/"]}]},{"@type":"ImageObject","inLanguage":"es","@id":"https:\/\/www.sonoraenequipo.com.mx\/se-aprueba-ley-de-medio-ambiente-que-regula-la-produccion-y-manejo-de-productos-de-plastico\/#primaryimage","url":"https:\/\/www.sonoraenequipo.com.mx\/storage\/2021\/04\/envases-de-plastico_opt1.jpg","contentUrl":"https:\/\/www.sonoraenequipo.com.mx\/storage\/2021\/04\/envases-de-plastico_opt1.jpg","width":889,"height":500},{"@type":"BreadcrumbList","@id":"https:\/\/www.sonoraenequipo.com.mx\/se-aprueba-ley-de-medio-ambiente-que-regula-la-produccion-y-manejo-de-productos-de-plastico\/#breadcrumb","itemListElement":[{"@type":"ListItem","position":1,"name":"Portada","item":"https:\/\/www.sonoraenequipo.com.mx\/"},{"@type":"ListItem","position":2,"name":"Se aprueba Ley de Medio Ambiente que regula la producci\u00f3n y manejo de productos de pl\u00e1stico"}]},{"@type":"WebSite","@id":"https:\/\/www.sonoraenequipo.com.mx\/#website","url":"https:\/\/www.sonoraenequipo.com.mx\/","name":"Sonora en Equipo.","description":"Diario en l\u00ednea con Noticias desde Hermosillo, Sonora","publisher":{"@id":"https:\/\/www.sonoraenequipo.com.mx\/#organization"},"potentialAction":[{"@type":"SearchAction","target":{"@type":"EntryPoint","urlTemplate":"https:\/\/www.sonoraenequipo.com.mx\/?s={search_term_string}"},"query-input":{"@type":"PropertyValueSpecification","valueRequired":true,"valueName":"search_term_string"}}],"inLanguage":"es"},{"@type":"Organization","@id":"https:\/\/www.sonoraenequipo.com.mx\/#organization","name":"Sonoraenequipo.com.mx","url":"https:\/\/www.sonoraenequipo.com.mx\/","logo":{"@type":"ImageObject","inLanguage":"es","@id":"https:\/\/www.sonoraenequipo.com.mx\/#\/schema\/logo\/image\/","url":"https:\/\/www.sonoraenequipo.com.mx\/storage\/2019\/01\/sonoraenequipo_opt.png","contentUrl":"https:\/\/www.sonoraenequipo.com.mx\/storage\/2019\/01\/sonoraenequipo_opt.png","width":375,"height":125,"caption":"Sonoraenequipo.com.mx"},"image":{"@id":"https:\/\/www.sonoraenequipo.com.mx\/#\/schema\/logo\/image\/"},"sameAs":["https:\/\/www.facebook.com\/SonoraEE\/","https:\/\/x.com\/sonoraenequipo","https:\/\/www.youtube.com\/channel\/UC338nW-lPEYmJQs4ZABQ1SQ"]},{"@type":"Person","@id":"https:\/\/www.sonoraenequipo.com.mx\/#\/schema\/person\/50102df0fb23a8fa9e8effad8fa81386","name":"enequipo","image":{"@type":"ImageObject","inLanguage":"es","@id":"https:\/\/www.sonoraenequipo.com.mx\/#\/schema\/person\/image\/","url":"https:\/\/secure.gravatar.com\/avatar\/049821681b589dabc0bc20695993ccebb09f5b5d4d790cd9251b97faac7c652b?s=96&d=blank&r=g","contentUrl":"https:\/\/secure.gravatar.com\/avatar\/049821681b589dabc0bc20695993ccebb09f5b5d4d790cd9251b97faac7c652b?s=96&d=blank&r=g","caption":"enequipo"},"sameAs":["https:\/\/www.facebook.com\/SonoraEE"]}]}},"jetpack_featured_media_url":"https:\/\/www.sonoraenequipo.com.mx\/storage\/2021\/04\/envases-de-plastico_opt1.jpg","_links":{"self":[{"href":"https:\/\/www.sonoraenequipo.com.mx\/api\/wp\/v2\/posts\/111645","targetHints":{"allow":["GET"]}}],"collection":[{"href":"https:\/\/www.sonoraenequipo.com.mx\/api\/wp\/v2\/posts"}],"about":[{"href":"https:\/\/www.sonoraenequipo.com.mx\/api\/wp\/v2\/types\/post"}],"author":[{"embeddable":true,"href":"https:\/\/www.sonoraenequipo.com.mx\/api\/wp\/v2\/users\/1"}],"replies":[{"embeddable":true,"href":"https:\/\/www.sonoraenequipo.com.mx\/api\/wp\/v2\/comments?post=111645"}],"version-history":[{"count":2,"href":"https:\/\/www.sonoraenequipo.com.mx\/api\/wp\/v2\/posts\/111645\/revisions"}],"predecessor-version":[{"id":111648,"href":"https:\/\/www.sonoraenequipo.com.mx\/api\/wp\/v2\/posts\/111645\/revisions\/111648"}],"wp:featuredmedia":[{"embeddable":true,"href":"https:\/\/www.sonoraenequipo.com.mx\/api\/wp\/v2\/media\/111646"}],"wp:attachment":[{"href":"https:\/\/www.sonoraenequipo.com.mx\/api\/wp\/v2\/media?parent=111645"}],"wp:term":[{"taxonomy":"category","embeddable":true,"href":"https:\/\/www.sonoraenequipo.com.mx\/api\/wp\/v2\/categories?post=111645"},{"taxonomy":"post_tag","embeddable":true,"href":"https:\/\/www.sonoraenequipo.com.mx\/api\/wp\/v2\/tags?post=111645"}],"curies":[{"name":"wp","href":"https:\/\/api.w.org\/{rel}","templated":true}]}}