{"id":111654,"date":"2021-04-15T12:10:25","date_gmt":"2021-04-15T19:10:25","guid":{"rendered":"https:\/\/www.sonoraenequipo.com.mx\/?p=111654"},"modified":"2021-04-15T18:33:45","modified_gmt":"2021-04-16T01:33:45","slug":"debaten-en-el-senado-leyes-reglamentarias-del-poder-judicial-de-la-federacion","status":"publish","type":"post","link":"https:\/\/www.sonoraenequipo.com.mx\/debaten-en-el-senado-leyes-reglamentarias-del-poder-judicial-de-la-federacion\/","title":{"rendered":"Debaten en el Senado leyes reglamentarias del Poder Judicial de la Federaci\u00f3n"},"content":{"rendered":"<p>&nbsp;<\/p>\n<p>&nbsp;<\/p>\n<p>\u25baBuscan erradicar el nepotismo, as\u00ed como garantizar la independencia y profesionalizaci\u00f3n de los servidores p\u00fablicos de este sector<\/p>\n<p>&nbsp;<\/p>\n<p>&nbsp;<\/p>\n<p>CIUDAD DE M\u00c9XICO.\u2500 La C\u00e1mara de Senadores inici\u00f3 la discusi\u00f3n sobre el proyecto para expedir la Ley Org\u00e1nica del Poder Judicial de la Federaci\u00f3n y la Ley de Carrera Judicial del Poder Judicial de la Federaci\u00f3n, as\u00ed como para reformar diversos ordenamientos.<\/p>\n<p>&nbsp;<\/p>\n<p>El objetivo de esta propuesta es erradicar el nepotismo, la corrupci\u00f3n, la discrecionalidad y el hostigamiento sexual, as\u00ed como garantizar la independencia, imparcialidad, idoneidad, estabilidad, profesionalizaci\u00f3n y especializaci\u00f3n de los servidores p\u00fablicos de este sector.<\/p>\n<p>&nbsp;<\/p>\n<p>Esta legislaci\u00f3n secundaria deriva de la reforma constitucional que se public\u00f3 en el Diario Oficial de la Federaci\u00f3n, el 11 de marzo de 2021.<\/p>\n<p>&nbsp;<\/p>\n<p>La nueva Ley Org\u00e1nica del Poder Judicial de la Federaci\u00f3n, busca consolidar el entramado normativo para llevar \u201ca buen puerto el proceso de cambio iniciado al interior del Poder Judicial de la Federaci\u00f3n\u201d.<\/p>\n<p>&nbsp;<\/p>\n<p>Plantea un esquema sancionatorio del nepotismo y establece como causa de responsabilidad administrativa expresa para quienes, vali\u00e9ndose de sus atribuciones directa o indirectamente, designen, nombren o intervengan para que se contrate a personas con las que tenga lazos de parentesco por consanguinidad, afinidad hasta el cuarto grado o v\u00ednculo de matrimonio, concubinato o afectivo.<\/p>\n<p>&nbsp;<\/p>\n<p>Asimismo, establece sanciones con responsabilidad administrativa a los denominados nombramientos cruzados, estableci\u00e9ndolos como causal atribuible a las personas que hubieran recibido un nombramiento de base, interino o de confianza, y \u00e9stos extiendan nombramientos a los c\u00f3nyuges, concubinos, convivientes o parejas en relaciones an\u00e1logas, o a parientes consangu\u00edneos o por afinidad hasta el cuarto grado de la persona que los nombr\u00f3.<\/p>\n<p>&nbsp;<\/p>\n<p>La propuesta tambi\u00e9n fija las contralor\u00edas para cada uno de los \u00f3rganos de este Poder, las cuales implementar\u00e1n los mecanismos de prevenci\u00f3n de faltas administrativas y hechos de corrupci\u00f3n.<\/p>\n<p>&nbsp;<\/p>\n<p>Estos organismos fungir\u00e1n como autoridades sustanciadoras de los procedimientos de responsabilidad administrativas, llevar\u00e1n el registro y dar\u00e1n seguimiento a la evoluci\u00f3n de la situaci\u00f3n patrimonial de los servidores p\u00fablicos del Poder Judicial de la Federaci\u00f3n y de su declaraci\u00f3n de intereses.<\/p>\n<p>&nbsp;<\/p>\n<p>Asimismo, actualiza la responsabilidad administrativa en los casos de acoso sexual en el entorno laboral del Poder Judicial, con lo que se pretende facilitar la sanci\u00f3n de esta conducta<\/p>\n<p>&nbsp;<\/p>\n<p>Otro de los aspectos fundamentales de la reforma es la actualizaci\u00f3n de las facultades de la Suprema Corte de Justicia de la Naci\u00f3n.<\/p>\n<p>&nbsp;<\/p>\n<p>La Ley de Carrera Judicial del Poder Judicial de la Federaci\u00f3n ser\u00e1 el instrumento normativo encargado exclusivamente de regular todas y cada una de las cuestiones inherentes a la carrera judicial en dicho Poder.<\/p>\n<p>&nbsp;<\/p>\n<p>Este ordenamiento contiene las bases para la formaci\u00f3n y actualizaci\u00f3n de funcionarias y funcionarios, as\u00ed como para el desarrollo de la carrera judicial, la cual se regir\u00e1 por los principios de excelencia, objetividad, imparcialidad, profesionalismo, independencia y paridad de g\u00e9nero.<\/p>\n<p>&nbsp;<\/p>\n<p>Establece las cuestiones sustantivas y propias del esquema de carrera de las y los funcionarios judiciales, que ata\u00f1en al r\u00e9gimen de ingreso, promoci\u00f3n, desarrollo profesional, evaluaci\u00f3n del desempe\u00f1o, permanencia, est\u00edmulos y separaci\u00f3n de dichas personas funcionarias judiciales.<\/p>\n<p>&nbsp;<\/p>\n<p>El proyecto tambi\u00e9n reforma la ley Federal de los Trabajadores al Servicio del Estado, Reglamentaria del Apartado B) del art\u00edculo 123 Constitucional, la Ley Federal de Defensor\u00eda P\u00fablica; la Ley de Amparo, Reglamentaria de los art\u00edculos 103 y 107 de la Constituci\u00f3n Pol\u00edtica de los Estados Unidos Mexicanos; de la Ley Reglamentaria de las fracciones I y II del Art\u00edculo 105 de la Constituci\u00f3n Pol\u00edtica de los Estados Unidos Mexicanos; y del C\u00f3digo Federal de Procedimientos Civiles.<\/p>\n<p>&nbsp;<\/p>\n<p>Todas estas modificaciones tienen el objetivo de armonizar la reforma constitucional a las disposiciones ya vigentes, as\u00ed como las contenidas en las propuestas de expedici\u00f3n de las dos nuevas leyes indicadas con anterioridad.<\/p>\n<p>&nbsp;<\/p>\n<p>Al presentar el dictamen, el presidente de la Comisi\u00f3n de Justicia, Julio Ram\u00f3n Menchaca Salazar, asever\u00f3 que estos instrumentos buscan fortalecer la estructura del Poder Judicial, dot\u00e1ndolo de los elementos que le permitan atender el reclamo de justicia de las mexicanas y los mexicanos.<\/p>\n<p>&nbsp;<\/p>\n<p>Ana Lilia Rivera Rivera, presidenta de la Comisi\u00f3n de Estudios Legislativos, Segunda, afirm\u00f3 que la relevancia de esta reforma es indiscutible, ya que no s\u00f3lo se fortalecer\u00e1 a la Corte en sus atribuciones, sino que se otorgar\u00e1 la posibilidad de concretar un modelo democr\u00e1tico y acorde con las exigencias de justicia social.<\/p>\n<p>Fecha de publicaci\u00f3n \u00a0jueves\/\u00a0 15\u00a0 \/ abril \/ 2021\/Por L\u00e1zaro Espinoza \/cortes\u00eda<\/p>\n","protected":false},"excerpt":{"rendered":"<p>&nbsp; &nbsp; \u25baBuscan erradicar el nepotismo, as\u00ed como garantizar la independencia y profesionalizaci\u00f3n de los&#8230;<\/p>\n","protected":false},"author":1,"featured_media":111655,"comment_status":"open","ping_status":"open","sticky":false,"template":"","format":"standard","meta":{"_monsterinsights_skip_tracking":false,"_monsterinsights_sitenote_active":false,"_monsterinsights_sitenote_note":"","_monsterinsights_sitenote_category":0,"footnotes":""},"categories":[3281],"tags":[],"class_list":["post"],"yoast_head":" \n<title>Sonora en Equipo. Debaten en el Senado leyes reglamentarias del Poder Judicial de la Federaci\u00f3n Congreso<\/title>\n<meta name=\"description\" content=\"&nbsp; &nbsp; \u25baBuscan erradicar el nepotismo, as\u00ed como garantizar la independencia y profesionalizaci\u00f3n de los servidores p\u00fablicos de este sector En Sonora en Equipo publicamos toda la informaci\u00f3n de Sonora, M\u00e9xico y el Mundo de manera oportuna y busca que la libertad de expresi\u00f3n sea real. Visita nuestro medio informativo publicado desde Hermosillo, Sonora. %\" \/>\n<meta name=\"robots\" content=\"index, follow, max-snippet:-1, max-image-preview:large, max-video-preview:-1\" \/>\n<link rel=\"canonical\" href=\"https:\/\/www.sonoraenequipo.com.mx\/debaten-en-el-senado-leyes-reglamentarias-del-poder-judicial-de-la-federacion\/\" \/>\n<meta property=\"og:locale\" content=\"es_ES\" \/>\n<meta property=\"og:type\" content=\"article\" \/>\n<meta property=\"og:title\" content=\"Sonora en Equipo. Debaten en el Senado leyes reglamentarias del Poder Judicial de la Federaci\u00f3n Congreso\" \/>\n<meta property=\"og:description\" content=\"&nbsp; &nbsp; \u25baBuscan erradicar el nepotismo, as\u00ed como garantizar la independencia y profesionalizaci\u00f3n de los servidores p\u00fablicos de este sector En Sonora en Equipo publicamos toda la informaci\u00f3n de Sonora, M\u00e9xico y el Mundo de manera oportuna y busca que la libertad de expresi\u00f3n sea real. Visita nuestro medio informativo publicado desde Hermosillo, Sonora. %\" \/>\n<meta property=\"og:url\" content=\"https:\/\/www.sonoraenequipo.com.mx\/debaten-en-el-senado-leyes-reglamentarias-del-poder-judicial-de-la-federacion\/\" \/>\n<meta property=\"og:site_name\" content=\"Sonora en Equipo.\" \/>\n<meta property=\"article:publisher\" content=\"https:\/\/www.facebook.com\/SonoraEE\/\" \/>\n<meta property=\"article:author\" content=\"https:\/\/www.facebook.com\/SonoraEE\" \/>\n<meta property=\"article:published_time\" content=\"2021-04-15T19:10:25+00:00\" \/>\n<meta property=\"article:modified_time\" content=\"2021-04-16T01:33:45+00:00\" \/>\n<meta property=\"og:image\" content=\"https:\/\/www.sonoraenequipo.com.mx\/storage\/2021\/04\/SENADORES.jpg\" \/>\n\t<meta property=\"og:image:width\" content=\"500\" \/>\n\t<meta property=\"og:image:height\" content=\"300\" \/>\n\t<meta property=\"og:image:type\" content=\"image\/jpeg\" \/>\n<meta name=\"author\" content=\"enequipo\" \/>\n<meta name=\"twitter:card\" content=\"summary_large_image\" \/>\n<meta name=\"twitter:creator\" content=\"@sonoraenequipo\" \/>\n<meta name=\"twitter:site\" content=\"@sonoraenequipo\" \/>\n<meta name=\"twitter:label1\" content=\"Escrito por\" \/>\n\t<meta name=\"twitter:data1\" content=\"enequipo\" \/>\n\t<meta name=\"twitter:label2\" content=\"Tiempo de lectura\" \/>\n\t<meta name=\"twitter:data2\" content=\"4 minutos\" \/>\n<script type=\"application\/ld+json\" class=\"yoast-schema-graph\">{\"@context\":\"https:\/\/schema.org\",\"@graph\":[{\"@type\":\"Article\",\"@id\":\"https:\/\/www.sonoraenequipo.com.mx\/debaten-en-el-senado-leyes-reglamentarias-del-poder-judicial-de-la-federacion\/#article\",\"isPartOf\":{\"@id\":\"https:\/\/www.sonoraenequipo.com.mx\/debaten-en-el-senado-leyes-reglamentarias-del-poder-judicial-de-la-federacion\/\"},\"author\":{\"name\":\"enequipo\",\"@id\":\"https:\/\/www.sonoraenequipo.com.mx\/#\/schema\/person\/50102df0fb23a8fa9e8effad8fa81386\"},\"headline\":\"Debaten en el Senado leyes reglamentarias del Poder Judicial de la Federaci\u00f3n\",\"datePublished\":\"2021-04-15T19:10:25+00:00\",\"dateModified\":\"2021-04-16T01:33:45+00:00\",\"mainEntityOfPage\":{\"@id\":\"https:\/\/www.sonoraenequipo.com.mx\/debaten-en-el-senado-leyes-reglamentarias-del-poder-judicial-de-la-federacion\/\"},\"wordCount\":812,\"commentCount\":0,\"publisher\":{\"@id\":\"https:\/\/www.sonoraenequipo.com.mx\/#organization\"},\"image\":{\"@id\":\"https:\/\/www.sonoraenequipo.com.mx\/debaten-en-el-senado-leyes-reglamentarias-del-poder-judicial-de-la-federacion\/#primaryimage\"},\"thumbnailUrl\":\"https:\/\/www.sonoraenequipo.com.mx\/storage\/2021\/04\/SENADORES.jpg\",\"articleSection\":[\"Congreso\"],\"inLanguage\":\"es\",\"potentialAction\":[{\"@type\":\"CommentAction\",\"name\":\"Comment\",\"target\":[\"https:\/\/www.sonoraenequipo.com.mx\/debaten-en-el-senado-leyes-reglamentarias-del-poder-judicial-de-la-federacion\/#respond\"]}]},{\"@type\":\"WebPage\",\"@id\":\"https:\/\/www.sonoraenequipo.com.mx\/debaten-en-el-senado-leyes-reglamentarias-del-poder-judicial-de-la-federacion\/\",\"url\":\"https:\/\/www.sonoraenequipo.com.mx\/debaten-en-el-senado-leyes-reglamentarias-del-poder-judicial-de-la-federacion\/\",\"name\":\"Sonora en Equipo. Debaten en el Senado leyes reglamentarias del Poder Judicial de la Federaci\u00f3n Congreso\",\"isPartOf\":{\"@id\":\"https:\/\/www.sonoraenequipo.com.mx\/#website\"},\"primaryImageOfPage\":{\"@id\":\"https:\/\/www.sonoraenequipo.com.mx\/debaten-en-el-senado-leyes-reglamentarias-del-poder-judicial-de-la-federacion\/#primaryimage\"},\"image\":{\"@id\":\"https:\/\/www.sonoraenequipo.com.mx\/debaten-en-el-senado-leyes-reglamentarias-del-poder-judicial-de-la-federacion\/#primaryimage\"},\"thumbnailUrl\":\"https:\/\/www.sonoraenequipo.com.mx\/storage\/2021\/04\/SENADORES.jpg\",\"datePublished\":\"2021-04-15T19:10:25+00:00\",\"dateModified\":\"2021-04-16T01:33:45+00:00\",\"description\":\"&nbsp; &nbsp; \u25baBuscan erradicar el nepotismo, as\u00ed como garantizar la independencia y profesionalizaci\u00f3n de los servidores p\u00fablicos de este sector En Sonora en Equipo publicamos toda la informaci\u00f3n de Sonora, M\u00e9xico y el Mundo de manera oportuna y busca que la libertad de expresi\u00f3n sea real. Visita nuestro medio informativo publicado desde Hermosillo, Sonora. %\",\"breadcrumb\":{\"@id\":\"https:\/\/www.sonoraenequipo.com.mx\/debaten-en-el-senado-leyes-reglamentarias-del-poder-judicial-de-la-federacion\/#breadcrumb\"},\"inLanguage\":\"es\",\"potentialAction\":[{\"@type\":\"ReadAction\",\"target\":[\"https:\/\/www.sonoraenequipo.com.mx\/debaten-en-el-senado-leyes-reglamentarias-del-poder-judicial-de-la-federacion\/\"]}]},{\"@type\":\"ImageObject\",\"inLanguage\":\"es\",\"@id\":\"https:\/\/www.sonoraenequipo.com.mx\/debaten-en-el-senado-leyes-reglamentarias-del-poder-judicial-de-la-federacion\/#primaryimage\",\"url\":\"https:\/\/www.sonoraenequipo.com.mx\/storage\/2021\/04\/SENADORES.jpg\",\"contentUrl\":\"https:\/\/www.sonoraenequipo.com.mx\/storage\/2021\/04\/SENADORES.jpg\",\"width\":500,\"height\":300},{\"@type\":\"BreadcrumbList\",\"@id\":\"https:\/\/www.sonoraenequipo.com.mx\/debaten-en-el-senado-leyes-reglamentarias-del-poder-judicial-de-la-federacion\/#breadcrumb\",\"itemListElement\":[{\"@type\":\"ListItem\",\"position\":1,\"name\":\"Portada\",\"item\":\"https:\/\/www.sonoraenequipo.com.mx\/\"},{\"@type\":\"ListItem\",\"position\":2,\"name\":\"Debaten en el Senado leyes reglamentarias del Poder Judicial de la Federaci\u00f3n\"}]},{\"@type\":\"WebSite\",\"@id\":\"https:\/\/www.sonoraenequipo.com.mx\/#website\",\"url\":\"https:\/\/www.sonoraenequipo.com.mx\/\",\"name\":\"Sonora en Equipo.\",\"description\":\"Diario en l\u00ednea con Noticias desde Hermosillo, Sonora\",\"publisher\":{\"@id\":\"https:\/\/www.sonoraenequipo.com.mx\/#organization\"},\"potentialAction\":[{\"@type\":\"SearchAction\",\"target\":{\"@type\":\"EntryPoint\",\"urlTemplate\":\"https:\/\/www.sonoraenequipo.com.mx\/?s={search_term_string}\"},\"query-input\":{\"@type\":\"PropertyValueSpecification\",\"valueRequired\":true,\"valueName\":\"search_term_string\"}}],\"inLanguage\":\"es\"},{\"@type\":\"Organization\",\"@id\":\"https:\/\/www.sonoraenequipo.com.mx\/#organization\",\"name\":\"Sonoraenequipo.com.mx\",\"url\":\"https:\/\/www.sonoraenequipo.com.mx\/\",\"logo\":{\"@type\":\"ImageObject\",\"inLanguage\":\"es\",\"@id\":\"https:\/\/www.sonoraenequipo.com.mx\/#\/schema\/logo\/image\/\",\"url\":\"https:\/\/www.sonoraenequipo.com.mx\/storage\/2019\/01\/sonoraenequipo_opt.png\",\"contentUrl\":\"https:\/\/www.sonoraenequipo.com.mx\/storage\/2019\/01\/sonoraenequipo_opt.png\",\"width\":375,\"height\":125,\"caption\":\"Sonoraenequipo.com.mx\"},\"image\":{\"@id\":\"https:\/\/www.sonoraenequipo.com.mx\/#\/schema\/logo\/image\/\"},\"sameAs\":[\"https:\/\/www.facebook.com\/SonoraEE\/\",\"https:\/\/x.com\/sonoraenequipo\",\"https:\/\/www.youtube.com\/channel\/UC338nW-lPEYmJQs4ZABQ1SQ\"]},{\"@type\":\"Person\",\"@id\":\"https:\/\/www.sonoraenequipo.com.mx\/#\/schema\/person\/50102df0fb23a8fa9e8effad8fa81386\",\"name\":\"enequipo\",\"image\":{\"@type\":\"ImageObject\",\"inLanguage\":\"es\",\"@id\":\"https:\/\/www.sonoraenequipo.com.mx\/#\/schema\/person\/image\/\",\"url\":\"https:\/\/secure.gravatar.com\/avatar\/049821681b589dabc0bc20695993ccebb09f5b5d4d790cd9251b97faac7c652b?s=96&d=blank&r=g\",\"contentUrl\":\"https:\/\/secure.gravatar.com\/avatar\/049821681b589dabc0bc20695993ccebb09f5b5d4d790cd9251b97faac7c652b?s=96&d=blank&r=g\",\"caption\":\"enequipo\"},\"sameAs\":[\"https:\/\/www.facebook.com\/SonoraEE\"]}]}<\/script>\n ","yoast_head_json":{"title":"Sonora en Equipo. Debaten en el Senado leyes reglamentarias del Poder Judicial de la Federaci\u00f3n Congreso","description":"&nbsp; &nbsp; \u25baBuscan erradicar el nepotismo, as\u00ed como garantizar la independencia y profesionalizaci\u00f3n de los servidores p\u00fablicos de este sector En Sonora en Equipo publicamos toda la informaci\u00f3n de Sonora, M\u00e9xico y el Mundo de manera oportuna y busca que la libertad de expresi\u00f3n sea real. Visita nuestro medio informativo publicado desde Hermosillo, Sonora. %","robots":{"index":"index","follow":"follow","max-snippet":"max-snippet:-1","max-image-preview":"max-image-preview:large","max-video-preview":"max-video-preview:-1"},"canonical":"https:\/\/www.sonoraenequipo.com.mx\/debaten-en-el-senado-leyes-reglamentarias-del-poder-judicial-de-la-federacion\/","og_locale":"es_ES","og_type":"article","og_title":"Sonora en Equipo. Debaten en el Senado leyes reglamentarias del Poder Judicial de la Federaci\u00f3n Congreso","og_description":"&nbsp; &nbsp; \u25baBuscan erradicar el nepotismo, as\u00ed como garantizar la independencia y profesionalizaci\u00f3n de los servidores p\u00fablicos de este sector En Sonora en Equipo publicamos toda la informaci\u00f3n de Sonora, M\u00e9xico y el Mundo de manera oportuna y busca que la libertad de expresi\u00f3n sea real. Visita nuestro medio informativo publicado desde Hermosillo, Sonora. %","og_url":"https:\/\/www.sonoraenequipo.com.mx\/debaten-en-el-senado-leyes-reglamentarias-del-poder-judicial-de-la-federacion\/","og_site_name":"Sonora en Equipo.","article_publisher":"https:\/\/www.facebook.com\/SonoraEE\/","article_author":"https:\/\/www.facebook.com\/SonoraEE","article_published_time":"2021-04-15T19:10:25+00:00","article_modified_time":"2021-04-16T01:33:45+00:00","og_image":[{"width":500,"height":300,"url":"https:\/\/www.sonoraenequipo.com.mx\/storage\/2021\/04\/SENADORES.jpg","type":"image\/jpeg"}],"author":"enequipo","twitter_card":"summary_large_image","twitter_creator":"@sonoraenequipo","twitter_site":"@sonoraenequipo","twitter_misc":{"Escrito por":"enequipo","Tiempo de lectura":"4 minutos"},"schema":{"@context":"https:\/\/schema.org","@graph":[{"@type":"Article","@id":"https:\/\/www.sonoraenequipo.com.mx\/debaten-en-el-senado-leyes-reglamentarias-del-poder-judicial-de-la-federacion\/#article","isPartOf":{"@id":"https:\/\/www.sonoraenequipo.com.mx\/debaten-en-el-senado-leyes-reglamentarias-del-poder-judicial-de-la-federacion\/"},"author":{"name":"enequipo","@id":"https:\/\/www.sonoraenequipo.com.mx\/#\/schema\/person\/50102df0fb23a8fa9e8effad8fa81386"},"headline":"Debaten en el Senado leyes reglamentarias del Poder Judicial de la Federaci\u00f3n","datePublished":"2021-04-15T19:10:25+00:00","dateModified":"2021-04-16T01:33:45+00:00","mainEntityOfPage":{"@id":"https:\/\/www.sonoraenequipo.com.mx\/debaten-en-el-senado-leyes-reglamentarias-del-poder-judicial-de-la-federacion\/"},"wordCount":812,"commentCount":0,"publisher":{"@id":"https:\/\/www.sonoraenequipo.com.mx\/#organization"},"image":{"@id":"https:\/\/www.sonoraenequipo.com.mx\/debaten-en-el-senado-leyes-reglamentarias-del-poder-judicial-de-la-federacion\/#primaryimage"},"thumbnailUrl":"https:\/\/www.sonoraenequipo.com.mx\/storage\/2021\/04\/SENADORES.jpg","articleSection":["Congreso"],"inLanguage":"es","potentialAction":[{"@type":"CommentAction","name":"Comment","target":["https:\/\/www.sonoraenequipo.com.mx\/debaten-en-el-senado-leyes-reglamentarias-del-poder-judicial-de-la-federacion\/#respond"]}]},{"@type":"WebPage","@id":"https:\/\/www.sonoraenequipo.com.mx\/debaten-en-el-senado-leyes-reglamentarias-del-poder-judicial-de-la-federacion\/","url":"https:\/\/www.sonoraenequipo.com.mx\/debaten-en-el-senado-leyes-reglamentarias-del-poder-judicial-de-la-federacion\/","name":"Sonora en Equipo. Debaten en el Senado leyes reglamentarias del Poder Judicial de la Federaci\u00f3n Congreso","isPartOf":{"@id":"https:\/\/www.sonoraenequipo.com.mx\/#website"},"primaryImageOfPage":{"@id":"https:\/\/www.sonoraenequipo.com.mx\/debaten-en-el-senado-leyes-reglamentarias-del-poder-judicial-de-la-federacion\/#primaryimage"},"image":{"@id":"https:\/\/www.sonoraenequipo.com.mx\/debaten-en-el-senado-leyes-reglamentarias-del-poder-judicial-de-la-federacion\/#primaryimage"},"thumbnailUrl":"https:\/\/www.sonoraenequipo.com.mx\/storage\/2021\/04\/SENADORES.jpg","datePublished":"2021-04-15T19:10:25+00:00","dateModified":"2021-04-16T01:33:45+00:00","description":"&nbsp; &nbsp; \u25baBuscan erradicar el nepotismo, as\u00ed como garantizar la independencia y profesionalizaci\u00f3n de los servidores p\u00fablicos de este sector En Sonora en Equipo publicamos toda la informaci\u00f3n de Sonora, M\u00e9xico y el Mundo de manera oportuna y busca que la libertad de expresi\u00f3n sea real. Visita nuestro medio informativo publicado desde Hermosillo, Sonora. %","breadcrumb":{"@id":"https:\/\/www.sonoraenequipo.com.mx\/debaten-en-el-senado-leyes-reglamentarias-del-poder-judicial-de-la-federacion\/#breadcrumb"},"inLanguage":"es","potentialAction":[{"@type":"ReadAction","target":["https:\/\/www.sonoraenequipo.com.mx\/debaten-en-el-senado-leyes-reglamentarias-del-poder-judicial-de-la-federacion\/"]}]},{"@type":"ImageObject","inLanguage":"es","@id":"https:\/\/www.sonoraenequipo.com.mx\/debaten-en-el-senado-leyes-reglamentarias-del-poder-judicial-de-la-federacion\/#primaryimage","url":"https:\/\/www.sonoraenequipo.com.mx\/storage\/2021\/04\/SENADORES.jpg","contentUrl":"https:\/\/www.sonoraenequipo.com.mx\/storage\/2021\/04\/SENADORES.jpg","width":500,"height":300},{"@type":"BreadcrumbList","@id":"https:\/\/www.sonoraenequipo.com.mx\/debaten-en-el-senado-leyes-reglamentarias-del-poder-judicial-de-la-federacion\/#breadcrumb","itemListElement":[{"@type":"ListItem","position":1,"name":"Portada","item":"https:\/\/www.sonoraenequipo.com.mx\/"},{"@type":"ListItem","position":2,"name":"Debaten en el Senado leyes reglamentarias del Poder Judicial de la Federaci\u00f3n"}]},{"@type":"WebSite","@id":"https:\/\/www.sonoraenequipo.com.mx\/#website","url":"https:\/\/www.sonoraenequipo.com.mx\/","name":"Sonora en Equipo.","description":"Diario en l\u00ednea con Noticias desde Hermosillo, Sonora","publisher":{"@id":"https:\/\/www.sonoraenequipo.com.mx\/#organization"},"potentialAction":[{"@type":"SearchAction","target":{"@type":"EntryPoint","urlTemplate":"https:\/\/www.sonoraenequipo.com.mx\/?s={search_term_string}"},"query-input":{"@type":"PropertyValueSpecification","valueRequired":true,"valueName":"search_term_string"}}],"inLanguage":"es"},{"@type":"Organization","@id":"https:\/\/www.sonoraenequipo.com.mx\/#organization","name":"Sonoraenequipo.com.mx","url":"https:\/\/www.sonoraenequipo.com.mx\/","logo":{"@type":"ImageObject","inLanguage":"es","@id":"https:\/\/www.sonoraenequipo.com.mx\/#\/schema\/logo\/image\/","url":"https:\/\/www.sonoraenequipo.com.mx\/storage\/2019\/01\/sonoraenequipo_opt.png","contentUrl":"https:\/\/www.sonoraenequipo.com.mx\/storage\/2019\/01\/sonoraenequipo_opt.png","width":375,"height":125,"caption":"Sonoraenequipo.com.mx"},"image":{"@id":"https:\/\/www.sonoraenequipo.com.mx\/#\/schema\/logo\/image\/"},"sameAs":["https:\/\/www.facebook.com\/SonoraEE\/","https:\/\/x.com\/sonoraenequipo","https:\/\/www.youtube.com\/channel\/UC338nW-lPEYmJQs4ZABQ1SQ"]},{"@type":"Person","@id":"https:\/\/www.sonoraenequipo.com.mx\/#\/schema\/person\/50102df0fb23a8fa9e8effad8fa81386","name":"enequipo","image":{"@type":"ImageObject","inLanguage":"es","@id":"https:\/\/www.sonoraenequipo.com.mx\/#\/schema\/person\/image\/","url":"https:\/\/secure.gravatar.com\/avatar\/049821681b589dabc0bc20695993ccebb09f5b5d4d790cd9251b97faac7c652b?s=96&d=blank&r=g","contentUrl":"https:\/\/secure.gravatar.com\/avatar\/049821681b589dabc0bc20695993ccebb09f5b5d4d790cd9251b97faac7c652b?s=96&d=blank&r=g","caption":"enequipo"},"sameAs":["https:\/\/www.facebook.com\/SonoraEE"]}]}},"jetpack_featured_media_url":"https:\/\/www.sonoraenequipo.com.mx\/storage\/2021\/04\/SENADORES.jpg","_links":{"self":[{"href":"https:\/\/www.sonoraenequipo.com.mx\/api\/wp\/v2\/posts\/111654","targetHints":{"allow":["GET"]}}],"collection":[{"href":"https:\/\/www.sonoraenequipo.com.mx\/api\/wp\/v2\/posts"}],"about":[{"href":"https:\/\/www.sonoraenequipo.com.mx\/api\/wp\/v2\/types\/post"}],"author":[{"embeddable":true,"href":"https:\/\/www.sonoraenequipo.com.mx\/api\/wp\/v2\/users\/1"}],"replies":[{"embeddable":true,"href":"https:\/\/www.sonoraenequipo.com.mx\/api\/wp\/v2\/comments?post=111654"}],"version-history":[{"count":1,"href":"https:\/\/www.sonoraenequipo.com.mx\/api\/wp\/v2\/posts\/111654\/revisions"}],"predecessor-version":[{"id":111656,"href":"https:\/\/www.sonoraenequipo.com.mx\/api\/wp\/v2\/posts\/111654\/revisions\/111656"}],"wp:featuredmedia":[{"embeddable":true,"href":"https:\/\/www.sonoraenequipo.com.mx\/api\/wp\/v2\/media\/111655"}],"wp:attachment":[{"href":"https:\/\/www.sonoraenequipo.com.mx\/api\/wp\/v2\/media?parent=111654"}],"wp:term":[{"taxonomy":"category","embeddable":true,"href":"https:\/\/www.sonoraenequipo.com.mx\/api\/wp\/v2\/categories?post=111654"},{"taxonomy":"post_tag","embeddable":true,"href":"https:\/\/www.sonoraenequipo.com.mx\/api\/wp\/v2\/tags?post=111654"}],"curies":[{"name":"wp","href":"https:\/\/api.w.org\/{rel}","templated":true}]}}