{"id":111663,"date":"2021-04-15T07:46:25","date_gmt":"2021-04-15T14:46:25","guid":{"rendered":"https:\/\/www.sonoraenequipo.com.mx\/?p=111663"},"modified":"2021-04-15T18:26:52","modified_gmt":"2021-04-16T01:26:52","slug":"jose-tamayo-vive-con-trauma-craneoencefalico-tras-ser-golpeado-y-torturado-durante-tres-diaspor-policias-de-quintana-roo-reinserta","status":"publish","type":"post","link":"https:\/\/www.sonoraenequipo.com.mx\/jose-tamayo-vive-con-trauma-craneoencefalico-tras-ser-golpeado-y-torturado-durante-tres-diaspor-policias-de-quintana-roo-reinserta\/","title":{"rendered":"Jos\u00e9 Tamayo vive con trauma craneal tras ser golpeado y torturado durante tres d\u00edas por polic\u00edas  de Quintana Roo: Reinserta"},"content":{"rendered":"<p>\u25baCuatro de cada diez personas detenidas en M\u00e9xico, han recibido alguna amenaza por parte de la Polic\u00eda.<\/p>\n<p>CDMX.\u2500 El pasado 10 de septiembre de 2020, Reinserta hizo p\u00fablica la vida del Sr. Jos\u00e9 Tamayo, una persona privada de la libertad que pas\u00f3 casi siete a\u00f1os dentro del Penal de Cozumel, Quintana Roo sin atenci\u00f3n m\u00e9dica adecuada. Acusado de un delito, que m\u00e1s all\u00e1 de serle plenamente acreditado, padeci\u00f3, a causa de la brutal detenci\u00f3n, un trauma craneoencef\u00e1lico, misma que a\u00f1os m\u00e1s tarde se traducir\u00eda en una enfermedad neuronal severa, todo ello como consecuencia de los golpes y torturas que recibi\u00f3 durante tres d\u00edas por parte de la polic\u00eda aprehensora.<\/p>\n<p>&nbsp;<\/p>\n<p>El \u201cCaso Tamayo\u201d, es uno de muchos que habitan y sufren desde nuestras c\u00e1rceles. El Diagn\u00f3stivo sobre la percepci\u00f3n del desempe\u00f1o de la defensor\u00eda penal en M\u00e9xico* presentado por Reinserta en 2020 revela que m\u00e1s del 40% de los encuestados recibieron amenazas por alg\u00fan polic\u00eda, Ministerio P\u00fablico o juez, m\u00e1s del 50% fue insultado, y experiment\u00f3 una detenci\u00f3n violenta. Respecto a la preparaci\u00f3n y acompa\u00f1amiento legal, hay una deficiencia profesional en la labor de los defensores, tan s\u00f3lo en 2.4 casos de cada 10, los defensores explicaron el proceso legal por el que el cliente iba a pasar y el 63% de la poblaci\u00f3n encuestada contest\u00f3 que no se le ofreci\u00f3 asistencia y apoyos para el cuidado de sus hijas e hijos.<\/p>\n<p>&nbsp;<\/p>\n<p>Jos\u00e9 Tamayo era un mesero, proveniente de una familia honrada cuyo \u00fanico \u201cmal\u201d fue carecer de los recursos econ\u00f3micos suficientes para que las autoridades no se metieran con \u00e9l, convirti\u00e9ndolo en una v\u00edctima m\u00e1s de nuestro Sistema de Justicia Penal, ese mismo sistema que integra expedientes con personas que no deber\u00edan pisar la c\u00e1rcel. Reinserta, desde ese momento decidi\u00f3 no pasar desapercibida la vida del Sr. Tamayo, a trav\u00e9s del equipo jur\u00eddico de la asociaci\u00f3n solicit\u00f3 el expediente para ofrecer ayuda legal a trav\u00e9s de su programa \u201cCausas Justas\u201d, una iniciativa que, desde 2019, defiende casos donde se ven vulnerados los derechos humanos de las personas en M\u00e9xico y casos de inocencia en prisi\u00f3n.<\/p>\n<p>&nbsp;<\/p>\n<p>Una vez que se estudi\u00f3 el caso, Reinserta abri\u00f3 una aplicaci\u00f3n en l\u00ednea para recolectar fondos, los cuales, han servido para solventar gastos del sentenciado derivado de un tratamiento m\u00e9dico integral, pago de las sanciones de la pena impuesta, apoyo econ\u00f3mico a su familia, y operaci\u00f3n jur\u00eddica, principalmente. En una segunda fase, Reinserta canaliz\u00f3 el \u201cCaso Tamayo\u201d al Despacho de Abogados especialistas en litigio penal \u201cNassar Nassar Lozano y Asociados\u201d, quien acept\u00f3 atender el asunto en forma Pro-Bono, gracias a una alianza estrat\u00e9gica con la Asociaci\u00f3n. Finalmente, Reinserta facilit\u00f3 el acceso y seguimiento del asunto a los familiares del sentenciado, manteniendo con ellos una comunicaci\u00f3n constante, cercana, profesional y humana.<\/p>\n<p>&nbsp;<\/p>\n<p>El d\u00eda martes 13 de abril de 2021, el Juez de Ejecuci\u00f3n de Sentencias de Primera Instancia del Distrito Judicial de Canc\u00fan, Quintana Roo, decret\u00f3 que el Sr. Tamayo cumplir\u00e1 el resto de su sentencia en su domicilio, toda vez que padece la enfermedad neruronal conocida como \u201cCorea de Huntington\u201d. Por lo que Jos\u00e9 Tamayo cumplir\u00e1 con lo establecido por la Ley, desde un lugar con acceso digno y la atenci\u00f3n necesaria a los padecimientos que sufre. El Sr. Tamayo es una de las tantas caras de la vulnerabilidad en M\u00e9xico.<\/p>\n<p>&nbsp;<\/p>\n<p>El trabajo realizado en este asunto se consolida como un caso de \u00e9xito en la historia de la Asociaci\u00f3n, de su proyecto de defensor\u00eda \u00e9tica y humana y la relaci\u00f3n con sus aliados estrat\u00e9gicos. Felicitamos de forma particular al Despacho \u201cNassar Nassar Lozano y Asociados\u201d, a nuestro miembro del Patronato Diego Ru\u00edz Dur\u00e1n, a nuestros abogados colaboradores que dieron el seguimiento puntual del caso, y a todas las personas que se sumaron, as\u00ed como a todas aquellas personas que nos ayudaron a trav\u00e9s de un donativo para poder brindar la atenci\u00f3n necesaria a Jos\u00e9 Tamayo.De igual forma, la asociaci\u00f3n agradece p\u00fablicamente la labor de las autoridades del Sistema Penitenciario de Quintana Roo as\u00ed como al Secretario de Seguridad Lucio Hern\u00e1ndez por la apertura y la transparencia en el manejo del caso.<\/p>\n<p>&nbsp;<\/p>\n<p>Nuestro Sistema de Justicia Penal tiene una gran deuda y un trabajo importante para crear modelos de impartici\u00f3n de justicia real. Nuestra labor es y seguir\u00e1 siendo visibilizar esta problem\u00e1tica, crear conciencia social, movilizar a todos aquellos que tengan voluntad de cooperar y abogar por una verdadera justicia.<\/p>\n<p>Fecha de publicaci\u00f3n \u00a0\u00a0jueves \/\u00a0 15\u00a0 \/ abril \/ 2021<\/p>\n<p>&nbsp;<\/p>\n","protected":false},"excerpt":{"rendered":"<p>\u25baCuatro de cada diez personas detenidas en M\u00e9xico, han recibido alguna amenaza por parte de&#8230;<\/p>\n","protected":false},"author":1,"featured_media":111664,"comment_status":"open","ping_status":"open","sticky":false,"template":"","format":"standard","meta":{"_monsterinsights_skip_tracking":false,"_monsterinsights_sitenote_active":false,"_monsterinsights_sitenote_note":"","_monsterinsights_sitenote_category":0,"footnotes":""},"categories":[5],"tags":[5615,5614],"class_list":["post"],"yoast_head":" \n<title>Sonora en Equipo. Jos\u00e9 Tamayo vive con trauma craneal tras ser golpeado y torturado durante tres d\u00edas por polic\u00edas de Quintana Roo: Reinserta Rep\u00fablica<\/title>\n<meta name=\"description\" content=\"\u25baCuatro de cada diez personas detenidas en M\u00e9xico, han recibido alguna amenaza por parte de la Polic\u00eda. CDMX.\u2500 El pasado 10 de septiembre de 2020, En Sonora en Equipo publicamos toda la informaci\u00f3n de Sonora, M\u00e9xico y el Mundo de manera oportuna y busca que la libertad de expresi\u00f3n sea real. Visita nuestro medio informativo publicado desde Hermosillo, Sonora. %\" \/>\n<meta name=\"robots\" content=\"index, follow, max-snippet:-1, max-image-preview:large, max-video-preview:-1\" \/>\n<link rel=\"canonical\" href=\"https:\/\/www.sonoraenequipo.com.mx\/jose-tamayo-vive-con-trauma-craneoencefalico-tras-ser-golpeado-y-torturado-durante-tres-diaspor-policias-de-quintana-roo-reinserta\/\" \/>\n<meta property=\"og:locale\" content=\"es_ES\" \/>\n<meta property=\"og:type\" content=\"article\" \/>\n<meta property=\"og:title\" content=\"Sonora en Equipo. Jos\u00e9 Tamayo vive con trauma craneal tras ser golpeado y torturado durante tres d\u00edas por polic\u00edas de Quintana Roo: Reinserta Rep\u00fablica\" \/>\n<meta property=\"og:description\" content=\"\u25baCuatro de cada diez personas detenidas en M\u00e9xico, han recibido alguna amenaza por parte de la Polic\u00eda. CDMX.\u2500 El pasado 10 de septiembre de 2020, En Sonora en Equipo publicamos toda la informaci\u00f3n de Sonora, M\u00e9xico y el Mundo de manera oportuna y busca que la libertad de expresi\u00f3n sea real. Visita nuestro medio informativo publicado desde Hermosillo, Sonora. %\" \/>\n<meta property=\"og:url\" content=\"https:\/\/www.sonoraenequipo.com.mx\/jose-tamayo-vive-con-trauma-craneoencefalico-tras-ser-golpeado-y-torturado-durante-tres-diaspor-policias-de-quintana-roo-reinserta\/\" \/>\n<meta property=\"og:site_name\" content=\"Sonora en Equipo.\" \/>\n<meta property=\"article:publisher\" content=\"https:\/\/www.facebook.com\/SonoraEE\/\" \/>\n<meta property=\"article:author\" content=\"https:\/\/www.facebook.com\/SonoraEE\" \/>\n<meta property=\"article:published_time\" content=\"2021-04-15T14:46:25+00:00\" \/>\n<meta property=\"article:modified_time\" content=\"2021-04-16T01:26:52+00:00\" \/>\n<meta property=\"og:image\" content=\"https:\/\/www.sonoraenequipo.com.mx\/storage\/2021\/04\/tamayo.jpg\" \/>\n\t<meta property=\"og:image:width\" content=\"500\" \/>\n\t<meta property=\"og:image:height\" content=\"300\" \/>\n\t<meta property=\"og:image:type\" content=\"image\/jpeg\" \/>\n<meta name=\"author\" content=\"enequipo\" \/>\n<meta name=\"twitter:card\" content=\"summary_large_image\" \/>\n<meta name=\"twitter:creator\" content=\"@sonoraenequipo\" \/>\n<meta name=\"twitter:site\" content=\"@sonoraenequipo\" \/>\n<meta name=\"twitter:label1\" content=\"Escrito por\" \/>\n\t<meta name=\"twitter:data1\" content=\"enequipo\" \/>\n\t<meta name=\"twitter:label2\" content=\"Tiempo de lectura\" \/>\n\t<meta name=\"twitter:data2\" content=\"4 minutos\" \/>\n<script type=\"application\/ld+json\" class=\"yoast-schema-graph\">{\"@context\":\"https:\/\/schema.org\",\"@graph\":[{\"@type\":\"Article\",\"@id\":\"https:\/\/www.sonoraenequipo.com.mx\/jose-tamayo-vive-con-trauma-craneoencefalico-tras-ser-golpeado-y-torturado-durante-tres-diaspor-policias-de-quintana-roo-reinserta\/#article\",\"isPartOf\":{\"@id\":\"https:\/\/www.sonoraenequipo.com.mx\/jose-tamayo-vive-con-trauma-craneoencefalico-tras-ser-golpeado-y-torturado-durante-tres-diaspor-policias-de-quintana-roo-reinserta\/\"},\"author\":{\"name\":\"enequipo\",\"@id\":\"https:\/\/www.sonoraenequipo.com.mx\/#\/schema\/person\/50102df0fb23a8fa9e8effad8fa81386\"},\"headline\":\"Jos\u00e9 Tamayo vive con trauma craneal tras ser golpeado y torturado durante tres d\u00edas por polic\u00edas de Quintana Roo: Reinserta\",\"datePublished\":\"2021-04-15T14:46:25+00:00\",\"dateModified\":\"2021-04-16T01:26:52+00:00\",\"mainEntityOfPage\":{\"@id\":\"https:\/\/www.sonoraenequipo.com.mx\/jose-tamayo-vive-con-trauma-craneoencefalico-tras-ser-golpeado-y-torturado-durante-tres-diaspor-policias-de-quintana-roo-reinserta\/\"},\"wordCount\":819,\"commentCount\":0,\"publisher\":{\"@id\":\"https:\/\/www.sonoraenequipo.com.mx\/#organization\"},\"image\":{\"@id\":\"https:\/\/www.sonoraenequipo.com.mx\/jose-tamayo-vive-con-trauma-craneoencefalico-tras-ser-golpeado-y-torturado-durante-tres-diaspor-policias-de-quintana-roo-reinserta\/#primaryimage\"},\"thumbnailUrl\":\"https:\/\/www.sonoraenequipo.com.mx\/storage\/2021\/04\/tamayo.jpg\",\"keywords\":[\"caso tamayo\",\"violencia polic\u00eda\"],\"articleSection\":[\"Rep\u00fablica\"],\"inLanguage\":\"es\",\"potentialAction\":[{\"@type\":\"CommentAction\",\"name\":\"Comment\",\"target\":[\"https:\/\/www.sonoraenequipo.com.mx\/jose-tamayo-vive-con-trauma-craneoencefalico-tras-ser-golpeado-y-torturado-durante-tres-diaspor-policias-de-quintana-roo-reinserta\/#respond\"]}]},{\"@type\":\"WebPage\",\"@id\":\"https:\/\/www.sonoraenequipo.com.mx\/jose-tamayo-vive-con-trauma-craneoencefalico-tras-ser-golpeado-y-torturado-durante-tres-diaspor-policias-de-quintana-roo-reinserta\/\",\"url\":\"https:\/\/www.sonoraenequipo.com.mx\/jose-tamayo-vive-con-trauma-craneoencefalico-tras-ser-golpeado-y-torturado-durante-tres-diaspor-policias-de-quintana-roo-reinserta\/\",\"name\":\"Sonora en Equipo. Jos\u00e9 Tamayo vive con trauma craneal tras ser golpeado y torturado durante tres d\u00edas por polic\u00edas de Quintana Roo: Reinserta Rep\u00fablica\",\"isPartOf\":{\"@id\":\"https:\/\/www.sonoraenequipo.com.mx\/#website\"},\"primaryImageOfPage\":{\"@id\":\"https:\/\/www.sonoraenequipo.com.mx\/jose-tamayo-vive-con-trauma-craneoencefalico-tras-ser-golpeado-y-torturado-durante-tres-diaspor-policias-de-quintana-roo-reinserta\/#primaryimage\"},\"image\":{\"@id\":\"https:\/\/www.sonoraenequipo.com.mx\/jose-tamayo-vive-con-trauma-craneoencefalico-tras-ser-golpeado-y-torturado-durante-tres-diaspor-policias-de-quintana-roo-reinserta\/#primaryimage\"},\"thumbnailUrl\":\"https:\/\/www.sonoraenequipo.com.mx\/storage\/2021\/04\/tamayo.jpg\",\"datePublished\":\"2021-04-15T14:46:25+00:00\",\"dateModified\":\"2021-04-16T01:26:52+00:00\",\"description\":\"\u25baCuatro de cada diez personas detenidas en M\u00e9xico, han recibido alguna amenaza por parte de la Polic\u00eda. CDMX.\u2500 El pasado 10 de septiembre de 2020, En Sonora en Equipo publicamos toda la informaci\u00f3n de Sonora, M\u00e9xico y el Mundo de manera oportuna y busca que la libertad de expresi\u00f3n sea real. Visita nuestro medio informativo publicado desde Hermosillo, Sonora. %\",\"breadcrumb\":{\"@id\":\"https:\/\/www.sonoraenequipo.com.mx\/jose-tamayo-vive-con-trauma-craneoencefalico-tras-ser-golpeado-y-torturado-durante-tres-diaspor-policias-de-quintana-roo-reinserta\/#breadcrumb\"},\"inLanguage\":\"es\",\"potentialAction\":[{\"@type\":\"ReadAction\",\"target\":[\"https:\/\/www.sonoraenequipo.com.mx\/jose-tamayo-vive-con-trauma-craneoencefalico-tras-ser-golpeado-y-torturado-durante-tres-diaspor-policias-de-quintana-roo-reinserta\/\"]}]},{\"@type\":\"ImageObject\",\"inLanguage\":\"es\",\"@id\":\"https:\/\/www.sonoraenequipo.com.mx\/jose-tamayo-vive-con-trauma-craneoencefalico-tras-ser-golpeado-y-torturado-durante-tres-diaspor-policias-de-quintana-roo-reinserta\/#primaryimage\",\"url\":\"https:\/\/www.sonoraenequipo.com.mx\/storage\/2021\/04\/tamayo.jpg\",\"contentUrl\":\"https:\/\/www.sonoraenequipo.com.mx\/storage\/2021\/04\/tamayo.jpg\",\"width\":500,\"height\":300},{\"@type\":\"BreadcrumbList\",\"@id\":\"https:\/\/www.sonoraenequipo.com.mx\/jose-tamayo-vive-con-trauma-craneoencefalico-tras-ser-golpeado-y-torturado-durante-tres-diaspor-policias-de-quintana-roo-reinserta\/#breadcrumb\",\"itemListElement\":[{\"@type\":\"ListItem\",\"position\":1,\"name\":\"Portada\",\"item\":\"https:\/\/www.sonoraenequipo.com.mx\/\"},{\"@type\":\"ListItem\",\"position\":2,\"name\":\"Jos\u00e9 Tamayo vive con trauma craneal tras ser golpeado y torturado durante tres d\u00edas por polic\u00edas de Quintana Roo: Reinserta\"}]},{\"@type\":\"WebSite\",\"@id\":\"https:\/\/www.sonoraenequipo.com.mx\/#website\",\"url\":\"https:\/\/www.sonoraenequipo.com.mx\/\",\"name\":\"Sonora en Equipo.\",\"description\":\"Diario en l\u00ednea con Noticias desde Hermosillo, Sonora\",\"publisher\":{\"@id\":\"https:\/\/www.sonoraenequipo.com.mx\/#organization\"},\"potentialAction\":[{\"@type\":\"SearchAction\",\"target\":{\"@type\":\"EntryPoint\",\"urlTemplate\":\"https:\/\/www.sonoraenequipo.com.mx\/?s={search_term_string}\"},\"query-input\":{\"@type\":\"PropertyValueSpecification\",\"valueRequired\":true,\"valueName\":\"search_term_string\"}}],\"inLanguage\":\"es\"},{\"@type\":\"Organization\",\"@id\":\"https:\/\/www.sonoraenequipo.com.mx\/#organization\",\"name\":\"Sonoraenequipo.com.mx\",\"url\":\"https:\/\/www.sonoraenequipo.com.mx\/\",\"logo\":{\"@type\":\"ImageObject\",\"inLanguage\":\"es\",\"@id\":\"https:\/\/www.sonoraenequipo.com.mx\/#\/schema\/logo\/image\/\",\"url\":\"https:\/\/www.sonoraenequipo.com.mx\/storage\/2019\/01\/sonoraenequipo_opt.png\",\"contentUrl\":\"https:\/\/www.sonoraenequipo.com.mx\/storage\/2019\/01\/sonoraenequipo_opt.png\",\"width\":375,\"height\":125,\"caption\":\"Sonoraenequipo.com.mx\"},\"image\":{\"@id\":\"https:\/\/www.sonoraenequipo.com.mx\/#\/schema\/logo\/image\/\"},\"sameAs\":[\"https:\/\/www.facebook.com\/SonoraEE\/\",\"https:\/\/x.com\/sonoraenequipo\",\"https:\/\/www.youtube.com\/channel\/UC338nW-lPEYmJQs4ZABQ1SQ\"]},{\"@type\":\"Person\",\"@id\":\"https:\/\/www.sonoraenequipo.com.mx\/#\/schema\/person\/50102df0fb23a8fa9e8effad8fa81386\",\"name\":\"enequipo\",\"image\":{\"@type\":\"ImageObject\",\"inLanguage\":\"es\",\"@id\":\"https:\/\/www.sonoraenequipo.com.mx\/#\/schema\/person\/image\/\",\"url\":\"https:\/\/secure.gravatar.com\/avatar\/049821681b589dabc0bc20695993ccebb09f5b5d4d790cd9251b97faac7c652b?s=96&d=blank&r=g\",\"contentUrl\":\"https:\/\/secure.gravatar.com\/avatar\/049821681b589dabc0bc20695993ccebb09f5b5d4d790cd9251b97faac7c652b?s=96&d=blank&r=g\",\"caption\":\"enequipo\"},\"sameAs\":[\"https:\/\/www.facebook.com\/SonoraEE\"]}]}<\/script>\n ","yoast_head_json":{"title":"Sonora en Equipo. Jos\u00e9 Tamayo vive con trauma craneal tras ser golpeado y torturado durante tres d\u00edas por polic\u00edas de Quintana Roo: Reinserta Rep\u00fablica","description":"\u25baCuatro de cada diez personas detenidas en M\u00e9xico, han recibido alguna amenaza por parte de la Polic\u00eda. CDMX.\u2500 El pasado 10 de septiembre de 2020, En Sonora en Equipo publicamos toda la informaci\u00f3n de Sonora, M\u00e9xico y el Mundo de manera oportuna y busca que la libertad de expresi\u00f3n sea real. Visita nuestro medio informativo publicado desde Hermosillo, Sonora. %","robots":{"index":"index","follow":"follow","max-snippet":"max-snippet:-1","max-image-preview":"max-image-preview:large","max-video-preview":"max-video-preview:-1"},"canonical":"https:\/\/www.sonoraenequipo.com.mx\/jose-tamayo-vive-con-trauma-craneoencefalico-tras-ser-golpeado-y-torturado-durante-tres-diaspor-policias-de-quintana-roo-reinserta\/","og_locale":"es_ES","og_type":"article","og_title":"Sonora en Equipo. Jos\u00e9 Tamayo vive con trauma craneal tras ser golpeado y torturado durante tres d\u00edas por polic\u00edas de Quintana Roo: Reinserta Rep\u00fablica","og_description":"\u25baCuatro de cada diez personas detenidas en M\u00e9xico, han recibido alguna amenaza por parte de la Polic\u00eda. CDMX.\u2500 El pasado 10 de septiembre de 2020, En Sonora en Equipo publicamos toda la informaci\u00f3n de Sonora, M\u00e9xico y el Mundo de manera oportuna y busca que la libertad de expresi\u00f3n sea real. Visita nuestro medio informativo publicado desde Hermosillo, Sonora. %","og_url":"https:\/\/www.sonoraenequipo.com.mx\/jose-tamayo-vive-con-trauma-craneoencefalico-tras-ser-golpeado-y-torturado-durante-tres-diaspor-policias-de-quintana-roo-reinserta\/","og_site_name":"Sonora en Equipo.","article_publisher":"https:\/\/www.facebook.com\/SonoraEE\/","article_author":"https:\/\/www.facebook.com\/SonoraEE","article_published_time":"2021-04-15T14:46:25+00:00","article_modified_time":"2021-04-16T01:26:52+00:00","og_image":[{"width":500,"height":300,"url":"https:\/\/www.sonoraenequipo.com.mx\/storage\/2021\/04\/tamayo.jpg","type":"image\/jpeg"}],"author":"enequipo","twitter_card":"summary_large_image","twitter_creator":"@sonoraenequipo","twitter_site":"@sonoraenequipo","twitter_misc":{"Escrito por":"enequipo","Tiempo de lectura":"4 minutos"},"schema":{"@context":"https:\/\/schema.org","@graph":[{"@type":"Article","@id":"https:\/\/www.sonoraenequipo.com.mx\/jose-tamayo-vive-con-trauma-craneoencefalico-tras-ser-golpeado-y-torturado-durante-tres-diaspor-policias-de-quintana-roo-reinserta\/#article","isPartOf":{"@id":"https:\/\/www.sonoraenequipo.com.mx\/jose-tamayo-vive-con-trauma-craneoencefalico-tras-ser-golpeado-y-torturado-durante-tres-diaspor-policias-de-quintana-roo-reinserta\/"},"author":{"name":"enequipo","@id":"https:\/\/www.sonoraenequipo.com.mx\/#\/schema\/person\/50102df0fb23a8fa9e8effad8fa81386"},"headline":"Jos\u00e9 Tamayo vive con trauma craneal tras ser golpeado y torturado durante tres d\u00edas por polic\u00edas de Quintana Roo: Reinserta","datePublished":"2021-04-15T14:46:25+00:00","dateModified":"2021-04-16T01:26:52+00:00","mainEntityOfPage":{"@id":"https:\/\/www.sonoraenequipo.com.mx\/jose-tamayo-vive-con-trauma-craneoencefalico-tras-ser-golpeado-y-torturado-durante-tres-diaspor-policias-de-quintana-roo-reinserta\/"},"wordCount":819,"commentCount":0,"publisher":{"@id":"https:\/\/www.sonoraenequipo.com.mx\/#organization"},"image":{"@id":"https:\/\/www.sonoraenequipo.com.mx\/jose-tamayo-vive-con-trauma-craneoencefalico-tras-ser-golpeado-y-torturado-durante-tres-diaspor-policias-de-quintana-roo-reinserta\/#primaryimage"},"thumbnailUrl":"https:\/\/www.sonoraenequipo.com.mx\/storage\/2021\/04\/tamayo.jpg","keywords":["caso tamayo","violencia polic\u00eda"],"articleSection":["Rep\u00fablica"],"inLanguage":"es","potentialAction":[{"@type":"CommentAction","name":"Comment","target":["https:\/\/www.sonoraenequipo.com.mx\/jose-tamayo-vive-con-trauma-craneoencefalico-tras-ser-golpeado-y-torturado-durante-tres-diaspor-policias-de-quintana-roo-reinserta\/#respond"]}]},{"@type":"WebPage","@id":"https:\/\/www.sonoraenequipo.com.mx\/jose-tamayo-vive-con-trauma-craneoencefalico-tras-ser-golpeado-y-torturado-durante-tres-diaspor-policias-de-quintana-roo-reinserta\/","url":"https:\/\/www.sonoraenequipo.com.mx\/jose-tamayo-vive-con-trauma-craneoencefalico-tras-ser-golpeado-y-torturado-durante-tres-diaspor-policias-de-quintana-roo-reinserta\/","name":"Sonora en Equipo. Jos\u00e9 Tamayo vive con trauma craneal tras ser golpeado y torturado durante tres d\u00edas por polic\u00edas de Quintana Roo: Reinserta Rep\u00fablica","isPartOf":{"@id":"https:\/\/www.sonoraenequipo.com.mx\/#website"},"primaryImageOfPage":{"@id":"https:\/\/www.sonoraenequipo.com.mx\/jose-tamayo-vive-con-trauma-craneoencefalico-tras-ser-golpeado-y-torturado-durante-tres-diaspor-policias-de-quintana-roo-reinserta\/#primaryimage"},"image":{"@id":"https:\/\/www.sonoraenequipo.com.mx\/jose-tamayo-vive-con-trauma-craneoencefalico-tras-ser-golpeado-y-torturado-durante-tres-diaspor-policias-de-quintana-roo-reinserta\/#primaryimage"},"thumbnailUrl":"https:\/\/www.sonoraenequipo.com.mx\/storage\/2021\/04\/tamayo.jpg","datePublished":"2021-04-15T14:46:25+00:00","dateModified":"2021-04-16T01:26:52+00:00","description":"\u25baCuatro de cada diez personas detenidas en M\u00e9xico, han recibido alguna amenaza por parte de la Polic\u00eda. CDMX.\u2500 El pasado 10 de septiembre de 2020, En Sonora en Equipo publicamos toda la informaci\u00f3n de Sonora, M\u00e9xico y el Mundo de manera oportuna y busca que la libertad de expresi\u00f3n sea real. Visita nuestro medio informativo publicado desde Hermosillo, Sonora. %","breadcrumb":{"@id":"https:\/\/www.sonoraenequipo.com.mx\/jose-tamayo-vive-con-trauma-craneoencefalico-tras-ser-golpeado-y-torturado-durante-tres-diaspor-policias-de-quintana-roo-reinserta\/#breadcrumb"},"inLanguage":"es","potentialAction":[{"@type":"ReadAction","target":["https:\/\/www.sonoraenequipo.com.mx\/jose-tamayo-vive-con-trauma-craneoencefalico-tras-ser-golpeado-y-torturado-durante-tres-diaspor-policias-de-quintana-roo-reinserta\/"]}]},{"@type":"ImageObject","inLanguage":"es","@id":"https:\/\/www.sonoraenequipo.com.mx\/jose-tamayo-vive-con-trauma-craneoencefalico-tras-ser-golpeado-y-torturado-durante-tres-diaspor-policias-de-quintana-roo-reinserta\/#primaryimage","url":"https:\/\/www.sonoraenequipo.com.mx\/storage\/2021\/04\/tamayo.jpg","contentUrl":"https:\/\/www.sonoraenequipo.com.mx\/storage\/2021\/04\/tamayo.jpg","width":500,"height":300},{"@type":"BreadcrumbList","@id":"https:\/\/www.sonoraenequipo.com.mx\/jose-tamayo-vive-con-trauma-craneoencefalico-tras-ser-golpeado-y-torturado-durante-tres-diaspor-policias-de-quintana-roo-reinserta\/#breadcrumb","itemListElement":[{"@type":"ListItem","position":1,"name":"Portada","item":"https:\/\/www.sonoraenequipo.com.mx\/"},{"@type":"ListItem","position":2,"name":"Jos\u00e9 Tamayo vive con trauma craneal tras ser golpeado y torturado durante tres d\u00edas por polic\u00edas de Quintana Roo: Reinserta"}]},{"@type":"WebSite","@id":"https:\/\/www.sonoraenequipo.com.mx\/#website","url":"https:\/\/www.sonoraenequipo.com.mx\/","name":"Sonora en Equipo.","description":"Diario en l\u00ednea con Noticias desde Hermosillo, Sonora","publisher":{"@id":"https:\/\/www.sonoraenequipo.com.mx\/#organization"},"potentialAction":[{"@type":"SearchAction","target":{"@type":"EntryPoint","urlTemplate":"https:\/\/www.sonoraenequipo.com.mx\/?s={search_term_string}"},"query-input":{"@type":"PropertyValueSpecification","valueRequired":true,"valueName":"search_term_string"}}],"inLanguage":"es"},{"@type":"Organization","@id":"https:\/\/www.sonoraenequipo.com.mx\/#organization","name":"Sonoraenequipo.com.mx","url":"https:\/\/www.sonoraenequipo.com.mx\/","logo":{"@type":"ImageObject","inLanguage":"es","@id":"https:\/\/www.sonoraenequipo.com.mx\/#\/schema\/logo\/image\/","url":"https:\/\/www.sonoraenequipo.com.mx\/storage\/2019\/01\/sonoraenequipo_opt.png","contentUrl":"https:\/\/www.sonoraenequipo.com.mx\/storage\/2019\/01\/sonoraenequipo_opt.png","width":375,"height":125,"caption":"Sonoraenequipo.com.mx"},"image":{"@id":"https:\/\/www.sonoraenequipo.com.mx\/#\/schema\/logo\/image\/"},"sameAs":["https:\/\/www.facebook.com\/SonoraEE\/","https:\/\/x.com\/sonoraenequipo","https:\/\/www.youtube.com\/channel\/UC338nW-lPEYmJQs4ZABQ1SQ"]},{"@type":"Person","@id":"https:\/\/www.sonoraenequipo.com.mx\/#\/schema\/person\/50102df0fb23a8fa9e8effad8fa81386","name":"enequipo","image":{"@type":"ImageObject","inLanguage":"es","@id":"https:\/\/www.sonoraenequipo.com.mx\/#\/schema\/person\/image\/","url":"https:\/\/secure.gravatar.com\/avatar\/049821681b589dabc0bc20695993ccebb09f5b5d4d790cd9251b97faac7c652b?s=96&d=blank&r=g","contentUrl":"https:\/\/secure.gravatar.com\/avatar\/049821681b589dabc0bc20695993ccebb09f5b5d4d790cd9251b97faac7c652b?s=96&d=blank&r=g","caption":"enequipo"},"sameAs":["https:\/\/www.facebook.com\/SonoraEE"]}]}},"jetpack_featured_media_url":"https:\/\/www.sonoraenequipo.com.mx\/storage\/2021\/04\/tamayo.jpg","_links":{"self":[{"href":"https:\/\/www.sonoraenequipo.com.mx\/api\/wp\/v2\/posts\/111663","targetHints":{"allow":["GET"]}}],"collection":[{"href":"https:\/\/www.sonoraenequipo.com.mx\/api\/wp\/v2\/posts"}],"about":[{"href":"https:\/\/www.sonoraenequipo.com.mx\/api\/wp\/v2\/types\/post"}],"author":[{"embeddable":true,"href":"https:\/\/www.sonoraenequipo.com.mx\/api\/wp\/v2\/users\/1"}],"replies":[{"embeddable":true,"href":"https:\/\/www.sonoraenequipo.com.mx\/api\/wp\/v2\/comments?post=111663"}],"version-history":[{"count":3,"href":"https:\/\/www.sonoraenequipo.com.mx\/api\/wp\/v2\/posts\/111663\/revisions"}],"predecessor-version":[{"id":111673,"href":"https:\/\/www.sonoraenequipo.com.mx\/api\/wp\/v2\/posts\/111663\/revisions\/111673"}],"wp:featuredmedia":[{"embeddable":true,"href":"https:\/\/www.sonoraenequipo.com.mx\/api\/wp\/v2\/media\/111664"}],"wp:attachment":[{"href":"https:\/\/www.sonoraenequipo.com.mx\/api\/wp\/v2\/media?parent=111663"}],"wp:term":[{"taxonomy":"category","embeddable":true,"href":"https:\/\/www.sonoraenequipo.com.mx\/api\/wp\/v2\/categories?post=111663"},{"taxonomy":"post_tag","embeddable":true,"href":"https:\/\/www.sonoraenequipo.com.mx\/api\/wp\/v2\/tags?post=111663"}],"curies":[{"name":"wp","href":"https:\/\/api.w.org\/{rel}","templated":true}]}}