{"id":111692,"date":"2021-04-15T08:25:25","date_gmt":"2021-04-15T15:25:25","guid":{"rendered":"https:\/\/www.sonoraenequipo.com.mx\/?p=111692"},"modified":"2021-04-15T17:19:03","modified_gmt":"2021-04-16T00:19:03","slug":"nada-justifica-reclutar-ninos-para-combatir-el-crimen-lopez-obrador","status":"publish","type":"post","link":"https:\/\/www.sonoraenequipo.com.mx\/nada-justifica-reclutar-ninos-para-combatir-el-crimen-lopez-obrador\/","title":{"rendered":"Nada justifica reclutar ni\u00f1os para combatir el crimen: L\u00f3pez Obrador"},"content":{"rendered":"<p>CIUDAD DE M\u00c9XICO. MX. \u2014 El presidente Andr\u00e9s Manuel L\u00f3pez Obrador advirti\u00f3 que nada justifica el uso de los ni\u00f1os para armarlos y combatir al crimen, como ocurri\u00f3 en una comunidad de la monta\u00f1a baja de Guerrero.<\/p>\n<p>&nbsp;<\/p>\n<p> <\/p>\n<p><em>\u201cAceptando, sin conceder, que hay raz\u00f3n, con los ni\u00f1os, no\u201d<\/em>, expres\u00f3.<\/p>\n<p>En la conferencia de prensa matutina expuso, a pregunta expresa, que <em>\u201caunque se tenga una causa no se debe de utilizar a los ni\u00f1os, as\u00ed de categ\u00f3rico, aunque se trate de una causa muy justa, no debe de utilizarse a los ni\u00f1os, es el caso del fen\u00f3meno migratorio y en cualquier caso\u201d.<\/em><\/p>\n<p>&nbsp;<\/p>\n<p>Se\u00f1al\u00f3 que tiene la conciencia tranquila porque ha sido consecuente de atender con mayor \u00e9nfasis y recursos a las tres entidades m\u00e1s pobres del pa\u00eds: Chiapas, Guerrero y Oaxaca.<\/p>\n<p>Consider\u00f3 que fue un error del pasado alentar a las autodefensas porque la seguridad es una responsabilidad del Estado, y ahora en algunas regiones esto se ha distorsionado y resulta lo mismo esos grupos que la delincuencia. Ante los vac\u00edos, indic\u00f3, se llevar\u00e1 a la Guardia Nacional, aunque aclar\u00f3 que no se caer\u00e1 en la trampa de la provocaci\u00f3n.<\/p>\n<p>El s\u00e1bado pasado se difundi\u00f3 que 31 ni\u00f1os de entre seis y once a\u00f1os se integraron a la polic\u00eda rural de la Coordinadora Regional de Autoridades Comunitarias-Pueblos Fundadores, en Ayahualtenpa, municipio de Jos\u00e9 Joaqu\u00edn de Herrera, para defenderse de los grupos criminales que atacan en la regi\u00f3n.<\/p>\n<p>El Presidente transmiti\u00f3 en la conferencia un fragmento del video con esa acci\u00f3n y asegur\u00f3 que el material lo hizo el peri\u00f3dico El Pa\u00eds, al que ubica como <em>\u201cbolet\u00edn\u201d<\/em> de las empresas extranjeras que en el pasado hicieron su agosto en M\u00e9xico.<\/p>\n<p>Insisti\u00f3 en que aunque se entienda que hay pobreza, inseguridad o que la gente tiene que migrar, aun con esa <em>\u201ctriste y amarga realidad no deben de utilizarse a ni\u00f1os, m\u00e1s cuando detr\u00e1s de esto, el caso de la migraci\u00f3n, hay coyotes, traficantes de personas que cobran por el traslado de los migrantes. <\/em><em>No estoy negando las causas, nada m\u00e1s aclarando\u201d.<\/em><\/p>\n<p><em>\u201cYa no hay condiciones para eso, para tomar un video con ni\u00f1o, ya no, eso en otro tiempo. Puede ser que existan todas esas deficiencias que hemos procurado nosotros eliminarlas, pero a\u00fan con eso no se justifica lo de los ni\u00f1os. Y hay que ser claros, categ\u00f3ricos. El tomar un video, como se hizo\u201d.<\/em><\/p>\n<p>&nbsp;<\/p>\n<p>Lo mismo, a\u00f1adi\u00f3, si se dice que estas acciones son por falta de seguridad. \u201cYa la Guardia Nacional est\u00e1 actuando, pero no utilizar a los ni\u00f1os, es un punto de vista, yo s\u00e9 que no pueden estar de acuerdo conmigo, as\u00ed es la vida. O sea, es el derecho a disentir\u201d.<\/p>\n<p>&nbsp;<\/p>\n<p>Dijo que todos los d\u00edas se atienden los problemas y subray\u00f3 que <em>\u201cno es que Guerrero sea un para\u00edso\u201d<\/em> pero se ha reducido la incidencia de homicidios dolosos, a diferencia de lo que ocurre en otras entidades como Guanajuato, Jalisco o el Estado de M\u00e9xico. Para demostrar ese aspecto mostr\u00f3 una gr\u00e1fica.<\/p>\n<p>&nbsp;<\/p>\n<p><em>\u201cEntonces, hacer un video, poner a los ni\u00f1os ah\u00ed, difundirlo y pensar que con eso ya se va a atender una demanda de autodefensas; en Guerrero hay autodefensas que est\u00e1n permitidos legalmente por acuerdo de comunidades, pero despu\u00e9s esto se fue , no todo en los casos, distorsionando, y grupos que se dedican a la delincuencia tienen al mismo tiempo autodefensas<\/em>\u201d, advirti\u00f3.<\/p>\n<p>&nbsp;<\/p>\n<p>Por tanto, a\u00f1adi\u00f3, le digo a nuestros hermanos guerrerenses que va a seguir actuando la Guardia Nacional, <em>\u201cque lo de autodefensa se cre\u00f3 en una circunstancia muy especial, fue un error alentar como se hizo en el gobierno anterior, un error porque la seguridad p\u00fablica corresponde garantizarla al Estado\u201d.<\/em><\/p>\n<p>&nbsp;<\/p>\n<p>S\u00ed hay vac\u00edos, reconoci\u00f3, pero creemos que deben ser llenados con la presencia de la Guardia Nacional para que garantice la seguridad.<\/p>\n<p>\u2014\u00bfNo est\u00e1 rebasada la autoridad?, le pregunt\u00f3 una reportera.<\/p>\n<p>&nbsp;<\/p>\n<p>\u2014Ese fue un video con esas caracter\u00edsticas, yo escuch\u00e9 la opini\u00f3n del gobernador de Guerrero, la comparto, escuch\u00e9 la opini\u00f3n del obispo de Chilpancingo y la comparto, en el sentido de que no se debe utilizar a los ni\u00f1os.<\/p>\n<p>&nbsp;<\/p>\n<p>Dijo que en Guerrero hay menos violencia y no es un asunto f\u00e1cil en esa regi\u00f3n, al tiempo que se expanden los apoyos sociales.<\/p>\n<p>&nbsp;<\/p>\n<p><em>\u201cLes puedo decir que en esos tres estados pr\u00e1cticamente en todos los hogares se recibe cuando menos un apoyo del gobierno federal y quienes tienen m\u00e1s apoyo son las comunidades ind\u00edgenas, los m\u00e1s pobres\u201d.<\/em><\/p>\n<p>&nbsp;<\/p>\n<p>Mencion\u00f3 tambi\u00e9n que en esa entidad se distribuye de manera gratuita el fertilizante, as\u00ed como becas y el programa Sembrando Vida, al tiempo de buscar la manera de apoyar al sector educativo y volver a clases.<\/p>\n<p>&nbsp;<\/p>\n<h3>\nAutodefensas, un error<\/h3>\n<p>&nbsp;<\/p>\n<p>El Presidente manifest\u00f3 que <em>\u201cesto de las guardias o autodefensas fue un error que se cometi\u00f3 porque eso es una funci\u00f3n del Estado\u201d.<\/em><\/p>\n<p>&nbsp;<\/p>\n<p>Por tanto, dijo, en la medida que haya m\u00e1s presencia de la Guardia Nacional, se avanzar\u00e1 en combatir la inseguridad y al crimen.<\/p>\n<p>&nbsp;<\/p>\n<p>Antes no hab\u00eda presencia, que se pod\u00eda hacer con 10 mil polic\u00edas federales. La secretar\u00eda de Gobernaci\u00f3n que manejaba la Polic\u00eda Federal contrataba polic\u00edas privados para cuidar sus instalaciones, era un desorden completo, desastre\u201d.<\/p>\n<p>&nbsp;<\/p>\n<p><em>\u201cEsto, lo de la estad\u00edstica, no se analizaba diariamente, no se ten\u00eda ; sabemos desgraciadamente cuantos fallecidos hubo en el pa\u00eds cada 24 horas.<\/em><\/p>\n<p>&nbsp;<\/p>\n<p><em>Qu\u00e9 hac\u00edan estos? Recibir informaci\u00f3n cada 15 d\u00edas, cada mes, ni se llevaban entre ellos, \u00bferan buenas las relaciones entre Garc\u00eda Luna y el que estaba de Procurador o el secretario de la Defensa o de Marina en ese entonces? No, ahora es distinto, ahora estamos todos juntos de manera coordinada y no tenemos una sociedad perfecta, un gobierno perfecto, vamos avanzando, es un proceso de transformaci\u00f3n pero s\u00ed hay cosas que debemos analizar todos\u201d.<\/em><\/p>\n<p>&nbsp;<\/p>\n<p>Reiter\u00f3 la solicitud al gobierno de Estados Unidos para que apoye a Centroam\u00e9rica. M\u00e9xico, indic\u00f3, est\u00e1 ayudando con 100 millones de d\u00f3lares.<\/p>\n<p>&nbsp;<\/p>\n<p>&nbsp;<\/p>\n<p>(Publicada el 15\/04\/2021 \/Fabiola Mart\u00ednez y N\u00e9stor Jim\u00e9nez)<\/p>\n","protected":false},"excerpt":{"rendered":"<p>CIUDAD DE M\u00c9XICO. MX. \u2014 El presidente Andr\u00e9s Manuel L\u00f3pez Obrador advirti\u00f3 que nada justifica&#8230;<\/p>\n","protected":false},"author":1,"featured_media":111693,"comment_status":"open","ping_status":"open","sticky":false,"template":"","format":"standard","meta":{"_monsterinsights_skip_tracking":false,"_monsterinsights_sitenote_active":false,"_monsterinsights_sitenote_note":"","_monsterinsights_sitenote_category":0,"footnotes":""},"categories":[5],"tags":[],"class_list":["post"],"yoast_head":" \n<title>Sonora en Equipo. Nada justifica reclutar ni\u00f1os para combatir el crimen: L\u00f3pez Obrador Rep\u00fablica<\/title>\n<meta name=\"description\" content=\"CIUDAD DE M\u00c9XICO. MX. \u2014 El presidente Andr\u00e9s Manuel L\u00f3pez Obrador advirti\u00f3 que nada justifica el uso de los ni\u00f1os para armarlos y combatir al crimen, como En Sonora en Equipo publicamos toda la informaci\u00f3n de Sonora, M\u00e9xico y el Mundo de manera oportuna y busca que la libertad de expresi\u00f3n sea real. Visita nuestro medio informativo publicado desde Hermosillo, Sonora. %\" \/>\n<meta name=\"robots\" content=\"index, follow, max-snippet:-1, max-image-preview:large, max-video-preview:-1\" \/>\n<link rel=\"canonical\" href=\"https:\/\/www.sonoraenequipo.com.mx\/nada-justifica-reclutar-ninos-para-combatir-el-crimen-lopez-obrador\/\" \/>\n<meta property=\"og:locale\" content=\"es_ES\" \/>\n<meta property=\"og:type\" content=\"article\" \/>\n<meta property=\"og:title\" content=\"Sonora en Equipo. Nada justifica reclutar ni\u00f1os para combatir el crimen: L\u00f3pez Obrador Rep\u00fablica\" \/>\n<meta property=\"og:description\" content=\"CIUDAD DE M\u00c9XICO. MX. \u2014 El presidente Andr\u00e9s Manuel L\u00f3pez Obrador advirti\u00f3 que nada justifica el uso de los ni\u00f1os para armarlos y combatir al crimen, como En Sonora en Equipo publicamos toda la informaci\u00f3n de Sonora, M\u00e9xico y el Mundo de manera oportuna y busca que la libertad de expresi\u00f3n sea real. Visita nuestro medio informativo publicado desde Hermosillo, Sonora. %\" \/>\n<meta property=\"og:url\" content=\"https:\/\/www.sonoraenequipo.com.mx\/nada-justifica-reclutar-ninos-para-combatir-el-crimen-lopez-obrador\/\" \/>\n<meta property=\"og:site_name\" content=\"Sonora en Equipo.\" \/>\n<meta property=\"article:publisher\" content=\"https:\/\/www.facebook.com\/SonoraEE\/\" \/>\n<meta property=\"article:author\" content=\"https:\/\/www.facebook.com\/SonoraEE\" \/>\n<meta property=\"article:published_time\" content=\"2021-04-15T15:25:25+00:00\" \/>\n<meta property=\"article:modified_time\" content=\"2021-04-16T00:19:03+00:00\" \/>\n<meta property=\"og:image\" content=\"https:\/\/www.sonoraenequipo.com.mx\/storage\/2021\/04\/ninos-en-guardias-comunitarias_opt.jpg\" \/>\n\t<meta property=\"og:image:width\" content=\"754\" \/>\n\t<meta property=\"og:image:height\" content=\"500\" \/>\n\t<meta property=\"og:image:type\" content=\"image\/jpeg\" \/>\n<meta name=\"author\" content=\"enequipo\" \/>\n<meta name=\"twitter:card\" content=\"summary_large_image\" \/>\n<meta name=\"twitter:creator\" content=\"@sonoraenequipo\" \/>\n<meta name=\"twitter:site\" content=\"@sonoraenequipo\" \/>\n<meta name=\"twitter:label1\" content=\"Escrito por\" \/>\n\t<meta name=\"twitter:data1\" content=\"enequipo\" \/>\n\t<meta name=\"twitter:label2\" content=\"Tiempo de lectura\" \/>\n\t<meta name=\"twitter:data2\" content=\"5 minutos\" \/>\n<script type=\"application\/ld+json\" class=\"yoast-schema-graph\">{\"@context\":\"https:\/\/schema.org\",\"@graph\":[{\"@type\":\"Article\",\"@id\":\"https:\/\/www.sonoraenequipo.com.mx\/nada-justifica-reclutar-ninos-para-combatir-el-crimen-lopez-obrador\/#article\",\"isPartOf\":{\"@id\":\"https:\/\/www.sonoraenequipo.com.mx\/nada-justifica-reclutar-ninos-para-combatir-el-crimen-lopez-obrador\/\"},\"author\":{\"name\":\"enequipo\",\"@id\":\"https:\/\/www.sonoraenequipo.com.mx\/#\/schema\/person\/50102df0fb23a8fa9e8effad8fa81386\"},\"headline\":\"Nada justifica reclutar ni\u00f1os para combatir el crimen: L\u00f3pez Obrador\",\"datePublished\":\"2021-04-15T15:25:25+00:00\",\"dateModified\":\"2021-04-16T00:19:03+00:00\",\"mainEntityOfPage\":{\"@id\":\"https:\/\/www.sonoraenequipo.com.mx\/nada-justifica-reclutar-ninos-para-combatir-el-crimen-lopez-obrador\/\"},\"wordCount\":1087,\"commentCount\":0,\"publisher\":{\"@id\":\"https:\/\/www.sonoraenequipo.com.mx\/#organization\"},\"image\":{\"@id\":\"https:\/\/www.sonoraenequipo.com.mx\/nada-justifica-reclutar-ninos-para-combatir-el-crimen-lopez-obrador\/#primaryimage\"},\"thumbnailUrl\":\"https:\/\/www.sonoraenequipo.com.mx\/storage\/2021\/04\/ninos-en-guardias-comunitarias_opt.jpg\",\"articleSection\":[\"Rep\u00fablica\"],\"inLanguage\":\"es\",\"potentialAction\":[{\"@type\":\"CommentAction\",\"name\":\"Comment\",\"target\":[\"https:\/\/www.sonoraenequipo.com.mx\/nada-justifica-reclutar-ninos-para-combatir-el-crimen-lopez-obrador\/#respond\"]}]},{\"@type\":\"WebPage\",\"@id\":\"https:\/\/www.sonoraenequipo.com.mx\/nada-justifica-reclutar-ninos-para-combatir-el-crimen-lopez-obrador\/\",\"url\":\"https:\/\/www.sonoraenequipo.com.mx\/nada-justifica-reclutar-ninos-para-combatir-el-crimen-lopez-obrador\/\",\"name\":\"Sonora en Equipo. Nada justifica reclutar ni\u00f1os para combatir el crimen: L\u00f3pez Obrador Rep\u00fablica\",\"isPartOf\":{\"@id\":\"https:\/\/www.sonoraenequipo.com.mx\/#website\"},\"primaryImageOfPage\":{\"@id\":\"https:\/\/www.sonoraenequipo.com.mx\/nada-justifica-reclutar-ninos-para-combatir-el-crimen-lopez-obrador\/#primaryimage\"},\"image\":{\"@id\":\"https:\/\/www.sonoraenequipo.com.mx\/nada-justifica-reclutar-ninos-para-combatir-el-crimen-lopez-obrador\/#primaryimage\"},\"thumbnailUrl\":\"https:\/\/www.sonoraenequipo.com.mx\/storage\/2021\/04\/ninos-en-guardias-comunitarias_opt.jpg\",\"datePublished\":\"2021-04-15T15:25:25+00:00\",\"dateModified\":\"2021-04-16T00:19:03+00:00\",\"description\":\"CIUDAD DE M\u00c9XICO. MX. \u2014 El presidente Andr\u00e9s Manuel L\u00f3pez Obrador advirti\u00f3 que nada justifica el uso de los ni\u00f1os para armarlos y combatir al crimen, como En Sonora en Equipo publicamos toda la informaci\u00f3n de Sonora, M\u00e9xico y el Mundo de manera oportuna y busca que la libertad de expresi\u00f3n sea real. Visita nuestro medio informativo publicado desde Hermosillo, Sonora. %\",\"breadcrumb\":{\"@id\":\"https:\/\/www.sonoraenequipo.com.mx\/nada-justifica-reclutar-ninos-para-combatir-el-crimen-lopez-obrador\/#breadcrumb\"},\"inLanguage\":\"es\",\"potentialAction\":[{\"@type\":\"ReadAction\",\"target\":[\"https:\/\/www.sonoraenequipo.com.mx\/nada-justifica-reclutar-ninos-para-combatir-el-crimen-lopez-obrador\/\"]}]},{\"@type\":\"ImageObject\",\"inLanguage\":\"es\",\"@id\":\"https:\/\/www.sonoraenequipo.com.mx\/nada-justifica-reclutar-ninos-para-combatir-el-crimen-lopez-obrador\/#primaryimage\",\"url\":\"https:\/\/www.sonoraenequipo.com.mx\/storage\/2021\/04\/ninos-en-guardias-comunitarias_opt.jpg\",\"contentUrl\":\"https:\/\/www.sonoraenequipo.com.mx\/storage\/2021\/04\/ninos-en-guardias-comunitarias_opt.jpg\",\"width\":754,\"height\":500},{\"@type\":\"BreadcrumbList\",\"@id\":\"https:\/\/www.sonoraenequipo.com.mx\/nada-justifica-reclutar-ninos-para-combatir-el-crimen-lopez-obrador\/#breadcrumb\",\"itemListElement\":[{\"@type\":\"ListItem\",\"position\":1,\"name\":\"Portada\",\"item\":\"https:\/\/www.sonoraenequipo.com.mx\/\"},{\"@type\":\"ListItem\",\"position\":2,\"name\":\"Nada justifica reclutar ni\u00f1os para combatir el crimen: L\u00f3pez Obrador\"}]},{\"@type\":\"WebSite\",\"@id\":\"https:\/\/www.sonoraenequipo.com.mx\/#website\",\"url\":\"https:\/\/www.sonoraenequipo.com.mx\/\",\"name\":\"Sonora en Equipo.\",\"description\":\"Diario en l\u00ednea con Noticias desde Hermosillo, Sonora\",\"publisher\":{\"@id\":\"https:\/\/www.sonoraenequipo.com.mx\/#organization\"},\"potentialAction\":[{\"@type\":\"SearchAction\",\"target\":{\"@type\":\"EntryPoint\",\"urlTemplate\":\"https:\/\/www.sonoraenequipo.com.mx\/?s={search_term_string}\"},\"query-input\":{\"@type\":\"PropertyValueSpecification\",\"valueRequired\":true,\"valueName\":\"search_term_string\"}}],\"inLanguage\":\"es\"},{\"@type\":\"Organization\",\"@id\":\"https:\/\/www.sonoraenequipo.com.mx\/#organization\",\"name\":\"Sonoraenequipo.com.mx\",\"url\":\"https:\/\/www.sonoraenequipo.com.mx\/\",\"logo\":{\"@type\":\"ImageObject\",\"inLanguage\":\"es\",\"@id\":\"https:\/\/www.sonoraenequipo.com.mx\/#\/schema\/logo\/image\/\",\"url\":\"https:\/\/www.sonoraenequipo.com.mx\/storage\/2019\/01\/sonoraenequipo_opt.png\",\"contentUrl\":\"https:\/\/www.sonoraenequipo.com.mx\/storage\/2019\/01\/sonoraenequipo_opt.png\",\"width\":375,\"height\":125,\"caption\":\"Sonoraenequipo.com.mx\"},\"image\":{\"@id\":\"https:\/\/www.sonoraenequipo.com.mx\/#\/schema\/logo\/image\/\"},\"sameAs\":[\"https:\/\/www.facebook.com\/SonoraEE\/\",\"https:\/\/x.com\/sonoraenequipo\",\"https:\/\/www.youtube.com\/channel\/UC338nW-lPEYmJQs4ZABQ1SQ\"]},{\"@type\":\"Person\",\"@id\":\"https:\/\/www.sonoraenequipo.com.mx\/#\/schema\/person\/50102df0fb23a8fa9e8effad8fa81386\",\"name\":\"enequipo\",\"image\":{\"@type\":\"ImageObject\",\"inLanguage\":\"es\",\"@id\":\"https:\/\/www.sonoraenequipo.com.mx\/#\/schema\/person\/image\/\",\"url\":\"https:\/\/secure.gravatar.com\/avatar\/049821681b589dabc0bc20695993ccebb09f5b5d4d790cd9251b97faac7c652b?s=96&d=blank&r=g\",\"contentUrl\":\"https:\/\/secure.gravatar.com\/avatar\/049821681b589dabc0bc20695993ccebb09f5b5d4d790cd9251b97faac7c652b?s=96&d=blank&r=g\",\"caption\":\"enequipo\"},\"sameAs\":[\"https:\/\/www.facebook.com\/SonoraEE\"]}]}<\/script>\n ","yoast_head_json":{"title":"Sonora en Equipo. Nada justifica reclutar ni\u00f1os para combatir el crimen: L\u00f3pez Obrador Rep\u00fablica","description":"CIUDAD DE M\u00c9XICO. MX. \u2014 El presidente Andr\u00e9s Manuel L\u00f3pez Obrador advirti\u00f3 que nada justifica el uso de los ni\u00f1os para armarlos y combatir al crimen, como En Sonora en Equipo publicamos toda la informaci\u00f3n de Sonora, M\u00e9xico y el Mundo de manera oportuna y busca que la libertad de expresi\u00f3n sea real. Visita nuestro medio informativo publicado desde Hermosillo, Sonora. %","robots":{"index":"index","follow":"follow","max-snippet":"max-snippet:-1","max-image-preview":"max-image-preview:large","max-video-preview":"max-video-preview:-1"},"canonical":"https:\/\/www.sonoraenequipo.com.mx\/nada-justifica-reclutar-ninos-para-combatir-el-crimen-lopez-obrador\/","og_locale":"es_ES","og_type":"article","og_title":"Sonora en Equipo. Nada justifica reclutar ni\u00f1os para combatir el crimen: L\u00f3pez Obrador Rep\u00fablica","og_description":"CIUDAD DE M\u00c9XICO. MX. \u2014 El presidente Andr\u00e9s Manuel L\u00f3pez Obrador advirti\u00f3 que nada justifica el uso de los ni\u00f1os para armarlos y combatir al crimen, como En Sonora en Equipo publicamos toda la informaci\u00f3n de Sonora, M\u00e9xico y el Mundo de manera oportuna y busca que la libertad de expresi\u00f3n sea real. Visita nuestro medio informativo publicado desde Hermosillo, Sonora. %","og_url":"https:\/\/www.sonoraenequipo.com.mx\/nada-justifica-reclutar-ninos-para-combatir-el-crimen-lopez-obrador\/","og_site_name":"Sonora en Equipo.","article_publisher":"https:\/\/www.facebook.com\/SonoraEE\/","article_author":"https:\/\/www.facebook.com\/SonoraEE","article_published_time":"2021-04-15T15:25:25+00:00","article_modified_time":"2021-04-16T00:19:03+00:00","og_image":[{"width":754,"height":500,"url":"https:\/\/www.sonoraenequipo.com.mx\/storage\/2021\/04\/ninos-en-guardias-comunitarias_opt.jpg","type":"image\/jpeg"}],"author":"enequipo","twitter_card":"summary_large_image","twitter_creator":"@sonoraenequipo","twitter_site":"@sonoraenequipo","twitter_misc":{"Escrito por":"enequipo","Tiempo de lectura":"5 minutos"},"schema":{"@context":"https:\/\/schema.org","@graph":[{"@type":"Article","@id":"https:\/\/www.sonoraenequipo.com.mx\/nada-justifica-reclutar-ninos-para-combatir-el-crimen-lopez-obrador\/#article","isPartOf":{"@id":"https:\/\/www.sonoraenequipo.com.mx\/nada-justifica-reclutar-ninos-para-combatir-el-crimen-lopez-obrador\/"},"author":{"name":"enequipo","@id":"https:\/\/www.sonoraenequipo.com.mx\/#\/schema\/person\/50102df0fb23a8fa9e8effad8fa81386"},"headline":"Nada justifica reclutar ni\u00f1os para combatir el crimen: L\u00f3pez Obrador","datePublished":"2021-04-15T15:25:25+00:00","dateModified":"2021-04-16T00:19:03+00:00","mainEntityOfPage":{"@id":"https:\/\/www.sonoraenequipo.com.mx\/nada-justifica-reclutar-ninos-para-combatir-el-crimen-lopez-obrador\/"},"wordCount":1087,"commentCount":0,"publisher":{"@id":"https:\/\/www.sonoraenequipo.com.mx\/#organization"},"image":{"@id":"https:\/\/www.sonoraenequipo.com.mx\/nada-justifica-reclutar-ninos-para-combatir-el-crimen-lopez-obrador\/#primaryimage"},"thumbnailUrl":"https:\/\/www.sonoraenequipo.com.mx\/storage\/2021\/04\/ninos-en-guardias-comunitarias_opt.jpg","articleSection":["Rep\u00fablica"],"inLanguage":"es","potentialAction":[{"@type":"CommentAction","name":"Comment","target":["https:\/\/www.sonoraenequipo.com.mx\/nada-justifica-reclutar-ninos-para-combatir-el-crimen-lopez-obrador\/#respond"]}]},{"@type":"WebPage","@id":"https:\/\/www.sonoraenequipo.com.mx\/nada-justifica-reclutar-ninos-para-combatir-el-crimen-lopez-obrador\/","url":"https:\/\/www.sonoraenequipo.com.mx\/nada-justifica-reclutar-ninos-para-combatir-el-crimen-lopez-obrador\/","name":"Sonora en Equipo. Nada justifica reclutar ni\u00f1os para combatir el crimen: L\u00f3pez Obrador Rep\u00fablica","isPartOf":{"@id":"https:\/\/www.sonoraenequipo.com.mx\/#website"},"primaryImageOfPage":{"@id":"https:\/\/www.sonoraenequipo.com.mx\/nada-justifica-reclutar-ninos-para-combatir-el-crimen-lopez-obrador\/#primaryimage"},"image":{"@id":"https:\/\/www.sonoraenequipo.com.mx\/nada-justifica-reclutar-ninos-para-combatir-el-crimen-lopez-obrador\/#primaryimage"},"thumbnailUrl":"https:\/\/www.sonoraenequipo.com.mx\/storage\/2021\/04\/ninos-en-guardias-comunitarias_opt.jpg","datePublished":"2021-04-15T15:25:25+00:00","dateModified":"2021-04-16T00:19:03+00:00","description":"CIUDAD DE M\u00c9XICO. MX. \u2014 El presidente Andr\u00e9s Manuel L\u00f3pez Obrador advirti\u00f3 que nada justifica el uso de los ni\u00f1os para armarlos y combatir al crimen, como En Sonora en Equipo publicamos toda la informaci\u00f3n de Sonora, M\u00e9xico y el Mundo de manera oportuna y busca que la libertad de expresi\u00f3n sea real. Visita nuestro medio informativo publicado desde Hermosillo, Sonora. %","breadcrumb":{"@id":"https:\/\/www.sonoraenequipo.com.mx\/nada-justifica-reclutar-ninos-para-combatir-el-crimen-lopez-obrador\/#breadcrumb"},"inLanguage":"es","potentialAction":[{"@type":"ReadAction","target":["https:\/\/www.sonoraenequipo.com.mx\/nada-justifica-reclutar-ninos-para-combatir-el-crimen-lopez-obrador\/"]}]},{"@type":"ImageObject","inLanguage":"es","@id":"https:\/\/www.sonoraenequipo.com.mx\/nada-justifica-reclutar-ninos-para-combatir-el-crimen-lopez-obrador\/#primaryimage","url":"https:\/\/www.sonoraenequipo.com.mx\/storage\/2021\/04\/ninos-en-guardias-comunitarias_opt.jpg","contentUrl":"https:\/\/www.sonoraenequipo.com.mx\/storage\/2021\/04\/ninos-en-guardias-comunitarias_opt.jpg","width":754,"height":500},{"@type":"BreadcrumbList","@id":"https:\/\/www.sonoraenequipo.com.mx\/nada-justifica-reclutar-ninos-para-combatir-el-crimen-lopez-obrador\/#breadcrumb","itemListElement":[{"@type":"ListItem","position":1,"name":"Portada","item":"https:\/\/www.sonoraenequipo.com.mx\/"},{"@type":"ListItem","position":2,"name":"Nada justifica reclutar ni\u00f1os para combatir el crimen: L\u00f3pez Obrador"}]},{"@type":"WebSite","@id":"https:\/\/www.sonoraenequipo.com.mx\/#website","url":"https:\/\/www.sonoraenequipo.com.mx\/","name":"Sonora en Equipo.","description":"Diario en l\u00ednea con Noticias desde Hermosillo, Sonora","publisher":{"@id":"https:\/\/www.sonoraenequipo.com.mx\/#organization"},"potentialAction":[{"@type":"SearchAction","target":{"@type":"EntryPoint","urlTemplate":"https:\/\/www.sonoraenequipo.com.mx\/?s={search_term_string}"},"query-input":{"@type":"PropertyValueSpecification","valueRequired":true,"valueName":"search_term_string"}}],"inLanguage":"es"},{"@type":"Organization","@id":"https:\/\/www.sonoraenequipo.com.mx\/#organization","name":"Sonoraenequipo.com.mx","url":"https:\/\/www.sonoraenequipo.com.mx\/","logo":{"@type":"ImageObject","inLanguage":"es","@id":"https:\/\/www.sonoraenequipo.com.mx\/#\/schema\/logo\/image\/","url":"https:\/\/www.sonoraenequipo.com.mx\/storage\/2019\/01\/sonoraenequipo_opt.png","contentUrl":"https:\/\/www.sonoraenequipo.com.mx\/storage\/2019\/01\/sonoraenequipo_opt.png","width":375,"height":125,"caption":"Sonoraenequipo.com.mx"},"image":{"@id":"https:\/\/www.sonoraenequipo.com.mx\/#\/schema\/logo\/image\/"},"sameAs":["https:\/\/www.facebook.com\/SonoraEE\/","https:\/\/x.com\/sonoraenequipo","https:\/\/www.youtube.com\/channel\/UC338nW-lPEYmJQs4ZABQ1SQ"]},{"@type":"Person","@id":"https:\/\/www.sonoraenequipo.com.mx\/#\/schema\/person\/50102df0fb23a8fa9e8effad8fa81386","name":"enequipo","image":{"@type":"ImageObject","inLanguage":"es","@id":"https:\/\/www.sonoraenequipo.com.mx\/#\/schema\/person\/image\/","url":"https:\/\/secure.gravatar.com\/avatar\/049821681b589dabc0bc20695993ccebb09f5b5d4d790cd9251b97faac7c652b?s=96&d=blank&r=g","contentUrl":"https:\/\/secure.gravatar.com\/avatar\/049821681b589dabc0bc20695993ccebb09f5b5d4d790cd9251b97faac7c652b?s=96&d=blank&r=g","caption":"enequipo"},"sameAs":["https:\/\/www.facebook.com\/SonoraEE"]}]}},"jetpack_featured_media_url":"https:\/\/www.sonoraenequipo.com.mx\/storage\/2021\/04\/ninos-en-guardias-comunitarias_opt.jpg","_links":{"self":[{"href":"https:\/\/www.sonoraenequipo.com.mx\/api\/wp\/v2\/posts\/111692","targetHints":{"allow":["GET"]}}],"collection":[{"href":"https:\/\/www.sonoraenequipo.com.mx\/api\/wp\/v2\/posts"}],"about":[{"href":"https:\/\/www.sonoraenequipo.com.mx\/api\/wp\/v2\/types\/post"}],"author":[{"embeddable":true,"href":"https:\/\/www.sonoraenequipo.com.mx\/api\/wp\/v2\/users\/1"}],"replies":[{"embeddable":true,"href":"https:\/\/www.sonoraenequipo.com.mx\/api\/wp\/v2\/comments?post=111692"}],"version-history":[{"count":1,"href":"https:\/\/www.sonoraenequipo.com.mx\/api\/wp\/v2\/posts\/111692\/revisions"}],"predecessor-version":[{"id":111694,"href":"https:\/\/www.sonoraenequipo.com.mx\/api\/wp\/v2\/posts\/111692\/revisions\/111694"}],"wp:featuredmedia":[{"embeddable":true,"href":"https:\/\/www.sonoraenequipo.com.mx\/api\/wp\/v2\/media\/111693"}],"wp:attachment":[{"href":"https:\/\/www.sonoraenequipo.com.mx\/api\/wp\/v2\/media?parent=111692"}],"wp:term":[{"taxonomy":"category","embeddable":true,"href":"https:\/\/www.sonoraenequipo.com.mx\/api\/wp\/v2\/categories?post=111692"},{"taxonomy":"post_tag","embeddable":true,"href":"https:\/\/www.sonoraenequipo.com.mx\/api\/wp\/v2\/tags?post=111692"}],"curies":[{"name":"wp","href":"https:\/\/api.w.org\/{rel}","templated":true}]}}