{"id":111695,"date":"2021-04-15T19:22:21","date_gmt":"2021-04-16T02:22:21","guid":{"rendered":"https:\/\/www.sonoraenequipo.com.mx\/?p=111695"},"modified":"2021-04-15T21:17:05","modified_gmt":"2021-04-16T04:17:05","slug":"aprueba-senado-leyes-reglamentarias-de-la-reforma-del-poder-judicial","status":"publish","type":"post","link":"https:\/\/www.sonoraenequipo.com.mx\/aprueba-senado-leyes-reglamentarias-de-la-reforma-del-poder-judicial\/","title":{"rendered":"Aprueba Senado leyes reglamentarias de la reforma del poder judicial"},"content":{"rendered":"<p>CIUDAD DE M\u00c9XICO. MX. \u2014 El Senado de la Rep\u00fablica aprob\u00f3 hoy las leyes reglamentarias de la reforma constitucional al poder judicial, que busca erradicar el nepotismo y la corrupci\u00f3n entre jueces y magistrados y para ello incluye sanciones severas que van desde el retiro temporal hasta la inhabilitaci\u00f3n por 20 a\u00f1os de los juzgadores.<\/p>\n<p>&nbsp;<\/p>\n<p> <\/p>\n<p>&nbsp;<\/p>\n<p>Jueces, magistrados y empleados que hayan aceptado sobornos o incurrido en tr\u00e1fico de influencias, tendr\u00e1n la obligaci\u00f3n de restituir dos veces los beneficios que hubieran obtenido para s\u00ed o un tercero y deber\u00e1n adem\u00e1s pagar una una indemnizaci\u00f3n si e provocaron da\u00f1os y perjuicios a la Hacienda P\u00fablica Federal, local o municipal.<\/p>\n<p>&nbsp;<\/p>\n<p>La reforma, que crea la nueva Ley Org\u00e1nica del Poder Judicial y la Ley de la Carrera Judicial, adem\u00e1s de modificaciones a cinco ordenamientos, fue aprobada con el voto a favor de la mayor\u00eda de las fuerzas pol\u00edticas, excepto MC y algunos senadores del PAN, que consideraron que no es el proyecto integral que se requiere, Mart\u00ed Batres, de Morena, respondi\u00f3 que es la reforma que requieren los ciudadanos.<\/p>\n<p>&nbsp;<\/p>\n<p>El presidente de la Comisi\u00f3n de Justicia, Julio Menchaca resalt\u00f3 que la reforma fortalece la estructura del poder judicial despu\u00e9s de 25 a\u00f1os sin cambios legales, delega responsabilidades que hoya agobian a la Suprema Corte y la fortalece como tribunal Constitucional, y elimina \u201c la pr\u00e1ctica vergonzosa de contratar a familiares conocidos\u201d.<\/p>\n<p>&nbsp;<\/p>\n<p>La nueva Ley de Carrera Judicial del Poder Judicial, prohibe expresamente a jueces y magistrados la contrataci\u00f3n familiares, amigos y allegados y establece que todos los cargos se obtendr\u00e1n a trav\u00e9s de concursos de oposici\u00f3n y tambi\u00e9n se someter\u00e1 a concurso el desempe\u00f1o, la permanencia en el cargo y los ascensos.<\/p>\n<p>&nbsp;<\/p>\n<p>Se actualiza en la ley la causal de responsabilidad administrativa en los casos de acoso y hostigamiento sexual sin que sea necesario que deba acreditarse el elemento normativo consistente en que <em>\u00abatente contra la dignidad\u00bb<\/em> de la v\u00edctima. Con ello, se precisa, se pretende facilitar la sanci\u00f3n. Asimismo, se expresan textualmente los conceptos de acosar u hostigar sexual mente dentro de la descripci\u00f3n de la conducta, para no dejar dudas sobre cu\u00e1ndo resulta sancionable un acto de esta naturaleza.<\/p>\n<p>&nbsp;<\/p>\n<p>Para acabar con el nepotismo, se establece como una causal de responsabilidad administrativa expresa que \u201cquienes vali\u00e9ndose de sus atribuciones directa o indirectamente designen, nombren o intervengan para que se contrate en cualquier \u00f3rgano jurisdiccional o \u00e1rea administrativa del Poder Judicial de la Federaci\u00f3n en que ejerza funciones a personas con las que tenga lazos de parentesco por consanguinidad, afinidad hasta el cuarto grado o v\u00ednculo de matrimonio, concubinato o afectivo\u201d.<\/p>\n<p>&nbsp;<\/p>\n<p>Tambi\u00e9n, se sancionar\u00e1 con responsabilidad administrativa los nombramientos cruzados, estableci\u00e9ndose como causal atribuible a las personas que hubieran recibido un nombramiento de base, interino o de confianza y \u00e9stos extiendan nombramientos a los c\u00f3nyuges, concubinos, convivientes o parejas en relaciones an\u00e1logas o a parientes consangu\u00edneos o por afinidad hasta el cuarto grado de la persona que los nombr\u00f3.<\/p>\n<p>&nbsp;<\/p>\n<p>Cada una de las siete reforma fue votada por separado. La Ley Org\u00e1nica del Poder Judicial, que fue la que mayor tiempo de debate se llev\u00f3, fue aprobada con 94 votos a favor, 19 en contra y dos abstenciones y no pasaron ninguna de la veintena de reservas presentadas. Entre los cambios desechados est\u00e1 el propuesto por la senadora del PT, Nancy de la Sierra, en el sentido de eliminar la disposici\u00f3n de multar con 16 mil pesos a quien <em>\u201cfalte al respeto\u201d a<\/em>l poder judicial.<\/p>\n<p>&nbsp;<\/p>\n<p>La nueva Ley de Carrera Judicial fue aprobada con 105 votos a favor, 8 en contra y una abstenci\u00f3n. Se aprob\u00f3 tambi\u00e9n modificaciones a la Ley Federal de los Trabajadores al Servicio del Estado, La Ley Federal de Defensor\u00eda Publica, la Ley de Amparo, Ley Reglamentaria de las Fracciones I y II de del Art\u00edculo 105 Constitucional y el C\u00f3digo Federal de Procedimientos Civiles.<\/p>\n<p>&nbsp;<\/p>\n<p>&nbsp;<\/p>\n<p>(Publicada el 15\/04\/2021 \/ Andrea Becerril y V\u00edctor Ballinas)<\/p>\n","protected":false},"excerpt":{"rendered":"<p>CIUDAD DE M\u00c9XICO. MX. \u2014 El Senado de la Rep\u00fablica aprob\u00f3 hoy las leyes reglamentarias&#8230;<\/p>\n","protected":false},"author":1,"featured_media":111696,"comment_status":"open","ping_status":"open","sticky":false,"template":"","format":"standard","meta":{"_monsterinsights_skip_tracking":false,"_monsterinsights_sitenote_active":false,"_monsterinsights_sitenote_note":"","_monsterinsights_sitenote_category":0,"footnotes":""},"categories":[5],"tags":[],"class_list":["post"],"yoast_head":" \n<title>Sonora en Equipo. Aprueba Senado leyes reglamentarias de la reforma del poder judicial Rep\u00fablica<\/title>\n<meta name=\"description\" content=\"CIUDAD DE M\u00c9XICO. MX. \u2014 El Senado de la Rep\u00fablica aprob\u00f3 hoy las leyes reglamentarias de la reforma constitucional al poder judicial, que busca erradicar En Sonora en Equipo publicamos toda la informaci\u00f3n de Sonora, M\u00e9xico y el Mundo de manera oportuna y busca que la libertad de expresi\u00f3n sea real. Visita nuestro medio informativo publicado desde Hermosillo, Sonora. %\" \/>\n<meta name=\"robots\" content=\"index, follow, max-snippet:-1, max-image-preview:large, max-video-preview:-1\" \/>\n<link rel=\"canonical\" href=\"https:\/\/www.sonoraenequipo.com.mx\/aprueba-senado-leyes-reglamentarias-de-la-reforma-del-poder-judicial\/\" \/>\n<meta property=\"og:locale\" content=\"es_ES\" \/>\n<meta property=\"og:type\" content=\"article\" \/>\n<meta property=\"og:title\" content=\"Sonora en Equipo. Aprueba Senado leyes reglamentarias de la reforma del poder judicial Rep\u00fablica\" \/>\n<meta property=\"og:description\" content=\"CIUDAD DE M\u00c9XICO. MX. \u2014 El Senado de la Rep\u00fablica aprob\u00f3 hoy las leyes reglamentarias de la reforma constitucional al poder judicial, que busca erradicar En Sonora en Equipo publicamos toda la informaci\u00f3n de Sonora, M\u00e9xico y el Mundo de manera oportuna y busca que la libertad de expresi\u00f3n sea real. Visita nuestro medio informativo publicado desde Hermosillo, Sonora. %\" \/>\n<meta property=\"og:url\" content=\"https:\/\/www.sonoraenequipo.com.mx\/aprueba-senado-leyes-reglamentarias-de-la-reforma-del-poder-judicial\/\" \/>\n<meta property=\"og:site_name\" content=\"Sonora en Equipo.\" \/>\n<meta property=\"article:publisher\" content=\"https:\/\/www.facebook.com\/SonoraEE\/\" \/>\n<meta property=\"article:author\" content=\"https:\/\/www.facebook.com\/SonoraEE\" \/>\n<meta property=\"article:published_time\" content=\"2021-04-16T02:22:21+00:00\" \/>\n<meta property=\"article:modified_time\" content=\"2021-04-16T04:17:05+00:00\" \/>\n<meta property=\"og:image\" content=\"https:\/\/www.sonoraenequipo.com.mx\/storage\/2021\/04\/senado_opt6.jpg\" \/>\n\t<meta property=\"og:image:width\" content=\"667\" \/>\n\t<meta property=\"og:image:height\" content=\"500\" \/>\n\t<meta property=\"og:image:type\" content=\"image\/jpeg\" \/>\n<meta name=\"author\" content=\"enequipo\" \/>\n<meta name=\"twitter:card\" content=\"summary_large_image\" \/>\n<meta name=\"twitter:creator\" content=\"@sonoraenequipo\" \/>\n<meta name=\"twitter:site\" content=\"@sonoraenequipo\" \/>\n<meta name=\"twitter:label1\" content=\"Escrito por\" \/>\n\t<meta name=\"twitter:data1\" content=\"enequipo\" \/>\n\t<meta name=\"twitter:label2\" content=\"Tiempo de lectura\" \/>\n\t<meta name=\"twitter:data2\" content=\"3 minutos\" \/>\n<script type=\"application\/ld+json\" class=\"yoast-schema-graph\">{\"@context\":\"https:\/\/schema.org\",\"@graph\":[{\"@type\":\"Article\",\"@id\":\"https:\/\/www.sonoraenequipo.com.mx\/aprueba-senado-leyes-reglamentarias-de-la-reforma-del-poder-judicial\/#article\",\"isPartOf\":{\"@id\":\"https:\/\/www.sonoraenequipo.com.mx\/aprueba-senado-leyes-reglamentarias-de-la-reforma-del-poder-judicial\/\"},\"author\":{\"name\":\"enequipo\",\"@id\":\"https:\/\/www.sonoraenequipo.com.mx\/#\/schema\/person\/50102df0fb23a8fa9e8effad8fa81386\"},\"headline\":\"Aprueba Senado leyes reglamentarias de la reforma del poder judicial\",\"datePublished\":\"2021-04-16T02:22:21+00:00\",\"dateModified\":\"2021-04-16T04:17:05+00:00\",\"mainEntityOfPage\":{\"@id\":\"https:\/\/www.sonoraenequipo.com.mx\/aprueba-senado-leyes-reglamentarias-de-la-reforma-del-poder-judicial\/\"},\"wordCount\":703,\"commentCount\":0,\"publisher\":{\"@id\":\"https:\/\/www.sonoraenequipo.com.mx\/#organization\"},\"image\":{\"@id\":\"https:\/\/www.sonoraenequipo.com.mx\/aprueba-senado-leyes-reglamentarias-de-la-reforma-del-poder-judicial\/#primaryimage\"},\"thumbnailUrl\":\"https:\/\/www.sonoraenequipo.com.mx\/storage\/2021\/04\/senado_opt6.jpg\",\"articleSection\":[\"Rep\u00fablica\"],\"inLanguage\":\"es\",\"potentialAction\":[{\"@type\":\"CommentAction\",\"name\":\"Comment\",\"target\":[\"https:\/\/www.sonoraenequipo.com.mx\/aprueba-senado-leyes-reglamentarias-de-la-reforma-del-poder-judicial\/#respond\"]}]},{\"@type\":\"WebPage\",\"@id\":\"https:\/\/www.sonoraenequipo.com.mx\/aprueba-senado-leyes-reglamentarias-de-la-reforma-del-poder-judicial\/\",\"url\":\"https:\/\/www.sonoraenequipo.com.mx\/aprueba-senado-leyes-reglamentarias-de-la-reforma-del-poder-judicial\/\",\"name\":\"Sonora en Equipo. Aprueba Senado leyes reglamentarias de la reforma del poder judicial Rep\u00fablica\",\"isPartOf\":{\"@id\":\"https:\/\/www.sonoraenequipo.com.mx\/#website\"},\"primaryImageOfPage\":{\"@id\":\"https:\/\/www.sonoraenequipo.com.mx\/aprueba-senado-leyes-reglamentarias-de-la-reforma-del-poder-judicial\/#primaryimage\"},\"image\":{\"@id\":\"https:\/\/www.sonoraenequipo.com.mx\/aprueba-senado-leyes-reglamentarias-de-la-reforma-del-poder-judicial\/#primaryimage\"},\"thumbnailUrl\":\"https:\/\/www.sonoraenequipo.com.mx\/storage\/2021\/04\/senado_opt6.jpg\",\"datePublished\":\"2021-04-16T02:22:21+00:00\",\"dateModified\":\"2021-04-16T04:17:05+00:00\",\"description\":\"CIUDAD DE M\u00c9XICO. MX. \u2014 El Senado de la Rep\u00fablica aprob\u00f3 hoy las leyes reglamentarias de la reforma constitucional al poder judicial, que busca erradicar En Sonora en Equipo publicamos toda la informaci\u00f3n de Sonora, M\u00e9xico y el Mundo de manera oportuna y busca que la libertad de expresi\u00f3n sea real. Visita nuestro medio informativo publicado desde Hermosillo, Sonora. %\",\"breadcrumb\":{\"@id\":\"https:\/\/www.sonoraenequipo.com.mx\/aprueba-senado-leyes-reglamentarias-de-la-reforma-del-poder-judicial\/#breadcrumb\"},\"inLanguage\":\"es\",\"potentialAction\":[{\"@type\":\"ReadAction\",\"target\":[\"https:\/\/www.sonoraenequipo.com.mx\/aprueba-senado-leyes-reglamentarias-de-la-reforma-del-poder-judicial\/\"]}]},{\"@type\":\"ImageObject\",\"inLanguage\":\"es\",\"@id\":\"https:\/\/www.sonoraenequipo.com.mx\/aprueba-senado-leyes-reglamentarias-de-la-reforma-del-poder-judicial\/#primaryimage\",\"url\":\"https:\/\/www.sonoraenequipo.com.mx\/storage\/2021\/04\/senado_opt6.jpg\",\"contentUrl\":\"https:\/\/www.sonoraenequipo.com.mx\/storage\/2021\/04\/senado_opt6.jpg\",\"width\":667,\"height\":500},{\"@type\":\"BreadcrumbList\",\"@id\":\"https:\/\/www.sonoraenequipo.com.mx\/aprueba-senado-leyes-reglamentarias-de-la-reforma-del-poder-judicial\/#breadcrumb\",\"itemListElement\":[{\"@type\":\"ListItem\",\"position\":1,\"name\":\"Portada\",\"item\":\"https:\/\/www.sonoraenequipo.com.mx\/\"},{\"@type\":\"ListItem\",\"position\":2,\"name\":\"Aprueba Senado leyes reglamentarias de la reforma del poder judicial\"}]},{\"@type\":\"WebSite\",\"@id\":\"https:\/\/www.sonoraenequipo.com.mx\/#website\",\"url\":\"https:\/\/www.sonoraenequipo.com.mx\/\",\"name\":\"Sonora en Equipo.\",\"description\":\"Diario en l\u00ednea con Noticias desde Hermosillo, Sonora\",\"publisher\":{\"@id\":\"https:\/\/www.sonoraenequipo.com.mx\/#organization\"},\"potentialAction\":[{\"@type\":\"SearchAction\",\"target\":{\"@type\":\"EntryPoint\",\"urlTemplate\":\"https:\/\/www.sonoraenequipo.com.mx\/?s={search_term_string}\"},\"query-input\":{\"@type\":\"PropertyValueSpecification\",\"valueRequired\":true,\"valueName\":\"search_term_string\"}}],\"inLanguage\":\"es\"},{\"@type\":\"Organization\",\"@id\":\"https:\/\/www.sonoraenequipo.com.mx\/#organization\",\"name\":\"Sonoraenequipo.com.mx\",\"url\":\"https:\/\/www.sonoraenequipo.com.mx\/\",\"logo\":{\"@type\":\"ImageObject\",\"inLanguage\":\"es\",\"@id\":\"https:\/\/www.sonoraenequipo.com.mx\/#\/schema\/logo\/image\/\",\"url\":\"https:\/\/www.sonoraenequipo.com.mx\/storage\/2019\/01\/sonoraenequipo_opt.png\",\"contentUrl\":\"https:\/\/www.sonoraenequipo.com.mx\/storage\/2019\/01\/sonoraenequipo_opt.png\",\"width\":375,\"height\":125,\"caption\":\"Sonoraenequipo.com.mx\"},\"image\":{\"@id\":\"https:\/\/www.sonoraenequipo.com.mx\/#\/schema\/logo\/image\/\"},\"sameAs\":[\"https:\/\/www.facebook.com\/SonoraEE\/\",\"https:\/\/x.com\/sonoraenequipo\",\"https:\/\/www.youtube.com\/channel\/UC338nW-lPEYmJQs4ZABQ1SQ\"]},{\"@type\":\"Person\",\"@id\":\"https:\/\/www.sonoraenequipo.com.mx\/#\/schema\/person\/50102df0fb23a8fa9e8effad8fa81386\",\"name\":\"enequipo\",\"image\":{\"@type\":\"ImageObject\",\"inLanguage\":\"es\",\"@id\":\"https:\/\/www.sonoraenequipo.com.mx\/#\/schema\/person\/image\/\",\"url\":\"https:\/\/secure.gravatar.com\/avatar\/049821681b589dabc0bc20695993ccebb09f5b5d4d790cd9251b97faac7c652b?s=96&d=blank&r=g\",\"contentUrl\":\"https:\/\/secure.gravatar.com\/avatar\/049821681b589dabc0bc20695993ccebb09f5b5d4d790cd9251b97faac7c652b?s=96&d=blank&r=g\",\"caption\":\"enequipo\"},\"sameAs\":[\"https:\/\/www.facebook.com\/SonoraEE\"]}]}<\/script>\n ","yoast_head_json":{"title":"Sonora en Equipo. Aprueba Senado leyes reglamentarias de la reforma del poder judicial Rep\u00fablica","description":"CIUDAD DE M\u00c9XICO. MX. \u2014 El Senado de la Rep\u00fablica aprob\u00f3 hoy las leyes reglamentarias de la reforma constitucional al poder judicial, que busca erradicar En Sonora en Equipo publicamos toda la informaci\u00f3n de Sonora, M\u00e9xico y el Mundo de manera oportuna y busca que la libertad de expresi\u00f3n sea real. Visita nuestro medio informativo publicado desde Hermosillo, Sonora. %","robots":{"index":"index","follow":"follow","max-snippet":"max-snippet:-1","max-image-preview":"max-image-preview:large","max-video-preview":"max-video-preview:-1"},"canonical":"https:\/\/www.sonoraenequipo.com.mx\/aprueba-senado-leyes-reglamentarias-de-la-reforma-del-poder-judicial\/","og_locale":"es_ES","og_type":"article","og_title":"Sonora en Equipo. Aprueba Senado leyes reglamentarias de la reforma del poder judicial Rep\u00fablica","og_description":"CIUDAD DE M\u00c9XICO. MX. \u2014 El Senado de la Rep\u00fablica aprob\u00f3 hoy las leyes reglamentarias de la reforma constitucional al poder judicial, que busca erradicar En Sonora en Equipo publicamos toda la informaci\u00f3n de Sonora, M\u00e9xico y el Mundo de manera oportuna y busca que la libertad de expresi\u00f3n sea real. Visita nuestro medio informativo publicado desde Hermosillo, Sonora. %","og_url":"https:\/\/www.sonoraenequipo.com.mx\/aprueba-senado-leyes-reglamentarias-de-la-reforma-del-poder-judicial\/","og_site_name":"Sonora en Equipo.","article_publisher":"https:\/\/www.facebook.com\/SonoraEE\/","article_author":"https:\/\/www.facebook.com\/SonoraEE","article_published_time":"2021-04-16T02:22:21+00:00","article_modified_time":"2021-04-16T04:17:05+00:00","og_image":[{"width":667,"height":500,"url":"https:\/\/www.sonoraenequipo.com.mx\/storage\/2021\/04\/senado_opt6.jpg","type":"image\/jpeg"}],"author":"enequipo","twitter_card":"summary_large_image","twitter_creator":"@sonoraenequipo","twitter_site":"@sonoraenequipo","twitter_misc":{"Escrito por":"enequipo","Tiempo de lectura":"3 minutos"},"schema":{"@context":"https:\/\/schema.org","@graph":[{"@type":"Article","@id":"https:\/\/www.sonoraenequipo.com.mx\/aprueba-senado-leyes-reglamentarias-de-la-reforma-del-poder-judicial\/#article","isPartOf":{"@id":"https:\/\/www.sonoraenequipo.com.mx\/aprueba-senado-leyes-reglamentarias-de-la-reforma-del-poder-judicial\/"},"author":{"name":"enequipo","@id":"https:\/\/www.sonoraenequipo.com.mx\/#\/schema\/person\/50102df0fb23a8fa9e8effad8fa81386"},"headline":"Aprueba Senado leyes reglamentarias de la reforma del poder judicial","datePublished":"2021-04-16T02:22:21+00:00","dateModified":"2021-04-16T04:17:05+00:00","mainEntityOfPage":{"@id":"https:\/\/www.sonoraenequipo.com.mx\/aprueba-senado-leyes-reglamentarias-de-la-reforma-del-poder-judicial\/"},"wordCount":703,"commentCount":0,"publisher":{"@id":"https:\/\/www.sonoraenequipo.com.mx\/#organization"},"image":{"@id":"https:\/\/www.sonoraenequipo.com.mx\/aprueba-senado-leyes-reglamentarias-de-la-reforma-del-poder-judicial\/#primaryimage"},"thumbnailUrl":"https:\/\/www.sonoraenequipo.com.mx\/storage\/2021\/04\/senado_opt6.jpg","articleSection":["Rep\u00fablica"],"inLanguage":"es","potentialAction":[{"@type":"CommentAction","name":"Comment","target":["https:\/\/www.sonoraenequipo.com.mx\/aprueba-senado-leyes-reglamentarias-de-la-reforma-del-poder-judicial\/#respond"]}]},{"@type":"WebPage","@id":"https:\/\/www.sonoraenequipo.com.mx\/aprueba-senado-leyes-reglamentarias-de-la-reforma-del-poder-judicial\/","url":"https:\/\/www.sonoraenequipo.com.mx\/aprueba-senado-leyes-reglamentarias-de-la-reforma-del-poder-judicial\/","name":"Sonora en Equipo. Aprueba Senado leyes reglamentarias de la reforma del poder judicial Rep\u00fablica","isPartOf":{"@id":"https:\/\/www.sonoraenequipo.com.mx\/#website"},"primaryImageOfPage":{"@id":"https:\/\/www.sonoraenequipo.com.mx\/aprueba-senado-leyes-reglamentarias-de-la-reforma-del-poder-judicial\/#primaryimage"},"image":{"@id":"https:\/\/www.sonoraenequipo.com.mx\/aprueba-senado-leyes-reglamentarias-de-la-reforma-del-poder-judicial\/#primaryimage"},"thumbnailUrl":"https:\/\/www.sonoraenequipo.com.mx\/storage\/2021\/04\/senado_opt6.jpg","datePublished":"2021-04-16T02:22:21+00:00","dateModified":"2021-04-16T04:17:05+00:00","description":"CIUDAD DE M\u00c9XICO. MX. \u2014 El Senado de la Rep\u00fablica aprob\u00f3 hoy las leyes reglamentarias de la reforma constitucional al poder judicial, que busca erradicar En Sonora en Equipo publicamos toda la informaci\u00f3n de Sonora, M\u00e9xico y el Mundo de manera oportuna y busca que la libertad de expresi\u00f3n sea real. Visita nuestro medio informativo publicado desde Hermosillo, Sonora. %","breadcrumb":{"@id":"https:\/\/www.sonoraenequipo.com.mx\/aprueba-senado-leyes-reglamentarias-de-la-reforma-del-poder-judicial\/#breadcrumb"},"inLanguage":"es","potentialAction":[{"@type":"ReadAction","target":["https:\/\/www.sonoraenequipo.com.mx\/aprueba-senado-leyes-reglamentarias-de-la-reforma-del-poder-judicial\/"]}]},{"@type":"ImageObject","inLanguage":"es","@id":"https:\/\/www.sonoraenequipo.com.mx\/aprueba-senado-leyes-reglamentarias-de-la-reforma-del-poder-judicial\/#primaryimage","url":"https:\/\/www.sonoraenequipo.com.mx\/storage\/2021\/04\/senado_opt6.jpg","contentUrl":"https:\/\/www.sonoraenequipo.com.mx\/storage\/2021\/04\/senado_opt6.jpg","width":667,"height":500},{"@type":"BreadcrumbList","@id":"https:\/\/www.sonoraenequipo.com.mx\/aprueba-senado-leyes-reglamentarias-de-la-reforma-del-poder-judicial\/#breadcrumb","itemListElement":[{"@type":"ListItem","position":1,"name":"Portada","item":"https:\/\/www.sonoraenequipo.com.mx\/"},{"@type":"ListItem","position":2,"name":"Aprueba Senado leyes reglamentarias de la reforma del poder judicial"}]},{"@type":"WebSite","@id":"https:\/\/www.sonoraenequipo.com.mx\/#website","url":"https:\/\/www.sonoraenequipo.com.mx\/","name":"Sonora en Equipo.","description":"Diario en l\u00ednea con Noticias desde Hermosillo, Sonora","publisher":{"@id":"https:\/\/www.sonoraenequipo.com.mx\/#organization"},"potentialAction":[{"@type":"SearchAction","target":{"@type":"EntryPoint","urlTemplate":"https:\/\/www.sonoraenequipo.com.mx\/?s={search_term_string}"},"query-input":{"@type":"PropertyValueSpecification","valueRequired":true,"valueName":"search_term_string"}}],"inLanguage":"es"},{"@type":"Organization","@id":"https:\/\/www.sonoraenequipo.com.mx\/#organization","name":"Sonoraenequipo.com.mx","url":"https:\/\/www.sonoraenequipo.com.mx\/","logo":{"@type":"ImageObject","inLanguage":"es","@id":"https:\/\/www.sonoraenequipo.com.mx\/#\/schema\/logo\/image\/","url":"https:\/\/www.sonoraenequipo.com.mx\/storage\/2019\/01\/sonoraenequipo_opt.png","contentUrl":"https:\/\/www.sonoraenequipo.com.mx\/storage\/2019\/01\/sonoraenequipo_opt.png","width":375,"height":125,"caption":"Sonoraenequipo.com.mx"},"image":{"@id":"https:\/\/www.sonoraenequipo.com.mx\/#\/schema\/logo\/image\/"},"sameAs":["https:\/\/www.facebook.com\/SonoraEE\/","https:\/\/x.com\/sonoraenequipo","https:\/\/www.youtube.com\/channel\/UC338nW-lPEYmJQs4ZABQ1SQ"]},{"@type":"Person","@id":"https:\/\/www.sonoraenequipo.com.mx\/#\/schema\/person\/50102df0fb23a8fa9e8effad8fa81386","name":"enequipo","image":{"@type":"ImageObject","inLanguage":"es","@id":"https:\/\/www.sonoraenequipo.com.mx\/#\/schema\/person\/image\/","url":"https:\/\/secure.gravatar.com\/avatar\/049821681b589dabc0bc20695993ccebb09f5b5d4d790cd9251b97faac7c652b?s=96&d=blank&r=g","contentUrl":"https:\/\/secure.gravatar.com\/avatar\/049821681b589dabc0bc20695993ccebb09f5b5d4d790cd9251b97faac7c652b?s=96&d=blank&r=g","caption":"enequipo"},"sameAs":["https:\/\/www.facebook.com\/SonoraEE"]}]}},"jetpack_featured_media_url":"https:\/\/www.sonoraenequipo.com.mx\/storage\/2021\/04\/senado_opt6.jpg","_links":{"self":[{"href":"https:\/\/www.sonoraenequipo.com.mx\/api\/wp\/v2\/posts\/111695","targetHints":{"allow":["GET"]}}],"collection":[{"href":"https:\/\/www.sonoraenequipo.com.mx\/api\/wp\/v2\/posts"}],"about":[{"href":"https:\/\/www.sonoraenequipo.com.mx\/api\/wp\/v2\/types\/post"}],"author":[{"embeddable":true,"href":"https:\/\/www.sonoraenequipo.com.mx\/api\/wp\/v2\/users\/1"}],"replies":[{"embeddable":true,"href":"https:\/\/www.sonoraenequipo.com.mx\/api\/wp\/v2\/comments?post=111695"}],"version-history":[{"count":1,"href":"https:\/\/www.sonoraenequipo.com.mx\/api\/wp\/v2\/posts\/111695\/revisions"}],"predecessor-version":[{"id":111697,"href":"https:\/\/www.sonoraenequipo.com.mx\/api\/wp\/v2\/posts\/111695\/revisions\/111697"}],"wp:featuredmedia":[{"embeddable":true,"href":"https:\/\/www.sonoraenequipo.com.mx\/api\/wp\/v2\/media\/111696"}],"wp:attachment":[{"href":"https:\/\/www.sonoraenequipo.com.mx\/api\/wp\/v2\/media?parent=111695"}],"wp:term":[{"taxonomy":"category","embeddable":true,"href":"https:\/\/www.sonoraenequipo.com.mx\/api\/wp\/v2\/categories?post=111695"},{"taxonomy":"post_tag","embeddable":true,"href":"https:\/\/www.sonoraenequipo.com.mx\/api\/wp\/v2\/tags?post=111695"}],"curies":[{"name":"wp","href":"https:\/\/api.w.org\/{rel}","templated":true}]}}