{"id":111701,"date":"2021-04-15T11:20:36","date_gmt":"2021-04-15T18:20:36","guid":{"rendered":"https:\/\/www.sonoraenequipo.com.mx\/?p=111701"},"modified":"2021-04-15T17:54:23","modified_gmt":"2021-04-16T00:54:23","slug":"preve-fmi-que-inflacion-en-mexico-aumente-en-segundo-trimestre","status":"publish","type":"post","link":"https:\/\/www.sonoraenequipo.com.mx\/preve-fmi-que-inflacion-en-mexico-aumente-en-segundo-trimestre\/","title":{"rendered":"Prev\u00e9 FMI que inflaci\u00f3n en M\u00e9xico aumente en segundo trimestre"},"content":{"rendered":"<p>CIUDAD DE M\u00c9XICO. MX. \u2014 La inflaci\u00f3n en M\u00e9xico, otros pa\u00edses de Am\u00e9rica Latina e incluso en econom\u00edas avanzadas va a aumentar en el segundo trimestre de 2021, incluso por arriba de los objetivos de bancos centrales, pero sobretodo se debe a la baja comparaci\u00f3n que hay con el mismo periodo del a\u00f1o pasado, cuando el freno en la actividad econ\u00f3mica gener\u00f3 <em>\u201cprecios artificialmente bajos\u201d,<\/em> reiter\u00f3 Alejandro Werner, director del Departamento del Hemisferio Occidental del Fondo Monetario Internacional (FMI).<\/p>\n<p>&nbsp;<\/p>\n<p> <\/p>\n<p>&nbsp;<\/p>\n<p>En conferencia de prensa expuso que distinto a lo que pasa en Brasil, donde s\u00ed han aumentado las expectativas de mediano plazo para la inflaci\u00f3n, en Chile, Colombia, Per\u00fa y M\u00e9xico la tendencia en el incremento de precios que se espera para 2023-2024 no se ha movido de manera importante y los de ahora son <em>\u201cchoques transitorios\u201d<\/em> que deber\u00edan revertirse en los pr\u00f3ximos trimestres, por lo que no ser\u00e1n necesarios reacciones importantes en las tasas de inter\u00e9s.<\/p>\n<p>&nbsp;<\/p>\n<p>En marzo la inflaci\u00f3n anual en M\u00e9xico fue de 4.67 por ciento, no s\u00f3lo por arriba del rango objetivo del Banco de M\u00e9xico, tambi\u00e9n fue el mayor encarecimiento de precios desde diciembre de 2018. El incremento ya hab\u00eda sido advertido por el organismo e incluso se adelant\u00f3 que ser\u00e1 mayor en abril dado que el a\u00f1o pasado se dio la segunda menor inflaci\u00f3n de la que hay registro en el Instituto Nacional de Estad\u00edstica y Geograf\u00eda.<\/p>\n<p>&nbsp;<\/p>\n<p>Wener subray\u00f3 que la labor del Banco de M\u00e9xico y sus pares en Am\u00e9rica Latina es evitar que estos incrementos transitorios alimenten revisiones de expectativas a mediano plazo, contaminen los procesos de formaci\u00f3n de precios y luego se vuelva m\u00e1s complicado que la inflaci\u00f3n regrese a sus niveles objetivo.<\/p>\n<p>&nbsp;<\/p>\n<p>Por otro lado, el director del Departamento del Hemisferio Occidental consider\u00f3 que el incremento de las tasas de inter\u00e9s en Estados Unidos ha<em> \u201cincidido moderadamente\u201d<\/em> en los precios de los activos y los flujos de capital en Am\u00e9rica Latina, dado que los esquemas de flotaci\u00f3n cambiaria y objetivos de inflaci\u00f3n han sido adecuados para manejarlos; sin embargo, un incremento continuo s\u00ed representa un riesgo que <em>\u201cnuevamente puede complicar el manejo macroecon\u00f3mico\u201d.<\/em><\/p>\n<p>&nbsp;<\/p>\n<p>Sobre la posibilidad de que M\u00e9xico ampl\u00ede el uso de la L\u00ednea de Cr\u00e9dito Flexible contratada con el organismo por 61 mil millones de d\u00f3lares, como asegur\u00f3 la semana pasada el secretario de Hacienda, Arturo Herrera, Werner rechaz\u00f3 que se haya tenido un di\u00e1logo al respecto, \u201cni la solicitud ni la inquietud de utilizar\u201d esos recursos. <em>\u201cContin\u00faan consider\u00e1ndolo\u201d,<\/em> dijo al tiempo de recalcar que una pandemia como la actual es la situaci\u00f3n para la que est\u00e1n pensados esos financiamientos del FMI.<\/p>\n<p>&nbsp;<\/p>\n<p>&nbsp;<\/p>\n<p>(Publicada el 15\/04\/2021 \/ Dora Villanueva)<\/p>\n","protected":false},"excerpt":{"rendered":"<p>CIUDAD DE M\u00c9XICO. MX. \u2014 La inflaci\u00f3n en M\u00e9xico, otros pa\u00edses de Am\u00e9rica Latina e&#8230;<\/p>\n","protected":false},"author":1,"featured_media":111708,"comment_status":"open","ping_status":"open","sticky":false,"template":"","format":"standard","meta":{"_monsterinsights_skip_tracking":false,"_monsterinsights_sitenote_active":false,"_monsterinsights_sitenote_note":"","_monsterinsights_sitenote_category":0,"footnotes":""},"categories":[5],"tags":[],"class_list":["post"],"yoast_head":" \n<title>Sonora en Equipo. Prev\u00e9 FMI que inflaci\u00f3n en M\u00e9xico aumente en segundo trimestre Rep\u00fablica<\/title>\n<meta name=\"description\" content=\"CIUDAD DE M\u00c9XICO. MX. \u2014 La inflaci\u00f3n en M\u00e9xico, otros pa\u00edses de Am\u00e9rica Latina e incluso en econom\u00edas avanzadas va a aumentar en el segundo trimestre de En Sonora en Equipo publicamos toda la informaci\u00f3n de Sonora, M\u00e9xico y el Mundo de manera oportuna y busca que la libertad de expresi\u00f3n sea real. Visita nuestro medio informativo publicado desde Hermosillo, Sonora. %\" \/>\n<meta name=\"robots\" content=\"index, follow, max-snippet:-1, max-image-preview:large, max-video-preview:-1\" \/>\n<link rel=\"canonical\" href=\"https:\/\/www.sonoraenequipo.com.mx\/preve-fmi-que-inflacion-en-mexico-aumente-en-segundo-trimestre\/\" \/>\n<meta property=\"og:locale\" content=\"es_ES\" \/>\n<meta property=\"og:type\" content=\"article\" \/>\n<meta property=\"og:title\" content=\"Sonora en Equipo. Prev\u00e9 FMI que inflaci\u00f3n en M\u00e9xico aumente en segundo trimestre Rep\u00fablica\" \/>\n<meta property=\"og:description\" content=\"CIUDAD DE M\u00c9XICO. MX. \u2014 La inflaci\u00f3n en M\u00e9xico, otros pa\u00edses de Am\u00e9rica Latina e incluso en econom\u00edas avanzadas va a aumentar en el segundo trimestre de En Sonora en Equipo publicamos toda la informaci\u00f3n de Sonora, M\u00e9xico y el Mundo de manera oportuna y busca que la libertad de expresi\u00f3n sea real. Visita nuestro medio informativo publicado desde Hermosillo, Sonora. %\" \/>\n<meta property=\"og:url\" content=\"https:\/\/www.sonoraenequipo.com.mx\/preve-fmi-que-inflacion-en-mexico-aumente-en-segundo-trimestre\/\" \/>\n<meta property=\"og:site_name\" content=\"Sonora en Equipo.\" \/>\n<meta property=\"article:publisher\" content=\"https:\/\/www.facebook.com\/SonoraEE\/\" \/>\n<meta property=\"article:author\" content=\"https:\/\/www.facebook.com\/SonoraEE\" \/>\n<meta property=\"article:published_time\" content=\"2021-04-15T18:20:36+00:00\" \/>\n<meta property=\"article:modified_time\" content=\"2021-04-16T00:54:23+00:00\" \/>\n<meta property=\"og:image\" content=\"https:\/\/www.sonoraenequipo.com.mx\/storage\/2021\/04\/inflacion_opt.jpg\" \/>\n\t<meta property=\"og:image:width\" content=\"661\" \/>\n\t<meta property=\"og:image:height\" content=\"400\" \/>\n\t<meta property=\"og:image:type\" content=\"image\/jpeg\" \/>\n<meta name=\"author\" content=\"enequipo\" \/>\n<meta name=\"twitter:card\" content=\"summary_large_image\" \/>\n<meta name=\"twitter:creator\" content=\"@sonoraenequipo\" \/>\n<meta name=\"twitter:site\" content=\"@sonoraenequipo\" \/>\n<meta name=\"twitter:label1\" content=\"Escrito por\" \/>\n\t<meta name=\"twitter:data1\" content=\"enequipo\" \/>\n\t<meta name=\"twitter:label2\" content=\"Tiempo de lectura\" \/>\n\t<meta name=\"twitter:data2\" content=\"2 minutos\" \/>\n<script type=\"application\/ld+json\" class=\"yoast-schema-graph\">{\"@context\":\"https:\/\/schema.org\",\"@graph\":[{\"@type\":\"Article\",\"@id\":\"https:\/\/www.sonoraenequipo.com.mx\/preve-fmi-que-inflacion-en-mexico-aumente-en-segundo-trimestre\/#article\",\"isPartOf\":{\"@id\":\"https:\/\/www.sonoraenequipo.com.mx\/preve-fmi-que-inflacion-en-mexico-aumente-en-segundo-trimestre\/\"},\"author\":{\"name\":\"enequipo\",\"@id\":\"https:\/\/www.sonoraenequipo.com.mx\/#\/schema\/person\/50102df0fb23a8fa9e8effad8fa81386\"},\"headline\":\"Prev\u00e9 FMI que inflaci\u00f3n en M\u00e9xico aumente en segundo trimestre\",\"datePublished\":\"2021-04-15T18:20:36+00:00\",\"dateModified\":\"2021-04-16T00:54:23+00:00\",\"mainEntityOfPage\":{\"@id\":\"https:\/\/www.sonoraenequipo.com.mx\/preve-fmi-que-inflacion-en-mexico-aumente-en-segundo-trimestre\/\"},\"wordCount\":497,\"commentCount\":0,\"publisher\":{\"@id\":\"https:\/\/www.sonoraenequipo.com.mx\/#organization\"},\"image\":{\"@id\":\"https:\/\/www.sonoraenequipo.com.mx\/preve-fmi-que-inflacion-en-mexico-aumente-en-segundo-trimestre\/#primaryimage\"},\"thumbnailUrl\":\"https:\/\/www.sonoraenequipo.com.mx\/storage\/2021\/04\/inflacion_opt.jpg\",\"articleSection\":[\"Rep\u00fablica\"],\"inLanguage\":\"es\",\"potentialAction\":[{\"@type\":\"CommentAction\",\"name\":\"Comment\",\"target\":[\"https:\/\/www.sonoraenequipo.com.mx\/preve-fmi-que-inflacion-en-mexico-aumente-en-segundo-trimestre\/#respond\"]}]},{\"@type\":\"WebPage\",\"@id\":\"https:\/\/www.sonoraenequipo.com.mx\/preve-fmi-que-inflacion-en-mexico-aumente-en-segundo-trimestre\/\",\"url\":\"https:\/\/www.sonoraenequipo.com.mx\/preve-fmi-que-inflacion-en-mexico-aumente-en-segundo-trimestre\/\",\"name\":\"Sonora en Equipo. Prev\u00e9 FMI que inflaci\u00f3n en M\u00e9xico aumente en segundo trimestre Rep\u00fablica\",\"isPartOf\":{\"@id\":\"https:\/\/www.sonoraenequipo.com.mx\/#website\"},\"primaryImageOfPage\":{\"@id\":\"https:\/\/www.sonoraenequipo.com.mx\/preve-fmi-que-inflacion-en-mexico-aumente-en-segundo-trimestre\/#primaryimage\"},\"image\":{\"@id\":\"https:\/\/www.sonoraenequipo.com.mx\/preve-fmi-que-inflacion-en-mexico-aumente-en-segundo-trimestre\/#primaryimage\"},\"thumbnailUrl\":\"https:\/\/www.sonoraenequipo.com.mx\/storage\/2021\/04\/inflacion_opt.jpg\",\"datePublished\":\"2021-04-15T18:20:36+00:00\",\"dateModified\":\"2021-04-16T00:54:23+00:00\",\"description\":\"CIUDAD DE M\u00c9XICO. MX. \u2014 La inflaci\u00f3n en M\u00e9xico, otros pa\u00edses de Am\u00e9rica Latina e incluso en econom\u00edas avanzadas va a aumentar en el segundo trimestre de En Sonora en Equipo publicamos toda la informaci\u00f3n de Sonora, M\u00e9xico y el Mundo de manera oportuna y busca que la libertad de expresi\u00f3n sea real. Visita nuestro medio informativo publicado desde Hermosillo, Sonora. %\",\"breadcrumb\":{\"@id\":\"https:\/\/www.sonoraenequipo.com.mx\/preve-fmi-que-inflacion-en-mexico-aumente-en-segundo-trimestre\/#breadcrumb\"},\"inLanguage\":\"es\",\"potentialAction\":[{\"@type\":\"ReadAction\",\"target\":[\"https:\/\/www.sonoraenequipo.com.mx\/preve-fmi-que-inflacion-en-mexico-aumente-en-segundo-trimestre\/\"]}]},{\"@type\":\"ImageObject\",\"inLanguage\":\"es\",\"@id\":\"https:\/\/www.sonoraenequipo.com.mx\/preve-fmi-que-inflacion-en-mexico-aumente-en-segundo-trimestre\/#primaryimage\",\"url\":\"https:\/\/www.sonoraenequipo.com.mx\/storage\/2021\/04\/inflacion_opt.jpg\",\"contentUrl\":\"https:\/\/www.sonoraenequipo.com.mx\/storage\/2021\/04\/inflacion_opt.jpg\",\"width\":661,\"height\":400},{\"@type\":\"BreadcrumbList\",\"@id\":\"https:\/\/www.sonoraenequipo.com.mx\/preve-fmi-que-inflacion-en-mexico-aumente-en-segundo-trimestre\/#breadcrumb\",\"itemListElement\":[{\"@type\":\"ListItem\",\"position\":1,\"name\":\"Portada\",\"item\":\"https:\/\/www.sonoraenequipo.com.mx\/\"},{\"@type\":\"ListItem\",\"position\":2,\"name\":\"Prev\u00e9 FMI que inflaci\u00f3n en M\u00e9xico aumente en segundo trimestre\"}]},{\"@type\":\"WebSite\",\"@id\":\"https:\/\/www.sonoraenequipo.com.mx\/#website\",\"url\":\"https:\/\/www.sonoraenequipo.com.mx\/\",\"name\":\"Sonora en Equipo.\",\"description\":\"Diario en l\u00ednea con Noticias desde Hermosillo, Sonora\",\"publisher\":{\"@id\":\"https:\/\/www.sonoraenequipo.com.mx\/#organization\"},\"potentialAction\":[{\"@type\":\"SearchAction\",\"target\":{\"@type\":\"EntryPoint\",\"urlTemplate\":\"https:\/\/www.sonoraenequipo.com.mx\/?s={search_term_string}\"},\"query-input\":{\"@type\":\"PropertyValueSpecification\",\"valueRequired\":true,\"valueName\":\"search_term_string\"}}],\"inLanguage\":\"es\"},{\"@type\":\"Organization\",\"@id\":\"https:\/\/www.sonoraenequipo.com.mx\/#organization\",\"name\":\"Sonoraenequipo.com.mx\",\"url\":\"https:\/\/www.sonoraenequipo.com.mx\/\",\"logo\":{\"@type\":\"ImageObject\",\"inLanguage\":\"es\",\"@id\":\"https:\/\/www.sonoraenequipo.com.mx\/#\/schema\/logo\/image\/\",\"url\":\"https:\/\/www.sonoraenequipo.com.mx\/storage\/2019\/01\/sonoraenequipo_opt.png\",\"contentUrl\":\"https:\/\/www.sonoraenequipo.com.mx\/storage\/2019\/01\/sonoraenequipo_opt.png\",\"width\":375,\"height\":125,\"caption\":\"Sonoraenequipo.com.mx\"},\"image\":{\"@id\":\"https:\/\/www.sonoraenequipo.com.mx\/#\/schema\/logo\/image\/\"},\"sameAs\":[\"https:\/\/www.facebook.com\/SonoraEE\/\",\"https:\/\/x.com\/sonoraenequipo\",\"https:\/\/www.youtube.com\/channel\/UC338nW-lPEYmJQs4ZABQ1SQ\"]},{\"@type\":\"Person\",\"@id\":\"https:\/\/www.sonoraenequipo.com.mx\/#\/schema\/person\/50102df0fb23a8fa9e8effad8fa81386\",\"name\":\"enequipo\",\"image\":{\"@type\":\"ImageObject\",\"inLanguage\":\"es\",\"@id\":\"https:\/\/www.sonoraenequipo.com.mx\/#\/schema\/person\/image\/\",\"url\":\"https:\/\/secure.gravatar.com\/avatar\/049821681b589dabc0bc20695993ccebb09f5b5d4d790cd9251b97faac7c652b?s=96&d=blank&r=g\",\"contentUrl\":\"https:\/\/secure.gravatar.com\/avatar\/049821681b589dabc0bc20695993ccebb09f5b5d4d790cd9251b97faac7c652b?s=96&d=blank&r=g\",\"caption\":\"enequipo\"},\"sameAs\":[\"https:\/\/www.facebook.com\/SonoraEE\"]}]}<\/script>\n ","yoast_head_json":{"title":"Sonora en Equipo. Prev\u00e9 FMI que inflaci\u00f3n en M\u00e9xico aumente en segundo trimestre Rep\u00fablica","description":"CIUDAD DE M\u00c9XICO. MX. \u2014 La inflaci\u00f3n en M\u00e9xico, otros pa\u00edses de Am\u00e9rica Latina e incluso en econom\u00edas avanzadas va a aumentar en el segundo trimestre de En Sonora en Equipo publicamos toda la informaci\u00f3n de Sonora, M\u00e9xico y el Mundo de manera oportuna y busca que la libertad de expresi\u00f3n sea real. Visita nuestro medio informativo publicado desde Hermosillo, Sonora. %","robots":{"index":"index","follow":"follow","max-snippet":"max-snippet:-1","max-image-preview":"max-image-preview:large","max-video-preview":"max-video-preview:-1"},"canonical":"https:\/\/www.sonoraenequipo.com.mx\/preve-fmi-que-inflacion-en-mexico-aumente-en-segundo-trimestre\/","og_locale":"es_ES","og_type":"article","og_title":"Sonora en Equipo. Prev\u00e9 FMI que inflaci\u00f3n en M\u00e9xico aumente en segundo trimestre Rep\u00fablica","og_description":"CIUDAD DE M\u00c9XICO. MX. \u2014 La inflaci\u00f3n en M\u00e9xico, otros pa\u00edses de Am\u00e9rica Latina e incluso en econom\u00edas avanzadas va a aumentar en el segundo trimestre de En Sonora en Equipo publicamos toda la informaci\u00f3n de Sonora, M\u00e9xico y el Mundo de manera oportuna y busca que la libertad de expresi\u00f3n sea real. Visita nuestro medio informativo publicado desde Hermosillo, Sonora. %","og_url":"https:\/\/www.sonoraenequipo.com.mx\/preve-fmi-que-inflacion-en-mexico-aumente-en-segundo-trimestre\/","og_site_name":"Sonora en Equipo.","article_publisher":"https:\/\/www.facebook.com\/SonoraEE\/","article_author":"https:\/\/www.facebook.com\/SonoraEE","article_published_time":"2021-04-15T18:20:36+00:00","article_modified_time":"2021-04-16T00:54:23+00:00","og_image":[{"width":661,"height":400,"url":"https:\/\/www.sonoraenequipo.com.mx\/storage\/2021\/04\/inflacion_opt.jpg","type":"image\/jpeg"}],"author":"enequipo","twitter_card":"summary_large_image","twitter_creator":"@sonoraenequipo","twitter_site":"@sonoraenequipo","twitter_misc":{"Escrito por":"enequipo","Tiempo de lectura":"2 minutos"},"schema":{"@context":"https:\/\/schema.org","@graph":[{"@type":"Article","@id":"https:\/\/www.sonoraenequipo.com.mx\/preve-fmi-que-inflacion-en-mexico-aumente-en-segundo-trimestre\/#article","isPartOf":{"@id":"https:\/\/www.sonoraenequipo.com.mx\/preve-fmi-que-inflacion-en-mexico-aumente-en-segundo-trimestre\/"},"author":{"name":"enequipo","@id":"https:\/\/www.sonoraenequipo.com.mx\/#\/schema\/person\/50102df0fb23a8fa9e8effad8fa81386"},"headline":"Prev\u00e9 FMI que inflaci\u00f3n en M\u00e9xico aumente en segundo trimestre","datePublished":"2021-04-15T18:20:36+00:00","dateModified":"2021-04-16T00:54:23+00:00","mainEntityOfPage":{"@id":"https:\/\/www.sonoraenequipo.com.mx\/preve-fmi-que-inflacion-en-mexico-aumente-en-segundo-trimestre\/"},"wordCount":497,"commentCount":0,"publisher":{"@id":"https:\/\/www.sonoraenequipo.com.mx\/#organization"},"image":{"@id":"https:\/\/www.sonoraenequipo.com.mx\/preve-fmi-que-inflacion-en-mexico-aumente-en-segundo-trimestre\/#primaryimage"},"thumbnailUrl":"https:\/\/www.sonoraenequipo.com.mx\/storage\/2021\/04\/inflacion_opt.jpg","articleSection":["Rep\u00fablica"],"inLanguage":"es","potentialAction":[{"@type":"CommentAction","name":"Comment","target":["https:\/\/www.sonoraenequipo.com.mx\/preve-fmi-que-inflacion-en-mexico-aumente-en-segundo-trimestre\/#respond"]}]},{"@type":"WebPage","@id":"https:\/\/www.sonoraenequipo.com.mx\/preve-fmi-que-inflacion-en-mexico-aumente-en-segundo-trimestre\/","url":"https:\/\/www.sonoraenequipo.com.mx\/preve-fmi-que-inflacion-en-mexico-aumente-en-segundo-trimestre\/","name":"Sonora en Equipo. Prev\u00e9 FMI que inflaci\u00f3n en M\u00e9xico aumente en segundo trimestre Rep\u00fablica","isPartOf":{"@id":"https:\/\/www.sonoraenequipo.com.mx\/#website"},"primaryImageOfPage":{"@id":"https:\/\/www.sonoraenequipo.com.mx\/preve-fmi-que-inflacion-en-mexico-aumente-en-segundo-trimestre\/#primaryimage"},"image":{"@id":"https:\/\/www.sonoraenequipo.com.mx\/preve-fmi-que-inflacion-en-mexico-aumente-en-segundo-trimestre\/#primaryimage"},"thumbnailUrl":"https:\/\/www.sonoraenequipo.com.mx\/storage\/2021\/04\/inflacion_opt.jpg","datePublished":"2021-04-15T18:20:36+00:00","dateModified":"2021-04-16T00:54:23+00:00","description":"CIUDAD DE M\u00c9XICO. MX. \u2014 La inflaci\u00f3n en M\u00e9xico, otros pa\u00edses de Am\u00e9rica Latina e incluso en econom\u00edas avanzadas va a aumentar en el segundo trimestre de En Sonora en Equipo publicamos toda la informaci\u00f3n de Sonora, M\u00e9xico y el Mundo de manera oportuna y busca que la libertad de expresi\u00f3n sea real. Visita nuestro medio informativo publicado desde Hermosillo, Sonora. %","breadcrumb":{"@id":"https:\/\/www.sonoraenequipo.com.mx\/preve-fmi-que-inflacion-en-mexico-aumente-en-segundo-trimestre\/#breadcrumb"},"inLanguage":"es","potentialAction":[{"@type":"ReadAction","target":["https:\/\/www.sonoraenequipo.com.mx\/preve-fmi-que-inflacion-en-mexico-aumente-en-segundo-trimestre\/"]}]},{"@type":"ImageObject","inLanguage":"es","@id":"https:\/\/www.sonoraenequipo.com.mx\/preve-fmi-que-inflacion-en-mexico-aumente-en-segundo-trimestre\/#primaryimage","url":"https:\/\/www.sonoraenequipo.com.mx\/storage\/2021\/04\/inflacion_opt.jpg","contentUrl":"https:\/\/www.sonoraenequipo.com.mx\/storage\/2021\/04\/inflacion_opt.jpg","width":661,"height":400},{"@type":"BreadcrumbList","@id":"https:\/\/www.sonoraenequipo.com.mx\/preve-fmi-que-inflacion-en-mexico-aumente-en-segundo-trimestre\/#breadcrumb","itemListElement":[{"@type":"ListItem","position":1,"name":"Portada","item":"https:\/\/www.sonoraenequipo.com.mx\/"},{"@type":"ListItem","position":2,"name":"Prev\u00e9 FMI que inflaci\u00f3n en M\u00e9xico aumente en segundo trimestre"}]},{"@type":"WebSite","@id":"https:\/\/www.sonoraenequipo.com.mx\/#website","url":"https:\/\/www.sonoraenequipo.com.mx\/","name":"Sonora en Equipo.","description":"Diario en l\u00ednea con Noticias desde Hermosillo, Sonora","publisher":{"@id":"https:\/\/www.sonoraenequipo.com.mx\/#organization"},"potentialAction":[{"@type":"SearchAction","target":{"@type":"EntryPoint","urlTemplate":"https:\/\/www.sonoraenequipo.com.mx\/?s={search_term_string}"},"query-input":{"@type":"PropertyValueSpecification","valueRequired":true,"valueName":"search_term_string"}}],"inLanguage":"es"},{"@type":"Organization","@id":"https:\/\/www.sonoraenequipo.com.mx\/#organization","name":"Sonoraenequipo.com.mx","url":"https:\/\/www.sonoraenequipo.com.mx\/","logo":{"@type":"ImageObject","inLanguage":"es","@id":"https:\/\/www.sonoraenequipo.com.mx\/#\/schema\/logo\/image\/","url":"https:\/\/www.sonoraenequipo.com.mx\/storage\/2019\/01\/sonoraenequipo_opt.png","contentUrl":"https:\/\/www.sonoraenequipo.com.mx\/storage\/2019\/01\/sonoraenequipo_opt.png","width":375,"height":125,"caption":"Sonoraenequipo.com.mx"},"image":{"@id":"https:\/\/www.sonoraenequipo.com.mx\/#\/schema\/logo\/image\/"},"sameAs":["https:\/\/www.facebook.com\/SonoraEE\/","https:\/\/x.com\/sonoraenequipo","https:\/\/www.youtube.com\/channel\/UC338nW-lPEYmJQs4ZABQ1SQ"]},{"@type":"Person","@id":"https:\/\/www.sonoraenequipo.com.mx\/#\/schema\/person\/50102df0fb23a8fa9e8effad8fa81386","name":"enequipo","image":{"@type":"ImageObject","inLanguage":"es","@id":"https:\/\/www.sonoraenequipo.com.mx\/#\/schema\/person\/image\/","url":"https:\/\/secure.gravatar.com\/avatar\/049821681b589dabc0bc20695993ccebb09f5b5d4d790cd9251b97faac7c652b?s=96&d=blank&r=g","contentUrl":"https:\/\/secure.gravatar.com\/avatar\/049821681b589dabc0bc20695993ccebb09f5b5d4d790cd9251b97faac7c652b?s=96&d=blank&r=g","caption":"enequipo"},"sameAs":["https:\/\/www.facebook.com\/SonoraEE"]}]}},"jetpack_featured_media_url":"https:\/\/www.sonoraenequipo.com.mx\/storage\/2021\/04\/inflacion_opt.jpg","_links":{"self":[{"href":"https:\/\/www.sonoraenequipo.com.mx\/api\/wp\/v2\/posts\/111701","targetHints":{"allow":["GET"]}}],"collection":[{"href":"https:\/\/www.sonoraenequipo.com.mx\/api\/wp\/v2\/posts"}],"about":[{"href":"https:\/\/www.sonoraenequipo.com.mx\/api\/wp\/v2\/types\/post"}],"author":[{"embeddable":true,"href":"https:\/\/www.sonoraenequipo.com.mx\/api\/wp\/v2\/users\/1"}],"replies":[{"embeddable":true,"href":"https:\/\/www.sonoraenequipo.com.mx\/api\/wp\/v2\/comments?post=111701"}],"version-history":[{"count":3,"href":"https:\/\/www.sonoraenequipo.com.mx\/api\/wp\/v2\/posts\/111701\/revisions"}],"predecessor-version":[{"id":111706,"href":"https:\/\/www.sonoraenequipo.com.mx\/api\/wp\/v2\/posts\/111701\/revisions\/111706"}],"wp:featuredmedia":[{"embeddable":true,"href":"https:\/\/www.sonoraenequipo.com.mx\/api\/wp\/v2\/media\/111708"}],"wp:attachment":[{"href":"https:\/\/www.sonoraenequipo.com.mx\/api\/wp\/v2\/media?parent=111701"}],"wp:term":[{"taxonomy":"category","embeddable":true,"href":"https:\/\/www.sonoraenequipo.com.mx\/api\/wp\/v2\/categories?post=111701"},{"taxonomy":"post_tag","embeddable":true,"href":"https:\/\/www.sonoraenequipo.com.mx\/api\/wp\/v2\/tags?post=111701"}],"curies":[{"name":"wp","href":"https:\/\/api.w.org\/{rel}","templated":true}]}}