{"id":111709,"date":"2021-04-15T10:30:35","date_gmt":"2021-04-15T17:30:35","guid":{"rendered":"https:\/\/www.sonoraenequipo.com.mx\/?p=111709"},"modified":"2021-04-15T18:15:09","modified_gmt":"2021-04-16T01:15:09","slug":"juez-en-ny-ordena-confiscar-propiedades-de-caro-quintero-en-mexico","status":"publish","type":"post","link":"https:\/\/www.sonoraenequipo.com.mx\/juez-en-ny-ordena-confiscar-propiedades-de-caro-quintero-en-mexico\/","title":{"rendered":"Juez en NY ordena confiscar propiedades de Caro Quintero en M\u00e9xico"},"content":{"rendered":"<p>WASHINGTON, ESTADOS UNIDOS. \u2014\u00a0 Sin tener jurisdicci\u00f3n en y sobre M\u00e9xico, el juez federal Eric Vitaliano, de la Corte del Distrito Este en Brooklyn, Nueva York, autoriz\u00f3 la confiscaci\u00f3n de cinco presuntas propiedades del narcotraficante Rafael Caro Quintero en Guadalajara, Jalisco.<\/p>\n<p>&nbsp;<\/p>\n<p> <\/p>\n<p><em>\u201cLa orden de hoy es otro paso hacia adelante en la incansable lucha de justicia por parte de las v\u00edctimas y en especial del agente de la DEA, Enrique Camarena, de la salvaje organizaci\u00f3n de tr\u00e1fico de drogas de Caro Quintero\u201d<\/em>, indic\u00f3 en un comunicado el fiscal federal Mark Lesko.<\/p>\n<p>&nbsp;<\/p>\n<p>La orden o autorizaci\u00f3n del juez Vitaliano es un sinsentido. El gobierno federal de los Estados Unidos, en este caso los Departamentos de Justicia y el del Tesoro, carecen de autoridad y jurisdicci\u00f3n para confiscar propiedades y bienes en M\u00e9xico.<\/p>\n<p>&nbsp;<\/p>\n<p>Caro Quintero est\u00e1 acusado por el gobierno de Estados Unidos del secuestro, tortura y asesinato de <strong>\u201cKiki\u201d<\/strong> Camarena, homicidio ocurrido en 1985 en Guadalajara, en donde el estadunidense estaba asignado como agente de la Administraci\u00f3n Federal Antidrogas (DEA).<\/p>\n<p>&nbsp;<\/p>\n<p><em>\u201cLas propiedades fueron adquiridas por Caro Quintero con dinero procedente de la venta de drogas generadas por su organizaci\u00f3n que es una fracci\u00f3n del crimen organizado sindicado de M\u00e9xico, conocido como el C\u00e1rtel de Sinaloa\u201d<\/em>, apunt\u00f3 la fiscal\u00eda federal en Brooklyn.<\/p>\n<p>&nbsp;<\/p>\n<p>Conscientes de que la orden o autorizaci\u00f3n del juez federal no se puede cumplir por la ausencia de jurisdicci\u00f3n de Estados Unidos dentro de M\u00e9xico, los fiscales anotan que <em>\u201cpor medio de los canales diplom\u00e1ticos buscar\u00e1n hacer cumplir el mandato\u201d.<\/em><\/p>\n<p>&nbsp;<\/p>\n<p>Las propiedades que pretende confiscar la fiscal\u00eda ya hab\u00edan sido identificadas en otra denuncia civil y criminal contra Caro Quintero, de las m\u00faltiples que tiene en su contra el narcotraficante mexicano en lugares como Los \u00c1ngeles, Nueva York y Washington, D.C.<\/p>\n<p>&nbsp;<\/p>\n<p>La petici\u00f3n de los fiscales ante el juez que la aval\u00f3, sostiene que Caro Quintero compr\u00f3 las cinco propiedades que est\u00e1n dentro y alrededor de Guadalajara, con el dinero que obtuvo entre enero de 1980 y marzo de 2015, de la exportaci\u00f3n a Estados Unidos de m\u00faltiples toneladas de mariguana, coca\u00edna y metanfetamina.<\/p>\n<p>&nbsp;<\/p>\n<p><em>\u201cCaro Quintero presuntamente puso las propiedades a nombre de miembros de su familia para esconder su titularidad de los inmuebles adquiridos con dinero procedente de las drogas il\u00edcitas y para evitar que las autoridades mexicanas se las confiscaran\u201d,<\/em> manifest\u00f3 la fiscal\u00eda.<\/p>\n<p>&nbsp;<\/p>\n<p>El Bur\u00f3 Federal de Investigaciones (FBI) tiene a Caro Quintero entre la lista de los 10 criminales que m\u00e1s busca en el mundo, por lo que el Departamento de Estado ofrece una recompensa de 20 millones de d\u00f3lares por informaci\u00f3n que conlleve a su ubicaci\u00f3n y captura.<\/p>\n<p>&nbsp;<\/p>\n<p>Bajo el acuerdo de extradici\u00f3n M\u00e9xico-Estados Unidos, los dos pa\u00edses comparten en un 50% para cada uno, las propiedades, bienes y dinero que le confisquen a los criminales buscados y detenidos en su lucha contra el crimen organizado, narcotr\u00e1fico y otros delitos.<\/p>\n<p>&nbsp;<\/p>\n<p>Sin embargo, el tratado no autoriza a violaci\u00f3n jurisdiccional que atenta contra la soberan\u00eda y territorialidad de que cada naci\u00f3n.<\/p>\n<p>&nbsp;<\/p>\n<p>Los fiscales estadunidenses que intentar\u00e1n convencer al gobierno de M\u00e9xico confiscarle las cinco propiedades presuntamente de Caro Quintero en Jalisco son, Brendan King y Patricia Notopoulos.<\/p>\n<p>&nbsp;<\/p>\n<p>&nbsp;<\/p>\n<p>(Publicada el 15\/04\/2021)<\/p>\n","protected":false},"excerpt":{"rendered":"<p>WASHINGTON, ESTADOS UNIDOS. \u2014\u00a0 Sin tener jurisdicci\u00f3n en y sobre M\u00e9xico, el juez federal Eric&#8230;<\/p>\n","protected":false},"author":1,"featured_media":111710,"comment_status":"open","ping_status":"open","sticky":false,"template":"","format":"standard","meta":{"_monsterinsights_skip_tracking":false,"_monsterinsights_sitenote_active":false,"_monsterinsights_sitenote_note":"","_monsterinsights_sitenote_category":0,"footnotes":""},"categories":[5],"tags":[],"class_list":["post"],"yoast_head":" \n<title>Sonora en Equipo. Juez en NY ordena confiscar propiedades de Caro Quintero en M\u00e9xico Rep\u00fablica<\/title>\n<meta name=\"description\" content=\"WASHINGTON, ESTADOS UNIDOS. \u2014\u00a0 Sin tener jurisdicci\u00f3n en y sobre M\u00e9xico, el juez federal Eric Vitaliano, de la Corte del Distrito Este en Brooklyn, Nueva En Sonora en Equipo publicamos toda la informaci\u00f3n de Sonora, M\u00e9xico y el Mundo de manera oportuna y busca que la libertad de expresi\u00f3n sea real. Visita nuestro medio informativo publicado desde Hermosillo, Sonora. %\" \/>\n<meta name=\"robots\" content=\"index, follow, max-snippet:-1, max-image-preview:large, max-video-preview:-1\" \/>\n<link rel=\"canonical\" href=\"https:\/\/www.sonoraenequipo.com.mx\/juez-en-ny-ordena-confiscar-propiedades-de-caro-quintero-en-mexico\/\" \/>\n<meta property=\"og:locale\" content=\"es_ES\" \/>\n<meta property=\"og:type\" content=\"article\" \/>\n<meta property=\"og:title\" content=\"Sonora en Equipo. Juez en NY ordena confiscar propiedades de Caro Quintero en M\u00e9xico Rep\u00fablica\" \/>\n<meta property=\"og:description\" content=\"WASHINGTON, ESTADOS UNIDOS. \u2014\u00a0 Sin tener jurisdicci\u00f3n en y sobre M\u00e9xico, el juez federal Eric Vitaliano, de la Corte del Distrito Este en Brooklyn, Nueva En Sonora en Equipo publicamos toda la informaci\u00f3n de Sonora, M\u00e9xico y el Mundo de manera oportuna y busca que la libertad de expresi\u00f3n sea real. Visita nuestro medio informativo publicado desde Hermosillo, Sonora. %\" \/>\n<meta property=\"og:url\" content=\"https:\/\/www.sonoraenequipo.com.mx\/juez-en-ny-ordena-confiscar-propiedades-de-caro-quintero-en-mexico\/\" \/>\n<meta property=\"og:site_name\" content=\"Sonora en Equipo.\" \/>\n<meta property=\"article:publisher\" content=\"https:\/\/www.facebook.com\/SonoraEE\/\" \/>\n<meta property=\"article:author\" content=\"https:\/\/www.facebook.com\/SonoraEE\" \/>\n<meta property=\"article:published_time\" content=\"2021-04-15T17:30:35+00:00\" \/>\n<meta property=\"article:modified_time\" content=\"2021-04-16T01:15:09+00:00\" \/>\n<meta property=\"og:image\" content=\"https:\/\/www.sonoraenequipo.com.mx\/storage\/2021\/04\/el-juez-federal-Eric-Vitaliano_opt.jpg\" \/>\n\t<meta property=\"og:image:width\" content=\"625\" \/>\n\t<meta property=\"og:image:height\" content=\"400\" \/>\n\t<meta property=\"og:image:type\" content=\"image\/jpeg\" \/>\n<meta name=\"author\" content=\"enequipo\" \/>\n<meta name=\"twitter:card\" content=\"summary_large_image\" \/>\n<meta name=\"twitter:creator\" content=\"@sonoraenequipo\" \/>\n<meta name=\"twitter:site\" content=\"@sonoraenequipo\" \/>\n<meta name=\"twitter:label1\" content=\"Escrito por\" \/>\n\t<meta name=\"twitter:data1\" content=\"enequipo\" \/>\n\t<meta name=\"twitter:label2\" content=\"Tiempo de lectura\" \/>\n\t<meta name=\"twitter:data2\" content=\"3 minutos\" \/>\n<script type=\"application\/ld+json\" class=\"yoast-schema-graph\">{\"@context\":\"https:\/\/schema.org\",\"@graph\":[{\"@type\":\"Article\",\"@id\":\"https:\/\/www.sonoraenequipo.com.mx\/juez-en-ny-ordena-confiscar-propiedades-de-caro-quintero-en-mexico\/#article\",\"isPartOf\":{\"@id\":\"https:\/\/www.sonoraenequipo.com.mx\/juez-en-ny-ordena-confiscar-propiedades-de-caro-quintero-en-mexico\/\"},\"author\":{\"name\":\"enequipo\",\"@id\":\"https:\/\/www.sonoraenequipo.com.mx\/#\/schema\/person\/50102df0fb23a8fa9e8effad8fa81386\"},\"headline\":\"Juez en NY ordena confiscar propiedades de Caro Quintero en M\u00e9xico\",\"datePublished\":\"2021-04-15T17:30:35+00:00\",\"dateModified\":\"2021-04-16T01:15:09+00:00\",\"mainEntityOfPage\":{\"@id\":\"https:\/\/www.sonoraenequipo.com.mx\/juez-en-ny-ordena-confiscar-propiedades-de-caro-quintero-en-mexico\/\"},\"wordCount\":585,\"commentCount\":0,\"publisher\":{\"@id\":\"https:\/\/www.sonoraenequipo.com.mx\/#organization\"},\"image\":{\"@id\":\"https:\/\/www.sonoraenequipo.com.mx\/juez-en-ny-ordena-confiscar-propiedades-de-caro-quintero-en-mexico\/#primaryimage\"},\"thumbnailUrl\":\"https:\/\/www.sonoraenequipo.com.mx\/storage\/2021\/04\/el-juez-federal-Eric-Vitaliano_opt.jpg\",\"articleSection\":[\"Rep\u00fablica\"],\"inLanguage\":\"es\",\"potentialAction\":[{\"@type\":\"CommentAction\",\"name\":\"Comment\",\"target\":[\"https:\/\/www.sonoraenequipo.com.mx\/juez-en-ny-ordena-confiscar-propiedades-de-caro-quintero-en-mexico\/#respond\"]}]},{\"@type\":\"WebPage\",\"@id\":\"https:\/\/www.sonoraenequipo.com.mx\/juez-en-ny-ordena-confiscar-propiedades-de-caro-quintero-en-mexico\/\",\"url\":\"https:\/\/www.sonoraenequipo.com.mx\/juez-en-ny-ordena-confiscar-propiedades-de-caro-quintero-en-mexico\/\",\"name\":\"Sonora en Equipo. Juez en NY ordena confiscar propiedades de Caro Quintero en M\u00e9xico Rep\u00fablica\",\"isPartOf\":{\"@id\":\"https:\/\/www.sonoraenequipo.com.mx\/#website\"},\"primaryImageOfPage\":{\"@id\":\"https:\/\/www.sonoraenequipo.com.mx\/juez-en-ny-ordena-confiscar-propiedades-de-caro-quintero-en-mexico\/#primaryimage\"},\"image\":{\"@id\":\"https:\/\/www.sonoraenequipo.com.mx\/juez-en-ny-ordena-confiscar-propiedades-de-caro-quintero-en-mexico\/#primaryimage\"},\"thumbnailUrl\":\"https:\/\/www.sonoraenequipo.com.mx\/storage\/2021\/04\/el-juez-federal-Eric-Vitaliano_opt.jpg\",\"datePublished\":\"2021-04-15T17:30:35+00:00\",\"dateModified\":\"2021-04-16T01:15:09+00:00\",\"description\":\"WASHINGTON, ESTADOS UNIDOS. \u2014\u00a0 Sin tener jurisdicci\u00f3n en y sobre M\u00e9xico, el juez federal Eric Vitaliano, de la Corte del Distrito Este en Brooklyn, Nueva En Sonora en Equipo publicamos toda la informaci\u00f3n de Sonora, M\u00e9xico y el Mundo de manera oportuna y busca que la libertad de expresi\u00f3n sea real. Visita nuestro medio informativo publicado desde Hermosillo, Sonora. %\",\"breadcrumb\":{\"@id\":\"https:\/\/www.sonoraenequipo.com.mx\/juez-en-ny-ordena-confiscar-propiedades-de-caro-quintero-en-mexico\/#breadcrumb\"},\"inLanguage\":\"es\",\"potentialAction\":[{\"@type\":\"ReadAction\",\"target\":[\"https:\/\/www.sonoraenequipo.com.mx\/juez-en-ny-ordena-confiscar-propiedades-de-caro-quintero-en-mexico\/\"]}]},{\"@type\":\"ImageObject\",\"inLanguage\":\"es\",\"@id\":\"https:\/\/www.sonoraenequipo.com.mx\/juez-en-ny-ordena-confiscar-propiedades-de-caro-quintero-en-mexico\/#primaryimage\",\"url\":\"https:\/\/www.sonoraenequipo.com.mx\/storage\/2021\/04\/el-juez-federal-Eric-Vitaliano_opt.jpg\",\"contentUrl\":\"https:\/\/www.sonoraenequipo.com.mx\/storage\/2021\/04\/el-juez-federal-Eric-Vitaliano_opt.jpg\",\"width\":625,\"height\":400},{\"@type\":\"BreadcrumbList\",\"@id\":\"https:\/\/www.sonoraenequipo.com.mx\/juez-en-ny-ordena-confiscar-propiedades-de-caro-quintero-en-mexico\/#breadcrumb\",\"itemListElement\":[{\"@type\":\"ListItem\",\"position\":1,\"name\":\"Portada\",\"item\":\"https:\/\/www.sonoraenequipo.com.mx\/\"},{\"@type\":\"ListItem\",\"position\":2,\"name\":\"Juez en NY ordena confiscar propiedades de Caro Quintero en M\u00e9xico\"}]},{\"@type\":\"WebSite\",\"@id\":\"https:\/\/www.sonoraenequipo.com.mx\/#website\",\"url\":\"https:\/\/www.sonoraenequipo.com.mx\/\",\"name\":\"Sonora en Equipo.\",\"description\":\"Diario en l\u00ednea con Noticias desde Hermosillo, Sonora\",\"publisher\":{\"@id\":\"https:\/\/www.sonoraenequipo.com.mx\/#organization\"},\"potentialAction\":[{\"@type\":\"SearchAction\",\"target\":{\"@type\":\"EntryPoint\",\"urlTemplate\":\"https:\/\/www.sonoraenequipo.com.mx\/?s={search_term_string}\"},\"query-input\":{\"@type\":\"PropertyValueSpecification\",\"valueRequired\":true,\"valueName\":\"search_term_string\"}}],\"inLanguage\":\"es\"},{\"@type\":\"Organization\",\"@id\":\"https:\/\/www.sonoraenequipo.com.mx\/#organization\",\"name\":\"Sonoraenequipo.com.mx\",\"url\":\"https:\/\/www.sonoraenequipo.com.mx\/\",\"logo\":{\"@type\":\"ImageObject\",\"inLanguage\":\"es\",\"@id\":\"https:\/\/www.sonoraenequipo.com.mx\/#\/schema\/logo\/image\/\",\"url\":\"https:\/\/www.sonoraenequipo.com.mx\/storage\/2019\/01\/sonoraenequipo_opt.png\",\"contentUrl\":\"https:\/\/www.sonoraenequipo.com.mx\/storage\/2019\/01\/sonoraenequipo_opt.png\",\"width\":375,\"height\":125,\"caption\":\"Sonoraenequipo.com.mx\"},\"image\":{\"@id\":\"https:\/\/www.sonoraenequipo.com.mx\/#\/schema\/logo\/image\/\"},\"sameAs\":[\"https:\/\/www.facebook.com\/SonoraEE\/\",\"https:\/\/x.com\/sonoraenequipo\",\"https:\/\/www.youtube.com\/channel\/UC338nW-lPEYmJQs4ZABQ1SQ\"]},{\"@type\":\"Person\",\"@id\":\"https:\/\/www.sonoraenequipo.com.mx\/#\/schema\/person\/50102df0fb23a8fa9e8effad8fa81386\",\"name\":\"enequipo\",\"image\":{\"@type\":\"ImageObject\",\"inLanguage\":\"es\",\"@id\":\"https:\/\/www.sonoraenequipo.com.mx\/#\/schema\/person\/image\/\",\"url\":\"https:\/\/secure.gravatar.com\/avatar\/049821681b589dabc0bc20695993ccebb09f5b5d4d790cd9251b97faac7c652b?s=96&d=blank&r=g\",\"contentUrl\":\"https:\/\/secure.gravatar.com\/avatar\/049821681b589dabc0bc20695993ccebb09f5b5d4d790cd9251b97faac7c652b?s=96&d=blank&r=g\",\"caption\":\"enequipo\"},\"sameAs\":[\"https:\/\/www.facebook.com\/SonoraEE\"]}]}<\/script>\n ","yoast_head_json":{"title":"Sonora en Equipo. Juez en NY ordena confiscar propiedades de Caro Quintero en M\u00e9xico Rep\u00fablica","description":"WASHINGTON, ESTADOS UNIDOS. \u2014\u00a0 Sin tener jurisdicci\u00f3n en y sobre M\u00e9xico, el juez federal Eric Vitaliano, de la Corte del Distrito Este en Brooklyn, Nueva En Sonora en Equipo publicamos toda la informaci\u00f3n de Sonora, M\u00e9xico y el Mundo de manera oportuna y busca que la libertad de expresi\u00f3n sea real. Visita nuestro medio informativo publicado desde Hermosillo, Sonora. %","robots":{"index":"index","follow":"follow","max-snippet":"max-snippet:-1","max-image-preview":"max-image-preview:large","max-video-preview":"max-video-preview:-1"},"canonical":"https:\/\/www.sonoraenequipo.com.mx\/juez-en-ny-ordena-confiscar-propiedades-de-caro-quintero-en-mexico\/","og_locale":"es_ES","og_type":"article","og_title":"Sonora en Equipo. Juez en NY ordena confiscar propiedades de Caro Quintero en M\u00e9xico Rep\u00fablica","og_description":"WASHINGTON, ESTADOS UNIDOS. \u2014\u00a0 Sin tener jurisdicci\u00f3n en y sobre M\u00e9xico, el juez federal Eric Vitaliano, de la Corte del Distrito Este en Brooklyn, Nueva En Sonora en Equipo publicamos toda la informaci\u00f3n de Sonora, M\u00e9xico y el Mundo de manera oportuna y busca que la libertad de expresi\u00f3n sea real. Visita nuestro medio informativo publicado desde Hermosillo, Sonora. %","og_url":"https:\/\/www.sonoraenequipo.com.mx\/juez-en-ny-ordena-confiscar-propiedades-de-caro-quintero-en-mexico\/","og_site_name":"Sonora en Equipo.","article_publisher":"https:\/\/www.facebook.com\/SonoraEE\/","article_author":"https:\/\/www.facebook.com\/SonoraEE","article_published_time":"2021-04-15T17:30:35+00:00","article_modified_time":"2021-04-16T01:15:09+00:00","og_image":[{"width":625,"height":400,"url":"https:\/\/www.sonoraenequipo.com.mx\/storage\/2021\/04\/el-juez-federal-Eric-Vitaliano_opt.jpg","type":"image\/jpeg"}],"author":"enequipo","twitter_card":"summary_large_image","twitter_creator":"@sonoraenequipo","twitter_site":"@sonoraenequipo","twitter_misc":{"Escrito por":"enequipo","Tiempo de lectura":"3 minutos"},"schema":{"@context":"https:\/\/schema.org","@graph":[{"@type":"Article","@id":"https:\/\/www.sonoraenequipo.com.mx\/juez-en-ny-ordena-confiscar-propiedades-de-caro-quintero-en-mexico\/#article","isPartOf":{"@id":"https:\/\/www.sonoraenequipo.com.mx\/juez-en-ny-ordena-confiscar-propiedades-de-caro-quintero-en-mexico\/"},"author":{"name":"enequipo","@id":"https:\/\/www.sonoraenequipo.com.mx\/#\/schema\/person\/50102df0fb23a8fa9e8effad8fa81386"},"headline":"Juez en NY ordena confiscar propiedades de Caro Quintero en M\u00e9xico","datePublished":"2021-04-15T17:30:35+00:00","dateModified":"2021-04-16T01:15:09+00:00","mainEntityOfPage":{"@id":"https:\/\/www.sonoraenequipo.com.mx\/juez-en-ny-ordena-confiscar-propiedades-de-caro-quintero-en-mexico\/"},"wordCount":585,"commentCount":0,"publisher":{"@id":"https:\/\/www.sonoraenequipo.com.mx\/#organization"},"image":{"@id":"https:\/\/www.sonoraenequipo.com.mx\/juez-en-ny-ordena-confiscar-propiedades-de-caro-quintero-en-mexico\/#primaryimage"},"thumbnailUrl":"https:\/\/www.sonoraenequipo.com.mx\/storage\/2021\/04\/el-juez-federal-Eric-Vitaliano_opt.jpg","articleSection":["Rep\u00fablica"],"inLanguage":"es","potentialAction":[{"@type":"CommentAction","name":"Comment","target":["https:\/\/www.sonoraenequipo.com.mx\/juez-en-ny-ordena-confiscar-propiedades-de-caro-quintero-en-mexico\/#respond"]}]},{"@type":"WebPage","@id":"https:\/\/www.sonoraenequipo.com.mx\/juez-en-ny-ordena-confiscar-propiedades-de-caro-quintero-en-mexico\/","url":"https:\/\/www.sonoraenequipo.com.mx\/juez-en-ny-ordena-confiscar-propiedades-de-caro-quintero-en-mexico\/","name":"Sonora en Equipo. Juez en NY ordena confiscar propiedades de Caro Quintero en M\u00e9xico Rep\u00fablica","isPartOf":{"@id":"https:\/\/www.sonoraenequipo.com.mx\/#website"},"primaryImageOfPage":{"@id":"https:\/\/www.sonoraenequipo.com.mx\/juez-en-ny-ordena-confiscar-propiedades-de-caro-quintero-en-mexico\/#primaryimage"},"image":{"@id":"https:\/\/www.sonoraenequipo.com.mx\/juez-en-ny-ordena-confiscar-propiedades-de-caro-quintero-en-mexico\/#primaryimage"},"thumbnailUrl":"https:\/\/www.sonoraenequipo.com.mx\/storage\/2021\/04\/el-juez-federal-Eric-Vitaliano_opt.jpg","datePublished":"2021-04-15T17:30:35+00:00","dateModified":"2021-04-16T01:15:09+00:00","description":"WASHINGTON, ESTADOS UNIDOS. \u2014\u00a0 Sin tener jurisdicci\u00f3n en y sobre M\u00e9xico, el juez federal Eric Vitaliano, de la Corte del Distrito Este en Brooklyn, Nueva En Sonora en Equipo publicamos toda la informaci\u00f3n de Sonora, M\u00e9xico y el Mundo de manera oportuna y busca que la libertad de expresi\u00f3n sea real. Visita nuestro medio informativo publicado desde Hermosillo, Sonora. %","breadcrumb":{"@id":"https:\/\/www.sonoraenequipo.com.mx\/juez-en-ny-ordena-confiscar-propiedades-de-caro-quintero-en-mexico\/#breadcrumb"},"inLanguage":"es","potentialAction":[{"@type":"ReadAction","target":["https:\/\/www.sonoraenequipo.com.mx\/juez-en-ny-ordena-confiscar-propiedades-de-caro-quintero-en-mexico\/"]}]},{"@type":"ImageObject","inLanguage":"es","@id":"https:\/\/www.sonoraenequipo.com.mx\/juez-en-ny-ordena-confiscar-propiedades-de-caro-quintero-en-mexico\/#primaryimage","url":"https:\/\/www.sonoraenequipo.com.mx\/storage\/2021\/04\/el-juez-federal-Eric-Vitaliano_opt.jpg","contentUrl":"https:\/\/www.sonoraenequipo.com.mx\/storage\/2021\/04\/el-juez-federal-Eric-Vitaliano_opt.jpg","width":625,"height":400},{"@type":"BreadcrumbList","@id":"https:\/\/www.sonoraenequipo.com.mx\/juez-en-ny-ordena-confiscar-propiedades-de-caro-quintero-en-mexico\/#breadcrumb","itemListElement":[{"@type":"ListItem","position":1,"name":"Portada","item":"https:\/\/www.sonoraenequipo.com.mx\/"},{"@type":"ListItem","position":2,"name":"Juez en NY ordena confiscar propiedades de Caro Quintero en M\u00e9xico"}]},{"@type":"WebSite","@id":"https:\/\/www.sonoraenequipo.com.mx\/#website","url":"https:\/\/www.sonoraenequipo.com.mx\/","name":"Sonora en Equipo.","description":"Diario en l\u00ednea con Noticias desde Hermosillo, Sonora","publisher":{"@id":"https:\/\/www.sonoraenequipo.com.mx\/#organization"},"potentialAction":[{"@type":"SearchAction","target":{"@type":"EntryPoint","urlTemplate":"https:\/\/www.sonoraenequipo.com.mx\/?s={search_term_string}"},"query-input":{"@type":"PropertyValueSpecification","valueRequired":true,"valueName":"search_term_string"}}],"inLanguage":"es"},{"@type":"Organization","@id":"https:\/\/www.sonoraenequipo.com.mx\/#organization","name":"Sonoraenequipo.com.mx","url":"https:\/\/www.sonoraenequipo.com.mx\/","logo":{"@type":"ImageObject","inLanguage":"es","@id":"https:\/\/www.sonoraenequipo.com.mx\/#\/schema\/logo\/image\/","url":"https:\/\/www.sonoraenequipo.com.mx\/storage\/2019\/01\/sonoraenequipo_opt.png","contentUrl":"https:\/\/www.sonoraenequipo.com.mx\/storage\/2019\/01\/sonoraenequipo_opt.png","width":375,"height":125,"caption":"Sonoraenequipo.com.mx"},"image":{"@id":"https:\/\/www.sonoraenequipo.com.mx\/#\/schema\/logo\/image\/"},"sameAs":["https:\/\/www.facebook.com\/SonoraEE\/","https:\/\/x.com\/sonoraenequipo","https:\/\/www.youtube.com\/channel\/UC338nW-lPEYmJQs4ZABQ1SQ"]},{"@type":"Person","@id":"https:\/\/www.sonoraenequipo.com.mx\/#\/schema\/person\/50102df0fb23a8fa9e8effad8fa81386","name":"enequipo","image":{"@type":"ImageObject","inLanguage":"es","@id":"https:\/\/www.sonoraenequipo.com.mx\/#\/schema\/person\/image\/","url":"https:\/\/secure.gravatar.com\/avatar\/049821681b589dabc0bc20695993ccebb09f5b5d4d790cd9251b97faac7c652b?s=96&d=blank&r=g","contentUrl":"https:\/\/secure.gravatar.com\/avatar\/049821681b589dabc0bc20695993ccebb09f5b5d4d790cd9251b97faac7c652b?s=96&d=blank&r=g","caption":"enequipo"},"sameAs":["https:\/\/www.facebook.com\/SonoraEE"]}]}},"jetpack_featured_media_url":"https:\/\/www.sonoraenequipo.com.mx\/storage\/2021\/04\/el-juez-federal-Eric-Vitaliano_opt.jpg","_links":{"self":[{"href":"https:\/\/www.sonoraenequipo.com.mx\/api\/wp\/v2\/posts\/111709","targetHints":{"allow":["GET"]}}],"collection":[{"href":"https:\/\/www.sonoraenequipo.com.mx\/api\/wp\/v2\/posts"}],"about":[{"href":"https:\/\/www.sonoraenequipo.com.mx\/api\/wp\/v2\/types\/post"}],"author":[{"embeddable":true,"href":"https:\/\/www.sonoraenequipo.com.mx\/api\/wp\/v2\/users\/1"}],"replies":[{"embeddable":true,"href":"https:\/\/www.sonoraenequipo.com.mx\/api\/wp\/v2\/comments?post=111709"}],"version-history":[{"count":1,"href":"https:\/\/www.sonoraenequipo.com.mx\/api\/wp\/v2\/posts\/111709\/revisions"}],"predecessor-version":[{"id":111711,"href":"https:\/\/www.sonoraenequipo.com.mx\/api\/wp\/v2\/posts\/111709\/revisions\/111711"}],"wp:featuredmedia":[{"embeddable":true,"href":"https:\/\/www.sonoraenequipo.com.mx\/api\/wp\/v2\/media\/111710"}],"wp:attachment":[{"href":"https:\/\/www.sonoraenequipo.com.mx\/api\/wp\/v2\/media?parent=111709"}],"wp:term":[{"taxonomy":"category","embeddable":true,"href":"https:\/\/www.sonoraenequipo.com.mx\/api\/wp\/v2\/categories?post=111709"},{"taxonomy":"post_tag","embeddable":true,"href":"https:\/\/www.sonoraenequipo.com.mx\/api\/wp\/v2\/tags?post=111709"}],"curies":[{"name":"wp","href":"https:\/\/api.w.org\/{rel}","templated":true}]}}