{"id":111719,"date":"2021-04-15T20:36:21","date_gmt":"2021-04-16T03:36:21","guid":{"rendered":"https:\/\/www.sonoraenequipo.com.mx\/?p=111719"},"modified":"2021-04-15T21:43:32","modified_gmt":"2021-04-16T04:43:32","slug":"poder-judicial-no-pidio-ampliar-periodo-de-arturo-zaldivar-en-scjn-cjf","status":"publish","type":"post","link":"https:\/\/www.sonoraenequipo.com.mx\/poder-judicial-no-pidio-ampliar-periodo-de-arturo-zaldivar-en-scjn-cjf\/","title":{"rendered":"Poder Judicial no pidi\u00f3 ampliar periodo de Arturo Zald\u00edvar en SCJN: CJF"},"content":{"rendered":"<p>CIUDAD DE M\u00c9XICO. MX. \u2014 El art\u00edculo aprobado por el Senado de la Rep\u00fablica que ampl\u00eda por dos a\u00f1os m\u00e1s el cargo del ministro Arturo Zald\u00edvar Lelo de Larrea como presidente de la Suprema Corte de Justicia de la Naci\u00f3n (SCJN) no fue solicitado por el Poder Judicial de la Federaci\u00f3n, asegur\u00f3 el Consejo de la Judicatura Federal (CJF)<\/p>\n<p>&nbsp;<\/p>\n<p> <\/p>\n<p>&nbsp;<\/p>\n<p><em>\u201cEl art\u00edculo d\u00e9cimo tercero transitorio dado a conocer el d\u00eda de hoy no solo no fue elaborado por el equipo redactor de las propuestas originales (de la reforma al PJF), sino que tampoco fue solicitado por el Poder Judicial Federal\u201d,<\/em> indic\u00f3.<\/p>\n<p>&nbsp;<\/p>\n<p>Toda vez que el procedimiento legislativo sigue su curso y dicho transitorio podr\u00e1 ser eventualmente modificado por la C\u00e1mara de Diputados, el Consejo de la Judicatura Federal puntualiz\u00f3 que estar\u00e1 a la espera de lo que \u00e9sta determine para, en su caso, pronunciarse al respecto<\/p>\n<p>&nbsp;<\/p>\n<p><em>\u201cReiteramos que nuestra \u00fanica prioridad es que sean aprobada las leyes reglamentarias de la reforma constitucional al Poder Judicial Federal, que consoliden su autonom\u00eda e independencia\u201d,<\/em> a\u00f1adi\u00f3.<\/p>\n<p>&nbsp;<\/p>\n<p>Esta tarde, el Senado de la Rep\u00fablica aprob\u00f3 el art\u00edculo d\u00e9cimo tercero transitorio con el que ampl\u00eda la gesti\u00f3n como ministro presidente de la Suprema Corte de Justicia de la Naci\u00f3n a Arturo Zald\u00edvar, mientras que consejeros de la Judicatura Federal concluir\u00e1n funciones en 2026.<\/p>\n<p>&nbsp;<\/p>\n<p><em>\u00abCon el fin de implementar la reforma constitucional al Poder Judicial de la Federaci\u00f3n publicada en el Diario Oficial de la Federaci\u00f3n de 11 de marzo de 2021 (&#8230;), la persona que a su entrada en vigor ocupe la Presidencia de la Suprema Corte de Justicia de la Naci\u00f3n y del Consejo de la Judicatura Federal durar\u00e1 en ese encargo hasta el 30 de noviembre de 2024\u00bb<\/em>, se lee en el art\u00edculo d\u00e9cimo tercero.<\/p>\n<p>&nbsp;<\/p>\n<p>&nbsp;<\/p>\n<p>Dami\u00e1n Zepeda, senador del PAN, calific\u00f3 esto como<em> \u201cun golpe de Estado al Poder Judicial\u201d<\/em> y adelant\u00f3 que impugnar\u00e1n ante las instancias correspondientes, aunque dej\u00f3 en claro que para hacer dicha solicitud es en donde se aumentar\u00e1 sus periodos.<\/p>\n<p>&nbsp;<\/p>\n<p>(Publicada el 15\/04\/2021)<\/p>\n","protected":false},"excerpt":{"rendered":"<p>CIUDAD DE M\u00c9XICO. MX. \u2014 El art\u00edculo aprobado por el Senado de la Rep\u00fablica que&#8230;<\/p>\n","protected":false},"author":1,"featured_media":111720,"comment_status":"open","ping_status":"open","sticky":false,"template":"","format":"standard","meta":{"_monsterinsights_skip_tracking":false,"_monsterinsights_sitenote_active":false,"_monsterinsights_sitenote_note":"","_monsterinsights_sitenote_category":0,"footnotes":""},"categories":[5],"tags":[],"class_list":["post"],"yoast_head":" \n<title>Sonora en Equipo. Poder Judicial no pidi\u00f3 ampliar periodo de Arturo Zald\u00edvar en SCJN: CJF Rep\u00fablica<\/title>\n<meta name=\"description\" content=\"CIUDAD DE M\u00c9XICO. MX. \u2014 El art\u00edculo aprobado por el Senado de la Rep\u00fablica que ampl\u00eda por dos a\u00f1os m\u00e1s el cargo del ministro Arturo Zald\u00edvar Lelo de En Sonora en Equipo publicamos toda la informaci\u00f3n de Sonora, M\u00e9xico y el Mundo de manera oportuna y busca que la libertad de expresi\u00f3n sea real. Visita nuestro medio informativo publicado desde Hermosillo, Sonora. %\" \/>\n<meta name=\"robots\" content=\"index, follow, max-snippet:-1, max-image-preview:large, max-video-preview:-1\" \/>\n<link rel=\"canonical\" href=\"https:\/\/www.sonoraenequipo.com.mx\/poder-judicial-no-pidio-ampliar-periodo-de-arturo-zaldivar-en-scjn-cjf\/\" \/>\n<meta property=\"og:locale\" content=\"es_ES\" \/>\n<meta property=\"og:type\" content=\"article\" \/>\n<meta property=\"og:title\" content=\"Sonora en Equipo. Poder Judicial no pidi\u00f3 ampliar periodo de Arturo Zald\u00edvar en SCJN: CJF Rep\u00fablica\" \/>\n<meta property=\"og:description\" content=\"CIUDAD DE M\u00c9XICO. MX. \u2014 El art\u00edculo aprobado por el Senado de la Rep\u00fablica que ampl\u00eda por dos a\u00f1os m\u00e1s el cargo del ministro Arturo Zald\u00edvar Lelo de En Sonora en Equipo publicamos toda la informaci\u00f3n de Sonora, M\u00e9xico y el Mundo de manera oportuna y busca que la libertad de expresi\u00f3n sea real. Visita nuestro medio informativo publicado desde Hermosillo, Sonora. %\" \/>\n<meta property=\"og:url\" content=\"https:\/\/www.sonoraenequipo.com.mx\/poder-judicial-no-pidio-ampliar-periodo-de-arturo-zaldivar-en-scjn-cjf\/\" \/>\n<meta property=\"og:site_name\" content=\"Sonora en Equipo.\" \/>\n<meta property=\"article:publisher\" content=\"https:\/\/www.facebook.com\/SonoraEE\/\" \/>\n<meta property=\"article:author\" content=\"https:\/\/www.facebook.com\/SonoraEE\" \/>\n<meta property=\"article:published_time\" content=\"2021-04-16T03:36:21+00:00\" \/>\n<meta property=\"article:modified_time\" content=\"2021-04-16T04:43:32+00:00\" \/>\n<meta property=\"og:image\" content=\"https:\/\/www.sonoraenequipo.com.mx\/storage\/2021\/04\/arturo-zaldivar-presidente-consejo-judicatura_opt.jpg\" \/>\n\t<meta property=\"og:image:width\" content=\"643\" \/>\n\t<meta property=\"og:image:height\" content=\"400\" \/>\n\t<meta property=\"og:image:type\" content=\"image\/jpeg\" \/>\n<meta name=\"author\" content=\"enequipo\" \/>\n<meta name=\"twitter:card\" content=\"summary_large_image\" \/>\n<meta name=\"twitter:creator\" content=\"@sonoraenequipo\" \/>\n<meta name=\"twitter:site\" content=\"@sonoraenequipo\" \/>\n<meta name=\"twitter:label1\" content=\"Escrito por\" \/>\n\t<meta name=\"twitter:data1\" content=\"enequipo\" \/>\n\t<meta name=\"twitter:label2\" content=\"Tiempo de lectura\" \/>\n\t<meta name=\"twitter:data2\" content=\"2 minutos\" \/>\n<script type=\"application\/ld+json\" class=\"yoast-schema-graph\">{\"@context\":\"https:\/\/schema.org\",\"@graph\":[{\"@type\":\"Article\",\"@id\":\"https:\/\/www.sonoraenequipo.com.mx\/poder-judicial-no-pidio-ampliar-periodo-de-arturo-zaldivar-en-scjn-cjf\/#article\",\"isPartOf\":{\"@id\":\"https:\/\/www.sonoraenequipo.com.mx\/poder-judicial-no-pidio-ampliar-periodo-de-arturo-zaldivar-en-scjn-cjf\/\"},\"author\":{\"name\":\"enequipo\",\"@id\":\"https:\/\/www.sonoraenequipo.com.mx\/#\/schema\/person\/50102df0fb23a8fa9e8effad8fa81386\"},\"headline\":\"Poder Judicial no pidi\u00f3 ampliar periodo de Arturo Zald\u00edvar en SCJN: CJF\",\"datePublished\":\"2021-04-16T03:36:21+00:00\",\"dateModified\":\"2021-04-16T04:43:32+00:00\",\"mainEntityOfPage\":{\"@id\":\"https:\/\/www.sonoraenequipo.com.mx\/poder-judicial-no-pidio-ampliar-periodo-de-arturo-zaldivar-en-scjn-cjf\/\"},\"wordCount\":377,\"commentCount\":0,\"publisher\":{\"@id\":\"https:\/\/www.sonoraenequipo.com.mx\/#organization\"},\"image\":{\"@id\":\"https:\/\/www.sonoraenequipo.com.mx\/poder-judicial-no-pidio-ampliar-periodo-de-arturo-zaldivar-en-scjn-cjf\/#primaryimage\"},\"thumbnailUrl\":\"https:\/\/www.sonoraenequipo.com.mx\/storage\/2021\/04\/arturo-zaldivar-presidente-consejo-judicatura_opt.jpg\",\"articleSection\":[\"Rep\u00fablica\"],\"inLanguage\":\"es\",\"potentialAction\":[{\"@type\":\"CommentAction\",\"name\":\"Comment\",\"target\":[\"https:\/\/www.sonoraenequipo.com.mx\/poder-judicial-no-pidio-ampliar-periodo-de-arturo-zaldivar-en-scjn-cjf\/#respond\"]}]},{\"@type\":\"WebPage\",\"@id\":\"https:\/\/www.sonoraenequipo.com.mx\/poder-judicial-no-pidio-ampliar-periodo-de-arturo-zaldivar-en-scjn-cjf\/\",\"url\":\"https:\/\/www.sonoraenequipo.com.mx\/poder-judicial-no-pidio-ampliar-periodo-de-arturo-zaldivar-en-scjn-cjf\/\",\"name\":\"Sonora en Equipo. Poder Judicial no pidi\u00f3 ampliar periodo de Arturo Zald\u00edvar en SCJN: CJF Rep\u00fablica\",\"isPartOf\":{\"@id\":\"https:\/\/www.sonoraenequipo.com.mx\/#website\"},\"primaryImageOfPage\":{\"@id\":\"https:\/\/www.sonoraenequipo.com.mx\/poder-judicial-no-pidio-ampliar-periodo-de-arturo-zaldivar-en-scjn-cjf\/#primaryimage\"},\"image\":{\"@id\":\"https:\/\/www.sonoraenequipo.com.mx\/poder-judicial-no-pidio-ampliar-periodo-de-arturo-zaldivar-en-scjn-cjf\/#primaryimage\"},\"thumbnailUrl\":\"https:\/\/www.sonoraenequipo.com.mx\/storage\/2021\/04\/arturo-zaldivar-presidente-consejo-judicatura_opt.jpg\",\"datePublished\":\"2021-04-16T03:36:21+00:00\",\"dateModified\":\"2021-04-16T04:43:32+00:00\",\"description\":\"CIUDAD DE M\u00c9XICO. MX. \u2014 El art\u00edculo aprobado por el Senado de la Rep\u00fablica que ampl\u00eda por dos a\u00f1os m\u00e1s el cargo del ministro Arturo Zald\u00edvar Lelo de En Sonora en Equipo publicamos toda la informaci\u00f3n de Sonora, M\u00e9xico y el Mundo de manera oportuna y busca que la libertad de expresi\u00f3n sea real. Visita nuestro medio informativo publicado desde Hermosillo, Sonora. %\",\"breadcrumb\":{\"@id\":\"https:\/\/www.sonoraenequipo.com.mx\/poder-judicial-no-pidio-ampliar-periodo-de-arturo-zaldivar-en-scjn-cjf\/#breadcrumb\"},\"inLanguage\":\"es\",\"potentialAction\":[{\"@type\":\"ReadAction\",\"target\":[\"https:\/\/www.sonoraenequipo.com.mx\/poder-judicial-no-pidio-ampliar-periodo-de-arturo-zaldivar-en-scjn-cjf\/\"]}]},{\"@type\":\"ImageObject\",\"inLanguage\":\"es\",\"@id\":\"https:\/\/www.sonoraenequipo.com.mx\/poder-judicial-no-pidio-ampliar-periodo-de-arturo-zaldivar-en-scjn-cjf\/#primaryimage\",\"url\":\"https:\/\/www.sonoraenequipo.com.mx\/storage\/2021\/04\/arturo-zaldivar-presidente-consejo-judicatura_opt.jpg\",\"contentUrl\":\"https:\/\/www.sonoraenequipo.com.mx\/storage\/2021\/04\/arturo-zaldivar-presidente-consejo-judicatura_opt.jpg\",\"width\":643,\"height\":400},{\"@type\":\"BreadcrumbList\",\"@id\":\"https:\/\/www.sonoraenequipo.com.mx\/poder-judicial-no-pidio-ampliar-periodo-de-arturo-zaldivar-en-scjn-cjf\/#breadcrumb\",\"itemListElement\":[{\"@type\":\"ListItem\",\"position\":1,\"name\":\"Portada\",\"item\":\"https:\/\/www.sonoraenequipo.com.mx\/\"},{\"@type\":\"ListItem\",\"position\":2,\"name\":\"Poder Judicial no pidi\u00f3 ampliar periodo de Arturo Zald\u00edvar en SCJN: CJF\"}]},{\"@type\":\"WebSite\",\"@id\":\"https:\/\/www.sonoraenequipo.com.mx\/#website\",\"url\":\"https:\/\/www.sonoraenequipo.com.mx\/\",\"name\":\"Sonora en Equipo.\",\"description\":\"Diario en l\u00ednea con Noticias desde Hermosillo, Sonora\",\"publisher\":{\"@id\":\"https:\/\/www.sonoraenequipo.com.mx\/#organization\"},\"potentialAction\":[{\"@type\":\"SearchAction\",\"target\":{\"@type\":\"EntryPoint\",\"urlTemplate\":\"https:\/\/www.sonoraenequipo.com.mx\/?s={search_term_string}\"},\"query-input\":{\"@type\":\"PropertyValueSpecification\",\"valueRequired\":true,\"valueName\":\"search_term_string\"}}],\"inLanguage\":\"es\"},{\"@type\":\"Organization\",\"@id\":\"https:\/\/www.sonoraenequipo.com.mx\/#organization\",\"name\":\"Sonoraenequipo.com.mx\",\"url\":\"https:\/\/www.sonoraenequipo.com.mx\/\",\"logo\":{\"@type\":\"ImageObject\",\"inLanguage\":\"es\",\"@id\":\"https:\/\/www.sonoraenequipo.com.mx\/#\/schema\/logo\/image\/\",\"url\":\"https:\/\/www.sonoraenequipo.com.mx\/storage\/2019\/01\/sonoraenequipo_opt.png\",\"contentUrl\":\"https:\/\/www.sonoraenequipo.com.mx\/storage\/2019\/01\/sonoraenequipo_opt.png\",\"width\":375,\"height\":125,\"caption\":\"Sonoraenequipo.com.mx\"},\"image\":{\"@id\":\"https:\/\/www.sonoraenequipo.com.mx\/#\/schema\/logo\/image\/\"},\"sameAs\":[\"https:\/\/www.facebook.com\/SonoraEE\/\",\"https:\/\/x.com\/sonoraenequipo\",\"https:\/\/www.youtube.com\/channel\/UC338nW-lPEYmJQs4ZABQ1SQ\"]},{\"@type\":\"Person\",\"@id\":\"https:\/\/www.sonoraenequipo.com.mx\/#\/schema\/person\/50102df0fb23a8fa9e8effad8fa81386\",\"name\":\"enequipo\",\"image\":{\"@type\":\"ImageObject\",\"inLanguage\":\"es\",\"@id\":\"https:\/\/www.sonoraenequipo.com.mx\/#\/schema\/person\/image\/\",\"url\":\"https:\/\/secure.gravatar.com\/avatar\/049821681b589dabc0bc20695993ccebb09f5b5d4d790cd9251b97faac7c652b?s=96&d=blank&r=g\",\"contentUrl\":\"https:\/\/secure.gravatar.com\/avatar\/049821681b589dabc0bc20695993ccebb09f5b5d4d790cd9251b97faac7c652b?s=96&d=blank&r=g\",\"caption\":\"enequipo\"},\"sameAs\":[\"https:\/\/www.facebook.com\/SonoraEE\"]}]}<\/script>\n ","yoast_head_json":{"title":"Sonora en Equipo. Poder Judicial no pidi\u00f3 ampliar periodo de Arturo Zald\u00edvar en SCJN: CJF Rep\u00fablica","description":"CIUDAD DE M\u00c9XICO. MX. \u2014 El art\u00edculo aprobado por el Senado de la Rep\u00fablica que ampl\u00eda por dos a\u00f1os m\u00e1s el cargo del ministro Arturo Zald\u00edvar Lelo de En Sonora en Equipo publicamos toda la informaci\u00f3n de Sonora, M\u00e9xico y el Mundo de manera oportuna y busca que la libertad de expresi\u00f3n sea real. Visita nuestro medio informativo publicado desde Hermosillo, Sonora. %","robots":{"index":"index","follow":"follow","max-snippet":"max-snippet:-1","max-image-preview":"max-image-preview:large","max-video-preview":"max-video-preview:-1"},"canonical":"https:\/\/www.sonoraenequipo.com.mx\/poder-judicial-no-pidio-ampliar-periodo-de-arturo-zaldivar-en-scjn-cjf\/","og_locale":"es_ES","og_type":"article","og_title":"Sonora en Equipo. Poder Judicial no pidi\u00f3 ampliar periodo de Arturo Zald\u00edvar en SCJN: CJF Rep\u00fablica","og_description":"CIUDAD DE M\u00c9XICO. MX. \u2014 El art\u00edculo aprobado por el Senado de la Rep\u00fablica que ampl\u00eda por dos a\u00f1os m\u00e1s el cargo del ministro Arturo Zald\u00edvar Lelo de En Sonora en Equipo publicamos toda la informaci\u00f3n de Sonora, M\u00e9xico y el Mundo de manera oportuna y busca que la libertad de expresi\u00f3n sea real. Visita nuestro medio informativo publicado desde Hermosillo, Sonora. %","og_url":"https:\/\/www.sonoraenequipo.com.mx\/poder-judicial-no-pidio-ampliar-periodo-de-arturo-zaldivar-en-scjn-cjf\/","og_site_name":"Sonora en Equipo.","article_publisher":"https:\/\/www.facebook.com\/SonoraEE\/","article_author":"https:\/\/www.facebook.com\/SonoraEE","article_published_time":"2021-04-16T03:36:21+00:00","article_modified_time":"2021-04-16T04:43:32+00:00","og_image":[{"width":643,"height":400,"url":"https:\/\/www.sonoraenequipo.com.mx\/storage\/2021\/04\/arturo-zaldivar-presidente-consejo-judicatura_opt.jpg","type":"image\/jpeg"}],"author":"enequipo","twitter_card":"summary_large_image","twitter_creator":"@sonoraenequipo","twitter_site":"@sonoraenequipo","twitter_misc":{"Escrito por":"enequipo","Tiempo de lectura":"2 minutos"},"schema":{"@context":"https:\/\/schema.org","@graph":[{"@type":"Article","@id":"https:\/\/www.sonoraenequipo.com.mx\/poder-judicial-no-pidio-ampliar-periodo-de-arturo-zaldivar-en-scjn-cjf\/#article","isPartOf":{"@id":"https:\/\/www.sonoraenequipo.com.mx\/poder-judicial-no-pidio-ampliar-periodo-de-arturo-zaldivar-en-scjn-cjf\/"},"author":{"name":"enequipo","@id":"https:\/\/www.sonoraenequipo.com.mx\/#\/schema\/person\/50102df0fb23a8fa9e8effad8fa81386"},"headline":"Poder Judicial no pidi\u00f3 ampliar periodo de Arturo Zald\u00edvar en SCJN: CJF","datePublished":"2021-04-16T03:36:21+00:00","dateModified":"2021-04-16T04:43:32+00:00","mainEntityOfPage":{"@id":"https:\/\/www.sonoraenequipo.com.mx\/poder-judicial-no-pidio-ampliar-periodo-de-arturo-zaldivar-en-scjn-cjf\/"},"wordCount":377,"commentCount":0,"publisher":{"@id":"https:\/\/www.sonoraenequipo.com.mx\/#organization"},"image":{"@id":"https:\/\/www.sonoraenequipo.com.mx\/poder-judicial-no-pidio-ampliar-periodo-de-arturo-zaldivar-en-scjn-cjf\/#primaryimage"},"thumbnailUrl":"https:\/\/www.sonoraenequipo.com.mx\/storage\/2021\/04\/arturo-zaldivar-presidente-consejo-judicatura_opt.jpg","articleSection":["Rep\u00fablica"],"inLanguage":"es","potentialAction":[{"@type":"CommentAction","name":"Comment","target":["https:\/\/www.sonoraenequipo.com.mx\/poder-judicial-no-pidio-ampliar-periodo-de-arturo-zaldivar-en-scjn-cjf\/#respond"]}]},{"@type":"WebPage","@id":"https:\/\/www.sonoraenequipo.com.mx\/poder-judicial-no-pidio-ampliar-periodo-de-arturo-zaldivar-en-scjn-cjf\/","url":"https:\/\/www.sonoraenequipo.com.mx\/poder-judicial-no-pidio-ampliar-periodo-de-arturo-zaldivar-en-scjn-cjf\/","name":"Sonora en Equipo. Poder Judicial no pidi\u00f3 ampliar periodo de Arturo Zald\u00edvar en SCJN: CJF Rep\u00fablica","isPartOf":{"@id":"https:\/\/www.sonoraenequipo.com.mx\/#website"},"primaryImageOfPage":{"@id":"https:\/\/www.sonoraenequipo.com.mx\/poder-judicial-no-pidio-ampliar-periodo-de-arturo-zaldivar-en-scjn-cjf\/#primaryimage"},"image":{"@id":"https:\/\/www.sonoraenequipo.com.mx\/poder-judicial-no-pidio-ampliar-periodo-de-arturo-zaldivar-en-scjn-cjf\/#primaryimage"},"thumbnailUrl":"https:\/\/www.sonoraenequipo.com.mx\/storage\/2021\/04\/arturo-zaldivar-presidente-consejo-judicatura_opt.jpg","datePublished":"2021-04-16T03:36:21+00:00","dateModified":"2021-04-16T04:43:32+00:00","description":"CIUDAD DE M\u00c9XICO. MX. \u2014 El art\u00edculo aprobado por el Senado de la Rep\u00fablica que ampl\u00eda por dos a\u00f1os m\u00e1s el cargo del ministro Arturo Zald\u00edvar Lelo de En Sonora en Equipo publicamos toda la informaci\u00f3n de Sonora, M\u00e9xico y el Mundo de manera oportuna y busca que la libertad de expresi\u00f3n sea real. Visita nuestro medio informativo publicado desde Hermosillo, Sonora. %","breadcrumb":{"@id":"https:\/\/www.sonoraenequipo.com.mx\/poder-judicial-no-pidio-ampliar-periodo-de-arturo-zaldivar-en-scjn-cjf\/#breadcrumb"},"inLanguage":"es","potentialAction":[{"@type":"ReadAction","target":["https:\/\/www.sonoraenequipo.com.mx\/poder-judicial-no-pidio-ampliar-periodo-de-arturo-zaldivar-en-scjn-cjf\/"]}]},{"@type":"ImageObject","inLanguage":"es","@id":"https:\/\/www.sonoraenequipo.com.mx\/poder-judicial-no-pidio-ampliar-periodo-de-arturo-zaldivar-en-scjn-cjf\/#primaryimage","url":"https:\/\/www.sonoraenequipo.com.mx\/storage\/2021\/04\/arturo-zaldivar-presidente-consejo-judicatura_opt.jpg","contentUrl":"https:\/\/www.sonoraenequipo.com.mx\/storage\/2021\/04\/arturo-zaldivar-presidente-consejo-judicatura_opt.jpg","width":643,"height":400},{"@type":"BreadcrumbList","@id":"https:\/\/www.sonoraenequipo.com.mx\/poder-judicial-no-pidio-ampliar-periodo-de-arturo-zaldivar-en-scjn-cjf\/#breadcrumb","itemListElement":[{"@type":"ListItem","position":1,"name":"Portada","item":"https:\/\/www.sonoraenequipo.com.mx\/"},{"@type":"ListItem","position":2,"name":"Poder Judicial no pidi\u00f3 ampliar periodo de Arturo Zald\u00edvar en SCJN: CJF"}]},{"@type":"WebSite","@id":"https:\/\/www.sonoraenequipo.com.mx\/#website","url":"https:\/\/www.sonoraenequipo.com.mx\/","name":"Sonora en Equipo.","description":"Diario en l\u00ednea con Noticias desde Hermosillo, Sonora","publisher":{"@id":"https:\/\/www.sonoraenequipo.com.mx\/#organization"},"potentialAction":[{"@type":"SearchAction","target":{"@type":"EntryPoint","urlTemplate":"https:\/\/www.sonoraenequipo.com.mx\/?s={search_term_string}"},"query-input":{"@type":"PropertyValueSpecification","valueRequired":true,"valueName":"search_term_string"}}],"inLanguage":"es"},{"@type":"Organization","@id":"https:\/\/www.sonoraenequipo.com.mx\/#organization","name":"Sonoraenequipo.com.mx","url":"https:\/\/www.sonoraenequipo.com.mx\/","logo":{"@type":"ImageObject","inLanguage":"es","@id":"https:\/\/www.sonoraenequipo.com.mx\/#\/schema\/logo\/image\/","url":"https:\/\/www.sonoraenequipo.com.mx\/storage\/2019\/01\/sonoraenequipo_opt.png","contentUrl":"https:\/\/www.sonoraenequipo.com.mx\/storage\/2019\/01\/sonoraenequipo_opt.png","width":375,"height":125,"caption":"Sonoraenequipo.com.mx"},"image":{"@id":"https:\/\/www.sonoraenequipo.com.mx\/#\/schema\/logo\/image\/"},"sameAs":["https:\/\/www.facebook.com\/SonoraEE\/","https:\/\/x.com\/sonoraenequipo","https:\/\/www.youtube.com\/channel\/UC338nW-lPEYmJQs4ZABQ1SQ"]},{"@type":"Person","@id":"https:\/\/www.sonoraenequipo.com.mx\/#\/schema\/person\/50102df0fb23a8fa9e8effad8fa81386","name":"enequipo","image":{"@type":"ImageObject","inLanguage":"es","@id":"https:\/\/www.sonoraenequipo.com.mx\/#\/schema\/person\/image\/","url":"https:\/\/secure.gravatar.com\/avatar\/049821681b589dabc0bc20695993ccebb09f5b5d4d790cd9251b97faac7c652b?s=96&d=blank&r=g","contentUrl":"https:\/\/secure.gravatar.com\/avatar\/049821681b589dabc0bc20695993ccebb09f5b5d4d790cd9251b97faac7c652b?s=96&d=blank&r=g","caption":"enequipo"},"sameAs":["https:\/\/www.facebook.com\/SonoraEE"]}]}},"jetpack_featured_media_url":"https:\/\/www.sonoraenequipo.com.mx\/storage\/2021\/04\/arturo-zaldivar-presidente-consejo-judicatura_opt.jpg","_links":{"self":[{"href":"https:\/\/www.sonoraenequipo.com.mx\/api\/wp\/v2\/posts\/111719","targetHints":{"allow":["GET"]}}],"collection":[{"href":"https:\/\/www.sonoraenequipo.com.mx\/api\/wp\/v2\/posts"}],"about":[{"href":"https:\/\/www.sonoraenequipo.com.mx\/api\/wp\/v2\/types\/post"}],"author":[{"embeddable":true,"href":"https:\/\/www.sonoraenequipo.com.mx\/api\/wp\/v2\/users\/1"}],"replies":[{"embeddable":true,"href":"https:\/\/www.sonoraenequipo.com.mx\/api\/wp\/v2\/comments?post=111719"}],"version-history":[{"count":1,"href":"https:\/\/www.sonoraenequipo.com.mx\/api\/wp\/v2\/posts\/111719\/revisions"}],"predecessor-version":[{"id":111721,"href":"https:\/\/www.sonoraenequipo.com.mx\/api\/wp\/v2\/posts\/111719\/revisions\/111721"}],"wp:featuredmedia":[{"embeddable":true,"href":"https:\/\/www.sonoraenequipo.com.mx\/api\/wp\/v2\/media\/111720"}],"wp:attachment":[{"href":"https:\/\/www.sonoraenequipo.com.mx\/api\/wp\/v2\/media?parent=111719"}],"wp:term":[{"taxonomy":"category","embeddable":true,"href":"https:\/\/www.sonoraenequipo.com.mx\/api\/wp\/v2\/categories?post=111719"},{"taxonomy":"post_tag","embeddable":true,"href":"https:\/\/www.sonoraenequipo.com.mx\/api\/wp\/v2\/tags?post=111719"}],"curies":[{"name":"wp","href":"https:\/\/api.w.org\/{rel}","templated":true}]}}