{"id":111722,"date":"2021-04-15T21:04:10","date_gmt":"2021-04-16T04:04:10","guid":{"rendered":"https:\/\/www.sonoraenequipo.com.mx\/?p=111722"},"modified":"2021-04-15T22:09:22","modified_gmt":"2021-04-16T05:09:22","slug":"ine-aun-no-notifica-a-morena-sobre-sanciones-a-felix-salgado-y-raul-moron","status":"publish","type":"post","link":"https:\/\/www.sonoraenequipo.com.mx\/ine-aun-no-notifica-a-morena-sobre-sanciones-a-felix-salgado-y-raul-moron\/","title":{"rendered":"INE a\u00fan no notifica a Morena sobre sanciones a F\u00e9lix Salgado y Ra\u00fal Mor\u00f3n"},"content":{"rendered":"<p>CIUDAD DE M\u00c9XICO. MX. \u2014 A m\u00e1s de 40 horas de que el Consejo General del Instituto Nacional Electoral (INE) aprob\u00f3 ratificar la p\u00e9rdida de registro de los precandidatos de Morena a la gubernatura de Guerrero y Michoac\u00e1n, el partido no ha sido notificado de las sanciones para que pueda iniciar la sustituci\u00f3n de sus candidatos y las impugnaciones correspondientes.<\/p>\n<p>&nbsp;<\/p>\n<p> <\/p>\n<p>&nbsp;<\/p>\n<p>Hasta ahora Morena\u00a0 esta en espera de que se les notifiquen las amonestaciones de manera formal, para poder tramitar las impugnaciones de ambas decisiones ante el TEPJF.<\/p>\n<p>El diario Milenio public\u00f3 que confirm\u00f3 que en el INE no se han emitido las notificaciones porque la Unidad T\u00e9cnica de Fiscalizaci\u00f3n contin\u00faa elaborando los engroses, para lo que tiene 72 horas una vez concluida la sesi\u00f3n en que el Consejo General emiti\u00f3 su votaci\u00f3n. Pr\u00f3rroga que concluye este viernes por la noche.<\/p>\n<p>&nbsp;<\/p>\n<p>El engrose que elabora la Unidad T\u00e9cnica de Fiscalizaci\u00f3n incluye los argumentos de las votaciones de los consejeros, tanto de los que respaldaron estas penas como de los que se manifestaron en contra, as\u00ed como las consideraciones adicionales que algunos integrantes del consejo propusieron para detallar los fundamentos legales en que basaron su decisi\u00f3n.<\/p>\n<p>&nbsp;<\/p>\n<p>\u200bPor ejemplo, la consejera Claudia Zavala solicit\u00f3 que las omisiones tanto de los precandidatos como del partido se calificara de \u201cgravedad mayor\u201d por la constante<em> \u201cconducta procesal de resistencia\u201d<\/em> para atender a los llamados de la autoridad electoral.<\/p>\n<p>&nbsp;<\/p>\n<p>Tambi\u00e9n pidi\u00f3 que se detallaran los argumentos con que se tom\u00f3 esa decisi\u00f3n para que sean considerados por la Sala Superior cuando se realicen las impugnaciones.<\/p>\n<p>&nbsp;<\/p>\n<p>\u201c<em>Creo que tenemos que hacernos cargo de esa argumentaci\u00f3n en el proyecto para que quede muy claro cu\u00e1les son los principios, los valores que estamos ponderando, que quede tambi\u00e9n muy claro que los hallazgos de gasto, en estos casos se debieron a la t\u00e9cnica de auditor\u00eda justamente porque se trat\u00f3 de evadir la eficacia de un procedimiento de fiscalizaci\u00f3n. Me parece que esta estructura argumentativa dar\u00edamos m\u00e1s insumos para que la propia autoridad pueda revisar cu\u00e1l es la ponderaci\u00f3n que se hizo.<\/em><\/p>\n<p>&nbsp;<\/p>\n<p><em>\u201cExpresar de manera muy clara las razones porque segura estoy que se va a ejercer el derecho de impugnaci\u00f3n, y me parece que eso es relevant\u00edsimo. El INE no tiene la \u00faltima palabra y as\u00ed est\u00e1 dise\u00f1ado nuestro sistema y se ir\u00e1 a impugnaci\u00f3n, pero tienen que quedar muy claras las razones por las que nosotros llevamos a ello\u201d<\/em>, expuso en el consejo la noche del martes.<\/p>\n<p>&nbsp;<\/p>\n<p>(Publicada el 15\/04\/2021)<\/p>\n","protected":false},"excerpt":{"rendered":"<p>CIUDAD DE M\u00c9XICO. MX. \u2014 A m\u00e1s de 40 horas de que el Consejo General&#8230;<\/p>\n","protected":false},"author":1,"featured_media":111723,"comment_status":"open","ping_status":"open","sticky":false,"template":"","format":"standard","meta":{"_monsterinsights_skip_tracking":false,"_monsterinsights_sitenote_active":false,"_monsterinsights_sitenote_note":"","_monsterinsights_sitenote_category":0,"footnotes":""},"categories":[5],"tags":[],"class_list":["post"],"yoast_head":" \n<title>Sonora en Equipo. INE a\u00fan no notifica a Morena sobre sanciones a F\u00e9lix Salgado y Ra\u00fal Mor\u00f3n Rep\u00fablica<\/title>\n<meta name=\"description\" content=\"CIUDAD DE M\u00c9XICO. MX. \u2014 A m\u00e1s de 40 horas de que el Consejo General del Instituto Nacional Electoral (INE) aprob\u00f3 ratificar la p\u00e9rdida de registro de los En Sonora en Equipo publicamos toda la informaci\u00f3n de Sonora, M\u00e9xico y el Mundo de manera oportuna y busca que la libertad de expresi\u00f3n sea real. Visita nuestro medio informativo publicado desde Hermosillo, Sonora. %\" \/>\n<meta name=\"robots\" content=\"index, follow, max-snippet:-1, max-image-preview:large, max-video-preview:-1\" \/>\n<link rel=\"canonical\" href=\"https:\/\/www.sonoraenequipo.com.mx\/ine-aun-no-notifica-a-morena-sobre-sanciones-a-felix-salgado-y-raul-moron\/\" \/>\n<meta property=\"og:locale\" content=\"es_ES\" \/>\n<meta property=\"og:type\" content=\"article\" \/>\n<meta property=\"og:title\" content=\"Sonora en Equipo. INE a\u00fan no notifica a Morena sobre sanciones a F\u00e9lix Salgado y Ra\u00fal Mor\u00f3n Rep\u00fablica\" \/>\n<meta property=\"og:description\" content=\"CIUDAD DE M\u00c9XICO. MX. \u2014 A m\u00e1s de 40 horas de que el Consejo General del Instituto Nacional Electoral (INE) aprob\u00f3 ratificar la p\u00e9rdida de registro de los En Sonora en Equipo publicamos toda la informaci\u00f3n de Sonora, M\u00e9xico y el Mundo de manera oportuna y busca que la libertad de expresi\u00f3n sea real. Visita nuestro medio informativo publicado desde Hermosillo, Sonora. %\" \/>\n<meta property=\"og:url\" content=\"https:\/\/www.sonoraenequipo.com.mx\/ine-aun-no-notifica-a-morena-sobre-sanciones-a-felix-salgado-y-raul-moron\/\" \/>\n<meta property=\"og:site_name\" content=\"Sonora en Equipo.\" \/>\n<meta property=\"article:publisher\" content=\"https:\/\/www.facebook.com\/SonoraEE\/\" \/>\n<meta property=\"article:author\" content=\"https:\/\/www.facebook.com\/SonoraEE\" \/>\n<meta property=\"article:published_time\" content=\"2021-04-16T04:04:10+00:00\" \/>\n<meta property=\"article:modified_time\" content=\"2021-04-16T05:09:22+00:00\" \/>\n<meta property=\"og:image\" content=\"https:\/\/www.sonoraenequipo.com.mx\/storage\/2021\/04\/no-han-notificado-a-MOrena_opt.jpg\" \/>\n\t<meta property=\"og:image:width\" content=\"759\" \/>\n\t<meta property=\"og:image:height\" content=\"400\" \/>\n\t<meta property=\"og:image:type\" content=\"image\/jpeg\" \/>\n<meta name=\"author\" content=\"enequipo\" \/>\n<meta name=\"twitter:card\" content=\"summary_large_image\" \/>\n<meta name=\"twitter:creator\" content=\"@sonoraenequipo\" \/>\n<meta name=\"twitter:site\" content=\"@sonoraenequipo\" \/>\n<meta name=\"twitter:label1\" content=\"Escrito por\" \/>\n\t<meta name=\"twitter:data1\" content=\"enequipo\" \/>\n\t<meta name=\"twitter:label2\" content=\"Tiempo de lectura\" \/>\n\t<meta name=\"twitter:data2\" content=\"2 minutos\" \/>\n<script type=\"application\/ld+json\" class=\"yoast-schema-graph\">{\"@context\":\"https:\/\/schema.org\",\"@graph\":[{\"@type\":\"Article\",\"@id\":\"https:\/\/www.sonoraenequipo.com.mx\/ine-aun-no-notifica-a-morena-sobre-sanciones-a-felix-salgado-y-raul-moron\/#article\",\"isPartOf\":{\"@id\":\"https:\/\/www.sonoraenequipo.com.mx\/ine-aun-no-notifica-a-morena-sobre-sanciones-a-felix-salgado-y-raul-moron\/\"},\"author\":{\"name\":\"enequipo\",\"@id\":\"https:\/\/www.sonoraenequipo.com.mx\/#\/schema\/person\/50102df0fb23a8fa9e8effad8fa81386\"},\"headline\":\"INE a\u00fan no notifica a Morena sobre sanciones a F\u00e9lix Salgado y Ra\u00fal Mor\u00f3n\",\"datePublished\":\"2021-04-16T04:04:10+00:00\",\"dateModified\":\"2021-04-16T05:09:22+00:00\",\"mainEntityOfPage\":{\"@id\":\"https:\/\/www.sonoraenequipo.com.mx\/ine-aun-no-notifica-a-morena-sobre-sanciones-a-felix-salgado-y-raul-moron\/\"},\"wordCount\":462,\"commentCount\":0,\"publisher\":{\"@id\":\"https:\/\/www.sonoraenequipo.com.mx\/#organization\"},\"image\":{\"@id\":\"https:\/\/www.sonoraenequipo.com.mx\/ine-aun-no-notifica-a-morena-sobre-sanciones-a-felix-salgado-y-raul-moron\/#primaryimage\"},\"thumbnailUrl\":\"https:\/\/www.sonoraenequipo.com.mx\/storage\/2021\/04\/no-han-notificado-a-MOrena_opt.jpg\",\"articleSection\":[\"Rep\u00fablica\"],\"inLanguage\":\"es\",\"potentialAction\":[{\"@type\":\"CommentAction\",\"name\":\"Comment\",\"target\":[\"https:\/\/www.sonoraenequipo.com.mx\/ine-aun-no-notifica-a-morena-sobre-sanciones-a-felix-salgado-y-raul-moron\/#respond\"]}]},{\"@type\":\"WebPage\",\"@id\":\"https:\/\/www.sonoraenequipo.com.mx\/ine-aun-no-notifica-a-morena-sobre-sanciones-a-felix-salgado-y-raul-moron\/\",\"url\":\"https:\/\/www.sonoraenequipo.com.mx\/ine-aun-no-notifica-a-morena-sobre-sanciones-a-felix-salgado-y-raul-moron\/\",\"name\":\"Sonora en Equipo. INE a\u00fan no notifica a Morena sobre sanciones a F\u00e9lix Salgado y Ra\u00fal Mor\u00f3n Rep\u00fablica\",\"isPartOf\":{\"@id\":\"https:\/\/www.sonoraenequipo.com.mx\/#website\"},\"primaryImageOfPage\":{\"@id\":\"https:\/\/www.sonoraenequipo.com.mx\/ine-aun-no-notifica-a-morena-sobre-sanciones-a-felix-salgado-y-raul-moron\/#primaryimage\"},\"image\":{\"@id\":\"https:\/\/www.sonoraenequipo.com.mx\/ine-aun-no-notifica-a-morena-sobre-sanciones-a-felix-salgado-y-raul-moron\/#primaryimage\"},\"thumbnailUrl\":\"https:\/\/www.sonoraenequipo.com.mx\/storage\/2021\/04\/no-han-notificado-a-MOrena_opt.jpg\",\"datePublished\":\"2021-04-16T04:04:10+00:00\",\"dateModified\":\"2021-04-16T05:09:22+00:00\",\"description\":\"CIUDAD DE M\u00c9XICO. MX. \u2014 A m\u00e1s de 40 horas de que el Consejo General del Instituto Nacional Electoral (INE) aprob\u00f3 ratificar la p\u00e9rdida de registro de los En Sonora en Equipo publicamos toda la informaci\u00f3n de Sonora, M\u00e9xico y el Mundo de manera oportuna y busca que la libertad de expresi\u00f3n sea real. Visita nuestro medio informativo publicado desde Hermosillo, Sonora. %\",\"breadcrumb\":{\"@id\":\"https:\/\/www.sonoraenequipo.com.mx\/ine-aun-no-notifica-a-morena-sobre-sanciones-a-felix-salgado-y-raul-moron\/#breadcrumb\"},\"inLanguage\":\"es\",\"potentialAction\":[{\"@type\":\"ReadAction\",\"target\":[\"https:\/\/www.sonoraenequipo.com.mx\/ine-aun-no-notifica-a-morena-sobre-sanciones-a-felix-salgado-y-raul-moron\/\"]}]},{\"@type\":\"ImageObject\",\"inLanguage\":\"es\",\"@id\":\"https:\/\/www.sonoraenequipo.com.mx\/ine-aun-no-notifica-a-morena-sobre-sanciones-a-felix-salgado-y-raul-moron\/#primaryimage\",\"url\":\"https:\/\/www.sonoraenequipo.com.mx\/storage\/2021\/04\/no-han-notificado-a-MOrena_opt.jpg\",\"contentUrl\":\"https:\/\/www.sonoraenequipo.com.mx\/storage\/2021\/04\/no-han-notificado-a-MOrena_opt.jpg\",\"width\":759,\"height\":400},{\"@type\":\"BreadcrumbList\",\"@id\":\"https:\/\/www.sonoraenequipo.com.mx\/ine-aun-no-notifica-a-morena-sobre-sanciones-a-felix-salgado-y-raul-moron\/#breadcrumb\",\"itemListElement\":[{\"@type\":\"ListItem\",\"position\":1,\"name\":\"Portada\",\"item\":\"https:\/\/www.sonoraenequipo.com.mx\/\"},{\"@type\":\"ListItem\",\"position\":2,\"name\":\"INE a\u00fan no notifica a Morena sobre sanciones a F\u00e9lix Salgado y Ra\u00fal Mor\u00f3n\"}]},{\"@type\":\"WebSite\",\"@id\":\"https:\/\/www.sonoraenequipo.com.mx\/#website\",\"url\":\"https:\/\/www.sonoraenequipo.com.mx\/\",\"name\":\"Sonora en Equipo.\",\"description\":\"Diario en l\u00ednea con Noticias desde Hermosillo, Sonora\",\"publisher\":{\"@id\":\"https:\/\/www.sonoraenequipo.com.mx\/#organization\"},\"potentialAction\":[{\"@type\":\"SearchAction\",\"target\":{\"@type\":\"EntryPoint\",\"urlTemplate\":\"https:\/\/www.sonoraenequipo.com.mx\/?s={search_term_string}\"},\"query-input\":{\"@type\":\"PropertyValueSpecification\",\"valueRequired\":true,\"valueName\":\"search_term_string\"}}],\"inLanguage\":\"es\"},{\"@type\":\"Organization\",\"@id\":\"https:\/\/www.sonoraenequipo.com.mx\/#organization\",\"name\":\"Sonoraenequipo.com.mx\",\"url\":\"https:\/\/www.sonoraenequipo.com.mx\/\",\"logo\":{\"@type\":\"ImageObject\",\"inLanguage\":\"es\",\"@id\":\"https:\/\/www.sonoraenequipo.com.mx\/#\/schema\/logo\/image\/\",\"url\":\"https:\/\/www.sonoraenequipo.com.mx\/storage\/2019\/01\/sonoraenequipo_opt.png\",\"contentUrl\":\"https:\/\/www.sonoraenequipo.com.mx\/storage\/2019\/01\/sonoraenequipo_opt.png\",\"width\":375,\"height\":125,\"caption\":\"Sonoraenequipo.com.mx\"},\"image\":{\"@id\":\"https:\/\/www.sonoraenequipo.com.mx\/#\/schema\/logo\/image\/\"},\"sameAs\":[\"https:\/\/www.facebook.com\/SonoraEE\/\",\"https:\/\/x.com\/sonoraenequipo\",\"https:\/\/www.youtube.com\/channel\/UC338nW-lPEYmJQs4ZABQ1SQ\"]},{\"@type\":\"Person\",\"@id\":\"https:\/\/www.sonoraenequipo.com.mx\/#\/schema\/person\/50102df0fb23a8fa9e8effad8fa81386\",\"name\":\"enequipo\",\"image\":{\"@type\":\"ImageObject\",\"inLanguage\":\"es\",\"@id\":\"https:\/\/www.sonoraenequipo.com.mx\/#\/schema\/person\/image\/\",\"url\":\"https:\/\/secure.gravatar.com\/avatar\/049821681b589dabc0bc20695993ccebb09f5b5d4d790cd9251b97faac7c652b?s=96&d=blank&r=g\",\"contentUrl\":\"https:\/\/secure.gravatar.com\/avatar\/049821681b589dabc0bc20695993ccebb09f5b5d4d790cd9251b97faac7c652b?s=96&d=blank&r=g\",\"caption\":\"enequipo\"},\"sameAs\":[\"https:\/\/www.facebook.com\/SonoraEE\"]}]}<\/script>\n ","yoast_head_json":{"title":"Sonora en Equipo. INE a\u00fan no notifica a Morena sobre sanciones a F\u00e9lix Salgado y Ra\u00fal Mor\u00f3n Rep\u00fablica","description":"CIUDAD DE M\u00c9XICO. MX. \u2014 A m\u00e1s de 40 horas de que el Consejo General del Instituto Nacional Electoral (INE) aprob\u00f3 ratificar la p\u00e9rdida de registro de los En Sonora en Equipo publicamos toda la informaci\u00f3n de Sonora, M\u00e9xico y el Mundo de manera oportuna y busca que la libertad de expresi\u00f3n sea real. Visita nuestro medio informativo publicado desde Hermosillo, Sonora. %","robots":{"index":"index","follow":"follow","max-snippet":"max-snippet:-1","max-image-preview":"max-image-preview:large","max-video-preview":"max-video-preview:-1"},"canonical":"https:\/\/www.sonoraenequipo.com.mx\/ine-aun-no-notifica-a-morena-sobre-sanciones-a-felix-salgado-y-raul-moron\/","og_locale":"es_ES","og_type":"article","og_title":"Sonora en Equipo. INE a\u00fan no notifica a Morena sobre sanciones a F\u00e9lix Salgado y Ra\u00fal Mor\u00f3n Rep\u00fablica","og_description":"CIUDAD DE M\u00c9XICO. MX. \u2014 A m\u00e1s de 40 horas de que el Consejo General del Instituto Nacional Electoral (INE) aprob\u00f3 ratificar la p\u00e9rdida de registro de los En Sonora en Equipo publicamos toda la informaci\u00f3n de Sonora, M\u00e9xico y el Mundo de manera oportuna y busca que la libertad de expresi\u00f3n sea real. Visita nuestro medio informativo publicado desde Hermosillo, Sonora. %","og_url":"https:\/\/www.sonoraenequipo.com.mx\/ine-aun-no-notifica-a-morena-sobre-sanciones-a-felix-salgado-y-raul-moron\/","og_site_name":"Sonora en Equipo.","article_publisher":"https:\/\/www.facebook.com\/SonoraEE\/","article_author":"https:\/\/www.facebook.com\/SonoraEE","article_published_time":"2021-04-16T04:04:10+00:00","article_modified_time":"2021-04-16T05:09:22+00:00","og_image":[{"width":759,"height":400,"url":"https:\/\/www.sonoraenequipo.com.mx\/storage\/2021\/04\/no-han-notificado-a-MOrena_opt.jpg","type":"image\/jpeg"}],"author":"enequipo","twitter_card":"summary_large_image","twitter_creator":"@sonoraenequipo","twitter_site":"@sonoraenequipo","twitter_misc":{"Escrito por":"enequipo","Tiempo de lectura":"2 minutos"},"schema":{"@context":"https:\/\/schema.org","@graph":[{"@type":"Article","@id":"https:\/\/www.sonoraenequipo.com.mx\/ine-aun-no-notifica-a-morena-sobre-sanciones-a-felix-salgado-y-raul-moron\/#article","isPartOf":{"@id":"https:\/\/www.sonoraenequipo.com.mx\/ine-aun-no-notifica-a-morena-sobre-sanciones-a-felix-salgado-y-raul-moron\/"},"author":{"name":"enequipo","@id":"https:\/\/www.sonoraenequipo.com.mx\/#\/schema\/person\/50102df0fb23a8fa9e8effad8fa81386"},"headline":"INE a\u00fan no notifica a Morena sobre sanciones a F\u00e9lix Salgado y Ra\u00fal Mor\u00f3n","datePublished":"2021-04-16T04:04:10+00:00","dateModified":"2021-04-16T05:09:22+00:00","mainEntityOfPage":{"@id":"https:\/\/www.sonoraenequipo.com.mx\/ine-aun-no-notifica-a-morena-sobre-sanciones-a-felix-salgado-y-raul-moron\/"},"wordCount":462,"commentCount":0,"publisher":{"@id":"https:\/\/www.sonoraenequipo.com.mx\/#organization"},"image":{"@id":"https:\/\/www.sonoraenequipo.com.mx\/ine-aun-no-notifica-a-morena-sobre-sanciones-a-felix-salgado-y-raul-moron\/#primaryimage"},"thumbnailUrl":"https:\/\/www.sonoraenequipo.com.mx\/storage\/2021\/04\/no-han-notificado-a-MOrena_opt.jpg","articleSection":["Rep\u00fablica"],"inLanguage":"es","potentialAction":[{"@type":"CommentAction","name":"Comment","target":["https:\/\/www.sonoraenequipo.com.mx\/ine-aun-no-notifica-a-morena-sobre-sanciones-a-felix-salgado-y-raul-moron\/#respond"]}]},{"@type":"WebPage","@id":"https:\/\/www.sonoraenequipo.com.mx\/ine-aun-no-notifica-a-morena-sobre-sanciones-a-felix-salgado-y-raul-moron\/","url":"https:\/\/www.sonoraenequipo.com.mx\/ine-aun-no-notifica-a-morena-sobre-sanciones-a-felix-salgado-y-raul-moron\/","name":"Sonora en Equipo. INE a\u00fan no notifica a Morena sobre sanciones a F\u00e9lix Salgado y Ra\u00fal Mor\u00f3n Rep\u00fablica","isPartOf":{"@id":"https:\/\/www.sonoraenequipo.com.mx\/#website"},"primaryImageOfPage":{"@id":"https:\/\/www.sonoraenequipo.com.mx\/ine-aun-no-notifica-a-morena-sobre-sanciones-a-felix-salgado-y-raul-moron\/#primaryimage"},"image":{"@id":"https:\/\/www.sonoraenequipo.com.mx\/ine-aun-no-notifica-a-morena-sobre-sanciones-a-felix-salgado-y-raul-moron\/#primaryimage"},"thumbnailUrl":"https:\/\/www.sonoraenequipo.com.mx\/storage\/2021\/04\/no-han-notificado-a-MOrena_opt.jpg","datePublished":"2021-04-16T04:04:10+00:00","dateModified":"2021-04-16T05:09:22+00:00","description":"CIUDAD DE M\u00c9XICO. MX. \u2014 A m\u00e1s de 40 horas de que el Consejo General del Instituto Nacional Electoral (INE) aprob\u00f3 ratificar la p\u00e9rdida de registro de los En Sonora en Equipo publicamos toda la informaci\u00f3n de Sonora, M\u00e9xico y el Mundo de manera oportuna y busca que la libertad de expresi\u00f3n sea real. Visita nuestro medio informativo publicado desde Hermosillo, Sonora. %","breadcrumb":{"@id":"https:\/\/www.sonoraenequipo.com.mx\/ine-aun-no-notifica-a-morena-sobre-sanciones-a-felix-salgado-y-raul-moron\/#breadcrumb"},"inLanguage":"es","potentialAction":[{"@type":"ReadAction","target":["https:\/\/www.sonoraenequipo.com.mx\/ine-aun-no-notifica-a-morena-sobre-sanciones-a-felix-salgado-y-raul-moron\/"]}]},{"@type":"ImageObject","inLanguage":"es","@id":"https:\/\/www.sonoraenequipo.com.mx\/ine-aun-no-notifica-a-morena-sobre-sanciones-a-felix-salgado-y-raul-moron\/#primaryimage","url":"https:\/\/www.sonoraenequipo.com.mx\/storage\/2021\/04\/no-han-notificado-a-MOrena_opt.jpg","contentUrl":"https:\/\/www.sonoraenequipo.com.mx\/storage\/2021\/04\/no-han-notificado-a-MOrena_opt.jpg","width":759,"height":400},{"@type":"BreadcrumbList","@id":"https:\/\/www.sonoraenequipo.com.mx\/ine-aun-no-notifica-a-morena-sobre-sanciones-a-felix-salgado-y-raul-moron\/#breadcrumb","itemListElement":[{"@type":"ListItem","position":1,"name":"Portada","item":"https:\/\/www.sonoraenequipo.com.mx\/"},{"@type":"ListItem","position":2,"name":"INE a\u00fan no notifica a Morena sobre sanciones a F\u00e9lix Salgado y Ra\u00fal Mor\u00f3n"}]},{"@type":"WebSite","@id":"https:\/\/www.sonoraenequipo.com.mx\/#website","url":"https:\/\/www.sonoraenequipo.com.mx\/","name":"Sonora en Equipo.","description":"Diario en l\u00ednea con Noticias desde Hermosillo, Sonora","publisher":{"@id":"https:\/\/www.sonoraenequipo.com.mx\/#organization"},"potentialAction":[{"@type":"SearchAction","target":{"@type":"EntryPoint","urlTemplate":"https:\/\/www.sonoraenequipo.com.mx\/?s={search_term_string}"},"query-input":{"@type":"PropertyValueSpecification","valueRequired":true,"valueName":"search_term_string"}}],"inLanguage":"es"},{"@type":"Organization","@id":"https:\/\/www.sonoraenequipo.com.mx\/#organization","name":"Sonoraenequipo.com.mx","url":"https:\/\/www.sonoraenequipo.com.mx\/","logo":{"@type":"ImageObject","inLanguage":"es","@id":"https:\/\/www.sonoraenequipo.com.mx\/#\/schema\/logo\/image\/","url":"https:\/\/www.sonoraenequipo.com.mx\/storage\/2019\/01\/sonoraenequipo_opt.png","contentUrl":"https:\/\/www.sonoraenequipo.com.mx\/storage\/2019\/01\/sonoraenequipo_opt.png","width":375,"height":125,"caption":"Sonoraenequipo.com.mx"},"image":{"@id":"https:\/\/www.sonoraenequipo.com.mx\/#\/schema\/logo\/image\/"},"sameAs":["https:\/\/www.facebook.com\/SonoraEE\/","https:\/\/x.com\/sonoraenequipo","https:\/\/www.youtube.com\/channel\/UC338nW-lPEYmJQs4ZABQ1SQ"]},{"@type":"Person","@id":"https:\/\/www.sonoraenequipo.com.mx\/#\/schema\/person\/50102df0fb23a8fa9e8effad8fa81386","name":"enequipo","image":{"@type":"ImageObject","inLanguage":"es","@id":"https:\/\/www.sonoraenequipo.com.mx\/#\/schema\/person\/image\/","url":"https:\/\/secure.gravatar.com\/avatar\/049821681b589dabc0bc20695993ccebb09f5b5d4d790cd9251b97faac7c652b?s=96&d=blank&r=g","contentUrl":"https:\/\/secure.gravatar.com\/avatar\/049821681b589dabc0bc20695993ccebb09f5b5d4d790cd9251b97faac7c652b?s=96&d=blank&r=g","caption":"enequipo"},"sameAs":["https:\/\/www.facebook.com\/SonoraEE"]}]}},"jetpack_featured_media_url":"https:\/\/www.sonoraenequipo.com.mx\/storage\/2021\/04\/no-han-notificado-a-MOrena_opt.jpg","_links":{"self":[{"href":"https:\/\/www.sonoraenequipo.com.mx\/api\/wp\/v2\/posts\/111722","targetHints":{"allow":["GET"]}}],"collection":[{"href":"https:\/\/www.sonoraenequipo.com.mx\/api\/wp\/v2\/posts"}],"about":[{"href":"https:\/\/www.sonoraenequipo.com.mx\/api\/wp\/v2\/types\/post"}],"author":[{"embeddable":true,"href":"https:\/\/www.sonoraenequipo.com.mx\/api\/wp\/v2\/users\/1"}],"replies":[{"embeddable":true,"href":"https:\/\/www.sonoraenequipo.com.mx\/api\/wp\/v2\/comments?post=111722"}],"version-history":[{"count":1,"href":"https:\/\/www.sonoraenequipo.com.mx\/api\/wp\/v2\/posts\/111722\/revisions"}],"predecessor-version":[{"id":111724,"href":"https:\/\/www.sonoraenequipo.com.mx\/api\/wp\/v2\/posts\/111722\/revisions\/111724"}],"wp:featuredmedia":[{"embeddable":true,"href":"https:\/\/www.sonoraenequipo.com.mx\/api\/wp\/v2\/media\/111723"}],"wp:attachment":[{"href":"https:\/\/www.sonoraenequipo.com.mx\/api\/wp\/v2\/media?parent=111722"}],"wp:term":[{"taxonomy":"category","embeddable":true,"href":"https:\/\/www.sonoraenequipo.com.mx\/api\/wp\/v2\/categories?post=111722"},{"taxonomy":"post_tag","embeddable":true,"href":"https:\/\/www.sonoraenequipo.com.mx\/api\/wp\/v2\/tags?post=111722"}],"curies":[{"name":"wp","href":"https:\/\/api.w.org\/{rel}","templated":true}]}}