{"id":111725,"date":"2021-04-15T22:45:39","date_gmt":"2021-04-16T05:45:39","guid":{"rendered":"https:\/\/www.sonoraenequipo.com.mx\/?p=111725"},"modified":"2021-04-15T22:23:31","modified_gmt":"2021-04-16T05:23:31","slug":"segob-presenta-el-nuevo-protocolo-adicional-para-la-busqueda-de-ninas-ninos-y-adolescentes","status":"publish","type":"post","link":"https:\/\/www.sonoraenequipo.com.mx\/segob-presenta-el-nuevo-protocolo-adicional-para-la-busqueda-de-ninas-ninos-y-adolescentes\/","title":{"rendered":"SEGOB presenta el nuevo protocolo adicional para la b\u00fasqueda de ni\u00f1as, ni\u00f1os y adolescentes"},"content":{"rendered":"<p>CUDAD DE M\u00c9XICO. MX. \u2014 La secretaria de Gobernaci\u00f3n, Olga S\u00e1nchez Cordero, present\u00f3 el Nuevo Protocolo Adicional para la B\u00fasqueda de Ni\u00f1as, de Ni\u00f1os y de Adolescentes.<\/p>\n<p>&nbsp;<\/p>\n<p> <\/p>\n<p>&nbsp;<\/p>\n<p><em>\u201cQue como finalidad tiene prevenir las desapariciones y que la b\u00fasqueda de menores y adolescentes sea pronta, eficaz y eficiente\u201d.<\/em><\/p>\n<p>&nbsp;<\/p>\n<p>S\u00e1nchez Cordero, se dirigi\u00f3 a las ni\u00f1as, ni\u00f1os y adolescentes quienes son la raz\u00f3n de este esfuerzo y la inspiraci\u00f3n del trabajo que busca el perfeccionamiento social en el pa\u00eds.<\/p>\n<p>&nbsp;<\/p>\n<p><em>\u201cSu participaci\u00f3n ni\u00f1as, ni\u00f1os, adolescentes es muy importante, porque la inclusi\u00f3n de sus pensamientos, sus sentimientos y opiniones fortalece sin duda alguna nuestro trabajo, pero al final tambi\u00e9n fortalecen nuestra democracia; as\u00ed que ustedes son los destinatarios de este protocolo adicional\u201d.<\/em><\/p>\n<p>&nbsp;<\/p>\n<p>La Funcionaria resalt\u00f3 que en M\u00e9xico a pesar de contar con protocolos de b\u00fasqueda como la \u201cAlerta Amber\u201d y el \u201cProtocolo Alba\u201d, todav\u00eda enfrenta grandes retos en su aplicaci\u00f3n, ya que la capacidad real de b\u00fasqueda de la Alerta es insuficiente y el protocolo no est\u00e1 homologado en todas las entidades federativas.<\/p>\n<p>&nbsp;<\/p>\n<p><em>\u201cLo cual solicitamos de la manera m\u00e1s atenta y respetuosa, que esta homologaci\u00f3n camine en todas las entidades federativas, estas deficiencias hicieron imprescindible el desarrollo de una herramienta que permita coordinar y establecer con base regular y homog\u00e9nea la b\u00fasqueda de ni\u00f1as, ni\u00f1os y adolescentes desaparecidos\u201d.<\/em><\/p>\n<p>&nbsp;<\/p>\n<p>Y enfatiz\u00f3 que el protocolo homologado de b\u00fasqueda se aprob\u00f3 en la primera sesi\u00f3n extraordinaria del a\u00f1o pasado, del 2020; se desarroll\u00f3 y actualmente se encuentra en etapa de implementaci\u00f3n.<\/p>\n<p>&nbsp;<\/p>\n<p>De manera paralela y tomando en cuenta su proceso, la Comisi\u00f3n Nacional de B\u00fasqueda (CNB), desarroll\u00f3 adicionalmente este aparato que atendiera estos casos tan sensibles para la sociedad, cuyo dise\u00f1o se llev\u00f3 a cabo a trav\u00e9s de un trabajo conjunto con los familiares de personas desaparecidas.<\/p>\n<p>&nbsp;<\/p>\n<p><em>\u201cPorque como siempre hemos dicho, nunca sin el acompa\u00f1amiento de estos familiares, pero tambi\u00e9n de organizaciones expertas y de diferentes actores, en particular se escuch\u00f3 y se consult\u00f3 a las ni\u00f1as a los ni\u00f1os y a los adolescentes\u201d.<\/em><\/p>\n<p>&nbsp;<\/p>\n<p>La Responsable de la Pol\u00edtica Interior del pa\u00eds, se\u00f1al\u00f3 que ya han concluido, los trabajos realizados por las personas integrantes del Consejo Nacional Ciudadano.<\/p>\n<p>&nbsp;<\/p>\n<p><em>\u201cQuienes nos han acompa\u00f1ado a los largo de varios a\u00f1os, hemos trabajado juntos en la construcci\u00f3n de este Sistema Nacional, su labor ha sido fundamental y elemental para nosotros y los avances que hemos conseguido, muchas, muchas gracias por su contribuci\u00f3n para terminar con esta problem\u00e1tica que nos lastima como sociedad\u201d.<\/em><\/p>\n<p>&nbsp;<\/p>\n<p>(Publicada el 15\/04\/2021)<\/p>\n","protected":false},"excerpt":{"rendered":"<p>CUDAD DE M\u00c9XICO. MX. \u2014 La secretaria de Gobernaci\u00f3n, Olga S\u00e1nchez Cordero, present\u00f3 el Nuevo&#8230;<\/p>\n","protected":false},"author":1,"featured_media":111726,"comment_status":"open","ping_status":"open","sticky":false,"template":"","format":"standard","meta":{"_monsterinsights_skip_tracking":false,"_monsterinsights_sitenote_active":false,"_monsterinsights_sitenote_note":"","_monsterinsights_sitenote_category":0,"footnotes":""},"categories":[5],"tags":[],"class_list":["post"],"yoast_head":" \n<title>Sonora en Equipo. SEGOB presenta el nuevo protocolo adicional para la b\u00fasqueda de ni\u00f1as, ni\u00f1os y adolescentes Rep\u00fablica<\/title>\n<meta name=\"description\" content=\"CUDAD DE M\u00c9XICO. MX. \u2014 La secretaria de Gobernaci\u00f3n, Olga S\u00e1nchez Cordero, present\u00f3 el Nuevo Protocolo Adicional para la B\u00fasqueda de Ni\u00f1as, de Ni\u00f1os y de En Sonora en Equipo publicamos toda la informaci\u00f3n de Sonora, M\u00e9xico y el Mundo de manera oportuna y busca que la libertad de expresi\u00f3n sea real. Visita nuestro medio informativo publicado desde Hermosillo, Sonora. %\" \/>\n<meta name=\"robots\" content=\"index, follow, max-snippet:-1, max-image-preview:large, max-video-preview:-1\" \/>\n<link rel=\"canonical\" href=\"https:\/\/www.sonoraenequipo.com.mx\/segob-presenta-el-nuevo-protocolo-adicional-para-la-busqueda-de-ninas-ninos-y-adolescentes\/\" \/>\n<meta property=\"og:locale\" content=\"es_ES\" \/>\n<meta property=\"og:type\" content=\"article\" \/>\n<meta property=\"og:title\" content=\"Sonora en Equipo. SEGOB presenta el nuevo protocolo adicional para la b\u00fasqueda de ni\u00f1as, ni\u00f1os y adolescentes Rep\u00fablica\" \/>\n<meta property=\"og:description\" content=\"CUDAD DE M\u00c9XICO. MX. \u2014 La secretaria de Gobernaci\u00f3n, Olga S\u00e1nchez Cordero, present\u00f3 el Nuevo Protocolo Adicional para la B\u00fasqueda de Ni\u00f1as, de Ni\u00f1os y de En Sonora en Equipo publicamos toda la informaci\u00f3n de Sonora, M\u00e9xico y el Mundo de manera oportuna y busca que la libertad de expresi\u00f3n sea real. Visita nuestro medio informativo publicado desde Hermosillo, Sonora. %\" \/>\n<meta property=\"og:url\" content=\"https:\/\/www.sonoraenequipo.com.mx\/segob-presenta-el-nuevo-protocolo-adicional-para-la-busqueda-de-ninas-ninos-y-adolescentes\/\" \/>\n<meta property=\"og:site_name\" content=\"Sonora en Equipo.\" \/>\n<meta property=\"article:publisher\" content=\"https:\/\/www.facebook.com\/SonoraEE\/\" \/>\n<meta property=\"article:author\" content=\"https:\/\/www.facebook.com\/SonoraEE\" \/>\n<meta property=\"article:published_time\" content=\"2021-04-16T05:45:39+00:00\" \/>\n<meta property=\"og:image\" content=\"https:\/\/www.sonoraenequipo.com.mx\/storage\/2021\/04\/olga-sanchez-cordero_opt2.jpg\" \/>\n\t<meta property=\"og:image:width\" content=\"701\" \/>\n\t<meta property=\"og:image:height\" content=\"500\" \/>\n\t<meta property=\"og:image:type\" content=\"image\/jpeg\" \/>\n<meta name=\"author\" content=\"enequipo\" \/>\n<meta name=\"twitter:card\" content=\"summary_large_image\" \/>\n<meta name=\"twitter:creator\" content=\"@sonoraenequipo\" \/>\n<meta name=\"twitter:site\" content=\"@sonoraenequipo\" \/>\n<meta name=\"twitter:label1\" content=\"Escrito por\" \/>\n\t<meta name=\"twitter:data1\" content=\"enequipo\" \/>\n\t<meta name=\"twitter:label2\" content=\"Tiempo de lectura\" \/>\n\t<meta name=\"twitter:data2\" content=\"2 minutos\" \/>\n<script type=\"application\/ld+json\" class=\"yoast-schema-graph\">{\"@context\":\"https:\/\/schema.org\",\"@graph\":[{\"@type\":\"Article\",\"@id\":\"https:\/\/www.sonoraenequipo.com.mx\/segob-presenta-el-nuevo-protocolo-adicional-para-la-busqueda-de-ninas-ninos-y-adolescentes\/#article\",\"isPartOf\":{\"@id\":\"https:\/\/www.sonoraenequipo.com.mx\/segob-presenta-el-nuevo-protocolo-adicional-para-la-busqueda-de-ninas-ninos-y-adolescentes\/\"},\"author\":{\"name\":\"enequipo\",\"@id\":\"https:\/\/www.sonoraenequipo.com.mx\/#\/schema\/person\/50102df0fb23a8fa9e8effad8fa81386\"},\"headline\":\"SEGOB presenta el nuevo protocolo adicional para la b\u00fasqueda de ni\u00f1as, ni\u00f1os y adolescentes\",\"datePublished\":\"2021-04-16T05:45:39+00:00\",\"mainEntityOfPage\":{\"@id\":\"https:\/\/www.sonoraenequipo.com.mx\/segob-presenta-el-nuevo-protocolo-adicional-para-la-busqueda-de-ninas-ninos-y-adolescentes\/\"},\"wordCount\":483,\"commentCount\":0,\"publisher\":{\"@id\":\"https:\/\/www.sonoraenequipo.com.mx\/#organization\"},\"image\":{\"@id\":\"https:\/\/www.sonoraenequipo.com.mx\/segob-presenta-el-nuevo-protocolo-adicional-para-la-busqueda-de-ninas-ninos-y-adolescentes\/#primaryimage\"},\"thumbnailUrl\":\"https:\/\/www.sonoraenequipo.com.mx\/storage\/2021\/04\/olga-sanchez-cordero_opt2.jpg\",\"articleSection\":[\"Rep\u00fablica\"],\"inLanguage\":\"es\",\"potentialAction\":[{\"@type\":\"CommentAction\",\"name\":\"Comment\",\"target\":[\"https:\/\/www.sonoraenequipo.com.mx\/segob-presenta-el-nuevo-protocolo-adicional-para-la-busqueda-de-ninas-ninos-y-adolescentes\/#respond\"]}]},{\"@type\":\"WebPage\",\"@id\":\"https:\/\/www.sonoraenequipo.com.mx\/segob-presenta-el-nuevo-protocolo-adicional-para-la-busqueda-de-ninas-ninos-y-adolescentes\/\",\"url\":\"https:\/\/www.sonoraenequipo.com.mx\/segob-presenta-el-nuevo-protocolo-adicional-para-la-busqueda-de-ninas-ninos-y-adolescentes\/\",\"name\":\"Sonora en Equipo. SEGOB presenta el nuevo protocolo adicional para la b\u00fasqueda de ni\u00f1as, ni\u00f1os y adolescentes Rep\u00fablica\",\"isPartOf\":{\"@id\":\"https:\/\/www.sonoraenequipo.com.mx\/#website\"},\"primaryImageOfPage\":{\"@id\":\"https:\/\/www.sonoraenequipo.com.mx\/segob-presenta-el-nuevo-protocolo-adicional-para-la-busqueda-de-ninas-ninos-y-adolescentes\/#primaryimage\"},\"image\":{\"@id\":\"https:\/\/www.sonoraenequipo.com.mx\/segob-presenta-el-nuevo-protocolo-adicional-para-la-busqueda-de-ninas-ninos-y-adolescentes\/#primaryimage\"},\"thumbnailUrl\":\"https:\/\/www.sonoraenequipo.com.mx\/storage\/2021\/04\/olga-sanchez-cordero_opt2.jpg\",\"datePublished\":\"2021-04-16T05:45:39+00:00\",\"description\":\"CUDAD DE M\u00c9XICO. MX. \u2014 La secretaria de Gobernaci\u00f3n, Olga S\u00e1nchez Cordero, present\u00f3 el Nuevo Protocolo Adicional para la B\u00fasqueda de Ni\u00f1as, de Ni\u00f1os y de En Sonora en Equipo publicamos toda la informaci\u00f3n de Sonora, M\u00e9xico y el Mundo de manera oportuna y busca que la libertad de expresi\u00f3n sea real. Visita nuestro medio informativo publicado desde Hermosillo, Sonora. %\",\"breadcrumb\":{\"@id\":\"https:\/\/www.sonoraenequipo.com.mx\/segob-presenta-el-nuevo-protocolo-adicional-para-la-busqueda-de-ninas-ninos-y-adolescentes\/#breadcrumb\"},\"inLanguage\":\"es\",\"potentialAction\":[{\"@type\":\"ReadAction\",\"target\":[\"https:\/\/www.sonoraenequipo.com.mx\/segob-presenta-el-nuevo-protocolo-adicional-para-la-busqueda-de-ninas-ninos-y-adolescentes\/\"]}]},{\"@type\":\"ImageObject\",\"inLanguage\":\"es\",\"@id\":\"https:\/\/www.sonoraenequipo.com.mx\/segob-presenta-el-nuevo-protocolo-adicional-para-la-busqueda-de-ninas-ninos-y-adolescentes\/#primaryimage\",\"url\":\"https:\/\/www.sonoraenequipo.com.mx\/storage\/2021\/04\/olga-sanchez-cordero_opt2.jpg\",\"contentUrl\":\"https:\/\/www.sonoraenequipo.com.mx\/storage\/2021\/04\/olga-sanchez-cordero_opt2.jpg\",\"width\":701,\"height\":500},{\"@type\":\"BreadcrumbList\",\"@id\":\"https:\/\/www.sonoraenequipo.com.mx\/segob-presenta-el-nuevo-protocolo-adicional-para-la-busqueda-de-ninas-ninos-y-adolescentes\/#breadcrumb\",\"itemListElement\":[{\"@type\":\"ListItem\",\"position\":1,\"name\":\"Portada\",\"item\":\"https:\/\/www.sonoraenequipo.com.mx\/\"},{\"@type\":\"ListItem\",\"position\":2,\"name\":\"SEGOB presenta el nuevo protocolo adicional para la b\u00fasqueda de ni\u00f1as, ni\u00f1os y adolescentes\"}]},{\"@type\":\"WebSite\",\"@id\":\"https:\/\/www.sonoraenequipo.com.mx\/#website\",\"url\":\"https:\/\/www.sonoraenequipo.com.mx\/\",\"name\":\"Sonora en Equipo.\",\"description\":\"Diario en l\u00ednea con Noticias desde Hermosillo, Sonora\",\"publisher\":{\"@id\":\"https:\/\/www.sonoraenequipo.com.mx\/#organization\"},\"potentialAction\":[{\"@type\":\"SearchAction\",\"target\":{\"@type\":\"EntryPoint\",\"urlTemplate\":\"https:\/\/www.sonoraenequipo.com.mx\/?s={search_term_string}\"},\"query-input\":{\"@type\":\"PropertyValueSpecification\",\"valueRequired\":true,\"valueName\":\"search_term_string\"}}],\"inLanguage\":\"es\"},{\"@type\":\"Organization\",\"@id\":\"https:\/\/www.sonoraenequipo.com.mx\/#organization\",\"name\":\"Sonoraenequipo.com.mx\",\"url\":\"https:\/\/www.sonoraenequipo.com.mx\/\",\"logo\":{\"@type\":\"ImageObject\",\"inLanguage\":\"es\",\"@id\":\"https:\/\/www.sonoraenequipo.com.mx\/#\/schema\/logo\/image\/\",\"url\":\"https:\/\/www.sonoraenequipo.com.mx\/storage\/2019\/01\/sonoraenequipo_opt.png\",\"contentUrl\":\"https:\/\/www.sonoraenequipo.com.mx\/storage\/2019\/01\/sonoraenequipo_opt.png\",\"width\":375,\"height\":125,\"caption\":\"Sonoraenequipo.com.mx\"},\"image\":{\"@id\":\"https:\/\/www.sonoraenequipo.com.mx\/#\/schema\/logo\/image\/\"},\"sameAs\":[\"https:\/\/www.facebook.com\/SonoraEE\/\",\"https:\/\/x.com\/sonoraenequipo\",\"https:\/\/www.youtube.com\/channel\/UC338nW-lPEYmJQs4ZABQ1SQ\"]},{\"@type\":\"Person\",\"@id\":\"https:\/\/www.sonoraenequipo.com.mx\/#\/schema\/person\/50102df0fb23a8fa9e8effad8fa81386\",\"name\":\"enequipo\",\"image\":{\"@type\":\"ImageObject\",\"inLanguage\":\"es\",\"@id\":\"https:\/\/www.sonoraenequipo.com.mx\/#\/schema\/person\/image\/\",\"url\":\"https:\/\/secure.gravatar.com\/avatar\/049821681b589dabc0bc20695993ccebb09f5b5d4d790cd9251b97faac7c652b?s=96&d=blank&r=g\",\"contentUrl\":\"https:\/\/secure.gravatar.com\/avatar\/049821681b589dabc0bc20695993ccebb09f5b5d4d790cd9251b97faac7c652b?s=96&d=blank&r=g\",\"caption\":\"enequipo\"},\"sameAs\":[\"https:\/\/www.facebook.com\/SonoraEE\"]}]}<\/script>\n ","yoast_head_json":{"title":"Sonora en Equipo. SEGOB presenta el nuevo protocolo adicional para la b\u00fasqueda de ni\u00f1as, ni\u00f1os y adolescentes Rep\u00fablica","description":"CUDAD DE M\u00c9XICO. MX. \u2014 La secretaria de Gobernaci\u00f3n, Olga S\u00e1nchez Cordero, present\u00f3 el Nuevo Protocolo Adicional para la B\u00fasqueda de Ni\u00f1as, de Ni\u00f1os y de En Sonora en Equipo publicamos toda la informaci\u00f3n de Sonora, M\u00e9xico y el Mundo de manera oportuna y busca que la libertad de expresi\u00f3n sea real. Visita nuestro medio informativo publicado desde Hermosillo, Sonora. %","robots":{"index":"index","follow":"follow","max-snippet":"max-snippet:-1","max-image-preview":"max-image-preview:large","max-video-preview":"max-video-preview:-1"},"canonical":"https:\/\/www.sonoraenequipo.com.mx\/segob-presenta-el-nuevo-protocolo-adicional-para-la-busqueda-de-ninas-ninos-y-adolescentes\/","og_locale":"es_ES","og_type":"article","og_title":"Sonora en Equipo. SEGOB presenta el nuevo protocolo adicional para la b\u00fasqueda de ni\u00f1as, ni\u00f1os y adolescentes Rep\u00fablica","og_description":"CUDAD DE M\u00c9XICO. MX. \u2014 La secretaria de Gobernaci\u00f3n, Olga S\u00e1nchez Cordero, present\u00f3 el Nuevo Protocolo Adicional para la B\u00fasqueda de Ni\u00f1as, de Ni\u00f1os y de En Sonora en Equipo publicamos toda la informaci\u00f3n de Sonora, M\u00e9xico y el Mundo de manera oportuna y busca que la libertad de expresi\u00f3n sea real. Visita nuestro medio informativo publicado desde Hermosillo, Sonora. %","og_url":"https:\/\/www.sonoraenequipo.com.mx\/segob-presenta-el-nuevo-protocolo-adicional-para-la-busqueda-de-ninas-ninos-y-adolescentes\/","og_site_name":"Sonora en Equipo.","article_publisher":"https:\/\/www.facebook.com\/SonoraEE\/","article_author":"https:\/\/www.facebook.com\/SonoraEE","article_published_time":"2021-04-16T05:45:39+00:00","og_image":[{"width":701,"height":500,"url":"https:\/\/www.sonoraenequipo.com.mx\/storage\/2021\/04\/olga-sanchez-cordero_opt2.jpg","type":"image\/jpeg"}],"author":"enequipo","twitter_card":"summary_large_image","twitter_creator":"@sonoraenequipo","twitter_site":"@sonoraenequipo","twitter_misc":{"Escrito por":"enequipo","Tiempo de lectura":"2 minutos"},"schema":{"@context":"https:\/\/schema.org","@graph":[{"@type":"Article","@id":"https:\/\/www.sonoraenequipo.com.mx\/segob-presenta-el-nuevo-protocolo-adicional-para-la-busqueda-de-ninas-ninos-y-adolescentes\/#article","isPartOf":{"@id":"https:\/\/www.sonoraenequipo.com.mx\/segob-presenta-el-nuevo-protocolo-adicional-para-la-busqueda-de-ninas-ninos-y-adolescentes\/"},"author":{"name":"enequipo","@id":"https:\/\/www.sonoraenequipo.com.mx\/#\/schema\/person\/50102df0fb23a8fa9e8effad8fa81386"},"headline":"SEGOB presenta el nuevo protocolo adicional para la b\u00fasqueda de ni\u00f1as, ni\u00f1os y adolescentes","datePublished":"2021-04-16T05:45:39+00:00","mainEntityOfPage":{"@id":"https:\/\/www.sonoraenequipo.com.mx\/segob-presenta-el-nuevo-protocolo-adicional-para-la-busqueda-de-ninas-ninos-y-adolescentes\/"},"wordCount":483,"commentCount":0,"publisher":{"@id":"https:\/\/www.sonoraenequipo.com.mx\/#organization"},"image":{"@id":"https:\/\/www.sonoraenequipo.com.mx\/segob-presenta-el-nuevo-protocolo-adicional-para-la-busqueda-de-ninas-ninos-y-adolescentes\/#primaryimage"},"thumbnailUrl":"https:\/\/www.sonoraenequipo.com.mx\/storage\/2021\/04\/olga-sanchez-cordero_opt2.jpg","articleSection":["Rep\u00fablica"],"inLanguage":"es","potentialAction":[{"@type":"CommentAction","name":"Comment","target":["https:\/\/www.sonoraenequipo.com.mx\/segob-presenta-el-nuevo-protocolo-adicional-para-la-busqueda-de-ninas-ninos-y-adolescentes\/#respond"]}]},{"@type":"WebPage","@id":"https:\/\/www.sonoraenequipo.com.mx\/segob-presenta-el-nuevo-protocolo-adicional-para-la-busqueda-de-ninas-ninos-y-adolescentes\/","url":"https:\/\/www.sonoraenequipo.com.mx\/segob-presenta-el-nuevo-protocolo-adicional-para-la-busqueda-de-ninas-ninos-y-adolescentes\/","name":"Sonora en Equipo. SEGOB presenta el nuevo protocolo adicional para la b\u00fasqueda de ni\u00f1as, ni\u00f1os y adolescentes Rep\u00fablica","isPartOf":{"@id":"https:\/\/www.sonoraenequipo.com.mx\/#website"},"primaryImageOfPage":{"@id":"https:\/\/www.sonoraenequipo.com.mx\/segob-presenta-el-nuevo-protocolo-adicional-para-la-busqueda-de-ninas-ninos-y-adolescentes\/#primaryimage"},"image":{"@id":"https:\/\/www.sonoraenequipo.com.mx\/segob-presenta-el-nuevo-protocolo-adicional-para-la-busqueda-de-ninas-ninos-y-adolescentes\/#primaryimage"},"thumbnailUrl":"https:\/\/www.sonoraenequipo.com.mx\/storage\/2021\/04\/olga-sanchez-cordero_opt2.jpg","datePublished":"2021-04-16T05:45:39+00:00","description":"CUDAD DE M\u00c9XICO. MX. \u2014 La secretaria de Gobernaci\u00f3n, Olga S\u00e1nchez Cordero, present\u00f3 el Nuevo Protocolo Adicional para la B\u00fasqueda de Ni\u00f1as, de Ni\u00f1os y de En Sonora en Equipo publicamos toda la informaci\u00f3n de Sonora, M\u00e9xico y el Mundo de manera oportuna y busca que la libertad de expresi\u00f3n sea real. Visita nuestro medio informativo publicado desde Hermosillo, Sonora. %","breadcrumb":{"@id":"https:\/\/www.sonoraenequipo.com.mx\/segob-presenta-el-nuevo-protocolo-adicional-para-la-busqueda-de-ninas-ninos-y-adolescentes\/#breadcrumb"},"inLanguage":"es","potentialAction":[{"@type":"ReadAction","target":["https:\/\/www.sonoraenequipo.com.mx\/segob-presenta-el-nuevo-protocolo-adicional-para-la-busqueda-de-ninas-ninos-y-adolescentes\/"]}]},{"@type":"ImageObject","inLanguage":"es","@id":"https:\/\/www.sonoraenequipo.com.mx\/segob-presenta-el-nuevo-protocolo-adicional-para-la-busqueda-de-ninas-ninos-y-adolescentes\/#primaryimage","url":"https:\/\/www.sonoraenequipo.com.mx\/storage\/2021\/04\/olga-sanchez-cordero_opt2.jpg","contentUrl":"https:\/\/www.sonoraenequipo.com.mx\/storage\/2021\/04\/olga-sanchez-cordero_opt2.jpg","width":701,"height":500},{"@type":"BreadcrumbList","@id":"https:\/\/www.sonoraenequipo.com.mx\/segob-presenta-el-nuevo-protocolo-adicional-para-la-busqueda-de-ninas-ninos-y-adolescentes\/#breadcrumb","itemListElement":[{"@type":"ListItem","position":1,"name":"Portada","item":"https:\/\/www.sonoraenequipo.com.mx\/"},{"@type":"ListItem","position":2,"name":"SEGOB presenta el nuevo protocolo adicional para la b\u00fasqueda de ni\u00f1as, ni\u00f1os y adolescentes"}]},{"@type":"WebSite","@id":"https:\/\/www.sonoraenequipo.com.mx\/#website","url":"https:\/\/www.sonoraenequipo.com.mx\/","name":"Sonora en Equipo.","description":"Diario en l\u00ednea con Noticias desde Hermosillo, Sonora","publisher":{"@id":"https:\/\/www.sonoraenequipo.com.mx\/#organization"},"potentialAction":[{"@type":"SearchAction","target":{"@type":"EntryPoint","urlTemplate":"https:\/\/www.sonoraenequipo.com.mx\/?s={search_term_string}"},"query-input":{"@type":"PropertyValueSpecification","valueRequired":true,"valueName":"search_term_string"}}],"inLanguage":"es"},{"@type":"Organization","@id":"https:\/\/www.sonoraenequipo.com.mx\/#organization","name":"Sonoraenequipo.com.mx","url":"https:\/\/www.sonoraenequipo.com.mx\/","logo":{"@type":"ImageObject","inLanguage":"es","@id":"https:\/\/www.sonoraenequipo.com.mx\/#\/schema\/logo\/image\/","url":"https:\/\/www.sonoraenequipo.com.mx\/storage\/2019\/01\/sonoraenequipo_opt.png","contentUrl":"https:\/\/www.sonoraenequipo.com.mx\/storage\/2019\/01\/sonoraenequipo_opt.png","width":375,"height":125,"caption":"Sonoraenequipo.com.mx"},"image":{"@id":"https:\/\/www.sonoraenequipo.com.mx\/#\/schema\/logo\/image\/"},"sameAs":["https:\/\/www.facebook.com\/SonoraEE\/","https:\/\/x.com\/sonoraenequipo","https:\/\/www.youtube.com\/channel\/UC338nW-lPEYmJQs4ZABQ1SQ"]},{"@type":"Person","@id":"https:\/\/www.sonoraenequipo.com.mx\/#\/schema\/person\/50102df0fb23a8fa9e8effad8fa81386","name":"enequipo","image":{"@type":"ImageObject","inLanguage":"es","@id":"https:\/\/www.sonoraenequipo.com.mx\/#\/schema\/person\/image\/","url":"https:\/\/secure.gravatar.com\/avatar\/049821681b589dabc0bc20695993ccebb09f5b5d4d790cd9251b97faac7c652b?s=96&d=blank&r=g","contentUrl":"https:\/\/secure.gravatar.com\/avatar\/049821681b589dabc0bc20695993ccebb09f5b5d4d790cd9251b97faac7c652b?s=96&d=blank&r=g","caption":"enequipo"},"sameAs":["https:\/\/www.facebook.com\/SonoraEE"]}]}},"jetpack_featured_media_url":"https:\/\/www.sonoraenequipo.com.mx\/storage\/2021\/04\/olga-sanchez-cordero_opt2.jpg","_links":{"self":[{"href":"https:\/\/www.sonoraenequipo.com.mx\/api\/wp\/v2\/posts\/111725","targetHints":{"allow":["GET"]}}],"collection":[{"href":"https:\/\/www.sonoraenequipo.com.mx\/api\/wp\/v2\/posts"}],"about":[{"href":"https:\/\/www.sonoraenequipo.com.mx\/api\/wp\/v2\/types\/post"}],"author":[{"embeddable":true,"href":"https:\/\/www.sonoraenequipo.com.mx\/api\/wp\/v2\/users\/1"}],"replies":[{"embeddable":true,"href":"https:\/\/www.sonoraenequipo.com.mx\/api\/wp\/v2\/comments?post=111725"}],"version-history":[{"count":1,"href":"https:\/\/www.sonoraenequipo.com.mx\/api\/wp\/v2\/posts\/111725\/revisions"}],"predecessor-version":[{"id":111727,"href":"https:\/\/www.sonoraenequipo.com.mx\/api\/wp\/v2\/posts\/111725\/revisions\/111727"}],"wp:featuredmedia":[{"embeddable":true,"href":"https:\/\/www.sonoraenequipo.com.mx\/api\/wp\/v2\/media\/111726"}],"wp:attachment":[{"href":"https:\/\/www.sonoraenequipo.com.mx\/api\/wp\/v2\/media?parent=111725"}],"wp:term":[{"taxonomy":"category","embeddable":true,"href":"https:\/\/www.sonoraenequipo.com.mx\/api\/wp\/v2\/categories?post=111725"},{"taxonomy":"post_tag","embeddable":true,"href":"https:\/\/www.sonoraenequipo.com.mx\/api\/wp\/v2\/tags?post=111725"}],"curies":[{"name":"wp","href":"https:\/\/api.w.org\/{rel}","templated":true}]}}