{"id":111732,"date":"2021-04-15T23:15:54","date_gmt":"2021-04-16T06:15:54","guid":{"rendered":"https:\/\/www.sonoraenequipo.com.mx\/?p=111732"},"modified":"2021-04-16T13:07:48","modified_gmt":"2021-04-16T20:07:48","slug":"fiscalia-rumana-teme-que-tudor-escape-de-mexico","status":"publish","type":"post","link":"https:\/\/www.sonoraenequipo.com.mx\/fiscalia-rumana-teme-que-tudor-escape-de-mexico\/","title":{"rendered":"Fiscal\u00eda rumana teme que Tudor escape de M\u00e9xico"},"content":{"rendered":"<p>Fiscal\u00eda rumana teme que Tudor escape de M\u00e9xico<\/p>\n<p>&nbsp;<\/p>\n<p>CIUDAD DE M\u00c9XICO.\u2500 Las autoridades rumanas han expresado temor ante la posibilidad de que el jefe de la banda de la Riviera Maya, una organizaci\u00f3n criminal que rob\u00f3 m\u00e1s de mil millones de d\u00f3lares al comprometer cajeros autom\u00e1ticos en destinos tur\u00edsticos a lo largo de M\u00e9xico, huya del pa\u00eds latinoamericano y escape a la justicia.<\/p>\n<p>&nbsp;<\/p>\n<p>En marzo pasado, un tribunal de Bucarest emiti\u00f3 una orden de arresto contra Florian Tudor, un rumano que actualmente reside en territorio mexicano, luego de que el Departamento Antimafia lo acusara de crear un grupo delictivo organizado, extorsi\u00f3n e intigaci\u00f3n de intento de asesinato contra su ex mano derecha, Constantin Sorinel Marcu.<\/p>\n<p>&nbsp;<\/p>\n<p>El presunto l\u00edder de la pandilla ha negado sistem\u00e1ticamente todos los cargos y apel\u00f3 el fallo judicial. Sin embargo, la justicia rumana rechaz\u00f3 la apelaci\u00f3n la semana pasada y abri\u00f3 la posibilidad de solicitar la extradici\u00f3n de Tudor desde M\u00e9xico.<\/p>\n<p>&nbsp;<\/p>\n<p>Los fiscales han calificado a Tudor como \u201cuna amenaza para el orden p\u00fablico\u201d y temen que el l\u00edder de la pandilla pueda reconstruir su red criminal de concretar un escape, revelaron documentos judiciales vistos por The Organized Crimea and Corruption Reporting Project (OCCRP).<\/p>\n<p>&nbsp;<\/p>\n<p>Autoridades rumanas critican que sus hom\u00f3logos mexicanos no han sido de ayuda durante el proceso judicial. Tambi\u00e9n agregaron que las continuas referencias de Tudor a pol\u00edticos mexicanos en sus declaraciones p\u00fablicas son parte de una estrategia de intimidaci\u00f3n para bloquear cualquier esfuerzo por investigar los cr\u00edmenes de la pandilla.<\/p>\n<p>&nbsp;<\/p>\n<p>El pasado mi\u00e9rcoles, medios mexicanos informaron que un juez federal impidi\u00f3, por ahora, la extradici\u00f3n de Tudor. Actualmente, el ciudadano rumano espera que la justicia mexicana acepte sus solicitudes de amparo pendientes para as\u00ed recuperar los bienes que le fueron confiscados durante la investigaci\u00f3n y evitar ser devuelto a su pa\u00eds de origen.<\/p>\n<p>&nbsp;<\/p>\n<p>Tudor ha dicho a trav\u00e9s de sus abogados que no puede salir de M\u00e9xico para encarar a las autoridades rumanas porque tiene un hijo que necesita cuidados especiales y asegura que los fiscales pueden escuchar su declaraci\u00f3n desde el extranjero.<\/p>\n<p>&nbsp;<\/p>\n<p>Los documentos judiciales tambi\u00e9n revelan nuevos detalles sobre c\u00f3mo Tudor daba \u00f3rdenes e intimidaba a otros pandilleros para preservar el control de la organizaci\u00f3n, incluida una tensa discusi\u00f3n a trav\u00e9s de mensajes de texto entre \u00e9l y Sorinel Marcu antes de su asesinato.<\/p>\n<p>&nbsp;<\/p>\n<p>Posteriormente, una investigaci\u00f3n liderada por autoridades mexicanas atribuy\u00f3 el homicidio de Marcu a un guardia de seguridad que proteg\u00eda los complejos de Tudor en Canc\u00fan.<\/p>\n<p>&nbsp;<\/p>\n<p>OCCRP, Quinto Elemento Lab, Mexicanos contra la Corrupci\u00f3n y la Impunidad (MCCI) y Rise Project publicaron una investigaci\u00f3n en 2020 que revel\u00f3 que las operaciones de la pandilla de la Riviera Maya representaron m\u00e1s del 12% del robo de tarjetas de cr\u00e9dito en todo el mundo.<\/p>\n<p>&nbsp;<\/p>\n<p>El grupo delictivo, que estableci\u00f3 su sede en Canc\u00fan, clon\u00f3 tarjetas de cr\u00e9dito y d\u00e9bito en cajeros autom\u00e1ticos comprometidos en todo el pa\u00eds y presuntamente canaliz\u00f3 el dinero hacia bienes ra\u00edces en M\u00e9xico y Rumania a trav\u00e9s de compa\u00f1\u00edas bajo su control.<\/p>\n<p>&nbsp;<\/p>\n<p>Los fiscales rumanos estiman que unos 1.000 hombres conformaban la banda de la Riviera Maya, con miembros asentados en Rumania, M\u00e9xico, India y Estados Unidos.<\/p>\n<p>&nbsp;<\/p>\n<p>Actualmente, seis miembros de la pandilla enfrentan sentencias que oscilan entre tres y 10 a\u00f1os. Un tribunal de Bucarest los declar\u00f3 culpables en marzo pasado por intento de asesinato, extorsi\u00f3n, creaci\u00f3n de un grupo delictivo organizado, posesi\u00f3n ilegal de un arma y conducir sin licencia.<\/p>\n<p>Fecha de publicaci\u00f3n \u00a0\u00a0jueves \/\u00a0 15\u00a0 \/ abril \/ 202\/Elemento Lab y MCCI<\/p>\n<p>&nbsp;<\/p>\n","protected":false},"excerpt":{"rendered":"<p>Fiscal\u00eda rumana teme que Tudor escape de M\u00e9xico &nbsp; CIUDAD DE M\u00c9XICO.\u2500 Las autoridades rumanas&#8230;<\/p>\n","protected":false},"author":1,"featured_media":111733,"comment_status":"open","ping_status":"open","sticky":false,"template":"","format":"standard","meta":{"_monsterinsights_skip_tracking":false,"_monsterinsights_sitenote_active":false,"_monsterinsights_sitenote_note":"","_monsterinsights_sitenote_category":0,"footnotes":""},"categories":[3],"tags":[5620],"class_list":["post"],"yoast_head":" \n<title>Sonora en Equipo. Fiscal\u00eda rumana teme que Tudor escape de M\u00e9xico MUNDO<\/title>\n<meta name=\"description\" content=\"Fiscal\u00eda rumana teme que Tudor escape de M\u00e9xico &nbsp; CIUDAD DE M\u00c9XICO.\u2500 Las autoridades rumanas han expresado temor ante la posibilidad de que el jefe En Sonora en Equipo publicamos toda la informaci\u00f3n de Sonora, M\u00e9xico y el Mundo de manera oportuna y busca que la libertad de expresi\u00f3n sea real. Visita nuestro medio informativo publicado desde Hermosillo, Sonora. %\" \/>\n<meta name=\"robots\" content=\"index, follow, max-snippet:-1, max-image-preview:large, max-video-preview:-1\" \/>\n<link rel=\"canonical\" href=\"https:\/\/www.sonoraenequipo.com.mx\/fiscalia-rumana-teme-que-tudor-escape-de-mexico\/\" \/>\n<meta property=\"og:locale\" content=\"es_ES\" \/>\n<meta property=\"og:type\" content=\"article\" \/>\n<meta property=\"og:title\" content=\"Sonora en Equipo. Fiscal\u00eda rumana teme que Tudor escape de M\u00e9xico MUNDO\" \/>\n<meta property=\"og:description\" content=\"Fiscal\u00eda rumana teme que Tudor escape de M\u00e9xico &nbsp; CIUDAD DE M\u00c9XICO.\u2500 Las autoridades rumanas han expresado temor ante la posibilidad de que el jefe En Sonora en Equipo publicamos toda la informaci\u00f3n de Sonora, M\u00e9xico y el Mundo de manera oportuna y busca que la libertad de expresi\u00f3n sea real. Visita nuestro medio informativo publicado desde Hermosillo, Sonora. %\" \/>\n<meta property=\"og:url\" content=\"https:\/\/www.sonoraenequipo.com.mx\/fiscalia-rumana-teme-que-tudor-escape-de-mexico\/\" \/>\n<meta property=\"og:site_name\" content=\"Sonora en Equipo.\" \/>\n<meta property=\"article:publisher\" content=\"https:\/\/www.facebook.com\/SonoraEE\/\" \/>\n<meta property=\"article:author\" content=\"https:\/\/www.facebook.com\/SonoraEE\" \/>\n<meta property=\"article:published_time\" content=\"2021-04-16T06:15:54+00:00\" \/>\n<meta property=\"article:modified_time\" content=\"2021-04-16T20:07:48+00:00\" \/>\n<meta property=\"og:image\" content=\"https:\/\/www.sonoraenequipo.com.mx\/storage\/2021\/04\/tudor.jpg\" \/>\n\t<meta property=\"og:image:width\" content=\"500\" \/>\n\t<meta property=\"og:image:height\" content=\"300\" \/>\n\t<meta property=\"og:image:type\" content=\"image\/jpeg\" \/>\n<meta name=\"author\" content=\"enequipo\" \/>\n<meta name=\"twitter:card\" content=\"summary_large_image\" \/>\n<meta name=\"twitter:creator\" content=\"@sonoraenequipo\" \/>\n<meta name=\"twitter:site\" content=\"@sonoraenequipo\" \/>\n<meta name=\"twitter:label1\" content=\"Escrito por\" \/>\n\t<meta name=\"twitter:data1\" content=\"enequipo\" \/>\n\t<meta name=\"twitter:label2\" content=\"Tiempo de lectura\" \/>\n\t<meta name=\"twitter:data2\" content=\"3 minutos\" \/>\n<script type=\"application\/ld+json\" class=\"yoast-schema-graph\">{\"@context\":\"https:\/\/schema.org\",\"@graph\":[{\"@type\":\"Article\",\"@id\":\"https:\/\/www.sonoraenequipo.com.mx\/fiscalia-rumana-teme-que-tudor-escape-de-mexico\/#article\",\"isPartOf\":{\"@id\":\"https:\/\/www.sonoraenequipo.com.mx\/fiscalia-rumana-teme-que-tudor-escape-de-mexico\/\"},\"author\":{\"name\":\"enequipo\",\"@id\":\"https:\/\/www.sonoraenequipo.com.mx\/#\/schema\/person\/50102df0fb23a8fa9e8effad8fa81386\"},\"headline\":\"Fiscal\u00eda rumana teme que Tudor escape de M\u00e9xico\",\"datePublished\":\"2021-04-16T06:15:54+00:00\",\"dateModified\":\"2021-04-16T20:07:48+00:00\",\"mainEntityOfPage\":{\"@id\":\"https:\/\/www.sonoraenequipo.com.mx\/fiscalia-rumana-teme-que-tudor-escape-de-mexico\/\"},\"wordCount\":654,\"commentCount\":0,\"publisher\":{\"@id\":\"https:\/\/www.sonoraenequipo.com.mx\/#organization\"},\"image\":{\"@id\":\"https:\/\/www.sonoraenequipo.com.mx\/fiscalia-rumana-teme-que-tudor-escape-de-mexico\/#primaryimage\"},\"thumbnailUrl\":\"https:\/\/www.sonoraenequipo.com.mx\/storage\/2021\/04\/tudor.jpg\",\"keywords\":[\"tudor\"],\"articleSection\":[\"MUNDO\"],\"inLanguage\":\"es\",\"potentialAction\":[{\"@type\":\"CommentAction\",\"name\":\"Comment\",\"target\":[\"https:\/\/www.sonoraenequipo.com.mx\/fiscalia-rumana-teme-que-tudor-escape-de-mexico\/#respond\"]}]},{\"@type\":\"WebPage\",\"@id\":\"https:\/\/www.sonoraenequipo.com.mx\/fiscalia-rumana-teme-que-tudor-escape-de-mexico\/\",\"url\":\"https:\/\/www.sonoraenequipo.com.mx\/fiscalia-rumana-teme-que-tudor-escape-de-mexico\/\",\"name\":\"Sonora en Equipo. Fiscal\u00eda rumana teme que Tudor escape de M\u00e9xico MUNDO\",\"isPartOf\":{\"@id\":\"https:\/\/www.sonoraenequipo.com.mx\/#website\"},\"primaryImageOfPage\":{\"@id\":\"https:\/\/www.sonoraenequipo.com.mx\/fiscalia-rumana-teme-que-tudor-escape-de-mexico\/#primaryimage\"},\"image\":{\"@id\":\"https:\/\/www.sonoraenequipo.com.mx\/fiscalia-rumana-teme-que-tudor-escape-de-mexico\/#primaryimage\"},\"thumbnailUrl\":\"https:\/\/www.sonoraenequipo.com.mx\/storage\/2021\/04\/tudor.jpg\",\"datePublished\":\"2021-04-16T06:15:54+00:00\",\"dateModified\":\"2021-04-16T20:07:48+00:00\",\"description\":\"Fiscal\u00eda rumana teme que Tudor escape de M\u00e9xico &nbsp; CIUDAD DE M\u00c9XICO.\u2500 Las autoridades rumanas han expresado temor ante la posibilidad de que el jefe En Sonora en Equipo publicamos toda la informaci\u00f3n de Sonora, M\u00e9xico y el Mundo de manera oportuna y busca que la libertad de expresi\u00f3n sea real. Visita nuestro medio informativo publicado desde Hermosillo, Sonora. %\",\"breadcrumb\":{\"@id\":\"https:\/\/www.sonoraenequipo.com.mx\/fiscalia-rumana-teme-que-tudor-escape-de-mexico\/#breadcrumb\"},\"inLanguage\":\"es\",\"potentialAction\":[{\"@type\":\"ReadAction\",\"target\":[\"https:\/\/www.sonoraenequipo.com.mx\/fiscalia-rumana-teme-que-tudor-escape-de-mexico\/\"]}]},{\"@type\":\"ImageObject\",\"inLanguage\":\"es\",\"@id\":\"https:\/\/www.sonoraenequipo.com.mx\/fiscalia-rumana-teme-que-tudor-escape-de-mexico\/#primaryimage\",\"url\":\"https:\/\/www.sonoraenequipo.com.mx\/storage\/2021\/04\/tudor.jpg\",\"contentUrl\":\"https:\/\/www.sonoraenequipo.com.mx\/storage\/2021\/04\/tudor.jpg\",\"width\":500,\"height\":300},{\"@type\":\"BreadcrumbList\",\"@id\":\"https:\/\/www.sonoraenequipo.com.mx\/fiscalia-rumana-teme-que-tudor-escape-de-mexico\/#breadcrumb\",\"itemListElement\":[{\"@type\":\"ListItem\",\"position\":1,\"name\":\"Portada\",\"item\":\"https:\/\/www.sonoraenequipo.com.mx\/\"},{\"@type\":\"ListItem\",\"position\":2,\"name\":\"Fiscal\u00eda rumana teme que Tudor escape de M\u00e9xico\"}]},{\"@type\":\"WebSite\",\"@id\":\"https:\/\/www.sonoraenequipo.com.mx\/#website\",\"url\":\"https:\/\/www.sonoraenequipo.com.mx\/\",\"name\":\"Sonora en Equipo.\",\"description\":\"Diario en l\u00ednea con Noticias desde Hermosillo, Sonora\",\"publisher\":{\"@id\":\"https:\/\/www.sonoraenequipo.com.mx\/#organization\"},\"potentialAction\":[{\"@type\":\"SearchAction\",\"target\":{\"@type\":\"EntryPoint\",\"urlTemplate\":\"https:\/\/www.sonoraenequipo.com.mx\/?s={search_term_string}\"},\"query-input\":{\"@type\":\"PropertyValueSpecification\",\"valueRequired\":true,\"valueName\":\"search_term_string\"}}],\"inLanguage\":\"es\"},{\"@type\":\"Organization\",\"@id\":\"https:\/\/www.sonoraenequipo.com.mx\/#organization\",\"name\":\"Sonoraenequipo.com.mx\",\"url\":\"https:\/\/www.sonoraenequipo.com.mx\/\",\"logo\":{\"@type\":\"ImageObject\",\"inLanguage\":\"es\",\"@id\":\"https:\/\/www.sonoraenequipo.com.mx\/#\/schema\/logo\/image\/\",\"url\":\"https:\/\/www.sonoraenequipo.com.mx\/storage\/2019\/01\/sonoraenequipo_opt.png\",\"contentUrl\":\"https:\/\/www.sonoraenequipo.com.mx\/storage\/2019\/01\/sonoraenequipo_opt.png\",\"width\":375,\"height\":125,\"caption\":\"Sonoraenequipo.com.mx\"},\"image\":{\"@id\":\"https:\/\/www.sonoraenequipo.com.mx\/#\/schema\/logo\/image\/\"},\"sameAs\":[\"https:\/\/www.facebook.com\/SonoraEE\/\",\"https:\/\/x.com\/sonoraenequipo\",\"https:\/\/www.youtube.com\/channel\/UC338nW-lPEYmJQs4ZABQ1SQ\"]},{\"@type\":\"Person\",\"@id\":\"https:\/\/www.sonoraenequipo.com.mx\/#\/schema\/person\/50102df0fb23a8fa9e8effad8fa81386\",\"name\":\"enequipo\",\"image\":{\"@type\":\"ImageObject\",\"inLanguage\":\"es\",\"@id\":\"https:\/\/www.sonoraenequipo.com.mx\/#\/schema\/person\/image\/\",\"url\":\"https:\/\/secure.gravatar.com\/avatar\/049821681b589dabc0bc20695993ccebb09f5b5d4d790cd9251b97faac7c652b?s=96&d=blank&r=g\",\"contentUrl\":\"https:\/\/secure.gravatar.com\/avatar\/049821681b589dabc0bc20695993ccebb09f5b5d4d790cd9251b97faac7c652b?s=96&d=blank&r=g\",\"caption\":\"enequipo\"},\"sameAs\":[\"https:\/\/www.facebook.com\/SonoraEE\"]}]}<\/script>\n ","yoast_head_json":{"title":"Sonora en Equipo. Fiscal\u00eda rumana teme que Tudor escape de M\u00e9xico MUNDO","description":"Fiscal\u00eda rumana teme que Tudor escape de M\u00e9xico &nbsp; CIUDAD DE M\u00c9XICO.\u2500 Las autoridades rumanas han expresado temor ante la posibilidad de que el jefe En Sonora en Equipo publicamos toda la informaci\u00f3n de Sonora, M\u00e9xico y el Mundo de manera oportuna y busca que la libertad de expresi\u00f3n sea real. Visita nuestro medio informativo publicado desde Hermosillo, Sonora. %","robots":{"index":"index","follow":"follow","max-snippet":"max-snippet:-1","max-image-preview":"max-image-preview:large","max-video-preview":"max-video-preview:-1"},"canonical":"https:\/\/www.sonoraenequipo.com.mx\/fiscalia-rumana-teme-que-tudor-escape-de-mexico\/","og_locale":"es_ES","og_type":"article","og_title":"Sonora en Equipo. Fiscal\u00eda rumana teme que Tudor escape de M\u00e9xico MUNDO","og_description":"Fiscal\u00eda rumana teme que Tudor escape de M\u00e9xico &nbsp; CIUDAD DE M\u00c9XICO.\u2500 Las autoridades rumanas han expresado temor ante la posibilidad de que el jefe En Sonora en Equipo publicamos toda la informaci\u00f3n de Sonora, M\u00e9xico y el Mundo de manera oportuna y busca que la libertad de expresi\u00f3n sea real. Visita nuestro medio informativo publicado desde Hermosillo, Sonora. %","og_url":"https:\/\/www.sonoraenequipo.com.mx\/fiscalia-rumana-teme-que-tudor-escape-de-mexico\/","og_site_name":"Sonora en Equipo.","article_publisher":"https:\/\/www.facebook.com\/SonoraEE\/","article_author":"https:\/\/www.facebook.com\/SonoraEE","article_published_time":"2021-04-16T06:15:54+00:00","article_modified_time":"2021-04-16T20:07:48+00:00","og_image":[{"width":500,"height":300,"url":"https:\/\/www.sonoraenequipo.com.mx\/storage\/2021\/04\/tudor.jpg","type":"image\/jpeg"}],"author":"enequipo","twitter_card":"summary_large_image","twitter_creator":"@sonoraenequipo","twitter_site":"@sonoraenequipo","twitter_misc":{"Escrito por":"enequipo","Tiempo de lectura":"3 minutos"},"schema":{"@context":"https:\/\/schema.org","@graph":[{"@type":"Article","@id":"https:\/\/www.sonoraenequipo.com.mx\/fiscalia-rumana-teme-que-tudor-escape-de-mexico\/#article","isPartOf":{"@id":"https:\/\/www.sonoraenequipo.com.mx\/fiscalia-rumana-teme-que-tudor-escape-de-mexico\/"},"author":{"name":"enequipo","@id":"https:\/\/www.sonoraenequipo.com.mx\/#\/schema\/person\/50102df0fb23a8fa9e8effad8fa81386"},"headline":"Fiscal\u00eda rumana teme que Tudor escape de M\u00e9xico","datePublished":"2021-04-16T06:15:54+00:00","dateModified":"2021-04-16T20:07:48+00:00","mainEntityOfPage":{"@id":"https:\/\/www.sonoraenequipo.com.mx\/fiscalia-rumana-teme-que-tudor-escape-de-mexico\/"},"wordCount":654,"commentCount":0,"publisher":{"@id":"https:\/\/www.sonoraenequipo.com.mx\/#organization"},"image":{"@id":"https:\/\/www.sonoraenequipo.com.mx\/fiscalia-rumana-teme-que-tudor-escape-de-mexico\/#primaryimage"},"thumbnailUrl":"https:\/\/www.sonoraenequipo.com.mx\/storage\/2021\/04\/tudor.jpg","keywords":["tudor"],"articleSection":["MUNDO"],"inLanguage":"es","potentialAction":[{"@type":"CommentAction","name":"Comment","target":["https:\/\/www.sonoraenequipo.com.mx\/fiscalia-rumana-teme-que-tudor-escape-de-mexico\/#respond"]}]},{"@type":"WebPage","@id":"https:\/\/www.sonoraenequipo.com.mx\/fiscalia-rumana-teme-que-tudor-escape-de-mexico\/","url":"https:\/\/www.sonoraenequipo.com.mx\/fiscalia-rumana-teme-que-tudor-escape-de-mexico\/","name":"Sonora en Equipo. Fiscal\u00eda rumana teme que Tudor escape de M\u00e9xico MUNDO","isPartOf":{"@id":"https:\/\/www.sonoraenequipo.com.mx\/#website"},"primaryImageOfPage":{"@id":"https:\/\/www.sonoraenequipo.com.mx\/fiscalia-rumana-teme-que-tudor-escape-de-mexico\/#primaryimage"},"image":{"@id":"https:\/\/www.sonoraenequipo.com.mx\/fiscalia-rumana-teme-que-tudor-escape-de-mexico\/#primaryimage"},"thumbnailUrl":"https:\/\/www.sonoraenequipo.com.mx\/storage\/2021\/04\/tudor.jpg","datePublished":"2021-04-16T06:15:54+00:00","dateModified":"2021-04-16T20:07:48+00:00","description":"Fiscal\u00eda rumana teme que Tudor escape de M\u00e9xico &nbsp; CIUDAD DE M\u00c9XICO.\u2500 Las autoridades rumanas han expresado temor ante la posibilidad de que el jefe En Sonora en Equipo publicamos toda la informaci\u00f3n de Sonora, M\u00e9xico y el Mundo de manera oportuna y busca que la libertad de expresi\u00f3n sea real. Visita nuestro medio informativo publicado desde Hermosillo, Sonora. %","breadcrumb":{"@id":"https:\/\/www.sonoraenequipo.com.mx\/fiscalia-rumana-teme-que-tudor-escape-de-mexico\/#breadcrumb"},"inLanguage":"es","potentialAction":[{"@type":"ReadAction","target":["https:\/\/www.sonoraenequipo.com.mx\/fiscalia-rumana-teme-que-tudor-escape-de-mexico\/"]}]},{"@type":"ImageObject","inLanguage":"es","@id":"https:\/\/www.sonoraenequipo.com.mx\/fiscalia-rumana-teme-que-tudor-escape-de-mexico\/#primaryimage","url":"https:\/\/www.sonoraenequipo.com.mx\/storage\/2021\/04\/tudor.jpg","contentUrl":"https:\/\/www.sonoraenequipo.com.mx\/storage\/2021\/04\/tudor.jpg","width":500,"height":300},{"@type":"BreadcrumbList","@id":"https:\/\/www.sonoraenequipo.com.mx\/fiscalia-rumana-teme-que-tudor-escape-de-mexico\/#breadcrumb","itemListElement":[{"@type":"ListItem","position":1,"name":"Portada","item":"https:\/\/www.sonoraenequipo.com.mx\/"},{"@type":"ListItem","position":2,"name":"Fiscal\u00eda rumana teme que Tudor escape de M\u00e9xico"}]},{"@type":"WebSite","@id":"https:\/\/www.sonoraenequipo.com.mx\/#website","url":"https:\/\/www.sonoraenequipo.com.mx\/","name":"Sonora en Equipo.","description":"Diario en l\u00ednea con Noticias desde Hermosillo, Sonora","publisher":{"@id":"https:\/\/www.sonoraenequipo.com.mx\/#organization"},"potentialAction":[{"@type":"SearchAction","target":{"@type":"EntryPoint","urlTemplate":"https:\/\/www.sonoraenequipo.com.mx\/?s={search_term_string}"},"query-input":{"@type":"PropertyValueSpecification","valueRequired":true,"valueName":"search_term_string"}}],"inLanguage":"es"},{"@type":"Organization","@id":"https:\/\/www.sonoraenequipo.com.mx\/#organization","name":"Sonoraenequipo.com.mx","url":"https:\/\/www.sonoraenequipo.com.mx\/","logo":{"@type":"ImageObject","inLanguage":"es","@id":"https:\/\/www.sonoraenequipo.com.mx\/#\/schema\/logo\/image\/","url":"https:\/\/www.sonoraenequipo.com.mx\/storage\/2019\/01\/sonoraenequipo_opt.png","contentUrl":"https:\/\/www.sonoraenequipo.com.mx\/storage\/2019\/01\/sonoraenequipo_opt.png","width":375,"height":125,"caption":"Sonoraenequipo.com.mx"},"image":{"@id":"https:\/\/www.sonoraenequipo.com.mx\/#\/schema\/logo\/image\/"},"sameAs":["https:\/\/www.facebook.com\/SonoraEE\/","https:\/\/x.com\/sonoraenequipo","https:\/\/www.youtube.com\/channel\/UC338nW-lPEYmJQs4ZABQ1SQ"]},{"@type":"Person","@id":"https:\/\/www.sonoraenequipo.com.mx\/#\/schema\/person\/50102df0fb23a8fa9e8effad8fa81386","name":"enequipo","image":{"@type":"ImageObject","inLanguage":"es","@id":"https:\/\/www.sonoraenequipo.com.mx\/#\/schema\/person\/image\/","url":"https:\/\/secure.gravatar.com\/avatar\/049821681b589dabc0bc20695993ccebb09f5b5d4d790cd9251b97faac7c652b?s=96&d=blank&r=g","contentUrl":"https:\/\/secure.gravatar.com\/avatar\/049821681b589dabc0bc20695993ccebb09f5b5d4d790cd9251b97faac7c652b?s=96&d=blank&r=g","caption":"enequipo"},"sameAs":["https:\/\/www.facebook.com\/SonoraEE"]}]}},"jetpack_featured_media_url":"https:\/\/www.sonoraenequipo.com.mx\/storage\/2021\/04\/tudor.jpg","_links":{"self":[{"href":"https:\/\/www.sonoraenequipo.com.mx\/api\/wp\/v2\/posts\/111732","targetHints":{"allow":["GET"]}}],"collection":[{"href":"https:\/\/www.sonoraenequipo.com.mx\/api\/wp\/v2\/posts"}],"about":[{"href":"https:\/\/www.sonoraenequipo.com.mx\/api\/wp\/v2\/types\/post"}],"author":[{"embeddable":true,"href":"https:\/\/www.sonoraenequipo.com.mx\/api\/wp\/v2\/users\/1"}],"replies":[{"embeddable":true,"href":"https:\/\/www.sonoraenequipo.com.mx\/api\/wp\/v2\/comments?post=111732"}],"version-history":[{"count":1,"href":"https:\/\/www.sonoraenequipo.com.mx\/api\/wp\/v2\/posts\/111732\/revisions"}],"predecessor-version":[{"id":111734,"href":"https:\/\/www.sonoraenequipo.com.mx\/api\/wp\/v2\/posts\/111732\/revisions\/111734"}],"wp:featuredmedia":[{"embeddable":true,"href":"https:\/\/www.sonoraenequipo.com.mx\/api\/wp\/v2\/media\/111733"}],"wp:attachment":[{"href":"https:\/\/www.sonoraenequipo.com.mx\/api\/wp\/v2\/media?parent=111732"}],"wp:term":[{"taxonomy":"category","embeddable":true,"href":"https:\/\/www.sonoraenequipo.com.mx\/api\/wp\/v2\/categories?post=111732"},{"taxonomy":"post_tag","embeddable":true,"href":"https:\/\/www.sonoraenequipo.com.mx\/api\/wp\/v2\/tags?post=111732"}],"curies":[{"name":"wp","href":"https:\/\/api.w.org\/{rel}","templated":true}]}}