{"id":111739,"date":"2021-04-16T06:50:18","date_gmt":"2021-04-16T13:50:18","guid":{"rendered":"https:\/\/www.sonoraenequipo.com.mx\/?p=111739"},"modified":"2021-04-16T13:18:24","modified_gmt":"2021-04-16T20:18:24","slug":"06-50-en-bacum-y-san-ignacio-se-mejorara-la-infraestructura-y-se-promoveran-las-playas-al-turismo-alfonso-durazo","status":"publish","type":"post","link":"https:\/\/www.sonoraenequipo.com.mx\/06-50-en-bacum-y-san-ignacio-se-mejorara-la-infraestructura-y-se-promoveran-las-playas-al-turismo-alfonso-durazo\/","title":{"rendered":"En Bacum y San Ignacio se mejorar\u00e1 la infraestructura y se promover\u00e1n las playas al turismo: Alfonso Durazo"},"content":{"rendered":"<p>B\u00c1CUM, SONORA. MX. \u2014 Atender los rezagos en infraestructura urbana, salud, red de drenaje, agua potable y promover las playas de la regi\u00f3n, plante\u00f3 Alfonso Durazo Monta\u00f1o, en los municipios de B\u00e1cum y San Ignacio R\u00edo Muerto.<\/p>\n<p>&nbsp;<\/p>\n<p> <\/p>\n<p>&nbsp;<\/p>\n<p>Acompa\u00f1ado del candidato a la diputaci\u00f3n federal por el Distrito IV, Heriberto Aguilar Castillo, el candidato com\u00fan a la gubernatura por Morena, PT, Nueva Alianza Sonora y Verde Ecologista, dio a conocer sus acciones para el municipio de B\u00e1cum:<\/p>\n<p>&nbsp;<\/p>\n<p><em>\u201cVamos a apoyar la soluci\u00f3n del problema de agua potable. Rehabilitaremos la red de distribuci\u00f3n, los equipos de bombeo y los tanques elevados para llevar el agua a todas las colonias. Apoyaremos la instalaci\u00f3n de plantas de tratamiento y un relleno sanitario\u201d.<\/em><\/p>\n<p>&nbsp;<\/p>\n<p><img loading=\"lazy\" decoding=\"async\" class=\"size-medium  x-left\" src=\"https:\/\/www.sonoraenequipo.com.mx\/storage\/2021\/04\/bacum-y-san-ignacio-con-Durazo_opt-548x365.jpg\" alt=\"\" width=\"548\" height=\"365\" \/>Agreg\u00f3 que <em>\u201cse instalar\u00e1n lagunas de oxidaci\u00f3n para mejorar el tratamiento de aguas negras\u201d<\/em> y se respaldar\u00e1 a la presidenta municipal en la rehabilitaci\u00f3n del drenaje y alcantarillado.<\/p>\n<p>&nbsp;<\/p>\n<p>Posteriormente, en el municipio de San Ignacio R\u00edo Muerto, que cuenta con 70 kil\u00f3metros de litoral y playas como Bah\u00eda de Lobos, y Los M\u00e9danos, Durazo Monta\u00f1o coment\u00f3:<\/p>\n<p>&nbsp;<\/p>\n<p><em>\u201cVamos a buscar la forma de explotarlas tur\u00edsticamente por que son playas hermosas, tenemos mil 200 kil\u00f3metros de litoral en el estado de Sonora y colindamos 500 kil\u00f3metros con el mayor mercado del mundo (Estados Unidos) y particularmente con Arizona\u201d.<\/em><\/p>\n<p>&nbsp;<\/p>\n<p>Concluy\u00f3 que se rehabilitar\u00e1n las vialidades que tiene San Ignacio, las calles 600 y 900, junto con la 23 y 29, ambas del Valle del Yaqui, para mejorar la comunicaci\u00f3n con Ciudad Obreg\u00f3n.<\/p>\n<p>&nbsp;<\/p>\n<p>&nbsp;<\/p>\n<p>(Publicada el 16\/04\/2021)<\/p>\n","protected":false},"excerpt":{"rendered":"<p>B\u00c1CUM, SONORA. MX. \u2014 Atender los rezagos en infraestructura urbana, salud, red de drenaje, agua&#8230;<\/p>\n","protected":false},"author":1,"featured_media":111742,"comment_status":"open","ping_status":"open","sticky":false,"template":"","format":"standard","meta":{"_monsterinsights_skip_tracking":false,"_monsterinsights_sitenote_active":false,"_monsterinsights_sitenote_note":"","_monsterinsights_sitenote_category":0,"footnotes":""},"categories":[8],"tags":[],"class_list":["post"],"yoast_head":" \n<title>Sonora en Equipo. En Bacum y San Ignacio se mejorar\u00e1 la infraestructura y se promover\u00e1n las playas al turismo: Alfonso Durazo LA ELECCION 2024<\/title>\n<meta name=\"description\" content=\"B\u00c1CUM, SONORA. MX. \u2014 Atender los rezagos en infraestructura urbana, salud, red de drenaje, agua potable y promover las playas de la regi\u00f3n, plante\u00f3 En Sonora en Equipo publicamos toda la informaci\u00f3n de Sonora, M\u00e9xico y el Mundo de manera oportuna y busca que la libertad de expresi\u00f3n sea real. Visita nuestro medio informativo publicado desde Hermosillo, Sonora. %\" \/>\n<meta name=\"robots\" content=\"index, follow, max-snippet:-1, max-image-preview:large, max-video-preview:-1\" \/>\n<link rel=\"canonical\" href=\"https:\/\/www.sonoraenequipo.com.mx\/06-50-en-bacum-y-san-ignacio-se-mejorara-la-infraestructura-y-se-promoveran-las-playas-al-turismo-alfonso-durazo\/\" \/>\n<meta property=\"og:locale\" content=\"es_ES\" \/>\n<meta property=\"og:type\" content=\"article\" \/>\n<meta property=\"og:title\" content=\"Sonora en Equipo. En Bacum y San Ignacio se mejorar\u00e1 la infraestructura y se promover\u00e1n las playas al turismo: Alfonso Durazo LA ELECCION 2024\" \/>\n<meta property=\"og:description\" content=\"B\u00c1CUM, SONORA. MX. \u2014 Atender los rezagos en infraestructura urbana, salud, red de drenaje, agua potable y promover las playas de la regi\u00f3n, plante\u00f3 En Sonora en Equipo publicamos toda la informaci\u00f3n de Sonora, M\u00e9xico y el Mundo de manera oportuna y busca que la libertad de expresi\u00f3n sea real. Visita nuestro medio informativo publicado desde Hermosillo, Sonora. %\" \/>\n<meta property=\"og:url\" content=\"https:\/\/www.sonoraenequipo.com.mx\/06-50-en-bacum-y-san-ignacio-se-mejorara-la-infraestructura-y-se-promoveran-las-playas-al-turismo-alfonso-durazo\/\" \/>\n<meta property=\"og:site_name\" content=\"Sonora en Equipo.\" \/>\n<meta property=\"article:publisher\" content=\"https:\/\/www.facebook.com\/SonoraEE\/\" \/>\n<meta property=\"article:author\" content=\"https:\/\/www.facebook.com\/SonoraEE\" \/>\n<meta property=\"article:published_time\" content=\"2021-04-16T13:50:18+00:00\" \/>\n<meta property=\"article:modified_time\" content=\"2021-04-16T20:18:24+00:00\" \/>\n<meta property=\"og:image\" content=\"https:\/\/www.sonoraenequipo.com.mx\/storage\/2021\/04\/durazo-en-mitin-de-Bacum_opt.jpg\" \/>\n\t<meta property=\"og:image:width\" content=\"600\" \/>\n\t<meta property=\"og:image:height\" content=\"400\" \/>\n\t<meta property=\"og:image:type\" content=\"image\/jpeg\" \/>\n<meta name=\"author\" content=\"enequipo\" \/>\n<meta name=\"twitter:card\" content=\"summary_large_image\" \/>\n<meta name=\"twitter:creator\" content=\"@sonoraenequipo\" \/>\n<meta name=\"twitter:site\" content=\"@sonoraenequipo\" \/>\n<meta name=\"twitter:label1\" content=\"Escrito por\" \/>\n\t<meta name=\"twitter:data1\" content=\"enequipo\" \/>\n\t<meta name=\"twitter:label2\" content=\"Tiempo de lectura\" \/>\n\t<meta name=\"twitter:data2\" content=\"2 minutos\" \/>\n<script type=\"application\/ld+json\" class=\"yoast-schema-graph\">{\"@context\":\"https:\/\/schema.org\",\"@graph\":[{\"@type\":\"Article\",\"@id\":\"https:\/\/www.sonoraenequipo.com.mx\/06-50-en-bacum-y-san-ignacio-se-mejorara-la-infraestructura-y-se-promoveran-las-playas-al-turismo-alfonso-durazo\/#article\",\"isPartOf\":{\"@id\":\"https:\/\/www.sonoraenequipo.com.mx\/06-50-en-bacum-y-san-ignacio-se-mejorara-la-infraestructura-y-se-promoveran-las-playas-al-turismo-alfonso-durazo\/\"},\"author\":{\"name\":\"enequipo\",\"@id\":\"https:\/\/www.sonoraenequipo.com.mx\/#\/schema\/person\/50102df0fb23a8fa9e8effad8fa81386\"},\"headline\":\"En Bacum y San Ignacio se mejorar\u00e1 la infraestructura y se promover\u00e1n las playas al turismo: Alfonso Durazo\",\"datePublished\":\"2021-04-16T13:50:18+00:00\",\"dateModified\":\"2021-04-16T20:18:24+00:00\",\"mainEntityOfPage\":{\"@id\":\"https:\/\/www.sonoraenequipo.com.mx\/06-50-en-bacum-y-san-ignacio-se-mejorara-la-infraestructura-y-se-promoveran-las-playas-al-turismo-alfonso-durazo\/\"},\"wordCount\":295,\"commentCount\":0,\"publisher\":{\"@id\":\"https:\/\/www.sonoraenequipo.com.mx\/#organization\"},\"image\":{\"@id\":\"https:\/\/www.sonoraenequipo.com.mx\/06-50-en-bacum-y-san-ignacio-se-mejorara-la-infraestructura-y-se-promoveran-las-playas-al-turismo-alfonso-durazo\/#primaryimage\"},\"thumbnailUrl\":\"https:\/\/www.sonoraenequipo.com.mx\/storage\/2021\/04\/durazo-en-mitin-de-Bacum_opt.jpg\",\"articleSection\":[\"LA ELECCION 2024\"],\"inLanguage\":\"es\",\"potentialAction\":[{\"@type\":\"CommentAction\",\"name\":\"Comment\",\"target\":[\"https:\/\/www.sonoraenequipo.com.mx\/06-50-en-bacum-y-san-ignacio-se-mejorara-la-infraestructura-y-se-promoveran-las-playas-al-turismo-alfonso-durazo\/#respond\"]}]},{\"@type\":\"WebPage\",\"@id\":\"https:\/\/www.sonoraenequipo.com.mx\/06-50-en-bacum-y-san-ignacio-se-mejorara-la-infraestructura-y-se-promoveran-las-playas-al-turismo-alfonso-durazo\/\",\"url\":\"https:\/\/www.sonoraenequipo.com.mx\/06-50-en-bacum-y-san-ignacio-se-mejorara-la-infraestructura-y-se-promoveran-las-playas-al-turismo-alfonso-durazo\/\",\"name\":\"Sonora en Equipo. En Bacum y San Ignacio se mejorar\u00e1 la infraestructura y se promover\u00e1n las playas al turismo: Alfonso Durazo LA ELECCION 2024\",\"isPartOf\":{\"@id\":\"https:\/\/www.sonoraenequipo.com.mx\/#website\"},\"primaryImageOfPage\":{\"@id\":\"https:\/\/www.sonoraenequipo.com.mx\/06-50-en-bacum-y-san-ignacio-se-mejorara-la-infraestructura-y-se-promoveran-las-playas-al-turismo-alfonso-durazo\/#primaryimage\"},\"image\":{\"@id\":\"https:\/\/www.sonoraenequipo.com.mx\/06-50-en-bacum-y-san-ignacio-se-mejorara-la-infraestructura-y-se-promoveran-las-playas-al-turismo-alfonso-durazo\/#primaryimage\"},\"thumbnailUrl\":\"https:\/\/www.sonoraenequipo.com.mx\/storage\/2021\/04\/durazo-en-mitin-de-Bacum_opt.jpg\",\"datePublished\":\"2021-04-16T13:50:18+00:00\",\"dateModified\":\"2021-04-16T20:18:24+00:00\",\"description\":\"B\u00c1CUM, SONORA. MX. \u2014 Atender los rezagos en infraestructura urbana, salud, red de drenaje, agua potable y promover las playas de la regi\u00f3n, plante\u00f3 En Sonora en Equipo publicamos toda la informaci\u00f3n de Sonora, M\u00e9xico y el Mundo de manera oportuna y busca que la libertad de expresi\u00f3n sea real. Visita nuestro medio informativo publicado desde Hermosillo, Sonora. %\",\"breadcrumb\":{\"@id\":\"https:\/\/www.sonoraenequipo.com.mx\/06-50-en-bacum-y-san-ignacio-se-mejorara-la-infraestructura-y-se-promoveran-las-playas-al-turismo-alfonso-durazo\/#breadcrumb\"},\"inLanguage\":\"es\",\"potentialAction\":[{\"@type\":\"ReadAction\",\"target\":[\"https:\/\/www.sonoraenequipo.com.mx\/06-50-en-bacum-y-san-ignacio-se-mejorara-la-infraestructura-y-se-promoveran-las-playas-al-turismo-alfonso-durazo\/\"]}]},{\"@type\":\"ImageObject\",\"inLanguage\":\"es\",\"@id\":\"https:\/\/www.sonoraenequipo.com.mx\/06-50-en-bacum-y-san-ignacio-se-mejorara-la-infraestructura-y-se-promoveran-las-playas-al-turismo-alfonso-durazo\/#primaryimage\",\"url\":\"https:\/\/www.sonoraenequipo.com.mx\/storage\/2021\/04\/durazo-en-mitin-de-Bacum_opt.jpg\",\"contentUrl\":\"https:\/\/www.sonoraenequipo.com.mx\/storage\/2021\/04\/durazo-en-mitin-de-Bacum_opt.jpg\",\"width\":600,\"height\":400},{\"@type\":\"BreadcrumbList\",\"@id\":\"https:\/\/www.sonoraenequipo.com.mx\/06-50-en-bacum-y-san-ignacio-se-mejorara-la-infraestructura-y-se-promoveran-las-playas-al-turismo-alfonso-durazo\/#breadcrumb\",\"itemListElement\":[{\"@type\":\"ListItem\",\"position\":1,\"name\":\"Portada\",\"item\":\"https:\/\/www.sonoraenequipo.com.mx\/\"},{\"@type\":\"ListItem\",\"position\":2,\"name\":\"En Bacum y San Ignacio se mejorar\u00e1 la infraestructura y se promover\u00e1n las playas al turismo: Alfonso Durazo\"}]},{\"@type\":\"WebSite\",\"@id\":\"https:\/\/www.sonoraenequipo.com.mx\/#website\",\"url\":\"https:\/\/www.sonoraenequipo.com.mx\/\",\"name\":\"Sonora en Equipo.\",\"description\":\"Diario en l\u00ednea con Noticias desde Hermosillo, Sonora\",\"publisher\":{\"@id\":\"https:\/\/www.sonoraenequipo.com.mx\/#organization\"},\"potentialAction\":[{\"@type\":\"SearchAction\",\"target\":{\"@type\":\"EntryPoint\",\"urlTemplate\":\"https:\/\/www.sonoraenequipo.com.mx\/?s={search_term_string}\"},\"query-input\":{\"@type\":\"PropertyValueSpecification\",\"valueRequired\":true,\"valueName\":\"search_term_string\"}}],\"inLanguage\":\"es\"},{\"@type\":\"Organization\",\"@id\":\"https:\/\/www.sonoraenequipo.com.mx\/#organization\",\"name\":\"Sonoraenequipo.com.mx\",\"url\":\"https:\/\/www.sonoraenequipo.com.mx\/\",\"logo\":{\"@type\":\"ImageObject\",\"inLanguage\":\"es\",\"@id\":\"https:\/\/www.sonoraenequipo.com.mx\/#\/schema\/logo\/image\/\",\"url\":\"https:\/\/www.sonoraenequipo.com.mx\/storage\/2019\/01\/sonoraenequipo_opt.png\",\"contentUrl\":\"https:\/\/www.sonoraenequipo.com.mx\/storage\/2019\/01\/sonoraenequipo_opt.png\",\"width\":375,\"height\":125,\"caption\":\"Sonoraenequipo.com.mx\"},\"image\":{\"@id\":\"https:\/\/www.sonoraenequipo.com.mx\/#\/schema\/logo\/image\/\"},\"sameAs\":[\"https:\/\/www.facebook.com\/SonoraEE\/\",\"https:\/\/x.com\/sonoraenequipo\",\"https:\/\/www.youtube.com\/channel\/UC338nW-lPEYmJQs4ZABQ1SQ\"]},{\"@type\":\"Person\",\"@id\":\"https:\/\/www.sonoraenequipo.com.mx\/#\/schema\/person\/50102df0fb23a8fa9e8effad8fa81386\",\"name\":\"enequipo\",\"image\":{\"@type\":\"ImageObject\",\"inLanguage\":\"es\",\"@id\":\"https:\/\/www.sonoraenequipo.com.mx\/#\/schema\/person\/image\/\",\"url\":\"https:\/\/secure.gravatar.com\/avatar\/049821681b589dabc0bc20695993ccebb09f5b5d4d790cd9251b97faac7c652b?s=96&d=blank&r=g\",\"contentUrl\":\"https:\/\/secure.gravatar.com\/avatar\/049821681b589dabc0bc20695993ccebb09f5b5d4d790cd9251b97faac7c652b?s=96&d=blank&r=g\",\"caption\":\"enequipo\"},\"sameAs\":[\"https:\/\/www.facebook.com\/SonoraEE\"]}]}<\/script>\n ","yoast_head_json":{"title":"Sonora en Equipo. En Bacum y San Ignacio se mejorar\u00e1 la infraestructura y se promover\u00e1n las playas al turismo: Alfonso Durazo LA ELECCION 2024","description":"B\u00c1CUM, SONORA. MX. \u2014 Atender los rezagos en infraestructura urbana, salud, red de drenaje, agua potable y promover las playas de la regi\u00f3n, plante\u00f3 En Sonora en Equipo publicamos toda la informaci\u00f3n de Sonora, M\u00e9xico y el Mundo de manera oportuna y busca que la libertad de expresi\u00f3n sea real. Visita nuestro medio informativo publicado desde Hermosillo, Sonora. %","robots":{"index":"index","follow":"follow","max-snippet":"max-snippet:-1","max-image-preview":"max-image-preview:large","max-video-preview":"max-video-preview:-1"},"canonical":"https:\/\/www.sonoraenequipo.com.mx\/06-50-en-bacum-y-san-ignacio-se-mejorara-la-infraestructura-y-se-promoveran-las-playas-al-turismo-alfonso-durazo\/","og_locale":"es_ES","og_type":"article","og_title":"Sonora en Equipo. En Bacum y San Ignacio se mejorar\u00e1 la infraestructura y se promover\u00e1n las playas al turismo: Alfonso Durazo LA ELECCION 2024","og_description":"B\u00c1CUM, SONORA. MX. \u2014 Atender los rezagos en infraestructura urbana, salud, red de drenaje, agua potable y promover las playas de la regi\u00f3n, plante\u00f3 En Sonora en Equipo publicamos toda la informaci\u00f3n de Sonora, M\u00e9xico y el Mundo de manera oportuna y busca que la libertad de expresi\u00f3n sea real. Visita nuestro medio informativo publicado desde Hermosillo, Sonora. %","og_url":"https:\/\/www.sonoraenequipo.com.mx\/06-50-en-bacum-y-san-ignacio-se-mejorara-la-infraestructura-y-se-promoveran-las-playas-al-turismo-alfonso-durazo\/","og_site_name":"Sonora en Equipo.","article_publisher":"https:\/\/www.facebook.com\/SonoraEE\/","article_author":"https:\/\/www.facebook.com\/SonoraEE","article_published_time":"2021-04-16T13:50:18+00:00","article_modified_time":"2021-04-16T20:18:24+00:00","og_image":[{"width":600,"height":400,"url":"https:\/\/www.sonoraenequipo.com.mx\/storage\/2021\/04\/durazo-en-mitin-de-Bacum_opt.jpg","type":"image\/jpeg"}],"author":"enequipo","twitter_card":"summary_large_image","twitter_creator":"@sonoraenequipo","twitter_site":"@sonoraenequipo","twitter_misc":{"Escrito por":"enequipo","Tiempo de lectura":"2 minutos"},"schema":{"@context":"https:\/\/schema.org","@graph":[{"@type":"Article","@id":"https:\/\/www.sonoraenequipo.com.mx\/06-50-en-bacum-y-san-ignacio-se-mejorara-la-infraestructura-y-se-promoveran-las-playas-al-turismo-alfonso-durazo\/#article","isPartOf":{"@id":"https:\/\/www.sonoraenequipo.com.mx\/06-50-en-bacum-y-san-ignacio-se-mejorara-la-infraestructura-y-se-promoveran-las-playas-al-turismo-alfonso-durazo\/"},"author":{"name":"enequipo","@id":"https:\/\/www.sonoraenequipo.com.mx\/#\/schema\/person\/50102df0fb23a8fa9e8effad8fa81386"},"headline":"En Bacum y San Ignacio se mejorar\u00e1 la infraestructura y se promover\u00e1n las playas al turismo: Alfonso Durazo","datePublished":"2021-04-16T13:50:18+00:00","dateModified":"2021-04-16T20:18:24+00:00","mainEntityOfPage":{"@id":"https:\/\/www.sonoraenequipo.com.mx\/06-50-en-bacum-y-san-ignacio-se-mejorara-la-infraestructura-y-se-promoveran-las-playas-al-turismo-alfonso-durazo\/"},"wordCount":295,"commentCount":0,"publisher":{"@id":"https:\/\/www.sonoraenequipo.com.mx\/#organization"},"image":{"@id":"https:\/\/www.sonoraenequipo.com.mx\/06-50-en-bacum-y-san-ignacio-se-mejorara-la-infraestructura-y-se-promoveran-las-playas-al-turismo-alfonso-durazo\/#primaryimage"},"thumbnailUrl":"https:\/\/www.sonoraenequipo.com.mx\/storage\/2021\/04\/durazo-en-mitin-de-Bacum_opt.jpg","articleSection":["LA ELECCION 2024"],"inLanguage":"es","potentialAction":[{"@type":"CommentAction","name":"Comment","target":["https:\/\/www.sonoraenequipo.com.mx\/06-50-en-bacum-y-san-ignacio-se-mejorara-la-infraestructura-y-se-promoveran-las-playas-al-turismo-alfonso-durazo\/#respond"]}]},{"@type":"WebPage","@id":"https:\/\/www.sonoraenequipo.com.mx\/06-50-en-bacum-y-san-ignacio-se-mejorara-la-infraestructura-y-se-promoveran-las-playas-al-turismo-alfonso-durazo\/","url":"https:\/\/www.sonoraenequipo.com.mx\/06-50-en-bacum-y-san-ignacio-se-mejorara-la-infraestructura-y-se-promoveran-las-playas-al-turismo-alfonso-durazo\/","name":"Sonora en Equipo. En Bacum y San Ignacio se mejorar\u00e1 la infraestructura y se promover\u00e1n las playas al turismo: Alfonso Durazo LA ELECCION 2024","isPartOf":{"@id":"https:\/\/www.sonoraenequipo.com.mx\/#website"},"primaryImageOfPage":{"@id":"https:\/\/www.sonoraenequipo.com.mx\/06-50-en-bacum-y-san-ignacio-se-mejorara-la-infraestructura-y-se-promoveran-las-playas-al-turismo-alfonso-durazo\/#primaryimage"},"image":{"@id":"https:\/\/www.sonoraenequipo.com.mx\/06-50-en-bacum-y-san-ignacio-se-mejorara-la-infraestructura-y-se-promoveran-las-playas-al-turismo-alfonso-durazo\/#primaryimage"},"thumbnailUrl":"https:\/\/www.sonoraenequipo.com.mx\/storage\/2021\/04\/durazo-en-mitin-de-Bacum_opt.jpg","datePublished":"2021-04-16T13:50:18+00:00","dateModified":"2021-04-16T20:18:24+00:00","description":"B\u00c1CUM, SONORA. MX. \u2014 Atender los rezagos en infraestructura urbana, salud, red de drenaje, agua potable y promover las playas de la regi\u00f3n, plante\u00f3 En Sonora en Equipo publicamos toda la informaci\u00f3n de Sonora, M\u00e9xico y el Mundo de manera oportuna y busca que la libertad de expresi\u00f3n sea real. Visita nuestro medio informativo publicado desde Hermosillo, Sonora. %","breadcrumb":{"@id":"https:\/\/www.sonoraenequipo.com.mx\/06-50-en-bacum-y-san-ignacio-se-mejorara-la-infraestructura-y-se-promoveran-las-playas-al-turismo-alfonso-durazo\/#breadcrumb"},"inLanguage":"es","potentialAction":[{"@type":"ReadAction","target":["https:\/\/www.sonoraenequipo.com.mx\/06-50-en-bacum-y-san-ignacio-se-mejorara-la-infraestructura-y-se-promoveran-las-playas-al-turismo-alfonso-durazo\/"]}]},{"@type":"ImageObject","inLanguage":"es","@id":"https:\/\/www.sonoraenequipo.com.mx\/06-50-en-bacum-y-san-ignacio-se-mejorara-la-infraestructura-y-se-promoveran-las-playas-al-turismo-alfonso-durazo\/#primaryimage","url":"https:\/\/www.sonoraenequipo.com.mx\/storage\/2021\/04\/durazo-en-mitin-de-Bacum_opt.jpg","contentUrl":"https:\/\/www.sonoraenequipo.com.mx\/storage\/2021\/04\/durazo-en-mitin-de-Bacum_opt.jpg","width":600,"height":400},{"@type":"BreadcrumbList","@id":"https:\/\/www.sonoraenequipo.com.mx\/06-50-en-bacum-y-san-ignacio-se-mejorara-la-infraestructura-y-se-promoveran-las-playas-al-turismo-alfonso-durazo\/#breadcrumb","itemListElement":[{"@type":"ListItem","position":1,"name":"Portada","item":"https:\/\/www.sonoraenequipo.com.mx\/"},{"@type":"ListItem","position":2,"name":"En Bacum y San Ignacio se mejorar\u00e1 la infraestructura y se promover\u00e1n las playas al turismo: Alfonso Durazo"}]},{"@type":"WebSite","@id":"https:\/\/www.sonoraenequipo.com.mx\/#website","url":"https:\/\/www.sonoraenequipo.com.mx\/","name":"Sonora en Equipo.","description":"Diario en l\u00ednea con Noticias desde Hermosillo, Sonora","publisher":{"@id":"https:\/\/www.sonoraenequipo.com.mx\/#organization"},"potentialAction":[{"@type":"SearchAction","target":{"@type":"EntryPoint","urlTemplate":"https:\/\/www.sonoraenequipo.com.mx\/?s={search_term_string}"},"query-input":{"@type":"PropertyValueSpecification","valueRequired":true,"valueName":"search_term_string"}}],"inLanguage":"es"},{"@type":"Organization","@id":"https:\/\/www.sonoraenequipo.com.mx\/#organization","name":"Sonoraenequipo.com.mx","url":"https:\/\/www.sonoraenequipo.com.mx\/","logo":{"@type":"ImageObject","inLanguage":"es","@id":"https:\/\/www.sonoraenequipo.com.mx\/#\/schema\/logo\/image\/","url":"https:\/\/www.sonoraenequipo.com.mx\/storage\/2019\/01\/sonoraenequipo_opt.png","contentUrl":"https:\/\/www.sonoraenequipo.com.mx\/storage\/2019\/01\/sonoraenequipo_opt.png","width":375,"height":125,"caption":"Sonoraenequipo.com.mx"},"image":{"@id":"https:\/\/www.sonoraenequipo.com.mx\/#\/schema\/logo\/image\/"},"sameAs":["https:\/\/www.facebook.com\/SonoraEE\/","https:\/\/x.com\/sonoraenequipo","https:\/\/www.youtube.com\/channel\/UC338nW-lPEYmJQs4ZABQ1SQ"]},{"@type":"Person","@id":"https:\/\/www.sonoraenequipo.com.mx\/#\/schema\/person\/50102df0fb23a8fa9e8effad8fa81386","name":"enequipo","image":{"@type":"ImageObject","inLanguage":"es","@id":"https:\/\/www.sonoraenequipo.com.mx\/#\/schema\/person\/image\/","url":"https:\/\/secure.gravatar.com\/avatar\/049821681b589dabc0bc20695993ccebb09f5b5d4d790cd9251b97faac7c652b?s=96&d=blank&r=g","contentUrl":"https:\/\/secure.gravatar.com\/avatar\/049821681b589dabc0bc20695993ccebb09f5b5d4d790cd9251b97faac7c652b?s=96&d=blank&r=g","caption":"enequipo"},"sameAs":["https:\/\/www.facebook.com\/SonoraEE"]}]}},"jetpack_featured_media_url":"https:\/\/www.sonoraenequipo.com.mx\/storage\/2021\/04\/durazo-en-mitin-de-Bacum_opt.jpg","_links":{"self":[{"href":"https:\/\/www.sonoraenequipo.com.mx\/api\/wp\/v2\/posts\/111739","targetHints":{"allow":["GET"]}}],"collection":[{"href":"https:\/\/www.sonoraenequipo.com.mx\/api\/wp\/v2\/posts"}],"about":[{"href":"https:\/\/www.sonoraenequipo.com.mx\/api\/wp\/v2\/types\/post"}],"author":[{"embeddable":true,"href":"https:\/\/www.sonoraenequipo.com.mx\/api\/wp\/v2\/users\/1"}],"replies":[{"embeddable":true,"href":"https:\/\/www.sonoraenequipo.com.mx\/api\/wp\/v2\/comments?post=111739"}],"version-history":[{"count":2,"href":"https:\/\/www.sonoraenequipo.com.mx\/api\/wp\/v2\/posts\/111739\/revisions"}],"predecessor-version":[{"id":111744,"href":"https:\/\/www.sonoraenequipo.com.mx\/api\/wp\/v2\/posts\/111739\/revisions\/111744"}],"wp:featuredmedia":[{"embeddable":true,"href":"https:\/\/www.sonoraenequipo.com.mx\/api\/wp\/v2\/media\/111742"}],"wp:attachment":[{"href":"https:\/\/www.sonoraenequipo.com.mx\/api\/wp\/v2\/media?parent=111739"}],"wp:term":[{"taxonomy":"category","embeddable":true,"href":"https:\/\/www.sonoraenequipo.com.mx\/api\/wp\/v2\/categories?post=111739"},{"taxonomy":"post_tag","embeddable":true,"href":"https:\/\/www.sonoraenequipo.com.mx\/api\/wp\/v2\/tags?post=111739"}],"curies":[{"name":"wp","href":"https:\/\/api.w.org\/{rel}","templated":true}]}}