{"id":111758,"date":"2021-04-15T23:30:54","date_gmt":"2021-04-16T06:30:54","guid":{"rendered":"https:\/\/www.sonoraenequipo.com.mx\/?p=111758"},"modified":"2021-04-16T14:05:15","modified_gmt":"2021-04-16T21:05:15","slug":"se-busca-regular-uso-de-plastico-con-nueva-ley-diputado-filemon-ortega","status":"publish","type":"post","link":"https:\/\/www.sonoraenequipo.com.mx\/se-busca-regular-uso-de-plastico-con-nueva-ley-diputado-filemon-ortega\/","title":{"rendered":"Se busca regular uso de pl\u00e1stico con nueva Ley: diputado Filem\u00f3n Ortega"},"content":{"rendered":"<p>HERMOSILLO, SONORA. MX. \u2014\u00a0 Con la aprobaci\u00f3n de la Ley que regula la producci\u00f3n, manejo y disposici\u00f3n final de residuos s\u00f3lidos urbanos, y de manejo especial y productos pl\u00e1sticos de un solo uso en el Estado de Sonora, el pasado 13 de abril en el Congreso del Estado, se busca disminuir las consecuencias del cambio clim\u00e1tico, hacer conciencia en la poblaci\u00f3n y, sobre todo, dejar un mejor planeta a las futuras generaciones, afirm\u00f3 el diputado Filem\u00f3n Ortega Quintos.<\/p>\n<p>&nbsp;<\/p>\n<p> <\/p>\n<p>&nbsp;<\/p>\n<p>Expuso que de acuerdo con informaci\u00f3n de la Organizaci\u00f3n de las Naciones Unidas, ONU, solo el 9 por ciento de todos los residuos pl\u00e1sticos que se producen son reciclados; alrededor de 12 por ciento se incineran y el 79 por ciento restante se acumula en vertederos o en el entorno natural.<\/p>\n<p>&nbsp;<\/p>\n<p>El legislador celebr\u00f3 que a su iniciativa, la primera que se present\u00f3 en esa materia en 2019, hayan decidido sumarse despu\u00e9s otros diputados y grupos parlamentarios, como el del Partido Acci\u00f3n Nacional y el diputado Luis Mario Rivera Aguilar, del Partido Verde, iniciativas adicionales que al tener objetivos similares, hicieron posible elaborar un solo resolutivo.<\/p>\n<p>&nbsp;<\/p>\n<p>El legislador destac\u00f3 que en lo relativo a los pl\u00e1sticos de un solo uso se pretende regular su uso, establecer metas de reducci\u00f3n de productos pl\u00e1sticos de un solo uso, promover la reducci\u00f3n de la generaci\u00f3n de residuos desde su origen; promover la reducci\u00f3n, reutilizaci\u00f3n, valorizaci\u00f3n y reciclado de materiales; desincentivar los empaquetados con materiales de un solo uso; e incentivar el uso de empaques biodegradables, reciclables y reutilizables.<\/p>\n<p>&nbsp;<\/p>\n<p>Tambi\u00e9n incluye promover la participaci\u00f3n corresponsable de todos los sectores sociales en las acciones tendientes a prevenir la generaci\u00f3n, promover la valorizaci\u00f3n y lograr una gesti\u00f3n integral de los residuos ambientalmente adecuada, as\u00ed como tecnol\u00f3gica, econ\u00f3mica y socialmente viable, indic\u00f3.<\/p>\n<p>&nbsp;<\/p>\n<p><em>\u201cPromover la educaci\u00f3n sobre el ciclo de vida de los productos, el impacto en las diferentes etapas del ciclo de vida y el costo de las externalidades, y promover un consumo consciente y dirigido a disminuir el consumo de empaques de un solo uso y la generaci\u00f3n de residuos\u201d,<\/em> expres\u00f3.<\/p>\n<p>&nbsp;<\/p>\n<p>(Publicada el 15\/04\/2021)<\/p>\n","protected":false},"excerpt":{"rendered":"<p>HERMOSILLO, SONORA. MX. \u2014\u00a0 Con la aprobaci\u00f3n de la Ley que regula la producci\u00f3n, manejo&#8230;<\/p>\n","protected":false},"author":1,"featured_media":111759,"comment_status":"open","ping_status":"open","sticky":false,"template":"","format":"standard","meta":{"_monsterinsights_skip_tracking":false,"_monsterinsights_sitenote_active":false,"_monsterinsights_sitenote_note":"","_monsterinsights_sitenote_category":0,"footnotes":""},"categories":[3281],"tags":[],"class_list":["post"],"yoast_head":" \n<title>Sonora en Equipo. Se busca regular uso de pl\u00e1stico con nueva Ley: diputado Filem\u00f3n Ortega Congreso<\/title>\n<meta name=\"description\" content=\"HERMOSILLO, SONORA. MX. \u2014\u00a0 Con la aprobaci\u00f3n de la Ley que regula la producci\u00f3n, manejo y disposici\u00f3n final de residuos s\u00f3lidos urbanos, y de manejo En Sonora en Equipo publicamos toda la informaci\u00f3n de Sonora, M\u00e9xico y el Mundo de manera oportuna y busca que la libertad de expresi\u00f3n sea real. Visita nuestro medio informativo publicado desde Hermosillo, Sonora. %\" \/>\n<meta name=\"robots\" content=\"index, follow, max-snippet:-1, max-image-preview:large, max-video-preview:-1\" \/>\n<link rel=\"canonical\" href=\"https:\/\/www.sonoraenequipo.com.mx\/se-busca-regular-uso-de-plastico-con-nueva-ley-diputado-filemon-ortega\/\" \/>\n<meta property=\"og:locale\" content=\"es_ES\" \/>\n<meta property=\"og:type\" content=\"article\" \/>\n<meta property=\"og:title\" content=\"Sonora en Equipo. Se busca regular uso de pl\u00e1stico con nueva Ley: diputado Filem\u00f3n Ortega Congreso\" \/>\n<meta property=\"og:description\" content=\"HERMOSILLO, SONORA. MX. \u2014\u00a0 Con la aprobaci\u00f3n de la Ley que regula la producci\u00f3n, manejo y disposici\u00f3n final de residuos s\u00f3lidos urbanos, y de manejo En Sonora en Equipo publicamos toda la informaci\u00f3n de Sonora, M\u00e9xico y el Mundo de manera oportuna y busca que la libertad de expresi\u00f3n sea real. Visita nuestro medio informativo publicado desde Hermosillo, Sonora. %\" \/>\n<meta property=\"og:url\" content=\"https:\/\/www.sonoraenequipo.com.mx\/se-busca-regular-uso-de-plastico-con-nueva-ley-diputado-filemon-ortega\/\" \/>\n<meta property=\"og:site_name\" content=\"Sonora en Equipo.\" \/>\n<meta property=\"article:publisher\" content=\"https:\/\/www.facebook.com\/SonoraEE\/\" \/>\n<meta property=\"article:author\" content=\"https:\/\/www.facebook.com\/SonoraEE\" \/>\n<meta property=\"article:published_time\" content=\"2021-04-16T06:30:54+00:00\" \/>\n<meta property=\"article:modified_time\" content=\"2021-04-16T21:05:15+00:00\" \/>\n<meta property=\"og:image\" content=\"https:\/\/www.sonoraenequipo.com.mx\/storage\/2021\/04\/Diputado-Filemon-Ortega-Quintos_opt1.jpg\" \/>\n\t<meta property=\"og:image:width\" content=\"725\" \/>\n\t<meta property=\"og:image:height\" content=\"483\" \/>\n\t<meta property=\"og:image:type\" content=\"image\/jpeg\" \/>\n<meta name=\"author\" content=\"enequipo\" \/>\n<meta name=\"twitter:card\" content=\"summary_large_image\" \/>\n<meta name=\"twitter:creator\" content=\"@sonoraenequipo\" \/>\n<meta name=\"twitter:site\" content=\"@sonoraenequipo\" \/>\n<meta name=\"twitter:label1\" content=\"Escrito por\" \/>\n\t<meta name=\"twitter:data1\" content=\"enequipo\" \/>\n\t<meta name=\"twitter:label2\" content=\"Tiempo de lectura\" \/>\n\t<meta name=\"twitter:data2\" content=\"2 minutos\" \/>\n<script type=\"application\/ld+json\" class=\"yoast-schema-graph\">{\"@context\":\"https:\/\/schema.org\",\"@graph\":[{\"@type\":\"Article\",\"@id\":\"https:\/\/www.sonoraenequipo.com.mx\/se-busca-regular-uso-de-plastico-con-nueva-ley-diputado-filemon-ortega\/#article\",\"isPartOf\":{\"@id\":\"https:\/\/www.sonoraenequipo.com.mx\/se-busca-regular-uso-de-plastico-con-nueva-ley-diputado-filemon-ortega\/\"},\"author\":{\"name\":\"enequipo\",\"@id\":\"https:\/\/www.sonoraenequipo.com.mx\/#\/schema\/person\/50102df0fb23a8fa9e8effad8fa81386\"},\"headline\":\"Se busca regular uso de pl\u00e1stico con nueva Ley: diputado Filem\u00f3n Ortega\",\"datePublished\":\"2021-04-16T06:30:54+00:00\",\"dateModified\":\"2021-04-16T21:05:15+00:00\",\"mainEntityOfPage\":{\"@id\":\"https:\/\/www.sonoraenequipo.com.mx\/se-busca-regular-uso-de-plastico-con-nueva-ley-diputado-filemon-ortega\/\"},\"wordCount\":390,\"commentCount\":0,\"publisher\":{\"@id\":\"https:\/\/www.sonoraenequipo.com.mx\/#organization\"},\"image\":{\"@id\":\"https:\/\/www.sonoraenequipo.com.mx\/se-busca-regular-uso-de-plastico-con-nueva-ley-diputado-filemon-ortega\/#primaryimage\"},\"thumbnailUrl\":\"https:\/\/www.sonoraenequipo.com.mx\/storage\/2021\/04\/Diputado-Filemon-Ortega-Quintos_opt1.jpg\",\"articleSection\":[\"Congreso\"],\"inLanguage\":\"es\",\"potentialAction\":[{\"@type\":\"CommentAction\",\"name\":\"Comment\",\"target\":[\"https:\/\/www.sonoraenequipo.com.mx\/se-busca-regular-uso-de-plastico-con-nueva-ley-diputado-filemon-ortega\/#respond\"]}]},{\"@type\":\"WebPage\",\"@id\":\"https:\/\/www.sonoraenequipo.com.mx\/se-busca-regular-uso-de-plastico-con-nueva-ley-diputado-filemon-ortega\/\",\"url\":\"https:\/\/www.sonoraenequipo.com.mx\/se-busca-regular-uso-de-plastico-con-nueva-ley-diputado-filemon-ortega\/\",\"name\":\"Sonora en Equipo. Se busca regular uso de pl\u00e1stico con nueva Ley: diputado Filem\u00f3n Ortega Congreso\",\"isPartOf\":{\"@id\":\"https:\/\/www.sonoraenequipo.com.mx\/#website\"},\"primaryImageOfPage\":{\"@id\":\"https:\/\/www.sonoraenequipo.com.mx\/se-busca-regular-uso-de-plastico-con-nueva-ley-diputado-filemon-ortega\/#primaryimage\"},\"image\":{\"@id\":\"https:\/\/www.sonoraenequipo.com.mx\/se-busca-regular-uso-de-plastico-con-nueva-ley-diputado-filemon-ortega\/#primaryimage\"},\"thumbnailUrl\":\"https:\/\/www.sonoraenequipo.com.mx\/storage\/2021\/04\/Diputado-Filemon-Ortega-Quintos_opt1.jpg\",\"datePublished\":\"2021-04-16T06:30:54+00:00\",\"dateModified\":\"2021-04-16T21:05:15+00:00\",\"description\":\"HERMOSILLO, SONORA. MX. \u2014\u00a0 Con la aprobaci\u00f3n de la Ley que regula la producci\u00f3n, manejo y disposici\u00f3n final de residuos s\u00f3lidos urbanos, y de manejo En Sonora en Equipo publicamos toda la informaci\u00f3n de Sonora, M\u00e9xico y el Mundo de manera oportuna y busca que la libertad de expresi\u00f3n sea real. Visita nuestro medio informativo publicado desde Hermosillo, Sonora. %\",\"breadcrumb\":{\"@id\":\"https:\/\/www.sonoraenequipo.com.mx\/se-busca-regular-uso-de-plastico-con-nueva-ley-diputado-filemon-ortega\/#breadcrumb\"},\"inLanguage\":\"es\",\"potentialAction\":[{\"@type\":\"ReadAction\",\"target\":[\"https:\/\/www.sonoraenequipo.com.mx\/se-busca-regular-uso-de-plastico-con-nueva-ley-diputado-filemon-ortega\/\"]}]},{\"@type\":\"ImageObject\",\"inLanguage\":\"es\",\"@id\":\"https:\/\/www.sonoraenequipo.com.mx\/se-busca-regular-uso-de-plastico-con-nueva-ley-diputado-filemon-ortega\/#primaryimage\",\"url\":\"https:\/\/www.sonoraenequipo.com.mx\/storage\/2021\/04\/Diputado-Filemon-Ortega-Quintos_opt1.jpg\",\"contentUrl\":\"https:\/\/www.sonoraenequipo.com.mx\/storage\/2021\/04\/Diputado-Filemon-Ortega-Quintos_opt1.jpg\",\"width\":725,\"height\":483},{\"@type\":\"BreadcrumbList\",\"@id\":\"https:\/\/www.sonoraenequipo.com.mx\/se-busca-regular-uso-de-plastico-con-nueva-ley-diputado-filemon-ortega\/#breadcrumb\",\"itemListElement\":[{\"@type\":\"ListItem\",\"position\":1,\"name\":\"Portada\",\"item\":\"https:\/\/www.sonoraenequipo.com.mx\/\"},{\"@type\":\"ListItem\",\"position\":2,\"name\":\"Se busca regular uso de pl\u00e1stico con nueva Ley: diputado Filem\u00f3n Ortega\"}]},{\"@type\":\"WebSite\",\"@id\":\"https:\/\/www.sonoraenequipo.com.mx\/#website\",\"url\":\"https:\/\/www.sonoraenequipo.com.mx\/\",\"name\":\"Sonora en Equipo.\",\"description\":\"Diario en l\u00ednea con Noticias desde Hermosillo, Sonora\",\"publisher\":{\"@id\":\"https:\/\/www.sonoraenequipo.com.mx\/#organization\"},\"potentialAction\":[{\"@type\":\"SearchAction\",\"target\":{\"@type\":\"EntryPoint\",\"urlTemplate\":\"https:\/\/www.sonoraenequipo.com.mx\/?s={search_term_string}\"},\"query-input\":{\"@type\":\"PropertyValueSpecification\",\"valueRequired\":true,\"valueName\":\"search_term_string\"}}],\"inLanguage\":\"es\"},{\"@type\":\"Organization\",\"@id\":\"https:\/\/www.sonoraenequipo.com.mx\/#organization\",\"name\":\"Sonoraenequipo.com.mx\",\"url\":\"https:\/\/www.sonoraenequipo.com.mx\/\",\"logo\":{\"@type\":\"ImageObject\",\"inLanguage\":\"es\",\"@id\":\"https:\/\/www.sonoraenequipo.com.mx\/#\/schema\/logo\/image\/\",\"url\":\"https:\/\/www.sonoraenequipo.com.mx\/storage\/2019\/01\/sonoraenequipo_opt.png\",\"contentUrl\":\"https:\/\/www.sonoraenequipo.com.mx\/storage\/2019\/01\/sonoraenequipo_opt.png\",\"width\":375,\"height\":125,\"caption\":\"Sonoraenequipo.com.mx\"},\"image\":{\"@id\":\"https:\/\/www.sonoraenequipo.com.mx\/#\/schema\/logo\/image\/\"},\"sameAs\":[\"https:\/\/www.facebook.com\/SonoraEE\/\",\"https:\/\/x.com\/sonoraenequipo\",\"https:\/\/www.youtube.com\/channel\/UC338nW-lPEYmJQs4ZABQ1SQ\"]},{\"@type\":\"Person\",\"@id\":\"https:\/\/www.sonoraenequipo.com.mx\/#\/schema\/person\/50102df0fb23a8fa9e8effad8fa81386\",\"name\":\"enequipo\",\"image\":{\"@type\":\"ImageObject\",\"inLanguage\":\"es\",\"@id\":\"https:\/\/www.sonoraenequipo.com.mx\/#\/schema\/person\/image\/\",\"url\":\"https:\/\/secure.gravatar.com\/avatar\/049821681b589dabc0bc20695993ccebb09f5b5d4d790cd9251b97faac7c652b?s=96&d=blank&r=g\",\"contentUrl\":\"https:\/\/secure.gravatar.com\/avatar\/049821681b589dabc0bc20695993ccebb09f5b5d4d790cd9251b97faac7c652b?s=96&d=blank&r=g\",\"caption\":\"enequipo\"},\"sameAs\":[\"https:\/\/www.facebook.com\/SonoraEE\"]}]}<\/script>\n ","yoast_head_json":{"title":"Sonora en Equipo. Se busca regular uso de pl\u00e1stico con nueva Ley: diputado Filem\u00f3n Ortega Congreso","description":"HERMOSILLO, SONORA. MX. \u2014\u00a0 Con la aprobaci\u00f3n de la Ley que regula la producci\u00f3n, manejo y disposici\u00f3n final de residuos s\u00f3lidos urbanos, y de manejo En Sonora en Equipo publicamos toda la informaci\u00f3n de Sonora, M\u00e9xico y el Mundo de manera oportuna y busca que la libertad de expresi\u00f3n sea real. Visita nuestro medio informativo publicado desde Hermosillo, Sonora. %","robots":{"index":"index","follow":"follow","max-snippet":"max-snippet:-1","max-image-preview":"max-image-preview:large","max-video-preview":"max-video-preview:-1"},"canonical":"https:\/\/www.sonoraenequipo.com.mx\/se-busca-regular-uso-de-plastico-con-nueva-ley-diputado-filemon-ortega\/","og_locale":"es_ES","og_type":"article","og_title":"Sonora en Equipo. Se busca regular uso de pl\u00e1stico con nueva Ley: diputado Filem\u00f3n Ortega Congreso","og_description":"HERMOSILLO, SONORA. MX. \u2014\u00a0 Con la aprobaci\u00f3n de la Ley que regula la producci\u00f3n, manejo y disposici\u00f3n final de residuos s\u00f3lidos urbanos, y de manejo En Sonora en Equipo publicamos toda la informaci\u00f3n de Sonora, M\u00e9xico y el Mundo de manera oportuna y busca que la libertad de expresi\u00f3n sea real. Visita nuestro medio informativo publicado desde Hermosillo, Sonora. %","og_url":"https:\/\/www.sonoraenequipo.com.mx\/se-busca-regular-uso-de-plastico-con-nueva-ley-diputado-filemon-ortega\/","og_site_name":"Sonora en Equipo.","article_publisher":"https:\/\/www.facebook.com\/SonoraEE\/","article_author":"https:\/\/www.facebook.com\/SonoraEE","article_published_time":"2021-04-16T06:30:54+00:00","article_modified_time":"2021-04-16T21:05:15+00:00","og_image":[{"width":725,"height":483,"url":"https:\/\/www.sonoraenequipo.com.mx\/storage\/2021\/04\/Diputado-Filemon-Ortega-Quintos_opt1.jpg","type":"image\/jpeg"}],"author":"enequipo","twitter_card":"summary_large_image","twitter_creator":"@sonoraenequipo","twitter_site":"@sonoraenequipo","twitter_misc":{"Escrito por":"enequipo","Tiempo de lectura":"2 minutos"},"schema":{"@context":"https:\/\/schema.org","@graph":[{"@type":"Article","@id":"https:\/\/www.sonoraenequipo.com.mx\/se-busca-regular-uso-de-plastico-con-nueva-ley-diputado-filemon-ortega\/#article","isPartOf":{"@id":"https:\/\/www.sonoraenequipo.com.mx\/se-busca-regular-uso-de-plastico-con-nueva-ley-diputado-filemon-ortega\/"},"author":{"name":"enequipo","@id":"https:\/\/www.sonoraenequipo.com.mx\/#\/schema\/person\/50102df0fb23a8fa9e8effad8fa81386"},"headline":"Se busca regular uso de pl\u00e1stico con nueva Ley: diputado Filem\u00f3n Ortega","datePublished":"2021-04-16T06:30:54+00:00","dateModified":"2021-04-16T21:05:15+00:00","mainEntityOfPage":{"@id":"https:\/\/www.sonoraenequipo.com.mx\/se-busca-regular-uso-de-plastico-con-nueva-ley-diputado-filemon-ortega\/"},"wordCount":390,"commentCount":0,"publisher":{"@id":"https:\/\/www.sonoraenequipo.com.mx\/#organization"},"image":{"@id":"https:\/\/www.sonoraenequipo.com.mx\/se-busca-regular-uso-de-plastico-con-nueva-ley-diputado-filemon-ortega\/#primaryimage"},"thumbnailUrl":"https:\/\/www.sonoraenequipo.com.mx\/storage\/2021\/04\/Diputado-Filemon-Ortega-Quintos_opt1.jpg","articleSection":["Congreso"],"inLanguage":"es","potentialAction":[{"@type":"CommentAction","name":"Comment","target":["https:\/\/www.sonoraenequipo.com.mx\/se-busca-regular-uso-de-plastico-con-nueva-ley-diputado-filemon-ortega\/#respond"]}]},{"@type":"WebPage","@id":"https:\/\/www.sonoraenequipo.com.mx\/se-busca-regular-uso-de-plastico-con-nueva-ley-diputado-filemon-ortega\/","url":"https:\/\/www.sonoraenequipo.com.mx\/se-busca-regular-uso-de-plastico-con-nueva-ley-diputado-filemon-ortega\/","name":"Sonora en Equipo. Se busca regular uso de pl\u00e1stico con nueva Ley: diputado Filem\u00f3n Ortega Congreso","isPartOf":{"@id":"https:\/\/www.sonoraenequipo.com.mx\/#website"},"primaryImageOfPage":{"@id":"https:\/\/www.sonoraenequipo.com.mx\/se-busca-regular-uso-de-plastico-con-nueva-ley-diputado-filemon-ortega\/#primaryimage"},"image":{"@id":"https:\/\/www.sonoraenequipo.com.mx\/se-busca-regular-uso-de-plastico-con-nueva-ley-diputado-filemon-ortega\/#primaryimage"},"thumbnailUrl":"https:\/\/www.sonoraenequipo.com.mx\/storage\/2021\/04\/Diputado-Filemon-Ortega-Quintos_opt1.jpg","datePublished":"2021-04-16T06:30:54+00:00","dateModified":"2021-04-16T21:05:15+00:00","description":"HERMOSILLO, SONORA. MX. \u2014\u00a0 Con la aprobaci\u00f3n de la Ley que regula la producci\u00f3n, manejo y disposici\u00f3n final de residuos s\u00f3lidos urbanos, y de manejo En Sonora en Equipo publicamos toda la informaci\u00f3n de Sonora, M\u00e9xico y el Mundo de manera oportuna y busca que la libertad de expresi\u00f3n sea real. Visita nuestro medio informativo publicado desde Hermosillo, Sonora. %","breadcrumb":{"@id":"https:\/\/www.sonoraenequipo.com.mx\/se-busca-regular-uso-de-plastico-con-nueva-ley-diputado-filemon-ortega\/#breadcrumb"},"inLanguage":"es","potentialAction":[{"@type":"ReadAction","target":["https:\/\/www.sonoraenequipo.com.mx\/se-busca-regular-uso-de-plastico-con-nueva-ley-diputado-filemon-ortega\/"]}]},{"@type":"ImageObject","inLanguage":"es","@id":"https:\/\/www.sonoraenequipo.com.mx\/se-busca-regular-uso-de-plastico-con-nueva-ley-diputado-filemon-ortega\/#primaryimage","url":"https:\/\/www.sonoraenequipo.com.mx\/storage\/2021\/04\/Diputado-Filemon-Ortega-Quintos_opt1.jpg","contentUrl":"https:\/\/www.sonoraenequipo.com.mx\/storage\/2021\/04\/Diputado-Filemon-Ortega-Quintos_opt1.jpg","width":725,"height":483},{"@type":"BreadcrumbList","@id":"https:\/\/www.sonoraenequipo.com.mx\/se-busca-regular-uso-de-plastico-con-nueva-ley-diputado-filemon-ortega\/#breadcrumb","itemListElement":[{"@type":"ListItem","position":1,"name":"Portada","item":"https:\/\/www.sonoraenequipo.com.mx\/"},{"@type":"ListItem","position":2,"name":"Se busca regular uso de pl\u00e1stico con nueva Ley: diputado Filem\u00f3n Ortega"}]},{"@type":"WebSite","@id":"https:\/\/www.sonoraenequipo.com.mx\/#website","url":"https:\/\/www.sonoraenequipo.com.mx\/","name":"Sonora en Equipo.","description":"Diario en l\u00ednea con Noticias desde Hermosillo, Sonora","publisher":{"@id":"https:\/\/www.sonoraenequipo.com.mx\/#organization"},"potentialAction":[{"@type":"SearchAction","target":{"@type":"EntryPoint","urlTemplate":"https:\/\/www.sonoraenequipo.com.mx\/?s={search_term_string}"},"query-input":{"@type":"PropertyValueSpecification","valueRequired":true,"valueName":"search_term_string"}}],"inLanguage":"es"},{"@type":"Organization","@id":"https:\/\/www.sonoraenequipo.com.mx\/#organization","name":"Sonoraenequipo.com.mx","url":"https:\/\/www.sonoraenequipo.com.mx\/","logo":{"@type":"ImageObject","inLanguage":"es","@id":"https:\/\/www.sonoraenequipo.com.mx\/#\/schema\/logo\/image\/","url":"https:\/\/www.sonoraenequipo.com.mx\/storage\/2019\/01\/sonoraenequipo_opt.png","contentUrl":"https:\/\/www.sonoraenequipo.com.mx\/storage\/2019\/01\/sonoraenequipo_opt.png","width":375,"height":125,"caption":"Sonoraenequipo.com.mx"},"image":{"@id":"https:\/\/www.sonoraenequipo.com.mx\/#\/schema\/logo\/image\/"},"sameAs":["https:\/\/www.facebook.com\/SonoraEE\/","https:\/\/x.com\/sonoraenequipo","https:\/\/www.youtube.com\/channel\/UC338nW-lPEYmJQs4ZABQ1SQ"]},{"@type":"Person","@id":"https:\/\/www.sonoraenequipo.com.mx\/#\/schema\/person\/50102df0fb23a8fa9e8effad8fa81386","name":"enequipo","image":{"@type":"ImageObject","inLanguage":"es","@id":"https:\/\/www.sonoraenequipo.com.mx\/#\/schema\/person\/image\/","url":"https:\/\/secure.gravatar.com\/avatar\/049821681b589dabc0bc20695993ccebb09f5b5d4d790cd9251b97faac7c652b?s=96&d=blank&r=g","contentUrl":"https:\/\/secure.gravatar.com\/avatar\/049821681b589dabc0bc20695993ccebb09f5b5d4d790cd9251b97faac7c652b?s=96&d=blank&r=g","caption":"enequipo"},"sameAs":["https:\/\/www.facebook.com\/SonoraEE"]}]}},"jetpack_featured_media_url":"https:\/\/www.sonoraenequipo.com.mx\/storage\/2021\/04\/Diputado-Filemon-Ortega-Quintos_opt1.jpg","_links":{"self":[{"href":"https:\/\/www.sonoraenequipo.com.mx\/api\/wp\/v2\/posts\/111758","targetHints":{"allow":["GET"]}}],"collection":[{"href":"https:\/\/www.sonoraenequipo.com.mx\/api\/wp\/v2\/posts"}],"about":[{"href":"https:\/\/www.sonoraenequipo.com.mx\/api\/wp\/v2\/types\/post"}],"author":[{"embeddable":true,"href":"https:\/\/www.sonoraenequipo.com.mx\/api\/wp\/v2\/users\/1"}],"replies":[{"embeddable":true,"href":"https:\/\/www.sonoraenequipo.com.mx\/api\/wp\/v2\/comments?post=111758"}],"version-history":[{"count":1,"href":"https:\/\/www.sonoraenequipo.com.mx\/api\/wp\/v2\/posts\/111758\/revisions"}],"predecessor-version":[{"id":111762,"href":"https:\/\/www.sonoraenequipo.com.mx\/api\/wp\/v2\/posts\/111758\/revisions\/111762"}],"wp:featuredmedia":[{"embeddable":true,"href":"https:\/\/www.sonoraenequipo.com.mx\/api\/wp\/v2\/media\/111759"}],"wp:attachment":[{"href":"https:\/\/www.sonoraenequipo.com.mx\/api\/wp\/v2\/media?parent=111758"}],"wp:term":[{"taxonomy":"category","embeddable":true,"href":"https:\/\/www.sonoraenequipo.com.mx\/api\/wp\/v2\/categories?post=111758"},{"taxonomy":"post_tag","embeddable":true,"href":"https:\/\/www.sonoraenequipo.com.mx\/api\/wp\/v2\/tags?post=111758"}],"curies":[{"name":"wp","href":"https:\/\/api.w.org\/{rel}","templated":true}]}}