{"id":111763,"date":"2021-04-15T20:00:41","date_gmt":"2021-04-16T03:00:41","guid":{"rendered":"https:\/\/www.sonoraenequipo.com.mx\/?p=111763"},"modified":"2021-04-16T14:25:24","modified_gmt":"2021-04-16T21:25:24","slug":"diputados-de-sonora-presentan-iniciativa-de-decreto-y-posicionamientos","status":"publish","type":"post","link":"https:\/\/www.sonoraenequipo.com.mx\/diputados-de-sonora-presentan-iniciativa-de-decreto-y-posicionamientos\/","title":{"rendered":"Diputados de Sonora presentan iniciativa de decreto y posicionamientos"},"content":{"rendered":"<p>HERMOSILLO, SONORA. MX. \u2014 Una iniciativa para reformar la Ley de Becas del Estado de Sonora, a fin de garantizar el acceso a Internet a los estudiantes de instituciones p\u00fablicas, as\u00ed como posicionamientos en relaci\u00f3n a los procesos de vacunaci\u00f3n y el D\u00eda Mundial contra la Esclavitud Infantil, fueron los asuntos presentados en la sesi\u00f3n ordinaria del Pleno del Congreso del Estado.<\/p>\n<p>&nbsp;<\/p>\n<p> <\/p>\n<p>&nbsp;<\/p>\n<p>La diputada Nitzia Corina Grad\u00edas Ahumada present\u00f3 en primer t\u00e9rmino la iniciativa en la que destac\u00f3 que durante los \u00faltimos cinco a\u00f1os, 56 millones de personas que antes no hab\u00edan tenido acceso a Internet, se convirtieron en usuarios de esta herramienta de igualdad en el pa\u00eds.<\/p>\n<p>&nbsp;<\/p>\n<p>&nbsp;<\/p>\n<p>Agreg\u00f3 que la digitalizaci\u00f3n genera importantes beneficios y oportunidades para la poblaci\u00f3n en diversos \u00e1mbitos, como el laboral, la educaci\u00f3n, la salud y el acceso a servicios de inclusi\u00f3n, y adicionalmente, el acceso a la informaci\u00f3n ha probado ser un catalizador de inclusi\u00f3n social y un habilitador de capacidades para aquellos que adoptan y usan estas tecnolog\u00edas.<\/p>\n<p>&nbsp;<\/p>\n<p>&nbsp;<\/p>\n<p>La iniciativa que present\u00f3 tiene por objeto institucionalizar de manera formal en la Ley de Becas del Estado de Sonora, el apoyo para acceso a Internet a los estudiantes de Sonora que lo requieran.<\/p>\n<p>&nbsp;<\/p>\n<p>&nbsp;<\/p>\n<p><em>\u201cLos apoyos deber\u00e1n considerarse en las proyecciones presupuestales futuras, pero iniciando con una etapa piloto para el pr\u00f3ximo ciclo escolar\u201d,<\/em> expres\u00f3 la legisladora.<\/p>\n<p>&nbsp;<\/p>\n<p>&nbsp;<\/p>\n<p><strong>La iniciativa fue turnada para estudio a la Comisi\u00f3n de Educaci\u00f3n y Cultura.<\/strong><\/p>\n<p>&nbsp;<\/p>\n<p><img loading=\"lazy\" decoding=\"async\" class=\"size-medium  x-right\" src=\"https:\/\/www.sonoraenequipo.com.mx\/storage\/2021\/04\/sesion-ordinaria-del-15042021_opt-662x365.jpg\" alt=\"\" width=\"662\" height=\"365\" \/>En el siguiente punto del orden del d\u00eda, el diputado Filem\u00f3n Ortega Quintos present\u00f3 un posicionamiento para anunciar que pr\u00f3ximamente presentar\u00e1 ante el Pleno del Congreso una iniciativa de reforma a la Ley de Salud para el Estado de Sonora, con el fin de establecer el derecho a la vacunaci\u00f3n en la entidad, por considerar inaceptable que haya una muerte por falta de vacuna.<\/p>\n<p>&nbsp;<\/p>\n<p>&nbsp;<\/p>\n<p><em>\u201cLas vacunas son una herramienta de salud fundamental e imprescindible, son eficaces en el menor costo y efectividad para salvar vidas, adem\u00e1s del elevado valor social, por su efecto multiplicador de beneficios econ\u00f3micos y de bienestar (inmunidad de reba\u00f1o). Son un medio para alcanzar los objetivos del desarrollo del milenio y apoyar el cumplimiento del derecho fundamental a la protecci\u00f3n a la salud de toda la poblaci\u00f3n, principalmente del pueblo mexicano\u201d,<\/em> asever\u00f3.<\/p>\n<p>&nbsp;<\/p>\n<p>&nbsp;<\/p>\n<p>Por las pandemias, especialmente por la del COVID-19, es necesario plantear una s\u00f3lida defensa de la vacunaci\u00f3n y garantizar que en el pa\u00eds, pero particularmente en Sonora, el acceso a las vacunas eficaces y seguras se mantenga como un derecho, sostuvo el diputado Ortega Quintos.<\/p>\n<p>&nbsp;<\/p>\n<p>&nbsp;<\/p>\n<p>En el siguiente punto del orden del d\u00eda, la diputada Marcia Lorena Camarena Moncada, present\u00f3 un posicionamiento con motivo del D\u00eda Mundial contra la Esclavitud Infantil, tema en el que M\u00e9xico destaca por mayor prevalencia de trabajo infantil y ocupa el segundo lugar en Am\u00e9rica Latina y el Caribe.<\/p>\n<p>&nbsp;<\/p>\n<p>&nbsp;<\/p>\n<p>Dijo que en el pa\u00eds hay 1.1 millones de menores de 17 a\u00f1os y 700 mil entre cinco y catorce a\u00f1os que trabajan en actividades peligrosas, seg\u00fan datos de la Encuesta Nacional de Trabajo Infantil, ENTI, que dio a conocer el Instituto Nacional de Estad\u00edstica, Geograf\u00eda e Inform\u00e1tica, INEGI.<\/p>\n<p>&nbsp;<\/p>\n<p>&nbsp;<\/p>\n<p><em>\u201cEstemos atentos a este asunto que nos concierne intervenir a todos y todas, para poner un alto a la explotaci\u00f3n, la esclavitud de tantos ni\u00f1os y ni\u00f1as en el pa\u00eds, y en el mundo. Est\u00e1 en nuestras manos hacer ese cambio; seamos la voz de los ni\u00f1os esclavos\u201d,<\/em> extern\u00f3.<\/p>\n<p>&nbsp;<\/p>\n<p>&nbsp;<\/p>\n<p>Antes de clausurar la sesi\u00f3n y citar para la pr\u00f3xima el martes 20 de abril, a las 11:00 horas, el diputado Carlos Navarrete Aguirre subi\u00f3 a la tribuna para hacer un llamado a la Gobernadora del Estado, a la Fiscal General de Justicia y a los titulares de Seguridad tanto federal como estatal, para que sumen esfuerzos a fin de localizar a la menor Esmeralda Abigail Olivarr\u00eda Alatorre, de 15 a\u00f1os de edad, que se encuentra desaparecida desde el pasado 12 de abril cuando fue vista por \u00faltima vez en el municipio de Cananea, donde reside.<\/p>\n<p>&nbsp;<\/p>\n<p>&nbsp;<\/p>\n<p>(Publicada el 15\/04\/2021)<\/p>\n","protected":false},"excerpt":{"rendered":"<p>HERMOSILLO, SONORA. MX. \u2014 Una iniciativa para reformar la Ley de Becas del Estado de&#8230;<\/p>\n","protected":false},"author":1,"featured_media":111766,"comment_status":"open","ping_status":"open","sticky":false,"template":"","format":"standard","meta":{"_monsterinsights_skip_tracking":false,"_monsterinsights_sitenote_active":false,"_monsterinsights_sitenote_note":"","_monsterinsights_sitenote_category":0,"footnotes":""},"categories":[22],"tags":[],"class_list":["post"],"yoast_head":" \n<title>Sonora en Equipo. Diputados de Sonora presentan iniciativa de decreto y posicionamientos Sonora<\/title>\n<meta name=\"description\" content=\"HERMOSILLO, SONORA. MX. \u2014 Una iniciativa para reformar la Ley de Becas del Estado de Sonora, a fin de garantizar el acceso a Internet a los estudiantes de En Sonora en Equipo publicamos toda la informaci\u00f3n de Sonora, M\u00e9xico y el Mundo de manera oportuna y busca que la libertad de expresi\u00f3n sea real. Visita nuestro medio informativo publicado desde Hermosillo, Sonora. %\" \/>\n<meta name=\"robots\" content=\"index, follow, max-snippet:-1, max-image-preview:large, max-video-preview:-1\" \/>\n<link rel=\"canonical\" href=\"https:\/\/www.sonoraenequipo.com.mx\/diputados-de-sonora-presentan-iniciativa-de-decreto-y-posicionamientos\/\" \/>\n<meta property=\"og:locale\" content=\"es_ES\" \/>\n<meta property=\"og:type\" content=\"article\" \/>\n<meta property=\"og:title\" content=\"Sonora en Equipo. Diputados de Sonora presentan iniciativa de decreto y posicionamientos Sonora\" \/>\n<meta property=\"og:description\" content=\"HERMOSILLO, SONORA. MX. \u2014 Una iniciativa para reformar la Ley de Becas del Estado de Sonora, a fin de garantizar el acceso a Internet a los estudiantes de En Sonora en Equipo publicamos toda la informaci\u00f3n de Sonora, M\u00e9xico y el Mundo de manera oportuna y busca que la libertad de expresi\u00f3n sea real. Visita nuestro medio informativo publicado desde Hermosillo, Sonora. %\" \/>\n<meta property=\"og:url\" content=\"https:\/\/www.sonoraenequipo.com.mx\/diputados-de-sonora-presentan-iniciativa-de-decreto-y-posicionamientos\/\" \/>\n<meta property=\"og:site_name\" content=\"Sonora en Equipo.\" \/>\n<meta property=\"article:publisher\" content=\"https:\/\/www.facebook.com\/SonoraEE\/\" \/>\n<meta property=\"article:author\" content=\"https:\/\/www.facebook.com\/SonoraEE\" \/>\n<meta property=\"article:published_time\" content=\"2021-04-16T03:00:41+00:00\" \/>\n<meta property=\"article:modified_time\" content=\"2021-04-16T21:25:24+00:00\" \/>\n<meta property=\"og:image\" content=\"https:\/\/www.sonoraenequipo.com.mx\/storage\/2021\/04\/legislatura-sonorense_opt.jpg\" \/>\n\t<meta property=\"og:image:width\" content=\"725\" \/>\n\t<meta property=\"og:image:height\" content=\"483\" \/>\n\t<meta property=\"og:image:type\" content=\"image\/jpeg\" \/>\n<meta name=\"author\" content=\"enequipo\" \/>\n<meta name=\"twitter:card\" content=\"summary_large_image\" \/>\n<meta name=\"twitter:creator\" content=\"@sonoraenequipo\" \/>\n<meta name=\"twitter:site\" content=\"@sonoraenequipo\" \/>\n<meta name=\"twitter:label1\" content=\"Escrito por\" \/>\n\t<meta name=\"twitter:data1\" content=\"enequipo\" \/>\n\t<meta name=\"twitter:label2\" content=\"Tiempo de lectura\" \/>\n\t<meta name=\"twitter:data2\" content=\"4 minutos\" \/>\n<script type=\"application\/ld+json\" class=\"yoast-schema-graph\">{\"@context\":\"https:\/\/schema.org\",\"@graph\":[{\"@type\":\"Article\",\"@id\":\"https:\/\/www.sonoraenequipo.com.mx\/diputados-de-sonora-presentan-iniciativa-de-decreto-y-posicionamientos\/#article\",\"isPartOf\":{\"@id\":\"https:\/\/www.sonoraenequipo.com.mx\/diputados-de-sonora-presentan-iniciativa-de-decreto-y-posicionamientos\/\"},\"author\":{\"name\":\"enequipo\",\"@id\":\"https:\/\/www.sonoraenequipo.com.mx\/#\/schema\/person\/50102df0fb23a8fa9e8effad8fa81386\"},\"headline\":\"Diputados de Sonora presentan iniciativa de decreto y posicionamientos\",\"datePublished\":\"2021-04-16T03:00:41+00:00\",\"dateModified\":\"2021-04-16T21:25:24+00:00\",\"mainEntityOfPage\":{\"@id\":\"https:\/\/www.sonoraenequipo.com.mx\/diputados-de-sonora-presentan-iniciativa-de-decreto-y-posicionamientos\/\"},\"wordCount\":739,\"commentCount\":0,\"publisher\":{\"@id\":\"https:\/\/www.sonoraenequipo.com.mx\/#organization\"},\"image\":{\"@id\":\"https:\/\/www.sonoraenequipo.com.mx\/diputados-de-sonora-presentan-iniciativa-de-decreto-y-posicionamientos\/#primaryimage\"},\"thumbnailUrl\":\"https:\/\/www.sonoraenequipo.com.mx\/storage\/2021\/04\/legislatura-sonorense_opt.jpg\",\"articleSection\":[\"Sonora\"],\"inLanguage\":\"es\",\"potentialAction\":[{\"@type\":\"CommentAction\",\"name\":\"Comment\",\"target\":[\"https:\/\/www.sonoraenequipo.com.mx\/diputados-de-sonora-presentan-iniciativa-de-decreto-y-posicionamientos\/#respond\"]}]},{\"@type\":\"WebPage\",\"@id\":\"https:\/\/www.sonoraenequipo.com.mx\/diputados-de-sonora-presentan-iniciativa-de-decreto-y-posicionamientos\/\",\"url\":\"https:\/\/www.sonoraenequipo.com.mx\/diputados-de-sonora-presentan-iniciativa-de-decreto-y-posicionamientos\/\",\"name\":\"Sonora en Equipo. Diputados de Sonora presentan iniciativa de decreto y posicionamientos Sonora\",\"isPartOf\":{\"@id\":\"https:\/\/www.sonoraenequipo.com.mx\/#website\"},\"primaryImageOfPage\":{\"@id\":\"https:\/\/www.sonoraenequipo.com.mx\/diputados-de-sonora-presentan-iniciativa-de-decreto-y-posicionamientos\/#primaryimage\"},\"image\":{\"@id\":\"https:\/\/www.sonoraenequipo.com.mx\/diputados-de-sonora-presentan-iniciativa-de-decreto-y-posicionamientos\/#primaryimage\"},\"thumbnailUrl\":\"https:\/\/www.sonoraenequipo.com.mx\/storage\/2021\/04\/legislatura-sonorense_opt.jpg\",\"datePublished\":\"2021-04-16T03:00:41+00:00\",\"dateModified\":\"2021-04-16T21:25:24+00:00\",\"description\":\"HERMOSILLO, SONORA. MX. \u2014 Una iniciativa para reformar la Ley de Becas del Estado de Sonora, a fin de garantizar el acceso a Internet a los estudiantes de En Sonora en Equipo publicamos toda la informaci\u00f3n de Sonora, M\u00e9xico y el Mundo de manera oportuna y busca que la libertad de expresi\u00f3n sea real. Visita nuestro medio informativo publicado desde Hermosillo, Sonora. %\",\"breadcrumb\":{\"@id\":\"https:\/\/www.sonoraenequipo.com.mx\/diputados-de-sonora-presentan-iniciativa-de-decreto-y-posicionamientos\/#breadcrumb\"},\"inLanguage\":\"es\",\"potentialAction\":[{\"@type\":\"ReadAction\",\"target\":[\"https:\/\/www.sonoraenequipo.com.mx\/diputados-de-sonora-presentan-iniciativa-de-decreto-y-posicionamientos\/\"]}]},{\"@type\":\"ImageObject\",\"inLanguage\":\"es\",\"@id\":\"https:\/\/www.sonoraenequipo.com.mx\/diputados-de-sonora-presentan-iniciativa-de-decreto-y-posicionamientos\/#primaryimage\",\"url\":\"https:\/\/www.sonoraenequipo.com.mx\/storage\/2021\/04\/legislatura-sonorense_opt.jpg\",\"contentUrl\":\"https:\/\/www.sonoraenequipo.com.mx\/storage\/2021\/04\/legislatura-sonorense_opt.jpg\",\"width\":725,\"height\":483},{\"@type\":\"BreadcrumbList\",\"@id\":\"https:\/\/www.sonoraenequipo.com.mx\/diputados-de-sonora-presentan-iniciativa-de-decreto-y-posicionamientos\/#breadcrumb\",\"itemListElement\":[{\"@type\":\"ListItem\",\"position\":1,\"name\":\"Portada\",\"item\":\"https:\/\/www.sonoraenequipo.com.mx\/\"},{\"@type\":\"ListItem\",\"position\":2,\"name\":\"Diputados de Sonora presentan iniciativa de decreto y posicionamientos\"}]},{\"@type\":\"WebSite\",\"@id\":\"https:\/\/www.sonoraenequipo.com.mx\/#website\",\"url\":\"https:\/\/www.sonoraenequipo.com.mx\/\",\"name\":\"Sonora en Equipo.\",\"description\":\"Diario en l\u00ednea con Noticias desde Hermosillo, Sonora\",\"publisher\":{\"@id\":\"https:\/\/www.sonoraenequipo.com.mx\/#organization\"},\"potentialAction\":[{\"@type\":\"SearchAction\",\"target\":{\"@type\":\"EntryPoint\",\"urlTemplate\":\"https:\/\/www.sonoraenequipo.com.mx\/?s={search_term_string}\"},\"query-input\":{\"@type\":\"PropertyValueSpecification\",\"valueRequired\":true,\"valueName\":\"search_term_string\"}}],\"inLanguage\":\"es\"},{\"@type\":\"Organization\",\"@id\":\"https:\/\/www.sonoraenequipo.com.mx\/#organization\",\"name\":\"Sonoraenequipo.com.mx\",\"url\":\"https:\/\/www.sonoraenequipo.com.mx\/\",\"logo\":{\"@type\":\"ImageObject\",\"inLanguage\":\"es\",\"@id\":\"https:\/\/www.sonoraenequipo.com.mx\/#\/schema\/logo\/image\/\",\"url\":\"https:\/\/www.sonoraenequipo.com.mx\/storage\/2019\/01\/sonoraenequipo_opt.png\",\"contentUrl\":\"https:\/\/www.sonoraenequipo.com.mx\/storage\/2019\/01\/sonoraenequipo_opt.png\",\"width\":375,\"height\":125,\"caption\":\"Sonoraenequipo.com.mx\"},\"image\":{\"@id\":\"https:\/\/www.sonoraenequipo.com.mx\/#\/schema\/logo\/image\/\"},\"sameAs\":[\"https:\/\/www.facebook.com\/SonoraEE\/\",\"https:\/\/x.com\/sonoraenequipo\",\"https:\/\/www.youtube.com\/channel\/UC338nW-lPEYmJQs4ZABQ1SQ\"]},{\"@type\":\"Person\",\"@id\":\"https:\/\/www.sonoraenequipo.com.mx\/#\/schema\/person\/50102df0fb23a8fa9e8effad8fa81386\",\"name\":\"enequipo\",\"image\":{\"@type\":\"ImageObject\",\"inLanguage\":\"es\",\"@id\":\"https:\/\/www.sonoraenequipo.com.mx\/#\/schema\/person\/image\/\",\"url\":\"https:\/\/secure.gravatar.com\/avatar\/049821681b589dabc0bc20695993ccebb09f5b5d4d790cd9251b97faac7c652b?s=96&d=blank&r=g\",\"contentUrl\":\"https:\/\/secure.gravatar.com\/avatar\/049821681b589dabc0bc20695993ccebb09f5b5d4d790cd9251b97faac7c652b?s=96&d=blank&r=g\",\"caption\":\"enequipo\"},\"sameAs\":[\"https:\/\/www.facebook.com\/SonoraEE\"]}]}<\/script>\n ","yoast_head_json":{"title":"Sonora en Equipo. Diputados de Sonora presentan iniciativa de decreto y posicionamientos Sonora","description":"HERMOSILLO, SONORA. MX. \u2014 Una iniciativa para reformar la Ley de Becas del Estado de Sonora, a fin de garantizar el acceso a Internet a los estudiantes de En Sonora en Equipo publicamos toda la informaci\u00f3n de Sonora, M\u00e9xico y el Mundo de manera oportuna y busca que la libertad de expresi\u00f3n sea real. Visita nuestro medio informativo publicado desde Hermosillo, Sonora. %","robots":{"index":"index","follow":"follow","max-snippet":"max-snippet:-1","max-image-preview":"max-image-preview:large","max-video-preview":"max-video-preview:-1"},"canonical":"https:\/\/www.sonoraenequipo.com.mx\/diputados-de-sonora-presentan-iniciativa-de-decreto-y-posicionamientos\/","og_locale":"es_ES","og_type":"article","og_title":"Sonora en Equipo. Diputados de Sonora presentan iniciativa de decreto y posicionamientos Sonora","og_description":"HERMOSILLO, SONORA. MX. \u2014 Una iniciativa para reformar la Ley de Becas del Estado de Sonora, a fin de garantizar el acceso a Internet a los estudiantes de En Sonora en Equipo publicamos toda la informaci\u00f3n de Sonora, M\u00e9xico y el Mundo de manera oportuna y busca que la libertad de expresi\u00f3n sea real. Visita nuestro medio informativo publicado desde Hermosillo, Sonora. %","og_url":"https:\/\/www.sonoraenequipo.com.mx\/diputados-de-sonora-presentan-iniciativa-de-decreto-y-posicionamientos\/","og_site_name":"Sonora en Equipo.","article_publisher":"https:\/\/www.facebook.com\/SonoraEE\/","article_author":"https:\/\/www.facebook.com\/SonoraEE","article_published_time":"2021-04-16T03:00:41+00:00","article_modified_time":"2021-04-16T21:25:24+00:00","og_image":[{"width":725,"height":483,"url":"https:\/\/www.sonoraenequipo.com.mx\/storage\/2021\/04\/legislatura-sonorense_opt.jpg","type":"image\/jpeg"}],"author":"enequipo","twitter_card":"summary_large_image","twitter_creator":"@sonoraenequipo","twitter_site":"@sonoraenequipo","twitter_misc":{"Escrito por":"enequipo","Tiempo de lectura":"4 minutos"},"schema":{"@context":"https:\/\/schema.org","@graph":[{"@type":"Article","@id":"https:\/\/www.sonoraenequipo.com.mx\/diputados-de-sonora-presentan-iniciativa-de-decreto-y-posicionamientos\/#article","isPartOf":{"@id":"https:\/\/www.sonoraenequipo.com.mx\/diputados-de-sonora-presentan-iniciativa-de-decreto-y-posicionamientos\/"},"author":{"name":"enequipo","@id":"https:\/\/www.sonoraenequipo.com.mx\/#\/schema\/person\/50102df0fb23a8fa9e8effad8fa81386"},"headline":"Diputados de Sonora presentan iniciativa de decreto y posicionamientos","datePublished":"2021-04-16T03:00:41+00:00","dateModified":"2021-04-16T21:25:24+00:00","mainEntityOfPage":{"@id":"https:\/\/www.sonoraenequipo.com.mx\/diputados-de-sonora-presentan-iniciativa-de-decreto-y-posicionamientos\/"},"wordCount":739,"commentCount":0,"publisher":{"@id":"https:\/\/www.sonoraenequipo.com.mx\/#organization"},"image":{"@id":"https:\/\/www.sonoraenequipo.com.mx\/diputados-de-sonora-presentan-iniciativa-de-decreto-y-posicionamientos\/#primaryimage"},"thumbnailUrl":"https:\/\/www.sonoraenequipo.com.mx\/storage\/2021\/04\/legislatura-sonorense_opt.jpg","articleSection":["Sonora"],"inLanguage":"es","potentialAction":[{"@type":"CommentAction","name":"Comment","target":["https:\/\/www.sonoraenequipo.com.mx\/diputados-de-sonora-presentan-iniciativa-de-decreto-y-posicionamientos\/#respond"]}]},{"@type":"WebPage","@id":"https:\/\/www.sonoraenequipo.com.mx\/diputados-de-sonora-presentan-iniciativa-de-decreto-y-posicionamientos\/","url":"https:\/\/www.sonoraenequipo.com.mx\/diputados-de-sonora-presentan-iniciativa-de-decreto-y-posicionamientos\/","name":"Sonora en Equipo. Diputados de Sonora presentan iniciativa de decreto y posicionamientos Sonora","isPartOf":{"@id":"https:\/\/www.sonoraenequipo.com.mx\/#website"},"primaryImageOfPage":{"@id":"https:\/\/www.sonoraenequipo.com.mx\/diputados-de-sonora-presentan-iniciativa-de-decreto-y-posicionamientos\/#primaryimage"},"image":{"@id":"https:\/\/www.sonoraenequipo.com.mx\/diputados-de-sonora-presentan-iniciativa-de-decreto-y-posicionamientos\/#primaryimage"},"thumbnailUrl":"https:\/\/www.sonoraenequipo.com.mx\/storage\/2021\/04\/legislatura-sonorense_opt.jpg","datePublished":"2021-04-16T03:00:41+00:00","dateModified":"2021-04-16T21:25:24+00:00","description":"HERMOSILLO, SONORA. MX. \u2014 Una iniciativa para reformar la Ley de Becas del Estado de Sonora, a fin de garantizar el acceso a Internet a los estudiantes de En Sonora en Equipo publicamos toda la informaci\u00f3n de Sonora, M\u00e9xico y el Mundo de manera oportuna y busca que la libertad de expresi\u00f3n sea real. Visita nuestro medio informativo publicado desde Hermosillo, Sonora. %","breadcrumb":{"@id":"https:\/\/www.sonoraenequipo.com.mx\/diputados-de-sonora-presentan-iniciativa-de-decreto-y-posicionamientos\/#breadcrumb"},"inLanguage":"es","potentialAction":[{"@type":"ReadAction","target":["https:\/\/www.sonoraenequipo.com.mx\/diputados-de-sonora-presentan-iniciativa-de-decreto-y-posicionamientos\/"]}]},{"@type":"ImageObject","inLanguage":"es","@id":"https:\/\/www.sonoraenequipo.com.mx\/diputados-de-sonora-presentan-iniciativa-de-decreto-y-posicionamientos\/#primaryimage","url":"https:\/\/www.sonoraenequipo.com.mx\/storage\/2021\/04\/legislatura-sonorense_opt.jpg","contentUrl":"https:\/\/www.sonoraenequipo.com.mx\/storage\/2021\/04\/legislatura-sonorense_opt.jpg","width":725,"height":483},{"@type":"BreadcrumbList","@id":"https:\/\/www.sonoraenequipo.com.mx\/diputados-de-sonora-presentan-iniciativa-de-decreto-y-posicionamientos\/#breadcrumb","itemListElement":[{"@type":"ListItem","position":1,"name":"Portada","item":"https:\/\/www.sonoraenequipo.com.mx\/"},{"@type":"ListItem","position":2,"name":"Diputados de Sonora presentan iniciativa de decreto y posicionamientos"}]},{"@type":"WebSite","@id":"https:\/\/www.sonoraenequipo.com.mx\/#website","url":"https:\/\/www.sonoraenequipo.com.mx\/","name":"Sonora en Equipo.","description":"Diario en l\u00ednea con Noticias desde Hermosillo, Sonora","publisher":{"@id":"https:\/\/www.sonoraenequipo.com.mx\/#organization"},"potentialAction":[{"@type":"SearchAction","target":{"@type":"EntryPoint","urlTemplate":"https:\/\/www.sonoraenequipo.com.mx\/?s={search_term_string}"},"query-input":{"@type":"PropertyValueSpecification","valueRequired":true,"valueName":"search_term_string"}}],"inLanguage":"es"},{"@type":"Organization","@id":"https:\/\/www.sonoraenequipo.com.mx\/#organization","name":"Sonoraenequipo.com.mx","url":"https:\/\/www.sonoraenequipo.com.mx\/","logo":{"@type":"ImageObject","inLanguage":"es","@id":"https:\/\/www.sonoraenequipo.com.mx\/#\/schema\/logo\/image\/","url":"https:\/\/www.sonoraenequipo.com.mx\/storage\/2019\/01\/sonoraenequipo_opt.png","contentUrl":"https:\/\/www.sonoraenequipo.com.mx\/storage\/2019\/01\/sonoraenequipo_opt.png","width":375,"height":125,"caption":"Sonoraenequipo.com.mx"},"image":{"@id":"https:\/\/www.sonoraenequipo.com.mx\/#\/schema\/logo\/image\/"},"sameAs":["https:\/\/www.facebook.com\/SonoraEE\/","https:\/\/x.com\/sonoraenequipo","https:\/\/www.youtube.com\/channel\/UC338nW-lPEYmJQs4ZABQ1SQ"]},{"@type":"Person","@id":"https:\/\/www.sonoraenequipo.com.mx\/#\/schema\/person\/50102df0fb23a8fa9e8effad8fa81386","name":"enequipo","image":{"@type":"ImageObject","inLanguage":"es","@id":"https:\/\/www.sonoraenequipo.com.mx\/#\/schema\/person\/image\/","url":"https:\/\/secure.gravatar.com\/avatar\/049821681b589dabc0bc20695993ccebb09f5b5d4d790cd9251b97faac7c652b?s=96&d=blank&r=g","contentUrl":"https:\/\/secure.gravatar.com\/avatar\/049821681b589dabc0bc20695993ccebb09f5b5d4d790cd9251b97faac7c652b?s=96&d=blank&r=g","caption":"enequipo"},"sameAs":["https:\/\/www.facebook.com\/SonoraEE"]}]}},"jetpack_featured_media_url":"https:\/\/www.sonoraenequipo.com.mx\/storage\/2021\/04\/legislatura-sonorense_opt.jpg","_links":{"self":[{"href":"https:\/\/www.sonoraenequipo.com.mx\/api\/wp\/v2\/posts\/111763","targetHints":{"allow":["GET"]}}],"collection":[{"href":"https:\/\/www.sonoraenequipo.com.mx\/api\/wp\/v2\/posts"}],"about":[{"href":"https:\/\/www.sonoraenequipo.com.mx\/api\/wp\/v2\/types\/post"}],"author":[{"embeddable":true,"href":"https:\/\/www.sonoraenequipo.com.mx\/api\/wp\/v2\/users\/1"}],"replies":[{"embeddable":true,"href":"https:\/\/www.sonoraenequipo.com.mx\/api\/wp\/v2\/comments?post=111763"}],"version-history":[{"count":1,"href":"https:\/\/www.sonoraenequipo.com.mx\/api\/wp\/v2\/posts\/111763\/revisions"}],"predecessor-version":[{"id":111767,"href":"https:\/\/www.sonoraenequipo.com.mx\/api\/wp\/v2\/posts\/111763\/revisions\/111767"}],"wp:featuredmedia":[{"embeddable":true,"href":"https:\/\/www.sonoraenequipo.com.mx\/api\/wp\/v2\/media\/111766"}],"wp:attachment":[{"href":"https:\/\/www.sonoraenequipo.com.mx\/api\/wp\/v2\/media?parent=111763"}],"wp:term":[{"taxonomy":"category","embeddable":true,"href":"https:\/\/www.sonoraenequipo.com.mx\/api\/wp\/v2\/categories?post=111763"},{"taxonomy":"post_tag","embeddable":true,"href":"https:\/\/www.sonoraenequipo.com.mx\/api\/wp\/v2\/tags?post=111763"}],"curies":[{"name":"wp","href":"https:\/\/api.w.org\/{rel}","templated":true}]}}