{"id":111771,"date":"2021-04-16T08:30:44","date_gmt":"2021-04-16T15:30:44","guid":{"rendered":"https:\/\/www.sonoraenequipo.com.mx\/?p=111771"},"modified":"2021-04-16T15:25:46","modified_gmt":"2021-04-16T22:25:46","slug":"presentan-calendario-de-vacunacion-contra-covid-19-a-personal-educativo-de-escuelas-publicas-y-privadas","status":"publish","type":"post","link":"https:\/\/www.sonoraenequipo.com.mx\/presentan-calendario-de-vacunacion-contra-covid-19-a-personal-educativo-de-escuelas-publicas-y-privadas\/","title":{"rendered":"Presentan calendario de vacunaci\u00f3n contra COVID-19 a personal educativo de escuelas p\u00fablicas y privadas"},"content":{"rendered":"<p>CIUDAD DE M\u00c9XICO. MX. \u2014 El presidente Andr\u00e9s Manuel L\u00f3pez Obrador encabez\u00f3 la presentaci\u00f3n del calendario de vacunaci\u00f3n contra COVID-19 al personal educativo con el objetivo de regresar a clases presenciales antes de concluir el actual ciclo escolar, de forma escalonada y voluntaria, en funci\u00f3n del sem\u00e1foro de riesgo epid\u00e9mico.<\/p>\n<p>&nbsp;<\/p>\n<p> <\/p>\n<p>&nbsp;<\/p>\n<p><em>\u201cNo nos vamos a detener porque tenemos las vacunas suficientes, incluye a escuelas p\u00fablicas y privadas\u201d,<\/em> remarc\u00f3.<\/p>\n<p>&nbsp;<\/p>\n<p>El jefe del Ejecutivo agradeci\u00f3 a las y los maestros que han mantenido el proceso de ense\u00f1anza-aprendizaje a distancia a trav\u00e9s de diferentes medios.<\/p>\n<p>&nbsp;<\/p>\n<p>Asimismo, a las madres y padres de los estudiantes por el acompa\u00f1amiento a sus hijas e hijos en todos los niveles educativos.<\/p>\n<p>&nbsp;<\/p>\n<p><em>\u201cAhora vamos a regresar a las clases presenciales y decirles que ya es el \u00faltimo jal\u00f3n, que nos sigan ayudando para que podamos salir bien\u201d,<\/em> expres\u00f3.<\/p>\n<p>&nbsp;<\/p>\n<p>El subsecretario de Prevenci\u00f3n y Promoci\u00f3n de la Salud, Hugo L\u00f3pez-Gatell Ram\u00edrez, detall\u00f3 que se vacunar\u00e1 a m\u00e1s de 3 millones de trabajadoras y trabajadores de 31 entidades federativas que se suman a Campeche, donde la Brigada Correcaminos ya aplic\u00f3 22 mil 934 dosis.<\/p>\n<p>&nbsp;<\/p>\n<p>Indic\u00f3 que la planeaci\u00f3n se realiz\u00f3 con base en criterios t\u00e9cnicos y epidemiol\u00f3gicos a partir del puntaje del sem\u00e1foro de riesgo epid\u00e9mico de las \u00faltimas tres semanas.<\/p>\n<p>&nbsp;<\/p>\n<p>Se organiza de la siguiente manera:<\/p>\n<p>&nbsp;<\/p>\n<h3>Del 20 al 27 de abril<\/h3>\n<p>Chiapas<br \/>\nCoahuila<br \/>\nNayarit<br \/>\nVeracruz<br \/>\nTamaulipas<\/p>\n<h3>Del 28 de abril al 4 de mayo<\/h3>\n<p>Baja California<br \/>\nOaxaca<br \/>\nNuevo Le\u00f3n<br \/>\nJalisco<br \/>\nAguascalientes<\/p>\n<h3>Del 5 al 11 de mayo<\/h3>\n<p>Guanajuato<br \/>\nColima<br \/>\nMorelos<br \/>\nMichoac\u00e1n<br \/>\nSan Luis Potos\u00ed<br \/>\nDurango<br \/>\nSonora<br \/>\nGuerrero<\/p>\n<h3>Del 12 al 18 de mayo<\/h3>\n<p>Sinaloa<br \/>\nZacatecas<br \/>\nEstado de M\u00e9xico<br \/>\nHidalgo<br \/>\nTabasco<br \/>\nTlaxcala<\/p>\n<h3>Del 19 al 28 de mayo<\/h3>\n<p>Quer\u00e9taro<br \/>\nQuintana Roo<br \/>\nPuebla<br \/>\nYucat\u00e1n<br \/>\nCiudad de M\u00e9xico<br \/>\nBaja California Sur<br \/>\nChihuahua<\/p>\n<p>&nbsp;<\/p>\n<p>Sostuvo que la vacuna CanSino de una sola dosis brindar\u00e1 el efecto m\u00e1ximo esperado; tiene una alta eficacia comparada con las dem\u00e1s vacunas y no requiere ultracongelaci\u00f3n, lo cual permitir\u00e1 avanzar r\u00e1pidamente en el operativo de vacunaci\u00f3n.<\/p>\n<p>&nbsp;<\/p>\n<p>Una vez vacunadas las personas, dijo el subsecretario, a los 15 d\u00edas desarrollan los anticuerpos y con esa protecci\u00f3n inmunol\u00f3gica podr\u00e1n integrarse a las clases presenciales.<\/p>\n<p>&nbsp;<\/p>\n<p>Por ejemplo, despu\u00e9s del 15 de mayo podr\u00e1n abrir las escuelas de los primeros estados en vacunar al personal educativo y en la mitad de junio, en las entidades donde se vacune del 19 al 28 de mayo.<\/p>\n<p>&nbsp;<\/p>\n<p>\u201cEsto lo que permitir\u00e1 es el retorno al ciclo escolar vigente para culminarlo y quedar en buena preparaci\u00f3n para el siguiente ciclo despu\u00e9s de las vacaciones\u201d, remarc\u00f3.<\/p>\n<p>&nbsp;<\/p>\n<p>Aclar\u00f3 que este operativo no utilizar\u00e1 recursos del Operativo Correcaminos, sino que se destinaron nuevas brigadas de vacunaci\u00f3n a cargo de la Secretar\u00eda de Educaci\u00f3n P\u00fablica (SEP), del Instituto Mexicano del Seguro Social (IMSS), del Instituto de Seguridad y Servicios Sociales de los Trabajadores del Estado (ISSSTE), de la Secretar\u00eda de la Defensa Nacional (Sedena), de la Secretar\u00eda de Marina (Semar) y de la Guardia Nacional.<\/p>\n<p>&nbsp;<\/p>\n<p>Agreg\u00f3 que simult\u00e1neamente continuar\u00e1 el proceso de vacunaci\u00f3n con segundas dosis a personas adultas mayores y en mayo la vacunaci\u00f3n de personas de 50 a 59 a\u00f1os.<\/p>\n<p>&nbsp;<\/p>\n<p><em>\u201cNo se distraen recursos, por lo tanto se podr\u00e1 avanzar en ambos elementos\u201d<\/em>, enfatiz\u00f3.<\/p>\n<p>&nbsp;<\/p>\n<p>La secretaria de Educaci\u00f3n, Delfina G\u00f3mez \u00c1lvarez, expuso las etapas del proceso de vacunaci\u00f3n al personal educativo. Ayer, 15 de abril, inici\u00f3 la asignaci\u00f3n y equipamiento de centros de vacunaci\u00f3n.<\/p>\n<p>&nbsp;<\/p>\n<p>Este d\u00eda sostendr\u00e1 una reuni\u00f3n con gobernadoras y gobernadores. Tambi\u00e9n se integrar\u00e1n los equipos del personal responsable de la vacunaci\u00f3n y distribuir\u00e1n y entregar\u00e1n vacunas, desde hoy hasta el 19 de abril para comenzar el 20 de abril en los estados antes mencionados.<\/p>\n<p>&nbsp;<\/p>\n<p>La titular de la SEP llam\u00f3 a la comunidad escolar, padres y madres, estudiantes y personal educativo a contribuir al cumplimiento de las medidas sanitarias a fin de garantizar un retorno seguro a las aulas.<\/p>\n<p>&nbsp;<\/p>\n<p>El principal, dijo, es estar atentas y atentos a la detecci\u00f3n oportuna de s\u00edntomas del COVID-19.<\/p>\n<p>&nbsp;<\/p>\n<p>Se conformar\u00e1n Comit\u00e9s Participativos de Salud Escolar para limpiar aulas y \u00e1reas comunes, se\u00f1alizar puntos de sana distancia y establecer filtros de corresponsabilidad.<\/p>\n<p>&nbsp;<\/p>\n<p>El acceso a agua y jab\u00f3n ser\u00e1 fundamental, as\u00ed como el uso de cubrebocas de tela, artesanal o paliacate en todo momento, el cual tendr\u00e1n que lavarlo o cambiarlo diariamente.<\/p>\n<p>&nbsp;<\/p>\n<p>Se maximizar\u00e1 el uso de espacios abiertos y suspender\u00e1n ceremonias, convivios y eventos sociales.<\/p>\n<p>&nbsp;<\/p>\n<p>La SEP estipul\u00f3 el regreso escalonado, es decir, lunes y mi\u00e9rcoles asistir\u00e1 una parte de cada grupo; martes y jueves, otra parte y los viernes se apoyar\u00e1 a estudiantes que lo requieran.<\/p>\n<p>&nbsp;<\/p>\n<p>Adem\u00e1s, pone a disposici\u00f3n las l\u00edneas 800 288 66 88y 800 734 73 76, en las que se brindar\u00e1 asesor\u00eda psicol\u00f3gica a la comunidad escolar.<\/p>\n<p>&nbsp;<\/p>\n<p>Acompa\u00f1aron al presidente, el secretario de Salud, Jorge Alcocer Varela y el secretario de la Defensa Nacional, Luis Cresencio Sandoval<\/p>\n<p>&nbsp;<\/p>\n<p>&nbsp;<\/p>\n<p>(Publicada el 16\/04\/2021)<\/p>\n","protected":false},"excerpt":{"rendered":"<p>CIUDAD DE M\u00c9XICO. MX. \u2014 El presidente Andr\u00e9s Manuel L\u00f3pez Obrador encabez\u00f3 la presentaci\u00f3n del&#8230;<\/p>\n","protected":false},"author":1,"featured_media":111772,"comment_status":"open","ping_status":"open","sticky":false,"template":"","format":"standard","meta":{"_monsterinsights_skip_tracking":false,"_monsterinsights_sitenote_active":false,"_monsterinsights_sitenote_note":"","_monsterinsights_sitenote_category":0,"footnotes":""},"categories":[5],"tags":[],"class_list":["post"],"yoast_head":" \n<title>Sonora en Equipo. Presentan calendario de vacunaci\u00f3n contra COVID-19 a personal educativo de escuelas p\u00fablicas y privadas Rep\u00fablica<\/title>\n<meta name=\"description\" content=\"CIUDAD DE M\u00c9XICO. MX. \u2014 El presidente Andr\u00e9s Manuel L\u00f3pez Obrador encabez\u00f3 la presentaci\u00f3n del calendario de vacunaci\u00f3n contra COVID-19 al personal En Sonora en Equipo publicamos toda la informaci\u00f3n de Sonora, M\u00e9xico y el Mundo de manera oportuna y busca que la libertad de expresi\u00f3n sea real. Visita nuestro medio informativo publicado desde Hermosillo, Sonora. %\" \/>\n<meta name=\"robots\" content=\"index, follow, max-snippet:-1, max-image-preview:large, max-video-preview:-1\" \/>\n<link rel=\"canonical\" href=\"https:\/\/www.sonoraenequipo.com.mx\/presentan-calendario-de-vacunacion-contra-covid-19-a-personal-educativo-de-escuelas-publicas-y-privadas\/\" \/>\n<meta property=\"og:locale\" content=\"es_ES\" \/>\n<meta property=\"og:type\" content=\"article\" \/>\n<meta property=\"og:title\" content=\"Sonora en Equipo. Presentan calendario de vacunaci\u00f3n contra COVID-19 a personal educativo de escuelas p\u00fablicas y privadas Rep\u00fablica\" \/>\n<meta property=\"og:description\" content=\"CIUDAD DE M\u00c9XICO. MX. \u2014 El presidente Andr\u00e9s Manuel L\u00f3pez Obrador encabez\u00f3 la presentaci\u00f3n del calendario de vacunaci\u00f3n contra COVID-19 al personal En Sonora en Equipo publicamos toda la informaci\u00f3n de Sonora, M\u00e9xico y el Mundo de manera oportuna y busca que la libertad de expresi\u00f3n sea real. Visita nuestro medio informativo publicado desde Hermosillo, Sonora. %\" \/>\n<meta property=\"og:url\" content=\"https:\/\/www.sonoraenequipo.com.mx\/presentan-calendario-de-vacunacion-contra-covid-19-a-personal-educativo-de-escuelas-publicas-y-privadas\/\" \/>\n<meta property=\"og:site_name\" content=\"Sonora en Equipo.\" \/>\n<meta property=\"article:publisher\" content=\"https:\/\/www.facebook.com\/SonoraEE\/\" \/>\n<meta property=\"article:author\" content=\"https:\/\/www.facebook.com\/SonoraEE\" \/>\n<meta property=\"article:published_time\" content=\"2021-04-16T15:30:44+00:00\" \/>\n<meta property=\"article:modified_time\" content=\"2021-04-16T22:25:46+00:00\" \/>\n<meta property=\"og:image\" content=\"https:\/\/www.sonoraenequipo.com.mx\/storage\/2021\/04\/presidente-Lopez-Obrador_opt.jpg\" \/>\n\t<meta property=\"og:image:width\" content=\"601\" \/>\n\t<meta property=\"og:image:height\" content=\"400\" \/>\n\t<meta property=\"og:image:type\" content=\"image\/jpeg\" \/>\n<meta name=\"author\" content=\"enequipo\" \/>\n<meta name=\"twitter:card\" content=\"summary_large_image\" \/>\n<meta name=\"twitter:creator\" content=\"@sonoraenequipo\" \/>\n<meta name=\"twitter:site\" content=\"@sonoraenequipo\" \/>\n<meta name=\"twitter:label1\" content=\"Escrito por\" \/>\n\t<meta name=\"twitter:data1\" content=\"enequipo\" \/>\n\t<meta name=\"twitter:label2\" content=\"Tiempo de lectura\" \/>\n\t<meta name=\"twitter:data2\" content=\"4 minutos\" \/>\n<script type=\"application\/ld+json\" class=\"yoast-schema-graph\">{\"@context\":\"https:\/\/schema.org\",\"@graph\":[{\"@type\":\"Article\",\"@id\":\"https:\/\/www.sonoraenequipo.com.mx\/presentan-calendario-de-vacunacion-contra-covid-19-a-personal-educativo-de-escuelas-publicas-y-privadas\/#article\",\"isPartOf\":{\"@id\":\"https:\/\/www.sonoraenequipo.com.mx\/presentan-calendario-de-vacunacion-contra-covid-19-a-personal-educativo-de-escuelas-publicas-y-privadas\/\"},\"author\":{\"name\":\"enequipo\",\"@id\":\"https:\/\/www.sonoraenequipo.com.mx\/#\/schema\/person\/50102df0fb23a8fa9e8effad8fa81386\"},\"headline\":\"Presentan calendario de vacunaci\u00f3n contra COVID-19 a personal educativo de escuelas p\u00fablicas y privadas\",\"datePublished\":\"2021-04-16T15:30:44+00:00\",\"dateModified\":\"2021-04-16T22:25:46+00:00\",\"mainEntityOfPage\":{\"@id\":\"https:\/\/www.sonoraenequipo.com.mx\/presentan-calendario-de-vacunacion-contra-covid-19-a-personal-educativo-de-escuelas-publicas-y-privadas\/\"},\"wordCount\":887,\"commentCount\":0,\"publisher\":{\"@id\":\"https:\/\/www.sonoraenequipo.com.mx\/#organization\"},\"image\":{\"@id\":\"https:\/\/www.sonoraenequipo.com.mx\/presentan-calendario-de-vacunacion-contra-covid-19-a-personal-educativo-de-escuelas-publicas-y-privadas\/#primaryimage\"},\"thumbnailUrl\":\"https:\/\/www.sonoraenequipo.com.mx\/storage\/2021\/04\/presidente-Lopez-Obrador_opt.jpg\",\"articleSection\":[\"Rep\u00fablica\"],\"inLanguage\":\"es\",\"potentialAction\":[{\"@type\":\"CommentAction\",\"name\":\"Comment\",\"target\":[\"https:\/\/www.sonoraenequipo.com.mx\/presentan-calendario-de-vacunacion-contra-covid-19-a-personal-educativo-de-escuelas-publicas-y-privadas\/#respond\"]}]},{\"@type\":\"WebPage\",\"@id\":\"https:\/\/www.sonoraenequipo.com.mx\/presentan-calendario-de-vacunacion-contra-covid-19-a-personal-educativo-de-escuelas-publicas-y-privadas\/\",\"url\":\"https:\/\/www.sonoraenequipo.com.mx\/presentan-calendario-de-vacunacion-contra-covid-19-a-personal-educativo-de-escuelas-publicas-y-privadas\/\",\"name\":\"Sonora en Equipo. Presentan calendario de vacunaci\u00f3n contra COVID-19 a personal educativo de escuelas p\u00fablicas y privadas Rep\u00fablica\",\"isPartOf\":{\"@id\":\"https:\/\/www.sonoraenequipo.com.mx\/#website\"},\"primaryImageOfPage\":{\"@id\":\"https:\/\/www.sonoraenequipo.com.mx\/presentan-calendario-de-vacunacion-contra-covid-19-a-personal-educativo-de-escuelas-publicas-y-privadas\/#primaryimage\"},\"image\":{\"@id\":\"https:\/\/www.sonoraenequipo.com.mx\/presentan-calendario-de-vacunacion-contra-covid-19-a-personal-educativo-de-escuelas-publicas-y-privadas\/#primaryimage\"},\"thumbnailUrl\":\"https:\/\/www.sonoraenequipo.com.mx\/storage\/2021\/04\/presidente-Lopez-Obrador_opt.jpg\",\"datePublished\":\"2021-04-16T15:30:44+00:00\",\"dateModified\":\"2021-04-16T22:25:46+00:00\",\"description\":\"CIUDAD DE M\u00c9XICO. MX. \u2014 El presidente Andr\u00e9s Manuel L\u00f3pez Obrador encabez\u00f3 la presentaci\u00f3n del calendario de vacunaci\u00f3n contra COVID-19 al personal En Sonora en Equipo publicamos toda la informaci\u00f3n de Sonora, M\u00e9xico y el Mundo de manera oportuna y busca que la libertad de expresi\u00f3n sea real. Visita nuestro medio informativo publicado desde Hermosillo, Sonora. %\",\"breadcrumb\":{\"@id\":\"https:\/\/www.sonoraenequipo.com.mx\/presentan-calendario-de-vacunacion-contra-covid-19-a-personal-educativo-de-escuelas-publicas-y-privadas\/#breadcrumb\"},\"inLanguage\":\"es\",\"potentialAction\":[{\"@type\":\"ReadAction\",\"target\":[\"https:\/\/www.sonoraenequipo.com.mx\/presentan-calendario-de-vacunacion-contra-covid-19-a-personal-educativo-de-escuelas-publicas-y-privadas\/\"]}]},{\"@type\":\"ImageObject\",\"inLanguage\":\"es\",\"@id\":\"https:\/\/www.sonoraenequipo.com.mx\/presentan-calendario-de-vacunacion-contra-covid-19-a-personal-educativo-de-escuelas-publicas-y-privadas\/#primaryimage\",\"url\":\"https:\/\/www.sonoraenequipo.com.mx\/storage\/2021\/04\/presidente-Lopez-Obrador_opt.jpg\",\"contentUrl\":\"https:\/\/www.sonoraenequipo.com.mx\/storage\/2021\/04\/presidente-Lopez-Obrador_opt.jpg\",\"width\":601,\"height\":400},{\"@type\":\"BreadcrumbList\",\"@id\":\"https:\/\/www.sonoraenequipo.com.mx\/presentan-calendario-de-vacunacion-contra-covid-19-a-personal-educativo-de-escuelas-publicas-y-privadas\/#breadcrumb\",\"itemListElement\":[{\"@type\":\"ListItem\",\"position\":1,\"name\":\"Portada\",\"item\":\"https:\/\/www.sonoraenequipo.com.mx\/\"},{\"@type\":\"ListItem\",\"position\":2,\"name\":\"Presentan calendario de vacunaci\u00f3n contra COVID-19 a personal educativo de escuelas p\u00fablicas y privadas\"}]},{\"@type\":\"WebSite\",\"@id\":\"https:\/\/www.sonoraenequipo.com.mx\/#website\",\"url\":\"https:\/\/www.sonoraenequipo.com.mx\/\",\"name\":\"Sonora en Equipo.\",\"description\":\"Diario en l\u00ednea con Noticias desde Hermosillo, Sonora\",\"publisher\":{\"@id\":\"https:\/\/www.sonoraenequipo.com.mx\/#organization\"},\"potentialAction\":[{\"@type\":\"SearchAction\",\"target\":{\"@type\":\"EntryPoint\",\"urlTemplate\":\"https:\/\/www.sonoraenequipo.com.mx\/?s={search_term_string}\"},\"query-input\":{\"@type\":\"PropertyValueSpecification\",\"valueRequired\":true,\"valueName\":\"search_term_string\"}}],\"inLanguage\":\"es\"},{\"@type\":\"Organization\",\"@id\":\"https:\/\/www.sonoraenequipo.com.mx\/#organization\",\"name\":\"Sonoraenequipo.com.mx\",\"url\":\"https:\/\/www.sonoraenequipo.com.mx\/\",\"logo\":{\"@type\":\"ImageObject\",\"inLanguage\":\"es\",\"@id\":\"https:\/\/www.sonoraenequipo.com.mx\/#\/schema\/logo\/image\/\",\"url\":\"https:\/\/www.sonoraenequipo.com.mx\/storage\/2019\/01\/sonoraenequipo_opt.png\",\"contentUrl\":\"https:\/\/www.sonoraenequipo.com.mx\/storage\/2019\/01\/sonoraenequipo_opt.png\",\"width\":375,\"height\":125,\"caption\":\"Sonoraenequipo.com.mx\"},\"image\":{\"@id\":\"https:\/\/www.sonoraenequipo.com.mx\/#\/schema\/logo\/image\/\"},\"sameAs\":[\"https:\/\/www.facebook.com\/SonoraEE\/\",\"https:\/\/x.com\/sonoraenequipo\",\"https:\/\/www.youtube.com\/channel\/UC338nW-lPEYmJQs4ZABQ1SQ\"]},{\"@type\":\"Person\",\"@id\":\"https:\/\/www.sonoraenequipo.com.mx\/#\/schema\/person\/50102df0fb23a8fa9e8effad8fa81386\",\"name\":\"enequipo\",\"image\":{\"@type\":\"ImageObject\",\"inLanguage\":\"es\",\"@id\":\"https:\/\/www.sonoraenequipo.com.mx\/#\/schema\/person\/image\/\",\"url\":\"https:\/\/secure.gravatar.com\/avatar\/049821681b589dabc0bc20695993ccebb09f5b5d4d790cd9251b97faac7c652b?s=96&d=blank&r=g\",\"contentUrl\":\"https:\/\/secure.gravatar.com\/avatar\/049821681b589dabc0bc20695993ccebb09f5b5d4d790cd9251b97faac7c652b?s=96&d=blank&r=g\",\"caption\":\"enequipo\"},\"sameAs\":[\"https:\/\/www.facebook.com\/SonoraEE\"]}]}<\/script>\n ","yoast_head_json":{"title":"Sonora en Equipo. Presentan calendario de vacunaci\u00f3n contra COVID-19 a personal educativo de escuelas p\u00fablicas y privadas Rep\u00fablica","description":"CIUDAD DE M\u00c9XICO. MX. \u2014 El presidente Andr\u00e9s Manuel L\u00f3pez Obrador encabez\u00f3 la presentaci\u00f3n del calendario de vacunaci\u00f3n contra COVID-19 al personal En Sonora en Equipo publicamos toda la informaci\u00f3n de Sonora, M\u00e9xico y el Mundo de manera oportuna y busca que la libertad de expresi\u00f3n sea real. Visita nuestro medio informativo publicado desde Hermosillo, Sonora. %","robots":{"index":"index","follow":"follow","max-snippet":"max-snippet:-1","max-image-preview":"max-image-preview:large","max-video-preview":"max-video-preview:-1"},"canonical":"https:\/\/www.sonoraenequipo.com.mx\/presentan-calendario-de-vacunacion-contra-covid-19-a-personal-educativo-de-escuelas-publicas-y-privadas\/","og_locale":"es_ES","og_type":"article","og_title":"Sonora en Equipo. Presentan calendario de vacunaci\u00f3n contra COVID-19 a personal educativo de escuelas p\u00fablicas y privadas Rep\u00fablica","og_description":"CIUDAD DE M\u00c9XICO. MX. \u2014 El presidente Andr\u00e9s Manuel L\u00f3pez Obrador encabez\u00f3 la presentaci\u00f3n del calendario de vacunaci\u00f3n contra COVID-19 al personal En Sonora en Equipo publicamos toda la informaci\u00f3n de Sonora, M\u00e9xico y el Mundo de manera oportuna y busca que la libertad de expresi\u00f3n sea real. Visita nuestro medio informativo publicado desde Hermosillo, Sonora. %","og_url":"https:\/\/www.sonoraenequipo.com.mx\/presentan-calendario-de-vacunacion-contra-covid-19-a-personal-educativo-de-escuelas-publicas-y-privadas\/","og_site_name":"Sonora en Equipo.","article_publisher":"https:\/\/www.facebook.com\/SonoraEE\/","article_author":"https:\/\/www.facebook.com\/SonoraEE","article_published_time":"2021-04-16T15:30:44+00:00","article_modified_time":"2021-04-16T22:25:46+00:00","og_image":[{"width":601,"height":400,"url":"https:\/\/www.sonoraenequipo.com.mx\/storage\/2021\/04\/presidente-Lopez-Obrador_opt.jpg","type":"image\/jpeg"}],"author":"enequipo","twitter_card":"summary_large_image","twitter_creator":"@sonoraenequipo","twitter_site":"@sonoraenequipo","twitter_misc":{"Escrito por":"enequipo","Tiempo de lectura":"4 minutos"},"schema":{"@context":"https:\/\/schema.org","@graph":[{"@type":"Article","@id":"https:\/\/www.sonoraenequipo.com.mx\/presentan-calendario-de-vacunacion-contra-covid-19-a-personal-educativo-de-escuelas-publicas-y-privadas\/#article","isPartOf":{"@id":"https:\/\/www.sonoraenequipo.com.mx\/presentan-calendario-de-vacunacion-contra-covid-19-a-personal-educativo-de-escuelas-publicas-y-privadas\/"},"author":{"name":"enequipo","@id":"https:\/\/www.sonoraenequipo.com.mx\/#\/schema\/person\/50102df0fb23a8fa9e8effad8fa81386"},"headline":"Presentan calendario de vacunaci\u00f3n contra COVID-19 a personal educativo de escuelas p\u00fablicas y privadas","datePublished":"2021-04-16T15:30:44+00:00","dateModified":"2021-04-16T22:25:46+00:00","mainEntityOfPage":{"@id":"https:\/\/www.sonoraenequipo.com.mx\/presentan-calendario-de-vacunacion-contra-covid-19-a-personal-educativo-de-escuelas-publicas-y-privadas\/"},"wordCount":887,"commentCount":0,"publisher":{"@id":"https:\/\/www.sonoraenequipo.com.mx\/#organization"},"image":{"@id":"https:\/\/www.sonoraenequipo.com.mx\/presentan-calendario-de-vacunacion-contra-covid-19-a-personal-educativo-de-escuelas-publicas-y-privadas\/#primaryimage"},"thumbnailUrl":"https:\/\/www.sonoraenequipo.com.mx\/storage\/2021\/04\/presidente-Lopez-Obrador_opt.jpg","articleSection":["Rep\u00fablica"],"inLanguage":"es","potentialAction":[{"@type":"CommentAction","name":"Comment","target":["https:\/\/www.sonoraenequipo.com.mx\/presentan-calendario-de-vacunacion-contra-covid-19-a-personal-educativo-de-escuelas-publicas-y-privadas\/#respond"]}]},{"@type":"WebPage","@id":"https:\/\/www.sonoraenequipo.com.mx\/presentan-calendario-de-vacunacion-contra-covid-19-a-personal-educativo-de-escuelas-publicas-y-privadas\/","url":"https:\/\/www.sonoraenequipo.com.mx\/presentan-calendario-de-vacunacion-contra-covid-19-a-personal-educativo-de-escuelas-publicas-y-privadas\/","name":"Sonora en Equipo. Presentan calendario de vacunaci\u00f3n contra COVID-19 a personal educativo de escuelas p\u00fablicas y privadas Rep\u00fablica","isPartOf":{"@id":"https:\/\/www.sonoraenequipo.com.mx\/#website"},"primaryImageOfPage":{"@id":"https:\/\/www.sonoraenequipo.com.mx\/presentan-calendario-de-vacunacion-contra-covid-19-a-personal-educativo-de-escuelas-publicas-y-privadas\/#primaryimage"},"image":{"@id":"https:\/\/www.sonoraenequipo.com.mx\/presentan-calendario-de-vacunacion-contra-covid-19-a-personal-educativo-de-escuelas-publicas-y-privadas\/#primaryimage"},"thumbnailUrl":"https:\/\/www.sonoraenequipo.com.mx\/storage\/2021\/04\/presidente-Lopez-Obrador_opt.jpg","datePublished":"2021-04-16T15:30:44+00:00","dateModified":"2021-04-16T22:25:46+00:00","description":"CIUDAD DE M\u00c9XICO. MX. \u2014 El presidente Andr\u00e9s Manuel L\u00f3pez Obrador encabez\u00f3 la presentaci\u00f3n del calendario de vacunaci\u00f3n contra COVID-19 al personal En Sonora en Equipo publicamos toda la informaci\u00f3n de Sonora, M\u00e9xico y el Mundo de manera oportuna y busca que la libertad de expresi\u00f3n sea real. Visita nuestro medio informativo publicado desde Hermosillo, Sonora. %","breadcrumb":{"@id":"https:\/\/www.sonoraenequipo.com.mx\/presentan-calendario-de-vacunacion-contra-covid-19-a-personal-educativo-de-escuelas-publicas-y-privadas\/#breadcrumb"},"inLanguage":"es","potentialAction":[{"@type":"ReadAction","target":["https:\/\/www.sonoraenequipo.com.mx\/presentan-calendario-de-vacunacion-contra-covid-19-a-personal-educativo-de-escuelas-publicas-y-privadas\/"]}]},{"@type":"ImageObject","inLanguage":"es","@id":"https:\/\/www.sonoraenequipo.com.mx\/presentan-calendario-de-vacunacion-contra-covid-19-a-personal-educativo-de-escuelas-publicas-y-privadas\/#primaryimage","url":"https:\/\/www.sonoraenequipo.com.mx\/storage\/2021\/04\/presidente-Lopez-Obrador_opt.jpg","contentUrl":"https:\/\/www.sonoraenequipo.com.mx\/storage\/2021\/04\/presidente-Lopez-Obrador_opt.jpg","width":601,"height":400},{"@type":"BreadcrumbList","@id":"https:\/\/www.sonoraenequipo.com.mx\/presentan-calendario-de-vacunacion-contra-covid-19-a-personal-educativo-de-escuelas-publicas-y-privadas\/#breadcrumb","itemListElement":[{"@type":"ListItem","position":1,"name":"Portada","item":"https:\/\/www.sonoraenequipo.com.mx\/"},{"@type":"ListItem","position":2,"name":"Presentan calendario de vacunaci\u00f3n contra COVID-19 a personal educativo de escuelas p\u00fablicas y privadas"}]},{"@type":"WebSite","@id":"https:\/\/www.sonoraenequipo.com.mx\/#website","url":"https:\/\/www.sonoraenequipo.com.mx\/","name":"Sonora en Equipo.","description":"Diario en l\u00ednea con Noticias desde Hermosillo, Sonora","publisher":{"@id":"https:\/\/www.sonoraenequipo.com.mx\/#organization"},"potentialAction":[{"@type":"SearchAction","target":{"@type":"EntryPoint","urlTemplate":"https:\/\/www.sonoraenequipo.com.mx\/?s={search_term_string}"},"query-input":{"@type":"PropertyValueSpecification","valueRequired":true,"valueName":"search_term_string"}}],"inLanguage":"es"},{"@type":"Organization","@id":"https:\/\/www.sonoraenequipo.com.mx\/#organization","name":"Sonoraenequipo.com.mx","url":"https:\/\/www.sonoraenequipo.com.mx\/","logo":{"@type":"ImageObject","inLanguage":"es","@id":"https:\/\/www.sonoraenequipo.com.mx\/#\/schema\/logo\/image\/","url":"https:\/\/www.sonoraenequipo.com.mx\/storage\/2019\/01\/sonoraenequipo_opt.png","contentUrl":"https:\/\/www.sonoraenequipo.com.mx\/storage\/2019\/01\/sonoraenequipo_opt.png","width":375,"height":125,"caption":"Sonoraenequipo.com.mx"},"image":{"@id":"https:\/\/www.sonoraenequipo.com.mx\/#\/schema\/logo\/image\/"},"sameAs":["https:\/\/www.facebook.com\/SonoraEE\/","https:\/\/x.com\/sonoraenequipo","https:\/\/www.youtube.com\/channel\/UC338nW-lPEYmJQs4ZABQ1SQ"]},{"@type":"Person","@id":"https:\/\/www.sonoraenequipo.com.mx\/#\/schema\/person\/50102df0fb23a8fa9e8effad8fa81386","name":"enequipo","image":{"@type":"ImageObject","inLanguage":"es","@id":"https:\/\/www.sonoraenequipo.com.mx\/#\/schema\/person\/image\/","url":"https:\/\/secure.gravatar.com\/avatar\/049821681b589dabc0bc20695993ccebb09f5b5d4d790cd9251b97faac7c652b?s=96&d=blank&r=g","contentUrl":"https:\/\/secure.gravatar.com\/avatar\/049821681b589dabc0bc20695993ccebb09f5b5d4d790cd9251b97faac7c652b?s=96&d=blank&r=g","caption":"enequipo"},"sameAs":["https:\/\/www.facebook.com\/SonoraEE"]}]}},"jetpack_featured_media_url":"https:\/\/www.sonoraenequipo.com.mx\/storage\/2021\/04\/presidente-Lopez-Obrador_opt.jpg","_links":{"self":[{"href":"https:\/\/www.sonoraenequipo.com.mx\/api\/wp\/v2\/posts\/111771","targetHints":{"allow":["GET"]}}],"collection":[{"href":"https:\/\/www.sonoraenequipo.com.mx\/api\/wp\/v2\/posts"}],"about":[{"href":"https:\/\/www.sonoraenequipo.com.mx\/api\/wp\/v2\/types\/post"}],"author":[{"embeddable":true,"href":"https:\/\/www.sonoraenequipo.com.mx\/api\/wp\/v2\/users\/1"}],"replies":[{"embeddable":true,"href":"https:\/\/www.sonoraenequipo.com.mx\/api\/wp\/v2\/comments?post=111771"}],"version-history":[{"count":3,"href":"https:\/\/www.sonoraenequipo.com.mx\/api\/wp\/v2\/posts\/111771\/revisions"}],"predecessor-version":[{"id":111775,"href":"https:\/\/www.sonoraenequipo.com.mx\/api\/wp\/v2\/posts\/111771\/revisions\/111775"}],"wp:featuredmedia":[{"embeddable":true,"href":"https:\/\/www.sonoraenequipo.com.mx\/api\/wp\/v2\/media\/111772"}],"wp:attachment":[{"href":"https:\/\/www.sonoraenequipo.com.mx\/api\/wp\/v2\/media?parent=111771"}],"wp:term":[{"taxonomy":"category","embeddable":true,"href":"https:\/\/www.sonoraenequipo.com.mx\/api\/wp\/v2\/categories?post=111771"},{"taxonomy":"post_tag","embeddable":true,"href":"https:\/\/www.sonoraenequipo.com.mx\/api\/wp\/v2\/tags?post=111771"}],"curies":[{"name":"wp","href":"https:\/\/api.w.org\/{rel}","templated":true}]}}