{"id":111789,"date":"2021-04-16T13:45:14","date_gmt":"2021-04-16T20:45:14","guid":{"rendered":"https:\/\/www.sonoraenequipo.com.mx\/?p=111789"},"modified":"2021-04-16T19:43:12","modified_gmt":"2021-04-17T02:43:12","slug":"ligan-al-candidato-de-movimiento-ciudadano-samuel-garcia-con-cartel-del-golfo","status":"publish","type":"post","link":"https:\/\/www.sonoraenequipo.com.mx\/ligan-al-candidato-de-movimiento-ciudadano-samuel-garcia-con-cartel-del-golfo\/","title":{"rendered":"Ligan al candidato de Movimiento Ciudadano Samuel Garc\u00eda con C\u00e1rtel del Golfo"},"content":{"rendered":"<p>CIUDAD DE M\u00c9XICO. MX. \u2014 El candidato de la coalici\u00f3n PRI-PRD al gobierno de Nuevo Le\u00f3n, Adri\u00e1n de la Garza Santos, divulg\u00f3 un video en donde, afirm\u00f3, se muestra la relaci\u00f3n cercana de la familia del aspirante de Movimiento Ciudadano a la gubernatura del estado, Samuel Garc\u00eda Sep\u00falveda, con la familia del exl\u00edder del C\u00e1rtel del Golfo. Seg\u00fan el candidato, en las im\u00e1genes se ve a Garc\u00eda Sep\u00falveda, de 9 a\u00f1os, en una fiesta de cumplea\u00f1os de uno de los hijos de Gilberto Garc\u00eda Mena \u00abEl June\u00bb, exl\u00edder del C\u00e1rtel del Golfo.<\/p>\n<p>&nbsp;<\/p>\n<p> <\/p>\n<p>&nbsp;<\/p>\n<p>De la Garza Santos agreg\u00f3 que entre los invitados tambi\u00e9n estaba H\u00e9ctor Beltr\u00e1n Leyva, exl\u00edder del C\u00e1rtel de Sinaloa. Ante esto, adelant\u00f3 que presentar\u00e1 ante la Fiscal\u00eda General de la Rep\u00fablica y la Fiscal\u00eda Especializada en Delitos Electorales dos denuncias contra su adversario de Movimiento Ciudadano por presuntas operaciones de lavado de dinero en la adquisici\u00f3n de bienes inmuebles y porque en los informes de fiscalizaci\u00f3n de su campa\u00f1a, presenta gastos superiores en 7.6 millones de pesos respecto a los ingresos reportados. <em>\u00abCon esto, se desvirt\u00faa de manera categ\u00f3rica la mentira que sistem\u00e1ticamente ha sostenido Samuel Garc\u00eda, en el sentido de negar cualquier relaci\u00f3n con &#8216;El June&#8217;, al asegurar que cuando \u00e9ste fue encarcelado, \u00e9l s\u00f3lo ten\u00eda tres a\u00f1os y tomaba biber\u00f3n\u00bb,<\/em> dijo Adri\u00e1n de la Garza.<\/p>\n<p>&nbsp;<\/p>\n<p>En el video de la fiesta el candidato de la coalici\u00f3n PRI-PRD incluy\u00f3 fragmentos de entrevistas, donde Samuel Garc\u00eda ya como aspirante a la gubernatura, se\u00f1al\u00f3 <em>\u00aba ese sujeto (El June) no lo conozco, s\u00e9 que tiene ya 20 a\u00f1os en la c\u00e1rcel, (pero) no tengo idea qu\u00e9 hizo o qu\u00e9 haya hecho\u00bb.<\/em><\/p>\n<p>&nbsp;<\/p>\n<p>En la grabaci\u00f3n tambi\u00e9n se ve que el candidato de Movimiento Ciudadano dice: <em>\u00absupe hace mucho tiempo que hab\u00eda un primo lejano de pap\u00e1, que estaba en el botiqu\u00edn, pero ni es tema (de la campa\u00f1a) ni lo ser\u00e1, porque no lo conozco\u00bb.<\/em><img loading=\"lazy\" decoding=\"async\" class=\" size-full x-right\" src=\"https:\/\/mexicoenequipo.com\/storage\/2021\/04\/samuel_narco_opt.jpg\" alt=\"\" width=\"648\" height=\"400\" \/><\/p>\n<p>&nbsp;<\/p>\n<p>En otro momento, afirm\u00f3:<em> \u00ab\u2026lo acept\u00e9 y lo dije p\u00fablicamente, es familiar lejano de pap\u00e1, no lo conozco, lleva 30 a\u00f1os en la c\u00e1rcel, y yo ya tengo 33 a\u00f1os, ah\u00ed s\u00ed creo que est\u00e1 muy estirado, quererme involucrar con una persona que cuando yo tomaba biber\u00f3n, ahora sea el que me paga campa\u00f1as o haya parentesco\u00bb<\/em>. Cabe mencionar que Garc\u00eda Mena fue detenido en abril de 2001, hace 20 a\u00f1os, y no lleva 30 a\u00f1os preso como se\u00f1al\u00f3 Samuel Garc\u00eda.<\/p>\n<p>&nbsp;<\/p>\n<p>&nbsp;<\/p>\n<p>El video divulgado por Adri\u00e1n de la Garza corresponde a una fiesta por los 15 a\u00f1os de Gilberto Garc\u00eda Hinojosa, hijo de Gilberto Garc\u00eda Mena, en donde aparecen entre los invitados del exl\u00edder del CDG, adem\u00e1s de su primo hermano, Samuel Orlando Garc\u00eda Mascorro (padre de Samuel), y otros familiares, el entonces l\u00edder del C\u00e1rtel de Sinaloa, H\u00e9ctor Beltr\u00e1n Leyva.<\/p>\n<p>&nbsp;<\/p>\n<p>Adem\u00e1s del video presentado, asever\u00f3 Adri\u00e1n de la Garza, tiene informaci\u00f3n relativa a dep\u00f3sitos en efectivo realizados por Enrique Gonz\u00e1lez Palomares, empleado del despacho de abogados Firma Jur\u00eddica y Fiscal SC, propiedad de Samuel Garc\u00eda y su padre Samuel Garc\u00eda Mascorro, a una cuenta bancaria de la familia directa de Gilberto Garc\u00eda Mena. El \u00faltimo de estos dep\u00f3sitos, expres\u00f3, se hizo apenas el mes pasado por cien mil pesos en efectivo.<\/p>\n<p>&nbsp;<\/p>\n<p><em>\u00abSeguir\u00e9 ampliando esta informaci\u00f3n de investigaci\u00f3n que, dijo, fortalece la evidencia de los nexos entre Samuel Garc\u00eda Sep\u00falveda y la familia de Gilberto Garc\u00eda Mena, &#8216;El June&#8217;. Asimismo, sostuvo, vinculado a las actividades de Garc\u00eda (Samuel) y sus familiares, se han detectado diferentes operaciones inmobiliarias p\u00fablicas, cuyo com\u00fan denominador es la utilizaci\u00f3n de donaciones en pago para realizar la adquisici\u00f3n de propiedades. \u00abUn m\u00e9todo com\u00fanmente utilizado para concretar operaciones con recursos de procedencia il\u00edcita, conocidas como lavado de dinero\u00bb,<\/em> se\u00f1al\u00f3.<\/p>\n<p>&nbsp;<\/p>\n<p>Adem\u00e1s agreg\u00f3 que otras operaciones inmobiliarias se realizaron a precios muy inferiores del valor del mercado, en fechas cercanas y posteriores a la aprehensi\u00f3n de Garc\u00eda Mena, <em>\u00abEl June\u00bb<\/em>, en abril de 2001. El candidato del PRI-PRD al gobierno estatal record\u00f3 que gente muy cercana a \u00e9l, falleci\u00f3 en la lucha contra el narcotr\u00e1fico y el crimen organizado, como Marcelo Garza, Homero Salcido, Guadalupe B\u00e1ez, Antonio Montiel y muchos otros.<\/p>\n<p>&nbsp;<\/p>\n<p>Ante esto dijo: <em>\u00abno voy a permitir que Nuevo Le\u00f3n se convierta en un narco estado, rebasado por la delincuencia, como hoy sucede en Jalisco, la \u00fanica entidad gobernada por MC, donde el c\u00e1rtel Jalisco Nueva Generaci\u00f3n, se ha apoderado de las calles y las ha inundado de violencia\u00bb.<\/em><\/p>\n<p>&nbsp;<\/p>\n<p>Samuel Garc\u00eda responde a video de De la Garza<\/p>\n<p>&nbsp;<\/p>\n<p>En respuesta, Samuel Garc\u00eda dijo que hoy fueron colgadas algunas mantas por Adri\u00e1n de la Garza, donde se le relaciona con el crimen organizado, y m\u00e1s tarde, el priista divulg\u00f3 un video <em>\u00abdonde bailaba a mis nueve a\u00f1os, qu\u00e9 mal bailaba, por cierto; pero eso no es un delito\u00bb.<\/em><\/p>\n<p>&nbsp;<\/p>\n<p>Agreg\u00f3 que la difusi\u00f3n del video, muestra que Adri\u00e1n de la Garza est\u00e1 desesperado,<em> \u00abporque ya llevamos diez puntos de ventaja, y es capaz de presentar cada vacilada, haciendo hasta el rid\u00edculo, con tal de seguir saqueando a Nuevo Le\u00f3n\u00bb. \u00abPero a diferencia tuya, yo soy incorruptible, s\u00edguele buscando no vas a encontrar nada, porque a diferencia de los Medina (el exgobernador Rodrigo Medina y su padre), todo lo que he hecho es por mi trabajo y en eso soy muy bueno\u00bb<\/em>, concluy\u00f3 el candidato de MC, sin aclarar el parentesco o relaci\u00f3n con los presuntos criminales.<\/p>\n<p>&nbsp;<\/p>\n<p>&nbsp;<\/p>\n<p>(Publicada el 16\/04\/2021)<\/p>\n","protected":false},"excerpt":{"rendered":"<p>CIUDAD DE M\u00c9XICO. MX. \u2014 El candidato de la coalici\u00f3n PRI-PRD al gobierno de Nuevo&#8230;<\/p>\n","protected":false},"author":1,"featured_media":111791,"comment_status":"open","ping_status":"open","sticky":false,"template":"","format":"standard","meta":{"_monsterinsights_skip_tracking":false,"_monsterinsights_sitenote_active":false,"_monsterinsights_sitenote_note":"","_monsterinsights_sitenote_category":0,"footnotes":""},"categories":[5],"tags":[],"class_list":["post"],"yoast_head":" \n<title>Sonora en Equipo. Ligan al candidato de Movimiento Ciudadano Samuel Garc\u00eda con C\u00e1rtel del Golfo Rep\u00fablica<\/title>\n<meta name=\"description\" content=\"CIUDAD DE M\u00c9XICO. MX. \u2014 El candidato de la coalici\u00f3n PRI-PRD al gobierno de Nuevo Le\u00f3n, Adri\u00e1n de la Garza Santos, divulg\u00f3 un video en donde, afirm\u00f3, se En Sonora en Equipo publicamos toda la informaci\u00f3n de Sonora, M\u00e9xico y el Mundo de manera oportuna y busca que la libertad de expresi\u00f3n sea real. Visita nuestro medio informativo publicado desde Hermosillo, Sonora. %\" \/>\n<meta name=\"robots\" content=\"index, follow, max-snippet:-1, max-image-preview:large, max-video-preview:-1\" \/>\n<link rel=\"canonical\" href=\"https:\/\/www.sonoraenequipo.com.mx\/ligan-al-candidato-de-movimiento-ciudadano-samuel-garcia-con-cartel-del-golfo\/\" \/>\n<meta property=\"og:locale\" content=\"es_ES\" \/>\n<meta property=\"og:type\" content=\"article\" \/>\n<meta property=\"og:title\" content=\"Sonora en Equipo. Ligan al candidato de Movimiento Ciudadano Samuel Garc\u00eda con C\u00e1rtel del Golfo Rep\u00fablica\" \/>\n<meta property=\"og:description\" content=\"CIUDAD DE M\u00c9XICO. MX. \u2014 El candidato de la coalici\u00f3n PRI-PRD al gobierno de Nuevo Le\u00f3n, Adri\u00e1n de la Garza Santos, divulg\u00f3 un video en donde, afirm\u00f3, se En Sonora en Equipo publicamos toda la informaci\u00f3n de Sonora, M\u00e9xico y el Mundo de manera oportuna y busca que la libertad de expresi\u00f3n sea real. Visita nuestro medio informativo publicado desde Hermosillo, Sonora. %\" \/>\n<meta property=\"og:url\" content=\"https:\/\/www.sonoraenequipo.com.mx\/ligan-al-candidato-de-movimiento-ciudadano-samuel-garcia-con-cartel-del-golfo\/\" \/>\n<meta property=\"og:site_name\" content=\"Sonora en Equipo.\" \/>\n<meta property=\"article:publisher\" content=\"https:\/\/www.facebook.com\/SonoraEE\/\" \/>\n<meta property=\"article:author\" content=\"https:\/\/www.facebook.com\/SonoraEE\" \/>\n<meta property=\"article:published_time\" content=\"2021-04-16T20:45:14+00:00\" \/>\n<meta property=\"article:modified_time\" content=\"2021-04-17T02:43:12+00:00\" \/>\n<meta property=\"og:image\" content=\"https:\/\/www.sonoraenequipo.com.mx\/storage\/2021\/04\/gastos-al-por-mayor-hace-MC_opt.jpg\" \/>\n\t<meta property=\"og:image:width\" content=\"600\" \/>\n\t<meta property=\"og:image:height\" content=\"400\" \/>\n\t<meta property=\"og:image:type\" content=\"image\/jpeg\" \/>\n<meta name=\"author\" content=\"enequipo\" \/>\n<meta name=\"twitter:card\" content=\"summary_large_image\" \/>\n<meta name=\"twitter:creator\" content=\"@sonoraenequipo\" \/>\n<meta name=\"twitter:site\" content=\"@sonoraenequipo\" \/>\n<meta name=\"twitter:label1\" content=\"Escrito por\" \/>\n\t<meta name=\"twitter:data1\" content=\"enequipo\" \/>\n\t<meta name=\"twitter:label2\" content=\"Tiempo de lectura\" \/>\n\t<meta name=\"twitter:data2\" content=\"5 minutos\" \/>\n<script type=\"application\/ld+json\" class=\"yoast-schema-graph\">{\"@context\":\"https:\/\/schema.org\",\"@graph\":[{\"@type\":\"Article\",\"@id\":\"https:\/\/www.sonoraenequipo.com.mx\/ligan-al-candidato-de-movimiento-ciudadano-samuel-garcia-con-cartel-del-golfo\/#article\",\"isPartOf\":{\"@id\":\"https:\/\/www.sonoraenequipo.com.mx\/ligan-al-candidato-de-movimiento-ciudadano-samuel-garcia-con-cartel-del-golfo\/\"},\"author\":{\"name\":\"enequipo\",\"@id\":\"https:\/\/www.sonoraenequipo.com.mx\/#\/schema\/person\/50102df0fb23a8fa9e8effad8fa81386\"},\"headline\":\"Ligan al candidato de Movimiento Ciudadano Samuel Garc\u00eda con C\u00e1rtel del Golfo\",\"datePublished\":\"2021-04-16T20:45:14+00:00\",\"dateModified\":\"2021-04-17T02:43:12+00:00\",\"mainEntityOfPage\":{\"@id\":\"https:\/\/www.sonoraenequipo.com.mx\/ligan-al-candidato-de-movimiento-ciudadano-samuel-garcia-con-cartel-del-golfo\/\"},\"wordCount\":1016,\"commentCount\":0,\"publisher\":{\"@id\":\"https:\/\/www.sonoraenequipo.com.mx\/#organization\"},\"image\":{\"@id\":\"https:\/\/www.sonoraenequipo.com.mx\/ligan-al-candidato-de-movimiento-ciudadano-samuel-garcia-con-cartel-del-golfo\/#primaryimage\"},\"thumbnailUrl\":\"https:\/\/www.sonoraenequipo.com.mx\/storage\/2021\/04\/gastos-al-por-mayor-hace-MC_opt.jpg\",\"articleSection\":[\"Rep\u00fablica\"],\"inLanguage\":\"es\",\"potentialAction\":[{\"@type\":\"CommentAction\",\"name\":\"Comment\",\"target\":[\"https:\/\/www.sonoraenequipo.com.mx\/ligan-al-candidato-de-movimiento-ciudadano-samuel-garcia-con-cartel-del-golfo\/#respond\"]}]},{\"@type\":\"WebPage\",\"@id\":\"https:\/\/www.sonoraenequipo.com.mx\/ligan-al-candidato-de-movimiento-ciudadano-samuel-garcia-con-cartel-del-golfo\/\",\"url\":\"https:\/\/www.sonoraenequipo.com.mx\/ligan-al-candidato-de-movimiento-ciudadano-samuel-garcia-con-cartel-del-golfo\/\",\"name\":\"Sonora en Equipo. Ligan al candidato de Movimiento Ciudadano Samuel Garc\u00eda con C\u00e1rtel del Golfo Rep\u00fablica\",\"isPartOf\":{\"@id\":\"https:\/\/www.sonoraenequipo.com.mx\/#website\"},\"primaryImageOfPage\":{\"@id\":\"https:\/\/www.sonoraenequipo.com.mx\/ligan-al-candidato-de-movimiento-ciudadano-samuel-garcia-con-cartel-del-golfo\/#primaryimage\"},\"image\":{\"@id\":\"https:\/\/www.sonoraenequipo.com.mx\/ligan-al-candidato-de-movimiento-ciudadano-samuel-garcia-con-cartel-del-golfo\/#primaryimage\"},\"thumbnailUrl\":\"https:\/\/www.sonoraenequipo.com.mx\/storage\/2021\/04\/gastos-al-por-mayor-hace-MC_opt.jpg\",\"datePublished\":\"2021-04-16T20:45:14+00:00\",\"dateModified\":\"2021-04-17T02:43:12+00:00\",\"description\":\"CIUDAD DE M\u00c9XICO. MX. \u2014 El candidato de la coalici\u00f3n PRI-PRD al gobierno de Nuevo Le\u00f3n, Adri\u00e1n de la Garza Santos, divulg\u00f3 un video en donde, afirm\u00f3, se En Sonora en Equipo publicamos toda la informaci\u00f3n de Sonora, M\u00e9xico y el Mundo de manera oportuna y busca que la libertad de expresi\u00f3n sea real. Visita nuestro medio informativo publicado desde Hermosillo, Sonora. %\",\"breadcrumb\":{\"@id\":\"https:\/\/www.sonoraenequipo.com.mx\/ligan-al-candidato-de-movimiento-ciudadano-samuel-garcia-con-cartel-del-golfo\/#breadcrumb\"},\"inLanguage\":\"es\",\"potentialAction\":[{\"@type\":\"ReadAction\",\"target\":[\"https:\/\/www.sonoraenequipo.com.mx\/ligan-al-candidato-de-movimiento-ciudadano-samuel-garcia-con-cartel-del-golfo\/\"]}]},{\"@type\":\"ImageObject\",\"inLanguage\":\"es\",\"@id\":\"https:\/\/www.sonoraenequipo.com.mx\/ligan-al-candidato-de-movimiento-ciudadano-samuel-garcia-con-cartel-del-golfo\/#primaryimage\",\"url\":\"https:\/\/www.sonoraenequipo.com.mx\/storage\/2021\/04\/gastos-al-por-mayor-hace-MC_opt.jpg\",\"contentUrl\":\"https:\/\/www.sonoraenequipo.com.mx\/storage\/2021\/04\/gastos-al-por-mayor-hace-MC_opt.jpg\",\"width\":600,\"height\":400},{\"@type\":\"BreadcrumbList\",\"@id\":\"https:\/\/www.sonoraenequipo.com.mx\/ligan-al-candidato-de-movimiento-ciudadano-samuel-garcia-con-cartel-del-golfo\/#breadcrumb\",\"itemListElement\":[{\"@type\":\"ListItem\",\"position\":1,\"name\":\"Portada\",\"item\":\"https:\/\/www.sonoraenequipo.com.mx\/\"},{\"@type\":\"ListItem\",\"position\":2,\"name\":\"Ligan al candidato de Movimiento Ciudadano Samuel Garc\u00eda con C\u00e1rtel del Golfo\"}]},{\"@type\":\"WebSite\",\"@id\":\"https:\/\/www.sonoraenequipo.com.mx\/#website\",\"url\":\"https:\/\/www.sonoraenequipo.com.mx\/\",\"name\":\"Sonora en Equipo.\",\"description\":\"Diario en l\u00ednea con Noticias desde Hermosillo, Sonora\",\"publisher\":{\"@id\":\"https:\/\/www.sonoraenequipo.com.mx\/#organization\"},\"potentialAction\":[{\"@type\":\"SearchAction\",\"target\":{\"@type\":\"EntryPoint\",\"urlTemplate\":\"https:\/\/www.sonoraenequipo.com.mx\/?s={search_term_string}\"},\"query-input\":{\"@type\":\"PropertyValueSpecification\",\"valueRequired\":true,\"valueName\":\"search_term_string\"}}],\"inLanguage\":\"es\"},{\"@type\":\"Organization\",\"@id\":\"https:\/\/www.sonoraenequipo.com.mx\/#organization\",\"name\":\"Sonoraenequipo.com.mx\",\"url\":\"https:\/\/www.sonoraenequipo.com.mx\/\",\"logo\":{\"@type\":\"ImageObject\",\"inLanguage\":\"es\",\"@id\":\"https:\/\/www.sonoraenequipo.com.mx\/#\/schema\/logo\/image\/\",\"url\":\"https:\/\/www.sonoraenequipo.com.mx\/storage\/2019\/01\/sonoraenequipo_opt.png\",\"contentUrl\":\"https:\/\/www.sonoraenequipo.com.mx\/storage\/2019\/01\/sonoraenequipo_opt.png\",\"width\":375,\"height\":125,\"caption\":\"Sonoraenequipo.com.mx\"},\"image\":{\"@id\":\"https:\/\/www.sonoraenequipo.com.mx\/#\/schema\/logo\/image\/\"},\"sameAs\":[\"https:\/\/www.facebook.com\/SonoraEE\/\",\"https:\/\/x.com\/sonoraenequipo\",\"https:\/\/www.youtube.com\/channel\/UC338nW-lPEYmJQs4ZABQ1SQ\"]},{\"@type\":\"Person\",\"@id\":\"https:\/\/www.sonoraenequipo.com.mx\/#\/schema\/person\/50102df0fb23a8fa9e8effad8fa81386\",\"name\":\"enequipo\",\"image\":{\"@type\":\"ImageObject\",\"inLanguage\":\"es\",\"@id\":\"https:\/\/www.sonoraenequipo.com.mx\/#\/schema\/person\/image\/\",\"url\":\"https:\/\/secure.gravatar.com\/avatar\/049821681b589dabc0bc20695993ccebb09f5b5d4d790cd9251b97faac7c652b?s=96&d=blank&r=g\",\"contentUrl\":\"https:\/\/secure.gravatar.com\/avatar\/049821681b589dabc0bc20695993ccebb09f5b5d4d790cd9251b97faac7c652b?s=96&d=blank&r=g\",\"caption\":\"enequipo\"},\"sameAs\":[\"https:\/\/www.facebook.com\/SonoraEE\"]}]}<\/script>\n ","yoast_head_json":{"title":"Sonora en Equipo. Ligan al candidato de Movimiento Ciudadano Samuel Garc\u00eda con C\u00e1rtel del Golfo Rep\u00fablica","description":"CIUDAD DE M\u00c9XICO. MX. \u2014 El candidato de la coalici\u00f3n PRI-PRD al gobierno de Nuevo Le\u00f3n, Adri\u00e1n de la Garza Santos, divulg\u00f3 un video en donde, afirm\u00f3, se En Sonora en Equipo publicamos toda la informaci\u00f3n de Sonora, M\u00e9xico y el Mundo de manera oportuna y busca que la libertad de expresi\u00f3n sea real. Visita nuestro medio informativo publicado desde Hermosillo, Sonora. %","robots":{"index":"index","follow":"follow","max-snippet":"max-snippet:-1","max-image-preview":"max-image-preview:large","max-video-preview":"max-video-preview:-1"},"canonical":"https:\/\/www.sonoraenequipo.com.mx\/ligan-al-candidato-de-movimiento-ciudadano-samuel-garcia-con-cartel-del-golfo\/","og_locale":"es_ES","og_type":"article","og_title":"Sonora en Equipo. Ligan al candidato de Movimiento Ciudadano Samuel Garc\u00eda con C\u00e1rtel del Golfo Rep\u00fablica","og_description":"CIUDAD DE M\u00c9XICO. MX. \u2014 El candidato de la coalici\u00f3n PRI-PRD al gobierno de Nuevo Le\u00f3n, Adri\u00e1n de la Garza Santos, divulg\u00f3 un video en donde, afirm\u00f3, se En Sonora en Equipo publicamos toda la informaci\u00f3n de Sonora, M\u00e9xico y el Mundo de manera oportuna y busca que la libertad de expresi\u00f3n sea real. Visita nuestro medio informativo publicado desde Hermosillo, Sonora. %","og_url":"https:\/\/www.sonoraenequipo.com.mx\/ligan-al-candidato-de-movimiento-ciudadano-samuel-garcia-con-cartel-del-golfo\/","og_site_name":"Sonora en Equipo.","article_publisher":"https:\/\/www.facebook.com\/SonoraEE\/","article_author":"https:\/\/www.facebook.com\/SonoraEE","article_published_time":"2021-04-16T20:45:14+00:00","article_modified_time":"2021-04-17T02:43:12+00:00","og_image":[{"width":600,"height":400,"url":"https:\/\/www.sonoraenequipo.com.mx\/storage\/2021\/04\/gastos-al-por-mayor-hace-MC_opt.jpg","type":"image\/jpeg"}],"author":"enequipo","twitter_card":"summary_large_image","twitter_creator":"@sonoraenequipo","twitter_site":"@sonoraenequipo","twitter_misc":{"Escrito por":"enequipo","Tiempo de lectura":"5 minutos"},"schema":{"@context":"https:\/\/schema.org","@graph":[{"@type":"Article","@id":"https:\/\/www.sonoraenequipo.com.mx\/ligan-al-candidato-de-movimiento-ciudadano-samuel-garcia-con-cartel-del-golfo\/#article","isPartOf":{"@id":"https:\/\/www.sonoraenequipo.com.mx\/ligan-al-candidato-de-movimiento-ciudadano-samuel-garcia-con-cartel-del-golfo\/"},"author":{"name":"enequipo","@id":"https:\/\/www.sonoraenequipo.com.mx\/#\/schema\/person\/50102df0fb23a8fa9e8effad8fa81386"},"headline":"Ligan al candidato de Movimiento Ciudadano Samuel Garc\u00eda con C\u00e1rtel del Golfo","datePublished":"2021-04-16T20:45:14+00:00","dateModified":"2021-04-17T02:43:12+00:00","mainEntityOfPage":{"@id":"https:\/\/www.sonoraenequipo.com.mx\/ligan-al-candidato-de-movimiento-ciudadano-samuel-garcia-con-cartel-del-golfo\/"},"wordCount":1016,"commentCount":0,"publisher":{"@id":"https:\/\/www.sonoraenequipo.com.mx\/#organization"},"image":{"@id":"https:\/\/www.sonoraenequipo.com.mx\/ligan-al-candidato-de-movimiento-ciudadano-samuel-garcia-con-cartel-del-golfo\/#primaryimage"},"thumbnailUrl":"https:\/\/www.sonoraenequipo.com.mx\/storage\/2021\/04\/gastos-al-por-mayor-hace-MC_opt.jpg","articleSection":["Rep\u00fablica"],"inLanguage":"es","potentialAction":[{"@type":"CommentAction","name":"Comment","target":["https:\/\/www.sonoraenequipo.com.mx\/ligan-al-candidato-de-movimiento-ciudadano-samuel-garcia-con-cartel-del-golfo\/#respond"]}]},{"@type":"WebPage","@id":"https:\/\/www.sonoraenequipo.com.mx\/ligan-al-candidato-de-movimiento-ciudadano-samuel-garcia-con-cartel-del-golfo\/","url":"https:\/\/www.sonoraenequipo.com.mx\/ligan-al-candidato-de-movimiento-ciudadano-samuel-garcia-con-cartel-del-golfo\/","name":"Sonora en Equipo. Ligan al candidato de Movimiento Ciudadano Samuel Garc\u00eda con C\u00e1rtel del Golfo Rep\u00fablica","isPartOf":{"@id":"https:\/\/www.sonoraenequipo.com.mx\/#website"},"primaryImageOfPage":{"@id":"https:\/\/www.sonoraenequipo.com.mx\/ligan-al-candidato-de-movimiento-ciudadano-samuel-garcia-con-cartel-del-golfo\/#primaryimage"},"image":{"@id":"https:\/\/www.sonoraenequipo.com.mx\/ligan-al-candidato-de-movimiento-ciudadano-samuel-garcia-con-cartel-del-golfo\/#primaryimage"},"thumbnailUrl":"https:\/\/www.sonoraenequipo.com.mx\/storage\/2021\/04\/gastos-al-por-mayor-hace-MC_opt.jpg","datePublished":"2021-04-16T20:45:14+00:00","dateModified":"2021-04-17T02:43:12+00:00","description":"CIUDAD DE M\u00c9XICO. MX. \u2014 El candidato de la coalici\u00f3n PRI-PRD al gobierno de Nuevo Le\u00f3n, Adri\u00e1n de la Garza Santos, divulg\u00f3 un video en donde, afirm\u00f3, se En Sonora en Equipo publicamos toda la informaci\u00f3n de Sonora, M\u00e9xico y el Mundo de manera oportuna y busca que la libertad de expresi\u00f3n sea real. Visita nuestro medio informativo publicado desde Hermosillo, Sonora. %","breadcrumb":{"@id":"https:\/\/www.sonoraenequipo.com.mx\/ligan-al-candidato-de-movimiento-ciudadano-samuel-garcia-con-cartel-del-golfo\/#breadcrumb"},"inLanguage":"es","potentialAction":[{"@type":"ReadAction","target":["https:\/\/www.sonoraenequipo.com.mx\/ligan-al-candidato-de-movimiento-ciudadano-samuel-garcia-con-cartel-del-golfo\/"]}]},{"@type":"ImageObject","inLanguage":"es","@id":"https:\/\/www.sonoraenequipo.com.mx\/ligan-al-candidato-de-movimiento-ciudadano-samuel-garcia-con-cartel-del-golfo\/#primaryimage","url":"https:\/\/www.sonoraenequipo.com.mx\/storage\/2021\/04\/gastos-al-por-mayor-hace-MC_opt.jpg","contentUrl":"https:\/\/www.sonoraenequipo.com.mx\/storage\/2021\/04\/gastos-al-por-mayor-hace-MC_opt.jpg","width":600,"height":400},{"@type":"BreadcrumbList","@id":"https:\/\/www.sonoraenequipo.com.mx\/ligan-al-candidato-de-movimiento-ciudadano-samuel-garcia-con-cartel-del-golfo\/#breadcrumb","itemListElement":[{"@type":"ListItem","position":1,"name":"Portada","item":"https:\/\/www.sonoraenequipo.com.mx\/"},{"@type":"ListItem","position":2,"name":"Ligan al candidato de Movimiento Ciudadano Samuel Garc\u00eda con C\u00e1rtel del Golfo"}]},{"@type":"WebSite","@id":"https:\/\/www.sonoraenequipo.com.mx\/#website","url":"https:\/\/www.sonoraenequipo.com.mx\/","name":"Sonora en Equipo.","description":"Diario en l\u00ednea con Noticias desde Hermosillo, Sonora","publisher":{"@id":"https:\/\/www.sonoraenequipo.com.mx\/#organization"},"potentialAction":[{"@type":"SearchAction","target":{"@type":"EntryPoint","urlTemplate":"https:\/\/www.sonoraenequipo.com.mx\/?s={search_term_string}"},"query-input":{"@type":"PropertyValueSpecification","valueRequired":true,"valueName":"search_term_string"}}],"inLanguage":"es"},{"@type":"Organization","@id":"https:\/\/www.sonoraenequipo.com.mx\/#organization","name":"Sonoraenequipo.com.mx","url":"https:\/\/www.sonoraenequipo.com.mx\/","logo":{"@type":"ImageObject","inLanguage":"es","@id":"https:\/\/www.sonoraenequipo.com.mx\/#\/schema\/logo\/image\/","url":"https:\/\/www.sonoraenequipo.com.mx\/storage\/2019\/01\/sonoraenequipo_opt.png","contentUrl":"https:\/\/www.sonoraenequipo.com.mx\/storage\/2019\/01\/sonoraenequipo_opt.png","width":375,"height":125,"caption":"Sonoraenequipo.com.mx"},"image":{"@id":"https:\/\/www.sonoraenequipo.com.mx\/#\/schema\/logo\/image\/"},"sameAs":["https:\/\/www.facebook.com\/SonoraEE\/","https:\/\/x.com\/sonoraenequipo","https:\/\/www.youtube.com\/channel\/UC338nW-lPEYmJQs4ZABQ1SQ"]},{"@type":"Person","@id":"https:\/\/www.sonoraenequipo.com.mx\/#\/schema\/person\/50102df0fb23a8fa9e8effad8fa81386","name":"enequipo","image":{"@type":"ImageObject","inLanguage":"es","@id":"https:\/\/www.sonoraenequipo.com.mx\/#\/schema\/person\/image\/","url":"https:\/\/secure.gravatar.com\/avatar\/049821681b589dabc0bc20695993ccebb09f5b5d4d790cd9251b97faac7c652b?s=96&d=blank&r=g","contentUrl":"https:\/\/secure.gravatar.com\/avatar\/049821681b589dabc0bc20695993ccebb09f5b5d4d790cd9251b97faac7c652b?s=96&d=blank&r=g","caption":"enequipo"},"sameAs":["https:\/\/www.facebook.com\/SonoraEE"]}]}},"jetpack_featured_media_url":"https:\/\/www.sonoraenequipo.com.mx\/storage\/2021\/04\/gastos-al-por-mayor-hace-MC_opt.jpg","_links":{"self":[{"href":"https:\/\/www.sonoraenequipo.com.mx\/api\/wp\/v2\/posts\/111789","targetHints":{"allow":["GET"]}}],"collection":[{"href":"https:\/\/www.sonoraenequipo.com.mx\/api\/wp\/v2\/posts"}],"about":[{"href":"https:\/\/www.sonoraenequipo.com.mx\/api\/wp\/v2\/types\/post"}],"author":[{"embeddable":true,"href":"https:\/\/www.sonoraenequipo.com.mx\/api\/wp\/v2\/users\/1"}],"replies":[{"embeddable":true,"href":"https:\/\/www.sonoraenequipo.com.mx\/api\/wp\/v2\/comments?post=111789"}],"version-history":[{"count":1,"href":"https:\/\/www.sonoraenequipo.com.mx\/api\/wp\/v2\/posts\/111789\/revisions"}],"predecessor-version":[{"id":111792,"href":"https:\/\/www.sonoraenequipo.com.mx\/api\/wp\/v2\/posts\/111789\/revisions\/111792"}],"wp:featuredmedia":[{"embeddable":true,"href":"https:\/\/www.sonoraenequipo.com.mx\/api\/wp\/v2\/media\/111791"}],"wp:attachment":[{"href":"https:\/\/www.sonoraenequipo.com.mx\/api\/wp\/v2\/media?parent=111789"}],"wp:term":[{"taxonomy":"category","embeddable":true,"href":"https:\/\/www.sonoraenequipo.com.mx\/api\/wp\/v2\/categories?post=111789"},{"taxonomy":"post_tag","embeddable":true,"href":"https:\/\/www.sonoraenequipo.com.mx\/api\/wp\/v2\/tags?post=111789"}],"curies":[{"name":"wp","href":"https:\/\/api.w.org\/{rel}","templated":true}]}}