{"id":111803,"date":"2021-04-16T11:20:22","date_gmt":"2021-04-16T18:20:22","guid":{"rendered":"https:\/\/www.sonoraenequipo.com.mx\/?p=111803"},"modified":"2021-04-16T21:46:55","modified_gmt":"2021-04-17T04:46:55","slug":"anuncia-sec-periodo-extraordinario-de-registro-para-preinscripcion-en-linea-en-educacion-basica-ciclo-2021-2022","status":"publish","type":"post","link":"https:\/\/www.sonoraenequipo.com.mx\/anuncia-sec-periodo-extraordinario-de-registro-para-preinscripcion-en-linea-en-educacion-basica-ciclo-2021-2022\/","title":{"rendered":"Anuncia SEC per\u00edodo extraordinario de registro para Preinscripci\u00f3n en L\u00ednea en educaci\u00f3n B\u00e1sica, ciclo 2021-2022"},"content":{"rendered":"<p>HERMOSILLO, SONORA. MX.\u2014 Para que el inicio de clases en el ciclo 2021 &#8211; 2022 sea lo mejor organizado y prever las necesidades, del 19 al 30 de abril se abre un periodo extraordinario de Preinscripci\u00f3n en L\u00ednea para educaci\u00f3n B\u00e1sica, anunci\u00f3 V\u00edctor Guerrero Gonz\u00e1lez.<\/p>\n<p>&nbsp;<\/p>\n<p> <\/p>\n<p>&nbsp;<\/p>\n<p>El secretario de Educaci\u00f3n y Cultura indic\u00f3 que este per\u00edodo, realizado en acuerdo con la Secretar\u00eda de Educaci\u00f3n P\u00fablica, es para que las madres y padres de familia o tutores que no realizaron el tr\u00e1mite en febrero pasado puedan hacerlo a trav\u00e9s del portal <a href=\"http:\/\/www.yoremia.gob.mx.\"><strong>www.yoremia.gob.mx.<\/strong><\/a><\/p>\n<p>&nbsp;<\/p>\n<p>El objetivo, dijo Guerrero Gonz\u00e1lez, es garantizar el acceso a ni\u00f1as, ni\u00f1os y adolescentes que estudiar\u00e1n por primera vez preescolar, primero de primaria o primero de secundaria, en el ciclo escolar 2021-2022 en escuelas p\u00fablicas.<\/p>\n<p>&nbsp;<\/p>\n<p>Detall\u00f3 que se activar\u00e1 el acceso al portal a partir de las 8:00 horas del lunes 19 de abril y las madres y padres de familia o tutores podr\u00e1n completar el registro mediante una computadora o tel\u00e9fono m\u00f3vil con servicio de internet en el momento que m\u00e1s se les facilite, ya que podr\u00e1n hacerlo durante las 24 horas del d\u00eda.<\/p>\n<p>&nbsp;<\/p>\n<p>\u201cDicho periodo concluir\u00e1 a las 24 horas del viernes 30 de abril y durante todo el proceso se contar\u00e1 con una mesa de ayuda que brindar\u00e1 atenci\u00f3n telef\u00f3nica al padre, madre o tutor, para que complete el registro\u201d, manifest\u00f3.<\/p>\n<p>&nbsp;<\/p>\n<p>Al respecto, la subsecretaria de Educaci\u00f3n B\u00e1sica, Patricia Calles Villegas, explic\u00f3 que al ingresar al portal, deben registrar la CURP del menor, verificar los datos de nacimiento, o bien, generar un registro nuevo.<\/p>\n<p>&nbsp;<\/p>\n<p>Posteriormente, seleccionar\u00e1n las escuelas de su inter\u00e9s (hasta tres opciones disponibles) y deber\u00e1n registrar todos los datos solicitados e incluir documentos comprobatorios si el sistema lo solicita.<\/p>\n<p>&nbsp;<\/p>\n<p>Calles Villegas coment\u00f3 que el registro genera un folio o Ficha de Preinscripci\u00f3n, el cual se puede descargar o imprimir desde el portal.<\/p>\n<p>&nbsp;<\/p>\n<p>La edad de ingreso para preescolar es de cuatro a\u00f1os cumplidos al 31 de diciembre de 2021, en el caso de segundo grado, y de cinco a\u00f1os cumplidos al 31 de diciembre de 2021 para ni\u00f1as y ni\u00f1os que cursar\u00e1n tercer grado.<\/p>\n<p>&nbsp;<\/p>\n<p>Los alumnos de nuevo ingreso a primer grado de primaria deber\u00e1n tener 6 a\u00f1os cumplidos al 31 de diciembre de 2021, mientras que en el caso de secundaria, la edad de ingreso a Secundaria General y T\u00e9cnica deber\u00e1 ser menor de 15 a\u00f1os al inicio del ciclo escolar; menor de 16 a\u00f1os para Telesecundaria y menor de 18 a\u00f1os para quienes habiten en comunidades rurales e ind\u00edgenas o carezcan de los servicios que ofrece la educaci\u00f3n secundaria para adultos.<\/p>\n<p>&nbsp;<\/p>\n<p>La funcionaria estatal aclar\u00f3 que para quienes permanezcan en cada nivel educativo de Educaci\u00f3n B\u00e1sica, la inscripci\u00f3n al siguiente grado es autom\u00e1tica durante el mes de julio de 2021, por lo que no es necesario que el padre, madre o tutor, realice la solicitud en este periodo.<\/p>\n<p>&nbsp;<\/p>\n<p>Para recibir orientaci\u00f3n o aclarar dudas:<br \/>\n\u2022 L\u00ednea de la Educaci\u00f3n: 6622 89 76 01 al 05<br \/>\n\u2022 WhatsApp: 6624222869, 6621746169, 6624203094<br \/>\n\u2022 WebChat en www.sec.gob.mx<\/p>\n<p>&nbsp;<\/p>\n<p>(Publicada el 16\/04\/2021)<\/p>\n","protected":false},"excerpt":{"rendered":"<p>HERMOSILLO, SONORA. MX.\u2014 Para que el inicio de clases en el ciclo 2021 &#8211; 2022&#8230;<\/p>\n","protected":false},"author":1,"featured_media":111804,"comment_status":"open","ping_status":"open","sticky":false,"template":"","format":"standard","meta":{"_monsterinsights_skip_tracking":false,"_monsterinsights_sitenote_active":false,"_monsterinsights_sitenote_note":"","_monsterinsights_sitenote_category":0,"footnotes":""},"categories":[22],"tags":[],"class_list":["post"],"yoast_head":" \n<title>Sonora en Equipo. Anuncia SEC per\u00edodo extraordinario de registro para Preinscripci\u00f3n en L\u00ednea en educaci\u00f3n B\u00e1sica, ciclo 2021-2022 Sonora<\/title>\n<meta name=\"description\" content=\"HERMOSILLO, SONORA. MX.\u2014 Para que el inicio de clases en el ciclo 2021 - 2022 sea lo mejor organizado y prever las necesidades, del 19 al 30 de abril se En Sonora en Equipo publicamos toda la informaci\u00f3n de Sonora, M\u00e9xico y el Mundo de manera oportuna y busca que la libertad de expresi\u00f3n sea real. Visita nuestro medio informativo publicado desde Hermosillo, Sonora. %\" \/>\n<meta name=\"robots\" content=\"index, follow, max-snippet:-1, max-image-preview:large, max-video-preview:-1\" \/>\n<link rel=\"canonical\" href=\"https:\/\/www.sonoraenequipo.com.mx\/anuncia-sec-periodo-extraordinario-de-registro-para-preinscripcion-en-linea-en-educacion-basica-ciclo-2021-2022\/\" \/>\n<meta property=\"og:locale\" content=\"es_ES\" \/>\n<meta property=\"og:type\" content=\"article\" \/>\n<meta property=\"og:title\" content=\"Sonora en Equipo. Anuncia SEC per\u00edodo extraordinario de registro para Preinscripci\u00f3n en L\u00ednea en educaci\u00f3n B\u00e1sica, ciclo 2021-2022 Sonora\" \/>\n<meta property=\"og:description\" content=\"HERMOSILLO, SONORA. MX.\u2014 Para que el inicio de clases en el ciclo 2021 - 2022 sea lo mejor organizado y prever las necesidades, del 19 al 30 de abril se En Sonora en Equipo publicamos toda la informaci\u00f3n de Sonora, M\u00e9xico y el Mundo de manera oportuna y busca que la libertad de expresi\u00f3n sea real. Visita nuestro medio informativo publicado desde Hermosillo, Sonora. %\" \/>\n<meta property=\"og:url\" content=\"https:\/\/www.sonoraenequipo.com.mx\/anuncia-sec-periodo-extraordinario-de-registro-para-preinscripcion-en-linea-en-educacion-basica-ciclo-2021-2022\/\" \/>\n<meta property=\"og:site_name\" content=\"Sonora en Equipo.\" \/>\n<meta property=\"article:publisher\" content=\"https:\/\/www.facebook.com\/SonoraEE\/\" \/>\n<meta property=\"article:author\" content=\"https:\/\/www.facebook.com\/SonoraEE\" \/>\n<meta property=\"article:published_time\" content=\"2021-04-16T18:20:22+00:00\" \/>\n<meta property=\"article:modified_time\" content=\"2021-04-17T04:46:55+00:00\" \/>\n<meta property=\"og:image\" content=\"https:\/\/www.sonoraenequipo.com.mx\/storage\/2021\/04\/secretario-de-educacion_opt.jpg\" \/>\n\t<meta property=\"og:image:width\" content=\"600\" \/>\n\t<meta property=\"og:image:height\" content=\"324\" \/>\n\t<meta property=\"og:image:type\" content=\"image\/jpeg\" \/>\n<meta name=\"author\" content=\"enequipo\" \/>\n<meta name=\"twitter:card\" content=\"summary_large_image\" \/>\n<meta name=\"twitter:creator\" content=\"@sonoraenequipo\" \/>\n<meta name=\"twitter:site\" content=\"@sonoraenequipo\" \/>\n<meta name=\"twitter:label1\" content=\"Escrito por\" \/>\n\t<meta name=\"twitter:data1\" content=\"enequipo\" \/>\n\t<meta name=\"twitter:label2\" content=\"Tiempo de lectura\" \/>\n\t<meta name=\"twitter:data2\" content=\"3 minutos\" \/>\n<script type=\"application\/ld+json\" class=\"yoast-schema-graph\">{\"@context\":\"https:\/\/schema.org\",\"@graph\":[{\"@type\":\"Article\",\"@id\":\"https:\/\/www.sonoraenequipo.com.mx\/anuncia-sec-periodo-extraordinario-de-registro-para-preinscripcion-en-linea-en-educacion-basica-ciclo-2021-2022\/#article\",\"isPartOf\":{\"@id\":\"https:\/\/www.sonoraenequipo.com.mx\/anuncia-sec-periodo-extraordinario-de-registro-para-preinscripcion-en-linea-en-educacion-basica-ciclo-2021-2022\/\"},\"author\":{\"name\":\"enequipo\",\"@id\":\"https:\/\/www.sonoraenequipo.com.mx\/#\/schema\/person\/50102df0fb23a8fa9e8effad8fa81386\"},\"headline\":\"Anuncia SEC per\u00edodo extraordinario de registro para Preinscripci\u00f3n en L\u00ednea en educaci\u00f3n B\u00e1sica, ciclo 2021-2022\",\"datePublished\":\"2021-04-16T18:20:22+00:00\",\"dateModified\":\"2021-04-17T04:46:55+00:00\",\"mainEntityOfPage\":{\"@id\":\"https:\/\/www.sonoraenequipo.com.mx\/anuncia-sec-periodo-extraordinario-de-registro-para-preinscripcion-en-linea-en-educacion-basica-ciclo-2021-2022\/\"},\"wordCount\":563,\"commentCount\":0,\"publisher\":{\"@id\":\"https:\/\/www.sonoraenequipo.com.mx\/#organization\"},\"image\":{\"@id\":\"https:\/\/www.sonoraenequipo.com.mx\/anuncia-sec-periodo-extraordinario-de-registro-para-preinscripcion-en-linea-en-educacion-basica-ciclo-2021-2022\/#primaryimage\"},\"thumbnailUrl\":\"https:\/\/www.sonoraenequipo.com.mx\/storage\/2021\/04\/secretario-de-educacion_opt.jpg\",\"articleSection\":[\"Sonora\"],\"inLanguage\":\"es\",\"potentialAction\":[{\"@type\":\"CommentAction\",\"name\":\"Comment\",\"target\":[\"https:\/\/www.sonoraenequipo.com.mx\/anuncia-sec-periodo-extraordinario-de-registro-para-preinscripcion-en-linea-en-educacion-basica-ciclo-2021-2022\/#respond\"]}]},{\"@type\":\"WebPage\",\"@id\":\"https:\/\/www.sonoraenequipo.com.mx\/anuncia-sec-periodo-extraordinario-de-registro-para-preinscripcion-en-linea-en-educacion-basica-ciclo-2021-2022\/\",\"url\":\"https:\/\/www.sonoraenequipo.com.mx\/anuncia-sec-periodo-extraordinario-de-registro-para-preinscripcion-en-linea-en-educacion-basica-ciclo-2021-2022\/\",\"name\":\"Sonora en Equipo. Anuncia SEC per\u00edodo extraordinario de registro para Preinscripci\u00f3n en L\u00ednea en educaci\u00f3n B\u00e1sica, ciclo 2021-2022 Sonora\",\"isPartOf\":{\"@id\":\"https:\/\/www.sonoraenequipo.com.mx\/#website\"},\"primaryImageOfPage\":{\"@id\":\"https:\/\/www.sonoraenequipo.com.mx\/anuncia-sec-periodo-extraordinario-de-registro-para-preinscripcion-en-linea-en-educacion-basica-ciclo-2021-2022\/#primaryimage\"},\"image\":{\"@id\":\"https:\/\/www.sonoraenequipo.com.mx\/anuncia-sec-periodo-extraordinario-de-registro-para-preinscripcion-en-linea-en-educacion-basica-ciclo-2021-2022\/#primaryimage\"},\"thumbnailUrl\":\"https:\/\/www.sonoraenequipo.com.mx\/storage\/2021\/04\/secretario-de-educacion_opt.jpg\",\"datePublished\":\"2021-04-16T18:20:22+00:00\",\"dateModified\":\"2021-04-17T04:46:55+00:00\",\"description\":\"HERMOSILLO, SONORA. MX.\u2014 Para que el inicio de clases en el ciclo 2021 - 2022 sea lo mejor organizado y prever las necesidades, del 19 al 30 de abril se En Sonora en Equipo publicamos toda la informaci\u00f3n de Sonora, M\u00e9xico y el Mundo de manera oportuna y busca que la libertad de expresi\u00f3n sea real. Visita nuestro medio informativo publicado desde Hermosillo, Sonora. %\",\"breadcrumb\":{\"@id\":\"https:\/\/www.sonoraenequipo.com.mx\/anuncia-sec-periodo-extraordinario-de-registro-para-preinscripcion-en-linea-en-educacion-basica-ciclo-2021-2022\/#breadcrumb\"},\"inLanguage\":\"es\",\"potentialAction\":[{\"@type\":\"ReadAction\",\"target\":[\"https:\/\/www.sonoraenequipo.com.mx\/anuncia-sec-periodo-extraordinario-de-registro-para-preinscripcion-en-linea-en-educacion-basica-ciclo-2021-2022\/\"]}]},{\"@type\":\"ImageObject\",\"inLanguage\":\"es\",\"@id\":\"https:\/\/www.sonoraenequipo.com.mx\/anuncia-sec-periodo-extraordinario-de-registro-para-preinscripcion-en-linea-en-educacion-basica-ciclo-2021-2022\/#primaryimage\",\"url\":\"https:\/\/www.sonoraenequipo.com.mx\/storage\/2021\/04\/secretario-de-educacion_opt.jpg\",\"contentUrl\":\"https:\/\/www.sonoraenequipo.com.mx\/storage\/2021\/04\/secretario-de-educacion_opt.jpg\",\"width\":600,\"height\":324},{\"@type\":\"BreadcrumbList\",\"@id\":\"https:\/\/www.sonoraenequipo.com.mx\/anuncia-sec-periodo-extraordinario-de-registro-para-preinscripcion-en-linea-en-educacion-basica-ciclo-2021-2022\/#breadcrumb\",\"itemListElement\":[{\"@type\":\"ListItem\",\"position\":1,\"name\":\"Portada\",\"item\":\"https:\/\/www.sonoraenequipo.com.mx\/\"},{\"@type\":\"ListItem\",\"position\":2,\"name\":\"Anuncia SEC per\u00edodo extraordinario de registro para Preinscripci\u00f3n en L\u00ednea en educaci\u00f3n B\u00e1sica, ciclo 2021-2022\"}]},{\"@type\":\"WebSite\",\"@id\":\"https:\/\/www.sonoraenequipo.com.mx\/#website\",\"url\":\"https:\/\/www.sonoraenequipo.com.mx\/\",\"name\":\"Sonora en Equipo.\",\"description\":\"Diario en l\u00ednea con Noticias desde Hermosillo, Sonora\",\"publisher\":{\"@id\":\"https:\/\/www.sonoraenequipo.com.mx\/#organization\"},\"potentialAction\":[{\"@type\":\"SearchAction\",\"target\":{\"@type\":\"EntryPoint\",\"urlTemplate\":\"https:\/\/www.sonoraenequipo.com.mx\/?s={search_term_string}\"},\"query-input\":{\"@type\":\"PropertyValueSpecification\",\"valueRequired\":true,\"valueName\":\"search_term_string\"}}],\"inLanguage\":\"es\"},{\"@type\":\"Organization\",\"@id\":\"https:\/\/www.sonoraenequipo.com.mx\/#organization\",\"name\":\"Sonoraenequipo.com.mx\",\"url\":\"https:\/\/www.sonoraenequipo.com.mx\/\",\"logo\":{\"@type\":\"ImageObject\",\"inLanguage\":\"es\",\"@id\":\"https:\/\/www.sonoraenequipo.com.mx\/#\/schema\/logo\/image\/\",\"url\":\"https:\/\/www.sonoraenequipo.com.mx\/storage\/2019\/01\/sonoraenequipo_opt.png\",\"contentUrl\":\"https:\/\/www.sonoraenequipo.com.mx\/storage\/2019\/01\/sonoraenequipo_opt.png\",\"width\":375,\"height\":125,\"caption\":\"Sonoraenequipo.com.mx\"},\"image\":{\"@id\":\"https:\/\/www.sonoraenequipo.com.mx\/#\/schema\/logo\/image\/\"},\"sameAs\":[\"https:\/\/www.facebook.com\/SonoraEE\/\",\"https:\/\/x.com\/sonoraenequipo\",\"https:\/\/www.youtube.com\/channel\/UC338nW-lPEYmJQs4ZABQ1SQ\"]},{\"@type\":\"Person\",\"@id\":\"https:\/\/www.sonoraenequipo.com.mx\/#\/schema\/person\/50102df0fb23a8fa9e8effad8fa81386\",\"name\":\"enequipo\",\"image\":{\"@type\":\"ImageObject\",\"inLanguage\":\"es\",\"@id\":\"https:\/\/www.sonoraenequipo.com.mx\/#\/schema\/person\/image\/\",\"url\":\"https:\/\/secure.gravatar.com\/avatar\/049821681b589dabc0bc20695993ccebb09f5b5d4d790cd9251b97faac7c652b?s=96&d=blank&r=g\",\"contentUrl\":\"https:\/\/secure.gravatar.com\/avatar\/049821681b589dabc0bc20695993ccebb09f5b5d4d790cd9251b97faac7c652b?s=96&d=blank&r=g\",\"caption\":\"enequipo\"},\"sameAs\":[\"https:\/\/www.facebook.com\/SonoraEE\"]}]}<\/script>\n ","yoast_head_json":{"title":"Sonora en Equipo. Anuncia SEC per\u00edodo extraordinario de registro para Preinscripci\u00f3n en L\u00ednea en educaci\u00f3n B\u00e1sica, ciclo 2021-2022 Sonora","description":"HERMOSILLO, SONORA. MX.\u2014 Para que el inicio de clases en el ciclo 2021 - 2022 sea lo mejor organizado y prever las necesidades, del 19 al 30 de abril se En Sonora en Equipo publicamos toda la informaci\u00f3n de Sonora, M\u00e9xico y el Mundo de manera oportuna y busca que la libertad de expresi\u00f3n sea real. Visita nuestro medio informativo publicado desde Hermosillo, Sonora. %","robots":{"index":"index","follow":"follow","max-snippet":"max-snippet:-1","max-image-preview":"max-image-preview:large","max-video-preview":"max-video-preview:-1"},"canonical":"https:\/\/www.sonoraenequipo.com.mx\/anuncia-sec-periodo-extraordinario-de-registro-para-preinscripcion-en-linea-en-educacion-basica-ciclo-2021-2022\/","og_locale":"es_ES","og_type":"article","og_title":"Sonora en Equipo. Anuncia SEC per\u00edodo extraordinario de registro para Preinscripci\u00f3n en L\u00ednea en educaci\u00f3n B\u00e1sica, ciclo 2021-2022 Sonora","og_description":"HERMOSILLO, SONORA. MX.\u2014 Para que el inicio de clases en el ciclo 2021 - 2022 sea lo mejor organizado y prever las necesidades, del 19 al 30 de abril se En Sonora en Equipo publicamos toda la informaci\u00f3n de Sonora, M\u00e9xico y el Mundo de manera oportuna y busca que la libertad de expresi\u00f3n sea real. Visita nuestro medio informativo publicado desde Hermosillo, Sonora. %","og_url":"https:\/\/www.sonoraenequipo.com.mx\/anuncia-sec-periodo-extraordinario-de-registro-para-preinscripcion-en-linea-en-educacion-basica-ciclo-2021-2022\/","og_site_name":"Sonora en Equipo.","article_publisher":"https:\/\/www.facebook.com\/SonoraEE\/","article_author":"https:\/\/www.facebook.com\/SonoraEE","article_published_time":"2021-04-16T18:20:22+00:00","article_modified_time":"2021-04-17T04:46:55+00:00","og_image":[{"width":600,"height":324,"url":"https:\/\/www.sonoraenequipo.com.mx\/storage\/2021\/04\/secretario-de-educacion_opt.jpg","type":"image\/jpeg"}],"author":"enequipo","twitter_card":"summary_large_image","twitter_creator":"@sonoraenequipo","twitter_site":"@sonoraenequipo","twitter_misc":{"Escrito por":"enequipo","Tiempo de lectura":"3 minutos"},"schema":{"@context":"https:\/\/schema.org","@graph":[{"@type":"Article","@id":"https:\/\/www.sonoraenequipo.com.mx\/anuncia-sec-periodo-extraordinario-de-registro-para-preinscripcion-en-linea-en-educacion-basica-ciclo-2021-2022\/#article","isPartOf":{"@id":"https:\/\/www.sonoraenequipo.com.mx\/anuncia-sec-periodo-extraordinario-de-registro-para-preinscripcion-en-linea-en-educacion-basica-ciclo-2021-2022\/"},"author":{"name":"enequipo","@id":"https:\/\/www.sonoraenequipo.com.mx\/#\/schema\/person\/50102df0fb23a8fa9e8effad8fa81386"},"headline":"Anuncia SEC per\u00edodo extraordinario de registro para Preinscripci\u00f3n en L\u00ednea en educaci\u00f3n B\u00e1sica, ciclo 2021-2022","datePublished":"2021-04-16T18:20:22+00:00","dateModified":"2021-04-17T04:46:55+00:00","mainEntityOfPage":{"@id":"https:\/\/www.sonoraenequipo.com.mx\/anuncia-sec-periodo-extraordinario-de-registro-para-preinscripcion-en-linea-en-educacion-basica-ciclo-2021-2022\/"},"wordCount":563,"commentCount":0,"publisher":{"@id":"https:\/\/www.sonoraenequipo.com.mx\/#organization"},"image":{"@id":"https:\/\/www.sonoraenequipo.com.mx\/anuncia-sec-periodo-extraordinario-de-registro-para-preinscripcion-en-linea-en-educacion-basica-ciclo-2021-2022\/#primaryimage"},"thumbnailUrl":"https:\/\/www.sonoraenequipo.com.mx\/storage\/2021\/04\/secretario-de-educacion_opt.jpg","articleSection":["Sonora"],"inLanguage":"es","potentialAction":[{"@type":"CommentAction","name":"Comment","target":["https:\/\/www.sonoraenequipo.com.mx\/anuncia-sec-periodo-extraordinario-de-registro-para-preinscripcion-en-linea-en-educacion-basica-ciclo-2021-2022\/#respond"]}]},{"@type":"WebPage","@id":"https:\/\/www.sonoraenequipo.com.mx\/anuncia-sec-periodo-extraordinario-de-registro-para-preinscripcion-en-linea-en-educacion-basica-ciclo-2021-2022\/","url":"https:\/\/www.sonoraenequipo.com.mx\/anuncia-sec-periodo-extraordinario-de-registro-para-preinscripcion-en-linea-en-educacion-basica-ciclo-2021-2022\/","name":"Sonora en Equipo. Anuncia SEC per\u00edodo extraordinario de registro para Preinscripci\u00f3n en L\u00ednea en educaci\u00f3n B\u00e1sica, ciclo 2021-2022 Sonora","isPartOf":{"@id":"https:\/\/www.sonoraenequipo.com.mx\/#website"},"primaryImageOfPage":{"@id":"https:\/\/www.sonoraenequipo.com.mx\/anuncia-sec-periodo-extraordinario-de-registro-para-preinscripcion-en-linea-en-educacion-basica-ciclo-2021-2022\/#primaryimage"},"image":{"@id":"https:\/\/www.sonoraenequipo.com.mx\/anuncia-sec-periodo-extraordinario-de-registro-para-preinscripcion-en-linea-en-educacion-basica-ciclo-2021-2022\/#primaryimage"},"thumbnailUrl":"https:\/\/www.sonoraenequipo.com.mx\/storage\/2021\/04\/secretario-de-educacion_opt.jpg","datePublished":"2021-04-16T18:20:22+00:00","dateModified":"2021-04-17T04:46:55+00:00","description":"HERMOSILLO, SONORA. MX.\u2014 Para que el inicio de clases en el ciclo 2021 - 2022 sea lo mejor organizado y prever las necesidades, del 19 al 30 de abril se En Sonora en Equipo publicamos toda la informaci\u00f3n de Sonora, M\u00e9xico y el Mundo de manera oportuna y busca que la libertad de expresi\u00f3n sea real. Visita nuestro medio informativo publicado desde Hermosillo, Sonora. %","breadcrumb":{"@id":"https:\/\/www.sonoraenequipo.com.mx\/anuncia-sec-periodo-extraordinario-de-registro-para-preinscripcion-en-linea-en-educacion-basica-ciclo-2021-2022\/#breadcrumb"},"inLanguage":"es","potentialAction":[{"@type":"ReadAction","target":["https:\/\/www.sonoraenequipo.com.mx\/anuncia-sec-periodo-extraordinario-de-registro-para-preinscripcion-en-linea-en-educacion-basica-ciclo-2021-2022\/"]}]},{"@type":"ImageObject","inLanguage":"es","@id":"https:\/\/www.sonoraenequipo.com.mx\/anuncia-sec-periodo-extraordinario-de-registro-para-preinscripcion-en-linea-en-educacion-basica-ciclo-2021-2022\/#primaryimage","url":"https:\/\/www.sonoraenequipo.com.mx\/storage\/2021\/04\/secretario-de-educacion_opt.jpg","contentUrl":"https:\/\/www.sonoraenequipo.com.mx\/storage\/2021\/04\/secretario-de-educacion_opt.jpg","width":600,"height":324},{"@type":"BreadcrumbList","@id":"https:\/\/www.sonoraenequipo.com.mx\/anuncia-sec-periodo-extraordinario-de-registro-para-preinscripcion-en-linea-en-educacion-basica-ciclo-2021-2022\/#breadcrumb","itemListElement":[{"@type":"ListItem","position":1,"name":"Portada","item":"https:\/\/www.sonoraenequipo.com.mx\/"},{"@type":"ListItem","position":2,"name":"Anuncia SEC per\u00edodo extraordinario de registro para Preinscripci\u00f3n en L\u00ednea en educaci\u00f3n B\u00e1sica, ciclo 2021-2022"}]},{"@type":"WebSite","@id":"https:\/\/www.sonoraenequipo.com.mx\/#website","url":"https:\/\/www.sonoraenequipo.com.mx\/","name":"Sonora en Equipo.","description":"Diario en l\u00ednea con Noticias desde Hermosillo, Sonora","publisher":{"@id":"https:\/\/www.sonoraenequipo.com.mx\/#organization"},"potentialAction":[{"@type":"SearchAction","target":{"@type":"EntryPoint","urlTemplate":"https:\/\/www.sonoraenequipo.com.mx\/?s={search_term_string}"},"query-input":{"@type":"PropertyValueSpecification","valueRequired":true,"valueName":"search_term_string"}}],"inLanguage":"es"},{"@type":"Organization","@id":"https:\/\/www.sonoraenequipo.com.mx\/#organization","name":"Sonoraenequipo.com.mx","url":"https:\/\/www.sonoraenequipo.com.mx\/","logo":{"@type":"ImageObject","inLanguage":"es","@id":"https:\/\/www.sonoraenequipo.com.mx\/#\/schema\/logo\/image\/","url":"https:\/\/www.sonoraenequipo.com.mx\/storage\/2019\/01\/sonoraenequipo_opt.png","contentUrl":"https:\/\/www.sonoraenequipo.com.mx\/storage\/2019\/01\/sonoraenequipo_opt.png","width":375,"height":125,"caption":"Sonoraenequipo.com.mx"},"image":{"@id":"https:\/\/www.sonoraenequipo.com.mx\/#\/schema\/logo\/image\/"},"sameAs":["https:\/\/www.facebook.com\/SonoraEE\/","https:\/\/x.com\/sonoraenequipo","https:\/\/www.youtube.com\/channel\/UC338nW-lPEYmJQs4ZABQ1SQ"]},{"@type":"Person","@id":"https:\/\/www.sonoraenequipo.com.mx\/#\/schema\/person\/50102df0fb23a8fa9e8effad8fa81386","name":"enequipo","image":{"@type":"ImageObject","inLanguage":"es","@id":"https:\/\/www.sonoraenequipo.com.mx\/#\/schema\/person\/image\/","url":"https:\/\/secure.gravatar.com\/avatar\/049821681b589dabc0bc20695993ccebb09f5b5d4d790cd9251b97faac7c652b?s=96&d=blank&r=g","contentUrl":"https:\/\/secure.gravatar.com\/avatar\/049821681b589dabc0bc20695993ccebb09f5b5d4d790cd9251b97faac7c652b?s=96&d=blank&r=g","caption":"enequipo"},"sameAs":["https:\/\/www.facebook.com\/SonoraEE"]}]}},"jetpack_featured_media_url":"https:\/\/www.sonoraenequipo.com.mx\/storage\/2021\/04\/secretario-de-educacion_opt.jpg","_links":{"self":[{"href":"https:\/\/www.sonoraenequipo.com.mx\/api\/wp\/v2\/posts\/111803","targetHints":{"allow":["GET"]}}],"collection":[{"href":"https:\/\/www.sonoraenequipo.com.mx\/api\/wp\/v2\/posts"}],"about":[{"href":"https:\/\/www.sonoraenequipo.com.mx\/api\/wp\/v2\/types\/post"}],"author":[{"embeddable":true,"href":"https:\/\/www.sonoraenequipo.com.mx\/api\/wp\/v2\/users\/1"}],"replies":[{"embeddable":true,"href":"https:\/\/www.sonoraenequipo.com.mx\/api\/wp\/v2\/comments?post=111803"}],"version-history":[{"count":1,"href":"https:\/\/www.sonoraenequipo.com.mx\/api\/wp\/v2\/posts\/111803\/revisions"}],"predecessor-version":[{"id":111805,"href":"https:\/\/www.sonoraenequipo.com.mx\/api\/wp\/v2\/posts\/111803\/revisions\/111805"}],"wp:featuredmedia":[{"embeddable":true,"href":"https:\/\/www.sonoraenequipo.com.mx\/api\/wp\/v2\/media\/111804"}],"wp:attachment":[{"href":"https:\/\/www.sonoraenequipo.com.mx\/api\/wp\/v2\/media?parent=111803"}],"wp:term":[{"taxonomy":"category","embeddable":true,"href":"https:\/\/www.sonoraenequipo.com.mx\/api\/wp\/v2\/categories?post=111803"},{"taxonomy":"post_tag","embeddable":true,"href":"https:\/\/www.sonoraenequipo.com.mx\/api\/wp\/v2\/tags?post=111803"}],"curies":[{"name":"wp","href":"https:\/\/api.w.org\/{rel}","templated":true}]}}