{"id":111806,"date":"2021-04-16T10:30:14","date_gmt":"2021-04-16T17:30:14","guid":{"rendered":"https:\/\/www.sonoraenequipo.com.mx\/?p=111806"},"modified":"2021-04-16T22:37:28","modified_gmt":"2021-04-17T05:37:28","slug":"continuaran-en-analisis-y-socializacion-iniciativas-en-materia-de-transporte","status":"publish","type":"post","link":"https:\/\/www.sonoraenequipo.com.mx\/continuaran-en-analisis-y-socializacion-iniciativas-en-materia-de-transporte\/","title":{"rendered":"Continuar\u00e1n en an\u00e1lisis y socializaci\u00f3n iniciativas en materia de transporte"},"content":{"rendered":"<p>HERMOSILLO, SONORA. MX. \u2014 Los diputados de la Comisi\u00f3n de Transporte y Movilidad acordaron continuar con el an\u00e1lisis por separado de las iniciativas presentadas por los diputados Miroslava Luj\u00e1n L\u00f3pez y Rodolfo Liz\u00e1rraga Arellano, ambas en materia de transporte.<\/p>\n<p>&nbsp;<\/p>\n<p> <\/p>\n<p>&nbsp;<\/p>\n<p>Previo a que la diputada Mar\u00eda Teresa Peralta Quijano, presidenta de la citada Comisi\u00f3n, sometiera el orden del d\u00eda para su aprobaci\u00f3n, las diputadas Rosa Icela Mart\u00ednez Espinoza y Miroslava Luj\u00e1n L\u00f3pez solicitaron que las iniciativas sean analizadas por separado.<\/p>\n<p>&nbsp;<\/p>\n<p>&nbsp;<\/p>\n<p>La diputada Mart\u00ednez Espinoza solicit\u00f3 m\u00e1s tiempo para analizar cada una de las iniciativas dada la importancia de las propuestas que contienen los proyectos de dictamen.<\/p>\n<p>&nbsp;<\/p>\n<p>&nbsp;<\/p>\n<p><img loading=\"lazy\" decoding=\"async\" class=\"size-medium  x-right\" src=\"https:\/\/www.sonoraenequipo.com.mx\/storage\/2021\/04\/trasnporte-urbano_opt-584x365.jpg\" alt=\"\" width=\"584\" height=\"365\" \/>Por su parte la diputada, Luj\u00e1n L\u00f3pez, impulsora de una de las iniciativas, expuso que se requiere mayor tiempo para que se realice el impacto presupuestal, socializar las iniciativas y conocer las propuestas de los concesionarios.<\/p>\n<p>&nbsp;<\/p>\n<p>&nbsp;<\/p>\n<p>Enseguida, la diputada Peralta Quijano someti\u00f3 a consideraci\u00f3n el orden del d\u00eda con la modificaci\u00f3n planteada, mismo que fue aprobado con el prop\u00f3sito de continuar por separado el an\u00e1lisis de las iniciativas con proyecto de Ley de los Derechos de los Usuarios del Transporte P\u00fablico del Estado de Sonora, y el proyecto de Decreto que reforma diversas disposiciones de la Ley de Transporte para el Estado de Sonora.<\/p>\n<p>&nbsp;<\/p>\n<p>&nbsp;<\/p>\n<p>A la reuni\u00f3n virtual asistieron los diputados Daniel Palafox Su\u00e1rez, Yumiko Yerania Palom\u00e1rez Herrera, Luis Mario Rivera Aguilar y Miguel \u00c1ngel Chaira Ortiz.<\/p>\n<p>&nbsp;<\/p>\n<p>&nbsp;<\/p>\n<p>(Publicada el 16\/04\/2021)<\/p>\n","protected":false},"excerpt":{"rendered":"<p>HERMOSILLO, SONORA. MX. \u2014 Los diputados de la Comisi\u00f3n de Transporte y Movilidad acordaron continuar&#8230;<\/p>\n","protected":false},"author":1,"featured_media":111811,"comment_status":"open","ping_status":"open","sticky":false,"template":"","format":"standard","meta":{"_monsterinsights_skip_tracking":false,"_monsterinsights_sitenote_active":false,"_monsterinsights_sitenote_note":"","_monsterinsights_sitenote_category":0,"footnotes":""},"categories":[3281],"tags":[],"class_list":["post"],"yoast_head":" \n<title>Sonora en Equipo. Continuar\u00e1n en an\u00e1lisis y socializaci\u00f3n iniciativas en materia de transporte Congreso<\/title>\n<meta name=\"description\" content=\"HERMOSILLO, SONORA. MX. \u2014 Los diputados de la Comisi\u00f3n de Transporte y Movilidad acordaron continuar con el an\u00e1lisis por separado de las iniciativas En Sonora en Equipo publicamos toda la informaci\u00f3n de Sonora, M\u00e9xico y el Mundo de manera oportuna y busca que la libertad de expresi\u00f3n sea real. Visita nuestro medio informativo publicado desde Hermosillo, Sonora. %\" \/>\n<meta name=\"robots\" content=\"index, follow, max-snippet:-1, max-image-preview:large, max-video-preview:-1\" \/>\n<link rel=\"canonical\" href=\"https:\/\/www.sonoraenequipo.com.mx\/continuaran-en-analisis-y-socializacion-iniciativas-en-materia-de-transporte\/\" \/>\n<meta property=\"og:locale\" content=\"es_ES\" \/>\n<meta property=\"og:type\" content=\"article\" \/>\n<meta property=\"og:title\" content=\"Sonora en Equipo. Continuar\u00e1n en an\u00e1lisis y socializaci\u00f3n iniciativas en materia de transporte Congreso\" \/>\n<meta property=\"og:description\" content=\"HERMOSILLO, SONORA. MX. \u2014 Los diputados de la Comisi\u00f3n de Transporte y Movilidad acordaron continuar con el an\u00e1lisis por separado de las iniciativas En Sonora en Equipo publicamos toda la informaci\u00f3n de Sonora, M\u00e9xico y el Mundo de manera oportuna y busca que la libertad de expresi\u00f3n sea real. Visita nuestro medio informativo publicado desde Hermosillo, Sonora. %\" \/>\n<meta property=\"og:url\" content=\"https:\/\/www.sonoraenequipo.com.mx\/continuaran-en-analisis-y-socializacion-iniciativas-en-materia-de-transporte\/\" \/>\n<meta property=\"og:site_name\" content=\"Sonora en Equipo.\" \/>\n<meta property=\"article:publisher\" content=\"https:\/\/www.facebook.com\/SonoraEE\/\" \/>\n<meta property=\"article:author\" content=\"https:\/\/www.facebook.com\/SonoraEE\" \/>\n<meta property=\"article:published_time\" content=\"2021-04-16T17:30:14+00:00\" \/>\n<meta property=\"article:modified_time\" content=\"2021-04-17T05:37:28+00:00\" \/>\n<meta property=\"og:image\" content=\"https:\/\/www.sonoraenequipo.com.mx\/storage\/2021\/04\/congreso-de-sonora_opt11.jpg\" \/>\n\t<meta property=\"og:image:width\" content=\"600\" \/>\n\t<meta property=\"og:image:height\" content=\"375\" \/>\n\t<meta property=\"og:image:type\" content=\"image\/jpeg\" \/>\n<meta name=\"author\" content=\"enequipo\" \/>\n<meta name=\"twitter:card\" content=\"summary_large_image\" \/>\n<meta name=\"twitter:creator\" content=\"@sonoraenequipo\" \/>\n<meta name=\"twitter:site\" content=\"@sonoraenequipo\" \/>\n<meta name=\"twitter:label1\" content=\"Escrito por\" \/>\n\t<meta name=\"twitter:data1\" content=\"enequipo\" \/>\n\t<meta name=\"twitter:label2\" content=\"Tiempo de lectura\" \/>\n\t<meta name=\"twitter:data2\" content=\"2 minutos\" \/>\n<script type=\"application\/ld+json\" class=\"yoast-schema-graph\">{\"@context\":\"https:\/\/schema.org\",\"@graph\":[{\"@type\":\"Article\",\"@id\":\"https:\/\/www.sonoraenequipo.com.mx\/continuaran-en-analisis-y-socializacion-iniciativas-en-materia-de-transporte\/#article\",\"isPartOf\":{\"@id\":\"https:\/\/www.sonoraenequipo.com.mx\/continuaran-en-analisis-y-socializacion-iniciativas-en-materia-de-transporte\/\"},\"author\":{\"name\":\"enequipo\",\"@id\":\"https:\/\/www.sonoraenequipo.com.mx\/#\/schema\/person\/50102df0fb23a8fa9e8effad8fa81386\"},\"headline\":\"Continuar\u00e1n en an\u00e1lisis y socializaci\u00f3n iniciativas en materia de transporte\",\"datePublished\":\"2021-04-16T17:30:14+00:00\",\"dateModified\":\"2021-04-17T05:37:28+00:00\",\"mainEntityOfPage\":{\"@id\":\"https:\/\/www.sonoraenequipo.com.mx\/continuaran-en-analisis-y-socializacion-iniciativas-en-materia-de-transporte\/\"},\"wordCount\":283,\"commentCount\":0,\"publisher\":{\"@id\":\"https:\/\/www.sonoraenequipo.com.mx\/#organization\"},\"image\":{\"@id\":\"https:\/\/www.sonoraenequipo.com.mx\/continuaran-en-analisis-y-socializacion-iniciativas-en-materia-de-transporte\/#primaryimage\"},\"thumbnailUrl\":\"https:\/\/www.sonoraenequipo.com.mx\/storage\/2021\/04\/congreso-de-sonora_opt11.jpg\",\"articleSection\":[\"Congreso\"],\"inLanguage\":\"es\",\"potentialAction\":[{\"@type\":\"CommentAction\",\"name\":\"Comment\",\"target\":[\"https:\/\/www.sonoraenequipo.com.mx\/continuaran-en-analisis-y-socializacion-iniciativas-en-materia-de-transporte\/#respond\"]}]},{\"@type\":\"WebPage\",\"@id\":\"https:\/\/www.sonoraenequipo.com.mx\/continuaran-en-analisis-y-socializacion-iniciativas-en-materia-de-transporte\/\",\"url\":\"https:\/\/www.sonoraenequipo.com.mx\/continuaran-en-analisis-y-socializacion-iniciativas-en-materia-de-transporte\/\",\"name\":\"Sonora en Equipo. Continuar\u00e1n en an\u00e1lisis y socializaci\u00f3n iniciativas en materia de transporte Congreso\",\"isPartOf\":{\"@id\":\"https:\/\/www.sonoraenequipo.com.mx\/#website\"},\"primaryImageOfPage\":{\"@id\":\"https:\/\/www.sonoraenequipo.com.mx\/continuaran-en-analisis-y-socializacion-iniciativas-en-materia-de-transporte\/#primaryimage\"},\"image\":{\"@id\":\"https:\/\/www.sonoraenequipo.com.mx\/continuaran-en-analisis-y-socializacion-iniciativas-en-materia-de-transporte\/#primaryimage\"},\"thumbnailUrl\":\"https:\/\/www.sonoraenequipo.com.mx\/storage\/2021\/04\/congreso-de-sonora_opt11.jpg\",\"datePublished\":\"2021-04-16T17:30:14+00:00\",\"dateModified\":\"2021-04-17T05:37:28+00:00\",\"description\":\"HERMOSILLO, SONORA. MX. \u2014 Los diputados de la Comisi\u00f3n de Transporte y Movilidad acordaron continuar con el an\u00e1lisis por separado de las iniciativas En Sonora en Equipo publicamos toda la informaci\u00f3n de Sonora, M\u00e9xico y el Mundo de manera oportuna y busca que la libertad de expresi\u00f3n sea real. Visita nuestro medio informativo publicado desde Hermosillo, Sonora. %\",\"breadcrumb\":{\"@id\":\"https:\/\/www.sonoraenequipo.com.mx\/continuaran-en-analisis-y-socializacion-iniciativas-en-materia-de-transporte\/#breadcrumb\"},\"inLanguage\":\"es\",\"potentialAction\":[{\"@type\":\"ReadAction\",\"target\":[\"https:\/\/www.sonoraenequipo.com.mx\/continuaran-en-analisis-y-socializacion-iniciativas-en-materia-de-transporte\/\"]}]},{\"@type\":\"ImageObject\",\"inLanguage\":\"es\",\"@id\":\"https:\/\/www.sonoraenequipo.com.mx\/continuaran-en-analisis-y-socializacion-iniciativas-en-materia-de-transporte\/#primaryimage\",\"url\":\"https:\/\/www.sonoraenequipo.com.mx\/storage\/2021\/04\/congreso-de-sonora_opt11.jpg\",\"contentUrl\":\"https:\/\/www.sonoraenequipo.com.mx\/storage\/2021\/04\/congreso-de-sonora_opt11.jpg\",\"width\":600,\"height\":375},{\"@type\":\"BreadcrumbList\",\"@id\":\"https:\/\/www.sonoraenequipo.com.mx\/continuaran-en-analisis-y-socializacion-iniciativas-en-materia-de-transporte\/#breadcrumb\",\"itemListElement\":[{\"@type\":\"ListItem\",\"position\":1,\"name\":\"Portada\",\"item\":\"https:\/\/www.sonoraenequipo.com.mx\/\"},{\"@type\":\"ListItem\",\"position\":2,\"name\":\"Continuar\u00e1n en an\u00e1lisis y socializaci\u00f3n iniciativas en materia de transporte\"}]},{\"@type\":\"WebSite\",\"@id\":\"https:\/\/www.sonoraenequipo.com.mx\/#website\",\"url\":\"https:\/\/www.sonoraenequipo.com.mx\/\",\"name\":\"Sonora en Equipo.\",\"description\":\"Diario en l\u00ednea con Noticias desde Hermosillo, Sonora\",\"publisher\":{\"@id\":\"https:\/\/www.sonoraenequipo.com.mx\/#organization\"},\"potentialAction\":[{\"@type\":\"SearchAction\",\"target\":{\"@type\":\"EntryPoint\",\"urlTemplate\":\"https:\/\/www.sonoraenequipo.com.mx\/?s={search_term_string}\"},\"query-input\":{\"@type\":\"PropertyValueSpecification\",\"valueRequired\":true,\"valueName\":\"search_term_string\"}}],\"inLanguage\":\"es\"},{\"@type\":\"Organization\",\"@id\":\"https:\/\/www.sonoraenequipo.com.mx\/#organization\",\"name\":\"Sonoraenequipo.com.mx\",\"url\":\"https:\/\/www.sonoraenequipo.com.mx\/\",\"logo\":{\"@type\":\"ImageObject\",\"inLanguage\":\"es\",\"@id\":\"https:\/\/www.sonoraenequipo.com.mx\/#\/schema\/logo\/image\/\",\"url\":\"https:\/\/www.sonoraenequipo.com.mx\/storage\/2019\/01\/sonoraenequipo_opt.png\",\"contentUrl\":\"https:\/\/www.sonoraenequipo.com.mx\/storage\/2019\/01\/sonoraenequipo_opt.png\",\"width\":375,\"height\":125,\"caption\":\"Sonoraenequipo.com.mx\"},\"image\":{\"@id\":\"https:\/\/www.sonoraenequipo.com.mx\/#\/schema\/logo\/image\/\"},\"sameAs\":[\"https:\/\/www.facebook.com\/SonoraEE\/\",\"https:\/\/x.com\/sonoraenequipo\",\"https:\/\/www.youtube.com\/channel\/UC338nW-lPEYmJQs4ZABQ1SQ\"]},{\"@type\":\"Person\",\"@id\":\"https:\/\/www.sonoraenequipo.com.mx\/#\/schema\/person\/50102df0fb23a8fa9e8effad8fa81386\",\"name\":\"enequipo\",\"image\":{\"@type\":\"ImageObject\",\"inLanguage\":\"es\",\"@id\":\"https:\/\/www.sonoraenequipo.com.mx\/#\/schema\/person\/image\/\",\"url\":\"https:\/\/secure.gravatar.com\/avatar\/049821681b589dabc0bc20695993ccebb09f5b5d4d790cd9251b97faac7c652b?s=96&d=blank&r=g\",\"contentUrl\":\"https:\/\/secure.gravatar.com\/avatar\/049821681b589dabc0bc20695993ccebb09f5b5d4d790cd9251b97faac7c652b?s=96&d=blank&r=g\",\"caption\":\"enequipo\"},\"sameAs\":[\"https:\/\/www.facebook.com\/SonoraEE\"]}]}<\/script>\n ","yoast_head_json":{"title":"Sonora en Equipo. Continuar\u00e1n en an\u00e1lisis y socializaci\u00f3n iniciativas en materia de transporte Congreso","description":"HERMOSILLO, SONORA. MX. \u2014 Los diputados de la Comisi\u00f3n de Transporte y Movilidad acordaron continuar con el an\u00e1lisis por separado de las iniciativas En Sonora en Equipo publicamos toda la informaci\u00f3n de Sonora, M\u00e9xico y el Mundo de manera oportuna y busca que la libertad de expresi\u00f3n sea real. Visita nuestro medio informativo publicado desde Hermosillo, Sonora. %","robots":{"index":"index","follow":"follow","max-snippet":"max-snippet:-1","max-image-preview":"max-image-preview:large","max-video-preview":"max-video-preview:-1"},"canonical":"https:\/\/www.sonoraenequipo.com.mx\/continuaran-en-analisis-y-socializacion-iniciativas-en-materia-de-transporte\/","og_locale":"es_ES","og_type":"article","og_title":"Sonora en Equipo. Continuar\u00e1n en an\u00e1lisis y socializaci\u00f3n iniciativas en materia de transporte Congreso","og_description":"HERMOSILLO, SONORA. MX. \u2014 Los diputados de la Comisi\u00f3n de Transporte y Movilidad acordaron continuar con el an\u00e1lisis por separado de las iniciativas En Sonora en Equipo publicamos toda la informaci\u00f3n de Sonora, M\u00e9xico y el Mundo de manera oportuna y busca que la libertad de expresi\u00f3n sea real. Visita nuestro medio informativo publicado desde Hermosillo, Sonora. %","og_url":"https:\/\/www.sonoraenequipo.com.mx\/continuaran-en-analisis-y-socializacion-iniciativas-en-materia-de-transporte\/","og_site_name":"Sonora en Equipo.","article_publisher":"https:\/\/www.facebook.com\/SonoraEE\/","article_author":"https:\/\/www.facebook.com\/SonoraEE","article_published_time":"2021-04-16T17:30:14+00:00","article_modified_time":"2021-04-17T05:37:28+00:00","og_image":[{"width":600,"height":375,"url":"https:\/\/www.sonoraenequipo.com.mx\/storage\/2021\/04\/congreso-de-sonora_opt11.jpg","type":"image\/jpeg"}],"author":"enequipo","twitter_card":"summary_large_image","twitter_creator":"@sonoraenequipo","twitter_site":"@sonoraenequipo","twitter_misc":{"Escrito por":"enequipo","Tiempo de lectura":"2 minutos"},"schema":{"@context":"https:\/\/schema.org","@graph":[{"@type":"Article","@id":"https:\/\/www.sonoraenequipo.com.mx\/continuaran-en-analisis-y-socializacion-iniciativas-en-materia-de-transporte\/#article","isPartOf":{"@id":"https:\/\/www.sonoraenequipo.com.mx\/continuaran-en-analisis-y-socializacion-iniciativas-en-materia-de-transporte\/"},"author":{"name":"enequipo","@id":"https:\/\/www.sonoraenequipo.com.mx\/#\/schema\/person\/50102df0fb23a8fa9e8effad8fa81386"},"headline":"Continuar\u00e1n en an\u00e1lisis y socializaci\u00f3n iniciativas en materia de transporte","datePublished":"2021-04-16T17:30:14+00:00","dateModified":"2021-04-17T05:37:28+00:00","mainEntityOfPage":{"@id":"https:\/\/www.sonoraenequipo.com.mx\/continuaran-en-analisis-y-socializacion-iniciativas-en-materia-de-transporte\/"},"wordCount":283,"commentCount":0,"publisher":{"@id":"https:\/\/www.sonoraenequipo.com.mx\/#organization"},"image":{"@id":"https:\/\/www.sonoraenequipo.com.mx\/continuaran-en-analisis-y-socializacion-iniciativas-en-materia-de-transporte\/#primaryimage"},"thumbnailUrl":"https:\/\/www.sonoraenequipo.com.mx\/storage\/2021\/04\/congreso-de-sonora_opt11.jpg","articleSection":["Congreso"],"inLanguage":"es","potentialAction":[{"@type":"CommentAction","name":"Comment","target":["https:\/\/www.sonoraenequipo.com.mx\/continuaran-en-analisis-y-socializacion-iniciativas-en-materia-de-transporte\/#respond"]}]},{"@type":"WebPage","@id":"https:\/\/www.sonoraenequipo.com.mx\/continuaran-en-analisis-y-socializacion-iniciativas-en-materia-de-transporte\/","url":"https:\/\/www.sonoraenequipo.com.mx\/continuaran-en-analisis-y-socializacion-iniciativas-en-materia-de-transporte\/","name":"Sonora en Equipo. Continuar\u00e1n en an\u00e1lisis y socializaci\u00f3n iniciativas en materia de transporte Congreso","isPartOf":{"@id":"https:\/\/www.sonoraenequipo.com.mx\/#website"},"primaryImageOfPage":{"@id":"https:\/\/www.sonoraenequipo.com.mx\/continuaran-en-analisis-y-socializacion-iniciativas-en-materia-de-transporte\/#primaryimage"},"image":{"@id":"https:\/\/www.sonoraenequipo.com.mx\/continuaran-en-analisis-y-socializacion-iniciativas-en-materia-de-transporte\/#primaryimage"},"thumbnailUrl":"https:\/\/www.sonoraenequipo.com.mx\/storage\/2021\/04\/congreso-de-sonora_opt11.jpg","datePublished":"2021-04-16T17:30:14+00:00","dateModified":"2021-04-17T05:37:28+00:00","description":"HERMOSILLO, SONORA. MX. \u2014 Los diputados de la Comisi\u00f3n de Transporte y Movilidad acordaron continuar con el an\u00e1lisis por separado de las iniciativas En Sonora en Equipo publicamos toda la informaci\u00f3n de Sonora, M\u00e9xico y el Mundo de manera oportuna y busca que la libertad de expresi\u00f3n sea real. Visita nuestro medio informativo publicado desde Hermosillo, Sonora. %","breadcrumb":{"@id":"https:\/\/www.sonoraenequipo.com.mx\/continuaran-en-analisis-y-socializacion-iniciativas-en-materia-de-transporte\/#breadcrumb"},"inLanguage":"es","potentialAction":[{"@type":"ReadAction","target":["https:\/\/www.sonoraenequipo.com.mx\/continuaran-en-analisis-y-socializacion-iniciativas-en-materia-de-transporte\/"]}]},{"@type":"ImageObject","inLanguage":"es","@id":"https:\/\/www.sonoraenequipo.com.mx\/continuaran-en-analisis-y-socializacion-iniciativas-en-materia-de-transporte\/#primaryimage","url":"https:\/\/www.sonoraenequipo.com.mx\/storage\/2021\/04\/congreso-de-sonora_opt11.jpg","contentUrl":"https:\/\/www.sonoraenequipo.com.mx\/storage\/2021\/04\/congreso-de-sonora_opt11.jpg","width":600,"height":375},{"@type":"BreadcrumbList","@id":"https:\/\/www.sonoraenequipo.com.mx\/continuaran-en-analisis-y-socializacion-iniciativas-en-materia-de-transporte\/#breadcrumb","itemListElement":[{"@type":"ListItem","position":1,"name":"Portada","item":"https:\/\/www.sonoraenequipo.com.mx\/"},{"@type":"ListItem","position":2,"name":"Continuar\u00e1n en an\u00e1lisis y socializaci\u00f3n iniciativas en materia de transporte"}]},{"@type":"WebSite","@id":"https:\/\/www.sonoraenequipo.com.mx\/#website","url":"https:\/\/www.sonoraenequipo.com.mx\/","name":"Sonora en Equipo.","description":"Diario en l\u00ednea con Noticias desde Hermosillo, Sonora","publisher":{"@id":"https:\/\/www.sonoraenequipo.com.mx\/#organization"},"potentialAction":[{"@type":"SearchAction","target":{"@type":"EntryPoint","urlTemplate":"https:\/\/www.sonoraenequipo.com.mx\/?s={search_term_string}"},"query-input":{"@type":"PropertyValueSpecification","valueRequired":true,"valueName":"search_term_string"}}],"inLanguage":"es"},{"@type":"Organization","@id":"https:\/\/www.sonoraenequipo.com.mx\/#organization","name":"Sonoraenequipo.com.mx","url":"https:\/\/www.sonoraenequipo.com.mx\/","logo":{"@type":"ImageObject","inLanguage":"es","@id":"https:\/\/www.sonoraenequipo.com.mx\/#\/schema\/logo\/image\/","url":"https:\/\/www.sonoraenequipo.com.mx\/storage\/2019\/01\/sonoraenequipo_opt.png","contentUrl":"https:\/\/www.sonoraenequipo.com.mx\/storage\/2019\/01\/sonoraenequipo_opt.png","width":375,"height":125,"caption":"Sonoraenequipo.com.mx"},"image":{"@id":"https:\/\/www.sonoraenequipo.com.mx\/#\/schema\/logo\/image\/"},"sameAs":["https:\/\/www.facebook.com\/SonoraEE\/","https:\/\/x.com\/sonoraenequipo","https:\/\/www.youtube.com\/channel\/UC338nW-lPEYmJQs4ZABQ1SQ"]},{"@type":"Person","@id":"https:\/\/www.sonoraenequipo.com.mx\/#\/schema\/person\/50102df0fb23a8fa9e8effad8fa81386","name":"enequipo","image":{"@type":"ImageObject","inLanguage":"es","@id":"https:\/\/www.sonoraenequipo.com.mx\/#\/schema\/person\/image\/","url":"https:\/\/secure.gravatar.com\/avatar\/049821681b589dabc0bc20695993ccebb09f5b5d4d790cd9251b97faac7c652b?s=96&d=blank&r=g","contentUrl":"https:\/\/secure.gravatar.com\/avatar\/049821681b589dabc0bc20695993ccebb09f5b5d4d790cd9251b97faac7c652b?s=96&d=blank&r=g","caption":"enequipo"},"sameAs":["https:\/\/www.facebook.com\/SonoraEE"]}]}},"jetpack_featured_media_url":"https:\/\/www.sonoraenequipo.com.mx\/storage\/2021\/04\/congreso-de-sonora_opt11.jpg","_links":{"self":[{"href":"https:\/\/www.sonoraenequipo.com.mx\/api\/wp\/v2\/posts\/111806","targetHints":{"allow":["GET"]}}],"collection":[{"href":"https:\/\/www.sonoraenequipo.com.mx\/api\/wp\/v2\/posts"}],"about":[{"href":"https:\/\/www.sonoraenequipo.com.mx\/api\/wp\/v2\/types\/post"}],"author":[{"embeddable":true,"href":"https:\/\/www.sonoraenequipo.com.mx\/api\/wp\/v2\/users\/1"}],"replies":[{"embeddable":true,"href":"https:\/\/www.sonoraenequipo.com.mx\/api\/wp\/v2\/comments?post=111806"}],"version-history":[{"count":3,"href":"https:\/\/www.sonoraenequipo.com.mx\/api\/wp\/v2\/posts\/111806\/revisions"}],"predecessor-version":[{"id":111817,"href":"https:\/\/www.sonoraenequipo.com.mx\/api\/wp\/v2\/posts\/111806\/revisions\/111817"}],"wp:featuredmedia":[{"embeddable":true,"href":"https:\/\/www.sonoraenequipo.com.mx\/api\/wp\/v2\/media\/111811"}],"wp:attachment":[{"href":"https:\/\/www.sonoraenequipo.com.mx\/api\/wp\/v2\/media?parent=111806"}],"wp:term":[{"taxonomy":"category","embeddable":true,"href":"https:\/\/www.sonoraenequipo.com.mx\/api\/wp\/v2\/categories?post=111806"},{"taxonomy":"post_tag","embeddable":true,"href":"https:\/\/www.sonoraenequipo.com.mx\/api\/wp\/v2\/tags?post=111806"}],"curies":[{"name":"wp","href":"https:\/\/api.w.org\/{rel}","templated":true}]}}