{"id":112099,"date":"2021-04-20T09:10:44","date_gmt":"2021-04-20T16:10:44","guid":{"rendered":"https:\/\/www.sonoraenequipo.com.mx\/?p=112099"},"modified":"2021-04-20T13:37:00","modified_gmt":"2021-04-20T20:37:00","slug":"amlo-celebro-el-acuerdo-con-alonso-ancira-sobre-el-pago-de-216-mdd","status":"publish","type":"post","link":"https:\/\/www.sonoraenequipo.com.mx\/amlo-celebro-el-acuerdo-con-alonso-ancira-sobre-el-pago-de-216-mdd\/","title":{"rendered":"AMLO celebr\u00f3 el acuerdo con Alonso Ancira sobre el pago de 216 mdd"},"content":{"rendered":"<p>CIUDAD DE M\u00c9XICO. MX. \u2014 El presidente Andr\u00e9s Manuel L\u00f3pez Obrador celebr\u00f3 que se haya llegado a un acuerdo \u00abin\u00e9dito\u00bb con Alonso Ancira, ex presidente del Consejo de Administraci\u00f3n de Altos Hornos de M\u00e9xico (AHMSA), sobre pagar 216 millones 664 mil d\u00f3lares como reparaci\u00f3n de da\u00f1o por la compraventa de la planta Agronitrogenados.<\/p>\n<p>&nbsp;<\/p>\n<p> <\/p>\n<p>&nbsp;<\/p>\n<p>En Palacio Nacional, el mandatario resalt\u00f3 que en el acuerdo particip\u00f3 la Fiscal\u00eda General de la Rep\u00fablica (FGR), as\u00ed como el Poder Judicial y Pemex, quien acept\u00f3 la devoluci\u00f3n del dinero.<\/p>\n<p>&nbsp;<\/p>\n<p><em>\u00abCelebro que se haya llegado a este acuerdo, es un hecho posiblemente in\u00e9dito o llevaba mucho tiempo que no se registraba, ser\u00eda bueno ver otros casos, pero es la devoluci\u00f3n de un dinero que se pag\u00f3 de m\u00e1s en la compra de una planta de fertilizantes que pag\u00f3 Pemex en el sexenio pasado, en el marco del llamado Pacto por M\u00e9xico, pagaron 275 millones de d\u00f3lares por la planta, y desde el gobierno anterior, se hicieron aval\u00faos y la ASF estim\u00f3 que se hab\u00eda pagado de m\u00e1s, que hab\u00eda un sobreprecio de 200 millones de d\u00f3lares\u00bb<\/em>, dijo en su conferencia de prensa ma\u00f1anera.<\/p>\n<p>&nbsp;<\/p>\n<p>&nbsp;<\/p>\n<p>L\u00f3pez Obrador destac\u00f3 que el pago de la reparaci\u00f3n del da\u00f1o no cancela el proceso judicial; sin embargo, s\u00ed se suspender\u00e1 con la condici\u00f3n de que se devuelvan los 216 millones de d\u00f3lares.<\/p>\n<p>&nbsp;<\/p>\n<p>&nbsp;<\/p>\n<p><em>\u00abMe informaron que no se cancela el proceso judicial, se suspende y queda condicionado a que se pague la reparaci\u00f3n del da\u00f1o, que se devuelvan los 216 millones de d\u00f3lares\u00bb,<\/em> coment\u00f3.<\/p>\n<p>&nbsp;<\/p>\n<p>El Presidente recomend\u00f3 que el dinero se destine a las plantas de fertilizantes de Pemex, con la finalidad de ayudar a los productores, principalmente de Guerrero, Tlaxcala, Puebla y Morelos.<\/p>\n<p>&nbsp;<\/p>\n<p><em>\u00abEste dinero va a ayudar para que Pemex lo invierta, la recomendaci\u00f3n es que se destine a fertilizantes que se est\u00e1n entregando a campesinos en Guerrero, Tlaxcala, Puebla, Morelos, se entregan fertilizantes de manera gratuita.<\/em><\/p>\n<p>&nbsp;<\/p>\n<p><em>\u00abTodo va a Pemex pero las plantas de fertilizantes que adquirieron las maneja Pemex una direcci\u00f3n y esto caus\u00f3 una deuda a Pemex enorme porque no solo se compraron estas plantas, se compraron otras y se invirti\u00f3 en repararlas\u00bb<\/em>, mencion\u00f3.<\/p>\n<p>&nbsp;<\/p>\n<p>Ayer, Alonso Ancira Elizondo sali\u00f3 del reclusorio Norte, luego de que Petr\u00f3leos Mexicanos (Pemex) aval\u00f3 la propuesta del empresario de pagar 216 millones 664 mil d\u00f3lares como reparaci\u00f3n del da\u00f1o por la compraventa de la planta Agronitrogenados.<\/p>\n<p>&nbsp;<\/p>\n<p>En entrevista con Azucena Uresti para Grupo F\u00f3rmula, el senador con licencia Armando Guadiana adelant\u00f3 que Ancira viajar\u00e1 a Texas para visitar a su familia y de forma posterior a Monclova, Coahuila, para seguir trabajando.<\/p>\n<p>&nbsp;<\/p>\n<p>En febrero, el empresario fue vinculado a proceso por su presunta responsabilidad en el delito de operaciones con recursos de procedencia il\u00edcita, derivado de un soborno al ex director de Pemex, Emilio Lozoya Austin, y a Giselle Lozoya.<\/p>\n<p>&nbsp;<\/p>\n<p>&nbsp;<\/p>\n<p>(Publicada el 20\/04\/2021)<\/p>\n","protected":false},"excerpt":{"rendered":"<p>CIUDAD DE M\u00c9XICO. MX. \u2014 El presidente Andr\u00e9s Manuel L\u00f3pez Obrador celebr\u00f3 que se haya&#8230;<\/p>\n","protected":false},"author":1,"featured_media":112100,"comment_status":"open","ping_status":"open","sticky":false,"template":"","format":"standard","meta":{"_monsterinsights_skip_tracking":false,"_monsterinsights_sitenote_active":false,"_monsterinsights_sitenote_note":"","_monsterinsights_sitenote_category":0,"footnotes":""},"categories":[5],"tags":[],"class_list":["post"],"yoast_head":" \n<title>Sonora en Equipo. AMLO celebr\u00f3 el acuerdo con Alonso Ancira sobre el pago de 216 mdd Rep\u00fablica<\/title>\n<meta name=\"description\" content=\"CIUDAD DE M\u00c9XICO. MX. \u2014 El presidente Andr\u00e9s Manuel L\u00f3pez Obrador celebr\u00f3 que se haya llegado a un acuerdo &quot;in\u00e9dito&quot; con Alonso Ancira, ex presidente del En Sonora en Equipo publicamos toda la informaci\u00f3n de Sonora, M\u00e9xico y el Mundo de manera oportuna y busca que la libertad de expresi\u00f3n sea real. Visita nuestro medio informativo publicado desde Hermosillo, Sonora. %\" \/>\n<meta name=\"robots\" content=\"index, follow, max-snippet:-1, max-image-preview:large, max-video-preview:-1\" \/>\n<link rel=\"canonical\" href=\"https:\/\/www.sonoraenequipo.com.mx\/amlo-celebro-el-acuerdo-con-alonso-ancira-sobre-el-pago-de-216-mdd\/\" \/>\n<meta property=\"og:locale\" content=\"es_ES\" \/>\n<meta property=\"og:type\" content=\"article\" \/>\n<meta property=\"og:title\" content=\"Sonora en Equipo. AMLO celebr\u00f3 el acuerdo con Alonso Ancira sobre el pago de 216 mdd Rep\u00fablica\" \/>\n<meta property=\"og:description\" content=\"CIUDAD DE M\u00c9XICO. MX. \u2014 El presidente Andr\u00e9s Manuel L\u00f3pez Obrador celebr\u00f3 que se haya llegado a un acuerdo &quot;in\u00e9dito&quot; con Alonso Ancira, ex presidente del En Sonora en Equipo publicamos toda la informaci\u00f3n de Sonora, M\u00e9xico y el Mundo de manera oportuna y busca que la libertad de expresi\u00f3n sea real. Visita nuestro medio informativo publicado desde Hermosillo, Sonora. %\" \/>\n<meta property=\"og:url\" content=\"https:\/\/www.sonoraenequipo.com.mx\/amlo-celebro-el-acuerdo-con-alonso-ancira-sobre-el-pago-de-216-mdd\/\" \/>\n<meta property=\"og:site_name\" content=\"Sonora en Equipo.\" \/>\n<meta property=\"article:publisher\" content=\"https:\/\/www.facebook.com\/SonoraEE\/\" \/>\n<meta property=\"article:author\" content=\"https:\/\/www.facebook.com\/SonoraEE\" \/>\n<meta property=\"article:published_time\" content=\"2021-04-20T16:10:44+00:00\" \/>\n<meta property=\"article:modified_time\" content=\"2021-04-20T20:37:00+00:00\" \/>\n<meta property=\"og:image\" content=\"https:\/\/www.sonoraenequipo.com.mx\/storage\/2021\/04\/Lopez-Obrador2006_opt.jpg\" \/>\n\t<meta property=\"og:image:width\" content=\"711\" \/>\n\t<meta property=\"og:image:height\" content=\"400\" \/>\n\t<meta property=\"og:image:type\" content=\"image\/jpeg\" \/>\n<meta name=\"author\" content=\"enequipo\" \/>\n<meta name=\"twitter:card\" content=\"summary_large_image\" \/>\n<meta name=\"twitter:creator\" content=\"@sonoraenequipo\" \/>\n<meta name=\"twitter:site\" content=\"@sonoraenequipo\" \/>\n<meta name=\"twitter:label1\" content=\"Escrito por\" \/>\n\t<meta name=\"twitter:data1\" content=\"enequipo\" \/>\n\t<meta name=\"twitter:label2\" content=\"Tiempo de lectura\" \/>\n\t<meta name=\"twitter:data2\" content=\"3 minutos\" \/>\n<script type=\"application\/ld+json\" class=\"yoast-schema-graph\">{\"@context\":\"https:\/\/schema.org\",\"@graph\":[{\"@type\":\"Article\",\"@id\":\"https:\/\/www.sonoraenequipo.com.mx\/amlo-celebro-el-acuerdo-con-alonso-ancira-sobre-el-pago-de-216-mdd\/#article\",\"isPartOf\":{\"@id\":\"https:\/\/www.sonoraenequipo.com.mx\/amlo-celebro-el-acuerdo-con-alonso-ancira-sobre-el-pago-de-216-mdd\/\"},\"author\":{\"name\":\"enequipo\",\"@id\":\"https:\/\/www.sonoraenequipo.com.mx\/#\/schema\/person\/50102df0fb23a8fa9e8effad8fa81386\"},\"headline\":\"AMLO celebr\u00f3 el acuerdo con Alonso Ancira sobre el pago de 216 mdd\",\"datePublished\":\"2021-04-20T16:10:44+00:00\",\"dateModified\":\"2021-04-20T20:37:00+00:00\",\"mainEntityOfPage\":{\"@id\":\"https:\/\/www.sonoraenequipo.com.mx\/amlo-celebro-el-acuerdo-con-alonso-ancira-sobre-el-pago-de-216-mdd\/\"},\"wordCount\":527,\"commentCount\":0,\"publisher\":{\"@id\":\"https:\/\/www.sonoraenequipo.com.mx\/#organization\"},\"image\":{\"@id\":\"https:\/\/www.sonoraenequipo.com.mx\/amlo-celebro-el-acuerdo-con-alonso-ancira-sobre-el-pago-de-216-mdd\/#primaryimage\"},\"thumbnailUrl\":\"https:\/\/www.sonoraenequipo.com.mx\/storage\/2021\/04\/Lopez-Obrador2006_opt.jpg\",\"articleSection\":[\"Rep\u00fablica\"],\"inLanguage\":\"es\",\"potentialAction\":[{\"@type\":\"CommentAction\",\"name\":\"Comment\",\"target\":[\"https:\/\/www.sonoraenequipo.com.mx\/amlo-celebro-el-acuerdo-con-alonso-ancira-sobre-el-pago-de-216-mdd\/#respond\"]}]},{\"@type\":\"WebPage\",\"@id\":\"https:\/\/www.sonoraenequipo.com.mx\/amlo-celebro-el-acuerdo-con-alonso-ancira-sobre-el-pago-de-216-mdd\/\",\"url\":\"https:\/\/www.sonoraenequipo.com.mx\/amlo-celebro-el-acuerdo-con-alonso-ancira-sobre-el-pago-de-216-mdd\/\",\"name\":\"Sonora en Equipo. AMLO celebr\u00f3 el acuerdo con Alonso Ancira sobre el pago de 216 mdd Rep\u00fablica\",\"isPartOf\":{\"@id\":\"https:\/\/www.sonoraenequipo.com.mx\/#website\"},\"primaryImageOfPage\":{\"@id\":\"https:\/\/www.sonoraenequipo.com.mx\/amlo-celebro-el-acuerdo-con-alonso-ancira-sobre-el-pago-de-216-mdd\/#primaryimage\"},\"image\":{\"@id\":\"https:\/\/www.sonoraenequipo.com.mx\/amlo-celebro-el-acuerdo-con-alonso-ancira-sobre-el-pago-de-216-mdd\/#primaryimage\"},\"thumbnailUrl\":\"https:\/\/www.sonoraenequipo.com.mx\/storage\/2021\/04\/Lopez-Obrador2006_opt.jpg\",\"datePublished\":\"2021-04-20T16:10:44+00:00\",\"dateModified\":\"2021-04-20T20:37:00+00:00\",\"description\":\"CIUDAD DE M\u00c9XICO. MX. \u2014 El presidente Andr\u00e9s Manuel L\u00f3pez Obrador celebr\u00f3 que se haya llegado a un acuerdo \\\"in\u00e9dito\\\" con Alonso Ancira, ex presidente del En Sonora en Equipo publicamos toda la informaci\u00f3n de Sonora, M\u00e9xico y el Mundo de manera oportuna y busca que la libertad de expresi\u00f3n sea real. Visita nuestro medio informativo publicado desde Hermosillo, Sonora. %\",\"breadcrumb\":{\"@id\":\"https:\/\/www.sonoraenequipo.com.mx\/amlo-celebro-el-acuerdo-con-alonso-ancira-sobre-el-pago-de-216-mdd\/#breadcrumb\"},\"inLanguage\":\"es\",\"potentialAction\":[{\"@type\":\"ReadAction\",\"target\":[\"https:\/\/www.sonoraenequipo.com.mx\/amlo-celebro-el-acuerdo-con-alonso-ancira-sobre-el-pago-de-216-mdd\/\"]}]},{\"@type\":\"ImageObject\",\"inLanguage\":\"es\",\"@id\":\"https:\/\/www.sonoraenequipo.com.mx\/amlo-celebro-el-acuerdo-con-alonso-ancira-sobre-el-pago-de-216-mdd\/#primaryimage\",\"url\":\"https:\/\/www.sonoraenequipo.com.mx\/storage\/2021\/04\/Lopez-Obrador2006_opt.jpg\",\"contentUrl\":\"https:\/\/www.sonoraenequipo.com.mx\/storage\/2021\/04\/Lopez-Obrador2006_opt.jpg\",\"width\":711,\"height\":400},{\"@type\":\"BreadcrumbList\",\"@id\":\"https:\/\/www.sonoraenequipo.com.mx\/amlo-celebro-el-acuerdo-con-alonso-ancira-sobre-el-pago-de-216-mdd\/#breadcrumb\",\"itemListElement\":[{\"@type\":\"ListItem\",\"position\":1,\"name\":\"Portada\",\"item\":\"https:\/\/www.sonoraenequipo.com.mx\/\"},{\"@type\":\"ListItem\",\"position\":2,\"name\":\"AMLO celebr\u00f3 el acuerdo con Alonso Ancira sobre el pago de 216 mdd\"}]},{\"@type\":\"WebSite\",\"@id\":\"https:\/\/www.sonoraenequipo.com.mx\/#website\",\"url\":\"https:\/\/www.sonoraenequipo.com.mx\/\",\"name\":\"Sonora en Equipo.\",\"description\":\"Diario en l\u00ednea con Noticias desde Hermosillo, Sonora\",\"publisher\":{\"@id\":\"https:\/\/www.sonoraenequipo.com.mx\/#organization\"},\"potentialAction\":[{\"@type\":\"SearchAction\",\"target\":{\"@type\":\"EntryPoint\",\"urlTemplate\":\"https:\/\/www.sonoraenequipo.com.mx\/?s={search_term_string}\"},\"query-input\":{\"@type\":\"PropertyValueSpecification\",\"valueRequired\":true,\"valueName\":\"search_term_string\"}}],\"inLanguage\":\"es\"},{\"@type\":\"Organization\",\"@id\":\"https:\/\/www.sonoraenequipo.com.mx\/#organization\",\"name\":\"Sonoraenequipo.com.mx\",\"url\":\"https:\/\/www.sonoraenequipo.com.mx\/\",\"logo\":{\"@type\":\"ImageObject\",\"inLanguage\":\"es\",\"@id\":\"https:\/\/www.sonoraenequipo.com.mx\/#\/schema\/logo\/image\/\",\"url\":\"https:\/\/www.sonoraenequipo.com.mx\/storage\/2019\/01\/sonoraenequipo_opt.png\",\"contentUrl\":\"https:\/\/www.sonoraenequipo.com.mx\/storage\/2019\/01\/sonoraenequipo_opt.png\",\"width\":375,\"height\":125,\"caption\":\"Sonoraenequipo.com.mx\"},\"image\":{\"@id\":\"https:\/\/www.sonoraenequipo.com.mx\/#\/schema\/logo\/image\/\"},\"sameAs\":[\"https:\/\/www.facebook.com\/SonoraEE\/\",\"https:\/\/x.com\/sonoraenequipo\",\"https:\/\/www.youtube.com\/channel\/UC338nW-lPEYmJQs4ZABQ1SQ\"]},{\"@type\":\"Person\",\"@id\":\"https:\/\/www.sonoraenequipo.com.mx\/#\/schema\/person\/50102df0fb23a8fa9e8effad8fa81386\",\"name\":\"enequipo\",\"image\":{\"@type\":\"ImageObject\",\"inLanguage\":\"es\",\"@id\":\"https:\/\/www.sonoraenequipo.com.mx\/#\/schema\/person\/image\/\",\"url\":\"https:\/\/secure.gravatar.com\/avatar\/049821681b589dabc0bc20695993ccebb09f5b5d4d790cd9251b97faac7c652b?s=96&d=blank&r=g\",\"contentUrl\":\"https:\/\/secure.gravatar.com\/avatar\/049821681b589dabc0bc20695993ccebb09f5b5d4d790cd9251b97faac7c652b?s=96&d=blank&r=g\",\"caption\":\"enequipo\"},\"sameAs\":[\"https:\/\/www.facebook.com\/SonoraEE\"]}]}<\/script>\n ","yoast_head_json":{"title":"Sonora en Equipo. AMLO celebr\u00f3 el acuerdo con Alonso Ancira sobre el pago de 216 mdd Rep\u00fablica","description":"CIUDAD DE M\u00c9XICO. MX. \u2014 El presidente Andr\u00e9s Manuel L\u00f3pez Obrador celebr\u00f3 que se haya llegado a un acuerdo \"in\u00e9dito\" con Alonso Ancira, ex presidente del En Sonora en Equipo publicamos toda la informaci\u00f3n de Sonora, M\u00e9xico y el Mundo de manera oportuna y busca que la libertad de expresi\u00f3n sea real. Visita nuestro medio informativo publicado desde Hermosillo, Sonora. %","robots":{"index":"index","follow":"follow","max-snippet":"max-snippet:-1","max-image-preview":"max-image-preview:large","max-video-preview":"max-video-preview:-1"},"canonical":"https:\/\/www.sonoraenequipo.com.mx\/amlo-celebro-el-acuerdo-con-alonso-ancira-sobre-el-pago-de-216-mdd\/","og_locale":"es_ES","og_type":"article","og_title":"Sonora en Equipo. AMLO celebr\u00f3 el acuerdo con Alonso Ancira sobre el pago de 216 mdd Rep\u00fablica","og_description":"CIUDAD DE M\u00c9XICO. MX. \u2014 El presidente Andr\u00e9s Manuel L\u00f3pez Obrador celebr\u00f3 que se haya llegado a un acuerdo \"in\u00e9dito\" con Alonso Ancira, ex presidente del En Sonora en Equipo publicamos toda la informaci\u00f3n de Sonora, M\u00e9xico y el Mundo de manera oportuna y busca que la libertad de expresi\u00f3n sea real. Visita nuestro medio informativo publicado desde Hermosillo, Sonora. %","og_url":"https:\/\/www.sonoraenequipo.com.mx\/amlo-celebro-el-acuerdo-con-alonso-ancira-sobre-el-pago-de-216-mdd\/","og_site_name":"Sonora en Equipo.","article_publisher":"https:\/\/www.facebook.com\/SonoraEE\/","article_author":"https:\/\/www.facebook.com\/SonoraEE","article_published_time":"2021-04-20T16:10:44+00:00","article_modified_time":"2021-04-20T20:37:00+00:00","og_image":[{"width":711,"height":400,"url":"https:\/\/www.sonoraenequipo.com.mx\/storage\/2021\/04\/Lopez-Obrador2006_opt.jpg","type":"image\/jpeg"}],"author":"enequipo","twitter_card":"summary_large_image","twitter_creator":"@sonoraenequipo","twitter_site":"@sonoraenequipo","twitter_misc":{"Escrito por":"enequipo","Tiempo de lectura":"3 minutos"},"schema":{"@context":"https:\/\/schema.org","@graph":[{"@type":"Article","@id":"https:\/\/www.sonoraenequipo.com.mx\/amlo-celebro-el-acuerdo-con-alonso-ancira-sobre-el-pago-de-216-mdd\/#article","isPartOf":{"@id":"https:\/\/www.sonoraenequipo.com.mx\/amlo-celebro-el-acuerdo-con-alonso-ancira-sobre-el-pago-de-216-mdd\/"},"author":{"name":"enequipo","@id":"https:\/\/www.sonoraenequipo.com.mx\/#\/schema\/person\/50102df0fb23a8fa9e8effad8fa81386"},"headline":"AMLO celebr\u00f3 el acuerdo con Alonso Ancira sobre el pago de 216 mdd","datePublished":"2021-04-20T16:10:44+00:00","dateModified":"2021-04-20T20:37:00+00:00","mainEntityOfPage":{"@id":"https:\/\/www.sonoraenequipo.com.mx\/amlo-celebro-el-acuerdo-con-alonso-ancira-sobre-el-pago-de-216-mdd\/"},"wordCount":527,"commentCount":0,"publisher":{"@id":"https:\/\/www.sonoraenequipo.com.mx\/#organization"},"image":{"@id":"https:\/\/www.sonoraenequipo.com.mx\/amlo-celebro-el-acuerdo-con-alonso-ancira-sobre-el-pago-de-216-mdd\/#primaryimage"},"thumbnailUrl":"https:\/\/www.sonoraenequipo.com.mx\/storage\/2021\/04\/Lopez-Obrador2006_opt.jpg","articleSection":["Rep\u00fablica"],"inLanguage":"es","potentialAction":[{"@type":"CommentAction","name":"Comment","target":["https:\/\/www.sonoraenequipo.com.mx\/amlo-celebro-el-acuerdo-con-alonso-ancira-sobre-el-pago-de-216-mdd\/#respond"]}]},{"@type":"WebPage","@id":"https:\/\/www.sonoraenequipo.com.mx\/amlo-celebro-el-acuerdo-con-alonso-ancira-sobre-el-pago-de-216-mdd\/","url":"https:\/\/www.sonoraenequipo.com.mx\/amlo-celebro-el-acuerdo-con-alonso-ancira-sobre-el-pago-de-216-mdd\/","name":"Sonora en Equipo. AMLO celebr\u00f3 el acuerdo con Alonso Ancira sobre el pago de 216 mdd Rep\u00fablica","isPartOf":{"@id":"https:\/\/www.sonoraenequipo.com.mx\/#website"},"primaryImageOfPage":{"@id":"https:\/\/www.sonoraenequipo.com.mx\/amlo-celebro-el-acuerdo-con-alonso-ancira-sobre-el-pago-de-216-mdd\/#primaryimage"},"image":{"@id":"https:\/\/www.sonoraenequipo.com.mx\/amlo-celebro-el-acuerdo-con-alonso-ancira-sobre-el-pago-de-216-mdd\/#primaryimage"},"thumbnailUrl":"https:\/\/www.sonoraenequipo.com.mx\/storage\/2021\/04\/Lopez-Obrador2006_opt.jpg","datePublished":"2021-04-20T16:10:44+00:00","dateModified":"2021-04-20T20:37:00+00:00","description":"CIUDAD DE M\u00c9XICO. MX. \u2014 El presidente Andr\u00e9s Manuel L\u00f3pez Obrador celebr\u00f3 que se haya llegado a un acuerdo \"in\u00e9dito\" con Alonso Ancira, ex presidente del En Sonora en Equipo publicamos toda la informaci\u00f3n de Sonora, M\u00e9xico y el Mundo de manera oportuna y busca que la libertad de expresi\u00f3n sea real. Visita nuestro medio informativo publicado desde Hermosillo, Sonora. %","breadcrumb":{"@id":"https:\/\/www.sonoraenequipo.com.mx\/amlo-celebro-el-acuerdo-con-alonso-ancira-sobre-el-pago-de-216-mdd\/#breadcrumb"},"inLanguage":"es","potentialAction":[{"@type":"ReadAction","target":["https:\/\/www.sonoraenequipo.com.mx\/amlo-celebro-el-acuerdo-con-alonso-ancira-sobre-el-pago-de-216-mdd\/"]}]},{"@type":"ImageObject","inLanguage":"es","@id":"https:\/\/www.sonoraenequipo.com.mx\/amlo-celebro-el-acuerdo-con-alonso-ancira-sobre-el-pago-de-216-mdd\/#primaryimage","url":"https:\/\/www.sonoraenequipo.com.mx\/storage\/2021\/04\/Lopez-Obrador2006_opt.jpg","contentUrl":"https:\/\/www.sonoraenequipo.com.mx\/storage\/2021\/04\/Lopez-Obrador2006_opt.jpg","width":711,"height":400},{"@type":"BreadcrumbList","@id":"https:\/\/www.sonoraenequipo.com.mx\/amlo-celebro-el-acuerdo-con-alonso-ancira-sobre-el-pago-de-216-mdd\/#breadcrumb","itemListElement":[{"@type":"ListItem","position":1,"name":"Portada","item":"https:\/\/www.sonoraenequipo.com.mx\/"},{"@type":"ListItem","position":2,"name":"AMLO celebr\u00f3 el acuerdo con Alonso Ancira sobre el pago de 216 mdd"}]},{"@type":"WebSite","@id":"https:\/\/www.sonoraenequipo.com.mx\/#website","url":"https:\/\/www.sonoraenequipo.com.mx\/","name":"Sonora en Equipo.","description":"Diario en l\u00ednea con Noticias desde Hermosillo, Sonora","publisher":{"@id":"https:\/\/www.sonoraenequipo.com.mx\/#organization"},"potentialAction":[{"@type":"SearchAction","target":{"@type":"EntryPoint","urlTemplate":"https:\/\/www.sonoraenequipo.com.mx\/?s={search_term_string}"},"query-input":{"@type":"PropertyValueSpecification","valueRequired":true,"valueName":"search_term_string"}}],"inLanguage":"es"},{"@type":"Organization","@id":"https:\/\/www.sonoraenequipo.com.mx\/#organization","name":"Sonoraenequipo.com.mx","url":"https:\/\/www.sonoraenequipo.com.mx\/","logo":{"@type":"ImageObject","inLanguage":"es","@id":"https:\/\/www.sonoraenequipo.com.mx\/#\/schema\/logo\/image\/","url":"https:\/\/www.sonoraenequipo.com.mx\/storage\/2019\/01\/sonoraenequipo_opt.png","contentUrl":"https:\/\/www.sonoraenequipo.com.mx\/storage\/2019\/01\/sonoraenequipo_opt.png","width":375,"height":125,"caption":"Sonoraenequipo.com.mx"},"image":{"@id":"https:\/\/www.sonoraenequipo.com.mx\/#\/schema\/logo\/image\/"},"sameAs":["https:\/\/www.facebook.com\/SonoraEE\/","https:\/\/x.com\/sonoraenequipo","https:\/\/www.youtube.com\/channel\/UC338nW-lPEYmJQs4ZABQ1SQ"]},{"@type":"Person","@id":"https:\/\/www.sonoraenequipo.com.mx\/#\/schema\/person\/50102df0fb23a8fa9e8effad8fa81386","name":"enequipo","image":{"@type":"ImageObject","inLanguage":"es","@id":"https:\/\/www.sonoraenequipo.com.mx\/#\/schema\/person\/image\/","url":"https:\/\/secure.gravatar.com\/avatar\/049821681b589dabc0bc20695993ccebb09f5b5d4d790cd9251b97faac7c652b?s=96&d=blank&r=g","contentUrl":"https:\/\/secure.gravatar.com\/avatar\/049821681b589dabc0bc20695993ccebb09f5b5d4d790cd9251b97faac7c652b?s=96&d=blank&r=g","caption":"enequipo"},"sameAs":["https:\/\/www.facebook.com\/SonoraEE"]}]}},"jetpack_featured_media_url":"https:\/\/www.sonoraenequipo.com.mx\/storage\/2021\/04\/Lopez-Obrador2006_opt.jpg","_links":{"self":[{"href":"https:\/\/www.sonoraenequipo.com.mx\/api\/wp\/v2\/posts\/112099","targetHints":{"allow":["GET"]}}],"collection":[{"href":"https:\/\/www.sonoraenequipo.com.mx\/api\/wp\/v2\/posts"}],"about":[{"href":"https:\/\/www.sonoraenequipo.com.mx\/api\/wp\/v2\/types\/post"}],"author":[{"embeddable":true,"href":"https:\/\/www.sonoraenequipo.com.mx\/api\/wp\/v2\/users\/1"}],"replies":[{"embeddable":true,"href":"https:\/\/www.sonoraenequipo.com.mx\/api\/wp\/v2\/comments?post=112099"}],"version-history":[{"count":1,"href":"https:\/\/www.sonoraenequipo.com.mx\/api\/wp\/v2\/posts\/112099\/revisions"}],"predecessor-version":[{"id":112103,"href":"https:\/\/www.sonoraenequipo.com.mx\/api\/wp\/v2\/posts\/112099\/revisions\/112103"}],"wp:featuredmedia":[{"embeddable":true,"href":"https:\/\/www.sonoraenequipo.com.mx\/api\/wp\/v2\/media\/112100"}],"wp:attachment":[{"href":"https:\/\/www.sonoraenequipo.com.mx\/api\/wp\/v2\/media?parent=112099"}],"wp:term":[{"taxonomy":"category","embeddable":true,"href":"https:\/\/www.sonoraenequipo.com.mx\/api\/wp\/v2\/categories?post=112099"},{"taxonomy":"post_tag","embeddable":true,"href":"https:\/\/www.sonoraenequipo.com.mx\/api\/wp\/v2\/tags?post=112099"}],"curies":[{"name":"wp","href":"https:\/\/api.w.org\/{rel}","templated":true}]}}