{"id":112104,"date":"2021-04-20T11:20:27","date_gmt":"2021-04-20T18:20:27","guid":{"rendered":"https:\/\/www.sonoraenequipo.com.mx\/?p=112104"},"modified":"2021-04-20T15:04:31","modified_gmt":"2021-04-20T22:04:31","slug":"ligera-alza-en-casos-de-covid-19-es-una-advertencia-lopez-gatell","status":"publish","type":"post","link":"https:\/\/www.sonoraenequipo.com.mx\/ligera-alza-en-casos-de-covid-19-es-una-advertencia-lopez-gatell\/","title":{"rendered":"Ligera alza en casos de covid-19 es una advertencia: L\u00f3pez-Gatell"},"content":{"rendered":"<p>CIUDAD DE M\u00c9XICO. MX. \u2014 El secretario de Salud, Jorge Alcocer hizo un llamado a la poblaci\u00f3n para no confiarse ante la pandemia de covid-19 en M\u00e9xico, y continuar implementando las medidas de seguridad, sobre todo ante el aumento de casos en 10 entidades federativas.<\/p>\n<p>&nbsp;<\/p>\n<p> <\/p>\n<p><em>\u201cCumplimos 11 semanas en M\u00e9xico que la pandemia sigue disminuyendo en los principales indicadores, sin embargo, hoy en este Pulso de la Salud nos mostrar\u00e1 L\u00f3pez-Gatell que 10 entidades muestran leve tendencia a la alza, no hay emergencia, es una leve tendencia que hay que atender\u201d<\/em>, dijo en La Ma\u00f1anera.<\/p>\n<p>&nbsp;<\/p>\n<p>Las entidades que registran un incremento son Ciudad de M\u00e9xico, Colima, Durango, Estado de M\u00e9xico, Morelos, Nayarit, Quintana Roo, Morelos y la m\u00e1s preocupante para la autoridad, Chihuahua.<\/p>\n<p>&nbsp;<\/p>\n<p>El funcionario pidi\u00f3 a los mexicanos no confiarse y mantener las medidas sanitarias que se han aprendido a lo largo de la pandemia, como el lavado de manos frecuente, la sana distancia y el uso de cubrebocas, para evitar que haya una tercera ola de contagios. Adem\u00e1s, resalt\u00f3 que la prioridad del gobierno federal contin\u00faa siendo el plan nacional de vacunaci\u00f3n.<\/p>\n<p>&nbsp;<\/p>\n<p>En su intervenci\u00f3n, el subsecretario de Prevenci\u00f3n y Promoci\u00f3n de la Salud, Hugo L\u00f3pez-Gatell declar\u00f3 que se trata de una <em>\u201cllamada de advertencia\u201d,<\/em> pero aclar\u00f3 que no existe un aumento \u201cprecipitoso\u201d ni una \u201cemergencia\u201d, pues el alza s\u00f3lo fue del cuatro por ciento con respecto a la semana anterior.<\/p>\n<p>&nbsp;<\/p>\n<p><em>\u201cEs una llamada de advertencia, (\u2026) porque no existe un aumento precipitoso. Es un aumento que hemos planteado desde antes de la semana mayor\u201d<\/em>, coment\u00f3.<\/p>\n<p>&nbsp;<\/p>\n<p>L\u00f3pez-Gatell apunt\u00f3 que, afortunadamente, hay suficientes camas para atender a los pacientes, pues la ocupaci\u00f3n hospitalaria de unidades covid-19 es del 16 por ciento en general, mientras que aquellas en las que no se requieren cuidados intensivos es del 15; y ninguna entidad tiene ocupaciones superiores al 20 por ciento.<\/p>\n<p>&nbsp;<\/p>\n<p>(Publicada el 20\/04\/2021)<\/p>\n","protected":false},"excerpt":{"rendered":"<p>CIUDAD DE M\u00c9XICO. MX. \u2014 El secretario de Salud, Jorge Alcocer hizo un llamado a&#8230;<\/p>\n","protected":false},"author":1,"featured_media":112105,"comment_status":"open","ping_status":"open","sticky":false,"template":"","format":"standard","meta":{"_monsterinsights_skip_tracking":false,"_monsterinsights_sitenote_active":false,"_monsterinsights_sitenote_note":"","_monsterinsights_sitenote_category":0,"footnotes":""},"categories":[5],"tags":[],"class_list":["post"],"yoast_head":" \n<title>Sonora en Equipo. Ligera alza en casos de covid-19 es una advertencia: L\u00f3pez-Gatell Rep\u00fablica<\/title>\n<meta name=\"description\" content=\"CIUDAD DE M\u00c9XICO. MX. \u2014 El secretario de Salud, Jorge Alcocer hizo un llamado a la poblaci\u00f3n para no confiarse ante la pandemia de covid-19 en M\u00e9xico, y En Sonora en Equipo publicamos toda la informaci\u00f3n de Sonora, M\u00e9xico y el Mundo de manera oportuna y busca que la libertad de expresi\u00f3n sea real. Visita nuestro medio informativo publicado desde Hermosillo, Sonora. %\" \/>\n<meta name=\"robots\" content=\"index, follow, max-snippet:-1, max-image-preview:large, max-video-preview:-1\" \/>\n<link rel=\"canonical\" href=\"https:\/\/www.sonoraenequipo.com.mx\/ligera-alza-en-casos-de-covid-19-es-una-advertencia-lopez-gatell\/\" \/>\n<meta property=\"og:locale\" content=\"es_ES\" \/>\n<meta property=\"og:type\" content=\"article\" \/>\n<meta property=\"og:title\" content=\"Sonora en Equipo. Ligera alza en casos de covid-19 es una advertencia: L\u00f3pez-Gatell Rep\u00fablica\" \/>\n<meta property=\"og:description\" content=\"CIUDAD DE M\u00c9XICO. MX. \u2014 El secretario de Salud, Jorge Alcocer hizo un llamado a la poblaci\u00f3n para no confiarse ante la pandemia de covid-19 en M\u00e9xico, y En Sonora en Equipo publicamos toda la informaci\u00f3n de Sonora, M\u00e9xico y el Mundo de manera oportuna y busca que la libertad de expresi\u00f3n sea real. Visita nuestro medio informativo publicado desde Hermosillo, Sonora. %\" \/>\n<meta property=\"og:url\" content=\"https:\/\/www.sonoraenequipo.com.mx\/ligera-alza-en-casos-de-covid-19-es-una-advertencia-lopez-gatell\/\" \/>\n<meta property=\"og:site_name\" content=\"Sonora en Equipo.\" \/>\n<meta property=\"article:publisher\" content=\"https:\/\/www.facebook.com\/SonoraEE\/\" \/>\n<meta property=\"article:author\" content=\"https:\/\/www.facebook.com\/SonoraEE\" \/>\n<meta property=\"article:published_time\" content=\"2021-04-20T18:20:27+00:00\" \/>\n<meta property=\"article:modified_time\" content=\"2021-04-20T22:04:31+00:00\" \/>\n<meta property=\"og:image\" content=\"https:\/\/www.sonoraenequipo.com.mx\/storage\/2021\/04\/ligera-alza-casos-covid-advertencia_opt.jpg\" \/>\n\t<meta property=\"og:image:width\" content=\"522\" \/>\n\t<meta property=\"og:image:height\" content=\"344\" \/>\n\t<meta property=\"og:image:type\" content=\"image\/jpeg\" \/>\n<meta name=\"author\" content=\"enequipo\" \/>\n<meta name=\"twitter:card\" content=\"summary_large_image\" \/>\n<meta name=\"twitter:creator\" content=\"@sonoraenequipo\" \/>\n<meta name=\"twitter:site\" content=\"@sonoraenequipo\" \/>\n<meta name=\"twitter:label1\" content=\"Escrito por\" \/>\n\t<meta name=\"twitter:data1\" content=\"enequipo\" \/>\n\t<meta name=\"twitter:label2\" content=\"Tiempo de lectura\" \/>\n\t<meta name=\"twitter:data2\" content=\"2 minutos\" \/>\n<script type=\"application\/ld+json\" class=\"yoast-schema-graph\">{\"@context\":\"https:\/\/schema.org\",\"@graph\":[{\"@type\":\"Article\",\"@id\":\"https:\/\/www.sonoraenequipo.com.mx\/ligera-alza-en-casos-de-covid-19-es-una-advertencia-lopez-gatell\/#article\",\"isPartOf\":{\"@id\":\"https:\/\/www.sonoraenequipo.com.mx\/ligera-alza-en-casos-de-covid-19-es-una-advertencia-lopez-gatell\/\"},\"author\":{\"name\":\"enequipo\",\"@id\":\"https:\/\/www.sonoraenequipo.com.mx\/#\/schema\/person\/50102df0fb23a8fa9e8effad8fa81386\"},\"headline\":\"Ligera alza en casos de covid-19 es una advertencia: L\u00f3pez-Gatell\",\"datePublished\":\"2021-04-20T18:20:27+00:00\",\"dateModified\":\"2021-04-20T22:04:31+00:00\",\"mainEntityOfPage\":{\"@id\":\"https:\/\/www.sonoraenequipo.com.mx\/ligera-alza-en-casos-de-covid-19-es-una-advertencia-lopez-gatell\/\"},\"wordCount\":339,\"commentCount\":0,\"publisher\":{\"@id\":\"https:\/\/www.sonoraenequipo.com.mx\/#organization\"},\"image\":{\"@id\":\"https:\/\/www.sonoraenequipo.com.mx\/ligera-alza-en-casos-de-covid-19-es-una-advertencia-lopez-gatell\/#primaryimage\"},\"thumbnailUrl\":\"https:\/\/www.sonoraenequipo.com.mx\/storage\/2021\/04\/ligera-alza-casos-covid-advertencia_opt.jpg\",\"articleSection\":[\"Rep\u00fablica\"],\"inLanguage\":\"es\",\"potentialAction\":[{\"@type\":\"CommentAction\",\"name\":\"Comment\",\"target\":[\"https:\/\/www.sonoraenequipo.com.mx\/ligera-alza-en-casos-de-covid-19-es-una-advertencia-lopez-gatell\/#respond\"]}]},{\"@type\":\"WebPage\",\"@id\":\"https:\/\/www.sonoraenequipo.com.mx\/ligera-alza-en-casos-de-covid-19-es-una-advertencia-lopez-gatell\/\",\"url\":\"https:\/\/www.sonoraenequipo.com.mx\/ligera-alza-en-casos-de-covid-19-es-una-advertencia-lopez-gatell\/\",\"name\":\"Sonora en Equipo. Ligera alza en casos de covid-19 es una advertencia: L\u00f3pez-Gatell Rep\u00fablica\",\"isPartOf\":{\"@id\":\"https:\/\/www.sonoraenequipo.com.mx\/#website\"},\"primaryImageOfPage\":{\"@id\":\"https:\/\/www.sonoraenequipo.com.mx\/ligera-alza-en-casos-de-covid-19-es-una-advertencia-lopez-gatell\/#primaryimage\"},\"image\":{\"@id\":\"https:\/\/www.sonoraenequipo.com.mx\/ligera-alza-en-casos-de-covid-19-es-una-advertencia-lopez-gatell\/#primaryimage\"},\"thumbnailUrl\":\"https:\/\/www.sonoraenequipo.com.mx\/storage\/2021\/04\/ligera-alza-casos-covid-advertencia_opt.jpg\",\"datePublished\":\"2021-04-20T18:20:27+00:00\",\"dateModified\":\"2021-04-20T22:04:31+00:00\",\"description\":\"CIUDAD DE M\u00c9XICO. MX. \u2014 El secretario de Salud, Jorge Alcocer hizo un llamado a la poblaci\u00f3n para no confiarse ante la pandemia de covid-19 en M\u00e9xico, y En Sonora en Equipo publicamos toda la informaci\u00f3n de Sonora, M\u00e9xico y el Mundo de manera oportuna y busca que la libertad de expresi\u00f3n sea real. Visita nuestro medio informativo publicado desde Hermosillo, Sonora. %\",\"breadcrumb\":{\"@id\":\"https:\/\/www.sonoraenequipo.com.mx\/ligera-alza-en-casos-de-covid-19-es-una-advertencia-lopez-gatell\/#breadcrumb\"},\"inLanguage\":\"es\",\"potentialAction\":[{\"@type\":\"ReadAction\",\"target\":[\"https:\/\/www.sonoraenequipo.com.mx\/ligera-alza-en-casos-de-covid-19-es-una-advertencia-lopez-gatell\/\"]}]},{\"@type\":\"ImageObject\",\"inLanguage\":\"es\",\"@id\":\"https:\/\/www.sonoraenequipo.com.mx\/ligera-alza-en-casos-de-covid-19-es-una-advertencia-lopez-gatell\/#primaryimage\",\"url\":\"https:\/\/www.sonoraenequipo.com.mx\/storage\/2021\/04\/ligera-alza-casos-covid-advertencia_opt.jpg\",\"contentUrl\":\"https:\/\/www.sonoraenequipo.com.mx\/storage\/2021\/04\/ligera-alza-casos-covid-advertencia_opt.jpg\",\"width\":522,\"height\":344},{\"@type\":\"BreadcrumbList\",\"@id\":\"https:\/\/www.sonoraenequipo.com.mx\/ligera-alza-en-casos-de-covid-19-es-una-advertencia-lopez-gatell\/#breadcrumb\",\"itemListElement\":[{\"@type\":\"ListItem\",\"position\":1,\"name\":\"Portada\",\"item\":\"https:\/\/www.sonoraenequipo.com.mx\/\"},{\"@type\":\"ListItem\",\"position\":2,\"name\":\"Ligera alza en casos de covid-19 es una advertencia: L\u00f3pez-Gatell\"}]},{\"@type\":\"WebSite\",\"@id\":\"https:\/\/www.sonoraenequipo.com.mx\/#website\",\"url\":\"https:\/\/www.sonoraenequipo.com.mx\/\",\"name\":\"Sonora en Equipo.\",\"description\":\"Diario en l\u00ednea con Noticias desde Hermosillo, Sonora\",\"publisher\":{\"@id\":\"https:\/\/www.sonoraenequipo.com.mx\/#organization\"},\"potentialAction\":[{\"@type\":\"SearchAction\",\"target\":{\"@type\":\"EntryPoint\",\"urlTemplate\":\"https:\/\/www.sonoraenequipo.com.mx\/?s={search_term_string}\"},\"query-input\":{\"@type\":\"PropertyValueSpecification\",\"valueRequired\":true,\"valueName\":\"search_term_string\"}}],\"inLanguage\":\"es\"},{\"@type\":\"Organization\",\"@id\":\"https:\/\/www.sonoraenequipo.com.mx\/#organization\",\"name\":\"Sonoraenequipo.com.mx\",\"url\":\"https:\/\/www.sonoraenequipo.com.mx\/\",\"logo\":{\"@type\":\"ImageObject\",\"inLanguage\":\"es\",\"@id\":\"https:\/\/www.sonoraenequipo.com.mx\/#\/schema\/logo\/image\/\",\"url\":\"https:\/\/www.sonoraenequipo.com.mx\/storage\/2019\/01\/sonoraenequipo_opt.png\",\"contentUrl\":\"https:\/\/www.sonoraenequipo.com.mx\/storage\/2019\/01\/sonoraenequipo_opt.png\",\"width\":375,\"height\":125,\"caption\":\"Sonoraenequipo.com.mx\"},\"image\":{\"@id\":\"https:\/\/www.sonoraenequipo.com.mx\/#\/schema\/logo\/image\/\"},\"sameAs\":[\"https:\/\/www.facebook.com\/SonoraEE\/\",\"https:\/\/x.com\/sonoraenequipo\",\"https:\/\/www.youtube.com\/channel\/UC338nW-lPEYmJQs4ZABQ1SQ\"]},{\"@type\":\"Person\",\"@id\":\"https:\/\/www.sonoraenequipo.com.mx\/#\/schema\/person\/50102df0fb23a8fa9e8effad8fa81386\",\"name\":\"enequipo\",\"image\":{\"@type\":\"ImageObject\",\"inLanguage\":\"es\",\"@id\":\"https:\/\/www.sonoraenequipo.com.mx\/#\/schema\/person\/image\/\",\"url\":\"https:\/\/secure.gravatar.com\/avatar\/049821681b589dabc0bc20695993ccebb09f5b5d4d790cd9251b97faac7c652b?s=96&d=blank&r=g\",\"contentUrl\":\"https:\/\/secure.gravatar.com\/avatar\/049821681b589dabc0bc20695993ccebb09f5b5d4d790cd9251b97faac7c652b?s=96&d=blank&r=g\",\"caption\":\"enequipo\"},\"sameAs\":[\"https:\/\/www.facebook.com\/SonoraEE\"]}]}<\/script>\n ","yoast_head_json":{"title":"Sonora en Equipo. Ligera alza en casos de covid-19 es una advertencia: L\u00f3pez-Gatell Rep\u00fablica","description":"CIUDAD DE M\u00c9XICO. MX. \u2014 El secretario de Salud, Jorge Alcocer hizo un llamado a la poblaci\u00f3n para no confiarse ante la pandemia de covid-19 en M\u00e9xico, y En Sonora en Equipo publicamos toda la informaci\u00f3n de Sonora, M\u00e9xico y el Mundo de manera oportuna y busca que la libertad de expresi\u00f3n sea real. Visita nuestro medio informativo publicado desde Hermosillo, Sonora. %","robots":{"index":"index","follow":"follow","max-snippet":"max-snippet:-1","max-image-preview":"max-image-preview:large","max-video-preview":"max-video-preview:-1"},"canonical":"https:\/\/www.sonoraenequipo.com.mx\/ligera-alza-en-casos-de-covid-19-es-una-advertencia-lopez-gatell\/","og_locale":"es_ES","og_type":"article","og_title":"Sonora en Equipo. Ligera alza en casos de covid-19 es una advertencia: L\u00f3pez-Gatell Rep\u00fablica","og_description":"CIUDAD DE M\u00c9XICO. MX. \u2014 El secretario de Salud, Jorge Alcocer hizo un llamado a la poblaci\u00f3n para no confiarse ante la pandemia de covid-19 en M\u00e9xico, y En Sonora en Equipo publicamos toda la informaci\u00f3n de Sonora, M\u00e9xico y el Mundo de manera oportuna y busca que la libertad de expresi\u00f3n sea real. Visita nuestro medio informativo publicado desde Hermosillo, Sonora. %","og_url":"https:\/\/www.sonoraenequipo.com.mx\/ligera-alza-en-casos-de-covid-19-es-una-advertencia-lopez-gatell\/","og_site_name":"Sonora en Equipo.","article_publisher":"https:\/\/www.facebook.com\/SonoraEE\/","article_author":"https:\/\/www.facebook.com\/SonoraEE","article_published_time":"2021-04-20T18:20:27+00:00","article_modified_time":"2021-04-20T22:04:31+00:00","og_image":[{"width":522,"height":344,"url":"https:\/\/www.sonoraenequipo.com.mx\/storage\/2021\/04\/ligera-alza-casos-covid-advertencia_opt.jpg","type":"image\/jpeg"}],"author":"enequipo","twitter_card":"summary_large_image","twitter_creator":"@sonoraenequipo","twitter_site":"@sonoraenequipo","twitter_misc":{"Escrito por":"enequipo","Tiempo de lectura":"2 minutos"},"schema":{"@context":"https:\/\/schema.org","@graph":[{"@type":"Article","@id":"https:\/\/www.sonoraenequipo.com.mx\/ligera-alza-en-casos-de-covid-19-es-una-advertencia-lopez-gatell\/#article","isPartOf":{"@id":"https:\/\/www.sonoraenequipo.com.mx\/ligera-alza-en-casos-de-covid-19-es-una-advertencia-lopez-gatell\/"},"author":{"name":"enequipo","@id":"https:\/\/www.sonoraenequipo.com.mx\/#\/schema\/person\/50102df0fb23a8fa9e8effad8fa81386"},"headline":"Ligera alza en casos de covid-19 es una advertencia: L\u00f3pez-Gatell","datePublished":"2021-04-20T18:20:27+00:00","dateModified":"2021-04-20T22:04:31+00:00","mainEntityOfPage":{"@id":"https:\/\/www.sonoraenequipo.com.mx\/ligera-alza-en-casos-de-covid-19-es-una-advertencia-lopez-gatell\/"},"wordCount":339,"commentCount":0,"publisher":{"@id":"https:\/\/www.sonoraenequipo.com.mx\/#organization"},"image":{"@id":"https:\/\/www.sonoraenequipo.com.mx\/ligera-alza-en-casos-de-covid-19-es-una-advertencia-lopez-gatell\/#primaryimage"},"thumbnailUrl":"https:\/\/www.sonoraenequipo.com.mx\/storage\/2021\/04\/ligera-alza-casos-covid-advertencia_opt.jpg","articleSection":["Rep\u00fablica"],"inLanguage":"es","potentialAction":[{"@type":"CommentAction","name":"Comment","target":["https:\/\/www.sonoraenequipo.com.mx\/ligera-alza-en-casos-de-covid-19-es-una-advertencia-lopez-gatell\/#respond"]}]},{"@type":"WebPage","@id":"https:\/\/www.sonoraenequipo.com.mx\/ligera-alza-en-casos-de-covid-19-es-una-advertencia-lopez-gatell\/","url":"https:\/\/www.sonoraenequipo.com.mx\/ligera-alza-en-casos-de-covid-19-es-una-advertencia-lopez-gatell\/","name":"Sonora en Equipo. Ligera alza en casos de covid-19 es una advertencia: L\u00f3pez-Gatell Rep\u00fablica","isPartOf":{"@id":"https:\/\/www.sonoraenequipo.com.mx\/#website"},"primaryImageOfPage":{"@id":"https:\/\/www.sonoraenequipo.com.mx\/ligera-alza-en-casos-de-covid-19-es-una-advertencia-lopez-gatell\/#primaryimage"},"image":{"@id":"https:\/\/www.sonoraenequipo.com.mx\/ligera-alza-en-casos-de-covid-19-es-una-advertencia-lopez-gatell\/#primaryimage"},"thumbnailUrl":"https:\/\/www.sonoraenequipo.com.mx\/storage\/2021\/04\/ligera-alza-casos-covid-advertencia_opt.jpg","datePublished":"2021-04-20T18:20:27+00:00","dateModified":"2021-04-20T22:04:31+00:00","description":"CIUDAD DE M\u00c9XICO. MX. \u2014 El secretario de Salud, Jorge Alcocer hizo un llamado a la poblaci\u00f3n para no confiarse ante la pandemia de covid-19 en M\u00e9xico, y En Sonora en Equipo publicamos toda la informaci\u00f3n de Sonora, M\u00e9xico y el Mundo de manera oportuna y busca que la libertad de expresi\u00f3n sea real. Visita nuestro medio informativo publicado desde Hermosillo, Sonora. %","breadcrumb":{"@id":"https:\/\/www.sonoraenequipo.com.mx\/ligera-alza-en-casos-de-covid-19-es-una-advertencia-lopez-gatell\/#breadcrumb"},"inLanguage":"es","potentialAction":[{"@type":"ReadAction","target":["https:\/\/www.sonoraenequipo.com.mx\/ligera-alza-en-casos-de-covid-19-es-una-advertencia-lopez-gatell\/"]}]},{"@type":"ImageObject","inLanguage":"es","@id":"https:\/\/www.sonoraenequipo.com.mx\/ligera-alza-en-casos-de-covid-19-es-una-advertencia-lopez-gatell\/#primaryimage","url":"https:\/\/www.sonoraenequipo.com.mx\/storage\/2021\/04\/ligera-alza-casos-covid-advertencia_opt.jpg","contentUrl":"https:\/\/www.sonoraenequipo.com.mx\/storage\/2021\/04\/ligera-alza-casos-covid-advertencia_opt.jpg","width":522,"height":344},{"@type":"BreadcrumbList","@id":"https:\/\/www.sonoraenequipo.com.mx\/ligera-alza-en-casos-de-covid-19-es-una-advertencia-lopez-gatell\/#breadcrumb","itemListElement":[{"@type":"ListItem","position":1,"name":"Portada","item":"https:\/\/www.sonoraenequipo.com.mx\/"},{"@type":"ListItem","position":2,"name":"Ligera alza en casos de covid-19 es una advertencia: L\u00f3pez-Gatell"}]},{"@type":"WebSite","@id":"https:\/\/www.sonoraenequipo.com.mx\/#website","url":"https:\/\/www.sonoraenequipo.com.mx\/","name":"Sonora en Equipo.","description":"Diario en l\u00ednea con Noticias desde Hermosillo, Sonora","publisher":{"@id":"https:\/\/www.sonoraenequipo.com.mx\/#organization"},"potentialAction":[{"@type":"SearchAction","target":{"@type":"EntryPoint","urlTemplate":"https:\/\/www.sonoraenequipo.com.mx\/?s={search_term_string}"},"query-input":{"@type":"PropertyValueSpecification","valueRequired":true,"valueName":"search_term_string"}}],"inLanguage":"es"},{"@type":"Organization","@id":"https:\/\/www.sonoraenequipo.com.mx\/#organization","name":"Sonoraenequipo.com.mx","url":"https:\/\/www.sonoraenequipo.com.mx\/","logo":{"@type":"ImageObject","inLanguage":"es","@id":"https:\/\/www.sonoraenequipo.com.mx\/#\/schema\/logo\/image\/","url":"https:\/\/www.sonoraenequipo.com.mx\/storage\/2019\/01\/sonoraenequipo_opt.png","contentUrl":"https:\/\/www.sonoraenequipo.com.mx\/storage\/2019\/01\/sonoraenequipo_opt.png","width":375,"height":125,"caption":"Sonoraenequipo.com.mx"},"image":{"@id":"https:\/\/www.sonoraenequipo.com.mx\/#\/schema\/logo\/image\/"},"sameAs":["https:\/\/www.facebook.com\/SonoraEE\/","https:\/\/x.com\/sonoraenequipo","https:\/\/www.youtube.com\/channel\/UC338nW-lPEYmJQs4ZABQ1SQ"]},{"@type":"Person","@id":"https:\/\/www.sonoraenequipo.com.mx\/#\/schema\/person\/50102df0fb23a8fa9e8effad8fa81386","name":"enequipo","image":{"@type":"ImageObject","inLanguage":"es","@id":"https:\/\/www.sonoraenequipo.com.mx\/#\/schema\/person\/image\/","url":"https:\/\/secure.gravatar.com\/avatar\/049821681b589dabc0bc20695993ccebb09f5b5d4d790cd9251b97faac7c652b?s=96&d=blank&r=g","contentUrl":"https:\/\/secure.gravatar.com\/avatar\/049821681b589dabc0bc20695993ccebb09f5b5d4d790cd9251b97faac7c652b?s=96&d=blank&r=g","caption":"enequipo"},"sameAs":["https:\/\/www.facebook.com\/SonoraEE"]}]}},"jetpack_featured_media_url":"https:\/\/www.sonoraenequipo.com.mx\/storage\/2021\/04\/ligera-alza-casos-covid-advertencia_opt.jpg","_links":{"self":[{"href":"https:\/\/www.sonoraenequipo.com.mx\/api\/wp\/v2\/posts\/112104","targetHints":{"allow":["GET"]}}],"collection":[{"href":"https:\/\/www.sonoraenequipo.com.mx\/api\/wp\/v2\/posts"}],"about":[{"href":"https:\/\/www.sonoraenequipo.com.mx\/api\/wp\/v2\/types\/post"}],"author":[{"embeddable":true,"href":"https:\/\/www.sonoraenequipo.com.mx\/api\/wp\/v2\/users\/1"}],"replies":[{"embeddable":true,"href":"https:\/\/www.sonoraenequipo.com.mx\/api\/wp\/v2\/comments?post=112104"}],"version-history":[{"count":1,"href":"https:\/\/www.sonoraenequipo.com.mx\/api\/wp\/v2\/posts\/112104\/revisions"}],"predecessor-version":[{"id":112107,"href":"https:\/\/www.sonoraenequipo.com.mx\/api\/wp\/v2\/posts\/112104\/revisions\/112107"}],"wp:featuredmedia":[{"embeddable":true,"href":"https:\/\/www.sonoraenequipo.com.mx\/api\/wp\/v2\/media\/112105"}],"wp:attachment":[{"href":"https:\/\/www.sonoraenequipo.com.mx\/api\/wp\/v2\/media?parent=112104"}],"wp:term":[{"taxonomy":"category","embeddable":true,"href":"https:\/\/www.sonoraenequipo.com.mx\/api\/wp\/v2\/categories?post=112104"},{"taxonomy":"post_tag","embeddable":true,"href":"https:\/\/www.sonoraenequipo.com.mx\/api\/wp\/v2\/tags?post=112104"}],"curies":[{"name":"wp","href":"https:\/\/api.w.org\/{rel}","templated":true}]}}