{"id":112108,"date":"2021-04-20T12:14:35","date_gmt":"2021-04-20T19:14:35","guid":{"rendered":"https:\/\/www.sonoraenequipo.com.mx\/?p=112108"},"modified":"2021-04-20T16:22:18","modified_gmt":"2021-04-20T23:22:18","slug":"juez-otorga-primer-recurso-provisional-contra-padron-de-celulares","status":"publish","type":"post","link":"https:\/\/www.sonoraenequipo.com.mx\/juez-otorga-primer-recurso-provisional-contra-padron-de-celulares\/","title":{"rendered":"Juez otorga primer recurso provisional contra padr\u00f3n de celulares"},"content":{"rendered":"<p>CIUDAD DE M\u00c9XICO. MX. \u2014 Juan Pablo G\u00f3mez Fierro, juez Segundo de Distrito en Materia Administrativa Especializado en Competencia Econ\u00f3mica con residencia en la Ciudad de M\u00e9xico, otorg\u00f3 la primera suspensi\u00f3n provisional a un particular contra el Padr\u00f3n Nacional de Usuarios de Telefon\u00eda M\u00f3vil (PANAUT), que entr\u00f3 en vigor el pasado 17 de abril, luego de publicarse en el Diario Oficial de la Federaci\u00f3n (DOF).<\/p>\n<p>&nbsp;<\/p>\n<p> <\/p>\n<p>&nbsp;<\/p>\n<p>La medida cautelar <em>\u201ces para el efecto de que no se aplique al quejoso la obligaci\u00f3n establecida en la norma reclamada consistente en registrar su l\u00ednea telef\u00f3nica m\u00f3vil en el PANAUT y, en consecuencia, no le sea cancelada por su falta de registro\u201d.<\/em><\/p>\n<p>&nbsp;<\/p>\n<p>El pasado 14 de abril el Senado aprob\u00f3 la minuta que crea el PANAUT, que obliga a los 122 millones de usuarios de celulares a darse de alta y registrar sus datos biom\u00e9tricos, es decir, huella dactilar y facial, as\u00ed como el iris de los ojos, de lo contrario se les cancelar\u00e1 la l\u00ednea y ser\u00e1n multados.<\/p>\n<p>&nbsp;<\/p>\n<p>Tres d\u00edas despu\u00e9s se public\u00f3 en el DOF la citada modificaci\u00f3n, la cual tambi\u00e9n establece que el PANAUT contendr\u00e1, sobre cada l\u00ednea telef\u00f3nica m\u00f3vil, fecha y hora de la activaci\u00f3n de la l\u00ednea adquirida en la tarjeta SIM, y nombre completo o, en su caso, denominaci\u00f3n o raz\u00f3n social del usuario.<\/p>\n<p>&nbsp;<\/p>\n<h3>\nPANAUT podr\u00eda no ser id\u00f3neo<\/h3>\n<p>&nbsp;<\/p>\n<p>G\u00f3mez Fierro argument\u00f3 en su fallo que, si bien es cierto que dicha incidencia persigue un fin constitucionalmente leg\u00edtimo, como facilitar la investigaci\u00f3n y persecuci\u00f3n de delitos, la finalidad de dicho padr\u00f3n es crear una base de datos con informaci\u00f3n de las personas que sean titulares de una l\u00ednea telef\u00f3nica m\u00f3vil, para el intercambio de informaci\u00f3n con las autoridades competentes en materia de seguridad y justicia, en asuntos relacionados con la comisi\u00f3n de delitos.<\/p>\n<p>&nbsp;<\/p>\n<p>Sin embargo, se\u00f1al\u00f3 que la entrega de datos personales y biom\u00e9tricos para registrar una l\u00ednea de telefon\u00eda m\u00f3vil en el PANAUT, podr\u00eda no ser id\u00f3nea ni proporcional, ya que no se advierte una relaci\u00f3n directa o causal entre la existencia de ese padr\u00f3n y una mejor investigaci\u00f3n y persecuci\u00f3n de los delitos, es decir, el grado de realizaci\u00f3n del fin perseguido no necesariamente ser\u00e1 mayor que la afectaci\u00f3n a los derechos mencionados previamente.<\/p>\n<p>&nbsp;<\/p>\n<p>(Publicada el 20\/04\/2021)<\/p>\n","protected":false},"excerpt":{"rendered":"<p>CIUDAD DE M\u00c9XICO. MX. \u2014 Juan Pablo G\u00f3mez Fierro, juez Segundo de Distrito en Materia&#8230;<\/p>\n","protected":false},"author":1,"featured_media":112081,"comment_status":"open","ping_status":"open","sticky":false,"template":"","format":"standard","meta":{"_monsterinsights_skip_tracking":false,"_monsterinsights_sitenote_active":false,"_monsterinsights_sitenote_note":"","_monsterinsights_sitenote_category":0,"footnotes":""},"categories":[5],"tags":[],"class_list":["post"],"yoast_head":" \n<title>Sonora en Equipo. Juez otorga primer recurso provisional contra padr\u00f3n de celulares Rep\u00fablica<\/title>\n<meta name=\"description\" content=\"CIUDAD DE M\u00c9XICO. MX. \u2014 Juan Pablo G\u00f3mez Fierro, juez Segundo de Distrito en Materia Administrativa Especializado en Competencia Econ\u00f3mica con residencia En Sonora en Equipo publicamos toda la informaci\u00f3n de Sonora, M\u00e9xico y el Mundo de manera oportuna y busca que la libertad de expresi\u00f3n sea real. Visita nuestro medio informativo publicado desde Hermosillo, Sonora. %\" \/>\n<meta name=\"robots\" content=\"index, follow, max-snippet:-1, max-image-preview:large, max-video-preview:-1\" \/>\n<link rel=\"canonical\" href=\"https:\/\/www.sonoraenequipo.com.mx\/juez-otorga-primer-recurso-provisional-contra-padron-de-celulares\/\" \/>\n<meta property=\"og:locale\" content=\"es_ES\" \/>\n<meta property=\"og:type\" content=\"article\" \/>\n<meta property=\"og:title\" content=\"Sonora en Equipo. Juez otorga primer recurso provisional contra padr\u00f3n de celulares Rep\u00fablica\" \/>\n<meta property=\"og:description\" content=\"CIUDAD DE M\u00c9XICO. MX. \u2014 Juan Pablo G\u00f3mez Fierro, juez Segundo de Distrito en Materia Administrativa Especializado en Competencia Econ\u00f3mica con residencia En Sonora en Equipo publicamos toda la informaci\u00f3n de Sonora, M\u00e9xico y el Mundo de manera oportuna y busca que la libertad de expresi\u00f3n sea real. Visita nuestro medio informativo publicado desde Hermosillo, Sonora. %\" \/>\n<meta property=\"og:url\" content=\"https:\/\/www.sonoraenequipo.com.mx\/juez-otorga-primer-recurso-provisional-contra-padron-de-celulares\/\" \/>\n<meta property=\"og:site_name\" content=\"Sonora en Equipo.\" \/>\n<meta property=\"article:publisher\" content=\"https:\/\/www.facebook.com\/SonoraEE\/\" \/>\n<meta property=\"article:author\" content=\"https:\/\/www.facebook.com\/SonoraEE\" \/>\n<meta property=\"article:published_time\" content=\"2021-04-20T19:14:35+00:00\" \/>\n<meta property=\"article:modified_time\" content=\"2021-04-20T23:22:18+00:00\" \/>\n<meta property=\"og:image\" content=\"https:\/\/www.sonoraenequipo.com.mx\/storage\/2021\/04\/image_large_opt.jpg\" \/>\n\t<meta property=\"og:image:width\" content=\"601\" \/>\n\t<meta property=\"og:image:height\" content=\"400\" \/>\n\t<meta property=\"og:image:type\" content=\"image\/jpeg\" \/>\n<meta name=\"author\" content=\"enequipo\" \/>\n<meta name=\"twitter:card\" content=\"summary_large_image\" \/>\n<meta name=\"twitter:creator\" content=\"@sonoraenequipo\" \/>\n<meta name=\"twitter:site\" content=\"@sonoraenequipo\" \/>\n<meta name=\"twitter:label1\" content=\"Escrito por\" \/>\n\t<meta name=\"twitter:data1\" content=\"enequipo\" \/>\n\t<meta name=\"twitter:label2\" content=\"Tiempo de lectura\" \/>\n\t<meta name=\"twitter:data2\" content=\"2 minutos\" \/>\n<script type=\"application\/ld+json\" class=\"yoast-schema-graph\">{\"@context\":\"https:\/\/schema.org\",\"@graph\":[{\"@type\":\"Article\",\"@id\":\"https:\/\/www.sonoraenequipo.com.mx\/juez-otorga-primer-recurso-provisional-contra-padron-de-celulares\/#article\",\"isPartOf\":{\"@id\":\"https:\/\/www.sonoraenequipo.com.mx\/juez-otorga-primer-recurso-provisional-contra-padron-de-celulares\/\"},\"author\":{\"name\":\"enequipo\",\"@id\":\"https:\/\/www.sonoraenequipo.com.mx\/#\/schema\/person\/50102df0fb23a8fa9e8effad8fa81386\"},\"headline\":\"Juez otorga primer recurso provisional contra padr\u00f3n de celulares\",\"datePublished\":\"2021-04-20T19:14:35+00:00\",\"dateModified\":\"2021-04-20T23:22:18+00:00\",\"mainEntityOfPage\":{\"@id\":\"https:\/\/www.sonoraenequipo.com.mx\/juez-otorga-primer-recurso-provisional-contra-padron-de-celulares\/\"},\"wordCount\":437,\"commentCount\":0,\"publisher\":{\"@id\":\"https:\/\/www.sonoraenequipo.com.mx\/#organization\"},\"image\":{\"@id\":\"https:\/\/www.sonoraenequipo.com.mx\/juez-otorga-primer-recurso-provisional-contra-padron-de-celulares\/#primaryimage\"},\"thumbnailUrl\":\"https:\/\/www.sonoraenequipo.com.mx\/storage\/2021\/04\/image_large_opt.jpg\",\"articleSection\":[\"Rep\u00fablica\"],\"inLanguage\":\"es\",\"potentialAction\":[{\"@type\":\"CommentAction\",\"name\":\"Comment\",\"target\":[\"https:\/\/www.sonoraenequipo.com.mx\/juez-otorga-primer-recurso-provisional-contra-padron-de-celulares\/#respond\"]}]},{\"@type\":\"WebPage\",\"@id\":\"https:\/\/www.sonoraenequipo.com.mx\/juez-otorga-primer-recurso-provisional-contra-padron-de-celulares\/\",\"url\":\"https:\/\/www.sonoraenequipo.com.mx\/juez-otorga-primer-recurso-provisional-contra-padron-de-celulares\/\",\"name\":\"Sonora en Equipo. Juez otorga primer recurso provisional contra padr\u00f3n de celulares Rep\u00fablica\",\"isPartOf\":{\"@id\":\"https:\/\/www.sonoraenequipo.com.mx\/#website\"},\"primaryImageOfPage\":{\"@id\":\"https:\/\/www.sonoraenequipo.com.mx\/juez-otorga-primer-recurso-provisional-contra-padron-de-celulares\/#primaryimage\"},\"image\":{\"@id\":\"https:\/\/www.sonoraenequipo.com.mx\/juez-otorga-primer-recurso-provisional-contra-padron-de-celulares\/#primaryimage\"},\"thumbnailUrl\":\"https:\/\/www.sonoraenequipo.com.mx\/storage\/2021\/04\/image_large_opt.jpg\",\"datePublished\":\"2021-04-20T19:14:35+00:00\",\"dateModified\":\"2021-04-20T23:22:18+00:00\",\"description\":\"CIUDAD DE M\u00c9XICO. MX. \u2014 Juan Pablo G\u00f3mez Fierro, juez Segundo de Distrito en Materia Administrativa Especializado en Competencia Econ\u00f3mica con residencia En Sonora en Equipo publicamos toda la informaci\u00f3n de Sonora, M\u00e9xico y el Mundo de manera oportuna y busca que la libertad de expresi\u00f3n sea real. Visita nuestro medio informativo publicado desde Hermosillo, Sonora. %\",\"breadcrumb\":{\"@id\":\"https:\/\/www.sonoraenequipo.com.mx\/juez-otorga-primer-recurso-provisional-contra-padron-de-celulares\/#breadcrumb\"},\"inLanguage\":\"es\",\"potentialAction\":[{\"@type\":\"ReadAction\",\"target\":[\"https:\/\/www.sonoraenequipo.com.mx\/juez-otorga-primer-recurso-provisional-contra-padron-de-celulares\/\"]}]},{\"@type\":\"ImageObject\",\"inLanguage\":\"es\",\"@id\":\"https:\/\/www.sonoraenequipo.com.mx\/juez-otorga-primer-recurso-provisional-contra-padron-de-celulares\/#primaryimage\",\"url\":\"https:\/\/www.sonoraenequipo.com.mx\/storage\/2021\/04\/image_large_opt.jpg\",\"contentUrl\":\"https:\/\/www.sonoraenequipo.com.mx\/storage\/2021\/04\/image_large_opt.jpg\",\"width\":601,\"height\":400},{\"@type\":\"BreadcrumbList\",\"@id\":\"https:\/\/www.sonoraenequipo.com.mx\/juez-otorga-primer-recurso-provisional-contra-padron-de-celulares\/#breadcrumb\",\"itemListElement\":[{\"@type\":\"ListItem\",\"position\":1,\"name\":\"Portada\",\"item\":\"https:\/\/www.sonoraenequipo.com.mx\/\"},{\"@type\":\"ListItem\",\"position\":2,\"name\":\"Juez otorga primer recurso provisional contra padr\u00f3n de celulares\"}]},{\"@type\":\"WebSite\",\"@id\":\"https:\/\/www.sonoraenequipo.com.mx\/#website\",\"url\":\"https:\/\/www.sonoraenequipo.com.mx\/\",\"name\":\"Sonora en Equipo.\",\"description\":\"Diario en l\u00ednea con Noticias desde Hermosillo, Sonora\",\"publisher\":{\"@id\":\"https:\/\/www.sonoraenequipo.com.mx\/#organization\"},\"potentialAction\":[{\"@type\":\"SearchAction\",\"target\":{\"@type\":\"EntryPoint\",\"urlTemplate\":\"https:\/\/www.sonoraenequipo.com.mx\/?s={search_term_string}\"},\"query-input\":{\"@type\":\"PropertyValueSpecification\",\"valueRequired\":true,\"valueName\":\"search_term_string\"}}],\"inLanguage\":\"es\"},{\"@type\":\"Organization\",\"@id\":\"https:\/\/www.sonoraenequipo.com.mx\/#organization\",\"name\":\"Sonoraenequipo.com.mx\",\"url\":\"https:\/\/www.sonoraenequipo.com.mx\/\",\"logo\":{\"@type\":\"ImageObject\",\"inLanguage\":\"es\",\"@id\":\"https:\/\/www.sonoraenequipo.com.mx\/#\/schema\/logo\/image\/\",\"url\":\"https:\/\/www.sonoraenequipo.com.mx\/storage\/2019\/01\/sonoraenequipo_opt.png\",\"contentUrl\":\"https:\/\/www.sonoraenequipo.com.mx\/storage\/2019\/01\/sonoraenequipo_opt.png\",\"width\":375,\"height\":125,\"caption\":\"Sonoraenequipo.com.mx\"},\"image\":{\"@id\":\"https:\/\/www.sonoraenequipo.com.mx\/#\/schema\/logo\/image\/\"},\"sameAs\":[\"https:\/\/www.facebook.com\/SonoraEE\/\",\"https:\/\/x.com\/sonoraenequipo\",\"https:\/\/www.youtube.com\/channel\/UC338nW-lPEYmJQs4ZABQ1SQ\"]},{\"@type\":\"Person\",\"@id\":\"https:\/\/www.sonoraenequipo.com.mx\/#\/schema\/person\/50102df0fb23a8fa9e8effad8fa81386\",\"name\":\"enequipo\",\"image\":{\"@type\":\"ImageObject\",\"inLanguage\":\"es\",\"@id\":\"https:\/\/www.sonoraenequipo.com.mx\/#\/schema\/person\/image\/\",\"url\":\"https:\/\/secure.gravatar.com\/avatar\/049821681b589dabc0bc20695993ccebb09f5b5d4d790cd9251b97faac7c652b?s=96&d=blank&r=g\",\"contentUrl\":\"https:\/\/secure.gravatar.com\/avatar\/049821681b589dabc0bc20695993ccebb09f5b5d4d790cd9251b97faac7c652b?s=96&d=blank&r=g\",\"caption\":\"enequipo\"},\"sameAs\":[\"https:\/\/www.facebook.com\/SonoraEE\"]}]}<\/script>\n ","yoast_head_json":{"title":"Sonora en Equipo. Juez otorga primer recurso provisional contra padr\u00f3n de celulares Rep\u00fablica","description":"CIUDAD DE M\u00c9XICO. MX. \u2014 Juan Pablo G\u00f3mez Fierro, juez Segundo de Distrito en Materia Administrativa Especializado en Competencia Econ\u00f3mica con residencia En Sonora en Equipo publicamos toda la informaci\u00f3n de Sonora, M\u00e9xico y el Mundo de manera oportuna y busca que la libertad de expresi\u00f3n sea real. Visita nuestro medio informativo publicado desde Hermosillo, Sonora. %","robots":{"index":"index","follow":"follow","max-snippet":"max-snippet:-1","max-image-preview":"max-image-preview:large","max-video-preview":"max-video-preview:-1"},"canonical":"https:\/\/www.sonoraenequipo.com.mx\/juez-otorga-primer-recurso-provisional-contra-padron-de-celulares\/","og_locale":"es_ES","og_type":"article","og_title":"Sonora en Equipo. Juez otorga primer recurso provisional contra padr\u00f3n de celulares Rep\u00fablica","og_description":"CIUDAD DE M\u00c9XICO. MX. \u2014 Juan Pablo G\u00f3mez Fierro, juez Segundo de Distrito en Materia Administrativa Especializado en Competencia Econ\u00f3mica con residencia En Sonora en Equipo publicamos toda la informaci\u00f3n de Sonora, M\u00e9xico y el Mundo de manera oportuna y busca que la libertad de expresi\u00f3n sea real. Visita nuestro medio informativo publicado desde Hermosillo, Sonora. %","og_url":"https:\/\/www.sonoraenequipo.com.mx\/juez-otorga-primer-recurso-provisional-contra-padron-de-celulares\/","og_site_name":"Sonora en Equipo.","article_publisher":"https:\/\/www.facebook.com\/SonoraEE\/","article_author":"https:\/\/www.facebook.com\/SonoraEE","article_published_time":"2021-04-20T19:14:35+00:00","article_modified_time":"2021-04-20T23:22:18+00:00","og_image":[{"width":601,"height":400,"url":"https:\/\/www.sonoraenequipo.com.mx\/storage\/2021\/04\/image_large_opt.jpg","type":"image\/jpeg"}],"author":"enequipo","twitter_card":"summary_large_image","twitter_creator":"@sonoraenequipo","twitter_site":"@sonoraenequipo","twitter_misc":{"Escrito por":"enequipo","Tiempo de lectura":"2 minutos"},"schema":{"@context":"https:\/\/schema.org","@graph":[{"@type":"Article","@id":"https:\/\/www.sonoraenequipo.com.mx\/juez-otorga-primer-recurso-provisional-contra-padron-de-celulares\/#article","isPartOf":{"@id":"https:\/\/www.sonoraenequipo.com.mx\/juez-otorga-primer-recurso-provisional-contra-padron-de-celulares\/"},"author":{"name":"enequipo","@id":"https:\/\/www.sonoraenequipo.com.mx\/#\/schema\/person\/50102df0fb23a8fa9e8effad8fa81386"},"headline":"Juez otorga primer recurso provisional contra padr\u00f3n de celulares","datePublished":"2021-04-20T19:14:35+00:00","dateModified":"2021-04-20T23:22:18+00:00","mainEntityOfPage":{"@id":"https:\/\/www.sonoraenequipo.com.mx\/juez-otorga-primer-recurso-provisional-contra-padron-de-celulares\/"},"wordCount":437,"commentCount":0,"publisher":{"@id":"https:\/\/www.sonoraenequipo.com.mx\/#organization"},"image":{"@id":"https:\/\/www.sonoraenequipo.com.mx\/juez-otorga-primer-recurso-provisional-contra-padron-de-celulares\/#primaryimage"},"thumbnailUrl":"https:\/\/www.sonoraenequipo.com.mx\/storage\/2021\/04\/image_large_opt.jpg","articleSection":["Rep\u00fablica"],"inLanguage":"es","potentialAction":[{"@type":"CommentAction","name":"Comment","target":["https:\/\/www.sonoraenequipo.com.mx\/juez-otorga-primer-recurso-provisional-contra-padron-de-celulares\/#respond"]}]},{"@type":"WebPage","@id":"https:\/\/www.sonoraenequipo.com.mx\/juez-otorga-primer-recurso-provisional-contra-padron-de-celulares\/","url":"https:\/\/www.sonoraenequipo.com.mx\/juez-otorga-primer-recurso-provisional-contra-padron-de-celulares\/","name":"Sonora en Equipo. Juez otorga primer recurso provisional contra padr\u00f3n de celulares Rep\u00fablica","isPartOf":{"@id":"https:\/\/www.sonoraenequipo.com.mx\/#website"},"primaryImageOfPage":{"@id":"https:\/\/www.sonoraenequipo.com.mx\/juez-otorga-primer-recurso-provisional-contra-padron-de-celulares\/#primaryimage"},"image":{"@id":"https:\/\/www.sonoraenequipo.com.mx\/juez-otorga-primer-recurso-provisional-contra-padron-de-celulares\/#primaryimage"},"thumbnailUrl":"https:\/\/www.sonoraenequipo.com.mx\/storage\/2021\/04\/image_large_opt.jpg","datePublished":"2021-04-20T19:14:35+00:00","dateModified":"2021-04-20T23:22:18+00:00","description":"CIUDAD DE M\u00c9XICO. MX. \u2014 Juan Pablo G\u00f3mez Fierro, juez Segundo de Distrito en Materia Administrativa Especializado en Competencia Econ\u00f3mica con residencia En Sonora en Equipo publicamos toda la informaci\u00f3n de Sonora, M\u00e9xico y el Mundo de manera oportuna y busca que la libertad de expresi\u00f3n sea real. Visita nuestro medio informativo publicado desde Hermosillo, Sonora. %","breadcrumb":{"@id":"https:\/\/www.sonoraenequipo.com.mx\/juez-otorga-primer-recurso-provisional-contra-padron-de-celulares\/#breadcrumb"},"inLanguage":"es","potentialAction":[{"@type":"ReadAction","target":["https:\/\/www.sonoraenequipo.com.mx\/juez-otorga-primer-recurso-provisional-contra-padron-de-celulares\/"]}]},{"@type":"ImageObject","inLanguage":"es","@id":"https:\/\/www.sonoraenequipo.com.mx\/juez-otorga-primer-recurso-provisional-contra-padron-de-celulares\/#primaryimage","url":"https:\/\/www.sonoraenequipo.com.mx\/storage\/2021\/04\/image_large_opt.jpg","contentUrl":"https:\/\/www.sonoraenequipo.com.mx\/storage\/2021\/04\/image_large_opt.jpg","width":601,"height":400},{"@type":"BreadcrumbList","@id":"https:\/\/www.sonoraenequipo.com.mx\/juez-otorga-primer-recurso-provisional-contra-padron-de-celulares\/#breadcrumb","itemListElement":[{"@type":"ListItem","position":1,"name":"Portada","item":"https:\/\/www.sonoraenequipo.com.mx\/"},{"@type":"ListItem","position":2,"name":"Juez otorga primer recurso provisional contra padr\u00f3n de celulares"}]},{"@type":"WebSite","@id":"https:\/\/www.sonoraenequipo.com.mx\/#website","url":"https:\/\/www.sonoraenequipo.com.mx\/","name":"Sonora en Equipo.","description":"Diario en l\u00ednea con Noticias desde Hermosillo, Sonora","publisher":{"@id":"https:\/\/www.sonoraenequipo.com.mx\/#organization"},"potentialAction":[{"@type":"SearchAction","target":{"@type":"EntryPoint","urlTemplate":"https:\/\/www.sonoraenequipo.com.mx\/?s={search_term_string}"},"query-input":{"@type":"PropertyValueSpecification","valueRequired":true,"valueName":"search_term_string"}}],"inLanguage":"es"},{"@type":"Organization","@id":"https:\/\/www.sonoraenequipo.com.mx\/#organization","name":"Sonoraenequipo.com.mx","url":"https:\/\/www.sonoraenequipo.com.mx\/","logo":{"@type":"ImageObject","inLanguage":"es","@id":"https:\/\/www.sonoraenequipo.com.mx\/#\/schema\/logo\/image\/","url":"https:\/\/www.sonoraenequipo.com.mx\/storage\/2019\/01\/sonoraenequipo_opt.png","contentUrl":"https:\/\/www.sonoraenequipo.com.mx\/storage\/2019\/01\/sonoraenequipo_opt.png","width":375,"height":125,"caption":"Sonoraenequipo.com.mx"},"image":{"@id":"https:\/\/www.sonoraenequipo.com.mx\/#\/schema\/logo\/image\/"},"sameAs":["https:\/\/www.facebook.com\/SonoraEE\/","https:\/\/x.com\/sonoraenequipo","https:\/\/www.youtube.com\/channel\/UC338nW-lPEYmJQs4ZABQ1SQ"]},{"@type":"Person","@id":"https:\/\/www.sonoraenequipo.com.mx\/#\/schema\/person\/50102df0fb23a8fa9e8effad8fa81386","name":"enequipo","image":{"@type":"ImageObject","inLanguage":"es","@id":"https:\/\/www.sonoraenequipo.com.mx\/#\/schema\/person\/image\/","url":"https:\/\/secure.gravatar.com\/avatar\/049821681b589dabc0bc20695993ccebb09f5b5d4d790cd9251b97faac7c652b?s=96&d=blank&r=g","contentUrl":"https:\/\/secure.gravatar.com\/avatar\/049821681b589dabc0bc20695993ccebb09f5b5d4d790cd9251b97faac7c652b?s=96&d=blank&r=g","caption":"enequipo"},"sameAs":["https:\/\/www.facebook.com\/SonoraEE"]}]}},"jetpack_featured_media_url":"https:\/\/www.sonoraenequipo.com.mx\/storage\/2021\/04\/image_large_opt.jpg","_links":{"self":[{"href":"https:\/\/www.sonoraenequipo.com.mx\/api\/wp\/v2\/posts\/112108","targetHints":{"allow":["GET"]}}],"collection":[{"href":"https:\/\/www.sonoraenequipo.com.mx\/api\/wp\/v2\/posts"}],"about":[{"href":"https:\/\/www.sonoraenequipo.com.mx\/api\/wp\/v2\/types\/post"}],"author":[{"embeddable":true,"href":"https:\/\/www.sonoraenequipo.com.mx\/api\/wp\/v2\/users\/1"}],"replies":[{"embeddable":true,"href":"https:\/\/www.sonoraenequipo.com.mx\/api\/wp\/v2\/comments?post=112108"}],"version-history":[{"count":1,"href":"https:\/\/www.sonoraenequipo.com.mx\/api\/wp\/v2\/posts\/112108\/revisions"}],"predecessor-version":[{"id":112113,"href":"https:\/\/www.sonoraenequipo.com.mx\/api\/wp\/v2\/posts\/112108\/revisions\/112113"}],"wp:featuredmedia":[{"embeddable":true,"href":"https:\/\/www.sonoraenequipo.com.mx\/api\/wp\/v2\/media\/112081"}],"wp:attachment":[{"href":"https:\/\/www.sonoraenequipo.com.mx\/api\/wp\/v2\/media?parent=112108"}],"wp:term":[{"taxonomy":"category","embeddable":true,"href":"https:\/\/www.sonoraenequipo.com.mx\/api\/wp\/v2\/categories?post=112108"},{"taxonomy":"post_tag","embeddable":true,"href":"https:\/\/www.sonoraenequipo.com.mx\/api\/wp\/v2\/tags?post=112108"}],"curies":[{"name":"wp","href":"https:\/\/api.w.org\/{rel}","templated":true}]}}