{"id":112114,"date":"2021-04-20T10:30:24","date_gmt":"2021-04-20T17:30:24","guid":{"rendered":"https:\/\/www.sonoraenequipo.com.mx\/?p=112114"},"modified":"2021-04-20T16:37:04","modified_gmt":"2021-04-20T23:37:04","slug":"gobierno-logra-acuerdos-con-reclusorios-privados-ahorrara-mas-de-2-mil-mdp-al-ano-amlo","status":"publish","type":"post","link":"https:\/\/www.sonoraenequipo.com.mx\/gobierno-logra-acuerdos-con-reclusorios-privados-ahorrara-mas-de-2-mil-mdp-al-ano-amlo\/","title":{"rendered":"Gobierno logra acuerdos con reclusorios privados; ahorrar\u00e1 m\u00e1s de 2 mil mdp al a\u00f1o: AMLO"},"content":{"rendered":"<p>CIUDAD DE M\u00c9XICO. MX. \u2014 El presidente Andr\u00e9s Manuel L\u00f3pez Obrador dio a conocer que se lograron acuerdos con los reclusorios privados, los cuales garantizar\u00e1n ahorros en el gasto p\u00fablico de hasta 2 mil millones de pesos al a\u00f1o.<\/p>\n<p>&nbsp;<\/p>\n<p> <\/p>\n<p>Durante su conferencia ma\u00f1anera, el mandatario inform\u00f3 que esta semana se informar\u00e1 sobre los recursos que se est\u00e1n recuperando por los pagos excesivos hechos en sexenios anteriores, incluyendo los contratos con los reclusorios privados.<\/p>\n<p>&nbsp;<\/p>\n<p><em>\u201cSe pagaba como si estuviera lleno de reclusos, se pagaba al cien, todav\u00eda no se han llenado, en promedio deben estar al 60 por ciento\u201d,<\/em> coment\u00f3.<\/p>\n<p>&nbsp;<\/p>\n<p>Recod\u00f3 que los acuerdos establec\u00edan que, luego de terminar el periodo de 20 a\u00f1os de uso, los reclusorios no pasar\u00edan a ser propiedad del gobierno, sino que continuar\u00edan siendo propiedad privada. Sin embargo, con la renegociaci\u00f3n, al final estos centros pasar\u00e1n ser patrimonio p\u00fablico.<\/p>\n<p>&nbsp;<\/p>\n<p>Adem\u00e1s, L\u00f3pez Obrador resalt\u00f3 que en los contratos se establec\u00eda que desde un inicio se deb\u00eda cubrir el cien por ciento del pago, pero despu\u00e9s de una revisi\u00f3n y varias pl\u00e1ticas con los empresarios se lleg\u00f3 a un acuerdo para una disminuci\u00f3n en el costo.<\/p>\n<p>&nbsp;<\/p>\n<p><em>\u201cAlgo muy importante lo adelanto aunque se va a informar el jueves: (\u2026) Vamos a obtener ahorros, yo calculo de m\u00e1s de 2 mil millones de pesos al a\u00f1o\u201d<\/em>, destac\u00f3.\u200b<\/p>\n<p>&nbsp;<\/p>\n<p>(Publicada el 20\/04\/2021)<\/p>\n","protected":false},"excerpt":{"rendered":"<p>CIUDAD DE M\u00c9XICO. MX. \u2014 El presidente Andr\u00e9s Manuel L\u00f3pez Obrador dio a conocer que&#8230;<\/p>\n","protected":false},"author":1,"featured_media":112116,"comment_status":"open","ping_status":"open","sticky":false,"template":"","format":"standard","meta":{"_monsterinsights_skip_tracking":false,"_monsterinsights_sitenote_active":false,"_monsterinsights_sitenote_note":"","_monsterinsights_sitenote_category":0,"footnotes":""},"categories":[5],"tags":[],"class_list":["post"],"yoast_head":" \n<title>Sonora en Equipo. Gobierno logra acuerdos con reclusorios privados; ahorrar\u00e1 m\u00e1s de 2 mil mdp al a\u00f1o: AMLO Rep\u00fablica<\/title>\n<meta name=\"description\" content=\"CIUDAD DE M\u00c9XICO. MX. \u2014 El presidente Andr\u00e9s Manuel L\u00f3pez Obrador dio a conocer que se lograron acuerdos con los reclusorios privados, los cuales En Sonora en Equipo publicamos toda la informaci\u00f3n de Sonora, M\u00e9xico y el Mundo de manera oportuna y busca que la libertad de expresi\u00f3n sea real. Visita nuestro medio informativo publicado desde Hermosillo, Sonora. %\" \/>\n<meta name=\"robots\" content=\"index, follow, max-snippet:-1, max-image-preview:large, max-video-preview:-1\" \/>\n<link rel=\"canonical\" href=\"https:\/\/www.sonoraenequipo.com.mx\/gobierno-logra-acuerdos-con-reclusorios-privados-ahorrara-mas-de-2-mil-mdp-al-ano-amlo\/\" \/>\n<meta property=\"og:locale\" content=\"es_ES\" \/>\n<meta property=\"og:type\" content=\"article\" \/>\n<meta property=\"og:title\" content=\"Sonora en Equipo. Gobierno logra acuerdos con reclusorios privados; ahorrar\u00e1 m\u00e1s de 2 mil mdp al a\u00f1o: AMLO Rep\u00fablica\" \/>\n<meta property=\"og:description\" content=\"CIUDAD DE M\u00c9XICO. MX. \u2014 El presidente Andr\u00e9s Manuel L\u00f3pez Obrador dio a conocer que se lograron acuerdos con los reclusorios privados, los cuales En Sonora en Equipo publicamos toda la informaci\u00f3n de Sonora, M\u00e9xico y el Mundo de manera oportuna y busca que la libertad de expresi\u00f3n sea real. Visita nuestro medio informativo publicado desde Hermosillo, Sonora. %\" \/>\n<meta property=\"og:url\" content=\"https:\/\/www.sonoraenequipo.com.mx\/gobierno-logra-acuerdos-con-reclusorios-privados-ahorrara-mas-de-2-mil-mdp-al-ano-amlo\/\" \/>\n<meta property=\"og:site_name\" content=\"Sonora en Equipo.\" \/>\n<meta property=\"article:publisher\" content=\"https:\/\/www.facebook.com\/SonoraEE\/\" \/>\n<meta property=\"article:author\" content=\"https:\/\/www.facebook.com\/SonoraEE\" \/>\n<meta property=\"article:published_time\" content=\"2021-04-20T17:30:24+00:00\" \/>\n<meta property=\"article:modified_time\" content=\"2021-04-20T23:37:04+00:00\" \/>\n<meta property=\"og:image\" content=\"https:\/\/www.sonoraenequipo.com.mx\/storage\/2021\/04\/reclusorios-privados_opt.jpg\" \/>\n\t<meta property=\"og:image:width\" content=\"682\" \/>\n\t<meta property=\"og:image:height\" content=\"400\" \/>\n\t<meta property=\"og:image:type\" content=\"image\/jpeg\" \/>\n<meta name=\"author\" content=\"enequipo\" \/>\n<meta name=\"twitter:card\" content=\"summary_large_image\" \/>\n<meta name=\"twitter:creator\" content=\"@sonoraenequipo\" \/>\n<meta name=\"twitter:site\" content=\"@sonoraenequipo\" \/>\n<meta name=\"twitter:label1\" content=\"Escrito por\" \/>\n\t<meta name=\"twitter:data1\" content=\"enequipo\" \/>\n\t<meta name=\"twitter:label2\" content=\"Tiempo de lectura\" \/>\n\t<meta name=\"twitter:data2\" content=\"1 minuto\" \/>\n<script type=\"application\/ld+json\" class=\"yoast-schema-graph\">{\"@context\":\"https:\/\/schema.org\",\"@graph\":[{\"@type\":\"Article\",\"@id\":\"https:\/\/www.sonoraenequipo.com.mx\/gobierno-logra-acuerdos-con-reclusorios-privados-ahorrara-mas-de-2-mil-mdp-al-ano-amlo\/#article\",\"isPartOf\":{\"@id\":\"https:\/\/www.sonoraenequipo.com.mx\/gobierno-logra-acuerdos-con-reclusorios-privados-ahorrara-mas-de-2-mil-mdp-al-ano-amlo\/\"},\"author\":{\"name\":\"enequipo\",\"@id\":\"https:\/\/www.sonoraenequipo.com.mx\/#\/schema\/person\/50102df0fb23a8fa9e8effad8fa81386\"},\"headline\":\"Gobierno logra acuerdos con reclusorios privados; ahorrar\u00e1 m\u00e1s de 2 mil mdp al a\u00f1o: AMLO\",\"datePublished\":\"2021-04-20T17:30:24+00:00\",\"dateModified\":\"2021-04-20T23:37:04+00:00\",\"mainEntityOfPage\":{\"@id\":\"https:\/\/www.sonoraenequipo.com.mx\/gobierno-logra-acuerdos-con-reclusorios-privados-ahorrara-mas-de-2-mil-mdp-al-ano-amlo\/\"},\"wordCount\":262,\"commentCount\":0,\"publisher\":{\"@id\":\"https:\/\/www.sonoraenequipo.com.mx\/#organization\"},\"image\":{\"@id\":\"https:\/\/www.sonoraenequipo.com.mx\/gobierno-logra-acuerdos-con-reclusorios-privados-ahorrara-mas-de-2-mil-mdp-al-ano-amlo\/#primaryimage\"},\"thumbnailUrl\":\"https:\/\/www.sonoraenequipo.com.mx\/storage\/2021\/04\/reclusorios-privados_opt.jpg\",\"articleSection\":[\"Rep\u00fablica\"],\"inLanguage\":\"es\",\"potentialAction\":[{\"@type\":\"CommentAction\",\"name\":\"Comment\",\"target\":[\"https:\/\/www.sonoraenequipo.com.mx\/gobierno-logra-acuerdos-con-reclusorios-privados-ahorrara-mas-de-2-mil-mdp-al-ano-amlo\/#respond\"]}]},{\"@type\":\"WebPage\",\"@id\":\"https:\/\/www.sonoraenequipo.com.mx\/gobierno-logra-acuerdos-con-reclusorios-privados-ahorrara-mas-de-2-mil-mdp-al-ano-amlo\/\",\"url\":\"https:\/\/www.sonoraenequipo.com.mx\/gobierno-logra-acuerdos-con-reclusorios-privados-ahorrara-mas-de-2-mil-mdp-al-ano-amlo\/\",\"name\":\"Sonora en Equipo. Gobierno logra acuerdos con reclusorios privados; ahorrar\u00e1 m\u00e1s de 2 mil mdp al a\u00f1o: AMLO Rep\u00fablica\",\"isPartOf\":{\"@id\":\"https:\/\/www.sonoraenequipo.com.mx\/#website\"},\"primaryImageOfPage\":{\"@id\":\"https:\/\/www.sonoraenequipo.com.mx\/gobierno-logra-acuerdos-con-reclusorios-privados-ahorrara-mas-de-2-mil-mdp-al-ano-amlo\/#primaryimage\"},\"image\":{\"@id\":\"https:\/\/www.sonoraenequipo.com.mx\/gobierno-logra-acuerdos-con-reclusorios-privados-ahorrara-mas-de-2-mil-mdp-al-ano-amlo\/#primaryimage\"},\"thumbnailUrl\":\"https:\/\/www.sonoraenequipo.com.mx\/storage\/2021\/04\/reclusorios-privados_opt.jpg\",\"datePublished\":\"2021-04-20T17:30:24+00:00\",\"dateModified\":\"2021-04-20T23:37:04+00:00\",\"description\":\"CIUDAD DE M\u00c9XICO. MX. \u2014 El presidente Andr\u00e9s Manuel L\u00f3pez Obrador dio a conocer que se lograron acuerdos con los reclusorios privados, los cuales En Sonora en Equipo publicamos toda la informaci\u00f3n de Sonora, M\u00e9xico y el Mundo de manera oportuna y busca que la libertad de expresi\u00f3n sea real. Visita nuestro medio informativo publicado desde Hermosillo, Sonora. %\",\"breadcrumb\":{\"@id\":\"https:\/\/www.sonoraenequipo.com.mx\/gobierno-logra-acuerdos-con-reclusorios-privados-ahorrara-mas-de-2-mil-mdp-al-ano-amlo\/#breadcrumb\"},\"inLanguage\":\"es\",\"potentialAction\":[{\"@type\":\"ReadAction\",\"target\":[\"https:\/\/www.sonoraenequipo.com.mx\/gobierno-logra-acuerdos-con-reclusorios-privados-ahorrara-mas-de-2-mil-mdp-al-ano-amlo\/\"]}]},{\"@type\":\"ImageObject\",\"inLanguage\":\"es\",\"@id\":\"https:\/\/www.sonoraenequipo.com.mx\/gobierno-logra-acuerdos-con-reclusorios-privados-ahorrara-mas-de-2-mil-mdp-al-ano-amlo\/#primaryimage\",\"url\":\"https:\/\/www.sonoraenequipo.com.mx\/storage\/2021\/04\/reclusorios-privados_opt.jpg\",\"contentUrl\":\"https:\/\/www.sonoraenequipo.com.mx\/storage\/2021\/04\/reclusorios-privados_opt.jpg\",\"width\":682,\"height\":400,\"caption\":\"foto:mauricio valenzuela\/\/\/reos y comedores en la carcel de el renacer y tinajitas\"},{\"@type\":\"BreadcrumbList\",\"@id\":\"https:\/\/www.sonoraenequipo.com.mx\/gobierno-logra-acuerdos-con-reclusorios-privados-ahorrara-mas-de-2-mil-mdp-al-ano-amlo\/#breadcrumb\",\"itemListElement\":[{\"@type\":\"ListItem\",\"position\":1,\"name\":\"Portada\",\"item\":\"https:\/\/www.sonoraenequipo.com.mx\/\"},{\"@type\":\"ListItem\",\"position\":2,\"name\":\"Gobierno logra acuerdos con reclusorios privados; ahorrar\u00e1 m\u00e1s de 2 mil mdp al a\u00f1o: AMLO\"}]},{\"@type\":\"WebSite\",\"@id\":\"https:\/\/www.sonoraenequipo.com.mx\/#website\",\"url\":\"https:\/\/www.sonoraenequipo.com.mx\/\",\"name\":\"Sonora en Equipo.\",\"description\":\"Diario en l\u00ednea con Noticias desde Hermosillo, Sonora\",\"publisher\":{\"@id\":\"https:\/\/www.sonoraenequipo.com.mx\/#organization\"},\"potentialAction\":[{\"@type\":\"SearchAction\",\"target\":{\"@type\":\"EntryPoint\",\"urlTemplate\":\"https:\/\/www.sonoraenequipo.com.mx\/?s={search_term_string}\"},\"query-input\":{\"@type\":\"PropertyValueSpecification\",\"valueRequired\":true,\"valueName\":\"search_term_string\"}}],\"inLanguage\":\"es\"},{\"@type\":\"Organization\",\"@id\":\"https:\/\/www.sonoraenequipo.com.mx\/#organization\",\"name\":\"Sonoraenequipo.com.mx\",\"url\":\"https:\/\/www.sonoraenequipo.com.mx\/\",\"logo\":{\"@type\":\"ImageObject\",\"inLanguage\":\"es\",\"@id\":\"https:\/\/www.sonoraenequipo.com.mx\/#\/schema\/logo\/image\/\",\"url\":\"https:\/\/www.sonoraenequipo.com.mx\/storage\/2019\/01\/sonoraenequipo_opt.png\",\"contentUrl\":\"https:\/\/www.sonoraenequipo.com.mx\/storage\/2019\/01\/sonoraenequipo_opt.png\",\"width\":375,\"height\":125,\"caption\":\"Sonoraenequipo.com.mx\"},\"image\":{\"@id\":\"https:\/\/www.sonoraenequipo.com.mx\/#\/schema\/logo\/image\/\"},\"sameAs\":[\"https:\/\/www.facebook.com\/SonoraEE\/\",\"https:\/\/x.com\/sonoraenequipo\",\"https:\/\/www.youtube.com\/channel\/UC338nW-lPEYmJQs4ZABQ1SQ\"]},{\"@type\":\"Person\",\"@id\":\"https:\/\/www.sonoraenequipo.com.mx\/#\/schema\/person\/50102df0fb23a8fa9e8effad8fa81386\",\"name\":\"enequipo\",\"image\":{\"@type\":\"ImageObject\",\"inLanguage\":\"es\",\"@id\":\"https:\/\/www.sonoraenequipo.com.mx\/#\/schema\/person\/image\/\",\"url\":\"https:\/\/secure.gravatar.com\/avatar\/049821681b589dabc0bc20695993ccebb09f5b5d4d790cd9251b97faac7c652b?s=96&d=blank&r=g\",\"contentUrl\":\"https:\/\/secure.gravatar.com\/avatar\/049821681b589dabc0bc20695993ccebb09f5b5d4d790cd9251b97faac7c652b?s=96&d=blank&r=g\",\"caption\":\"enequipo\"},\"sameAs\":[\"https:\/\/www.facebook.com\/SonoraEE\"]}]}<\/script>\n ","yoast_head_json":{"title":"Sonora en Equipo. Gobierno logra acuerdos con reclusorios privados; ahorrar\u00e1 m\u00e1s de 2 mil mdp al a\u00f1o: AMLO Rep\u00fablica","description":"CIUDAD DE M\u00c9XICO. MX. \u2014 El presidente Andr\u00e9s Manuel L\u00f3pez Obrador dio a conocer que se lograron acuerdos con los reclusorios privados, los cuales En Sonora en Equipo publicamos toda la informaci\u00f3n de Sonora, M\u00e9xico y el Mundo de manera oportuna y busca que la libertad de expresi\u00f3n sea real. Visita nuestro medio informativo publicado desde Hermosillo, Sonora. %","robots":{"index":"index","follow":"follow","max-snippet":"max-snippet:-1","max-image-preview":"max-image-preview:large","max-video-preview":"max-video-preview:-1"},"canonical":"https:\/\/www.sonoraenequipo.com.mx\/gobierno-logra-acuerdos-con-reclusorios-privados-ahorrara-mas-de-2-mil-mdp-al-ano-amlo\/","og_locale":"es_ES","og_type":"article","og_title":"Sonora en Equipo. Gobierno logra acuerdos con reclusorios privados; ahorrar\u00e1 m\u00e1s de 2 mil mdp al a\u00f1o: AMLO Rep\u00fablica","og_description":"CIUDAD DE M\u00c9XICO. MX. \u2014 El presidente Andr\u00e9s Manuel L\u00f3pez Obrador dio a conocer que se lograron acuerdos con los reclusorios privados, los cuales En Sonora en Equipo publicamos toda la informaci\u00f3n de Sonora, M\u00e9xico y el Mundo de manera oportuna y busca que la libertad de expresi\u00f3n sea real. Visita nuestro medio informativo publicado desde Hermosillo, Sonora. %","og_url":"https:\/\/www.sonoraenequipo.com.mx\/gobierno-logra-acuerdos-con-reclusorios-privados-ahorrara-mas-de-2-mil-mdp-al-ano-amlo\/","og_site_name":"Sonora en Equipo.","article_publisher":"https:\/\/www.facebook.com\/SonoraEE\/","article_author":"https:\/\/www.facebook.com\/SonoraEE","article_published_time":"2021-04-20T17:30:24+00:00","article_modified_time":"2021-04-20T23:37:04+00:00","og_image":[{"width":682,"height":400,"url":"https:\/\/www.sonoraenequipo.com.mx\/storage\/2021\/04\/reclusorios-privados_opt.jpg","type":"image\/jpeg"}],"author":"enequipo","twitter_card":"summary_large_image","twitter_creator":"@sonoraenequipo","twitter_site":"@sonoraenequipo","twitter_misc":{"Escrito por":"enequipo","Tiempo de lectura":"1 minuto"},"schema":{"@context":"https:\/\/schema.org","@graph":[{"@type":"Article","@id":"https:\/\/www.sonoraenequipo.com.mx\/gobierno-logra-acuerdos-con-reclusorios-privados-ahorrara-mas-de-2-mil-mdp-al-ano-amlo\/#article","isPartOf":{"@id":"https:\/\/www.sonoraenequipo.com.mx\/gobierno-logra-acuerdos-con-reclusorios-privados-ahorrara-mas-de-2-mil-mdp-al-ano-amlo\/"},"author":{"name":"enequipo","@id":"https:\/\/www.sonoraenequipo.com.mx\/#\/schema\/person\/50102df0fb23a8fa9e8effad8fa81386"},"headline":"Gobierno logra acuerdos con reclusorios privados; ahorrar\u00e1 m\u00e1s de 2 mil mdp al a\u00f1o: AMLO","datePublished":"2021-04-20T17:30:24+00:00","dateModified":"2021-04-20T23:37:04+00:00","mainEntityOfPage":{"@id":"https:\/\/www.sonoraenequipo.com.mx\/gobierno-logra-acuerdos-con-reclusorios-privados-ahorrara-mas-de-2-mil-mdp-al-ano-amlo\/"},"wordCount":262,"commentCount":0,"publisher":{"@id":"https:\/\/www.sonoraenequipo.com.mx\/#organization"},"image":{"@id":"https:\/\/www.sonoraenequipo.com.mx\/gobierno-logra-acuerdos-con-reclusorios-privados-ahorrara-mas-de-2-mil-mdp-al-ano-amlo\/#primaryimage"},"thumbnailUrl":"https:\/\/www.sonoraenequipo.com.mx\/storage\/2021\/04\/reclusorios-privados_opt.jpg","articleSection":["Rep\u00fablica"],"inLanguage":"es","potentialAction":[{"@type":"CommentAction","name":"Comment","target":["https:\/\/www.sonoraenequipo.com.mx\/gobierno-logra-acuerdos-con-reclusorios-privados-ahorrara-mas-de-2-mil-mdp-al-ano-amlo\/#respond"]}]},{"@type":"WebPage","@id":"https:\/\/www.sonoraenequipo.com.mx\/gobierno-logra-acuerdos-con-reclusorios-privados-ahorrara-mas-de-2-mil-mdp-al-ano-amlo\/","url":"https:\/\/www.sonoraenequipo.com.mx\/gobierno-logra-acuerdos-con-reclusorios-privados-ahorrara-mas-de-2-mil-mdp-al-ano-amlo\/","name":"Sonora en Equipo. Gobierno logra acuerdos con reclusorios privados; ahorrar\u00e1 m\u00e1s de 2 mil mdp al a\u00f1o: AMLO Rep\u00fablica","isPartOf":{"@id":"https:\/\/www.sonoraenequipo.com.mx\/#website"},"primaryImageOfPage":{"@id":"https:\/\/www.sonoraenequipo.com.mx\/gobierno-logra-acuerdos-con-reclusorios-privados-ahorrara-mas-de-2-mil-mdp-al-ano-amlo\/#primaryimage"},"image":{"@id":"https:\/\/www.sonoraenequipo.com.mx\/gobierno-logra-acuerdos-con-reclusorios-privados-ahorrara-mas-de-2-mil-mdp-al-ano-amlo\/#primaryimage"},"thumbnailUrl":"https:\/\/www.sonoraenequipo.com.mx\/storage\/2021\/04\/reclusorios-privados_opt.jpg","datePublished":"2021-04-20T17:30:24+00:00","dateModified":"2021-04-20T23:37:04+00:00","description":"CIUDAD DE M\u00c9XICO. MX. \u2014 El presidente Andr\u00e9s Manuel L\u00f3pez Obrador dio a conocer que se lograron acuerdos con los reclusorios privados, los cuales En Sonora en Equipo publicamos toda la informaci\u00f3n de Sonora, M\u00e9xico y el Mundo de manera oportuna y busca que la libertad de expresi\u00f3n sea real. Visita nuestro medio informativo publicado desde Hermosillo, Sonora. %","breadcrumb":{"@id":"https:\/\/www.sonoraenequipo.com.mx\/gobierno-logra-acuerdos-con-reclusorios-privados-ahorrara-mas-de-2-mil-mdp-al-ano-amlo\/#breadcrumb"},"inLanguage":"es","potentialAction":[{"@type":"ReadAction","target":["https:\/\/www.sonoraenequipo.com.mx\/gobierno-logra-acuerdos-con-reclusorios-privados-ahorrara-mas-de-2-mil-mdp-al-ano-amlo\/"]}]},{"@type":"ImageObject","inLanguage":"es","@id":"https:\/\/www.sonoraenequipo.com.mx\/gobierno-logra-acuerdos-con-reclusorios-privados-ahorrara-mas-de-2-mil-mdp-al-ano-amlo\/#primaryimage","url":"https:\/\/www.sonoraenequipo.com.mx\/storage\/2021\/04\/reclusorios-privados_opt.jpg","contentUrl":"https:\/\/www.sonoraenequipo.com.mx\/storage\/2021\/04\/reclusorios-privados_opt.jpg","width":682,"height":400,"caption":"foto:mauricio valenzuela\/\/\/reos y comedores en la carcel de el renacer y tinajitas"},{"@type":"BreadcrumbList","@id":"https:\/\/www.sonoraenequipo.com.mx\/gobierno-logra-acuerdos-con-reclusorios-privados-ahorrara-mas-de-2-mil-mdp-al-ano-amlo\/#breadcrumb","itemListElement":[{"@type":"ListItem","position":1,"name":"Portada","item":"https:\/\/www.sonoraenequipo.com.mx\/"},{"@type":"ListItem","position":2,"name":"Gobierno logra acuerdos con reclusorios privados; ahorrar\u00e1 m\u00e1s de 2 mil mdp al a\u00f1o: AMLO"}]},{"@type":"WebSite","@id":"https:\/\/www.sonoraenequipo.com.mx\/#website","url":"https:\/\/www.sonoraenequipo.com.mx\/","name":"Sonora en Equipo.","description":"Diario en l\u00ednea con Noticias desde Hermosillo, Sonora","publisher":{"@id":"https:\/\/www.sonoraenequipo.com.mx\/#organization"},"potentialAction":[{"@type":"SearchAction","target":{"@type":"EntryPoint","urlTemplate":"https:\/\/www.sonoraenequipo.com.mx\/?s={search_term_string}"},"query-input":{"@type":"PropertyValueSpecification","valueRequired":true,"valueName":"search_term_string"}}],"inLanguage":"es"},{"@type":"Organization","@id":"https:\/\/www.sonoraenequipo.com.mx\/#organization","name":"Sonoraenequipo.com.mx","url":"https:\/\/www.sonoraenequipo.com.mx\/","logo":{"@type":"ImageObject","inLanguage":"es","@id":"https:\/\/www.sonoraenequipo.com.mx\/#\/schema\/logo\/image\/","url":"https:\/\/www.sonoraenequipo.com.mx\/storage\/2019\/01\/sonoraenequipo_opt.png","contentUrl":"https:\/\/www.sonoraenequipo.com.mx\/storage\/2019\/01\/sonoraenequipo_opt.png","width":375,"height":125,"caption":"Sonoraenequipo.com.mx"},"image":{"@id":"https:\/\/www.sonoraenequipo.com.mx\/#\/schema\/logo\/image\/"},"sameAs":["https:\/\/www.facebook.com\/SonoraEE\/","https:\/\/x.com\/sonoraenequipo","https:\/\/www.youtube.com\/channel\/UC338nW-lPEYmJQs4ZABQ1SQ"]},{"@type":"Person","@id":"https:\/\/www.sonoraenequipo.com.mx\/#\/schema\/person\/50102df0fb23a8fa9e8effad8fa81386","name":"enequipo","image":{"@type":"ImageObject","inLanguage":"es","@id":"https:\/\/www.sonoraenequipo.com.mx\/#\/schema\/person\/image\/","url":"https:\/\/secure.gravatar.com\/avatar\/049821681b589dabc0bc20695993ccebb09f5b5d4d790cd9251b97faac7c652b?s=96&d=blank&r=g","contentUrl":"https:\/\/secure.gravatar.com\/avatar\/049821681b589dabc0bc20695993ccebb09f5b5d4d790cd9251b97faac7c652b?s=96&d=blank&r=g","caption":"enequipo"},"sameAs":["https:\/\/www.facebook.com\/SonoraEE"]}]}},"jetpack_featured_media_url":"https:\/\/www.sonoraenequipo.com.mx\/storage\/2021\/04\/reclusorios-privados_opt.jpg","_links":{"self":[{"href":"https:\/\/www.sonoraenequipo.com.mx\/api\/wp\/v2\/posts\/112114","targetHints":{"allow":["GET"]}}],"collection":[{"href":"https:\/\/www.sonoraenequipo.com.mx\/api\/wp\/v2\/posts"}],"about":[{"href":"https:\/\/www.sonoraenequipo.com.mx\/api\/wp\/v2\/types\/post"}],"author":[{"embeddable":true,"href":"https:\/\/www.sonoraenequipo.com.mx\/api\/wp\/v2\/users\/1"}],"replies":[{"embeddable":true,"href":"https:\/\/www.sonoraenequipo.com.mx\/api\/wp\/v2\/comments?post=112114"}],"version-history":[{"count":1,"href":"https:\/\/www.sonoraenequipo.com.mx\/api\/wp\/v2\/posts\/112114\/revisions"}],"predecessor-version":[{"id":112117,"href":"https:\/\/www.sonoraenequipo.com.mx\/api\/wp\/v2\/posts\/112114\/revisions\/112117"}],"wp:featuredmedia":[{"embeddable":true,"href":"https:\/\/www.sonoraenequipo.com.mx\/api\/wp\/v2\/media\/112116"}],"wp:attachment":[{"href":"https:\/\/www.sonoraenequipo.com.mx\/api\/wp\/v2\/media?parent=112114"}],"wp:term":[{"taxonomy":"category","embeddable":true,"href":"https:\/\/www.sonoraenequipo.com.mx\/api\/wp\/v2\/categories?post=112114"},{"taxonomy":"post_tag","embeddable":true,"href":"https:\/\/www.sonoraenequipo.com.mx\/api\/wp\/v2\/tags?post=112114"}],"curies":[{"name":"wp","href":"https:\/\/api.w.org\/{rel}","templated":true}]}}