{"id":112138,"date":"2021-04-20T14:34:16","date_gmt":"2021-04-20T21:34:16","guid":{"rendered":"https:\/\/www.sonoraenequipo.com.mx\/?p=112138"},"modified":"2021-04-20T19:33:37","modified_gmt":"2021-04-21T02:33:37","slug":"escenas-de-guerra-en-brasil-con-pacientes-atados-para-entubarlos-por-falta-de-sedantes","status":"publish","type":"post","link":"https:\/\/www.sonoraenequipo.com.mx\/escenas-de-guerra-en-brasil-con-pacientes-atados-para-entubarlos-por-falta-de-sedantes\/","title":{"rendered":"Escenas de guerra en Brasil, con pacientes atados para entubarlos por falta de sedantes"},"content":{"rendered":"<p>SAO PAULO, BRASIL. \u2014 La situaci\u00f3n del coronavirus en Brasil es alarmante: ha registrado 30.624 nuevos contagios, con lo que ya roza los 14 millones de casos, mientras el n\u00famero de muertes camina hacia las 375.000, inform\u00f3 este lunes el Ministerio de Salud. Es el segundo pa\u00eds con m\u00e1s fallecidos, detr\u00e1s de Estados Unidos, aunque actualmente es el lugar del planeta donde m\u00e1s se muere por covid-19.<\/p>\n<p>&nbsp;<\/p>\n<p> <\/p>\n<p>&nbsp;<\/p>\n<p>La explosi\u00f3n de contagios, asociados a la circulaci\u00f3n de variantes del virus m\u00e1s infecciones, entre ellas varias de origen brasile\u00f1o, tienen a la red de salud p\u00fablica en una situaci\u00f3n cr\u00edtica, con buena parte de las unidades de cuidados intensivos (UCI) al l\u00edmite de su capacidad.<\/p>\n<p>&nbsp;<\/p>\n<p>Las escenas son \u201cde guerra\u201d, seg\u00fan medios locales como O Glovo: est\u00e1 habiendo falta de calmantes y anestesias, por lo que a los pacientes los est\u00e1n entubando atados a las camas, indica Reuters. R\u00edo de Janeiro y Sao Paulo han dado la voz de alarma por la escasez de sedantes y el secretario de Salud de Sao Paulo dijo que la capacidad de la ciudad para atender a los pacientes gravemente enfermos de COVID-19 est\u00e1 al borde del colapso.<\/p>\n<h3>Una \u201ctortura\u201d<\/h3>\n<p><em>\u201cNunca pens\u00e9 que vivir\u00eda algo as\u00ed despu\u00e9s de 20 a\u00f1os trabajando en cuidados intensivos\u201d,<\/em> dijo a Reuters Aureo do Carmo Filho, m\u00e9dico de una UCI de R\u00edo. <em>\u201cUtilizar sujeciones mec\u00e1nicas sin sedantes es una mala pr\u00e1ctica (&#8230;) el paciente es sometido a una forma de tortura\u201d<\/em>, se\u00f1ala.<\/p>\n<p>&nbsp;<\/p>\n<p>Los pacientes graves de la covid-19 que luchan por respirar son sedados para ponerles respiradores, una pr\u00e1ctica intrusiva a la que el cuerpo se resiste de forma natural.<\/p>\n<p>&nbsp;<\/p>\n<p>El hospital Albert Schweitzer, a trav\u00e9s de la oficina de prensa de la ciudad de R\u00edo que lo gestiona, dijo que hab\u00eda una escasez de medicamentos para la intubaci\u00f3n, pero que se estaban utilizando sustitutos para garantizar que la atenci\u00f3n m\u00e9dica no se viera comprometida. Tambi\u00e9n dijo que las sujeciones mec\u00e1nicas s\u00f3lo se utilizaban cuando las prescrib\u00eda un m\u00e9dico.<\/p>\n<p>&nbsp;<\/p>\n<p>El ministro de Salud de Brasil, <strong>Marcelo Queiroga<\/strong>, dijo que est\u00e1n negociando con otros pa\u00edses para obtener medicamentos para la intubaci\u00f3n de pacientes de covid-19 ante una <em>\u201csituaci\u00f3n de emergencia\u201d<\/em> por la escasez de los productos.<\/p>\n<h3>Como una cat\u00e1strofe at\u00f3mica<\/h3>\n<p><em>\u201cCuando la gente me pide que haga una met\u00e1fora, digo que para m\u00ed es como Chern\u00f3bil o Fukushima, un reactor nuclear, pero uno biol\u00f3gico, que est\u00e1 fuera de control en una reacci\u00f3n en cadena\u201d<\/em>, explica en BBC Mundo Miguel Nicolelis, neurocient\u00edfico y profesor de la Universidad de Duke (Estados Unidos), desde su casa en Sao Paulo.<\/p>\n<p>&nbsp;<\/p>\n<p>Seg\u00fan el experto, los factores que explican c\u00f3mo Brasil se volvi\u00f3 un reactor nuclear biol\u00f3gico fuera de control se pueden resumir en tres: la <em>\u201cfalta de liderazgo gubernamental, la ignorancia (del gobierno) y la confianza en noticias e informaci\u00f3n falsa o el negacionismo cient\u00edfico\u201d.<\/em><\/p>\n<p>&nbsp;<\/p>\n<p><em>\u201cLos brasile\u00f1os quieren salir de esto, no quieren exportar variantes a todo el mundo\u201d,<\/em> se\u00f1ala, pero apunta a lo que considera ha sido una ausencia de estrategia y direcci\u00f3n para enfrentar la pandemia por parte del gobierno federal, al que acusa de carecer de empat\u00eda.<\/p>\n<p>&nbsp;<\/p>\n<h3>El peligro de las nuevas variantes<\/h3>\n<p>&nbsp;<\/p>\n<p><img loading=\"lazy\" decoding=\"async\" class=\"size-medium  x-right\" src=\"https:\/\/www.sonoraenequipo.com.mx\/storage\/2021\/04\/regreso-a-clases_opt-649x365.jpg\" alt=\"\" width=\"649\" height=\"365\" \/>Adem\u00e1s de las variantes P.1 de Manaos y P.2 de R\u00edo de Janeiro, los cient\u00edficos estudian la aparici\u00f3n de m\u00e1s cepas del coronavirus en Brasil y alertan de la posibilidad de que surjan otras m\u00e1s resistentes, si contin\u00faa el actual ritmo vertiginoso de contagios en el pa\u00eds. La que m\u00e1s preocupa ahora es la P.1 surgida a finales de 2020 en la capital del estado de Amazonas y de la que se sospecha que est\u00e1 detr\u00e1s del tsunami de infectados y muertes que asola al pa\u00eds. Esta variante ya est\u00e1 presente en 52 naciones del planeta, seg\u00fan la Organizaci\u00f3n Mundial de la Salud (OMS).<\/p>\n<p>&nbsp;<\/p>\n<p>No obstante, un grupo de cient\u00edficos del Instituto de Ciencias Biol\u00f3gicas de la Universidad Federal de Minas Gerais (UFMG) ha encontrado otra posible nueva cepa en la zona metropolitana de Belo Horizonte, sureste de Brasil.<\/p>\n<p>&nbsp;<\/p>\n<p>Esta posible nueva variante brasile\u00f1a tiene \u201cun conjunto de 18 mutaciones\u201d, seis de ellas en la prote\u00edna spike (espiga), de la que se vale el coronavirus para penetrar en las c\u00e9lulas humanas.<\/p>\n<p>&nbsp;<\/p>\n<h3>Bolsonaro, el horror<\/h3>\n<p><img loading=\"lazy\" decoding=\"async\" class=\"size-medium  x-left\" src=\"https:\/\/www.sonoraenequipo.com.mx\/storage\/2021\/04\/bolsonaro_opt-548x365.jpg\" alt=\"\" width=\"548\" height=\"365\" \/>La ONG M\u00e9dicos Sin Fronteras (MSF) sostiene que la <em>\u201cfracasada respuesta\u201d<\/em> de Brasil ha provocado miles de muertes evitables y ha creado una cat\u00e1strofe humanitaria que a\u00fan podr\u00eda empeorar. <em>\u201cA m\u00e1s de un a\u00f1o de la pandemia, la respuesta fallida en Brasil ha causado una cat\u00e1strofe humanitaria\u201d,<\/em> dijo Christos Christou, m\u00e9dico y presidente de la organizaci\u00f3n.<\/p>\n<p>&nbsp;<\/p>\n<p><em>\u201cCada semana hay un nuevo y sombr\u00edo r\u00e9cord de muertes e infecciones: los hospitales est\u00e1n desbordados y, sin embargo, todav\u00eda no hay una respuesta centralizada coordinada\u201d<\/em>, dijo Christou en una reuni\u00f3n informativa con periodistas, y a\u00f1adi\u00f3 que se esperaba que la situaci\u00f3n fuera a\u00fan peor en las pr\u00f3ximas semanas.<\/p>\n<p>&nbsp;<\/p>\n<p>Sus quejas se suman a la creciente presi\u00f3n internacional sobre el presidente, el ultraderechista Jair Bolsonaro, quien se ha opuesto a los confinamientos y ha celebrado grandes actos en los que a menudo no lleva mascarilla. S\u00f3lo recientemente ha abrazado las vacunas como una posible soluci\u00f3n.<\/p>\n<p>&nbsp;<\/p>\n<p>&nbsp;<\/p>\n<p>(Publicada el 20\/04\/2021 \/ El HuffPost \/ Agencias)<\/p>\n","protected":false},"excerpt":{"rendered":"<p>SAO PAULO, BRASIL. \u2014 La situaci\u00f3n del coronavirus en Brasil es alarmante: ha registrado 30.624&#8230;<\/p>\n","protected":false},"author":1,"featured_media":112080,"comment_status":"open","ping_status":"open","sticky":false,"template":"","format":"standard","meta":{"_monsterinsights_skip_tracking":false,"_monsterinsights_sitenote_active":false,"_monsterinsights_sitenote_note":"","_monsterinsights_sitenote_category":0,"footnotes":""},"categories":[3],"tags":[],"class_list":["post"],"yoast_head":" \n<title>Sonora en Equipo. Escenas de guerra en Brasil, con pacientes atados para entubarlos por falta de sedantes MUNDO<\/title>\n<meta name=\"description\" content=\"SAO PAULO, BRASIL. \u2014 La situaci\u00f3n del coronavirus en Brasil es alarmante: ha registrado 30.624 nuevos contagios, con lo que ya roza los 14 millones de En Sonora en Equipo publicamos toda la informaci\u00f3n de Sonora, M\u00e9xico y el Mundo de manera oportuna y busca que la libertad de expresi\u00f3n sea real. Visita nuestro medio informativo publicado desde Hermosillo, Sonora. %\" \/>\n<meta name=\"robots\" content=\"index, follow, max-snippet:-1, max-image-preview:large, max-video-preview:-1\" \/>\n<link rel=\"canonical\" href=\"https:\/\/www.sonoraenequipo.com.mx\/escenas-de-guerra-en-brasil-con-pacientes-atados-para-entubarlos-por-falta-de-sedantes\/\" \/>\n<meta property=\"og:locale\" content=\"es_ES\" \/>\n<meta property=\"og:type\" content=\"article\" \/>\n<meta property=\"og:title\" content=\"Sonora en Equipo. Escenas de guerra en Brasil, con pacientes atados para entubarlos por falta de sedantes MUNDO\" \/>\n<meta property=\"og:description\" content=\"SAO PAULO, BRASIL. \u2014 La situaci\u00f3n del coronavirus en Brasil es alarmante: ha registrado 30.624 nuevos contagios, con lo que ya roza los 14 millones de En Sonora en Equipo publicamos toda la informaci\u00f3n de Sonora, M\u00e9xico y el Mundo de manera oportuna y busca que la libertad de expresi\u00f3n sea real. Visita nuestro medio informativo publicado desde Hermosillo, Sonora. %\" \/>\n<meta property=\"og:url\" content=\"https:\/\/www.sonoraenequipo.com.mx\/escenas-de-guerra-en-brasil-con-pacientes-atados-para-entubarlos-por-falta-de-sedantes\/\" \/>\n<meta property=\"og:site_name\" content=\"Sonora en Equipo.\" \/>\n<meta property=\"article:publisher\" content=\"https:\/\/www.facebook.com\/SonoraEE\/\" \/>\n<meta property=\"article:author\" content=\"https:\/\/www.facebook.com\/SonoraEE\" \/>\n<meta property=\"article:published_time\" content=\"2021-04-20T21:34:16+00:00\" \/>\n<meta property=\"article:modified_time\" content=\"2021-04-21T02:33:37+00:00\" \/>\n<meta property=\"og:image\" content=\"https:\/\/www.sonoraenequipo.com.mx\/storage\/2021\/04\/paciente-en-brasil_opt.jpg\" \/>\n\t<meta property=\"og:image:width\" content=\"560\" \/>\n\t<meta property=\"og:image:height\" content=\"400\" \/>\n\t<meta property=\"og:image:type\" content=\"image\/jpeg\" \/>\n<meta name=\"author\" content=\"enequipo\" \/>\n<meta name=\"twitter:card\" content=\"summary_large_image\" \/>\n<meta name=\"twitter:creator\" content=\"@sonoraenequipo\" \/>\n<meta name=\"twitter:site\" content=\"@sonoraenequipo\" \/>\n<meta name=\"twitter:label1\" content=\"Escrito por\" \/>\n\t<meta name=\"twitter:data1\" content=\"enequipo\" \/>\n\t<meta name=\"twitter:label2\" content=\"Tiempo de lectura\" \/>\n\t<meta name=\"twitter:data2\" content=\"5 minutos\" \/>\n<script type=\"application\/ld+json\" class=\"yoast-schema-graph\">{\"@context\":\"https:\/\/schema.org\",\"@graph\":[{\"@type\":\"Article\",\"@id\":\"https:\/\/www.sonoraenequipo.com.mx\/escenas-de-guerra-en-brasil-con-pacientes-atados-para-entubarlos-por-falta-de-sedantes\/#article\",\"isPartOf\":{\"@id\":\"https:\/\/www.sonoraenequipo.com.mx\/escenas-de-guerra-en-brasil-con-pacientes-atados-para-entubarlos-por-falta-de-sedantes\/\"},\"author\":{\"name\":\"enequipo\",\"@id\":\"https:\/\/www.sonoraenequipo.com.mx\/#\/schema\/person\/50102df0fb23a8fa9e8effad8fa81386\"},\"headline\":\"Escenas de guerra en Brasil, con pacientes atados para entubarlos por falta de sedantes\",\"datePublished\":\"2021-04-20T21:34:16+00:00\",\"dateModified\":\"2021-04-21T02:33:37+00:00\",\"mainEntityOfPage\":{\"@id\":\"https:\/\/www.sonoraenequipo.com.mx\/escenas-de-guerra-en-brasil-con-pacientes-atados-para-entubarlos-por-falta-de-sedantes\/\"},\"wordCount\":967,\"commentCount\":0,\"publisher\":{\"@id\":\"https:\/\/www.sonoraenequipo.com.mx\/#organization\"},\"image\":{\"@id\":\"https:\/\/www.sonoraenequipo.com.mx\/escenas-de-guerra-en-brasil-con-pacientes-atados-para-entubarlos-por-falta-de-sedantes\/#primaryimage\"},\"thumbnailUrl\":\"https:\/\/www.sonoraenequipo.com.mx\/storage\/2021\/04\/paciente-en-brasil_opt.jpg\",\"articleSection\":[\"MUNDO\"],\"inLanguage\":\"es\",\"potentialAction\":[{\"@type\":\"CommentAction\",\"name\":\"Comment\",\"target\":[\"https:\/\/www.sonoraenequipo.com.mx\/escenas-de-guerra-en-brasil-con-pacientes-atados-para-entubarlos-por-falta-de-sedantes\/#respond\"]}]},{\"@type\":\"WebPage\",\"@id\":\"https:\/\/www.sonoraenequipo.com.mx\/escenas-de-guerra-en-brasil-con-pacientes-atados-para-entubarlos-por-falta-de-sedantes\/\",\"url\":\"https:\/\/www.sonoraenequipo.com.mx\/escenas-de-guerra-en-brasil-con-pacientes-atados-para-entubarlos-por-falta-de-sedantes\/\",\"name\":\"Sonora en Equipo. Escenas de guerra en Brasil, con pacientes atados para entubarlos por falta de sedantes MUNDO\",\"isPartOf\":{\"@id\":\"https:\/\/www.sonoraenequipo.com.mx\/#website\"},\"primaryImageOfPage\":{\"@id\":\"https:\/\/www.sonoraenequipo.com.mx\/escenas-de-guerra-en-brasil-con-pacientes-atados-para-entubarlos-por-falta-de-sedantes\/#primaryimage\"},\"image\":{\"@id\":\"https:\/\/www.sonoraenequipo.com.mx\/escenas-de-guerra-en-brasil-con-pacientes-atados-para-entubarlos-por-falta-de-sedantes\/#primaryimage\"},\"thumbnailUrl\":\"https:\/\/www.sonoraenequipo.com.mx\/storage\/2021\/04\/paciente-en-brasil_opt.jpg\",\"datePublished\":\"2021-04-20T21:34:16+00:00\",\"dateModified\":\"2021-04-21T02:33:37+00:00\",\"description\":\"SAO PAULO, BRASIL. \u2014 La situaci\u00f3n del coronavirus en Brasil es alarmante: ha registrado 30.624 nuevos contagios, con lo que ya roza los 14 millones de En Sonora en Equipo publicamos toda la informaci\u00f3n de Sonora, M\u00e9xico y el Mundo de manera oportuna y busca que la libertad de expresi\u00f3n sea real. Visita nuestro medio informativo publicado desde Hermosillo, Sonora. %\",\"breadcrumb\":{\"@id\":\"https:\/\/www.sonoraenequipo.com.mx\/escenas-de-guerra-en-brasil-con-pacientes-atados-para-entubarlos-por-falta-de-sedantes\/#breadcrumb\"},\"inLanguage\":\"es\",\"potentialAction\":[{\"@type\":\"ReadAction\",\"target\":[\"https:\/\/www.sonoraenequipo.com.mx\/escenas-de-guerra-en-brasil-con-pacientes-atados-para-entubarlos-por-falta-de-sedantes\/\"]}]},{\"@type\":\"ImageObject\",\"inLanguage\":\"es\",\"@id\":\"https:\/\/www.sonoraenequipo.com.mx\/escenas-de-guerra-en-brasil-con-pacientes-atados-para-entubarlos-por-falta-de-sedantes\/#primaryimage\",\"url\":\"https:\/\/www.sonoraenequipo.com.mx\/storage\/2021\/04\/paciente-en-brasil_opt.jpg\",\"contentUrl\":\"https:\/\/www.sonoraenequipo.com.mx\/storage\/2021\/04\/paciente-en-brasil_opt.jpg\",\"width\":560,\"height\":400},{\"@type\":\"BreadcrumbList\",\"@id\":\"https:\/\/www.sonoraenequipo.com.mx\/escenas-de-guerra-en-brasil-con-pacientes-atados-para-entubarlos-por-falta-de-sedantes\/#breadcrumb\",\"itemListElement\":[{\"@type\":\"ListItem\",\"position\":1,\"name\":\"Portada\",\"item\":\"https:\/\/www.sonoraenequipo.com.mx\/\"},{\"@type\":\"ListItem\",\"position\":2,\"name\":\"Escenas de guerra en Brasil, con pacientes atados para entubarlos por falta de sedantes\"}]},{\"@type\":\"WebSite\",\"@id\":\"https:\/\/www.sonoraenequipo.com.mx\/#website\",\"url\":\"https:\/\/www.sonoraenequipo.com.mx\/\",\"name\":\"Sonora en Equipo.\",\"description\":\"Diario en l\u00ednea con Noticias desde Hermosillo, Sonora\",\"publisher\":{\"@id\":\"https:\/\/www.sonoraenequipo.com.mx\/#organization\"},\"potentialAction\":[{\"@type\":\"SearchAction\",\"target\":{\"@type\":\"EntryPoint\",\"urlTemplate\":\"https:\/\/www.sonoraenequipo.com.mx\/?s={search_term_string}\"},\"query-input\":{\"@type\":\"PropertyValueSpecification\",\"valueRequired\":true,\"valueName\":\"search_term_string\"}}],\"inLanguage\":\"es\"},{\"@type\":\"Organization\",\"@id\":\"https:\/\/www.sonoraenequipo.com.mx\/#organization\",\"name\":\"Sonoraenequipo.com.mx\",\"url\":\"https:\/\/www.sonoraenequipo.com.mx\/\",\"logo\":{\"@type\":\"ImageObject\",\"inLanguage\":\"es\",\"@id\":\"https:\/\/www.sonoraenequipo.com.mx\/#\/schema\/logo\/image\/\",\"url\":\"https:\/\/www.sonoraenequipo.com.mx\/storage\/2019\/01\/sonoraenequipo_opt.png\",\"contentUrl\":\"https:\/\/www.sonoraenequipo.com.mx\/storage\/2019\/01\/sonoraenequipo_opt.png\",\"width\":375,\"height\":125,\"caption\":\"Sonoraenequipo.com.mx\"},\"image\":{\"@id\":\"https:\/\/www.sonoraenequipo.com.mx\/#\/schema\/logo\/image\/\"},\"sameAs\":[\"https:\/\/www.facebook.com\/SonoraEE\/\",\"https:\/\/x.com\/sonoraenequipo\",\"https:\/\/www.youtube.com\/channel\/UC338nW-lPEYmJQs4ZABQ1SQ\"]},{\"@type\":\"Person\",\"@id\":\"https:\/\/www.sonoraenequipo.com.mx\/#\/schema\/person\/50102df0fb23a8fa9e8effad8fa81386\",\"name\":\"enequipo\",\"image\":{\"@type\":\"ImageObject\",\"inLanguage\":\"es\",\"@id\":\"https:\/\/www.sonoraenequipo.com.mx\/#\/schema\/person\/image\/\",\"url\":\"https:\/\/secure.gravatar.com\/avatar\/049821681b589dabc0bc20695993ccebb09f5b5d4d790cd9251b97faac7c652b?s=96&d=blank&r=g\",\"contentUrl\":\"https:\/\/secure.gravatar.com\/avatar\/049821681b589dabc0bc20695993ccebb09f5b5d4d790cd9251b97faac7c652b?s=96&d=blank&r=g\",\"caption\":\"enequipo\"},\"sameAs\":[\"https:\/\/www.facebook.com\/SonoraEE\"]}]}<\/script>\n ","yoast_head_json":{"title":"Sonora en Equipo. Escenas de guerra en Brasil, con pacientes atados para entubarlos por falta de sedantes MUNDO","description":"SAO PAULO, BRASIL. \u2014 La situaci\u00f3n del coronavirus en Brasil es alarmante: ha registrado 30.624 nuevos contagios, con lo que ya roza los 14 millones de En Sonora en Equipo publicamos toda la informaci\u00f3n de Sonora, M\u00e9xico y el Mundo de manera oportuna y busca que la libertad de expresi\u00f3n sea real. Visita nuestro medio informativo publicado desde Hermosillo, Sonora. %","robots":{"index":"index","follow":"follow","max-snippet":"max-snippet:-1","max-image-preview":"max-image-preview:large","max-video-preview":"max-video-preview:-1"},"canonical":"https:\/\/www.sonoraenequipo.com.mx\/escenas-de-guerra-en-brasil-con-pacientes-atados-para-entubarlos-por-falta-de-sedantes\/","og_locale":"es_ES","og_type":"article","og_title":"Sonora en Equipo. Escenas de guerra en Brasil, con pacientes atados para entubarlos por falta de sedantes MUNDO","og_description":"SAO PAULO, BRASIL. \u2014 La situaci\u00f3n del coronavirus en Brasil es alarmante: ha registrado 30.624 nuevos contagios, con lo que ya roza los 14 millones de En Sonora en Equipo publicamos toda la informaci\u00f3n de Sonora, M\u00e9xico y el Mundo de manera oportuna y busca que la libertad de expresi\u00f3n sea real. Visita nuestro medio informativo publicado desde Hermosillo, Sonora. %","og_url":"https:\/\/www.sonoraenequipo.com.mx\/escenas-de-guerra-en-brasil-con-pacientes-atados-para-entubarlos-por-falta-de-sedantes\/","og_site_name":"Sonora en Equipo.","article_publisher":"https:\/\/www.facebook.com\/SonoraEE\/","article_author":"https:\/\/www.facebook.com\/SonoraEE","article_published_time":"2021-04-20T21:34:16+00:00","article_modified_time":"2021-04-21T02:33:37+00:00","og_image":[{"width":560,"height":400,"url":"https:\/\/www.sonoraenequipo.com.mx\/storage\/2021\/04\/paciente-en-brasil_opt.jpg","type":"image\/jpeg"}],"author":"enequipo","twitter_card":"summary_large_image","twitter_creator":"@sonoraenequipo","twitter_site":"@sonoraenequipo","twitter_misc":{"Escrito por":"enequipo","Tiempo de lectura":"5 minutos"},"schema":{"@context":"https:\/\/schema.org","@graph":[{"@type":"Article","@id":"https:\/\/www.sonoraenequipo.com.mx\/escenas-de-guerra-en-brasil-con-pacientes-atados-para-entubarlos-por-falta-de-sedantes\/#article","isPartOf":{"@id":"https:\/\/www.sonoraenequipo.com.mx\/escenas-de-guerra-en-brasil-con-pacientes-atados-para-entubarlos-por-falta-de-sedantes\/"},"author":{"name":"enequipo","@id":"https:\/\/www.sonoraenequipo.com.mx\/#\/schema\/person\/50102df0fb23a8fa9e8effad8fa81386"},"headline":"Escenas de guerra en Brasil, con pacientes atados para entubarlos por falta de sedantes","datePublished":"2021-04-20T21:34:16+00:00","dateModified":"2021-04-21T02:33:37+00:00","mainEntityOfPage":{"@id":"https:\/\/www.sonoraenequipo.com.mx\/escenas-de-guerra-en-brasil-con-pacientes-atados-para-entubarlos-por-falta-de-sedantes\/"},"wordCount":967,"commentCount":0,"publisher":{"@id":"https:\/\/www.sonoraenequipo.com.mx\/#organization"},"image":{"@id":"https:\/\/www.sonoraenequipo.com.mx\/escenas-de-guerra-en-brasil-con-pacientes-atados-para-entubarlos-por-falta-de-sedantes\/#primaryimage"},"thumbnailUrl":"https:\/\/www.sonoraenequipo.com.mx\/storage\/2021\/04\/paciente-en-brasil_opt.jpg","articleSection":["MUNDO"],"inLanguage":"es","potentialAction":[{"@type":"CommentAction","name":"Comment","target":["https:\/\/www.sonoraenequipo.com.mx\/escenas-de-guerra-en-brasil-con-pacientes-atados-para-entubarlos-por-falta-de-sedantes\/#respond"]}]},{"@type":"WebPage","@id":"https:\/\/www.sonoraenequipo.com.mx\/escenas-de-guerra-en-brasil-con-pacientes-atados-para-entubarlos-por-falta-de-sedantes\/","url":"https:\/\/www.sonoraenequipo.com.mx\/escenas-de-guerra-en-brasil-con-pacientes-atados-para-entubarlos-por-falta-de-sedantes\/","name":"Sonora en Equipo. Escenas de guerra en Brasil, con pacientes atados para entubarlos por falta de sedantes MUNDO","isPartOf":{"@id":"https:\/\/www.sonoraenequipo.com.mx\/#website"},"primaryImageOfPage":{"@id":"https:\/\/www.sonoraenequipo.com.mx\/escenas-de-guerra-en-brasil-con-pacientes-atados-para-entubarlos-por-falta-de-sedantes\/#primaryimage"},"image":{"@id":"https:\/\/www.sonoraenequipo.com.mx\/escenas-de-guerra-en-brasil-con-pacientes-atados-para-entubarlos-por-falta-de-sedantes\/#primaryimage"},"thumbnailUrl":"https:\/\/www.sonoraenequipo.com.mx\/storage\/2021\/04\/paciente-en-brasil_opt.jpg","datePublished":"2021-04-20T21:34:16+00:00","dateModified":"2021-04-21T02:33:37+00:00","description":"SAO PAULO, BRASIL. \u2014 La situaci\u00f3n del coronavirus en Brasil es alarmante: ha registrado 30.624 nuevos contagios, con lo que ya roza los 14 millones de En Sonora en Equipo publicamos toda la informaci\u00f3n de Sonora, M\u00e9xico y el Mundo de manera oportuna y busca que la libertad de expresi\u00f3n sea real. Visita nuestro medio informativo publicado desde Hermosillo, Sonora. %","breadcrumb":{"@id":"https:\/\/www.sonoraenequipo.com.mx\/escenas-de-guerra-en-brasil-con-pacientes-atados-para-entubarlos-por-falta-de-sedantes\/#breadcrumb"},"inLanguage":"es","potentialAction":[{"@type":"ReadAction","target":["https:\/\/www.sonoraenequipo.com.mx\/escenas-de-guerra-en-brasil-con-pacientes-atados-para-entubarlos-por-falta-de-sedantes\/"]}]},{"@type":"ImageObject","inLanguage":"es","@id":"https:\/\/www.sonoraenequipo.com.mx\/escenas-de-guerra-en-brasil-con-pacientes-atados-para-entubarlos-por-falta-de-sedantes\/#primaryimage","url":"https:\/\/www.sonoraenequipo.com.mx\/storage\/2021\/04\/paciente-en-brasil_opt.jpg","contentUrl":"https:\/\/www.sonoraenequipo.com.mx\/storage\/2021\/04\/paciente-en-brasil_opt.jpg","width":560,"height":400},{"@type":"BreadcrumbList","@id":"https:\/\/www.sonoraenequipo.com.mx\/escenas-de-guerra-en-brasil-con-pacientes-atados-para-entubarlos-por-falta-de-sedantes\/#breadcrumb","itemListElement":[{"@type":"ListItem","position":1,"name":"Portada","item":"https:\/\/www.sonoraenequipo.com.mx\/"},{"@type":"ListItem","position":2,"name":"Escenas de guerra en Brasil, con pacientes atados para entubarlos por falta de sedantes"}]},{"@type":"WebSite","@id":"https:\/\/www.sonoraenequipo.com.mx\/#website","url":"https:\/\/www.sonoraenequipo.com.mx\/","name":"Sonora en Equipo.","description":"Diario en l\u00ednea con Noticias desde Hermosillo, Sonora","publisher":{"@id":"https:\/\/www.sonoraenequipo.com.mx\/#organization"},"potentialAction":[{"@type":"SearchAction","target":{"@type":"EntryPoint","urlTemplate":"https:\/\/www.sonoraenequipo.com.mx\/?s={search_term_string}"},"query-input":{"@type":"PropertyValueSpecification","valueRequired":true,"valueName":"search_term_string"}}],"inLanguage":"es"},{"@type":"Organization","@id":"https:\/\/www.sonoraenequipo.com.mx\/#organization","name":"Sonoraenequipo.com.mx","url":"https:\/\/www.sonoraenequipo.com.mx\/","logo":{"@type":"ImageObject","inLanguage":"es","@id":"https:\/\/www.sonoraenequipo.com.mx\/#\/schema\/logo\/image\/","url":"https:\/\/www.sonoraenequipo.com.mx\/storage\/2019\/01\/sonoraenequipo_opt.png","contentUrl":"https:\/\/www.sonoraenequipo.com.mx\/storage\/2019\/01\/sonoraenequipo_opt.png","width":375,"height":125,"caption":"Sonoraenequipo.com.mx"},"image":{"@id":"https:\/\/www.sonoraenequipo.com.mx\/#\/schema\/logo\/image\/"},"sameAs":["https:\/\/www.facebook.com\/SonoraEE\/","https:\/\/x.com\/sonoraenequipo","https:\/\/www.youtube.com\/channel\/UC338nW-lPEYmJQs4ZABQ1SQ"]},{"@type":"Person","@id":"https:\/\/www.sonoraenequipo.com.mx\/#\/schema\/person\/50102df0fb23a8fa9e8effad8fa81386","name":"enequipo","image":{"@type":"ImageObject","inLanguage":"es","@id":"https:\/\/www.sonoraenequipo.com.mx\/#\/schema\/person\/image\/","url":"https:\/\/secure.gravatar.com\/avatar\/049821681b589dabc0bc20695993ccebb09f5b5d4d790cd9251b97faac7c652b?s=96&d=blank&r=g","contentUrl":"https:\/\/secure.gravatar.com\/avatar\/049821681b589dabc0bc20695993ccebb09f5b5d4d790cd9251b97faac7c652b?s=96&d=blank&r=g","caption":"enequipo"},"sameAs":["https:\/\/www.facebook.com\/SonoraEE"]}]}},"jetpack_featured_media_url":"https:\/\/www.sonoraenequipo.com.mx\/storage\/2021\/04\/paciente-en-brasil_opt.jpg","_links":{"self":[{"href":"https:\/\/www.sonoraenequipo.com.mx\/api\/wp\/v2\/posts\/112138","targetHints":{"allow":["GET"]}}],"collection":[{"href":"https:\/\/www.sonoraenequipo.com.mx\/api\/wp\/v2\/posts"}],"about":[{"href":"https:\/\/www.sonoraenequipo.com.mx\/api\/wp\/v2\/types\/post"}],"author":[{"embeddable":true,"href":"https:\/\/www.sonoraenequipo.com.mx\/api\/wp\/v2\/users\/1"}],"replies":[{"embeddable":true,"href":"https:\/\/www.sonoraenequipo.com.mx\/api\/wp\/v2\/comments?post=112138"}],"version-history":[{"count":2,"href":"https:\/\/www.sonoraenequipo.com.mx\/api\/wp\/v2\/posts\/112138\/revisions"}],"predecessor-version":[{"id":112140,"href":"https:\/\/www.sonoraenequipo.com.mx\/api\/wp\/v2\/posts\/112138\/revisions\/112140"}],"wp:featuredmedia":[{"embeddable":true,"href":"https:\/\/www.sonoraenequipo.com.mx\/api\/wp\/v2\/media\/112080"}],"wp:attachment":[{"href":"https:\/\/www.sonoraenequipo.com.mx\/api\/wp\/v2\/media?parent=112138"}],"wp:term":[{"taxonomy":"category","embeddable":true,"href":"https:\/\/www.sonoraenequipo.com.mx\/api\/wp\/v2\/categories?post=112138"},{"taxonomy":"post_tag","embeddable":true,"href":"https:\/\/www.sonoraenequipo.com.mx\/api\/wp\/v2\/tags?post=112138"}],"curies":[{"name":"wp","href":"https:\/\/api.w.org\/{rel}","templated":true}]}}