{"id":112151,"date":"2021-04-20T22:17:37","date_gmt":"2021-04-21T05:17:37","guid":{"rendered":"https:\/\/www.sonoraenequipo.com.mx\/?p=112151"},"modified":"2021-04-20T22:17:37","modified_gmt":"2021-04-21T05:17:37","slug":"sonora-registra-tres-decesos-mas-y-74-nuevos-casos-positivos","status":"publish","type":"post","link":"https:\/\/www.sonoraenequipo.com.mx\/sonora-registra-tres-decesos-mas-y-74-nuevos-casos-positivos\/","title":{"rendered":"Sonora registra \u00a0tres decesos m\u00e1s y 74 nuevos casos positivos"},"content":{"rendered":"<p>\u25baPide secretario de Salud evitar realizar festejos por D\u00eda del Ni\u00f1o y D\u00eda de las Madres<\/p>\n<p>HERMOSILLO, SONORA,MX.\u2500\u2500 El a\u00f1o pasado los contagios por el COVID-19 aumentaron en la entidad debido a las festejos por el D\u00eda del Ni\u00f1o y el D\u00eda de las Madres, por lo que es importante tomar conciencia y evitar cualquier celebraci\u00f3n y evitar m\u00e1s contagios, enfatiz\u00f3 Enrique Clausen Iberri, tras informarse que este d\u00eda se registraron tres decesos y 74 nuevos casos en el estado.<\/p>\n<p>El secretario de Salud hizo el llamado respetuoso la ciudadan\u00eda a tomar consciencia y evitar realizar cualquier celebraci\u00f3n el pr\u00f3ximo 30 de abril y 10 de mayo, ya que el a\u00f1o pasado aument\u00f3 considerablemente los casos despu\u00e9s de ambas fechas en la entidad.<\/p>\n<p>\u201c\u00bfTe acuerdas lo que sucedi\u00f3 el a\u00f1o pasado despu\u00e9s del D\u00eda del Ni\u00f1o y del D\u00eda de las Madres? Si saliste a festejarlos, espero que hayas aprendido la lecci\u00f3n y esta vez act\u00faes con m\u00e1s conciencia y responsabilidad. Ya sabes del poder contagioso y mortal de este virus, salir a festejar es salir a contagiar y a avivar la llegada de la tercera ola de Covid-19. En lugar de celebrar, mejor se prudente y celebra protegiendo de este maligno virus a tu madre, a tu esposa y a tus ni\u00f1os.\u201d, expres\u00f3.<\/p>\n<p>Este martes, se confirmaron tres decesos m\u00e1s en Sonora, en dos mujeres y un hombre; dos de ellos residentes de San Luis R\u00edo Colorado; y uno de Navojoa; dos de las personas fallecidas eran derechohabientes de la Secretar\u00eda de Salud y una del IMSS, con los que se acumulan 6 mil 172 defunciones en la entidad desde el inicio de la pandemia.<\/p>\n<p>Asimismo, se registraron 74 nuevos casos por COVID, en 50 mujeres y 24 hombres, para un total de 71 mil 864 casos en la entidad. De los contagios nuevos, 32 son residentes de Hermosillo; 12 de Cajeme; ocho de Empalme; cinco de Navojoa; tres de Guaymas; tres de Huatabampo; dos de Nogales; dos de Caborca; uno de San Ignacio R\u00edo Muerto; uno de Agua Prieta; uno de \u00cdmuris; uno de Santa Ana; uno de N\u00e1cori Chico; y uno de Cananea.<\/p>\n<p>&nbsp;<\/p>\n<p>Hoy no se confirmaron casos pedi\u00e1tricos ni casos en mujeres embarazadas; dos de los 74 casos son en trabajadores de la salud de diversas instituciones. Este martes, no fueron dados de alta pacientes y hasta el momento 64 mil 492 personas se han recuperado en la entidad.<\/p>\n<p>&nbsp;<\/p>\n<p>Al momento, se han realizado 126 mil 709 pruebas; se han confirmado 71 mil 864 casos y se han descartado 54 mil 845; en total ocho mil 414 casos han sido cuadros leves; 622 activos y siete mil 792 concluyeron su seguimiento; 57 mil 150 pacientes se han curado y 128 pacientes se encuentran hospitalizados, 28 de ellos estables, 76 graves y 24 cr\u00edticos.<\/p>\n<p>Casos COVID-19 en Sonora 71,864 casos confirmados y 6,172 defunciones.<\/p>\n<p>&nbsp;<\/p>\n<p>Fecha de publicaci\u00f3n \u00a0\u00a0martes \/\u00a0 20\u00a0 \/ abril \/ 2021<\/p>\n","protected":false},"excerpt":{"rendered":"<p>\u25baPide secretario de Salud evitar realizar festejos por D\u00eda del Ni\u00f1o y D\u00eda de las&#8230;<\/p>\n","protected":false},"author":1,"featured_media":107740,"comment_status":"open","ping_status":"open","sticky":false,"template":"","format":"standard","meta":{"_monsterinsights_skip_tracking":false,"_monsterinsights_sitenote_active":false,"_monsterinsights_sitenote_note":"","_monsterinsights_sitenote_category":0,"footnotes":""},"categories":[22],"tags":[4249,15],"class_list":["post"],"yoast_head":" \n<title>Sonora en Equipo. Sonora registra \u00a0tres decesos m\u00e1s y 74 nuevos casos positivos Sonora<\/title>\n<meta name=\"description\" content=\"\u25baPide secretario de Salud evitar realizar festejos por D\u00eda del Ni\u00f1o y D\u00eda de las Madres HERMOSILLO, SONORA,MX.\u2500\u2500 El a\u00f1o pasado los contagios por el En Sonora en Equipo publicamos toda la informaci\u00f3n de Sonora, M\u00e9xico y el Mundo de manera oportuna y busca que la libertad de expresi\u00f3n sea real. Visita nuestro medio informativo publicado desde Hermosillo, Sonora. %\" \/>\n<meta name=\"robots\" content=\"index, follow, max-snippet:-1, max-image-preview:large, max-video-preview:-1\" \/>\n<link rel=\"canonical\" href=\"https:\/\/www.sonoraenequipo.com.mx\/sonora-registra-tres-decesos-mas-y-74-nuevos-casos-positivos\/\" \/>\n<meta property=\"og:locale\" content=\"es_ES\" \/>\n<meta property=\"og:type\" content=\"article\" \/>\n<meta property=\"og:title\" content=\"Sonora en Equipo. Sonora registra \u00a0tres decesos m\u00e1s y 74 nuevos casos positivos Sonora\" \/>\n<meta property=\"og:description\" content=\"\u25baPide secretario de Salud evitar realizar festejos por D\u00eda del Ni\u00f1o y D\u00eda de las Madres HERMOSILLO, SONORA,MX.\u2500\u2500 El a\u00f1o pasado los contagios por el En Sonora en Equipo publicamos toda la informaci\u00f3n de Sonora, M\u00e9xico y el Mundo de manera oportuna y busca que la libertad de expresi\u00f3n sea real. Visita nuestro medio informativo publicado desde Hermosillo, Sonora. %\" \/>\n<meta property=\"og:url\" content=\"https:\/\/www.sonoraenequipo.com.mx\/sonora-registra-tres-decesos-mas-y-74-nuevos-casos-positivos\/\" \/>\n<meta property=\"og:site_name\" content=\"Sonora en Equipo.\" \/>\n<meta property=\"article:publisher\" content=\"https:\/\/www.facebook.com\/SonoraEE\/\" \/>\n<meta property=\"article:author\" content=\"https:\/\/www.facebook.com\/SonoraEE\" \/>\n<meta property=\"article:published_time\" content=\"2021-04-21T05:17:37+00:00\" \/>\n<meta property=\"og:image\" content=\"https:\/\/www.sonoraenequipo.com.mx\/storage\/2021\/02\/Claussen-Iberry_opt4.jpg\" \/>\n\t<meta property=\"og:image:width\" content=\"516\" \/>\n\t<meta property=\"og:image:height\" content=\"400\" \/>\n\t<meta property=\"og:image:type\" content=\"image\/jpeg\" \/>\n<meta name=\"author\" content=\"enequipo\" \/>\n<meta name=\"twitter:card\" content=\"summary_large_image\" \/>\n<meta name=\"twitter:creator\" content=\"@sonoraenequipo\" \/>\n<meta name=\"twitter:site\" content=\"@sonoraenequipo\" \/>\n<meta name=\"twitter:label1\" content=\"Escrito por\" \/>\n\t<meta name=\"twitter:data1\" content=\"enequipo\" \/>\n\t<meta name=\"twitter:label2\" content=\"Tiempo de lectura\" \/>\n\t<meta name=\"twitter:data2\" content=\"3 minutos\" \/>\n<script type=\"application\/ld+json\" class=\"yoast-schema-graph\">{\"@context\":\"https:\/\/schema.org\",\"@graph\":[{\"@type\":\"Article\",\"@id\":\"https:\/\/www.sonoraenequipo.com.mx\/sonora-registra-tres-decesos-mas-y-74-nuevos-casos-positivos\/#article\",\"isPartOf\":{\"@id\":\"https:\/\/www.sonoraenequipo.com.mx\/sonora-registra-tres-decesos-mas-y-74-nuevos-casos-positivos\/\"},\"author\":{\"name\":\"enequipo\",\"@id\":\"https:\/\/www.sonoraenequipo.com.mx\/#\/schema\/person\/50102df0fb23a8fa9e8effad8fa81386\"},\"headline\":\"Sonora registra \u00a0tres decesos m\u00e1s y 74 nuevos casos positivos\",\"datePublished\":\"2021-04-21T05:17:37+00:00\",\"mainEntityOfPage\":{\"@id\":\"https:\/\/www.sonoraenequipo.com.mx\/sonora-registra-tres-decesos-mas-y-74-nuevos-casos-positivos\/\"},\"wordCount\":496,\"commentCount\":0,\"publisher\":{\"@id\":\"https:\/\/www.sonoraenequipo.com.mx\/#organization\"},\"image\":{\"@id\":\"https:\/\/www.sonoraenequipo.com.mx\/sonora-registra-tres-decesos-mas-y-74-nuevos-casos-positivos\/#primaryimage\"},\"thumbnailUrl\":\"https:\/\/www.sonoraenequipo.com.mx\/storage\/2021\/02\/Claussen-Iberry_opt4.jpg\",\"keywords\":[\"covid\",\"Sonora\"],\"articleSection\":[\"Sonora\"],\"inLanguage\":\"es\",\"potentialAction\":[{\"@type\":\"CommentAction\",\"name\":\"Comment\",\"target\":[\"https:\/\/www.sonoraenequipo.com.mx\/sonora-registra-tres-decesos-mas-y-74-nuevos-casos-positivos\/#respond\"]}]},{\"@type\":\"WebPage\",\"@id\":\"https:\/\/www.sonoraenequipo.com.mx\/sonora-registra-tres-decesos-mas-y-74-nuevos-casos-positivos\/\",\"url\":\"https:\/\/www.sonoraenequipo.com.mx\/sonora-registra-tres-decesos-mas-y-74-nuevos-casos-positivos\/\",\"name\":\"Sonora en Equipo. Sonora registra \u00a0tres decesos m\u00e1s y 74 nuevos casos positivos Sonora\",\"isPartOf\":{\"@id\":\"https:\/\/www.sonoraenequipo.com.mx\/#website\"},\"primaryImageOfPage\":{\"@id\":\"https:\/\/www.sonoraenequipo.com.mx\/sonora-registra-tres-decesos-mas-y-74-nuevos-casos-positivos\/#primaryimage\"},\"image\":{\"@id\":\"https:\/\/www.sonoraenequipo.com.mx\/sonora-registra-tres-decesos-mas-y-74-nuevos-casos-positivos\/#primaryimage\"},\"thumbnailUrl\":\"https:\/\/www.sonoraenequipo.com.mx\/storage\/2021\/02\/Claussen-Iberry_opt4.jpg\",\"datePublished\":\"2021-04-21T05:17:37+00:00\",\"description\":\"\u25baPide secretario de Salud evitar realizar festejos por D\u00eda del Ni\u00f1o y D\u00eda de las Madres HERMOSILLO, SONORA,MX.\u2500\u2500 El a\u00f1o pasado los contagios por el En Sonora en Equipo publicamos toda la informaci\u00f3n de Sonora, M\u00e9xico y el Mundo de manera oportuna y busca que la libertad de expresi\u00f3n sea real. Visita nuestro medio informativo publicado desde Hermosillo, Sonora. %\",\"breadcrumb\":{\"@id\":\"https:\/\/www.sonoraenequipo.com.mx\/sonora-registra-tres-decesos-mas-y-74-nuevos-casos-positivos\/#breadcrumb\"},\"inLanguage\":\"es\",\"potentialAction\":[{\"@type\":\"ReadAction\",\"target\":[\"https:\/\/www.sonoraenequipo.com.mx\/sonora-registra-tres-decesos-mas-y-74-nuevos-casos-positivos\/\"]}]},{\"@type\":\"ImageObject\",\"inLanguage\":\"es\",\"@id\":\"https:\/\/www.sonoraenequipo.com.mx\/sonora-registra-tres-decesos-mas-y-74-nuevos-casos-positivos\/#primaryimage\",\"url\":\"https:\/\/www.sonoraenequipo.com.mx\/storage\/2021\/02\/Claussen-Iberry_opt4.jpg\",\"contentUrl\":\"https:\/\/www.sonoraenequipo.com.mx\/storage\/2021\/02\/Claussen-Iberry_opt4.jpg\",\"width\":516,\"height\":400},{\"@type\":\"BreadcrumbList\",\"@id\":\"https:\/\/www.sonoraenequipo.com.mx\/sonora-registra-tres-decesos-mas-y-74-nuevos-casos-positivos\/#breadcrumb\",\"itemListElement\":[{\"@type\":\"ListItem\",\"position\":1,\"name\":\"Portada\",\"item\":\"https:\/\/www.sonoraenequipo.com.mx\/\"},{\"@type\":\"ListItem\",\"position\":2,\"name\":\"Sonora registra \u00a0tres decesos m\u00e1s y 74 nuevos casos positivos\"}]},{\"@type\":\"WebSite\",\"@id\":\"https:\/\/www.sonoraenequipo.com.mx\/#website\",\"url\":\"https:\/\/www.sonoraenequipo.com.mx\/\",\"name\":\"Sonora en Equipo.\",\"description\":\"Diario en l\u00ednea con Noticias desde Hermosillo, Sonora\",\"publisher\":{\"@id\":\"https:\/\/www.sonoraenequipo.com.mx\/#organization\"},\"potentialAction\":[{\"@type\":\"SearchAction\",\"target\":{\"@type\":\"EntryPoint\",\"urlTemplate\":\"https:\/\/www.sonoraenequipo.com.mx\/?s={search_term_string}\"},\"query-input\":{\"@type\":\"PropertyValueSpecification\",\"valueRequired\":true,\"valueName\":\"search_term_string\"}}],\"inLanguage\":\"es\"},{\"@type\":\"Organization\",\"@id\":\"https:\/\/www.sonoraenequipo.com.mx\/#organization\",\"name\":\"Sonoraenequipo.com.mx\",\"url\":\"https:\/\/www.sonoraenequipo.com.mx\/\",\"logo\":{\"@type\":\"ImageObject\",\"inLanguage\":\"es\",\"@id\":\"https:\/\/www.sonoraenequipo.com.mx\/#\/schema\/logo\/image\/\",\"url\":\"https:\/\/www.sonoraenequipo.com.mx\/storage\/2019\/01\/sonoraenequipo_opt.png\",\"contentUrl\":\"https:\/\/www.sonoraenequipo.com.mx\/storage\/2019\/01\/sonoraenequipo_opt.png\",\"width\":375,\"height\":125,\"caption\":\"Sonoraenequipo.com.mx\"},\"image\":{\"@id\":\"https:\/\/www.sonoraenequipo.com.mx\/#\/schema\/logo\/image\/\"},\"sameAs\":[\"https:\/\/www.facebook.com\/SonoraEE\/\",\"https:\/\/x.com\/sonoraenequipo\",\"https:\/\/www.youtube.com\/channel\/UC338nW-lPEYmJQs4ZABQ1SQ\"]},{\"@type\":\"Person\",\"@id\":\"https:\/\/www.sonoraenequipo.com.mx\/#\/schema\/person\/50102df0fb23a8fa9e8effad8fa81386\",\"name\":\"enequipo\",\"image\":{\"@type\":\"ImageObject\",\"inLanguage\":\"es\",\"@id\":\"https:\/\/www.sonoraenequipo.com.mx\/#\/schema\/person\/image\/\",\"url\":\"https:\/\/secure.gravatar.com\/avatar\/049821681b589dabc0bc20695993ccebb09f5b5d4d790cd9251b97faac7c652b?s=96&d=blank&r=g\",\"contentUrl\":\"https:\/\/secure.gravatar.com\/avatar\/049821681b589dabc0bc20695993ccebb09f5b5d4d790cd9251b97faac7c652b?s=96&d=blank&r=g\",\"caption\":\"enequipo\"},\"sameAs\":[\"https:\/\/www.facebook.com\/SonoraEE\"]}]}<\/script>\n ","yoast_head_json":{"title":"Sonora en Equipo. Sonora registra \u00a0tres decesos m\u00e1s y 74 nuevos casos positivos Sonora","description":"\u25baPide secretario de Salud evitar realizar festejos por D\u00eda del Ni\u00f1o y D\u00eda de las Madres HERMOSILLO, SONORA,MX.\u2500\u2500 El a\u00f1o pasado los contagios por el En Sonora en Equipo publicamos toda la informaci\u00f3n de Sonora, M\u00e9xico y el Mundo de manera oportuna y busca que la libertad de expresi\u00f3n sea real. Visita nuestro medio informativo publicado desde Hermosillo, Sonora. %","robots":{"index":"index","follow":"follow","max-snippet":"max-snippet:-1","max-image-preview":"max-image-preview:large","max-video-preview":"max-video-preview:-1"},"canonical":"https:\/\/www.sonoraenequipo.com.mx\/sonora-registra-tres-decesos-mas-y-74-nuevos-casos-positivos\/","og_locale":"es_ES","og_type":"article","og_title":"Sonora en Equipo. Sonora registra \u00a0tres decesos m\u00e1s y 74 nuevos casos positivos Sonora","og_description":"\u25baPide secretario de Salud evitar realizar festejos por D\u00eda del Ni\u00f1o y D\u00eda de las Madres HERMOSILLO, SONORA,MX.\u2500\u2500 El a\u00f1o pasado los contagios por el En Sonora en Equipo publicamos toda la informaci\u00f3n de Sonora, M\u00e9xico y el Mundo de manera oportuna y busca que la libertad de expresi\u00f3n sea real. Visita nuestro medio informativo publicado desde Hermosillo, Sonora. %","og_url":"https:\/\/www.sonoraenequipo.com.mx\/sonora-registra-tres-decesos-mas-y-74-nuevos-casos-positivos\/","og_site_name":"Sonora en Equipo.","article_publisher":"https:\/\/www.facebook.com\/SonoraEE\/","article_author":"https:\/\/www.facebook.com\/SonoraEE","article_published_time":"2021-04-21T05:17:37+00:00","og_image":[{"width":516,"height":400,"url":"https:\/\/www.sonoraenequipo.com.mx\/storage\/2021\/02\/Claussen-Iberry_opt4.jpg","type":"image\/jpeg"}],"author":"enequipo","twitter_card":"summary_large_image","twitter_creator":"@sonoraenequipo","twitter_site":"@sonoraenequipo","twitter_misc":{"Escrito por":"enequipo","Tiempo de lectura":"3 minutos"},"schema":{"@context":"https:\/\/schema.org","@graph":[{"@type":"Article","@id":"https:\/\/www.sonoraenequipo.com.mx\/sonora-registra-tres-decesos-mas-y-74-nuevos-casos-positivos\/#article","isPartOf":{"@id":"https:\/\/www.sonoraenequipo.com.mx\/sonora-registra-tres-decesos-mas-y-74-nuevos-casos-positivos\/"},"author":{"name":"enequipo","@id":"https:\/\/www.sonoraenequipo.com.mx\/#\/schema\/person\/50102df0fb23a8fa9e8effad8fa81386"},"headline":"Sonora registra \u00a0tres decesos m\u00e1s y 74 nuevos casos positivos","datePublished":"2021-04-21T05:17:37+00:00","mainEntityOfPage":{"@id":"https:\/\/www.sonoraenequipo.com.mx\/sonora-registra-tres-decesos-mas-y-74-nuevos-casos-positivos\/"},"wordCount":496,"commentCount":0,"publisher":{"@id":"https:\/\/www.sonoraenequipo.com.mx\/#organization"},"image":{"@id":"https:\/\/www.sonoraenequipo.com.mx\/sonora-registra-tres-decesos-mas-y-74-nuevos-casos-positivos\/#primaryimage"},"thumbnailUrl":"https:\/\/www.sonoraenequipo.com.mx\/storage\/2021\/02\/Claussen-Iberry_opt4.jpg","keywords":["covid","Sonora"],"articleSection":["Sonora"],"inLanguage":"es","potentialAction":[{"@type":"CommentAction","name":"Comment","target":["https:\/\/www.sonoraenequipo.com.mx\/sonora-registra-tres-decesos-mas-y-74-nuevos-casos-positivos\/#respond"]}]},{"@type":"WebPage","@id":"https:\/\/www.sonoraenequipo.com.mx\/sonora-registra-tres-decesos-mas-y-74-nuevos-casos-positivos\/","url":"https:\/\/www.sonoraenequipo.com.mx\/sonora-registra-tres-decesos-mas-y-74-nuevos-casos-positivos\/","name":"Sonora en Equipo. Sonora registra \u00a0tres decesos m\u00e1s y 74 nuevos casos positivos Sonora","isPartOf":{"@id":"https:\/\/www.sonoraenequipo.com.mx\/#website"},"primaryImageOfPage":{"@id":"https:\/\/www.sonoraenequipo.com.mx\/sonora-registra-tres-decesos-mas-y-74-nuevos-casos-positivos\/#primaryimage"},"image":{"@id":"https:\/\/www.sonoraenequipo.com.mx\/sonora-registra-tres-decesos-mas-y-74-nuevos-casos-positivos\/#primaryimage"},"thumbnailUrl":"https:\/\/www.sonoraenequipo.com.mx\/storage\/2021\/02\/Claussen-Iberry_opt4.jpg","datePublished":"2021-04-21T05:17:37+00:00","description":"\u25baPide secretario de Salud evitar realizar festejos por D\u00eda del Ni\u00f1o y D\u00eda de las Madres HERMOSILLO, SONORA,MX.\u2500\u2500 El a\u00f1o pasado los contagios por el En Sonora en Equipo publicamos toda la informaci\u00f3n de Sonora, M\u00e9xico y el Mundo de manera oportuna y busca que la libertad de expresi\u00f3n sea real. Visita nuestro medio informativo publicado desde Hermosillo, Sonora. %","breadcrumb":{"@id":"https:\/\/www.sonoraenequipo.com.mx\/sonora-registra-tres-decesos-mas-y-74-nuevos-casos-positivos\/#breadcrumb"},"inLanguage":"es","potentialAction":[{"@type":"ReadAction","target":["https:\/\/www.sonoraenequipo.com.mx\/sonora-registra-tres-decesos-mas-y-74-nuevos-casos-positivos\/"]}]},{"@type":"ImageObject","inLanguage":"es","@id":"https:\/\/www.sonoraenequipo.com.mx\/sonora-registra-tres-decesos-mas-y-74-nuevos-casos-positivos\/#primaryimage","url":"https:\/\/www.sonoraenequipo.com.mx\/storage\/2021\/02\/Claussen-Iberry_opt4.jpg","contentUrl":"https:\/\/www.sonoraenequipo.com.mx\/storage\/2021\/02\/Claussen-Iberry_opt4.jpg","width":516,"height":400},{"@type":"BreadcrumbList","@id":"https:\/\/www.sonoraenequipo.com.mx\/sonora-registra-tres-decesos-mas-y-74-nuevos-casos-positivos\/#breadcrumb","itemListElement":[{"@type":"ListItem","position":1,"name":"Portada","item":"https:\/\/www.sonoraenequipo.com.mx\/"},{"@type":"ListItem","position":2,"name":"Sonora registra \u00a0tres decesos m\u00e1s y 74 nuevos casos positivos"}]},{"@type":"WebSite","@id":"https:\/\/www.sonoraenequipo.com.mx\/#website","url":"https:\/\/www.sonoraenequipo.com.mx\/","name":"Sonora en Equipo.","description":"Diario en l\u00ednea con Noticias desde Hermosillo, Sonora","publisher":{"@id":"https:\/\/www.sonoraenequipo.com.mx\/#organization"},"potentialAction":[{"@type":"SearchAction","target":{"@type":"EntryPoint","urlTemplate":"https:\/\/www.sonoraenequipo.com.mx\/?s={search_term_string}"},"query-input":{"@type":"PropertyValueSpecification","valueRequired":true,"valueName":"search_term_string"}}],"inLanguage":"es"},{"@type":"Organization","@id":"https:\/\/www.sonoraenequipo.com.mx\/#organization","name":"Sonoraenequipo.com.mx","url":"https:\/\/www.sonoraenequipo.com.mx\/","logo":{"@type":"ImageObject","inLanguage":"es","@id":"https:\/\/www.sonoraenequipo.com.mx\/#\/schema\/logo\/image\/","url":"https:\/\/www.sonoraenequipo.com.mx\/storage\/2019\/01\/sonoraenequipo_opt.png","contentUrl":"https:\/\/www.sonoraenequipo.com.mx\/storage\/2019\/01\/sonoraenequipo_opt.png","width":375,"height":125,"caption":"Sonoraenequipo.com.mx"},"image":{"@id":"https:\/\/www.sonoraenequipo.com.mx\/#\/schema\/logo\/image\/"},"sameAs":["https:\/\/www.facebook.com\/SonoraEE\/","https:\/\/x.com\/sonoraenequipo","https:\/\/www.youtube.com\/channel\/UC338nW-lPEYmJQs4ZABQ1SQ"]},{"@type":"Person","@id":"https:\/\/www.sonoraenequipo.com.mx\/#\/schema\/person\/50102df0fb23a8fa9e8effad8fa81386","name":"enequipo","image":{"@type":"ImageObject","inLanguage":"es","@id":"https:\/\/www.sonoraenequipo.com.mx\/#\/schema\/person\/image\/","url":"https:\/\/secure.gravatar.com\/avatar\/049821681b589dabc0bc20695993ccebb09f5b5d4d790cd9251b97faac7c652b?s=96&d=blank&r=g","contentUrl":"https:\/\/secure.gravatar.com\/avatar\/049821681b589dabc0bc20695993ccebb09f5b5d4d790cd9251b97faac7c652b?s=96&d=blank&r=g","caption":"enequipo"},"sameAs":["https:\/\/www.facebook.com\/SonoraEE"]}]}},"jetpack_featured_media_url":"https:\/\/www.sonoraenequipo.com.mx\/storage\/2021\/02\/Claussen-Iberry_opt4.jpg","_links":{"self":[{"href":"https:\/\/www.sonoraenequipo.com.mx\/api\/wp\/v2\/posts\/112151","targetHints":{"allow":["GET"]}}],"collection":[{"href":"https:\/\/www.sonoraenequipo.com.mx\/api\/wp\/v2\/posts"}],"about":[{"href":"https:\/\/www.sonoraenequipo.com.mx\/api\/wp\/v2\/types\/post"}],"author":[{"embeddable":true,"href":"https:\/\/www.sonoraenequipo.com.mx\/api\/wp\/v2\/users\/1"}],"replies":[{"embeddable":true,"href":"https:\/\/www.sonoraenequipo.com.mx\/api\/wp\/v2\/comments?post=112151"}],"version-history":[{"count":1,"href":"https:\/\/www.sonoraenequipo.com.mx\/api\/wp\/v2\/posts\/112151\/revisions"}],"predecessor-version":[{"id":112152,"href":"https:\/\/www.sonoraenequipo.com.mx\/api\/wp\/v2\/posts\/112151\/revisions\/112152"}],"wp:featuredmedia":[{"embeddable":true,"href":"https:\/\/www.sonoraenequipo.com.mx\/api\/wp\/v2\/media\/107740"}],"wp:attachment":[{"href":"https:\/\/www.sonoraenequipo.com.mx\/api\/wp\/v2\/media?parent=112151"}],"wp:term":[{"taxonomy":"category","embeddable":true,"href":"https:\/\/www.sonoraenequipo.com.mx\/api\/wp\/v2\/categories?post=112151"},{"taxonomy":"post_tag","embeddable":true,"href":"https:\/\/www.sonoraenequipo.com.mx\/api\/wp\/v2\/tags?post=112151"}],"curies":[{"name":"wp","href":"https:\/\/api.w.org\/{rel}","templated":true}]}}