{"id":112156,"date":"2021-04-20T23:04:13","date_gmt":"2021-04-21T06:04:13","guid":{"rendered":"https:\/\/www.sonoraenequipo.com.mx\/?p=112156"},"modified":"2021-04-20T23:04:13","modified_gmt":"2021-04-21T06:04:13","slug":"incendio-premeditado-de-caballeriza-deja-equino-muerto-y-otro-con-graves-quemaduras","status":"publish","type":"post","link":"https:\/\/www.sonoraenequipo.com.mx\/incendio-premeditado-de-caballeriza-deja-equino-muerto-y-otro-con-graves-quemaduras\/","title":{"rendered":"Incendio premeditado de caballeriza deja equino muerto y otro con graves quemaduras"},"content":{"rendered":"<p>HERMOSILLO, SONORA,MX.\u2500\u2500 Al recibir la denuncia correspondiente, personal de la Fiscal\u00eda General de Justicia del Estado de Sonora (FGJE) abri\u00f3 carpeta de investigaci\u00f3n por los probables delitos de da\u00f1os por incendio, maltrato animal y lo que resulte.<\/p>\n<figure id=\"attachment_112157\" aria-describedby=\"caption-attachment-112157\" style=\"width: 402px\" class=\"wp-caption x-left\"><img loading=\"lazy\" decoding=\"async\" class=\" size-medium\" src=\"https:\/\/www.sonoraenequipo.com.mx\/storage\/2021\/04\/princesa-402x365.jpg\" alt=\"\" width=\"402\" height=\"365\" \/><figcaption id=\"caption-attachment-112157\" class=\"wp-caption-text\">Yegua La Princesa<\/figcaption><\/figure>\n<p>Quien se acredit\u00f3 como leg\u00edtimo propietario de una cuadra ubicada a la altura del kil\u00f3metro 11+800 de la Carretera 26, que conduce a la Costa de Hermosillo, acudi\u00f3 a interponer la querella en la Direcci\u00f3n General de Atenci\u00f3n Temprana y Justicia Alternativa, de la FGJE.<\/p>\n<p>&nbsp;<\/p>\n<p>Es por los hechos donde se registr\u00f3 un incendio en la cuadra integrada por cinco caballerizas de madera, donde estaban varios equinos, entre ellos la yegua \u201cLa Princesa\u201d, de 10 a\u00f1os, junto con su cr\u00eda, \u201cLucerito\u201d, de 8 meses, ambos Cuarto de Milla.<\/p>\n<p>&nbsp;<\/p>\n<p>En la denuncia, el afectado expuso que todos los d\u00edas van al lugar, pero el pasado lunes 19 de abril, alrededor de las 19:00 horas, recibi\u00f3 la llamada de un vecino de terreno, quien le expuso que se estaba incendiando la cuadra con los equipos adentro.<\/p>\n<p>&nbsp;<\/p>\n<p>Debido a que el propietario estaba en su trabajo, no pudo salir y mand\u00f3 a sus hijos, quienes junto a otras personas trataron de sofocar las llamas, pero el fuego estaba muy intenso, pudiendo sacar a cinco caballos, pero no a \u201cLucerito\u201d, quien muri\u00f3 en el interior.<\/p>\n<p>&nbsp;<\/p>\n<p>\u201cLa Princesa\u201d result\u00f3 con m\u00faltiples quemaduras en su cuerpo, por lo que marcaron al n\u00famero de Emergencias 9-1-1 donde acudieron elementos de la Polic\u00eda Municipal, quienes actuaron como primera autoridad respondiente.<\/p>\n<p>&nbsp;<\/p>\n<p>Por la Fiscal\u00eda de Sonora ser\u00e1 la Trilog\u00eda Investigadora, formada por el Agente del Ministerio P\u00fablico Especializado en Abigeato y Maltrato Animal, elementos de la Agencia Ministerial de Investigaci\u00f3n Criminal (AMIC) y de Servicios Periciales, quienes realicen las indagatorias correspondientes.<\/p>\n<p>Fecha de publicaci\u00f3n \u00a0\u00a0martes \/\u00a0 20\u00a0 \/ abril \/ 2021<\/p>\n","protected":false},"excerpt":{"rendered":"<p>HERMOSILLO, SONORA,MX.\u2500\u2500 Al recibir la denuncia correspondiente, personal de la Fiscal\u00eda General de Justicia del&#8230;<\/p>\n","protected":false},"author":1,"featured_media":112158,"comment_status":"open","ping_status":"open","sticky":false,"template":"","format":"standard","meta":{"_monsterinsights_skip_tracking":false,"_monsterinsights_sitenote_active":false,"_monsterinsights_sitenote_note":"","_monsterinsights_sitenote_category":0,"footnotes":""},"categories":[3144],"tags":[],"class_list":["post"],"yoast_head":" \n<title>Sonora en Equipo. Incendio premeditado de caballeriza deja equino muerto y otro con graves quemaduras Polic\u00edaca<\/title>\n<meta name=\"description\" content=\"HERMOSILLO, SONORA,MX.\u2500\u2500 Al recibir la denuncia correspondiente, personal de la Fiscal\u00eda General de Justicia del Estado de Sonora (FGJE) abri\u00f3 carpeta de En Sonora en Equipo publicamos toda la informaci\u00f3n de Sonora, M\u00e9xico y el Mundo de manera oportuna y busca que la libertad de expresi\u00f3n sea real. Visita nuestro medio informativo publicado desde Hermosillo, Sonora. %\" \/>\n<meta name=\"robots\" content=\"index, follow, max-snippet:-1, max-image-preview:large, max-video-preview:-1\" \/>\n<link rel=\"canonical\" href=\"https:\/\/www.sonoraenequipo.com.mx\/incendio-premeditado-de-caballeriza-deja-equino-muerto-y-otro-con-graves-quemaduras\/\" \/>\n<meta property=\"og:locale\" content=\"es_ES\" \/>\n<meta property=\"og:type\" content=\"article\" \/>\n<meta property=\"og:title\" content=\"Sonora en Equipo. Incendio premeditado de caballeriza deja equino muerto y otro con graves quemaduras Polic\u00edaca\" \/>\n<meta property=\"og:description\" content=\"HERMOSILLO, SONORA,MX.\u2500\u2500 Al recibir la denuncia correspondiente, personal de la Fiscal\u00eda General de Justicia del Estado de Sonora (FGJE) abri\u00f3 carpeta de En Sonora en Equipo publicamos toda la informaci\u00f3n de Sonora, M\u00e9xico y el Mundo de manera oportuna y busca que la libertad de expresi\u00f3n sea real. Visita nuestro medio informativo publicado desde Hermosillo, Sonora. %\" \/>\n<meta property=\"og:url\" content=\"https:\/\/www.sonoraenequipo.com.mx\/incendio-premeditado-de-caballeriza-deja-equino-muerto-y-otro-con-graves-quemaduras\/\" \/>\n<meta property=\"og:site_name\" content=\"Sonora en Equipo.\" \/>\n<meta property=\"article:publisher\" content=\"https:\/\/www.facebook.com\/SonoraEE\/\" \/>\n<meta property=\"article:author\" content=\"https:\/\/www.facebook.com\/SonoraEE\" \/>\n<meta property=\"article:published_time\" content=\"2021-04-21T06:04:13+00:00\" \/>\n<meta property=\"og:image\" content=\"https:\/\/www.sonoraenequipo.com.mx\/storage\/2021\/04\/cabaleriza.jpg\" \/>\n\t<meta property=\"og:image:width\" content=\"500\" \/>\n\t<meta property=\"og:image:height\" content=\"300\" \/>\n\t<meta property=\"og:image:type\" content=\"image\/jpeg\" \/>\n<meta name=\"author\" content=\"enequipo\" \/>\n<meta name=\"twitter:card\" content=\"summary_large_image\" \/>\n<meta name=\"twitter:creator\" content=\"@sonoraenequipo\" \/>\n<meta name=\"twitter:site\" content=\"@sonoraenequipo\" \/>\n<meta name=\"twitter:label1\" content=\"Escrito por\" \/>\n\t<meta name=\"twitter:data1\" content=\"enequipo\" \/>\n\t<meta name=\"twitter:label2\" content=\"Tiempo de lectura\" \/>\n\t<meta name=\"twitter:data2\" content=\"2 minutos\" \/>\n<script type=\"application\/ld+json\" class=\"yoast-schema-graph\">{\"@context\":\"https:\/\/schema.org\",\"@graph\":[{\"@type\":\"Article\",\"@id\":\"https:\/\/www.sonoraenequipo.com.mx\/incendio-premeditado-de-caballeriza-deja-equino-muerto-y-otro-con-graves-quemaduras\/#article\",\"isPartOf\":{\"@id\":\"https:\/\/www.sonoraenequipo.com.mx\/incendio-premeditado-de-caballeriza-deja-equino-muerto-y-otro-con-graves-quemaduras\/\"},\"author\":{\"name\":\"enequipo\",\"@id\":\"https:\/\/www.sonoraenequipo.com.mx\/#\/schema\/person\/50102df0fb23a8fa9e8effad8fa81386\"},\"headline\":\"Incendio premeditado de caballeriza deja equino muerto y otro con graves quemaduras\",\"datePublished\":\"2021-04-21T06:04:13+00:00\",\"mainEntityOfPage\":{\"@id\":\"https:\/\/www.sonoraenequipo.com.mx\/incendio-premeditado-de-caballeriza-deja-equino-muerto-y-otro-con-graves-quemaduras\/\"},\"wordCount\":335,\"commentCount\":0,\"publisher\":{\"@id\":\"https:\/\/www.sonoraenequipo.com.mx\/#organization\"},\"image\":{\"@id\":\"https:\/\/www.sonoraenequipo.com.mx\/incendio-premeditado-de-caballeriza-deja-equino-muerto-y-otro-con-graves-quemaduras\/#primaryimage\"},\"thumbnailUrl\":\"https:\/\/www.sonoraenequipo.com.mx\/storage\/2021\/04\/cabaleriza.jpg\",\"articleSection\":[\"Polic\u00edaca\"],\"inLanguage\":\"es\",\"potentialAction\":[{\"@type\":\"CommentAction\",\"name\":\"Comment\",\"target\":[\"https:\/\/www.sonoraenequipo.com.mx\/incendio-premeditado-de-caballeriza-deja-equino-muerto-y-otro-con-graves-quemaduras\/#respond\"]}]},{\"@type\":\"WebPage\",\"@id\":\"https:\/\/www.sonoraenequipo.com.mx\/incendio-premeditado-de-caballeriza-deja-equino-muerto-y-otro-con-graves-quemaduras\/\",\"url\":\"https:\/\/www.sonoraenequipo.com.mx\/incendio-premeditado-de-caballeriza-deja-equino-muerto-y-otro-con-graves-quemaduras\/\",\"name\":\"Sonora en Equipo. Incendio premeditado de caballeriza deja equino muerto y otro con graves quemaduras Polic\u00edaca\",\"isPartOf\":{\"@id\":\"https:\/\/www.sonoraenequipo.com.mx\/#website\"},\"primaryImageOfPage\":{\"@id\":\"https:\/\/www.sonoraenequipo.com.mx\/incendio-premeditado-de-caballeriza-deja-equino-muerto-y-otro-con-graves-quemaduras\/#primaryimage\"},\"image\":{\"@id\":\"https:\/\/www.sonoraenequipo.com.mx\/incendio-premeditado-de-caballeriza-deja-equino-muerto-y-otro-con-graves-quemaduras\/#primaryimage\"},\"thumbnailUrl\":\"https:\/\/www.sonoraenequipo.com.mx\/storage\/2021\/04\/cabaleriza.jpg\",\"datePublished\":\"2021-04-21T06:04:13+00:00\",\"description\":\"HERMOSILLO, SONORA,MX.\u2500\u2500 Al recibir la denuncia correspondiente, personal de la Fiscal\u00eda General de Justicia del Estado de Sonora (FGJE) abri\u00f3 carpeta de En Sonora en Equipo publicamos toda la informaci\u00f3n de Sonora, M\u00e9xico y el Mundo de manera oportuna y busca que la libertad de expresi\u00f3n sea real. Visita nuestro medio informativo publicado desde Hermosillo, Sonora. %\",\"breadcrumb\":{\"@id\":\"https:\/\/www.sonoraenequipo.com.mx\/incendio-premeditado-de-caballeriza-deja-equino-muerto-y-otro-con-graves-quemaduras\/#breadcrumb\"},\"inLanguage\":\"es\",\"potentialAction\":[{\"@type\":\"ReadAction\",\"target\":[\"https:\/\/www.sonoraenequipo.com.mx\/incendio-premeditado-de-caballeriza-deja-equino-muerto-y-otro-con-graves-quemaduras\/\"]}]},{\"@type\":\"ImageObject\",\"inLanguage\":\"es\",\"@id\":\"https:\/\/www.sonoraenequipo.com.mx\/incendio-premeditado-de-caballeriza-deja-equino-muerto-y-otro-con-graves-quemaduras\/#primaryimage\",\"url\":\"https:\/\/www.sonoraenequipo.com.mx\/storage\/2021\/04\/cabaleriza.jpg\",\"contentUrl\":\"https:\/\/www.sonoraenequipo.com.mx\/storage\/2021\/04\/cabaleriza.jpg\",\"width\":500,\"height\":300},{\"@type\":\"BreadcrumbList\",\"@id\":\"https:\/\/www.sonoraenequipo.com.mx\/incendio-premeditado-de-caballeriza-deja-equino-muerto-y-otro-con-graves-quemaduras\/#breadcrumb\",\"itemListElement\":[{\"@type\":\"ListItem\",\"position\":1,\"name\":\"Portada\",\"item\":\"https:\/\/www.sonoraenequipo.com.mx\/\"},{\"@type\":\"ListItem\",\"position\":2,\"name\":\"Incendio premeditado de caballeriza deja equino muerto y otro con graves quemaduras\"}]},{\"@type\":\"WebSite\",\"@id\":\"https:\/\/www.sonoraenequipo.com.mx\/#website\",\"url\":\"https:\/\/www.sonoraenequipo.com.mx\/\",\"name\":\"Sonora en Equipo.\",\"description\":\"Diario en l\u00ednea con Noticias desde Hermosillo, Sonora\",\"publisher\":{\"@id\":\"https:\/\/www.sonoraenequipo.com.mx\/#organization\"},\"potentialAction\":[{\"@type\":\"SearchAction\",\"target\":{\"@type\":\"EntryPoint\",\"urlTemplate\":\"https:\/\/www.sonoraenequipo.com.mx\/?s={search_term_string}\"},\"query-input\":{\"@type\":\"PropertyValueSpecification\",\"valueRequired\":true,\"valueName\":\"search_term_string\"}}],\"inLanguage\":\"es\"},{\"@type\":\"Organization\",\"@id\":\"https:\/\/www.sonoraenequipo.com.mx\/#organization\",\"name\":\"Sonoraenequipo.com.mx\",\"url\":\"https:\/\/www.sonoraenequipo.com.mx\/\",\"logo\":{\"@type\":\"ImageObject\",\"inLanguage\":\"es\",\"@id\":\"https:\/\/www.sonoraenequipo.com.mx\/#\/schema\/logo\/image\/\",\"url\":\"https:\/\/www.sonoraenequipo.com.mx\/storage\/2019\/01\/sonoraenequipo_opt.png\",\"contentUrl\":\"https:\/\/www.sonoraenequipo.com.mx\/storage\/2019\/01\/sonoraenequipo_opt.png\",\"width\":375,\"height\":125,\"caption\":\"Sonoraenequipo.com.mx\"},\"image\":{\"@id\":\"https:\/\/www.sonoraenequipo.com.mx\/#\/schema\/logo\/image\/\"},\"sameAs\":[\"https:\/\/www.facebook.com\/SonoraEE\/\",\"https:\/\/x.com\/sonoraenequipo\",\"https:\/\/www.youtube.com\/channel\/UC338nW-lPEYmJQs4ZABQ1SQ\"]},{\"@type\":\"Person\",\"@id\":\"https:\/\/www.sonoraenequipo.com.mx\/#\/schema\/person\/50102df0fb23a8fa9e8effad8fa81386\",\"name\":\"enequipo\",\"image\":{\"@type\":\"ImageObject\",\"inLanguage\":\"es\",\"@id\":\"https:\/\/www.sonoraenequipo.com.mx\/#\/schema\/person\/image\/\",\"url\":\"https:\/\/secure.gravatar.com\/avatar\/049821681b589dabc0bc20695993ccebb09f5b5d4d790cd9251b97faac7c652b?s=96&d=blank&r=g\",\"contentUrl\":\"https:\/\/secure.gravatar.com\/avatar\/049821681b589dabc0bc20695993ccebb09f5b5d4d790cd9251b97faac7c652b?s=96&d=blank&r=g\",\"caption\":\"enequipo\"},\"sameAs\":[\"https:\/\/www.facebook.com\/SonoraEE\"]}]}<\/script>\n ","yoast_head_json":{"title":"Sonora en Equipo. Incendio premeditado de caballeriza deja equino muerto y otro con graves quemaduras Polic\u00edaca","description":"HERMOSILLO, SONORA,MX.\u2500\u2500 Al recibir la denuncia correspondiente, personal de la Fiscal\u00eda General de Justicia del Estado de Sonora (FGJE) abri\u00f3 carpeta de En Sonora en Equipo publicamos toda la informaci\u00f3n de Sonora, M\u00e9xico y el Mundo de manera oportuna y busca que la libertad de expresi\u00f3n sea real. Visita nuestro medio informativo publicado desde Hermosillo, Sonora. %","robots":{"index":"index","follow":"follow","max-snippet":"max-snippet:-1","max-image-preview":"max-image-preview:large","max-video-preview":"max-video-preview:-1"},"canonical":"https:\/\/www.sonoraenequipo.com.mx\/incendio-premeditado-de-caballeriza-deja-equino-muerto-y-otro-con-graves-quemaduras\/","og_locale":"es_ES","og_type":"article","og_title":"Sonora en Equipo. Incendio premeditado de caballeriza deja equino muerto y otro con graves quemaduras Polic\u00edaca","og_description":"HERMOSILLO, SONORA,MX.\u2500\u2500 Al recibir la denuncia correspondiente, personal de la Fiscal\u00eda General de Justicia del Estado de Sonora (FGJE) abri\u00f3 carpeta de En Sonora en Equipo publicamos toda la informaci\u00f3n de Sonora, M\u00e9xico y el Mundo de manera oportuna y busca que la libertad de expresi\u00f3n sea real. Visita nuestro medio informativo publicado desde Hermosillo, Sonora. %","og_url":"https:\/\/www.sonoraenequipo.com.mx\/incendio-premeditado-de-caballeriza-deja-equino-muerto-y-otro-con-graves-quemaduras\/","og_site_name":"Sonora en Equipo.","article_publisher":"https:\/\/www.facebook.com\/SonoraEE\/","article_author":"https:\/\/www.facebook.com\/SonoraEE","article_published_time":"2021-04-21T06:04:13+00:00","og_image":[{"width":500,"height":300,"url":"https:\/\/www.sonoraenequipo.com.mx\/storage\/2021\/04\/cabaleriza.jpg","type":"image\/jpeg"}],"author":"enequipo","twitter_card":"summary_large_image","twitter_creator":"@sonoraenequipo","twitter_site":"@sonoraenequipo","twitter_misc":{"Escrito por":"enequipo","Tiempo de lectura":"2 minutos"},"schema":{"@context":"https:\/\/schema.org","@graph":[{"@type":"Article","@id":"https:\/\/www.sonoraenequipo.com.mx\/incendio-premeditado-de-caballeriza-deja-equino-muerto-y-otro-con-graves-quemaduras\/#article","isPartOf":{"@id":"https:\/\/www.sonoraenequipo.com.mx\/incendio-premeditado-de-caballeriza-deja-equino-muerto-y-otro-con-graves-quemaduras\/"},"author":{"name":"enequipo","@id":"https:\/\/www.sonoraenequipo.com.mx\/#\/schema\/person\/50102df0fb23a8fa9e8effad8fa81386"},"headline":"Incendio premeditado de caballeriza deja equino muerto y otro con graves quemaduras","datePublished":"2021-04-21T06:04:13+00:00","mainEntityOfPage":{"@id":"https:\/\/www.sonoraenequipo.com.mx\/incendio-premeditado-de-caballeriza-deja-equino-muerto-y-otro-con-graves-quemaduras\/"},"wordCount":335,"commentCount":0,"publisher":{"@id":"https:\/\/www.sonoraenequipo.com.mx\/#organization"},"image":{"@id":"https:\/\/www.sonoraenequipo.com.mx\/incendio-premeditado-de-caballeriza-deja-equino-muerto-y-otro-con-graves-quemaduras\/#primaryimage"},"thumbnailUrl":"https:\/\/www.sonoraenequipo.com.mx\/storage\/2021\/04\/cabaleriza.jpg","articleSection":["Polic\u00edaca"],"inLanguage":"es","potentialAction":[{"@type":"CommentAction","name":"Comment","target":["https:\/\/www.sonoraenequipo.com.mx\/incendio-premeditado-de-caballeriza-deja-equino-muerto-y-otro-con-graves-quemaduras\/#respond"]}]},{"@type":"WebPage","@id":"https:\/\/www.sonoraenequipo.com.mx\/incendio-premeditado-de-caballeriza-deja-equino-muerto-y-otro-con-graves-quemaduras\/","url":"https:\/\/www.sonoraenequipo.com.mx\/incendio-premeditado-de-caballeriza-deja-equino-muerto-y-otro-con-graves-quemaduras\/","name":"Sonora en Equipo. Incendio premeditado de caballeriza deja equino muerto y otro con graves quemaduras Polic\u00edaca","isPartOf":{"@id":"https:\/\/www.sonoraenequipo.com.mx\/#website"},"primaryImageOfPage":{"@id":"https:\/\/www.sonoraenequipo.com.mx\/incendio-premeditado-de-caballeriza-deja-equino-muerto-y-otro-con-graves-quemaduras\/#primaryimage"},"image":{"@id":"https:\/\/www.sonoraenequipo.com.mx\/incendio-premeditado-de-caballeriza-deja-equino-muerto-y-otro-con-graves-quemaduras\/#primaryimage"},"thumbnailUrl":"https:\/\/www.sonoraenequipo.com.mx\/storage\/2021\/04\/cabaleriza.jpg","datePublished":"2021-04-21T06:04:13+00:00","description":"HERMOSILLO, SONORA,MX.\u2500\u2500 Al recibir la denuncia correspondiente, personal de la Fiscal\u00eda General de Justicia del Estado de Sonora (FGJE) abri\u00f3 carpeta de En Sonora en Equipo publicamos toda la informaci\u00f3n de Sonora, M\u00e9xico y el Mundo de manera oportuna y busca que la libertad de expresi\u00f3n sea real. Visita nuestro medio informativo publicado desde Hermosillo, Sonora. %","breadcrumb":{"@id":"https:\/\/www.sonoraenequipo.com.mx\/incendio-premeditado-de-caballeriza-deja-equino-muerto-y-otro-con-graves-quemaduras\/#breadcrumb"},"inLanguage":"es","potentialAction":[{"@type":"ReadAction","target":["https:\/\/www.sonoraenequipo.com.mx\/incendio-premeditado-de-caballeriza-deja-equino-muerto-y-otro-con-graves-quemaduras\/"]}]},{"@type":"ImageObject","inLanguage":"es","@id":"https:\/\/www.sonoraenequipo.com.mx\/incendio-premeditado-de-caballeriza-deja-equino-muerto-y-otro-con-graves-quemaduras\/#primaryimage","url":"https:\/\/www.sonoraenequipo.com.mx\/storage\/2021\/04\/cabaleriza.jpg","contentUrl":"https:\/\/www.sonoraenequipo.com.mx\/storage\/2021\/04\/cabaleriza.jpg","width":500,"height":300},{"@type":"BreadcrumbList","@id":"https:\/\/www.sonoraenequipo.com.mx\/incendio-premeditado-de-caballeriza-deja-equino-muerto-y-otro-con-graves-quemaduras\/#breadcrumb","itemListElement":[{"@type":"ListItem","position":1,"name":"Portada","item":"https:\/\/www.sonoraenequipo.com.mx\/"},{"@type":"ListItem","position":2,"name":"Incendio premeditado de caballeriza deja equino muerto y otro con graves quemaduras"}]},{"@type":"WebSite","@id":"https:\/\/www.sonoraenequipo.com.mx\/#website","url":"https:\/\/www.sonoraenequipo.com.mx\/","name":"Sonora en Equipo.","description":"Diario en l\u00ednea con Noticias desde Hermosillo, Sonora","publisher":{"@id":"https:\/\/www.sonoraenequipo.com.mx\/#organization"},"potentialAction":[{"@type":"SearchAction","target":{"@type":"EntryPoint","urlTemplate":"https:\/\/www.sonoraenequipo.com.mx\/?s={search_term_string}"},"query-input":{"@type":"PropertyValueSpecification","valueRequired":true,"valueName":"search_term_string"}}],"inLanguage":"es"},{"@type":"Organization","@id":"https:\/\/www.sonoraenequipo.com.mx\/#organization","name":"Sonoraenequipo.com.mx","url":"https:\/\/www.sonoraenequipo.com.mx\/","logo":{"@type":"ImageObject","inLanguage":"es","@id":"https:\/\/www.sonoraenequipo.com.mx\/#\/schema\/logo\/image\/","url":"https:\/\/www.sonoraenequipo.com.mx\/storage\/2019\/01\/sonoraenequipo_opt.png","contentUrl":"https:\/\/www.sonoraenequipo.com.mx\/storage\/2019\/01\/sonoraenequipo_opt.png","width":375,"height":125,"caption":"Sonoraenequipo.com.mx"},"image":{"@id":"https:\/\/www.sonoraenequipo.com.mx\/#\/schema\/logo\/image\/"},"sameAs":["https:\/\/www.facebook.com\/SonoraEE\/","https:\/\/x.com\/sonoraenequipo","https:\/\/www.youtube.com\/channel\/UC338nW-lPEYmJQs4ZABQ1SQ"]},{"@type":"Person","@id":"https:\/\/www.sonoraenequipo.com.mx\/#\/schema\/person\/50102df0fb23a8fa9e8effad8fa81386","name":"enequipo","image":{"@type":"ImageObject","inLanguage":"es","@id":"https:\/\/www.sonoraenequipo.com.mx\/#\/schema\/person\/image\/","url":"https:\/\/secure.gravatar.com\/avatar\/049821681b589dabc0bc20695993ccebb09f5b5d4d790cd9251b97faac7c652b?s=96&d=blank&r=g","contentUrl":"https:\/\/secure.gravatar.com\/avatar\/049821681b589dabc0bc20695993ccebb09f5b5d4d790cd9251b97faac7c652b?s=96&d=blank&r=g","caption":"enequipo"},"sameAs":["https:\/\/www.facebook.com\/SonoraEE"]}]}},"jetpack_featured_media_url":"https:\/\/www.sonoraenequipo.com.mx\/storage\/2021\/04\/cabaleriza.jpg","_links":{"self":[{"href":"https:\/\/www.sonoraenequipo.com.mx\/api\/wp\/v2\/posts\/112156","targetHints":{"allow":["GET"]}}],"collection":[{"href":"https:\/\/www.sonoraenequipo.com.mx\/api\/wp\/v2\/posts"}],"about":[{"href":"https:\/\/www.sonoraenequipo.com.mx\/api\/wp\/v2\/types\/post"}],"author":[{"embeddable":true,"href":"https:\/\/www.sonoraenequipo.com.mx\/api\/wp\/v2\/users\/1"}],"replies":[{"embeddable":true,"href":"https:\/\/www.sonoraenequipo.com.mx\/api\/wp\/v2\/comments?post=112156"}],"version-history":[{"count":1,"href":"https:\/\/www.sonoraenequipo.com.mx\/api\/wp\/v2\/posts\/112156\/revisions"}],"predecessor-version":[{"id":112159,"href":"https:\/\/www.sonoraenequipo.com.mx\/api\/wp\/v2\/posts\/112156\/revisions\/112159"}],"wp:featuredmedia":[{"embeddable":true,"href":"https:\/\/www.sonoraenequipo.com.mx\/api\/wp\/v2\/media\/112158"}],"wp:attachment":[{"href":"https:\/\/www.sonoraenequipo.com.mx\/api\/wp\/v2\/media?parent=112156"}],"wp:term":[{"taxonomy":"category","embeddable":true,"href":"https:\/\/www.sonoraenequipo.com.mx\/api\/wp\/v2\/categories?post=112156"},{"taxonomy":"post_tag","embeddable":true,"href":"https:\/\/www.sonoraenequipo.com.mx\/api\/wp\/v2\/tags?post=112156"}],"curies":[{"name":"wp","href":"https:\/\/api.w.org\/{rel}","templated":true}]}}