{"id":112169,"date":"2021-04-20T20:00:08","date_gmt":"2021-04-21T03:00:08","guid":{"rendered":"https:\/\/www.sonoraenequipo.com.mx\/?p=112169"},"modified":"2021-04-21T07:02:06","modified_gmt":"2021-04-21T14:02:06","slug":"aprueban-ley-que-crea-el-centro-de-conciliacion-laboral-del-estado-de-sonora","status":"publish","type":"post","link":"https:\/\/www.sonoraenequipo.com.mx\/aprueban-ley-que-crea-el-centro-de-conciliacion-laboral-del-estado-de-sonora\/","title":{"rendered":"Aprueban Ley que crea el Centro de Conciliaci\u00f3n Laboral del Estado de Sonora"},"content":{"rendered":"<p>HERMOSILLO, SONORA. MX. \u2014 En cumplimiento al precepto constitucional federal establecido en el p\u00e1rrafo segundo de la fracci\u00f3n XX del Art\u00edculo 123, el Pleno del Congreso del Estado aprob\u00f3 la Ley que crea el Centro de Conciliaci\u00f3n Laboral del Estado de Sonora, el cual se regir\u00e1 bajo los principios de certeza, independencia, legalidad, imparcialidad, confiabilidad, eficacia, objetividad, profesionalismo, transparencia y publicidad.<\/p>\n<p>&nbsp;<\/p>\n<p> <\/p>\n<p>&nbsp;<\/p>\n<p>La Constituci\u00f3n Federal ordena en el referido precepto que antes de acudir a los tribunales laborales, los trabajadores y patrones deber\u00e1n asistir a la instancia conciliatoria correspondiente, y en el orden local, la funci\u00f3n conciliatoria estar\u00e1 a cargo de los centros de conciliaci\u00f3n, especializados e imparciales que se instituyan en las entidades federativas.<\/p>\n<p>&nbsp;<\/p>\n<p>&nbsp;<\/p>\n<p>Al inicio de la sesi\u00f3n, la presidenta de la mesa directiva, Rosa Icela Mart\u00ednez Espinoza, manifest\u00f3 su solidaridad hacia la gobernadora Claudia Pavlovich Arellano, ante el reciente fallecimiento de su se\u00f1ora madre, la doctora Alicia Arellano Tapia, y tambi\u00e9n hizo un pronunciamiento en ese sentido la diputada Marcia Lorena Camarena Moncada, quien lo hizo extensivo al ex Secretario de Gobierno, Miguel Ernesto Pompa Corella y familia, por el fallecimiento de su hija Mar\u00eda Rene\u00e9.<\/p>\n<p>&nbsp;<\/p>\n<p>&nbsp;<\/p>\n<p>Las comisiones de Justicia y Derechos Humanos, y de Asuntos del Trabajo, dictaminaron el proyecto de nueva Ley, el cual se fundamenta en iniciativas presentadas por la titular del Poder Ejecutivo estatal, asociada del Secretario de Gobierno, el 16 de octubre de 2020, y por el diputado Mart\u00edn Matrecitos Flores, el 20 de octubre de 2020, quien propuso crear una ley org\u00e1nica en la materia.<\/p>\n<p>&nbsp;<\/p>\n<p>&nbsp;<\/p>\n<p>Ambas dictaminadoras consideraron necesario elaborar un solo resolutivo con las dos iniciativas, para arribar a la aprobaci\u00f3n de la Ley que crea el Centro de Conciliaci\u00f3n Laboral del Estado de Sonora, que ser\u00e1 un organismo p\u00fablico descentralizado, dotado de personalidad jur\u00eddica y patrimonio propios, con plena autonom\u00eda t\u00e9cnica, operativa, presupuestaria, de decisi\u00f3n y de gesti\u00f3n, el cual promover\u00e1 y regular\u00e1 la conciliaci\u00f3n como medio alternativo de soluci\u00f3n de conflictos que se susciten entre trabajadores y patrones.<\/p>\n<p>&nbsp;<\/p>\n<p>&nbsp;<\/p>\n<p>Entre las atribuciones que tendr\u00e1 el Centro destacan: prestar gratuitamente el servicio p\u00fablico de conciliaci\u00f3n laboral para la soluci\u00f3n de conflictos obrero-patronales del orden local; recibir solicitudes de conciliaci\u00f3n de las y los trabajadores y patrones, para su tr\u00e1mite; celebrar convenios entre las partes del conflicto laboral, de conformidad con la Ley Federal del Trabajo; y expedir las constancias de no conciliaci\u00f3n.<\/p>\n<p>&nbsp;<\/p>\n<p>&nbsp;<\/p>\n<p>La Ley consta de 55 art\u00edculos y seis t\u00edtulos: Disposiciones Generales; De las atribuciones del Centro; De la administraci\u00f3n, organizaci\u00f3n y funcionamiento del Centro; De la vigilancia control y evaluaci\u00f3n del Centro; Del patrimonio del Centro; y Del procedimiento de la conciliaci\u00f3n pre judicial.<\/p>\n<p>&nbsp;<\/p>\n<p>&nbsp;<\/p>\n<p>Junto con la nueva legislaci\u00f3n, el Pleno aprob\u00f3 el Decreto que reforma el Art\u00edculo 33, Apartado A, fracci\u00f3n VIII de la Ley Org\u00e1nica del Poder Ejecutivo estatal, a efecto de que una de las facultades y obligaciones de la Secretar\u00eda del Trabajo sea la de proponer al Centro de Conciliaci\u00f3n Laboral del Estado de Sonora, estrategias para el mejoramiento de la funci\u00f3n conciliatoria en materia laboral.<\/p>\n<p>&nbsp;<\/p>\n<p>&nbsp;<\/p>\n<p>En esta sesi\u00f3n ordinaria, el Pleno aprob\u00f3 un Decreto que reforma, deroga y adiciona diversas disposiciones de la Ley de fomento de la cultura y protecci\u00f3n del patrimonio cultural del Estado de Sonora y de la Ley Estatal de Turismo, con el objeto de crear un cat\u00e1logo cultural en el que se pueda difundir la informaci\u00f3n cultural que se encuentra en esta entidad a todas las ciudades del mundo.<\/p>\n<p>&nbsp;<\/p>\n<p>&nbsp;<\/p>\n<p>Este Decreto, que fue dictaminado por la Comisi\u00f3n de Educaci\u00f3n y Cultura, se fundamenta en una iniciativa presentada el 1\u00b0 de diciembre de 2020 por los diputados del grupo parlamentario de Nueva Alianza, Ferm\u00edn Trujillo Fuentes y Francisco Javier Duarte Flores, quienes entonces plantearon la necesidad de contar con esa herramienta.<\/p>\n<p>&nbsp;<\/p>\n<p>&nbsp;<\/p>\n<p>Con las adecuaciones necesarias se podr\u00e1 aprovechar el potencial tur\u00edstico del cat\u00e1logo cultural del Estado de Sonora, e incrementar\u00e1 el valor de la cultura; se multiplicar\u00e1n las oportunidades de desarrollo econ\u00f3mico con base en la actividad tur\u00edstica en aquellas regiones emblem\u00e1ticas que identifican plenamente las ra\u00edces de los sonorenses, particularmente en las regiones en condici\u00f3n de ruralidad, expuso el diputado Trujillo Fuentes.<\/p>\n<p>&nbsp;<\/p>\n<p>&nbsp;<\/p>\n<p>Adem\u00e1s de que ser\u00e1 \u00fatil para conservar y fortalecer los valores culturales de los sonorenses, el cat\u00e1logo se convertir\u00e1 en una herramienta eficaz para promover la actividad tur\u00edstica en todo el territorio estatal, ya que de esta manera se coadyuvar\u00eda a garantizar el derecho humano a la cultura, establece uno de los considerandos del Decreto.<\/p>\n<p>&nbsp;<\/p>\n<p>&nbsp;<\/p>\n<p>Enseguida aprob\u00f3 el Pleno un Decreto que adiciona diversas disposiciones a la Ley para prevenir, combatir y eliminar actos de discriminaci\u00f3n en el Estado de Sonora, dictamen presentado por la Comisi\u00f3n de Asuntos del Trabajo que estudi\u00f3 una iniciativa de la diputada Mar\u00eda Alicia Gayt\u00e1n S\u00e1nchez, la cual hizo del conocimiento de la asamblea el 29 de octubre de 2019.<\/p>\n<p>&nbsp;<\/p>\n<p>&nbsp;<\/p>\n<p>Consiste en adicionar diversas disposiciones a la citada legislaci\u00f3n dentro del Cap\u00edtulo VII denominado: De las acciones preventivas de la Comisi\u00f3n para prevenir y eliminar la discriminaci\u00f3n, a efecto de dotar a la Comisi\u00f3n Estatal de Derechos Humanos de una herramienta m\u00e1s que le permita enfrentar actos de discriminaci\u00f3n laboral por motivos de edad, embarazo o apariencia f\u00edsica.<\/p>\n<p>&nbsp;<\/p>\n<p>&nbsp;<\/p>\n<p>Esta herramienta estar\u00e1 al alcance del ciudadano com\u00fan, para que cuente con el marco jur\u00eddico adecuado que le d\u00e9 acceso a la reclamaci\u00f3n y, en su caso, sanci\u00f3n de los actos, tanto de personas f\u00edsicas o morales del sector p\u00fablico o privado, cuando incurran en las faltas antes mencionadas, destaca la parte considerativa del dictamen.<\/p>\n<p>&nbsp;<\/p>\n<p>&nbsp;<\/p>\n<p>Una de las disposiciones aprobadas establece que la Secretar\u00eda del Trabajo del Estado impondr\u00e1 una multa por el equivalente de 35 a 70 veces la Unidad de Medida y Actualizaci\u00f3n vigente, a la persona f\u00edsica o moral que publique por cualquier medio informativo una oferta de trabajo en la cual restrinja el acceso a la oportunidad de trabajo por motivos de edad y, en caso de reincidencia, el infractor deber\u00e1 ser multado con el monto m\u00e1ximo se\u00f1alado. Tampoco se exigir\u00e1 a las mujeres un examen de embarazo.<\/p>\n<p>&nbsp;<\/p>\n<h3>Aprueban Acuerdo y turnan iniciativas<\/h3>\n<p>&nbsp;<\/p>\n<p>Para que giren la instrucci\u00f3n correspondiente al personal adscrito bajo su cargo, a efecto de que se agilice y se d\u00e9 pronto cumplimiento al tr\u00e1mite de solicitudes de adjudicaci\u00f3n de terrenos nacionales, suscrito por diferentes grupos de ejidatarios que conforman el parque acu\u00edcola Cruz de Piedra, perteneciente al ejido del mismo nombre, en el municipio de Empalme, Sonora, la diputada Rosa Mar\u00eda Mancha Ornelas present\u00f3 una iniciativa con punto de Acuerdo.<\/p>\n<p>&nbsp;<\/p>\n<p>&nbsp;<\/p>\n<p>El exhorto est\u00e1 dirigido al titular de la Secretar\u00eda de Desarrollo Agrario, Territorial y Urbano, SEDATU, y al representante estatal de dicha dependencia, a quienes solicit\u00f3 su intervenci\u00f3n debido a que no obstante se han realizado los tr\u00e1mites necesarios de acuerdo al procedimiento de solicitud de asignaci\u00f3n de los terrenos nacionales a favor de los solicitantes, no se ha culminado con la etapa de aval\u00fao y la etapa final correspondiente que termine con la escrituraci\u00f3n de los terrenos. El Acuerdo se aprob\u00f3 por unanimidad.<\/p>\n<p>&nbsp;<\/p>\n<p>&nbsp;<\/p>\n<p>En el orden del d\u00eda sigui\u00f3 la presentaci\u00f3n de diversas iniciativas de diputados, las cuales fueron turnadas por la Presidencia a comisiones dictaminadoras.<\/p>\n<p>&nbsp;<\/p>\n<p>&nbsp;<\/p>\n<p>El diputado Jos\u00e9 Salvador Urz\u00faa Sol\u00eds present\u00f3 una iniciativa con proyecto de decreto que adiciona diversas disposiciones al C\u00f3digo Penal para el Estado de Sonora, a efecto de que se imponga una pena de seis meses a cinco a\u00f1os de prisi\u00f3n y el equivalente de 200 a dos mil Unidades de Medida y Actualizaci\u00f3n, a quien cr\u00ede o entrene a un perro con el prop\u00f3sito de hacerlo participar en cualquier exhibici\u00f3n, espect\u00e1culo o actividad que involucre una pelea entre dos o m\u00e1s perros para fines recreativos o de entretenimiento.<\/p>\n<p>&nbsp;<\/p>\n<p>&nbsp;<\/p>\n<p>La iniciativa se turn\u00f3 para estudio a la Comisi\u00f3n de Justicia y Derechos Humanos, en tanto la Comisi\u00f3n de Atenci\u00f3n a Grupos Vulnerables de la Sociedad estudiar\u00e1 una iniciativa con proyecto de decreto que reforma y adiciona diversas disposiciones a las leyes de inclusi\u00f3n y desarrollo de las personas con discapacidad o en situaci\u00f3n de discapacidad, de Educaci\u00f3n y de Obras P\u00fablicas.<\/p>\n<p>&nbsp;<\/p>\n<p>&nbsp;<\/p>\n<p>La diputada Patricia Pacheco Borb\u00f3n propuso una serie de adiciones a las normatividades referidas, con el objeto de que se instalen elevadores en los planteles educativos p\u00fablicos y privados para que las personas con discapacidad tengan acceso a la educaci\u00f3n inclusiva.<\/p>\n<p>&nbsp;<\/p>\n<p>&nbsp;<\/p>\n<p>A las comisiones de Asuntos Fronterizos y de Atenci\u00f3n al Migrante fue turnada la iniciativa que la diputada Mar\u00eda Teresa Peralta Quijano present\u00f3 con el objeto de que esta Soberan\u00eda resuelva presentar ante el Congreso de la Uni\u00f3n, una iniciativa con proyecto de decreto por el que se reforman diversos art\u00edculos de la Ley de Migraci\u00f3n.<\/p>\n<p>&nbsp;<\/p>\n<p>&nbsp;<\/p>\n<p>Expuso que dicha legislaci\u00f3n, vigente desde 2011, contempla el delito de tr\u00e1fico de personas con una pena m\u00e1xima de hasta 16 a\u00f1os, con agravantes en caso de traficar con menores de edad y poner en riesgo su vida, por lo que considera que dicho delito debe ser castigado con mayor severidad, de manera que sea pena privativa de libertad y decomiso de bienes, instrumentos y objetos con los que se comete el delito.<\/p>\n<p>&nbsp;<\/p>\n<p>&nbsp;<\/p>\n<p>El diputado Filem\u00f3n Ortega Quintos present\u00f3 al Pleno una iniciativa con proyecto de decreto que reforma y adiciona diversas disposiciones de la Ley de Salud para el Estado de Sonora, por considerar, dijo, que hay que clarificar el tema y dejar las bases para ejercer el derecho a la vacunaci\u00f3n en la entidad, ya que es inaceptable que haya una muerte por falta de vacuna, sin importar la raz\u00f3n por la que se d\u00e9 esa falla.<\/p>\n<p>&nbsp;<\/p>\n<p>&nbsp;<\/p>\n<p><em>\u201cCada a\u00f1o, gracias a la inmunizaci\u00f3n, se evitan &#8216;m\u00e1s-menos&#8217; dos millones de defunciones, se reducen los contagios, se alivia la carga de los sistemas de salud y a menudo se ahorran fondos que pueden ser utilizados en otros aspectos de la salud p\u00fablica\u201d<\/em>, asever\u00f3.<\/p>\n<p>&nbsp;<\/p>\n<p>&nbsp;<\/p>\n<p>La iniciativa ser\u00e1 estudiada por la Comisi\u00f3n de Salud, mientras que a la Comisi\u00f3n de Energ\u00eda, Medio Ambiente y Cambio Clim\u00e1tico se envi\u00f3 una iniciativa presentada por la diputada Marcia Lorena Camarena Moncada, con proyecto de decreto que adiciona un art\u00edculo 143 Bis 6 a la Ley del equilibrio ecol\u00f3gico y protecci\u00f3n al ambiente del Estado de Sonora.<\/p>\n<p>&nbsp;<\/p>\n<p>&nbsp;<\/p>\n<p>Lo que busca, sostuvo, es promover el reciclaje de vidrio y de cart\u00f3n para proteger los suelos y el medio ambiente, ya que el primero es uno de los materiales que permite reutilizar una gran parte del material desechado y no tiene l\u00edmite en la cantidad de veces que puede ser reciclado, sin perder calidad, mientras que el segundo sigue un proceso muy similar al de papel, por lo que se puede obtener al separar correctamente dicho material y depositarlo en contenedores de color azul.<\/p>\n<p>&nbsp;<\/p>\n<p>&nbsp;<\/p>\n<p>Y para que se imponga una sanci\u00f3n de cien hasta cien mil Unidades de Medida y Actualizaci\u00f3n, as\u00ed como la reparaci\u00f3n de los da\u00f1os que provoquen a bienes privados las detonaciones y voladuras que realizan las empresas mineras en la entidad, el diputado Carlos Navarrete Aguirre propuso reformas y adiciones a la Ley de ordenamiento territorial y desarrollo urbano del Estado de Sonora.<\/p>\n<p>&nbsp;<\/p>\n<p>&nbsp;<\/p>\n<p>Cada detonaci\u00f3n que realizan cerca de centros de poblaci\u00f3n causa da\u00f1os estructurales a muchas viviendas, como ha ocurrido en el municipio de Cananea, para lo cual mostr\u00f3 un video en el que se aprecian las cuarteaduras de algunas casas, y sin que quienes los causan se hagan responsables de dichos da\u00f1os, agreg\u00f3. Se turn\u00f3 a la Comisi\u00f3n de Desarrollo Urbano.<\/p>\n<p>&nbsp;<\/p>\n<p>&nbsp;<\/p>\n<p>La pr\u00f3xima sesi\u00f3n del Pleno, que ser\u00e1 virtual, se cit\u00f3 para este jueves 22 de abril, a las 12:00 horas.<\/p>\n<p>&nbsp;<\/p>\n<p>(Publicada el 20\/04\/2021)<\/p>\n","protected":false},"excerpt":{"rendered":"<p>HERMOSILLO, SONORA. MX. \u2014 En cumplimiento al precepto constitucional federal establecido en el p\u00e1rrafo segundo&#8230;<\/p>\n","protected":false},"author":1,"featured_media":112170,"comment_status":"open","ping_status":"open","sticky":false,"template":"","format":"standard","meta":{"_monsterinsights_skip_tracking":false,"_monsterinsights_sitenote_active":false,"_monsterinsights_sitenote_note":"","_monsterinsights_sitenote_category":0,"footnotes":""},"categories":[3281],"tags":[],"class_list":["post"],"yoast_head":" \n<title>Sonora en Equipo. Aprueban Ley que crea el Centro de Conciliaci\u00f3n Laboral del Estado de Sonora Congreso<\/title>\n<meta name=\"description\" content=\"HERMOSILLO, SONORA. MX. \u2014 En cumplimiento al precepto constitucional federal establecido en el p\u00e1rrafo segundo de la fracci\u00f3n XX del Art\u00edculo 123, el En Sonora en Equipo publicamos toda la informaci\u00f3n de Sonora, M\u00e9xico y el Mundo de manera oportuna y busca que la libertad de expresi\u00f3n sea real. Visita nuestro medio informativo publicado desde Hermosillo, Sonora. %\" \/>\n<meta name=\"robots\" content=\"index, follow, max-snippet:-1, max-image-preview:large, max-video-preview:-1\" \/>\n<link rel=\"canonical\" href=\"https:\/\/www.sonoraenequipo.com.mx\/aprueban-ley-que-crea-el-centro-de-conciliacion-laboral-del-estado-de-sonora\/\" \/>\n<meta property=\"og:locale\" content=\"es_ES\" \/>\n<meta property=\"og:type\" content=\"article\" \/>\n<meta property=\"og:title\" content=\"Sonora en Equipo. Aprueban Ley que crea el Centro de Conciliaci\u00f3n Laboral del Estado de Sonora Congreso\" \/>\n<meta property=\"og:description\" content=\"HERMOSILLO, SONORA. MX. \u2014 En cumplimiento al precepto constitucional federal establecido en el p\u00e1rrafo segundo de la fracci\u00f3n XX del Art\u00edculo 123, el En Sonora en Equipo publicamos toda la informaci\u00f3n de Sonora, M\u00e9xico y el Mundo de manera oportuna y busca que la libertad de expresi\u00f3n sea real. Visita nuestro medio informativo publicado desde Hermosillo, Sonora. %\" \/>\n<meta property=\"og:url\" content=\"https:\/\/www.sonoraenequipo.com.mx\/aprueban-ley-que-crea-el-centro-de-conciliacion-laboral-del-estado-de-sonora\/\" \/>\n<meta property=\"og:site_name\" content=\"Sonora en Equipo.\" \/>\n<meta property=\"article:publisher\" content=\"https:\/\/www.facebook.com\/SonoraEE\/\" \/>\n<meta property=\"article:author\" content=\"https:\/\/www.facebook.com\/SonoraEE\" \/>\n<meta property=\"article:published_time\" content=\"2021-04-21T03:00:08+00:00\" \/>\n<meta property=\"article:modified_time\" content=\"2021-04-21T14:02:06+00:00\" \/>\n<meta property=\"og:image\" content=\"https:\/\/www.sonoraenequipo.com.mx\/storage\/2021\/04\/62-legislatura-sonorense_opt2.jpg\" \/>\n\t<meta property=\"og:image:width\" content=\"600\" \/>\n\t<meta property=\"og:image:height\" content=\"400\" \/>\n\t<meta property=\"og:image:type\" content=\"image\/jpeg\" \/>\n<meta name=\"author\" content=\"enequipo\" \/>\n<meta name=\"twitter:card\" content=\"summary_large_image\" \/>\n<meta name=\"twitter:creator\" content=\"@sonoraenequipo\" \/>\n<meta name=\"twitter:site\" content=\"@sonoraenequipo\" \/>\n<meta name=\"twitter:label1\" content=\"Escrito por\" \/>\n\t<meta name=\"twitter:data1\" content=\"enequipo\" \/>\n\t<meta name=\"twitter:label2\" content=\"Tiempo de lectura\" \/>\n\t<meta name=\"twitter:data2\" content=\"9 minutos\" \/>\n<script type=\"application\/ld+json\" class=\"yoast-schema-graph\">{\"@context\":\"https:\/\/schema.org\",\"@graph\":[{\"@type\":\"Article\",\"@id\":\"https:\/\/www.sonoraenequipo.com.mx\/aprueban-ley-que-crea-el-centro-de-conciliacion-laboral-del-estado-de-sonora\/#article\",\"isPartOf\":{\"@id\":\"https:\/\/www.sonoraenequipo.com.mx\/aprueban-ley-que-crea-el-centro-de-conciliacion-laboral-del-estado-de-sonora\/\"},\"author\":{\"name\":\"enequipo\",\"@id\":\"https:\/\/www.sonoraenequipo.com.mx\/#\/schema\/person\/50102df0fb23a8fa9e8effad8fa81386\"},\"headline\":\"Aprueban Ley que crea el Centro de Conciliaci\u00f3n Laboral del Estado de Sonora\",\"datePublished\":\"2021-04-21T03:00:08+00:00\",\"dateModified\":\"2021-04-21T14:02:06+00:00\",\"mainEntityOfPage\":{\"@id\":\"https:\/\/www.sonoraenequipo.com.mx\/aprueban-ley-que-crea-el-centro-de-conciliacion-laboral-del-estado-de-sonora\/\"},\"wordCount\":2122,\"commentCount\":0,\"publisher\":{\"@id\":\"https:\/\/www.sonoraenequipo.com.mx\/#organization\"},\"image\":{\"@id\":\"https:\/\/www.sonoraenequipo.com.mx\/aprueban-ley-que-crea-el-centro-de-conciliacion-laboral-del-estado-de-sonora\/#primaryimage\"},\"thumbnailUrl\":\"https:\/\/www.sonoraenequipo.com.mx\/storage\/2021\/04\/62-legislatura-sonorense_opt2.jpg\",\"articleSection\":[\"Congreso\"],\"inLanguage\":\"es\",\"potentialAction\":[{\"@type\":\"CommentAction\",\"name\":\"Comment\",\"target\":[\"https:\/\/www.sonoraenequipo.com.mx\/aprueban-ley-que-crea-el-centro-de-conciliacion-laboral-del-estado-de-sonora\/#respond\"]}]},{\"@type\":\"WebPage\",\"@id\":\"https:\/\/www.sonoraenequipo.com.mx\/aprueban-ley-que-crea-el-centro-de-conciliacion-laboral-del-estado-de-sonora\/\",\"url\":\"https:\/\/www.sonoraenequipo.com.mx\/aprueban-ley-que-crea-el-centro-de-conciliacion-laboral-del-estado-de-sonora\/\",\"name\":\"Sonora en Equipo. Aprueban Ley que crea el Centro de Conciliaci\u00f3n Laboral del Estado de Sonora Congreso\",\"isPartOf\":{\"@id\":\"https:\/\/www.sonoraenequipo.com.mx\/#website\"},\"primaryImageOfPage\":{\"@id\":\"https:\/\/www.sonoraenequipo.com.mx\/aprueban-ley-que-crea-el-centro-de-conciliacion-laboral-del-estado-de-sonora\/#primaryimage\"},\"image\":{\"@id\":\"https:\/\/www.sonoraenequipo.com.mx\/aprueban-ley-que-crea-el-centro-de-conciliacion-laboral-del-estado-de-sonora\/#primaryimage\"},\"thumbnailUrl\":\"https:\/\/www.sonoraenequipo.com.mx\/storage\/2021\/04\/62-legislatura-sonorense_opt2.jpg\",\"datePublished\":\"2021-04-21T03:00:08+00:00\",\"dateModified\":\"2021-04-21T14:02:06+00:00\",\"description\":\"HERMOSILLO, SONORA. MX. \u2014 En cumplimiento al precepto constitucional federal establecido en el p\u00e1rrafo segundo de la fracci\u00f3n XX del Art\u00edculo 123, el En Sonora en Equipo publicamos toda la informaci\u00f3n de Sonora, M\u00e9xico y el Mundo de manera oportuna y busca que la libertad de expresi\u00f3n sea real. Visita nuestro medio informativo publicado desde Hermosillo, Sonora. %\",\"breadcrumb\":{\"@id\":\"https:\/\/www.sonoraenequipo.com.mx\/aprueban-ley-que-crea-el-centro-de-conciliacion-laboral-del-estado-de-sonora\/#breadcrumb\"},\"inLanguage\":\"es\",\"potentialAction\":[{\"@type\":\"ReadAction\",\"target\":[\"https:\/\/www.sonoraenequipo.com.mx\/aprueban-ley-que-crea-el-centro-de-conciliacion-laboral-del-estado-de-sonora\/\"]}]},{\"@type\":\"ImageObject\",\"inLanguage\":\"es\",\"@id\":\"https:\/\/www.sonoraenequipo.com.mx\/aprueban-ley-que-crea-el-centro-de-conciliacion-laboral-del-estado-de-sonora\/#primaryimage\",\"url\":\"https:\/\/www.sonoraenequipo.com.mx\/storage\/2021\/04\/62-legislatura-sonorense_opt2.jpg\",\"contentUrl\":\"https:\/\/www.sonoraenequipo.com.mx\/storage\/2021\/04\/62-legislatura-sonorense_opt2.jpg\",\"width\":600,\"height\":400},{\"@type\":\"BreadcrumbList\",\"@id\":\"https:\/\/www.sonoraenequipo.com.mx\/aprueban-ley-que-crea-el-centro-de-conciliacion-laboral-del-estado-de-sonora\/#breadcrumb\",\"itemListElement\":[{\"@type\":\"ListItem\",\"position\":1,\"name\":\"Portada\",\"item\":\"https:\/\/www.sonoraenequipo.com.mx\/\"},{\"@type\":\"ListItem\",\"position\":2,\"name\":\"Aprueban Ley que crea el Centro de Conciliaci\u00f3n Laboral del Estado de Sonora\"}]},{\"@type\":\"WebSite\",\"@id\":\"https:\/\/www.sonoraenequipo.com.mx\/#website\",\"url\":\"https:\/\/www.sonoraenequipo.com.mx\/\",\"name\":\"Sonora en Equipo.\",\"description\":\"Diario en l\u00ednea con Noticias desde Hermosillo, Sonora\",\"publisher\":{\"@id\":\"https:\/\/www.sonoraenequipo.com.mx\/#organization\"},\"potentialAction\":[{\"@type\":\"SearchAction\",\"target\":{\"@type\":\"EntryPoint\",\"urlTemplate\":\"https:\/\/www.sonoraenequipo.com.mx\/?s={search_term_string}\"},\"query-input\":{\"@type\":\"PropertyValueSpecification\",\"valueRequired\":true,\"valueName\":\"search_term_string\"}}],\"inLanguage\":\"es\"},{\"@type\":\"Organization\",\"@id\":\"https:\/\/www.sonoraenequipo.com.mx\/#organization\",\"name\":\"Sonoraenequipo.com.mx\",\"url\":\"https:\/\/www.sonoraenequipo.com.mx\/\",\"logo\":{\"@type\":\"ImageObject\",\"inLanguage\":\"es\",\"@id\":\"https:\/\/www.sonoraenequipo.com.mx\/#\/schema\/logo\/image\/\",\"url\":\"https:\/\/www.sonoraenequipo.com.mx\/storage\/2019\/01\/sonoraenequipo_opt.png\",\"contentUrl\":\"https:\/\/www.sonoraenequipo.com.mx\/storage\/2019\/01\/sonoraenequipo_opt.png\",\"width\":375,\"height\":125,\"caption\":\"Sonoraenequipo.com.mx\"},\"image\":{\"@id\":\"https:\/\/www.sonoraenequipo.com.mx\/#\/schema\/logo\/image\/\"},\"sameAs\":[\"https:\/\/www.facebook.com\/SonoraEE\/\",\"https:\/\/x.com\/sonoraenequipo\",\"https:\/\/www.youtube.com\/channel\/UC338nW-lPEYmJQs4ZABQ1SQ\"]},{\"@type\":\"Person\",\"@id\":\"https:\/\/www.sonoraenequipo.com.mx\/#\/schema\/person\/50102df0fb23a8fa9e8effad8fa81386\",\"name\":\"enequipo\",\"image\":{\"@type\":\"ImageObject\",\"inLanguage\":\"es\",\"@id\":\"https:\/\/www.sonoraenequipo.com.mx\/#\/schema\/person\/image\/\",\"url\":\"https:\/\/secure.gravatar.com\/avatar\/049821681b589dabc0bc20695993ccebb09f5b5d4d790cd9251b97faac7c652b?s=96&d=blank&r=g\",\"contentUrl\":\"https:\/\/secure.gravatar.com\/avatar\/049821681b589dabc0bc20695993ccebb09f5b5d4d790cd9251b97faac7c652b?s=96&d=blank&r=g\",\"caption\":\"enequipo\"},\"sameAs\":[\"https:\/\/www.facebook.com\/SonoraEE\"]}]}<\/script>\n ","yoast_head_json":{"title":"Sonora en Equipo. Aprueban Ley que crea el Centro de Conciliaci\u00f3n Laboral del Estado de Sonora Congreso","description":"HERMOSILLO, SONORA. MX. \u2014 En cumplimiento al precepto constitucional federal establecido en el p\u00e1rrafo segundo de la fracci\u00f3n XX del Art\u00edculo 123, el En Sonora en Equipo publicamos toda la informaci\u00f3n de Sonora, M\u00e9xico y el Mundo de manera oportuna y busca que la libertad de expresi\u00f3n sea real. Visita nuestro medio informativo publicado desde Hermosillo, Sonora. %","robots":{"index":"index","follow":"follow","max-snippet":"max-snippet:-1","max-image-preview":"max-image-preview:large","max-video-preview":"max-video-preview:-1"},"canonical":"https:\/\/www.sonoraenequipo.com.mx\/aprueban-ley-que-crea-el-centro-de-conciliacion-laboral-del-estado-de-sonora\/","og_locale":"es_ES","og_type":"article","og_title":"Sonora en Equipo. Aprueban Ley que crea el Centro de Conciliaci\u00f3n Laboral del Estado de Sonora Congreso","og_description":"HERMOSILLO, SONORA. MX. \u2014 En cumplimiento al precepto constitucional federal establecido en el p\u00e1rrafo segundo de la fracci\u00f3n XX del Art\u00edculo 123, el En Sonora en Equipo publicamos toda la informaci\u00f3n de Sonora, M\u00e9xico y el Mundo de manera oportuna y busca que la libertad de expresi\u00f3n sea real. Visita nuestro medio informativo publicado desde Hermosillo, Sonora. %","og_url":"https:\/\/www.sonoraenequipo.com.mx\/aprueban-ley-que-crea-el-centro-de-conciliacion-laboral-del-estado-de-sonora\/","og_site_name":"Sonora en Equipo.","article_publisher":"https:\/\/www.facebook.com\/SonoraEE\/","article_author":"https:\/\/www.facebook.com\/SonoraEE","article_published_time":"2021-04-21T03:00:08+00:00","article_modified_time":"2021-04-21T14:02:06+00:00","og_image":[{"width":600,"height":400,"url":"https:\/\/www.sonoraenequipo.com.mx\/storage\/2021\/04\/62-legislatura-sonorense_opt2.jpg","type":"image\/jpeg"}],"author":"enequipo","twitter_card":"summary_large_image","twitter_creator":"@sonoraenequipo","twitter_site":"@sonoraenequipo","twitter_misc":{"Escrito por":"enequipo","Tiempo de lectura":"9 minutos"},"schema":{"@context":"https:\/\/schema.org","@graph":[{"@type":"Article","@id":"https:\/\/www.sonoraenequipo.com.mx\/aprueban-ley-que-crea-el-centro-de-conciliacion-laboral-del-estado-de-sonora\/#article","isPartOf":{"@id":"https:\/\/www.sonoraenequipo.com.mx\/aprueban-ley-que-crea-el-centro-de-conciliacion-laboral-del-estado-de-sonora\/"},"author":{"name":"enequipo","@id":"https:\/\/www.sonoraenequipo.com.mx\/#\/schema\/person\/50102df0fb23a8fa9e8effad8fa81386"},"headline":"Aprueban Ley que crea el Centro de Conciliaci\u00f3n Laboral del Estado de Sonora","datePublished":"2021-04-21T03:00:08+00:00","dateModified":"2021-04-21T14:02:06+00:00","mainEntityOfPage":{"@id":"https:\/\/www.sonoraenequipo.com.mx\/aprueban-ley-que-crea-el-centro-de-conciliacion-laboral-del-estado-de-sonora\/"},"wordCount":2122,"commentCount":0,"publisher":{"@id":"https:\/\/www.sonoraenequipo.com.mx\/#organization"},"image":{"@id":"https:\/\/www.sonoraenequipo.com.mx\/aprueban-ley-que-crea-el-centro-de-conciliacion-laboral-del-estado-de-sonora\/#primaryimage"},"thumbnailUrl":"https:\/\/www.sonoraenequipo.com.mx\/storage\/2021\/04\/62-legislatura-sonorense_opt2.jpg","articleSection":["Congreso"],"inLanguage":"es","potentialAction":[{"@type":"CommentAction","name":"Comment","target":["https:\/\/www.sonoraenequipo.com.mx\/aprueban-ley-que-crea-el-centro-de-conciliacion-laboral-del-estado-de-sonora\/#respond"]}]},{"@type":"WebPage","@id":"https:\/\/www.sonoraenequipo.com.mx\/aprueban-ley-que-crea-el-centro-de-conciliacion-laboral-del-estado-de-sonora\/","url":"https:\/\/www.sonoraenequipo.com.mx\/aprueban-ley-que-crea-el-centro-de-conciliacion-laboral-del-estado-de-sonora\/","name":"Sonora en Equipo. Aprueban Ley que crea el Centro de Conciliaci\u00f3n Laboral del Estado de Sonora Congreso","isPartOf":{"@id":"https:\/\/www.sonoraenequipo.com.mx\/#website"},"primaryImageOfPage":{"@id":"https:\/\/www.sonoraenequipo.com.mx\/aprueban-ley-que-crea-el-centro-de-conciliacion-laboral-del-estado-de-sonora\/#primaryimage"},"image":{"@id":"https:\/\/www.sonoraenequipo.com.mx\/aprueban-ley-que-crea-el-centro-de-conciliacion-laboral-del-estado-de-sonora\/#primaryimage"},"thumbnailUrl":"https:\/\/www.sonoraenequipo.com.mx\/storage\/2021\/04\/62-legislatura-sonorense_opt2.jpg","datePublished":"2021-04-21T03:00:08+00:00","dateModified":"2021-04-21T14:02:06+00:00","description":"HERMOSILLO, SONORA. MX. \u2014 En cumplimiento al precepto constitucional federal establecido en el p\u00e1rrafo segundo de la fracci\u00f3n XX del Art\u00edculo 123, el En Sonora en Equipo publicamos toda la informaci\u00f3n de Sonora, M\u00e9xico y el Mundo de manera oportuna y busca que la libertad de expresi\u00f3n sea real. Visita nuestro medio informativo publicado desde Hermosillo, Sonora. %","breadcrumb":{"@id":"https:\/\/www.sonoraenequipo.com.mx\/aprueban-ley-que-crea-el-centro-de-conciliacion-laboral-del-estado-de-sonora\/#breadcrumb"},"inLanguage":"es","potentialAction":[{"@type":"ReadAction","target":["https:\/\/www.sonoraenequipo.com.mx\/aprueban-ley-que-crea-el-centro-de-conciliacion-laboral-del-estado-de-sonora\/"]}]},{"@type":"ImageObject","inLanguage":"es","@id":"https:\/\/www.sonoraenequipo.com.mx\/aprueban-ley-que-crea-el-centro-de-conciliacion-laboral-del-estado-de-sonora\/#primaryimage","url":"https:\/\/www.sonoraenequipo.com.mx\/storage\/2021\/04\/62-legislatura-sonorense_opt2.jpg","contentUrl":"https:\/\/www.sonoraenequipo.com.mx\/storage\/2021\/04\/62-legislatura-sonorense_opt2.jpg","width":600,"height":400},{"@type":"BreadcrumbList","@id":"https:\/\/www.sonoraenequipo.com.mx\/aprueban-ley-que-crea-el-centro-de-conciliacion-laboral-del-estado-de-sonora\/#breadcrumb","itemListElement":[{"@type":"ListItem","position":1,"name":"Portada","item":"https:\/\/www.sonoraenequipo.com.mx\/"},{"@type":"ListItem","position":2,"name":"Aprueban Ley que crea el Centro de Conciliaci\u00f3n Laboral del Estado de Sonora"}]},{"@type":"WebSite","@id":"https:\/\/www.sonoraenequipo.com.mx\/#website","url":"https:\/\/www.sonoraenequipo.com.mx\/","name":"Sonora en Equipo.","description":"Diario en l\u00ednea con Noticias desde Hermosillo, Sonora","publisher":{"@id":"https:\/\/www.sonoraenequipo.com.mx\/#organization"},"potentialAction":[{"@type":"SearchAction","target":{"@type":"EntryPoint","urlTemplate":"https:\/\/www.sonoraenequipo.com.mx\/?s={search_term_string}"},"query-input":{"@type":"PropertyValueSpecification","valueRequired":true,"valueName":"search_term_string"}}],"inLanguage":"es"},{"@type":"Organization","@id":"https:\/\/www.sonoraenequipo.com.mx\/#organization","name":"Sonoraenequipo.com.mx","url":"https:\/\/www.sonoraenequipo.com.mx\/","logo":{"@type":"ImageObject","inLanguage":"es","@id":"https:\/\/www.sonoraenequipo.com.mx\/#\/schema\/logo\/image\/","url":"https:\/\/www.sonoraenequipo.com.mx\/storage\/2019\/01\/sonoraenequipo_opt.png","contentUrl":"https:\/\/www.sonoraenequipo.com.mx\/storage\/2019\/01\/sonoraenequipo_opt.png","width":375,"height":125,"caption":"Sonoraenequipo.com.mx"},"image":{"@id":"https:\/\/www.sonoraenequipo.com.mx\/#\/schema\/logo\/image\/"},"sameAs":["https:\/\/www.facebook.com\/SonoraEE\/","https:\/\/x.com\/sonoraenequipo","https:\/\/www.youtube.com\/channel\/UC338nW-lPEYmJQs4ZABQ1SQ"]},{"@type":"Person","@id":"https:\/\/www.sonoraenequipo.com.mx\/#\/schema\/person\/50102df0fb23a8fa9e8effad8fa81386","name":"enequipo","image":{"@type":"ImageObject","inLanguage":"es","@id":"https:\/\/www.sonoraenequipo.com.mx\/#\/schema\/person\/image\/","url":"https:\/\/secure.gravatar.com\/avatar\/049821681b589dabc0bc20695993ccebb09f5b5d4d790cd9251b97faac7c652b?s=96&d=blank&r=g","contentUrl":"https:\/\/secure.gravatar.com\/avatar\/049821681b589dabc0bc20695993ccebb09f5b5d4d790cd9251b97faac7c652b?s=96&d=blank&r=g","caption":"enequipo"},"sameAs":["https:\/\/www.facebook.com\/SonoraEE"]}]}},"jetpack_featured_media_url":"https:\/\/www.sonoraenequipo.com.mx\/storage\/2021\/04\/62-legislatura-sonorense_opt2.jpg","_links":{"self":[{"href":"https:\/\/www.sonoraenequipo.com.mx\/api\/wp\/v2\/posts\/112169","targetHints":{"allow":["GET"]}}],"collection":[{"href":"https:\/\/www.sonoraenequipo.com.mx\/api\/wp\/v2\/posts"}],"about":[{"href":"https:\/\/www.sonoraenequipo.com.mx\/api\/wp\/v2\/types\/post"}],"author":[{"embeddable":true,"href":"https:\/\/www.sonoraenequipo.com.mx\/api\/wp\/v2\/users\/1"}],"replies":[{"embeddable":true,"href":"https:\/\/www.sonoraenequipo.com.mx\/api\/wp\/v2\/comments?post=112169"}],"version-history":[{"count":1,"href":"https:\/\/www.sonoraenequipo.com.mx\/api\/wp\/v2\/posts\/112169\/revisions"}],"predecessor-version":[{"id":112171,"href":"https:\/\/www.sonoraenequipo.com.mx\/api\/wp\/v2\/posts\/112169\/revisions\/112171"}],"wp:featuredmedia":[{"embeddable":true,"href":"https:\/\/www.sonoraenequipo.com.mx\/api\/wp\/v2\/media\/112170"}],"wp:attachment":[{"href":"https:\/\/www.sonoraenequipo.com.mx\/api\/wp\/v2\/media?parent=112169"}],"wp:term":[{"taxonomy":"category","embeddable":true,"href":"https:\/\/www.sonoraenequipo.com.mx\/api\/wp\/v2\/categories?post=112169"},{"taxonomy":"post_tag","embeddable":true,"href":"https:\/\/www.sonoraenequipo.com.mx\/api\/wp\/v2\/tags?post=112169"}],"curies":[{"name":"wp","href":"https:\/\/api.w.org\/{rel}","templated":true}]}}