{"id":112192,"date":"2021-04-21T11:20:18","date_gmt":"2021-04-21T18:20:18","guid":{"rendered":"https:\/\/www.sonoraenequipo.com.mx\/?p=112192"},"modified":"2021-04-21T16:13:23","modified_gmt":"2021-04-21T23:13:23","slug":"carteles-usan-drones-para-atacar-a-fuerzas-de-seguridad-pero-no-son-efectivos-sedena","status":"publish","type":"post","link":"https:\/\/www.sonoraenequipo.com.mx\/carteles-usan-drones-para-atacar-a-fuerzas-de-seguridad-pero-no-son-efectivos-sedena\/","title":{"rendered":"C\u00e1rteles usan drones para atacar a fuerzas de seguridad, pero no son efectivos: Sedena"},"content":{"rendered":"<p>CIUDAD DE M\u00c9XICO. MX. \u2014 El secretario de la Defensa Nacional, Luis Cresencio Sandoval, inform\u00f3 este d\u00eda (21.04.2021),\u00a0 que los c\u00e1rteles en Jalisco, Guanajuato y Michoac\u00e1n han hecho uso de drones para atacar a las fuerzas de seguridad y, aunque se trata de una situaci\u00f3n preocupante, consider\u00f3 que estos mecanismos <em>\u201cno son efectivos\u201d.<\/em><\/p>\n<p>&nbsp;<\/p>\n<p> <\/p>\n<p>&nbsp;<\/p>\n<p><em>\u201cEn cuanto a la utilizaci\u00f3n de drones como un medio explosivo hemos ubicado que hay algunos c\u00e1rteles que usan esto, como el de Jalisco Nueva Generaci\u00f3n, ha habido casos en Guanajuato, otros en Jalisco, este en Michoac\u00e1n. Son de preocupaci\u00f3n pero no han sido efectivos\u201d,<\/em> coment\u00f3.<\/p>\n<p>&nbsp;<\/p>\n<p>El general apunt\u00f3 que este tipo de ataques no han tenido efectividad ya que los drones no pueden cargar la cantidad necesaria de explosivos para generar un da\u00f1o amplio para el personal o instalaciones.<\/p>\n<p>&nbsp;<\/p>\n<p>Sobre el ataque a polic\u00edas del municipio de Aguililla, Michoac\u00e1n, con este tipo de dispositivos, el secretario resalt\u00f3 que dos de ellos fueron heridos en el brazo y una pierna; pero <em>\u201cya se detuvo a la persona que emple\u00f3 este m\u00e9todo\u201d.<\/em><\/p>\n<p>&nbsp;<\/p>\n<p>Luego del atentado, la Secretar\u00eda de Seguridad P\u00fablica (SSP) de Michoac\u00e1n inform\u00f3 que agentes de la polic\u00eda reforzaron tareas operativas en la comunidad donde se perpetr\u00f3 la agresi\u00f3n.<\/p>\n<p>\u200b<\/p>\n<p>&nbsp;<\/p>\n<p>(Publicada el 21\/04\/2021)<\/p>\n","protected":false},"excerpt":{"rendered":"<p>CIUDAD DE M\u00c9XICO. MX. \u2014 El secretario de la Defensa Nacional, Luis Cresencio Sandoval, inform\u00f3&#8230;<\/p>\n","protected":false},"author":1,"featured_media":112184,"comment_status":"open","ping_status":"open","sticky":false,"template":"","format":"standard","meta":{"_monsterinsights_skip_tracking":false,"_monsterinsights_sitenote_active":false,"_monsterinsights_sitenote_note":"","_monsterinsights_sitenote_category":0,"footnotes":""},"categories":[5],"tags":[],"class_list":["post"],"yoast_head":" \n<title>Sonora en Equipo. C\u00e1rteles usan drones para atacar a fuerzas de seguridad, pero no son efectivos: Sedena Rep\u00fablica<\/title>\n<meta name=\"description\" content=\"CIUDAD DE M\u00c9XICO. MX. \u2014 El secretario de la Defensa Nacional, Luis Cresencio Sandoval, inform\u00f3 este d\u00eda (21.04.2021),\u00a0 que los c\u00e1rteles en Jalisco, En Sonora en Equipo publicamos toda la informaci\u00f3n de Sonora, M\u00e9xico y el Mundo de manera oportuna y busca que la libertad de expresi\u00f3n sea real. Visita nuestro medio informativo publicado desde Hermosillo, Sonora. %\" \/>\n<meta name=\"robots\" content=\"index, follow, max-snippet:-1, max-image-preview:large, max-video-preview:-1\" \/>\n<link rel=\"canonical\" href=\"https:\/\/www.sonoraenequipo.com.mx\/carteles-usan-drones-para-atacar-a-fuerzas-de-seguridad-pero-no-son-efectivos-sedena\/\" \/>\n<meta property=\"og:locale\" content=\"es_ES\" \/>\n<meta property=\"og:type\" content=\"article\" \/>\n<meta property=\"og:title\" content=\"Sonora en Equipo. C\u00e1rteles usan drones para atacar a fuerzas de seguridad, pero no son efectivos: Sedena Rep\u00fablica\" \/>\n<meta property=\"og:description\" content=\"CIUDAD DE M\u00c9XICO. MX. \u2014 El secretario de la Defensa Nacional, Luis Cresencio Sandoval, inform\u00f3 este d\u00eda (21.04.2021),\u00a0 que los c\u00e1rteles en Jalisco, En Sonora en Equipo publicamos toda la informaci\u00f3n de Sonora, M\u00e9xico y el Mundo de manera oportuna y busca que la libertad de expresi\u00f3n sea real. Visita nuestro medio informativo publicado desde Hermosillo, Sonora. %\" \/>\n<meta property=\"og:url\" content=\"https:\/\/www.sonoraenequipo.com.mx\/carteles-usan-drones-para-atacar-a-fuerzas-de-seguridad-pero-no-son-efectivos-sedena\/\" \/>\n<meta property=\"og:site_name\" content=\"Sonora en Equipo.\" \/>\n<meta property=\"article:publisher\" content=\"https:\/\/www.facebook.com\/SonoraEE\/\" \/>\n<meta property=\"article:author\" content=\"https:\/\/www.facebook.com\/SonoraEE\" \/>\n<meta property=\"article:published_time\" content=\"2021-04-21T18:20:18+00:00\" \/>\n<meta property=\"article:modified_time\" content=\"2021-04-21T23:13:23+00:00\" \/>\n<meta property=\"og:image\" content=\"https:\/\/www.sonoraenequipo.com.mx\/storage\/2021\/04\/titular-secretaria-defensa-luis-cresencio_0_0_1200_747_opt.jpg\" \/>\n\t<meta property=\"og:image:width\" content=\"643\" \/>\n\t<meta property=\"og:image:height\" content=\"400\" \/>\n\t<meta property=\"og:image:type\" content=\"image\/jpeg\" \/>\n<meta name=\"author\" content=\"enequipo\" \/>\n<meta name=\"twitter:card\" content=\"summary_large_image\" \/>\n<meta name=\"twitter:creator\" content=\"@sonoraenequipo\" \/>\n<meta name=\"twitter:site\" content=\"@sonoraenequipo\" \/>\n<meta name=\"twitter:label1\" content=\"Escrito por\" \/>\n\t<meta name=\"twitter:data1\" content=\"enequipo\" \/>\n\t<meta name=\"twitter:label2\" content=\"Tiempo de lectura\" \/>\n\t<meta name=\"twitter:data2\" content=\"1 minuto\" \/>\n<script type=\"application\/ld+json\" class=\"yoast-schema-graph\">{\"@context\":\"https:\/\/schema.org\",\"@graph\":[{\"@type\":\"Article\",\"@id\":\"https:\/\/www.sonoraenequipo.com.mx\/carteles-usan-drones-para-atacar-a-fuerzas-de-seguridad-pero-no-son-efectivos-sedena\/#article\",\"isPartOf\":{\"@id\":\"https:\/\/www.sonoraenequipo.com.mx\/carteles-usan-drones-para-atacar-a-fuerzas-de-seguridad-pero-no-son-efectivos-sedena\/\"},\"author\":{\"name\":\"enequipo\",\"@id\":\"https:\/\/www.sonoraenequipo.com.mx\/#\/schema\/person\/50102df0fb23a8fa9e8effad8fa81386\"},\"headline\":\"C\u00e1rteles usan drones para atacar a fuerzas de seguridad, pero no son efectivos: Sedena\",\"datePublished\":\"2021-04-21T18:20:18+00:00\",\"dateModified\":\"2021-04-21T23:13:23+00:00\",\"mainEntityOfPage\":{\"@id\":\"https:\/\/www.sonoraenequipo.com.mx\/carteles-usan-drones-para-atacar-a-fuerzas-de-seguridad-pero-no-son-efectivos-sedena\/\"},\"wordCount\":242,\"commentCount\":0,\"publisher\":{\"@id\":\"https:\/\/www.sonoraenequipo.com.mx\/#organization\"},\"image\":{\"@id\":\"https:\/\/www.sonoraenequipo.com.mx\/carteles-usan-drones-para-atacar-a-fuerzas-de-seguridad-pero-no-son-efectivos-sedena\/#primaryimage\"},\"thumbnailUrl\":\"https:\/\/www.sonoraenequipo.com.mx\/storage\/2021\/04\/titular-secretaria-defensa-luis-cresencio_0_0_1200_747_opt.jpg\",\"articleSection\":[\"Rep\u00fablica\"],\"inLanguage\":\"es\",\"potentialAction\":[{\"@type\":\"CommentAction\",\"name\":\"Comment\",\"target\":[\"https:\/\/www.sonoraenequipo.com.mx\/carteles-usan-drones-para-atacar-a-fuerzas-de-seguridad-pero-no-son-efectivos-sedena\/#respond\"]}]},{\"@type\":\"WebPage\",\"@id\":\"https:\/\/www.sonoraenequipo.com.mx\/carteles-usan-drones-para-atacar-a-fuerzas-de-seguridad-pero-no-son-efectivos-sedena\/\",\"url\":\"https:\/\/www.sonoraenequipo.com.mx\/carteles-usan-drones-para-atacar-a-fuerzas-de-seguridad-pero-no-son-efectivos-sedena\/\",\"name\":\"Sonora en Equipo. C\u00e1rteles usan drones para atacar a fuerzas de seguridad, pero no son efectivos: Sedena Rep\u00fablica\",\"isPartOf\":{\"@id\":\"https:\/\/www.sonoraenequipo.com.mx\/#website\"},\"primaryImageOfPage\":{\"@id\":\"https:\/\/www.sonoraenequipo.com.mx\/carteles-usan-drones-para-atacar-a-fuerzas-de-seguridad-pero-no-son-efectivos-sedena\/#primaryimage\"},\"image\":{\"@id\":\"https:\/\/www.sonoraenequipo.com.mx\/carteles-usan-drones-para-atacar-a-fuerzas-de-seguridad-pero-no-son-efectivos-sedena\/#primaryimage\"},\"thumbnailUrl\":\"https:\/\/www.sonoraenequipo.com.mx\/storage\/2021\/04\/titular-secretaria-defensa-luis-cresencio_0_0_1200_747_opt.jpg\",\"datePublished\":\"2021-04-21T18:20:18+00:00\",\"dateModified\":\"2021-04-21T23:13:23+00:00\",\"description\":\"CIUDAD DE M\u00c9XICO. MX. \u2014 El secretario de la Defensa Nacional, Luis Cresencio Sandoval, inform\u00f3 este d\u00eda (21.04.2021),\u00a0 que los c\u00e1rteles en Jalisco, En Sonora en Equipo publicamos toda la informaci\u00f3n de Sonora, M\u00e9xico y el Mundo de manera oportuna y busca que la libertad de expresi\u00f3n sea real. Visita nuestro medio informativo publicado desde Hermosillo, Sonora. %\",\"breadcrumb\":{\"@id\":\"https:\/\/www.sonoraenequipo.com.mx\/carteles-usan-drones-para-atacar-a-fuerzas-de-seguridad-pero-no-son-efectivos-sedena\/#breadcrumb\"},\"inLanguage\":\"es\",\"potentialAction\":[{\"@type\":\"ReadAction\",\"target\":[\"https:\/\/www.sonoraenequipo.com.mx\/carteles-usan-drones-para-atacar-a-fuerzas-de-seguridad-pero-no-son-efectivos-sedena\/\"]}]},{\"@type\":\"ImageObject\",\"inLanguage\":\"es\",\"@id\":\"https:\/\/www.sonoraenequipo.com.mx\/carteles-usan-drones-para-atacar-a-fuerzas-de-seguridad-pero-no-son-efectivos-sedena\/#primaryimage\",\"url\":\"https:\/\/www.sonoraenequipo.com.mx\/storage\/2021\/04\/titular-secretaria-defensa-luis-cresencio_0_0_1200_747_opt.jpg\",\"contentUrl\":\"https:\/\/www.sonoraenequipo.com.mx\/storage\/2021\/04\/titular-secretaria-defensa-luis-cresencio_0_0_1200_747_opt.jpg\",\"width\":643,\"height\":400},{\"@type\":\"BreadcrumbList\",\"@id\":\"https:\/\/www.sonoraenequipo.com.mx\/carteles-usan-drones-para-atacar-a-fuerzas-de-seguridad-pero-no-son-efectivos-sedena\/#breadcrumb\",\"itemListElement\":[{\"@type\":\"ListItem\",\"position\":1,\"name\":\"Portada\",\"item\":\"https:\/\/www.sonoraenequipo.com.mx\/\"},{\"@type\":\"ListItem\",\"position\":2,\"name\":\"C\u00e1rteles usan drones para atacar a fuerzas de seguridad, pero no son efectivos: Sedena\"}]},{\"@type\":\"WebSite\",\"@id\":\"https:\/\/www.sonoraenequipo.com.mx\/#website\",\"url\":\"https:\/\/www.sonoraenequipo.com.mx\/\",\"name\":\"Sonora en Equipo.\",\"description\":\"Diario en l\u00ednea con Noticias desde Hermosillo, Sonora\",\"publisher\":{\"@id\":\"https:\/\/www.sonoraenequipo.com.mx\/#organization\"},\"potentialAction\":[{\"@type\":\"SearchAction\",\"target\":{\"@type\":\"EntryPoint\",\"urlTemplate\":\"https:\/\/www.sonoraenequipo.com.mx\/?s={search_term_string}\"},\"query-input\":{\"@type\":\"PropertyValueSpecification\",\"valueRequired\":true,\"valueName\":\"search_term_string\"}}],\"inLanguage\":\"es\"},{\"@type\":\"Organization\",\"@id\":\"https:\/\/www.sonoraenequipo.com.mx\/#organization\",\"name\":\"Sonoraenequipo.com.mx\",\"url\":\"https:\/\/www.sonoraenequipo.com.mx\/\",\"logo\":{\"@type\":\"ImageObject\",\"inLanguage\":\"es\",\"@id\":\"https:\/\/www.sonoraenequipo.com.mx\/#\/schema\/logo\/image\/\",\"url\":\"https:\/\/www.sonoraenequipo.com.mx\/storage\/2019\/01\/sonoraenequipo_opt.png\",\"contentUrl\":\"https:\/\/www.sonoraenequipo.com.mx\/storage\/2019\/01\/sonoraenequipo_opt.png\",\"width\":375,\"height\":125,\"caption\":\"Sonoraenequipo.com.mx\"},\"image\":{\"@id\":\"https:\/\/www.sonoraenequipo.com.mx\/#\/schema\/logo\/image\/\"},\"sameAs\":[\"https:\/\/www.facebook.com\/SonoraEE\/\",\"https:\/\/x.com\/sonoraenequipo\",\"https:\/\/www.youtube.com\/channel\/UC338nW-lPEYmJQs4ZABQ1SQ\"]},{\"@type\":\"Person\",\"@id\":\"https:\/\/www.sonoraenequipo.com.mx\/#\/schema\/person\/50102df0fb23a8fa9e8effad8fa81386\",\"name\":\"enequipo\",\"image\":{\"@type\":\"ImageObject\",\"inLanguage\":\"es\",\"@id\":\"https:\/\/www.sonoraenequipo.com.mx\/#\/schema\/person\/image\/\",\"url\":\"https:\/\/secure.gravatar.com\/avatar\/049821681b589dabc0bc20695993ccebb09f5b5d4d790cd9251b97faac7c652b?s=96&d=blank&r=g\",\"contentUrl\":\"https:\/\/secure.gravatar.com\/avatar\/049821681b589dabc0bc20695993ccebb09f5b5d4d790cd9251b97faac7c652b?s=96&d=blank&r=g\",\"caption\":\"enequipo\"},\"sameAs\":[\"https:\/\/www.facebook.com\/SonoraEE\"]}]}<\/script>\n ","yoast_head_json":{"title":"Sonora en Equipo. C\u00e1rteles usan drones para atacar a fuerzas de seguridad, pero no son efectivos: Sedena Rep\u00fablica","description":"CIUDAD DE M\u00c9XICO. MX. \u2014 El secretario de la Defensa Nacional, Luis Cresencio Sandoval, inform\u00f3 este d\u00eda (21.04.2021),\u00a0 que los c\u00e1rteles en Jalisco, En Sonora en Equipo publicamos toda la informaci\u00f3n de Sonora, M\u00e9xico y el Mundo de manera oportuna y busca que la libertad de expresi\u00f3n sea real. Visita nuestro medio informativo publicado desde Hermosillo, Sonora. %","robots":{"index":"index","follow":"follow","max-snippet":"max-snippet:-1","max-image-preview":"max-image-preview:large","max-video-preview":"max-video-preview:-1"},"canonical":"https:\/\/www.sonoraenequipo.com.mx\/carteles-usan-drones-para-atacar-a-fuerzas-de-seguridad-pero-no-son-efectivos-sedena\/","og_locale":"es_ES","og_type":"article","og_title":"Sonora en Equipo. C\u00e1rteles usan drones para atacar a fuerzas de seguridad, pero no son efectivos: Sedena Rep\u00fablica","og_description":"CIUDAD DE M\u00c9XICO. MX. \u2014 El secretario de la Defensa Nacional, Luis Cresencio Sandoval, inform\u00f3 este d\u00eda (21.04.2021),\u00a0 que los c\u00e1rteles en Jalisco, En Sonora en Equipo publicamos toda la informaci\u00f3n de Sonora, M\u00e9xico y el Mundo de manera oportuna y busca que la libertad de expresi\u00f3n sea real. Visita nuestro medio informativo publicado desde Hermosillo, Sonora. %","og_url":"https:\/\/www.sonoraenequipo.com.mx\/carteles-usan-drones-para-atacar-a-fuerzas-de-seguridad-pero-no-son-efectivos-sedena\/","og_site_name":"Sonora en Equipo.","article_publisher":"https:\/\/www.facebook.com\/SonoraEE\/","article_author":"https:\/\/www.facebook.com\/SonoraEE","article_published_time":"2021-04-21T18:20:18+00:00","article_modified_time":"2021-04-21T23:13:23+00:00","og_image":[{"width":643,"height":400,"url":"https:\/\/www.sonoraenequipo.com.mx\/storage\/2021\/04\/titular-secretaria-defensa-luis-cresencio_0_0_1200_747_opt.jpg","type":"image\/jpeg"}],"author":"enequipo","twitter_card":"summary_large_image","twitter_creator":"@sonoraenequipo","twitter_site":"@sonoraenequipo","twitter_misc":{"Escrito por":"enequipo","Tiempo de lectura":"1 minuto"},"schema":{"@context":"https:\/\/schema.org","@graph":[{"@type":"Article","@id":"https:\/\/www.sonoraenequipo.com.mx\/carteles-usan-drones-para-atacar-a-fuerzas-de-seguridad-pero-no-son-efectivos-sedena\/#article","isPartOf":{"@id":"https:\/\/www.sonoraenequipo.com.mx\/carteles-usan-drones-para-atacar-a-fuerzas-de-seguridad-pero-no-son-efectivos-sedena\/"},"author":{"name":"enequipo","@id":"https:\/\/www.sonoraenequipo.com.mx\/#\/schema\/person\/50102df0fb23a8fa9e8effad8fa81386"},"headline":"C\u00e1rteles usan drones para atacar a fuerzas de seguridad, pero no son efectivos: Sedena","datePublished":"2021-04-21T18:20:18+00:00","dateModified":"2021-04-21T23:13:23+00:00","mainEntityOfPage":{"@id":"https:\/\/www.sonoraenequipo.com.mx\/carteles-usan-drones-para-atacar-a-fuerzas-de-seguridad-pero-no-son-efectivos-sedena\/"},"wordCount":242,"commentCount":0,"publisher":{"@id":"https:\/\/www.sonoraenequipo.com.mx\/#organization"},"image":{"@id":"https:\/\/www.sonoraenequipo.com.mx\/carteles-usan-drones-para-atacar-a-fuerzas-de-seguridad-pero-no-son-efectivos-sedena\/#primaryimage"},"thumbnailUrl":"https:\/\/www.sonoraenequipo.com.mx\/storage\/2021\/04\/titular-secretaria-defensa-luis-cresencio_0_0_1200_747_opt.jpg","articleSection":["Rep\u00fablica"],"inLanguage":"es","potentialAction":[{"@type":"CommentAction","name":"Comment","target":["https:\/\/www.sonoraenequipo.com.mx\/carteles-usan-drones-para-atacar-a-fuerzas-de-seguridad-pero-no-son-efectivos-sedena\/#respond"]}]},{"@type":"WebPage","@id":"https:\/\/www.sonoraenequipo.com.mx\/carteles-usan-drones-para-atacar-a-fuerzas-de-seguridad-pero-no-son-efectivos-sedena\/","url":"https:\/\/www.sonoraenequipo.com.mx\/carteles-usan-drones-para-atacar-a-fuerzas-de-seguridad-pero-no-son-efectivos-sedena\/","name":"Sonora en Equipo. C\u00e1rteles usan drones para atacar a fuerzas de seguridad, pero no son efectivos: Sedena Rep\u00fablica","isPartOf":{"@id":"https:\/\/www.sonoraenequipo.com.mx\/#website"},"primaryImageOfPage":{"@id":"https:\/\/www.sonoraenequipo.com.mx\/carteles-usan-drones-para-atacar-a-fuerzas-de-seguridad-pero-no-son-efectivos-sedena\/#primaryimage"},"image":{"@id":"https:\/\/www.sonoraenequipo.com.mx\/carteles-usan-drones-para-atacar-a-fuerzas-de-seguridad-pero-no-son-efectivos-sedena\/#primaryimage"},"thumbnailUrl":"https:\/\/www.sonoraenequipo.com.mx\/storage\/2021\/04\/titular-secretaria-defensa-luis-cresencio_0_0_1200_747_opt.jpg","datePublished":"2021-04-21T18:20:18+00:00","dateModified":"2021-04-21T23:13:23+00:00","description":"CIUDAD DE M\u00c9XICO. MX. \u2014 El secretario de la Defensa Nacional, Luis Cresencio Sandoval, inform\u00f3 este d\u00eda (21.04.2021),\u00a0 que los c\u00e1rteles en Jalisco, En Sonora en Equipo publicamos toda la informaci\u00f3n de Sonora, M\u00e9xico y el Mundo de manera oportuna y busca que la libertad de expresi\u00f3n sea real. Visita nuestro medio informativo publicado desde Hermosillo, Sonora. %","breadcrumb":{"@id":"https:\/\/www.sonoraenequipo.com.mx\/carteles-usan-drones-para-atacar-a-fuerzas-de-seguridad-pero-no-son-efectivos-sedena\/#breadcrumb"},"inLanguage":"es","potentialAction":[{"@type":"ReadAction","target":["https:\/\/www.sonoraenequipo.com.mx\/carteles-usan-drones-para-atacar-a-fuerzas-de-seguridad-pero-no-son-efectivos-sedena\/"]}]},{"@type":"ImageObject","inLanguage":"es","@id":"https:\/\/www.sonoraenequipo.com.mx\/carteles-usan-drones-para-atacar-a-fuerzas-de-seguridad-pero-no-son-efectivos-sedena\/#primaryimage","url":"https:\/\/www.sonoraenequipo.com.mx\/storage\/2021\/04\/titular-secretaria-defensa-luis-cresencio_0_0_1200_747_opt.jpg","contentUrl":"https:\/\/www.sonoraenequipo.com.mx\/storage\/2021\/04\/titular-secretaria-defensa-luis-cresencio_0_0_1200_747_opt.jpg","width":643,"height":400},{"@type":"BreadcrumbList","@id":"https:\/\/www.sonoraenequipo.com.mx\/carteles-usan-drones-para-atacar-a-fuerzas-de-seguridad-pero-no-son-efectivos-sedena\/#breadcrumb","itemListElement":[{"@type":"ListItem","position":1,"name":"Portada","item":"https:\/\/www.sonoraenequipo.com.mx\/"},{"@type":"ListItem","position":2,"name":"C\u00e1rteles usan drones para atacar a fuerzas de seguridad, pero no son efectivos: Sedena"}]},{"@type":"WebSite","@id":"https:\/\/www.sonoraenequipo.com.mx\/#website","url":"https:\/\/www.sonoraenequipo.com.mx\/","name":"Sonora en Equipo.","description":"Diario en l\u00ednea con Noticias desde Hermosillo, Sonora","publisher":{"@id":"https:\/\/www.sonoraenequipo.com.mx\/#organization"},"potentialAction":[{"@type":"SearchAction","target":{"@type":"EntryPoint","urlTemplate":"https:\/\/www.sonoraenequipo.com.mx\/?s={search_term_string}"},"query-input":{"@type":"PropertyValueSpecification","valueRequired":true,"valueName":"search_term_string"}}],"inLanguage":"es"},{"@type":"Organization","@id":"https:\/\/www.sonoraenequipo.com.mx\/#organization","name":"Sonoraenequipo.com.mx","url":"https:\/\/www.sonoraenequipo.com.mx\/","logo":{"@type":"ImageObject","inLanguage":"es","@id":"https:\/\/www.sonoraenequipo.com.mx\/#\/schema\/logo\/image\/","url":"https:\/\/www.sonoraenequipo.com.mx\/storage\/2019\/01\/sonoraenequipo_opt.png","contentUrl":"https:\/\/www.sonoraenequipo.com.mx\/storage\/2019\/01\/sonoraenequipo_opt.png","width":375,"height":125,"caption":"Sonoraenequipo.com.mx"},"image":{"@id":"https:\/\/www.sonoraenequipo.com.mx\/#\/schema\/logo\/image\/"},"sameAs":["https:\/\/www.facebook.com\/SonoraEE\/","https:\/\/x.com\/sonoraenequipo","https:\/\/www.youtube.com\/channel\/UC338nW-lPEYmJQs4ZABQ1SQ"]},{"@type":"Person","@id":"https:\/\/www.sonoraenequipo.com.mx\/#\/schema\/person\/50102df0fb23a8fa9e8effad8fa81386","name":"enequipo","image":{"@type":"ImageObject","inLanguage":"es","@id":"https:\/\/www.sonoraenequipo.com.mx\/#\/schema\/person\/image\/","url":"https:\/\/secure.gravatar.com\/avatar\/049821681b589dabc0bc20695993ccebb09f5b5d4d790cd9251b97faac7c652b?s=96&d=blank&r=g","contentUrl":"https:\/\/secure.gravatar.com\/avatar\/049821681b589dabc0bc20695993ccebb09f5b5d4d790cd9251b97faac7c652b?s=96&d=blank&r=g","caption":"enequipo"},"sameAs":["https:\/\/www.facebook.com\/SonoraEE"]}]}},"jetpack_featured_media_url":"https:\/\/www.sonoraenequipo.com.mx\/storage\/2021\/04\/titular-secretaria-defensa-luis-cresencio_0_0_1200_747_opt.jpg","_links":{"self":[{"href":"https:\/\/www.sonoraenequipo.com.mx\/api\/wp\/v2\/posts\/112192","targetHints":{"allow":["GET"]}}],"collection":[{"href":"https:\/\/www.sonoraenequipo.com.mx\/api\/wp\/v2\/posts"}],"about":[{"href":"https:\/\/www.sonoraenequipo.com.mx\/api\/wp\/v2\/types\/post"}],"author":[{"embeddable":true,"href":"https:\/\/www.sonoraenequipo.com.mx\/api\/wp\/v2\/users\/1"}],"replies":[{"embeddable":true,"href":"https:\/\/www.sonoraenequipo.com.mx\/api\/wp\/v2\/comments?post=112192"}],"version-history":[{"count":1,"href":"https:\/\/www.sonoraenequipo.com.mx\/api\/wp\/v2\/posts\/112192\/revisions"}],"predecessor-version":[{"id":112193,"href":"https:\/\/www.sonoraenequipo.com.mx\/api\/wp\/v2\/posts\/112192\/revisions\/112193"}],"wp:featuredmedia":[{"embeddable":true,"href":"https:\/\/www.sonoraenequipo.com.mx\/api\/wp\/v2\/media\/112184"}],"wp:attachment":[{"href":"https:\/\/www.sonoraenequipo.com.mx\/api\/wp\/v2\/media?parent=112192"}],"wp:term":[{"taxonomy":"category","embeddable":true,"href":"https:\/\/www.sonoraenequipo.com.mx\/api\/wp\/v2\/categories?post=112192"},{"taxonomy":"post_tag","embeddable":true,"href":"https:\/\/www.sonoraenequipo.com.mx\/api\/wp\/v2\/tags?post=112192"}],"curies":[{"name":"wp","href":"https:\/\/api.w.org\/{rel}","templated":true}]}}