{"id":112206,"date":"2021-04-21T13:45:32","date_gmt":"2021-04-21T20:45:32","guid":{"rendered":"https:\/\/www.sonoraenequipo.com.mx\/?p=112206"},"modified":"2021-04-21T15:13:12","modified_gmt":"2021-04-21T22:13:12","slug":"guardia-nacional-ya-brinda-proteccion-a-candidatos-previo-a-eleccion-de-junio","status":"publish","type":"post","link":"https:\/\/www.sonoraenequipo.com.mx\/guardia-nacional-ya-brinda-proteccion-a-candidatos-previo-a-eleccion-de-junio\/","title":{"rendered":"Guardia Nacional ya brinda protecci\u00f3n a candidatos previo a elecci\u00f3n de junio"},"content":{"rendered":"<p>CIUDAD DE M\u00c9XICO. MX. \u2014 El comandante de la Guardia Nacional, Luis Rodr\u00edguez Bucio, dio a conocer que integrantes de esta organizaci\u00f3n ya brindan protecci\u00f3n a los candidatos electorales que lo han solicitado.<\/p>\n<p>&nbsp;<\/p>\n<p> <\/p>\n<p>&nbsp;<\/p>\n<p>Durante la conferencia ma\u00f1anera, el titular de la dependencia inform\u00f3 que cuentan con una fuerza operativa de 99 mil 608 elementos, de los que el 85 por ciento se encuentra desplegado en 200 coordinaciones regionales.<\/p>\n<p>&nbsp;<\/p>\n<p>&nbsp;<\/p>\n<p><em>\u201cTenemos personal por la Guardia Nacional promocionando servicios de escolta a candidatos a los puestos de elecci\u00f3n del presente a\u00f1o y que nos corresponden\u201d<\/em>, dijo.<\/p>\n<p>&nbsp;<\/p>\n<p>&nbsp;<\/p>\n<p>Rodr\u00edguez Bucio resalt\u00f3 que del total de su fuerza militar, mil 903 se encuentran realizando actividades administrativas, mientras que 14 mil 814 integrantes del organismo dan apoyo en el resto de las operaciones.<\/p>\n<p>&nbsp;<\/p>\n<p>Debido a los m\u00e1s de 110 candidatos agredidos o amenazados, la Secretar\u00eda de Seguridad y Protecci\u00f3n Ciudadana implement\u00f3 un plan para proteger a los aspirantes a un cargo p\u00fablico. De esta manera, y en coordinaci\u00f3n con autoridades estatales, el gobierno federal ha brindado medidas de protecci\u00f3n a 41 candidatos, de los cuales 22 cuentan con vigilancia de polic\u00edas estatales, 16 de la Guardia Nacional y tres de otras autoridades.<\/p>\n<p>&nbsp;<\/p>\n<p>&nbsp;<\/p>\n<p>La protecci\u00f3n deber\u00e1 ser voluntaria y s\u00f3lo aquellos que lo deseen la recibir\u00e1n, con el prop\u00f3sito de evitar la intromisi\u00f3n de las Fuerzas Armadas en el proceso electoral. Este plan funcionar\u00e1 bajo las instrucciones de los organismos electorales y la Comisi\u00f3n Nacional de los Derechos Humanos (CNDH).<\/p>\n<p>&nbsp;<\/p>\n<p>(Publicada el 21\/04\/2021)<\/p>\n","protected":false},"excerpt":{"rendered":"<p>CIUDAD DE M\u00c9XICO. MX. \u2014 El comandante de la Guardia Nacional, Luis Rodr\u00edguez Bucio, dio&#8230;<\/p>\n","protected":false},"author":1,"featured_media":112207,"comment_status":"open","ping_status":"open","sticky":false,"template":"","format":"standard","meta":{"_monsterinsights_skip_tracking":false,"_monsterinsights_sitenote_active":false,"_monsterinsights_sitenote_note":"","_monsterinsights_sitenote_category":0,"footnotes":""},"categories":[8],"tags":[],"class_list":["post"],"yoast_head":" \n<title>Sonora en Equipo. Guardia Nacional ya brinda protecci\u00f3n a candidatos previo a elecci\u00f3n de junio LA ELECCION 2024<\/title>\n<meta name=\"description\" content=\"CIUDAD DE M\u00c9XICO. MX. \u2014 El comandante de la Guardia Nacional, Luis Rodr\u00edguez Bucio, dio a conocer que integrantes de esta organizaci\u00f3n ya brindan En Sonora en Equipo publicamos toda la informaci\u00f3n de Sonora, M\u00e9xico y el Mundo de manera oportuna y busca que la libertad de expresi\u00f3n sea real. Visita nuestro medio informativo publicado desde Hermosillo, Sonora. %\" \/>\n<meta name=\"robots\" content=\"index, follow, max-snippet:-1, max-image-preview:large, max-video-preview:-1\" \/>\n<link rel=\"canonical\" href=\"https:\/\/www.sonoraenequipo.com.mx\/guardia-nacional-ya-brinda-proteccion-a-candidatos-previo-a-eleccion-de-junio\/\" \/>\n<meta property=\"og:locale\" content=\"es_ES\" \/>\n<meta property=\"og:type\" content=\"article\" \/>\n<meta property=\"og:title\" content=\"Sonora en Equipo. Guardia Nacional ya brinda protecci\u00f3n a candidatos previo a elecci\u00f3n de junio LA ELECCION 2024\" \/>\n<meta property=\"og:description\" content=\"CIUDAD DE M\u00c9XICO. MX. \u2014 El comandante de la Guardia Nacional, Luis Rodr\u00edguez Bucio, dio a conocer que integrantes de esta organizaci\u00f3n ya brindan En Sonora en Equipo publicamos toda la informaci\u00f3n de Sonora, M\u00e9xico y el Mundo de manera oportuna y busca que la libertad de expresi\u00f3n sea real. Visita nuestro medio informativo publicado desde Hermosillo, Sonora. %\" \/>\n<meta property=\"og:url\" content=\"https:\/\/www.sonoraenequipo.com.mx\/guardia-nacional-ya-brinda-proteccion-a-candidatos-previo-a-eleccion-de-junio\/\" \/>\n<meta property=\"og:site_name\" content=\"Sonora en Equipo.\" \/>\n<meta property=\"article:publisher\" content=\"https:\/\/www.facebook.com\/SonoraEE\/\" \/>\n<meta property=\"article:author\" content=\"https:\/\/www.facebook.com\/SonoraEE\" \/>\n<meta property=\"article:published_time\" content=\"2021-04-21T20:45:32+00:00\" \/>\n<meta property=\"article:modified_time\" content=\"2021-04-21T22:13:12+00:00\" \/>\n<meta property=\"og:image\" content=\"https:\/\/www.sonoraenequipo.com.mx\/storage\/2021\/04\/Guardia-Nacional_opt.jpg\" \/>\n\t<meta property=\"og:image:width\" content=\"711\" \/>\n\t<meta property=\"og:image:height\" content=\"400\" \/>\n\t<meta property=\"og:image:type\" content=\"image\/jpeg\" \/>\n<meta name=\"author\" content=\"enequipo\" \/>\n<meta name=\"twitter:card\" content=\"summary_large_image\" \/>\n<meta name=\"twitter:creator\" content=\"@sonoraenequipo\" \/>\n<meta name=\"twitter:site\" content=\"@sonoraenequipo\" \/>\n<meta name=\"twitter:label1\" content=\"Escrito por\" \/>\n\t<meta name=\"twitter:data1\" content=\"enequipo\" \/>\n\t<meta name=\"twitter:label2\" content=\"Tiempo de lectura\" \/>\n\t<meta name=\"twitter:data2\" content=\"2 minutos\" \/>\n<script type=\"application\/ld+json\" class=\"yoast-schema-graph\">{\"@context\":\"https:\/\/schema.org\",\"@graph\":[{\"@type\":\"Article\",\"@id\":\"https:\/\/www.sonoraenequipo.com.mx\/guardia-nacional-ya-brinda-proteccion-a-candidatos-previo-a-eleccion-de-junio\/#article\",\"isPartOf\":{\"@id\":\"https:\/\/www.sonoraenequipo.com.mx\/guardia-nacional-ya-brinda-proteccion-a-candidatos-previo-a-eleccion-de-junio\/\"},\"author\":{\"name\":\"enequipo\",\"@id\":\"https:\/\/www.sonoraenequipo.com.mx\/#\/schema\/person\/50102df0fb23a8fa9e8effad8fa81386\"},\"headline\":\"Guardia Nacional ya brinda protecci\u00f3n a candidatos previo a elecci\u00f3n de junio\",\"datePublished\":\"2021-04-21T20:45:32+00:00\",\"dateModified\":\"2021-04-21T22:13:12+00:00\",\"mainEntityOfPage\":{\"@id\":\"https:\/\/www.sonoraenequipo.com.mx\/guardia-nacional-ya-brinda-proteccion-a-candidatos-previo-a-eleccion-de-junio\/\"},\"wordCount\":277,\"commentCount\":0,\"publisher\":{\"@id\":\"https:\/\/www.sonoraenequipo.com.mx\/#organization\"},\"image\":{\"@id\":\"https:\/\/www.sonoraenequipo.com.mx\/guardia-nacional-ya-brinda-proteccion-a-candidatos-previo-a-eleccion-de-junio\/#primaryimage\"},\"thumbnailUrl\":\"https:\/\/www.sonoraenequipo.com.mx\/storage\/2021\/04\/Guardia-Nacional_opt.jpg\",\"articleSection\":[\"LA ELECCION 2024\"],\"inLanguage\":\"es\",\"potentialAction\":[{\"@type\":\"CommentAction\",\"name\":\"Comment\",\"target\":[\"https:\/\/www.sonoraenequipo.com.mx\/guardia-nacional-ya-brinda-proteccion-a-candidatos-previo-a-eleccion-de-junio\/#respond\"]}]},{\"@type\":\"WebPage\",\"@id\":\"https:\/\/www.sonoraenequipo.com.mx\/guardia-nacional-ya-brinda-proteccion-a-candidatos-previo-a-eleccion-de-junio\/\",\"url\":\"https:\/\/www.sonoraenequipo.com.mx\/guardia-nacional-ya-brinda-proteccion-a-candidatos-previo-a-eleccion-de-junio\/\",\"name\":\"Sonora en Equipo. Guardia Nacional ya brinda protecci\u00f3n a candidatos previo a elecci\u00f3n de junio LA ELECCION 2024\",\"isPartOf\":{\"@id\":\"https:\/\/www.sonoraenequipo.com.mx\/#website\"},\"primaryImageOfPage\":{\"@id\":\"https:\/\/www.sonoraenequipo.com.mx\/guardia-nacional-ya-brinda-proteccion-a-candidatos-previo-a-eleccion-de-junio\/#primaryimage\"},\"image\":{\"@id\":\"https:\/\/www.sonoraenequipo.com.mx\/guardia-nacional-ya-brinda-proteccion-a-candidatos-previo-a-eleccion-de-junio\/#primaryimage\"},\"thumbnailUrl\":\"https:\/\/www.sonoraenequipo.com.mx\/storage\/2021\/04\/Guardia-Nacional_opt.jpg\",\"datePublished\":\"2021-04-21T20:45:32+00:00\",\"dateModified\":\"2021-04-21T22:13:12+00:00\",\"description\":\"CIUDAD DE M\u00c9XICO. MX. \u2014 El comandante de la Guardia Nacional, Luis Rodr\u00edguez Bucio, dio a conocer que integrantes de esta organizaci\u00f3n ya brindan En Sonora en Equipo publicamos toda la informaci\u00f3n de Sonora, M\u00e9xico y el Mundo de manera oportuna y busca que la libertad de expresi\u00f3n sea real. Visita nuestro medio informativo publicado desde Hermosillo, Sonora. %\",\"breadcrumb\":{\"@id\":\"https:\/\/www.sonoraenequipo.com.mx\/guardia-nacional-ya-brinda-proteccion-a-candidatos-previo-a-eleccion-de-junio\/#breadcrumb\"},\"inLanguage\":\"es\",\"potentialAction\":[{\"@type\":\"ReadAction\",\"target\":[\"https:\/\/www.sonoraenequipo.com.mx\/guardia-nacional-ya-brinda-proteccion-a-candidatos-previo-a-eleccion-de-junio\/\"]}]},{\"@type\":\"ImageObject\",\"inLanguage\":\"es\",\"@id\":\"https:\/\/www.sonoraenequipo.com.mx\/guardia-nacional-ya-brinda-proteccion-a-candidatos-previo-a-eleccion-de-junio\/#primaryimage\",\"url\":\"https:\/\/www.sonoraenequipo.com.mx\/storage\/2021\/04\/Guardia-Nacional_opt.jpg\",\"contentUrl\":\"https:\/\/www.sonoraenequipo.com.mx\/storage\/2021\/04\/Guardia-Nacional_opt.jpg\",\"width\":711,\"height\":400},{\"@type\":\"BreadcrumbList\",\"@id\":\"https:\/\/www.sonoraenequipo.com.mx\/guardia-nacional-ya-brinda-proteccion-a-candidatos-previo-a-eleccion-de-junio\/#breadcrumb\",\"itemListElement\":[{\"@type\":\"ListItem\",\"position\":1,\"name\":\"Portada\",\"item\":\"https:\/\/www.sonoraenequipo.com.mx\/\"},{\"@type\":\"ListItem\",\"position\":2,\"name\":\"Guardia Nacional ya brinda protecci\u00f3n a candidatos previo a elecci\u00f3n de junio\"}]},{\"@type\":\"WebSite\",\"@id\":\"https:\/\/www.sonoraenequipo.com.mx\/#website\",\"url\":\"https:\/\/www.sonoraenequipo.com.mx\/\",\"name\":\"Sonora en Equipo.\",\"description\":\"Diario en l\u00ednea con Noticias desde Hermosillo, Sonora\",\"publisher\":{\"@id\":\"https:\/\/www.sonoraenequipo.com.mx\/#organization\"},\"potentialAction\":[{\"@type\":\"SearchAction\",\"target\":{\"@type\":\"EntryPoint\",\"urlTemplate\":\"https:\/\/www.sonoraenequipo.com.mx\/?s={search_term_string}\"},\"query-input\":{\"@type\":\"PropertyValueSpecification\",\"valueRequired\":true,\"valueName\":\"search_term_string\"}}],\"inLanguage\":\"es\"},{\"@type\":\"Organization\",\"@id\":\"https:\/\/www.sonoraenequipo.com.mx\/#organization\",\"name\":\"Sonoraenequipo.com.mx\",\"url\":\"https:\/\/www.sonoraenequipo.com.mx\/\",\"logo\":{\"@type\":\"ImageObject\",\"inLanguage\":\"es\",\"@id\":\"https:\/\/www.sonoraenequipo.com.mx\/#\/schema\/logo\/image\/\",\"url\":\"https:\/\/www.sonoraenequipo.com.mx\/storage\/2019\/01\/sonoraenequipo_opt.png\",\"contentUrl\":\"https:\/\/www.sonoraenequipo.com.mx\/storage\/2019\/01\/sonoraenequipo_opt.png\",\"width\":375,\"height\":125,\"caption\":\"Sonoraenequipo.com.mx\"},\"image\":{\"@id\":\"https:\/\/www.sonoraenequipo.com.mx\/#\/schema\/logo\/image\/\"},\"sameAs\":[\"https:\/\/www.facebook.com\/SonoraEE\/\",\"https:\/\/x.com\/sonoraenequipo\",\"https:\/\/www.youtube.com\/channel\/UC338nW-lPEYmJQs4ZABQ1SQ\"]},{\"@type\":\"Person\",\"@id\":\"https:\/\/www.sonoraenequipo.com.mx\/#\/schema\/person\/50102df0fb23a8fa9e8effad8fa81386\",\"name\":\"enequipo\",\"image\":{\"@type\":\"ImageObject\",\"inLanguage\":\"es\",\"@id\":\"https:\/\/www.sonoraenequipo.com.mx\/#\/schema\/person\/image\/\",\"url\":\"https:\/\/secure.gravatar.com\/avatar\/049821681b589dabc0bc20695993ccebb09f5b5d4d790cd9251b97faac7c652b?s=96&d=blank&r=g\",\"contentUrl\":\"https:\/\/secure.gravatar.com\/avatar\/049821681b589dabc0bc20695993ccebb09f5b5d4d790cd9251b97faac7c652b?s=96&d=blank&r=g\",\"caption\":\"enequipo\"},\"sameAs\":[\"https:\/\/www.facebook.com\/SonoraEE\"]}]}<\/script>\n ","yoast_head_json":{"title":"Sonora en Equipo. Guardia Nacional ya brinda protecci\u00f3n a candidatos previo a elecci\u00f3n de junio LA ELECCION 2024","description":"CIUDAD DE M\u00c9XICO. MX. \u2014 El comandante de la Guardia Nacional, Luis Rodr\u00edguez Bucio, dio a conocer que integrantes de esta organizaci\u00f3n ya brindan En Sonora en Equipo publicamos toda la informaci\u00f3n de Sonora, M\u00e9xico y el Mundo de manera oportuna y busca que la libertad de expresi\u00f3n sea real. Visita nuestro medio informativo publicado desde Hermosillo, Sonora. %","robots":{"index":"index","follow":"follow","max-snippet":"max-snippet:-1","max-image-preview":"max-image-preview:large","max-video-preview":"max-video-preview:-1"},"canonical":"https:\/\/www.sonoraenequipo.com.mx\/guardia-nacional-ya-brinda-proteccion-a-candidatos-previo-a-eleccion-de-junio\/","og_locale":"es_ES","og_type":"article","og_title":"Sonora en Equipo. Guardia Nacional ya brinda protecci\u00f3n a candidatos previo a elecci\u00f3n de junio LA ELECCION 2024","og_description":"CIUDAD DE M\u00c9XICO. MX. \u2014 El comandante de la Guardia Nacional, Luis Rodr\u00edguez Bucio, dio a conocer que integrantes de esta organizaci\u00f3n ya brindan En Sonora en Equipo publicamos toda la informaci\u00f3n de Sonora, M\u00e9xico y el Mundo de manera oportuna y busca que la libertad de expresi\u00f3n sea real. Visita nuestro medio informativo publicado desde Hermosillo, Sonora. %","og_url":"https:\/\/www.sonoraenequipo.com.mx\/guardia-nacional-ya-brinda-proteccion-a-candidatos-previo-a-eleccion-de-junio\/","og_site_name":"Sonora en Equipo.","article_publisher":"https:\/\/www.facebook.com\/SonoraEE\/","article_author":"https:\/\/www.facebook.com\/SonoraEE","article_published_time":"2021-04-21T20:45:32+00:00","article_modified_time":"2021-04-21T22:13:12+00:00","og_image":[{"width":711,"height":400,"url":"https:\/\/www.sonoraenequipo.com.mx\/storage\/2021\/04\/Guardia-Nacional_opt.jpg","type":"image\/jpeg"}],"author":"enequipo","twitter_card":"summary_large_image","twitter_creator":"@sonoraenequipo","twitter_site":"@sonoraenequipo","twitter_misc":{"Escrito por":"enequipo","Tiempo de lectura":"2 minutos"},"schema":{"@context":"https:\/\/schema.org","@graph":[{"@type":"Article","@id":"https:\/\/www.sonoraenequipo.com.mx\/guardia-nacional-ya-brinda-proteccion-a-candidatos-previo-a-eleccion-de-junio\/#article","isPartOf":{"@id":"https:\/\/www.sonoraenequipo.com.mx\/guardia-nacional-ya-brinda-proteccion-a-candidatos-previo-a-eleccion-de-junio\/"},"author":{"name":"enequipo","@id":"https:\/\/www.sonoraenequipo.com.mx\/#\/schema\/person\/50102df0fb23a8fa9e8effad8fa81386"},"headline":"Guardia Nacional ya brinda protecci\u00f3n a candidatos previo a elecci\u00f3n de junio","datePublished":"2021-04-21T20:45:32+00:00","dateModified":"2021-04-21T22:13:12+00:00","mainEntityOfPage":{"@id":"https:\/\/www.sonoraenequipo.com.mx\/guardia-nacional-ya-brinda-proteccion-a-candidatos-previo-a-eleccion-de-junio\/"},"wordCount":277,"commentCount":0,"publisher":{"@id":"https:\/\/www.sonoraenequipo.com.mx\/#organization"},"image":{"@id":"https:\/\/www.sonoraenequipo.com.mx\/guardia-nacional-ya-brinda-proteccion-a-candidatos-previo-a-eleccion-de-junio\/#primaryimage"},"thumbnailUrl":"https:\/\/www.sonoraenequipo.com.mx\/storage\/2021\/04\/Guardia-Nacional_opt.jpg","articleSection":["LA ELECCION 2024"],"inLanguage":"es","potentialAction":[{"@type":"CommentAction","name":"Comment","target":["https:\/\/www.sonoraenequipo.com.mx\/guardia-nacional-ya-brinda-proteccion-a-candidatos-previo-a-eleccion-de-junio\/#respond"]}]},{"@type":"WebPage","@id":"https:\/\/www.sonoraenequipo.com.mx\/guardia-nacional-ya-brinda-proteccion-a-candidatos-previo-a-eleccion-de-junio\/","url":"https:\/\/www.sonoraenequipo.com.mx\/guardia-nacional-ya-brinda-proteccion-a-candidatos-previo-a-eleccion-de-junio\/","name":"Sonora en Equipo. Guardia Nacional ya brinda protecci\u00f3n a candidatos previo a elecci\u00f3n de junio LA ELECCION 2024","isPartOf":{"@id":"https:\/\/www.sonoraenequipo.com.mx\/#website"},"primaryImageOfPage":{"@id":"https:\/\/www.sonoraenequipo.com.mx\/guardia-nacional-ya-brinda-proteccion-a-candidatos-previo-a-eleccion-de-junio\/#primaryimage"},"image":{"@id":"https:\/\/www.sonoraenequipo.com.mx\/guardia-nacional-ya-brinda-proteccion-a-candidatos-previo-a-eleccion-de-junio\/#primaryimage"},"thumbnailUrl":"https:\/\/www.sonoraenequipo.com.mx\/storage\/2021\/04\/Guardia-Nacional_opt.jpg","datePublished":"2021-04-21T20:45:32+00:00","dateModified":"2021-04-21T22:13:12+00:00","description":"CIUDAD DE M\u00c9XICO. MX. \u2014 El comandante de la Guardia Nacional, Luis Rodr\u00edguez Bucio, dio a conocer que integrantes de esta organizaci\u00f3n ya brindan En Sonora en Equipo publicamos toda la informaci\u00f3n de Sonora, M\u00e9xico y el Mundo de manera oportuna y busca que la libertad de expresi\u00f3n sea real. Visita nuestro medio informativo publicado desde Hermosillo, Sonora. %","breadcrumb":{"@id":"https:\/\/www.sonoraenequipo.com.mx\/guardia-nacional-ya-brinda-proteccion-a-candidatos-previo-a-eleccion-de-junio\/#breadcrumb"},"inLanguage":"es","potentialAction":[{"@type":"ReadAction","target":["https:\/\/www.sonoraenequipo.com.mx\/guardia-nacional-ya-brinda-proteccion-a-candidatos-previo-a-eleccion-de-junio\/"]}]},{"@type":"ImageObject","inLanguage":"es","@id":"https:\/\/www.sonoraenequipo.com.mx\/guardia-nacional-ya-brinda-proteccion-a-candidatos-previo-a-eleccion-de-junio\/#primaryimage","url":"https:\/\/www.sonoraenequipo.com.mx\/storage\/2021\/04\/Guardia-Nacional_opt.jpg","contentUrl":"https:\/\/www.sonoraenequipo.com.mx\/storage\/2021\/04\/Guardia-Nacional_opt.jpg","width":711,"height":400},{"@type":"BreadcrumbList","@id":"https:\/\/www.sonoraenequipo.com.mx\/guardia-nacional-ya-brinda-proteccion-a-candidatos-previo-a-eleccion-de-junio\/#breadcrumb","itemListElement":[{"@type":"ListItem","position":1,"name":"Portada","item":"https:\/\/www.sonoraenequipo.com.mx\/"},{"@type":"ListItem","position":2,"name":"Guardia Nacional ya brinda protecci\u00f3n a candidatos previo a elecci\u00f3n de junio"}]},{"@type":"WebSite","@id":"https:\/\/www.sonoraenequipo.com.mx\/#website","url":"https:\/\/www.sonoraenequipo.com.mx\/","name":"Sonora en Equipo.","description":"Diario en l\u00ednea con Noticias desde Hermosillo, Sonora","publisher":{"@id":"https:\/\/www.sonoraenequipo.com.mx\/#organization"},"potentialAction":[{"@type":"SearchAction","target":{"@type":"EntryPoint","urlTemplate":"https:\/\/www.sonoraenequipo.com.mx\/?s={search_term_string}"},"query-input":{"@type":"PropertyValueSpecification","valueRequired":true,"valueName":"search_term_string"}}],"inLanguage":"es"},{"@type":"Organization","@id":"https:\/\/www.sonoraenequipo.com.mx\/#organization","name":"Sonoraenequipo.com.mx","url":"https:\/\/www.sonoraenequipo.com.mx\/","logo":{"@type":"ImageObject","inLanguage":"es","@id":"https:\/\/www.sonoraenequipo.com.mx\/#\/schema\/logo\/image\/","url":"https:\/\/www.sonoraenequipo.com.mx\/storage\/2019\/01\/sonoraenequipo_opt.png","contentUrl":"https:\/\/www.sonoraenequipo.com.mx\/storage\/2019\/01\/sonoraenequipo_opt.png","width":375,"height":125,"caption":"Sonoraenequipo.com.mx"},"image":{"@id":"https:\/\/www.sonoraenequipo.com.mx\/#\/schema\/logo\/image\/"},"sameAs":["https:\/\/www.facebook.com\/SonoraEE\/","https:\/\/x.com\/sonoraenequipo","https:\/\/www.youtube.com\/channel\/UC338nW-lPEYmJQs4ZABQ1SQ"]},{"@type":"Person","@id":"https:\/\/www.sonoraenequipo.com.mx\/#\/schema\/person\/50102df0fb23a8fa9e8effad8fa81386","name":"enequipo","image":{"@type":"ImageObject","inLanguage":"es","@id":"https:\/\/www.sonoraenequipo.com.mx\/#\/schema\/person\/image\/","url":"https:\/\/secure.gravatar.com\/avatar\/049821681b589dabc0bc20695993ccebb09f5b5d4d790cd9251b97faac7c652b?s=96&d=blank&r=g","contentUrl":"https:\/\/secure.gravatar.com\/avatar\/049821681b589dabc0bc20695993ccebb09f5b5d4d790cd9251b97faac7c652b?s=96&d=blank&r=g","caption":"enequipo"},"sameAs":["https:\/\/www.facebook.com\/SonoraEE"]}]}},"jetpack_featured_media_url":"https:\/\/www.sonoraenequipo.com.mx\/storage\/2021\/04\/Guardia-Nacional_opt.jpg","_links":{"self":[{"href":"https:\/\/www.sonoraenequipo.com.mx\/api\/wp\/v2\/posts\/112206","targetHints":{"allow":["GET"]}}],"collection":[{"href":"https:\/\/www.sonoraenequipo.com.mx\/api\/wp\/v2\/posts"}],"about":[{"href":"https:\/\/www.sonoraenequipo.com.mx\/api\/wp\/v2\/types\/post"}],"author":[{"embeddable":true,"href":"https:\/\/www.sonoraenequipo.com.mx\/api\/wp\/v2\/users\/1"}],"replies":[{"embeddable":true,"href":"https:\/\/www.sonoraenequipo.com.mx\/api\/wp\/v2\/comments?post=112206"}],"version-history":[{"count":1,"href":"https:\/\/www.sonoraenequipo.com.mx\/api\/wp\/v2\/posts\/112206\/revisions"}],"predecessor-version":[{"id":112208,"href":"https:\/\/www.sonoraenequipo.com.mx\/api\/wp\/v2\/posts\/112206\/revisions\/112208"}],"wp:featuredmedia":[{"embeddable":true,"href":"https:\/\/www.sonoraenequipo.com.mx\/api\/wp\/v2\/media\/112207"}],"wp:attachment":[{"href":"https:\/\/www.sonoraenequipo.com.mx\/api\/wp\/v2\/media?parent=112206"}],"wp:term":[{"taxonomy":"category","embeddable":true,"href":"https:\/\/www.sonoraenequipo.com.mx\/api\/wp\/v2\/categories?post=112206"},{"taxonomy":"post_tag","embeddable":true,"href":"https:\/\/www.sonoraenequipo.com.mx\/api\/wp\/v2\/tags?post=112206"}],"curies":[{"name":"wp","href":"https:\/\/api.w.org\/{rel}","templated":true}]}}