{"id":112209,"date":"2021-04-21T09:20:22","date_gmt":"2021-04-21T16:20:22","guid":{"rendered":"https:\/\/www.sonoraenequipo.com.mx\/?p=112209"},"modified":"2021-04-21T15:48:31","modified_gmt":"2021-04-21T22:48:31","slug":"salgado-asegura-que-entrego-el-informe-de-precampana-en-enero-y-su-partido-lo-presento-hasta-marzo","status":"publish","type":"post","link":"https:\/\/www.sonoraenequipo.com.mx\/salgado-asegura-que-entrego-el-informe-de-precampana-en-enero-y-su-partido-lo-presento-hasta-marzo\/","title":{"rendered":"Salgado asegura que entreg\u00f3 el informe de precampa\u00f1a en enero y su partido lo present\u00f3 hasta marzo"},"content":{"rendered":"<p>CIUDAD DE M\u00c9XICO. MX.\u2014 F\u00e9lix Salgado culp\u00f3 a su partido pol\u00edtico, Morena, por no presentar el informe de gastos de precampa\u00f1a a la gubernatura de Guerrero y que provoc\u00f3 que el Instituto Nacional Electoral (INE) le retirara su candidatura.<\/p>\n<p>&nbsp;<\/p>\n<p> <\/p>\n<p>&nbsp;<\/p>\n<p>En la impugnaci\u00f3n de dicho acuerdo del Consejo general del INE, el senador con licencia revel\u00f3 que el pasado 9 de enero present\u00f3 dicho informe de gastos de precampa\u00f1a a Morena y el 22 de marzo, m\u00e1s de dos meses despu\u00e9s, el partido lo entreg\u00f3 al organismo electoral.<\/p>\n<p>&nbsp;<\/p>\n<p>&nbsp;<\/p>\n<p><em>\u201cQueda evidenciado que Morena no dio la oportunidad de que el suscrito pudiera presentar informe, adem\u00e1s de que reconoce que no propici\u00f3 las condiciones al suscrito para poder rendirlo, lo que deja patente que la responsabilidad es \u00fanica y exclusiva de dicho instituto pol\u00edtico.<\/em><\/p>\n<p>&nbsp;<\/p>\n<p>&nbsp;<\/p>\n<p><em>\u201cAdem\u00e1s, se reitera, son los partidos quienes deber\u00e1n presentar los informes de precampa\u00f1a para cada uno de los precandidatos registrados para cada tipo de precampa\u00f1a especificando el origen y monto de los ingresos, as\u00ed como de los gastos registrados, hecho que aconteci\u00f3 para el suscrito, pues en calidad de aspirante a la candidatura del estado de Guerrero, present\u00e9 ante el partido Morena el informe que la responsable ha dejado de valorar porque sostiene que el partido present\u00f3 dicho informe en fecha 22 de marzo y ya no fue posible valorar, pero insisto, la responsabilidad de presentarlo fue del partido , toda vez que el impugnante no tuvo acceso al sistema de fiscalizaci\u00f3n\u201d.<\/em><\/p>\n<p>&nbsp;<\/p>\n<p>En el escrito de 128 p\u00e1ginas, Salgado argument\u00f3 en reiteradas ocasiones la responsabilidad del partido que dirige Mario Delgado por la omisi\u00f3n de no entregar al INE el informe de gastos de precampa\u00f1a, y se remiti\u00f3 al art\u00edculo 79 de la Ley General de Partidos, por lo que insisti\u00f3 en lo desproporcionado de la sanci\u00f3n al retirarle la candidatura.<\/p>\n<p>&nbsp;<\/p>\n<p><em>\u201cSi un precandidato no entrega su informe de gastos puede deberse a distintos factores que le impidan realizarlo, unos pueden deberse exclusivamente a la voluntad del precandidato, pero otros v\u00e1lidamente pueden deberse a causas ajenas a \u00e9ste imputables al partido, como acontece en el caso.<\/em><\/p>\n<p>&nbsp;<\/p>\n<p><em>\u201cDebe concluirse que esa aparente conducta infractora, no se encuadr\u00f3 la hip\u00f3tesis normativa por faltar el elemento esencial de voluntariedad, no debe perderse de vista que desde el momento en que lo entregu\u00e9 al partido, la responsabilidad de hacerlo llegar al Instituto Nacional Electoral fue del partido pol\u00edtico Morena, pues como lo he sostenido, el suscrito nunca tuvo acceso al sistema de fiscalizaci\u00f3n y por ende fue material y jur\u00eddicamente imposible entregarlo a la responsable, m\u00e1xime que tampoco me fue requerido por la Unidad T\u00e9cnica de Fiscalizaci\u00f3n como queda demostrado\u201d.<\/em><\/p>\n<p>&nbsp;<\/p>\n<p>&nbsp;<\/p>\n<p>(Publicada el 21\/04\/2021 \/ Pedro Dom\u00ednguez y Jos\u00e9 Antonio Belmont)<\/p>\n","protected":false},"excerpt":{"rendered":"<p>CIUDAD DE M\u00c9XICO. MX.\u2014 F\u00e9lix Salgado culp\u00f3 a su partido pol\u00edtico, Morena, por no presentar&#8230;<\/p>\n","protected":false},"author":1,"featured_media":112213,"comment_status":"open","ping_status":"open","sticky":false,"template":"","format":"standard","meta":{"_monsterinsights_skip_tracking":false,"_monsterinsights_sitenote_active":false,"_monsterinsights_sitenote_note":"","_monsterinsights_sitenote_category":0,"footnotes":""},"categories":[8],"tags":[],"class_list":["post"],"yoast_head":" \n<title>Sonora en Equipo. Salgado asegura que entreg\u00f3 el informe de precampa\u00f1a en enero y su partido lo present\u00f3 hasta marzo LA ELECCION 2024<\/title>\n<meta name=\"description\" content=\"CIUDAD DE M\u00c9XICO. MX.\u2014 F\u00e9lix Salgado culp\u00f3 a su partido pol\u00edtico, Morena, por no presentar el informe de gastos de precampa\u00f1a a la gubernatura de Guerrero En Sonora en Equipo publicamos toda la informaci\u00f3n de Sonora, M\u00e9xico y el Mundo de manera oportuna y busca que la libertad de expresi\u00f3n sea real. Visita nuestro medio informativo publicado desde Hermosillo, Sonora. %\" \/>\n<meta name=\"robots\" content=\"index, follow, max-snippet:-1, max-image-preview:large, max-video-preview:-1\" \/>\n<link rel=\"canonical\" href=\"https:\/\/www.sonoraenequipo.com.mx\/salgado-asegura-que-entrego-el-informe-de-precampana-en-enero-y-su-partido-lo-presento-hasta-marzo\/\" \/>\n<meta property=\"og:locale\" content=\"es_ES\" \/>\n<meta property=\"og:type\" content=\"article\" \/>\n<meta property=\"og:title\" content=\"Sonora en Equipo. Salgado asegura que entreg\u00f3 el informe de precampa\u00f1a en enero y su partido lo present\u00f3 hasta marzo LA ELECCION 2024\" \/>\n<meta property=\"og:description\" content=\"CIUDAD DE M\u00c9XICO. MX.\u2014 F\u00e9lix Salgado culp\u00f3 a su partido pol\u00edtico, Morena, por no presentar el informe de gastos de precampa\u00f1a a la gubernatura de Guerrero En Sonora en Equipo publicamos toda la informaci\u00f3n de Sonora, M\u00e9xico y el Mundo de manera oportuna y busca que la libertad de expresi\u00f3n sea real. Visita nuestro medio informativo publicado desde Hermosillo, Sonora. %\" \/>\n<meta property=\"og:url\" content=\"https:\/\/www.sonoraenequipo.com.mx\/salgado-asegura-que-entrego-el-informe-de-precampana-en-enero-y-su-partido-lo-presento-hasta-marzo\/\" \/>\n<meta property=\"og:site_name\" content=\"Sonora en Equipo.\" \/>\n<meta property=\"article:publisher\" content=\"https:\/\/www.facebook.com\/SonoraEE\/\" \/>\n<meta property=\"article:author\" content=\"https:\/\/www.facebook.com\/SonoraEE\" \/>\n<meta property=\"article:published_time\" content=\"2021-04-21T16:20:22+00:00\" \/>\n<meta property=\"article:modified_time\" content=\"2021-04-21T22:48:31+00:00\" \/>\n<meta property=\"og:image\" content=\"https:\/\/www.sonoraenequipo.com.mx\/storage\/2021\/04\/ine-volver-quitar-registro-felix_opt.jpg\" \/>\n\t<meta property=\"og:image:width\" content=\"804\" \/>\n\t<meta property=\"og:image:height\" content=\"500\" \/>\n\t<meta property=\"og:image:type\" content=\"image\/jpeg\" \/>\n<meta name=\"author\" content=\"enequipo\" \/>\n<meta name=\"twitter:card\" content=\"summary_large_image\" \/>\n<meta name=\"twitter:creator\" content=\"@sonoraenequipo\" \/>\n<meta name=\"twitter:site\" content=\"@sonoraenequipo\" \/>\n<meta name=\"twitter:label1\" content=\"Escrito por\" \/>\n\t<meta name=\"twitter:data1\" content=\"enequipo\" \/>\n\t<meta name=\"twitter:label2\" content=\"Tiempo de lectura\" \/>\n\t<meta name=\"twitter:data2\" content=\"2 minutos\" \/>\n<script type=\"application\/ld+json\" class=\"yoast-schema-graph\">{\"@context\":\"https:\/\/schema.org\",\"@graph\":[{\"@type\":\"Article\",\"@id\":\"https:\/\/www.sonoraenequipo.com.mx\/salgado-asegura-que-entrego-el-informe-de-precampana-en-enero-y-su-partido-lo-presento-hasta-marzo\/#article\",\"isPartOf\":{\"@id\":\"https:\/\/www.sonoraenequipo.com.mx\/salgado-asegura-que-entrego-el-informe-de-precampana-en-enero-y-su-partido-lo-presento-hasta-marzo\/\"},\"author\":{\"name\":\"enequipo\",\"@id\":\"https:\/\/www.sonoraenequipo.com.mx\/#\/schema\/person\/50102df0fb23a8fa9e8effad8fa81386\"},\"headline\":\"Salgado asegura que entreg\u00f3 el informe de precampa\u00f1a en enero y su partido lo present\u00f3 hasta marzo\",\"datePublished\":\"2021-04-21T16:20:22+00:00\",\"dateModified\":\"2021-04-21T22:48:31+00:00\",\"mainEntityOfPage\":{\"@id\":\"https:\/\/www.sonoraenequipo.com.mx\/salgado-asegura-que-entrego-el-informe-de-precampana-en-enero-y-su-partido-lo-presento-hasta-marzo\/\"},\"wordCount\":497,\"commentCount\":0,\"publisher\":{\"@id\":\"https:\/\/www.sonoraenequipo.com.mx\/#organization\"},\"image\":{\"@id\":\"https:\/\/www.sonoraenequipo.com.mx\/salgado-asegura-que-entrego-el-informe-de-precampana-en-enero-y-su-partido-lo-presento-hasta-marzo\/#primaryimage\"},\"thumbnailUrl\":\"https:\/\/www.sonoraenequipo.com.mx\/storage\/2021\/04\/ine-volver-quitar-registro-felix_opt.jpg\",\"articleSection\":[\"LA ELECCION 2024\"],\"inLanguage\":\"es\",\"potentialAction\":[{\"@type\":\"CommentAction\",\"name\":\"Comment\",\"target\":[\"https:\/\/www.sonoraenequipo.com.mx\/salgado-asegura-que-entrego-el-informe-de-precampana-en-enero-y-su-partido-lo-presento-hasta-marzo\/#respond\"]}]},{\"@type\":\"WebPage\",\"@id\":\"https:\/\/www.sonoraenequipo.com.mx\/salgado-asegura-que-entrego-el-informe-de-precampana-en-enero-y-su-partido-lo-presento-hasta-marzo\/\",\"url\":\"https:\/\/www.sonoraenequipo.com.mx\/salgado-asegura-que-entrego-el-informe-de-precampana-en-enero-y-su-partido-lo-presento-hasta-marzo\/\",\"name\":\"Sonora en Equipo. Salgado asegura que entreg\u00f3 el informe de precampa\u00f1a en enero y su partido lo present\u00f3 hasta marzo LA ELECCION 2024\",\"isPartOf\":{\"@id\":\"https:\/\/www.sonoraenequipo.com.mx\/#website\"},\"primaryImageOfPage\":{\"@id\":\"https:\/\/www.sonoraenequipo.com.mx\/salgado-asegura-que-entrego-el-informe-de-precampana-en-enero-y-su-partido-lo-presento-hasta-marzo\/#primaryimage\"},\"image\":{\"@id\":\"https:\/\/www.sonoraenequipo.com.mx\/salgado-asegura-que-entrego-el-informe-de-precampana-en-enero-y-su-partido-lo-presento-hasta-marzo\/#primaryimage\"},\"thumbnailUrl\":\"https:\/\/www.sonoraenequipo.com.mx\/storage\/2021\/04\/ine-volver-quitar-registro-felix_opt.jpg\",\"datePublished\":\"2021-04-21T16:20:22+00:00\",\"dateModified\":\"2021-04-21T22:48:31+00:00\",\"description\":\"CIUDAD DE M\u00c9XICO. MX.\u2014 F\u00e9lix Salgado culp\u00f3 a su partido pol\u00edtico, Morena, por no presentar el informe de gastos de precampa\u00f1a a la gubernatura de Guerrero En Sonora en Equipo publicamos toda la informaci\u00f3n de Sonora, M\u00e9xico y el Mundo de manera oportuna y busca que la libertad de expresi\u00f3n sea real. Visita nuestro medio informativo publicado desde Hermosillo, Sonora. %\",\"breadcrumb\":{\"@id\":\"https:\/\/www.sonoraenequipo.com.mx\/salgado-asegura-que-entrego-el-informe-de-precampana-en-enero-y-su-partido-lo-presento-hasta-marzo\/#breadcrumb\"},\"inLanguage\":\"es\",\"potentialAction\":[{\"@type\":\"ReadAction\",\"target\":[\"https:\/\/www.sonoraenequipo.com.mx\/salgado-asegura-que-entrego-el-informe-de-precampana-en-enero-y-su-partido-lo-presento-hasta-marzo\/\"]}]},{\"@type\":\"ImageObject\",\"inLanguage\":\"es\",\"@id\":\"https:\/\/www.sonoraenequipo.com.mx\/salgado-asegura-que-entrego-el-informe-de-precampana-en-enero-y-su-partido-lo-presento-hasta-marzo\/#primaryimage\",\"url\":\"https:\/\/www.sonoraenequipo.com.mx\/storage\/2021\/04\/ine-volver-quitar-registro-felix_opt.jpg\",\"contentUrl\":\"https:\/\/www.sonoraenequipo.com.mx\/storage\/2021\/04\/ine-volver-quitar-registro-felix_opt.jpg\",\"width\":804,\"height\":500},{\"@type\":\"BreadcrumbList\",\"@id\":\"https:\/\/www.sonoraenequipo.com.mx\/salgado-asegura-que-entrego-el-informe-de-precampana-en-enero-y-su-partido-lo-presento-hasta-marzo\/#breadcrumb\",\"itemListElement\":[{\"@type\":\"ListItem\",\"position\":1,\"name\":\"Portada\",\"item\":\"https:\/\/www.sonoraenequipo.com.mx\/\"},{\"@type\":\"ListItem\",\"position\":2,\"name\":\"Salgado asegura que entreg\u00f3 el informe de precampa\u00f1a en enero y su partido lo present\u00f3 hasta marzo\"}]},{\"@type\":\"WebSite\",\"@id\":\"https:\/\/www.sonoraenequipo.com.mx\/#website\",\"url\":\"https:\/\/www.sonoraenequipo.com.mx\/\",\"name\":\"Sonora en Equipo.\",\"description\":\"Diario en l\u00ednea con Noticias desde Hermosillo, Sonora\",\"publisher\":{\"@id\":\"https:\/\/www.sonoraenequipo.com.mx\/#organization\"},\"potentialAction\":[{\"@type\":\"SearchAction\",\"target\":{\"@type\":\"EntryPoint\",\"urlTemplate\":\"https:\/\/www.sonoraenequipo.com.mx\/?s={search_term_string}\"},\"query-input\":{\"@type\":\"PropertyValueSpecification\",\"valueRequired\":true,\"valueName\":\"search_term_string\"}}],\"inLanguage\":\"es\"},{\"@type\":\"Organization\",\"@id\":\"https:\/\/www.sonoraenequipo.com.mx\/#organization\",\"name\":\"Sonoraenequipo.com.mx\",\"url\":\"https:\/\/www.sonoraenequipo.com.mx\/\",\"logo\":{\"@type\":\"ImageObject\",\"inLanguage\":\"es\",\"@id\":\"https:\/\/www.sonoraenequipo.com.mx\/#\/schema\/logo\/image\/\",\"url\":\"https:\/\/www.sonoraenequipo.com.mx\/storage\/2019\/01\/sonoraenequipo_opt.png\",\"contentUrl\":\"https:\/\/www.sonoraenequipo.com.mx\/storage\/2019\/01\/sonoraenequipo_opt.png\",\"width\":375,\"height\":125,\"caption\":\"Sonoraenequipo.com.mx\"},\"image\":{\"@id\":\"https:\/\/www.sonoraenequipo.com.mx\/#\/schema\/logo\/image\/\"},\"sameAs\":[\"https:\/\/www.facebook.com\/SonoraEE\/\",\"https:\/\/x.com\/sonoraenequipo\",\"https:\/\/www.youtube.com\/channel\/UC338nW-lPEYmJQs4ZABQ1SQ\"]},{\"@type\":\"Person\",\"@id\":\"https:\/\/www.sonoraenequipo.com.mx\/#\/schema\/person\/50102df0fb23a8fa9e8effad8fa81386\",\"name\":\"enequipo\",\"image\":{\"@type\":\"ImageObject\",\"inLanguage\":\"es\",\"@id\":\"https:\/\/www.sonoraenequipo.com.mx\/#\/schema\/person\/image\/\",\"url\":\"https:\/\/secure.gravatar.com\/avatar\/049821681b589dabc0bc20695993ccebb09f5b5d4d790cd9251b97faac7c652b?s=96&d=blank&r=g\",\"contentUrl\":\"https:\/\/secure.gravatar.com\/avatar\/049821681b589dabc0bc20695993ccebb09f5b5d4d790cd9251b97faac7c652b?s=96&d=blank&r=g\",\"caption\":\"enequipo\"},\"sameAs\":[\"https:\/\/www.facebook.com\/SonoraEE\"]}]}<\/script>\n ","yoast_head_json":{"title":"Sonora en Equipo. Salgado asegura que entreg\u00f3 el informe de precampa\u00f1a en enero y su partido lo present\u00f3 hasta marzo LA ELECCION 2024","description":"CIUDAD DE M\u00c9XICO. MX.\u2014 F\u00e9lix Salgado culp\u00f3 a su partido pol\u00edtico, Morena, por no presentar el informe de gastos de precampa\u00f1a a la gubernatura de Guerrero En Sonora en Equipo publicamos toda la informaci\u00f3n de Sonora, M\u00e9xico y el Mundo de manera oportuna y busca que la libertad de expresi\u00f3n sea real. Visita nuestro medio informativo publicado desde Hermosillo, Sonora. %","robots":{"index":"index","follow":"follow","max-snippet":"max-snippet:-1","max-image-preview":"max-image-preview:large","max-video-preview":"max-video-preview:-1"},"canonical":"https:\/\/www.sonoraenequipo.com.mx\/salgado-asegura-que-entrego-el-informe-de-precampana-en-enero-y-su-partido-lo-presento-hasta-marzo\/","og_locale":"es_ES","og_type":"article","og_title":"Sonora en Equipo. Salgado asegura que entreg\u00f3 el informe de precampa\u00f1a en enero y su partido lo present\u00f3 hasta marzo LA ELECCION 2024","og_description":"CIUDAD DE M\u00c9XICO. MX.\u2014 F\u00e9lix Salgado culp\u00f3 a su partido pol\u00edtico, Morena, por no presentar el informe de gastos de precampa\u00f1a a la gubernatura de Guerrero En Sonora en Equipo publicamos toda la informaci\u00f3n de Sonora, M\u00e9xico y el Mundo de manera oportuna y busca que la libertad de expresi\u00f3n sea real. Visita nuestro medio informativo publicado desde Hermosillo, Sonora. %","og_url":"https:\/\/www.sonoraenequipo.com.mx\/salgado-asegura-que-entrego-el-informe-de-precampana-en-enero-y-su-partido-lo-presento-hasta-marzo\/","og_site_name":"Sonora en Equipo.","article_publisher":"https:\/\/www.facebook.com\/SonoraEE\/","article_author":"https:\/\/www.facebook.com\/SonoraEE","article_published_time":"2021-04-21T16:20:22+00:00","article_modified_time":"2021-04-21T22:48:31+00:00","og_image":[{"width":804,"height":500,"url":"https:\/\/www.sonoraenequipo.com.mx\/storage\/2021\/04\/ine-volver-quitar-registro-felix_opt.jpg","type":"image\/jpeg"}],"author":"enequipo","twitter_card":"summary_large_image","twitter_creator":"@sonoraenequipo","twitter_site":"@sonoraenequipo","twitter_misc":{"Escrito por":"enequipo","Tiempo de lectura":"2 minutos"},"schema":{"@context":"https:\/\/schema.org","@graph":[{"@type":"Article","@id":"https:\/\/www.sonoraenequipo.com.mx\/salgado-asegura-que-entrego-el-informe-de-precampana-en-enero-y-su-partido-lo-presento-hasta-marzo\/#article","isPartOf":{"@id":"https:\/\/www.sonoraenequipo.com.mx\/salgado-asegura-que-entrego-el-informe-de-precampana-en-enero-y-su-partido-lo-presento-hasta-marzo\/"},"author":{"name":"enequipo","@id":"https:\/\/www.sonoraenequipo.com.mx\/#\/schema\/person\/50102df0fb23a8fa9e8effad8fa81386"},"headline":"Salgado asegura que entreg\u00f3 el informe de precampa\u00f1a en enero y su partido lo present\u00f3 hasta marzo","datePublished":"2021-04-21T16:20:22+00:00","dateModified":"2021-04-21T22:48:31+00:00","mainEntityOfPage":{"@id":"https:\/\/www.sonoraenequipo.com.mx\/salgado-asegura-que-entrego-el-informe-de-precampana-en-enero-y-su-partido-lo-presento-hasta-marzo\/"},"wordCount":497,"commentCount":0,"publisher":{"@id":"https:\/\/www.sonoraenequipo.com.mx\/#organization"},"image":{"@id":"https:\/\/www.sonoraenequipo.com.mx\/salgado-asegura-que-entrego-el-informe-de-precampana-en-enero-y-su-partido-lo-presento-hasta-marzo\/#primaryimage"},"thumbnailUrl":"https:\/\/www.sonoraenequipo.com.mx\/storage\/2021\/04\/ine-volver-quitar-registro-felix_opt.jpg","articleSection":["LA ELECCION 2024"],"inLanguage":"es","potentialAction":[{"@type":"CommentAction","name":"Comment","target":["https:\/\/www.sonoraenequipo.com.mx\/salgado-asegura-que-entrego-el-informe-de-precampana-en-enero-y-su-partido-lo-presento-hasta-marzo\/#respond"]}]},{"@type":"WebPage","@id":"https:\/\/www.sonoraenequipo.com.mx\/salgado-asegura-que-entrego-el-informe-de-precampana-en-enero-y-su-partido-lo-presento-hasta-marzo\/","url":"https:\/\/www.sonoraenequipo.com.mx\/salgado-asegura-que-entrego-el-informe-de-precampana-en-enero-y-su-partido-lo-presento-hasta-marzo\/","name":"Sonora en Equipo. Salgado asegura que entreg\u00f3 el informe de precampa\u00f1a en enero y su partido lo present\u00f3 hasta marzo LA ELECCION 2024","isPartOf":{"@id":"https:\/\/www.sonoraenequipo.com.mx\/#website"},"primaryImageOfPage":{"@id":"https:\/\/www.sonoraenequipo.com.mx\/salgado-asegura-que-entrego-el-informe-de-precampana-en-enero-y-su-partido-lo-presento-hasta-marzo\/#primaryimage"},"image":{"@id":"https:\/\/www.sonoraenequipo.com.mx\/salgado-asegura-que-entrego-el-informe-de-precampana-en-enero-y-su-partido-lo-presento-hasta-marzo\/#primaryimage"},"thumbnailUrl":"https:\/\/www.sonoraenequipo.com.mx\/storage\/2021\/04\/ine-volver-quitar-registro-felix_opt.jpg","datePublished":"2021-04-21T16:20:22+00:00","dateModified":"2021-04-21T22:48:31+00:00","description":"CIUDAD DE M\u00c9XICO. MX.\u2014 F\u00e9lix Salgado culp\u00f3 a su partido pol\u00edtico, Morena, por no presentar el informe de gastos de precampa\u00f1a a la gubernatura de Guerrero En Sonora en Equipo publicamos toda la informaci\u00f3n de Sonora, M\u00e9xico y el Mundo de manera oportuna y busca que la libertad de expresi\u00f3n sea real. Visita nuestro medio informativo publicado desde Hermosillo, Sonora. %","breadcrumb":{"@id":"https:\/\/www.sonoraenequipo.com.mx\/salgado-asegura-que-entrego-el-informe-de-precampana-en-enero-y-su-partido-lo-presento-hasta-marzo\/#breadcrumb"},"inLanguage":"es","potentialAction":[{"@type":"ReadAction","target":["https:\/\/www.sonoraenequipo.com.mx\/salgado-asegura-que-entrego-el-informe-de-precampana-en-enero-y-su-partido-lo-presento-hasta-marzo\/"]}]},{"@type":"ImageObject","inLanguage":"es","@id":"https:\/\/www.sonoraenequipo.com.mx\/salgado-asegura-que-entrego-el-informe-de-precampana-en-enero-y-su-partido-lo-presento-hasta-marzo\/#primaryimage","url":"https:\/\/www.sonoraenequipo.com.mx\/storage\/2021\/04\/ine-volver-quitar-registro-felix_opt.jpg","contentUrl":"https:\/\/www.sonoraenequipo.com.mx\/storage\/2021\/04\/ine-volver-quitar-registro-felix_opt.jpg","width":804,"height":500},{"@type":"BreadcrumbList","@id":"https:\/\/www.sonoraenequipo.com.mx\/salgado-asegura-que-entrego-el-informe-de-precampana-en-enero-y-su-partido-lo-presento-hasta-marzo\/#breadcrumb","itemListElement":[{"@type":"ListItem","position":1,"name":"Portada","item":"https:\/\/www.sonoraenequipo.com.mx\/"},{"@type":"ListItem","position":2,"name":"Salgado asegura que entreg\u00f3 el informe de precampa\u00f1a en enero y su partido lo present\u00f3 hasta marzo"}]},{"@type":"WebSite","@id":"https:\/\/www.sonoraenequipo.com.mx\/#website","url":"https:\/\/www.sonoraenequipo.com.mx\/","name":"Sonora en Equipo.","description":"Diario en l\u00ednea con Noticias desde Hermosillo, Sonora","publisher":{"@id":"https:\/\/www.sonoraenequipo.com.mx\/#organization"},"potentialAction":[{"@type":"SearchAction","target":{"@type":"EntryPoint","urlTemplate":"https:\/\/www.sonoraenequipo.com.mx\/?s={search_term_string}"},"query-input":{"@type":"PropertyValueSpecification","valueRequired":true,"valueName":"search_term_string"}}],"inLanguage":"es"},{"@type":"Organization","@id":"https:\/\/www.sonoraenequipo.com.mx\/#organization","name":"Sonoraenequipo.com.mx","url":"https:\/\/www.sonoraenequipo.com.mx\/","logo":{"@type":"ImageObject","inLanguage":"es","@id":"https:\/\/www.sonoraenequipo.com.mx\/#\/schema\/logo\/image\/","url":"https:\/\/www.sonoraenequipo.com.mx\/storage\/2019\/01\/sonoraenequipo_opt.png","contentUrl":"https:\/\/www.sonoraenequipo.com.mx\/storage\/2019\/01\/sonoraenequipo_opt.png","width":375,"height":125,"caption":"Sonoraenequipo.com.mx"},"image":{"@id":"https:\/\/www.sonoraenequipo.com.mx\/#\/schema\/logo\/image\/"},"sameAs":["https:\/\/www.facebook.com\/SonoraEE\/","https:\/\/x.com\/sonoraenequipo","https:\/\/www.youtube.com\/channel\/UC338nW-lPEYmJQs4ZABQ1SQ"]},{"@type":"Person","@id":"https:\/\/www.sonoraenequipo.com.mx\/#\/schema\/person\/50102df0fb23a8fa9e8effad8fa81386","name":"enequipo","image":{"@type":"ImageObject","inLanguage":"es","@id":"https:\/\/www.sonoraenequipo.com.mx\/#\/schema\/person\/image\/","url":"https:\/\/secure.gravatar.com\/avatar\/049821681b589dabc0bc20695993ccebb09f5b5d4d790cd9251b97faac7c652b?s=96&d=blank&r=g","contentUrl":"https:\/\/secure.gravatar.com\/avatar\/049821681b589dabc0bc20695993ccebb09f5b5d4d790cd9251b97faac7c652b?s=96&d=blank&r=g","caption":"enequipo"},"sameAs":["https:\/\/www.facebook.com\/SonoraEE"]}]}},"jetpack_featured_media_url":"https:\/\/www.sonoraenequipo.com.mx\/storage\/2021\/04\/ine-volver-quitar-registro-felix_opt.jpg","_links":{"self":[{"href":"https:\/\/www.sonoraenequipo.com.mx\/api\/wp\/v2\/posts\/112209","targetHints":{"allow":["GET"]}}],"collection":[{"href":"https:\/\/www.sonoraenequipo.com.mx\/api\/wp\/v2\/posts"}],"about":[{"href":"https:\/\/www.sonoraenequipo.com.mx\/api\/wp\/v2\/types\/post"}],"author":[{"embeddable":true,"href":"https:\/\/www.sonoraenequipo.com.mx\/api\/wp\/v2\/users\/1"}],"replies":[{"embeddable":true,"href":"https:\/\/www.sonoraenequipo.com.mx\/api\/wp\/v2\/comments?post=112209"}],"version-history":[{"count":1,"href":"https:\/\/www.sonoraenequipo.com.mx\/api\/wp\/v2\/posts\/112209\/revisions"}],"predecessor-version":[{"id":112214,"href":"https:\/\/www.sonoraenequipo.com.mx\/api\/wp\/v2\/posts\/112209\/revisions\/112214"}],"wp:featuredmedia":[{"embeddable":true,"href":"https:\/\/www.sonoraenequipo.com.mx\/api\/wp\/v2\/media\/112213"}],"wp:attachment":[{"href":"https:\/\/www.sonoraenequipo.com.mx\/api\/wp\/v2\/media?parent=112209"}],"wp:term":[{"taxonomy":"category","embeddable":true,"href":"https:\/\/www.sonoraenequipo.com.mx\/api\/wp\/v2\/categories?post=112209"},{"taxonomy":"post_tag","embeddable":true,"href":"https:\/\/www.sonoraenequipo.com.mx\/api\/wp\/v2\/tags?post=112209"}],"curies":[{"name":"wp","href":"https:\/\/api.w.org\/{rel}","templated":true}]}}