{"id":112216,"date":"2021-04-21T07:15:37","date_gmt":"2021-04-21T14:15:37","guid":{"rendered":"https:\/\/www.sonoraenequipo.com.mx\/?p=112216"},"modified":"2021-04-21T16:10:29","modified_gmt":"2021-04-21T23:10:29","slug":"gobierno-de-mexico-reporta-baja-del-4-6-en-homicidios-dolosos","status":"publish","type":"post","link":"https:\/\/www.sonoraenequipo.com.mx\/gobierno-de-mexico-reporta-baja-del-4-6-en-homicidios-dolosos\/","title":{"rendered":"Gobierno de M\u00e9xico reporta baja del 4.6% en homicidios dolosos"},"content":{"rendered":"<p>CIUDAD DE M\u00c9XICO. MX.\u2014 El subsecretario de Seguridad y Protecci\u00f3n Ciudadana, Ricardo Mej\u00eda Berdeja, asegur\u00f3 que el gobierno combatir\u00e1 la primera suspensi\u00f3n provisional concedida contra el padr\u00f3n de telefon\u00eda m\u00f3vil. Adem\u00e1s, acus\u00f3 que la decisi\u00f3n fue tomada por un juez \u201cde contentillo que act\u00faa de queda bien\u201d, beneficiando a la industria privada.<\/p>\n<p>&nbsp;<\/p>\n<p> <\/p>\n<p>&nbsp;<\/p>\n<p>En La Ma\u00f1anera, el funcionario record\u00f3 que el objetivo del padr\u00f3n es evitar que la delincuencia organizada se beneficia del anonimato en la telefon\u00eda m\u00f3vil de prepago, y se cometan secuestros, extorsiones o trata de personas. Sin embargo, apunt\u00f3 que, aunque todav\u00eda no se han publicado los lineamientos, ya existe una suspensi\u00f3n en contra de la reforma.<\/p>\n<p>&nbsp;<\/p>\n<p>&nbsp;<\/p>\n<p><em>\u201cHa sido tal el inter\u00e9s de privilegiar las ventas que un juez a modo, un juez por encargo, (\u2026) un juez de contentillo que act\u00faa de queda bien ya otorg\u00f3, de manera fr\u00edvola, una suspensi\u00f3n provisional que se va a combatir\u201d,<\/em> dijo.<\/p>\n<p>&nbsp;<\/p>\n<p>Mej\u00eda Berdeja sostuvo que ya se prepara una defensa para hacer que la ley se aplique. Al mismo tiempo, record\u00f3 que la captura de datos biom\u00e9tricos ya es implementada por organismos p\u00fablicos y privados, pues tanto los bancos, como el Servicio de Administraci\u00f3n Tributaria o el Instituto Mexicano del Seguro Social hacen uso de esta informaci\u00f3n.<\/p>\n<p>&nbsp;<\/p>\n<p>&nbsp;<\/p>\n<p><em>\u201c\u00bfPor qu\u00e9 esta oposici\u00f3n tan fuerte? Porque hay quien defiende modelo de ventas, nosotros: un modelo de seguridad. Hay 155 pa\u00edses que tienen registro obligatorio de tel\u00e9fono m\u00f3vil, hablamos de pa\u00edses de diferente \u00edndole, como India, Jap\u00f3n, Alemania, Francia, Singapur, Espa\u00f1a, Per\u00fa, Argentina o B\u00e9lgica\u201d,<\/em> resalt\u00f3.<\/p>\n<p>&nbsp;<\/p>\n<p>&nbsp;<\/p>\n<p>Del mismo modo, el subsecretario explic\u00f3 que nueve de cada 10 llamadas relacionadas con extorsiones se realizan desde celulares de prepago, mientras que en casos de secuestro se han documentado m\u00e1s de 20 n\u00fameros de esta \u00edndole utilizados por delincuentes para llamar a familiares.<\/p>\n<p>&nbsp;<\/p>\n<p>&nbsp;<\/p>\n<p>Adem\u00e1s, junto a las armas decomisadas en operativos, es com\u00fan encontrar tarjetas SIM de prepago utilizadas. \u201cQueremos que los delincuentes no se escuden en el anonimato, vamos a seguir defendiendo este padr\u00f3n, que es por la seguridad, ojal\u00e1 que hubiera jueces que defiendan al pueblo con esa celeridad\u201d, reiter\u00f3.\u200b<\/p>\n<p>&nbsp;<\/p>\n<p>&nbsp;<\/p>\n<p>&nbsp;<\/p>\n<p>(Publicada el 21\/04\/2021)<\/p>\n","protected":false},"excerpt":{"rendered":"<p>CIUDAD DE M\u00c9XICO. MX.\u2014 El subsecretario de Seguridad y Protecci\u00f3n Ciudadana, Ricardo Mej\u00eda Berdeja, asegur\u00f3&#8230;<\/p>\n","protected":false},"author":1,"featured_media":112220,"comment_status":"open","ping_status":"open","sticky":false,"template":"","format":"standard","meta":{"_monsterinsights_skip_tracking":false,"_monsterinsights_sitenote_active":false,"_monsterinsights_sitenote_note":"","_monsterinsights_sitenote_category":0,"footnotes":""},"categories":[5],"tags":[],"class_list":["post"],"yoast_head":" \n<title>Sonora en Equipo. Gobierno de M\u00e9xico reporta baja del 4.6% en homicidios dolosos Rep\u00fablica<\/title>\n<meta name=\"description\" content=\"CIUDAD DE M\u00c9XICO. MX.\u2014 El subsecretario de Seguridad y Protecci\u00f3n Ciudadana, Ricardo Mej\u00eda Berdeja, asegur\u00f3 que el gobierno combatir\u00e1 la primera En Sonora en Equipo publicamos toda la informaci\u00f3n de Sonora, M\u00e9xico y el Mundo de manera oportuna y busca que la libertad de expresi\u00f3n sea real. Visita nuestro medio informativo publicado desde Hermosillo, Sonora. %\" \/>\n<meta name=\"robots\" content=\"index, follow, max-snippet:-1, max-image-preview:large, max-video-preview:-1\" \/>\n<link rel=\"canonical\" href=\"https:\/\/www.sonoraenequipo.com.mx\/gobierno-de-mexico-reporta-baja-del-4-6-en-homicidios-dolosos\/\" \/>\n<meta property=\"og:locale\" content=\"es_ES\" \/>\n<meta property=\"og:type\" content=\"article\" \/>\n<meta property=\"og:title\" content=\"Sonora en Equipo. Gobierno de M\u00e9xico reporta baja del 4.6% en homicidios dolosos Rep\u00fablica\" \/>\n<meta property=\"og:description\" content=\"CIUDAD DE M\u00c9XICO. MX.\u2014 El subsecretario de Seguridad y Protecci\u00f3n Ciudadana, Ricardo Mej\u00eda Berdeja, asegur\u00f3 que el gobierno combatir\u00e1 la primera En Sonora en Equipo publicamos toda la informaci\u00f3n de Sonora, M\u00e9xico y el Mundo de manera oportuna y busca que la libertad de expresi\u00f3n sea real. Visita nuestro medio informativo publicado desde Hermosillo, Sonora. %\" \/>\n<meta property=\"og:url\" content=\"https:\/\/www.sonoraenequipo.com.mx\/gobierno-de-mexico-reporta-baja-del-4-6-en-homicidios-dolosos\/\" \/>\n<meta property=\"og:site_name\" content=\"Sonora en Equipo.\" \/>\n<meta property=\"article:publisher\" content=\"https:\/\/www.facebook.com\/SonoraEE\/\" \/>\n<meta property=\"article:author\" content=\"https:\/\/www.facebook.com\/SonoraEE\" \/>\n<meta property=\"article:published_time\" content=\"2021-04-21T14:15:37+00:00\" \/>\n<meta property=\"article:modified_time\" content=\"2021-04-21T23:10:29+00:00\" \/>\n<meta property=\"og:image\" content=\"https:\/\/www.sonoraenequipo.com.mx\/storage\/2021\/04\/sec-de-seguridadpublica_opt.jpg\" \/>\n\t<meta property=\"og:image:width\" content=\"889\" \/>\n\t<meta property=\"og:image:height\" content=\"500\" \/>\n\t<meta property=\"og:image:type\" content=\"image\/jpeg\" \/>\n<meta name=\"author\" content=\"enequipo\" \/>\n<meta name=\"twitter:card\" content=\"summary_large_image\" \/>\n<meta name=\"twitter:creator\" content=\"@sonoraenequipo\" \/>\n<meta name=\"twitter:site\" content=\"@sonoraenequipo\" \/>\n<meta name=\"twitter:label1\" content=\"Escrito por\" \/>\n\t<meta name=\"twitter:data1\" content=\"enequipo\" \/>\n\t<meta name=\"twitter:label2\" content=\"Tiempo de lectura\" \/>\n\t<meta name=\"twitter:data2\" content=\"2 minutos\" \/>\n<script type=\"application\/ld+json\" class=\"yoast-schema-graph\">{\"@context\":\"https:\/\/schema.org\",\"@graph\":[{\"@type\":\"Article\",\"@id\":\"https:\/\/www.sonoraenequipo.com.mx\/gobierno-de-mexico-reporta-baja-del-4-6-en-homicidios-dolosos\/#article\",\"isPartOf\":{\"@id\":\"https:\/\/www.sonoraenequipo.com.mx\/gobierno-de-mexico-reporta-baja-del-4-6-en-homicidios-dolosos\/\"},\"author\":{\"name\":\"enequipo\",\"@id\":\"https:\/\/www.sonoraenequipo.com.mx\/#\/schema\/person\/50102df0fb23a8fa9e8effad8fa81386\"},\"headline\":\"Gobierno de M\u00e9xico reporta baja del 4.6% en homicidios dolosos\",\"datePublished\":\"2021-04-21T14:15:37+00:00\",\"dateModified\":\"2021-04-21T23:10:29+00:00\",\"mainEntityOfPage\":{\"@id\":\"https:\/\/www.sonoraenequipo.com.mx\/gobierno-de-mexico-reporta-baja-del-4-6-en-homicidios-dolosos\/\"},\"wordCount\":406,\"commentCount\":0,\"publisher\":{\"@id\":\"https:\/\/www.sonoraenequipo.com.mx\/#organization\"},\"image\":{\"@id\":\"https:\/\/www.sonoraenequipo.com.mx\/gobierno-de-mexico-reporta-baja-del-4-6-en-homicidios-dolosos\/#primaryimage\"},\"thumbnailUrl\":\"https:\/\/www.sonoraenequipo.com.mx\/storage\/2021\/04\/sec-de-seguridadpublica_opt.jpg\",\"articleSection\":[\"Rep\u00fablica\"],\"inLanguage\":\"es\",\"potentialAction\":[{\"@type\":\"CommentAction\",\"name\":\"Comment\",\"target\":[\"https:\/\/www.sonoraenequipo.com.mx\/gobierno-de-mexico-reporta-baja-del-4-6-en-homicidios-dolosos\/#respond\"]}]},{\"@type\":\"WebPage\",\"@id\":\"https:\/\/www.sonoraenequipo.com.mx\/gobierno-de-mexico-reporta-baja-del-4-6-en-homicidios-dolosos\/\",\"url\":\"https:\/\/www.sonoraenequipo.com.mx\/gobierno-de-mexico-reporta-baja-del-4-6-en-homicidios-dolosos\/\",\"name\":\"Sonora en Equipo. Gobierno de M\u00e9xico reporta baja del 4.6% en homicidios dolosos Rep\u00fablica\",\"isPartOf\":{\"@id\":\"https:\/\/www.sonoraenequipo.com.mx\/#website\"},\"primaryImageOfPage\":{\"@id\":\"https:\/\/www.sonoraenequipo.com.mx\/gobierno-de-mexico-reporta-baja-del-4-6-en-homicidios-dolosos\/#primaryimage\"},\"image\":{\"@id\":\"https:\/\/www.sonoraenequipo.com.mx\/gobierno-de-mexico-reporta-baja-del-4-6-en-homicidios-dolosos\/#primaryimage\"},\"thumbnailUrl\":\"https:\/\/www.sonoraenequipo.com.mx\/storage\/2021\/04\/sec-de-seguridadpublica_opt.jpg\",\"datePublished\":\"2021-04-21T14:15:37+00:00\",\"dateModified\":\"2021-04-21T23:10:29+00:00\",\"description\":\"CIUDAD DE M\u00c9XICO. MX.\u2014 El subsecretario de Seguridad y Protecci\u00f3n Ciudadana, Ricardo Mej\u00eda Berdeja, asegur\u00f3 que el gobierno combatir\u00e1 la primera En Sonora en Equipo publicamos toda la informaci\u00f3n de Sonora, M\u00e9xico y el Mundo de manera oportuna y busca que la libertad de expresi\u00f3n sea real. Visita nuestro medio informativo publicado desde Hermosillo, Sonora. %\",\"breadcrumb\":{\"@id\":\"https:\/\/www.sonoraenequipo.com.mx\/gobierno-de-mexico-reporta-baja-del-4-6-en-homicidios-dolosos\/#breadcrumb\"},\"inLanguage\":\"es\",\"potentialAction\":[{\"@type\":\"ReadAction\",\"target\":[\"https:\/\/www.sonoraenequipo.com.mx\/gobierno-de-mexico-reporta-baja-del-4-6-en-homicidios-dolosos\/\"]}]},{\"@type\":\"ImageObject\",\"inLanguage\":\"es\",\"@id\":\"https:\/\/www.sonoraenequipo.com.mx\/gobierno-de-mexico-reporta-baja-del-4-6-en-homicidios-dolosos\/#primaryimage\",\"url\":\"https:\/\/www.sonoraenequipo.com.mx\/storage\/2021\/04\/sec-de-seguridadpublica_opt.jpg\",\"contentUrl\":\"https:\/\/www.sonoraenequipo.com.mx\/storage\/2021\/04\/sec-de-seguridadpublica_opt.jpg\",\"width\":889,\"height\":500},{\"@type\":\"BreadcrumbList\",\"@id\":\"https:\/\/www.sonoraenequipo.com.mx\/gobierno-de-mexico-reporta-baja-del-4-6-en-homicidios-dolosos\/#breadcrumb\",\"itemListElement\":[{\"@type\":\"ListItem\",\"position\":1,\"name\":\"Portada\",\"item\":\"https:\/\/www.sonoraenequipo.com.mx\/\"},{\"@type\":\"ListItem\",\"position\":2,\"name\":\"Gobierno de M\u00e9xico reporta baja del 4.6% en homicidios dolosos\"}]},{\"@type\":\"WebSite\",\"@id\":\"https:\/\/www.sonoraenequipo.com.mx\/#website\",\"url\":\"https:\/\/www.sonoraenequipo.com.mx\/\",\"name\":\"Sonora en Equipo.\",\"description\":\"Diario en l\u00ednea con Noticias desde Hermosillo, Sonora\",\"publisher\":{\"@id\":\"https:\/\/www.sonoraenequipo.com.mx\/#organization\"},\"potentialAction\":[{\"@type\":\"SearchAction\",\"target\":{\"@type\":\"EntryPoint\",\"urlTemplate\":\"https:\/\/www.sonoraenequipo.com.mx\/?s={search_term_string}\"},\"query-input\":{\"@type\":\"PropertyValueSpecification\",\"valueRequired\":true,\"valueName\":\"search_term_string\"}}],\"inLanguage\":\"es\"},{\"@type\":\"Organization\",\"@id\":\"https:\/\/www.sonoraenequipo.com.mx\/#organization\",\"name\":\"Sonoraenequipo.com.mx\",\"url\":\"https:\/\/www.sonoraenequipo.com.mx\/\",\"logo\":{\"@type\":\"ImageObject\",\"inLanguage\":\"es\",\"@id\":\"https:\/\/www.sonoraenequipo.com.mx\/#\/schema\/logo\/image\/\",\"url\":\"https:\/\/www.sonoraenequipo.com.mx\/storage\/2019\/01\/sonoraenequipo_opt.png\",\"contentUrl\":\"https:\/\/www.sonoraenequipo.com.mx\/storage\/2019\/01\/sonoraenequipo_opt.png\",\"width\":375,\"height\":125,\"caption\":\"Sonoraenequipo.com.mx\"},\"image\":{\"@id\":\"https:\/\/www.sonoraenequipo.com.mx\/#\/schema\/logo\/image\/\"},\"sameAs\":[\"https:\/\/www.facebook.com\/SonoraEE\/\",\"https:\/\/x.com\/sonoraenequipo\",\"https:\/\/www.youtube.com\/channel\/UC338nW-lPEYmJQs4ZABQ1SQ\"]},{\"@type\":\"Person\",\"@id\":\"https:\/\/www.sonoraenequipo.com.mx\/#\/schema\/person\/50102df0fb23a8fa9e8effad8fa81386\",\"name\":\"enequipo\",\"image\":{\"@type\":\"ImageObject\",\"inLanguage\":\"es\",\"@id\":\"https:\/\/www.sonoraenequipo.com.mx\/#\/schema\/person\/image\/\",\"url\":\"https:\/\/secure.gravatar.com\/avatar\/049821681b589dabc0bc20695993ccebb09f5b5d4d790cd9251b97faac7c652b?s=96&d=blank&r=g\",\"contentUrl\":\"https:\/\/secure.gravatar.com\/avatar\/049821681b589dabc0bc20695993ccebb09f5b5d4d790cd9251b97faac7c652b?s=96&d=blank&r=g\",\"caption\":\"enequipo\"},\"sameAs\":[\"https:\/\/www.facebook.com\/SonoraEE\"]}]}<\/script>\n ","yoast_head_json":{"title":"Sonora en Equipo. Gobierno de M\u00e9xico reporta baja del 4.6% en homicidios dolosos Rep\u00fablica","description":"CIUDAD DE M\u00c9XICO. MX.\u2014 El subsecretario de Seguridad y Protecci\u00f3n Ciudadana, Ricardo Mej\u00eda Berdeja, asegur\u00f3 que el gobierno combatir\u00e1 la primera En Sonora en Equipo publicamos toda la informaci\u00f3n de Sonora, M\u00e9xico y el Mundo de manera oportuna y busca que la libertad de expresi\u00f3n sea real. Visita nuestro medio informativo publicado desde Hermosillo, Sonora. %","robots":{"index":"index","follow":"follow","max-snippet":"max-snippet:-1","max-image-preview":"max-image-preview:large","max-video-preview":"max-video-preview:-1"},"canonical":"https:\/\/www.sonoraenequipo.com.mx\/gobierno-de-mexico-reporta-baja-del-4-6-en-homicidios-dolosos\/","og_locale":"es_ES","og_type":"article","og_title":"Sonora en Equipo. Gobierno de M\u00e9xico reporta baja del 4.6% en homicidios dolosos Rep\u00fablica","og_description":"CIUDAD DE M\u00c9XICO. MX.\u2014 El subsecretario de Seguridad y Protecci\u00f3n Ciudadana, Ricardo Mej\u00eda Berdeja, asegur\u00f3 que el gobierno combatir\u00e1 la primera En Sonora en Equipo publicamos toda la informaci\u00f3n de Sonora, M\u00e9xico y el Mundo de manera oportuna y busca que la libertad de expresi\u00f3n sea real. Visita nuestro medio informativo publicado desde Hermosillo, Sonora. %","og_url":"https:\/\/www.sonoraenequipo.com.mx\/gobierno-de-mexico-reporta-baja-del-4-6-en-homicidios-dolosos\/","og_site_name":"Sonora en Equipo.","article_publisher":"https:\/\/www.facebook.com\/SonoraEE\/","article_author":"https:\/\/www.facebook.com\/SonoraEE","article_published_time":"2021-04-21T14:15:37+00:00","article_modified_time":"2021-04-21T23:10:29+00:00","og_image":[{"width":889,"height":500,"url":"https:\/\/www.sonoraenequipo.com.mx\/storage\/2021\/04\/sec-de-seguridadpublica_opt.jpg","type":"image\/jpeg"}],"author":"enequipo","twitter_card":"summary_large_image","twitter_creator":"@sonoraenequipo","twitter_site":"@sonoraenequipo","twitter_misc":{"Escrito por":"enequipo","Tiempo de lectura":"2 minutos"},"schema":{"@context":"https:\/\/schema.org","@graph":[{"@type":"Article","@id":"https:\/\/www.sonoraenequipo.com.mx\/gobierno-de-mexico-reporta-baja-del-4-6-en-homicidios-dolosos\/#article","isPartOf":{"@id":"https:\/\/www.sonoraenequipo.com.mx\/gobierno-de-mexico-reporta-baja-del-4-6-en-homicidios-dolosos\/"},"author":{"name":"enequipo","@id":"https:\/\/www.sonoraenequipo.com.mx\/#\/schema\/person\/50102df0fb23a8fa9e8effad8fa81386"},"headline":"Gobierno de M\u00e9xico reporta baja del 4.6% en homicidios dolosos","datePublished":"2021-04-21T14:15:37+00:00","dateModified":"2021-04-21T23:10:29+00:00","mainEntityOfPage":{"@id":"https:\/\/www.sonoraenequipo.com.mx\/gobierno-de-mexico-reporta-baja-del-4-6-en-homicidios-dolosos\/"},"wordCount":406,"commentCount":0,"publisher":{"@id":"https:\/\/www.sonoraenequipo.com.mx\/#organization"},"image":{"@id":"https:\/\/www.sonoraenequipo.com.mx\/gobierno-de-mexico-reporta-baja-del-4-6-en-homicidios-dolosos\/#primaryimage"},"thumbnailUrl":"https:\/\/www.sonoraenequipo.com.mx\/storage\/2021\/04\/sec-de-seguridadpublica_opt.jpg","articleSection":["Rep\u00fablica"],"inLanguage":"es","potentialAction":[{"@type":"CommentAction","name":"Comment","target":["https:\/\/www.sonoraenequipo.com.mx\/gobierno-de-mexico-reporta-baja-del-4-6-en-homicidios-dolosos\/#respond"]}]},{"@type":"WebPage","@id":"https:\/\/www.sonoraenequipo.com.mx\/gobierno-de-mexico-reporta-baja-del-4-6-en-homicidios-dolosos\/","url":"https:\/\/www.sonoraenequipo.com.mx\/gobierno-de-mexico-reporta-baja-del-4-6-en-homicidios-dolosos\/","name":"Sonora en Equipo. Gobierno de M\u00e9xico reporta baja del 4.6% en homicidios dolosos Rep\u00fablica","isPartOf":{"@id":"https:\/\/www.sonoraenequipo.com.mx\/#website"},"primaryImageOfPage":{"@id":"https:\/\/www.sonoraenequipo.com.mx\/gobierno-de-mexico-reporta-baja-del-4-6-en-homicidios-dolosos\/#primaryimage"},"image":{"@id":"https:\/\/www.sonoraenequipo.com.mx\/gobierno-de-mexico-reporta-baja-del-4-6-en-homicidios-dolosos\/#primaryimage"},"thumbnailUrl":"https:\/\/www.sonoraenequipo.com.mx\/storage\/2021\/04\/sec-de-seguridadpublica_opt.jpg","datePublished":"2021-04-21T14:15:37+00:00","dateModified":"2021-04-21T23:10:29+00:00","description":"CIUDAD DE M\u00c9XICO. MX.\u2014 El subsecretario de Seguridad y Protecci\u00f3n Ciudadana, Ricardo Mej\u00eda Berdeja, asegur\u00f3 que el gobierno combatir\u00e1 la primera En Sonora en Equipo publicamos toda la informaci\u00f3n de Sonora, M\u00e9xico y el Mundo de manera oportuna y busca que la libertad de expresi\u00f3n sea real. Visita nuestro medio informativo publicado desde Hermosillo, Sonora. %","breadcrumb":{"@id":"https:\/\/www.sonoraenequipo.com.mx\/gobierno-de-mexico-reporta-baja-del-4-6-en-homicidios-dolosos\/#breadcrumb"},"inLanguage":"es","potentialAction":[{"@type":"ReadAction","target":["https:\/\/www.sonoraenequipo.com.mx\/gobierno-de-mexico-reporta-baja-del-4-6-en-homicidios-dolosos\/"]}]},{"@type":"ImageObject","inLanguage":"es","@id":"https:\/\/www.sonoraenequipo.com.mx\/gobierno-de-mexico-reporta-baja-del-4-6-en-homicidios-dolosos\/#primaryimage","url":"https:\/\/www.sonoraenequipo.com.mx\/storage\/2021\/04\/sec-de-seguridadpublica_opt.jpg","contentUrl":"https:\/\/www.sonoraenequipo.com.mx\/storage\/2021\/04\/sec-de-seguridadpublica_opt.jpg","width":889,"height":500},{"@type":"BreadcrumbList","@id":"https:\/\/www.sonoraenequipo.com.mx\/gobierno-de-mexico-reporta-baja-del-4-6-en-homicidios-dolosos\/#breadcrumb","itemListElement":[{"@type":"ListItem","position":1,"name":"Portada","item":"https:\/\/www.sonoraenequipo.com.mx\/"},{"@type":"ListItem","position":2,"name":"Gobierno de M\u00e9xico reporta baja del 4.6% en homicidios dolosos"}]},{"@type":"WebSite","@id":"https:\/\/www.sonoraenequipo.com.mx\/#website","url":"https:\/\/www.sonoraenequipo.com.mx\/","name":"Sonora en Equipo.","description":"Diario en l\u00ednea con Noticias desde Hermosillo, Sonora","publisher":{"@id":"https:\/\/www.sonoraenequipo.com.mx\/#organization"},"potentialAction":[{"@type":"SearchAction","target":{"@type":"EntryPoint","urlTemplate":"https:\/\/www.sonoraenequipo.com.mx\/?s={search_term_string}"},"query-input":{"@type":"PropertyValueSpecification","valueRequired":true,"valueName":"search_term_string"}}],"inLanguage":"es"},{"@type":"Organization","@id":"https:\/\/www.sonoraenequipo.com.mx\/#organization","name":"Sonoraenequipo.com.mx","url":"https:\/\/www.sonoraenequipo.com.mx\/","logo":{"@type":"ImageObject","inLanguage":"es","@id":"https:\/\/www.sonoraenequipo.com.mx\/#\/schema\/logo\/image\/","url":"https:\/\/www.sonoraenequipo.com.mx\/storage\/2019\/01\/sonoraenequipo_opt.png","contentUrl":"https:\/\/www.sonoraenequipo.com.mx\/storage\/2019\/01\/sonoraenequipo_opt.png","width":375,"height":125,"caption":"Sonoraenequipo.com.mx"},"image":{"@id":"https:\/\/www.sonoraenequipo.com.mx\/#\/schema\/logo\/image\/"},"sameAs":["https:\/\/www.facebook.com\/SonoraEE\/","https:\/\/x.com\/sonoraenequipo","https:\/\/www.youtube.com\/channel\/UC338nW-lPEYmJQs4ZABQ1SQ"]},{"@type":"Person","@id":"https:\/\/www.sonoraenequipo.com.mx\/#\/schema\/person\/50102df0fb23a8fa9e8effad8fa81386","name":"enequipo","image":{"@type":"ImageObject","inLanguage":"es","@id":"https:\/\/www.sonoraenequipo.com.mx\/#\/schema\/person\/image\/","url":"https:\/\/secure.gravatar.com\/avatar\/049821681b589dabc0bc20695993ccebb09f5b5d4d790cd9251b97faac7c652b?s=96&d=blank&r=g","contentUrl":"https:\/\/secure.gravatar.com\/avatar\/049821681b589dabc0bc20695993ccebb09f5b5d4d790cd9251b97faac7c652b?s=96&d=blank&r=g","caption":"enequipo"},"sameAs":["https:\/\/www.facebook.com\/SonoraEE"]}]}},"jetpack_featured_media_url":"https:\/\/www.sonoraenequipo.com.mx\/storage\/2021\/04\/sec-de-seguridadpublica_opt.jpg","_links":{"self":[{"href":"https:\/\/www.sonoraenequipo.com.mx\/api\/wp\/v2\/posts\/112216","targetHints":{"allow":["GET"]}}],"collection":[{"href":"https:\/\/www.sonoraenequipo.com.mx\/api\/wp\/v2\/posts"}],"about":[{"href":"https:\/\/www.sonoraenequipo.com.mx\/api\/wp\/v2\/types\/post"}],"author":[{"embeddable":true,"href":"https:\/\/www.sonoraenequipo.com.mx\/api\/wp\/v2\/users\/1"}],"replies":[{"embeddable":true,"href":"https:\/\/www.sonoraenequipo.com.mx\/api\/wp\/v2\/comments?post=112216"}],"version-history":[{"count":1,"href":"https:\/\/www.sonoraenequipo.com.mx\/api\/wp\/v2\/posts\/112216\/revisions"}],"predecessor-version":[{"id":112221,"href":"https:\/\/www.sonoraenequipo.com.mx\/api\/wp\/v2\/posts\/112216\/revisions\/112221"}],"wp:featuredmedia":[{"embeddable":true,"href":"https:\/\/www.sonoraenequipo.com.mx\/api\/wp\/v2\/media\/112220"}],"wp:attachment":[{"href":"https:\/\/www.sonoraenequipo.com.mx\/api\/wp\/v2\/media?parent=112216"}],"wp:term":[{"taxonomy":"category","embeddable":true,"href":"https:\/\/www.sonoraenequipo.com.mx\/api\/wp\/v2\/categories?post=112216"},{"taxonomy":"post_tag","embeddable":true,"href":"https:\/\/www.sonoraenequipo.com.mx\/api\/wp\/v2\/tags?post=112216"}],"curies":[{"name":"wp","href":"https:\/\/api.w.org\/{rel}","templated":true}]}}