{"id":112224,"date":"2021-04-21T16:19:05","date_gmt":"2021-04-21T23:19:05","guid":{"rendered":"https:\/\/www.sonoraenequipo.com.mx\/?p=112224"},"modified":"2021-04-21T16:19:05","modified_gmt":"2021-04-21T23:19:05","slug":"sigue-sonora-trabajando-en-la-reactivacion-economica","status":"publish","type":"post","link":"https:\/\/www.sonoraenequipo.com.mx\/sigue-sonora-trabajando-en-la-reactivacion-economica\/","title":{"rendered":"Sigue Sonora trabajando en la reactivaci\u00f3n econ\u00f3mica\u2026"},"content":{"rendered":"<p>\u25ba\u2026y coloc\u00e1ndose en los primeros lugares en generaci\u00f3n de empleo: Luis N\u00fa\u00f1ez Noriega<\/p>\n<p>&nbsp;<\/p>\n<p>HERMOSILLO, SONORA,MX.\u2500\u2500 A pesar de las condiciones econ\u00f3micas locales, nacionales y mundiales derivadas de la pandemia por COVID-19, Sonora contin\u00faa atrayendo inversiones y, con ello, generando nuevos empleos, de ah\u00ed que por tercer mes consecutivo se coloc\u00f3 en los primeros lugares en recuperaci\u00f3n de empleos a nivel nacional, indic\u00f3 Luis N\u00fa\u00f1ez Noriega.<\/p>\n<p>&nbsp;<\/p>\n<p>El vocero del Plan de Reactivaci\u00f3n Econ\u00f3mica en Sonora y titular de la Comisi\u00f3n de Fomento al Turismo (Cofetur) se\u00f1al\u00f3 que aunado a la baja de fallecimientos por COVID-19 en la entidad, en los \u00faltimos d\u00edas, seg\u00fan datos de la Secretar\u00eda de Salud, en el estado se tienen buenas noticias en el tema de la reactivaci\u00f3n econ\u00f3mica y recuperaci\u00f3n de empleos.<\/p>\n<p>&nbsp;<\/p>\n<p>\u201cEsta semana por tercer mes consecutivo Sonora se coloc\u00f3 de nuevo en los primeros lugares en recuperaci\u00f3n de empleos a nivel nacional, ocupando en esta ocasi\u00f3n el tercer lugar con 6 mil 35 nuevos empleos generados durante el mes de marzo, seg\u00fan los datos emitidos por el Instituto Mexicano del Seguro Social. A pesar de las condiciones econ\u00f3micas locales, nacionales y mundiales, Sonora contin\u00faa atrayendo inversiones\u201d, afirm\u00f3.<\/p>\n<p>&nbsp;<\/p>\n<p>Al cierre del primer trimestre de 2021, Sonora se ha colocado como la segunda entidad en recuperaci\u00f3n de empleos, detall\u00f3 N\u00fa\u00f1ez Noriega, luego de que en enero se generaron 12 mil 003 puestos de trabajo nuevos, en febrero se contabilizaron 11 mil 547 y en marzo 6 mil 035 nuevos empleos.<\/p>\n<p>&nbsp;<\/p>\n<p>\u201cLa suma de empleos generados durante este a\u00f1o es de 29 mil 585 puestos de trabajo formales, producto del esfuerzo que se debe reconocer del empresariado sonorense, de los inversionistas extranjeros y de las autoridades que se encargan de alentar la reactivaci\u00f3n econ\u00f3mica\u201d, dijo.<\/p>\n<p>&nbsp;<\/p>\n<p>En d\u00edas pasados, se inform\u00f3 sobre la instalaci\u00f3n en Hermosillo de una empresa internacional como Stanley Black &amp; Decker, que env\u00eda un mensaje muy claro de que, como dijo la gobernadora, a Sonora est\u00e1 llegando \u201clo mejor de lo mejor\u201d, esto producto de la confianza generada, la excelente mano de obra calificada de los sonorenses y la paz laboral que existe en la entidad, destac\u00f3 el titular de la Cofetur.<\/p>\n<p>&nbsp;<\/p>\n<p>\u201cLa llegada de Black &amp; Decker es una muestra m\u00e1s de que se ha hecho lo necesario para hacer de Sonora un polo atractivo a la inversi\u00f3n, representando la generaci\u00f3n de 1,800 nuevos empleos directos, as\u00ed como los indirectos que se generar\u00e1n durante la terminaci\u00f3n de la planta de cinco hect\u00e1reas, que se instalar\u00e1 en el Parque Industrial Norte de Hermosillo\u201d, recalc\u00f3.<\/p>\n<p>&nbsp;<\/p>\n<p>La puesta en marcha de esta empresa, a\u00f1adi\u00f3, representa una inversi\u00f3n de 1,060 millones de pesos, lo que coloca a Sonora en la visi\u00f3n de los inversionistas extranjeros y en mapa global; las grandes ventajas competitivas del estado a nivel internacional han logrado consolidar un buen rumbo en materia de atracci\u00f3n de inversiones y generaci\u00f3n de empleos, ambos temas claves para la superaci\u00f3n de la pobreza y la dignificaci\u00f3n de la vida de las y los sonorenses.<\/p>\n<p>&nbsp;<\/p>\n<p>En Sonora, dijo, se est\u00e1n haciendo las cosas bien para reactivar la econom\u00eda, ya que este a\u00f1o empresas como Stanley Black &amp; Decker, Amazon, AT Engine, LaZBoy y BD Medical han anunciado inversiones en la entidad, lo que coloca al estado en competencia a nivel mundial.<\/p>\n<p>Fecha de publicaci\u00f3n \u00a0\u00a0mi\u00e9rcoles \/\u00a0 21\u00a0 \/ abril \/ 2021<\/p>\n","protected":false},"excerpt":{"rendered":"<p>\u25ba\u2026y coloc\u00e1ndose en los primeros lugares en generaci\u00f3n de empleo: Luis N\u00fa\u00f1ez Noriega &nbsp; HERMOSILLO,&#8230;<\/p>\n","protected":false},"author":1,"featured_media":95080,"comment_status":"open","ping_status":"open","sticky":false,"template":"","format":"standard","meta":{"_monsterinsights_skip_tracking":false,"_monsterinsights_sitenote_active":false,"_monsterinsights_sitenote_note":"","_monsterinsights_sitenote_category":0,"footnotes":""},"categories":[22],"tags":[93,15],"class_list":["post"],"yoast_head":" \n<title>Sonora en Equipo. Sigue Sonora trabajando en la reactivaci\u00f3n econ\u00f3mica\u2026 Sonora<\/title>\n<meta name=\"description\" content=\"\u25ba\u2026y coloc\u00e1ndose en los primeros lugares en generaci\u00f3n de empleo: Luis N\u00fa\u00f1ez Noriega &nbsp; HERMOSILLO, SONORA,MX.\u2500\u2500 A pesar de las condiciones econ\u00f3micas En Sonora en Equipo publicamos toda la informaci\u00f3n de Sonora, M\u00e9xico y el Mundo de manera oportuna y busca que la libertad de expresi\u00f3n sea real. Visita nuestro medio informativo publicado desde Hermosillo, Sonora. %\" \/>\n<meta name=\"robots\" content=\"index, follow, max-snippet:-1, max-image-preview:large, max-video-preview:-1\" \/>\n<link rel=\"canonical\" href=\"https:\/\/www.sonoraenequipo.com.mx\/sigue-sonora-trabajando-en-la-reactivacion-economica\/\" \/>\n<meta property=\"og:locale\" content=\"es_ES\" \/>\n<meta property=\"og:type\" content=\"article\" \/>\n<meta property=\"og:title\" content=\"Sonora en Equipo. Sigue Sonora trabajando en la reactivaci\u00f3n econ\u00f3mica\u2026 Sonora\" \/>\n<meta property=\"og:description\" content=\"\u25ba\u2026y coloc\u00e1ndose en los primeros lugares en generaci\u00f3n de empleo: Luis N\u00fa\u00f1ez Noriega &nbsp; HERMOSILLO, SONORA,MX.\u2500\u2500 A pesar de las condiciones econ\u00f3micas En Sonora en Equipo publicamos toda la informaci\u00f3n de Sonora, M\u00e9xico y el Mundo de manera oportuna y busca que la libertad de expresi\u00f3n sea real. Visita nuestro medio informativo publicado desde Hermosillo, Sonora. %\" \/>\n<meta property=\"og:url\" content=\"https:\/\/www.sonoraenequipo.com.mx\/sigue-sonora-trabajando-en-la-reactivacion-economica\/\" \/>\n<meta property=\"og:site_name\" content=\"Sonora en Equipo.\" \/>\n<meta property=\"article:publisher\" content=\"https:\/\/www.facebook.com\/SonoraEE\/\" \/>\n<meta property=\"article:author\" content=\"https:\/\/www.facebook.com\/SonoraEE\" \/>\n<meta property=\"article:published_time\" content=\"2021-04-21T23:19:05+00:00\" \/>\n<meta property=\"og:image\" content=\"https:\/\/www.sonoraenequipo.com.mx\/storage\/2020\/09\/Luis-Nu\u00f1ez_opt.jpg\" \/>\n\t<meta property=\"og:image:width\" content=\"552\" \/>\n\t<meta property=\"og:image:height\" content=\"500\" \/>\n\t<meta property=\"og:image:type\" content=\"image\/jpeg\" \/>\n<meta name=\"author\" content=\"enequipo\" \/>\n<meta name=\"twitter:card\" content=\"summary_large_image\" \/>\n<meta name=\"twitter:creator\" content=\"@sonoraenequipo\" \/>\n<meta name=\"twitter:site\" content=\"@sonoraenequipo\" \/>\n<meta name=\"twitter:label1\" content=\"Escrito por\" \/>\n\t<meta name=\"twitter:data1\" content=\"enequipo\" \/>\n\t<meta name=\"twitter:label2\" content=\"Tiempo de lectura\" \/>\n\t<meta name=\"twitter:data2\" content=\"3 minutos\" \/>\n<script type=\"application\/ld+json\" class=\"yoast-schema-graph\">{\"@context\":\"https:\/\/schema.org\",\"@graph\":[{\"@type\":\"Article\",\"@id\":\"https:\/\/www.sonoraenequipo.com.mx\/sigue-sonora-trabajando-en-la-reactivacion-economica\/#article\",\"isPartOf\":{\"@id\":\"https:\/\/www.sonoraenequipo.com.mx\/sigue-sonora-trabajando-en-la-reactivacion-economica\/\"},\"author\":{\"name\":\"enequipo\",\"@id\":\"https:\/\/www.sonoraenequipo.com.mx\/#\/schema\/person\/50102df0fb23a8fa9e8effad8fa81386\"},\"headline\":\"Sigue Sonora trabajando en la reactivaci\u00f3n econ\u00f3mica\u2026\",\"datePublished\":\"2021-04-21T23:19:05+00:00\",\"mainEntityOfPage\":{\"@id\":\"https:\/\/www.sonoraenequipo.com.mx\/sigue-sonora-trabajando-en-la-reactivacion-economica\/\"},\"wordCount\":602,\"commentCount\":0,\"publisher\":{\"@id\":\"https:\/\/www.sonoraenequipo.com.mx\/#organization\"},\"image\":{\"@id\":\"https:\/\/www.sonoraenequipo.com.mx\/sigue-sonora-trabajando-en-la-reactivacion-economica\/#primaryimage\"},\"thumbnailUrl\":\"https:\/\/www.sonoraenequipo.com.mx\/storage\/2020\/09\/Luis-Nu\u00f1ez_opt.jpg\",\"keywords\":[\"econom\u00eda\",\"Sonora\"],\"articleSection\":[\"Sonora\"],\"inLanguage\":\"es\",\"potentialAction\":[{\"@type\":\"CommentAction\",\"name\":\"Comment\",\"target\":[\"https:\/\/www.sonoraenequipo.com.mx\/sigue-sonora-trabajando-en-la-reactivacion-economica\/#respond\"]}]},{\"@type\":\"WebPage\",\"@id\":\"https:\/\/www.sonoraenequipo.com.mx\/sigue-sonora-trabajando-en-la-reactivacion-economica\/\",\"url\":\"https:\/\/www.sonoraenequipo.com.mx\/sigue-sonora-trabajando-en-la-reactivacion-economica\/\",\"name\":\"Sonora en Equipo. Sigue Sonora trabajando en la reactivaci\u00f3n econ\u00f3mica\u2026 Sonora\",\"isPartOf\":{\"@id\":\"https:\/\/www.sonoraenequipo.com.mx\/#website\"},\"primaryImageOfPage\":{\"@id\":\"https:\/\/www.sonoraenequipo.com.mx\/sigue-sonora-trabajando-en-la-reactivacion-economica\/#primaryimage\"},\"image\":{\"@id\":\"https:\/\/www.sonoraenequipo.com.mx\/sigue-sonora-trabajando-en-la-reactivacion-economica\/#primaryimage\"},\"thumbnailUrl\":\"https:\/\/www.sonoraenequipo.com.mx\/storage\/2020\/09\/Luis-Nu\u00f1ez_opt.jpg\",\"datePublished\":\"2021-04-21T23:19:05+00:00\",\"description\":\"\u25ba\u2026y coloc\u00e1ndose en los primeros lugares en generaci\u00f3n de empleo: Luis N\u00fa\u00f1ez Noriega &nbsp; HERMOSILLO, SONORA,MX.\u2500\u2500 A pesar de las condiciones econ\u00f3micas En Sonora en Equipo publicamos toda la informaci\u00f3n de Sonora, M\u00e9xico y el Mundo de manera oportuna y busca que la libertad de expresi\u00f3n sea real. Visita nuestro medio informativo publicado desde Hermosillo, Sonora. %\",\"breadcrumb\":{\"@id\":\"https:\/\/www.sonoraenequipo.com.mx\/sigue-sonora-trabajando-en-la-reactivacion-economica\/#breadcrumb\"},\"inLanguage\":\"es\",\"potentialAction\":[{\"@type\":\"ReadAction\",\"target\":[\"https:\/\/www.sonoraenequipo.com.mx\/sigue-sonora-trabajando-en-la-reactivacion-economica\/\"]}]},{\"@type\":\"ImageObject\",\"inLanguage\":\"es\",\"@id\":\"https:\/\/www.sonoraenequipo.com.mx\/sigue-sonora-trabajando-en-la-reactivacion-economica\/#primaryimage\",\"url\":\"https:\/\/www.sonoraenequipo.com.mx\/storage\/2020\/09\/Luis-Nu\u00f1ez_opt.jpg\",\"contentUrl\":\"https:\/\/www.sonoraenequipo.com.mx\/storage\/2020\/09\/Luis-Nu\u00f1ez_opt.jpg\",\"width\":552,\"height\":500},{\"@type\":\"BreadcrumbList\",\"@id\":\"https:\/\/www.sonoraenequipo.com.mx\/sigue-sonora-trabajando-en-la-reactivacion-economica\/#breadcrumb\",\"itemListElement\":[{\"@type\":\"ListItem\",\"position\":1,\"name\":\"Portada\",\"item\":\"https:\/\/www.sonoraenequipo.com.mx\/\"},{\"@type\":\"ListItem\",\"position\":2,\"name\":\"Sigue Sonora trabajando en la reactivaci\u00f3n econ\u00f3mica\u2026\"}]},{\"@type\":\"WebSite\",\"@id\":\"https:\/\/www.sonoraenequipo.com.mx\/#website\",\"url\":\"https:\/\/www.sonoraenequipo.com.mx\/\",\"name\":\"Sonora en Equipo.\",\"description\":\"Diario en l\u00ednea con Noticias desde Hermosillo, Sonora\",\"publisher\":{\"@id\":\"https:\/\/www.sonoraenequipo.com.mx\/#organization\"},\"potentialAction\":[{\"@type\":\"SearchAction\",\"target\":{\"@type\":\"EntryPoint\",\"urlTemplate\":\"https:\/\/www.sonoraenequipo.com.mx\/?s={search_term_string}\"},\"query-input\":{\"@type\":\"PropertyValueSpecification\",\"valueRequired\":true,\"valueName\":\"search_term_string\"}}],\"inLanguage\":\"es\"},{\"@type\":\"Organization\",\"@id\":\"https:\/\/www.sonoraenequipo.com.mx\/#organization\",\"name\":\"Sonoraenequipo.com.mx\",\"url\":\"https:\/\/www.sonoraenequipo.com.mx\/\",\"logo\":{\"@type\":\"ImageObject\",\"inLanguage\":\"es\",\"@id\":\"https:\/\/www.sonoraenequipo.com.mx\/#\/schema\/logo\/image\/\",\"url\":\"https:\/\/www.sonoraenequipo.com.mx\/storage\/2019\/01\/sonoraenequipo_opt.png\",\"contentUrl\":\"https:\/\/www.sonoraenequipo.com.mx\/storage\/2019\/01\/sonoraenequipo_opt.png\",\"width\":375,\"height\":125,\"caption\":\"Sonoraenequipo.com.mx\"},\"image\":{\"@id\":\"https:\/\/www.sonoraenequipo.com.mx\/#\/schema\/logo\/image\/\"},\"sameAs\":[\"https:\/\/www.facebook.com\/SonoraEE\/\",\"https:\/\/x.com\/sonoraenequipo\",\"https:\/\/www.youtube.com\/channel\/UC338nW-lPEYmJQs4ZABQ1SQ\"]},{\"@type\":\"Person\",\"@id\":\"https:\/\/www.sonoraenequipo.com.mx\/#\/schema\/person\/50102df0fb23a8fa9e8effad8fa81386\",\"name\":\"enequipo\",\"image\":{\"@type\":\"ImageObject\",\"inLanguage\":\"es\",\"@id\":\"https:\/\/www.sonoraenequipo.com.mx\/#\/schema\/person\/image\/\",\"url\":\"https:\/\/secure.gravatar.com\/avatar\/049821681b589dabc0bc20695993ccebb09f5b5d4d790cd9251b97faac7c652b?s=96&d=blank&r=g\",\"contentUrl\":\"https:\/\/secure.gravatar.com\/avatar\/049821681b589dabc0bc20695993ccebb09f5b5d4d790cd9251b97faac7c652b?s=96&d=blank&r=g\",\"caption\":\"enequipo\"},\"sameAs\":[\"https:\/\/www.facebook.com\/SonoraEE\"]}]}<\/script>\n ","yoast_head_json":{"title":"Sonora en Equipo. Sigue Sonora trabajando en la reactivaci\u00f3n econ\u00f3mica\u2026 Sonora","description":"\u25ba\u2026y coloc\u00e1ndose en los primeros lugares en generaci\u00f3n de empleo: Luis N\u00fa\u00f1ez Noriega &nbsp; HERMOSILLO, SONORA,MX.\u2500\u2500 A pesar de las condiciones econ\u00f3micas En Sonora en Equipo publicamos toda la informaci\u00f3n de Sonora, M\u00e9xico y el Mundo de manera oportuna y busca que la libertad de expresi\u00f3n sea real. Visita nuestro medio informativo publicado desde Hermosillo, Sonora. %","robots":{"index":"index","follow":"follow","max-snippet":"max-snippet:-1","max-image-preview":"max-image-preview:large","max-video-preview":"max-video-preview:-1"},"canonical":"https:\/\/www.sonoraenequipo.com.mx\/sigue-sonora-trabajando-en-la-reactivacion-economica\/","og_locale":"es_ES","og_type":"article","og_title":"Sonora en Equipo. Sigue Sonora trabajando en la reactivaci\u00f3n econ\u00f3mica\u2026 Sonora","og_description":"\u25ba\u2026y coloc\u00e1ndose en los primeros lugares en generaci\u00f3n de empleo: Luis N\u00fa\u00f1ez Noriega &nbsp; HERMOSILLO, SONORA,MX.\u2500\u2500 A pesar de las condiciones econ\u00f3micas En Sonora en Equipo publicamos toda la informaci\u00f3n de Sonora, M\u00e9xico y el Mundo de manera oportuna y busca que la libertad de expresi\u00f3n sea real. Visita nuestro medio informativo publicado desde Hermosillo, Sonora. %","og_url":"https:\/\/www.sonoraenequipo.com.mx\/sigue-sonora-trabajando-en-la-reactivacion-economica\/","og_site_name":"Sonora en Equipo.","article_publisher":"https:\/\/www.facebook.com\/SonoraEE\/","article_author":"https:\/\/www.facebook.com\/SonoraEE","article_published_time":"2021-04-21T23:19:05+00:00","og_image":[{"width":552,"height":500,"url":"https:\/\/www.sonoraenequipo.com.mx\/storage\/2020\/09\/Luis-Nu\u00f1ez_opt.jpg","type":"image\/jpeg"}],"author":"enequipo","twitter_card":"summary_large_image","twitter_creator":"@sonoraenequipo","twitter_site":"@sonoraenequipo","twitter_misc":{"Escrito por":"enequipo","Tiempo de lectura":"3 minutos"},"schema":{"@context":"https:\/\/schema.org","@graph":[{"@type":"Article","@id":"https:\/\/www.sonoraenequipo.com.mx\/sigue-sonora-trabajando-en-la-reactivacion-economica\/#article","isPartOf":{"@id":"https:\/\/www.sonoraenequipo.com.mx\/sigue-sonora-trabajando-en-la-reactivacion-economica\/"},"author":{"name":"enequipo","@id":"https:\/\/www.sonoraenequipo.com.mx\/#\/schema\/person\/50102df0fb23a8fa9e8effad8fa81386"},"headline":"Sigue Sonora trabajando en la reactivaci\u00f3n econ\u00f3mica\u2026","datePublished":"2021-04-21T23:19:05+00:00","mainEntityOfPage":{"@id":"https:\/\/www.sonoraenequipo.com.mx\/sigue-sonora-trabajando-en-la-reactivacion-economica\/"},"wordCount":602,"commentCount":0,"publisher":{"@id":"https:\/\/www.sonoraenequipo.com.mx\/#organization"},"image":{"@id":"https:\/\/www.sonoraenequipo.com.mx\/sigue-sonora-trabajando-en-la-reactivacion-economica\/#primaryimage"},"thumbnailUrl":"https:\/\/www.sonoraenequipo.com.mx\/storage\/2020\/09\/Luis-Nu\u00f1ez_opt.jpg","keywords":["econom\u00eda","Sonora"],"articleSection":["Sonora"],"inLanguage":"es","potentialAction":[{"@type":"CommentAction","name":"Comment","target":["https:\/\/www.sonoraenequipo.com.mx\/sigue-sonora-trabajando-en-la-reactivacion-economica\/#respond"]}]},{"@type":"WebPage","@id":"https:\/\/www.sonoraenequipo.com.mx\/sigue-sonora-trabajando-en-la-reactivacion-economica\/","url":"https:\/\/www.sonoraenequipo.com.mx\/sigue-sonora-trabajando-en-la-reactivacion-economica\/","name":"Sonora en Equipo. Sigue Sonora trabajando en la reactivaci\u00f3n econ\u00f3mica\u2026 Sonora","isPartOf":{"@id":"https:\/\/www.sonoraenequipo.com.mx\/#website"},"primaryImageOfPage":{"@id":"https:\/\/www.sonoraenequipo.com.mx\/sigue-sonora-trabajando-en-la-reactivacion-economica\/#primaryimage"},"image":{"@id":"https:\/\/www.sonoraenequipo.com.mx\/sigue-sonora-trabajando-en-la-reactivacion-economica\/#primaryimage"},"thumbnailUrl":"https:\/\/www.sonoraenequipo.com.mx\/storage\/2020\/09\/Luis-Nu\u00f1ez_opt.jpg","datePublished":"2021-04-21T23:19:05+00:00","description":"\u25ba\u2026y coloc\u00e1ndose en los primeros lugares en generaci\u00f3n de empleo: Luis N\u00fa\u00f1ez Noriega &nbsp; HERMOSILLO, SONORA,MX.\u2500\u2500 A pesar de las condiciones econ\u00f3micas En Sonora en Equipo publicamos toda la informaci\u00f3n de Sonora, M\u00e9xico y el Mundo de manera oportuna y busca que la libertad de expresi\u00f3n sea real. Visita nuestro medio informativo publicado desde Hermosillo, Sonora. %","breadcrumb":{"@id":"https:\/\/www.sonoraenequipo.com.mx\/sigue-sonora-trabajando-en-la-reactivacion-economica\/#breadcrumb"},"inLanguage":"es","potentialAction":[{"@type":"ReadAction","target":["https:\/\/www.sonoraenequipo.com.mx\/sigue-sonora-trabajando-en-la-reactivacion-economica\/"]}]},{"@type":"ImageObject","inLanguage":"es","@id":"https:\/\/www.sonoraenequipo.com.mx\/sigue-sonora-trabajando-en-la-reactivacion-economica\/#primaryimage","url":"https:\/\/www.sonoraenequipo.com.mx\/storage\/2020\/09\/Luis-Nu\u00f1ez_opt.jpg","contentUrl":"https:\/\/www.sonoraenequipo.com.mx\/storage\/2020\/09\/Luis-Nu\u00f1ez_opt.jpg","width":552,"height":500},{"@type":"BreadcrumbList","@id":"https:\/\/www.sonoraenequipo.com.mx\/sigue-sonora-trabajando-en-la-reactivacion-economica\/#breadcrumb","itemListElement":[{"@type":"ListItem","position":1,"name":"Portada","item":"https:\/\/www.sonoraenequipo.com.mx\/"},{"@type":"ListItem","position":2,"name":"Sigue Sonora trabajando en la reactivaci\u00f3n econ\u00f3mica\u2026"}]},{"@type":"WebSite","@id":"https:\/\/www.sonoraenequipo.com.mx\/#website","url":"https:\/\/www.sonoraenequipo.com.mx\/","name":"Sonora en Equipo.","description":"Diario en l\u00ednea con Noticias desde Hermosillo, Sonora","publisher":{"@id":"https:\/\/www.sonoraenequipo.com.mx\/#organization"},"potentialAction":[{"@type":"SearchAction","target":{"@type":"EntryPoint","urlTemplate":"https:\/\/www.sonoraenequipo.com.mx\/?s={search_term_string}"},"query-input":{"@type":"PropertyValueSpecification","valueRequired":true,"valueName":"search_term_string"}}],"inLanguage":"es"},{"@type":"Organization","@id":"https:\/\/www.sonoraenequipo.com.mx\/#organization","name":"Sonoraenequipo.com.mx","url":"https:\/\/www.sonoraenequipo.com.mx\/","logo":{"@type":"ImageObject","inLanguage":"es","@id":"https:\/\/www.sonoraenequipo.com.mx\/#\/schema\/logo\/image\/","url":"https:\/\/www.sonoraenequipo.com.mx\/storage\/2019\/01\/sonoraenequipo_opt.png","contentUrl":"https:\/\/www.sonoraenequipo.com.mx\/storage\/2019\/01\/sonoraenequipo_opt.png","width":375,"height":125,"caption":"Sonoraenequipo.com.mx"},"image":{"@id":"https:\/\/www.sonoraenequipo.com.mx\/#\/schema\/logo\/image\/"},"sameAs":["https:\/\/www.facebook.com\/SonoraEE\/","https:\/\/x.com\/sonoraenequipo","https:\/\/www.youtube.com\/channel\/UC338nW-lPEYmJQs4ZABQ1SQ"]},{"@type":"Person","@id":"https:\/\/www.sonoraenequipo.com.mx\/#\/schema\/person\/50102df0fb23a8fa9e8effad8fa81386","name":"enequipo","image":{"@type":"ImageObject","inLanguage":"es","@id":"https:\/\/www.sonoraenequipo.com.mx\/#\/schema\/person\/image\/","url":"https:\/\/secure.gravatar.com\/avatar\/049821681b589dabc0bc20695993ccebb09f5b5d4d790cd9251b97faac7c652b?s=96&d=blank&r=g","contentUrl":"https:\/\/secure.gravatar.com\/avatar\/049821681b589dabc0bc20695993ccebb09f5b5d4d790cd9251b97faac7c652b?s=96&d=blank&r=g","caption":"enequipo"},"sameAs":["https:\/\/www.facebook.com\/SonoraEE"]}]}},"jetpack_featured_media_url":"https:\/\/www.sonoraenequipo.com.mx\/storage\/2020\/09\/Luis-Nu\u00f1ez_opt.jpg","_links":{"self":[{"href":"https:\/\/www.sonoraenequipo.com.mx\/api\/wp\/v2\/posts\/112224","targetHints":{"allow":["GET"]}}],"collection":[{"href":"https:\/\/www.sonoraenequipo.com.mx\/api\/wp\/v2\/posts"}],"about":[{"href":"https:\/\/www.sonoraenequipo.com.mx\/api\/wp\/v2\/types\/post"}],"author":[{"embeddable":true,"href":"https:\/\/www.sonoraenequipo.com.mx\/api\/wp\/v2\/users\/1"}],"replies":[{"embeddable":true,"href":"https:\/\/www.sonoraenequipo.com.mx\/api\/wp\/v2\/comments?post=112224"}],"version-history":[{"count":1,"href":"https:\/\/www.sonoraenequipo.com.mx\/api\/wp\/v2\/posts\/112224\/revisions"}],"predecessor-version":[{"id":112225,"href":"https:\/\/www.sonoraenequipo.com.mx\/api\/wp\/v2\/posts\/112224\/revisions\/112225"}],"wp:featuredmedia":[{"embeddable":true,"href":"https:\/\/www.sonoraenequipo.com.mx\/api\/wp\/v2\/media\/95080"}],"wp:attachment":[{"href":"https:\/\/www.sonoraenequipo.com.mx\/api\/wp\/v2\/media?parent=112224"}],"wp:term":[{"taxonomy":"category","embeddable":true,"href":"https:\/\/www.sonoraenequipo.com.mx\/api\/wp\/v2\/categories?post=112224"},{"taxonomy":"post_tag","embeddable":true,"href":"https:\/\/www.sonoraenequipo.com.mx\/api\/wp\/v2\/tags?post=112224"}],"curies":[{"name":"wp","href":"https:\/\/api.w.org\/{rel}","templated":true}]}}