{"id":112230,"date":"2021-04-21T18:13:25","date_gmt":"2021-04-22T01:13:25","guid":{"rendered":"https:\/\/www.sonoraenequipo.com.mx\/?p=112230"},"modified":"2021-04-21T18:13:25","modified_gmt":"2021-04-22T01:13:25","slug":"sere-el-gobernador-de-la-reactivacion-economica-de-sonora-borrego-gandara","status":"publish","type":"post","link":"https:\/\/www.sonoraenequipo.com.mx\/sere-el-gobernador-de-la-reactivacion-economica-de-sonora-borrego-gandara\/","title":{"rendered":"Ser\u00e9 \u00a0el Gobernador de la Reactivaci\u00f3n Econ\u00f3mica de Sonora :\u00bbBorrego\u201d G\u00e1ndara"},"content":{"rendered":"<p>HERMOSILLO, SONORA,MX.\u2500\u2500 El reto para reconstruir a Sonora despu\u00e9s de los embates del Covid-19 y la falta de apoyo del Gobierno Federal es grande, pero son m\u00e1s grandes los anhelos por trabajar de la mano con la sociedad civil y mejorar la calidad de vida de las y los sonorenses, declar\u00f3 Ernesto el \u201cBorrego\u201d G\u00e1ndara, en el marco del foro Di\u00e1logo con Empresarios por la Reactivaci\u00f3n Econ\u00f3mica.<\/p>\n<p>&nbsp;<\/p>\n<p>M\u00e1s de 12 millones de mexicanos se sumaron a las estad\u00edsticas de la pobreza este \u00faltimo a\u00f1o, como consecuencia de la alerta sanitaria, Sonora no fue la excepci\u00f3n, dijo, tambi\u00e9n su gente est\u00e1 sufriendo por falta de empleo y dinero, la \u00fanica forma de apoyarlos es impulsando pol\u00edticas de Gobierno construidas desde la base social, justo con encuentros como este.<\/p>\n<p>&nbsp;<\/p>\n<p>El evento cont\u00f3 con la participaci\u00f3n de Juan Pablo Casta\u00f1\u00f3n, ex presidente nacional del Consejo Coordinador Empresarial, as\u00ed como de Ildefonso Guajardo, ex Secretario de Econom\u00eda a nivel Federal, y uno de los negociadores de los Tratados de Libre Comercio entre M\u00e9xico, Estados Unidos y Canad\u00e1.<\/p>\n<p>&nbsp;<\/p>\n<p>El Candidato a Gobernador de la Alianza \u201cVa por Sonora\u201d se reuni\u00f3 con m\u00e1s de mil 400 empresarios, entre l\u00edderes de C\u00e1maras empresariales y dirigentes gremiales de los rubros comercial, industrial, de servicios, turismo, del sector agropecuario, entre otros, que asistieron de forma presencial y v\u00eda Zoom a escuchar las propuestas en materia de Reactivaci\u00f3n y a proponer nuevas tareas para el Gobierno del \u201cBorrego\u201d G\u00e1ndara.<\/p>\n<p>&nbsp;<\/p>\n<p>\u201cUna empresa que pueda dar 2, 10,20, 50 o inclusive miles de empleos, hay que darles los incentivos porque esa es la cadena econ\u00f3mica de retribuci\u00f3n de impuestos, para efectos de generar infraestructura, educaci\u00f3n, seguridad, todo lo que el Gobierno debe de hacer, lo que no se puede es tirar el dinero, ahuyentar a la inversi\u00f3n\u201d, declar\u00f3 el Candidato de la Alianza.<\/p>\n<p>&nbsp;<\/p>\n<p>G\u00e1ndara Camou dijo que el apoyo a las micro, peque\u00f1as y medianas empresas, la generaci\u00f3n de m\u00e1s inversi\u00f3n, pero sobre todo el aprovechamiento de las relaciones internacionales con las que ya cuenta la entidad ser\u00e1n clave para impulsar el mejoramiento de la entidad.<\/p>\n<p>&nbsp;<\/p>\n<p>El desaf\u00edo no es sencillo, consider\u00f3 el Candidato, y, al contrario, las autoridades requerir\u00e1n de mucha inventiva para lograr suplir las deficiencias y falta de apoyos de la Federaci\u00f3n, que ha enfrentado a las entidades a una pol\u00edtica centralista y deficiente.<\/p>\n<p>Fecha de publicaci\u00f3n \u00a0\u00a0mi\u00e9rcoles \/\u00a0 21\u00a0 \/ abril \/ 2021<\/p>\n","protected":false},"excerpt":{"rendered":"<p>HERMOSILLO, SONORA,MX.\u2500\u2500 El reto para reconstruir a Sonora despu\u00e9s de los embates del Covid-19 y&#8230;<\/p>\n","protected":false},"author":1,"featured_media":112232,"comment_status":"open","ping_status":"open","sticky":false,"template":"","format":"standard","meta":{"_monsterinsights_skip_tracking":false,"_monsterinsights_sitenote_active":false,"_monsterinsights_sitenote_note":"","_monsterinsights_sitenote_category":0,"footnotes":""},"categories":[8],"tags":[],"class_list":["post"],"yoast_head":" \n<title>Sonora en Equipo. Ser\u00e9 \u00a0el Gobernador de la Reactivaci\u00f3n Econ\u00f3mica de Sonora :&quot;Borrego\u201d G\u00e1ndara LA ELECCION 2024<\/title>\n<meta name=\"description\" content=\"HERMOSILLO, SONORA,MX.\u2500\u2500 El reto para reconstruir a Sonora despu\u00e9s de los embates del Covid-19 y la falta de apoyo del Gobierno Federal es grande, pero En Sonora en Equipo publicamos toda la informaci\u00f3n de Sonora, M\u00e9xico y el Mundo de manera oportuna y busca que la libertad de expresi\u00f3n sea real. Visita nuestro medio informativo publicado desde Hermosillo, Sonora. %\" \/>\n<meta name=\"robots\" content=\"index, follow, max-snippet:-1, max-image-preview:large, max-video-preview:-1\" \/>\n<link rel=\"canonical\" href=\"https:\/\/www.sonoraenequipo.com.mx\/sere-el-gobernador-de-la-reactivacion-economica-de-sonora-borrego-gandara\/\" \/>\n<meta property=\"og:locale\" content=\"es_ES\" \/>\n<meta property=\"og:type\" content=\"article\" \/>\n<meta property=\"og:title\" content=\"Sonora en Equipo. Ser\u00e9 \u00a0el Gobernador de la Reactivaci\u00f3n Econ\u00f3mica de Sonora :&quot;Borrego\u201d G\u00e1ndara LA ELECCION 2024\" \/>\n<meta property=\"og:description\" content=\"HERMOSILLO, SONORA,MX.\u2500\u2500 El reto para reconstruir a Sonora despu\u00e9s de los embates del Covid-19 y la falta de apoyo del Gobierno Federal es grande, pero En Sonora en Equipo publicamos toda la informaci\u00f3n de Sonora, M\u00e9xico y el Mundo de manera oportuna y busca que la libertad de expresi\u00f3n sea real. Visita nuestro medio informativo publicado desde Hermosillo, Sonora. %\" \/>\n<meta property=\"og:url\" content=\"https:\/\/www.sonoraenequipo.com.mx\/sere-el-gobernador-de-la-reactivacion-economica-de-sonora-borrego-gandara\/\" \/>\n<meta property=\"og:site_name\" content=\"Sonora en Equipo.\" \/>\n<meta property=\"article:publisher\" content=\"https:\/\/www.facebook.com\/SonoraEE\/\" \/>\n<meta property=\"article:author\" content=\"https:\/\/www.facebook.com\/SonoraEE\" \/>\n<meta property=\"article:published_time\" content=\"2021-04-22T01:13:25+00:00\" \/>\n<meta property=\"og:image\" content=\"https:\/\/www.sonoraenequipo.com.mx\/storage\/2021\/04\/egc210421.jpg\" \/>\n\t<meta property=\"og:image:width\" content=\"500\" \/>\n\t<meta property=\"og:image:height\" content=\"300\" \/>\n\t<meta property=\"og:image:type\" content=\"image\/jpeg\" \/>\n<meta name=\"author\" content=\"enequipo\" \/>\n<meta name=\"twitter:card\" content=\"summary_large_image\" \/>\n<meta name=\"twitter:creator\" content=\"@sonoraenequipo\" \/>\n<meta name=\"twitter:site\" content=\"@sonoraenequipo\" \/>\n<meta name=\"twitter:label1\" content=\"Escrito por\" \/>\n\t<meta name=\"twitter:data1\" content=\"enequipo\" \/>\n\t<meta name=\"twitter:label2\" content=\"Tiempo de lectura\" \/>\n\t<meta name=\"twitter:data2\" content=\"2 minutos\" \/>\n<script type=\"application\/ld+json\" class=\"yoast-schema-graph\">{\"@context\":\"https:\/\/schema.org\",\"@graph\":[{\"@type\":\"Article\",\"@id\":\"https:\/\/www.sonoraenequipo.com.mx\/sere-el-gobernador-de-la-reactivacion-economica-de-sonora-borrego-gandara\/#article\",\"isPartOf\":{\"@id\":\"https:\/\/www.sonoraenequipo.com.mx\/sere-el-gobernador-de-la-reactivacion-economica-de-sonora-borrego-gandara\/\"},\"author\":{\"name\":\"enequipo\",\"@id\":\"https:\/\/www.sonoraenequipo.com.mx\/#\/schema\/person\/50102df0fb23a8fa9e8effad8fa81386\"},\"headline\":\"Ser\u00e9 \u00a0el Gobernador de la Reactivaci\u00f3n Econ\u00f3mica de Sonora :\u00bbBorrego\u201d G\u00e1ndara\",\"datePublished\":\"2021-04-22T01:13:25+00:00\",\"mainEntityOfPage\":{\"@id\":\"https:\/\/www.sonoraenequipo.com.mx\/sere-el-gobernador-de-la-reactivacion-economica-de-sonora-borrego-gandara\/\"},\"wordCount\":444,\"commentCount\":0,\"publisher\":{\"@id\":\"https:\/\/www.sonoraenequipo.com.mx\/#organization\"},\"image\":{\"@id\":\"https:\/\/www.sonoraenequipo.com.mx\/sere-el-gobernador-de-la-reactivacion-economica-de-sonora-borrego-gandara\/#primaryimage\"},\"thumbnailUrl\":\"https:\/\/www.sonoraenequipo.com.mx\/storage\/2021\/04\/egc210421.jpg\",\"articleSection\":[\"LA ELECCION 2024\"],\"inLanguage\":\"es\",\"potentialAction\":[{\"@type\":\"CommentAction\",\"name\":\"Comment\",\"target\":[\"https:\/\/www.sonoraenequipo.com.mx\/sere-el-gobernador-de-la-reactivacion-economica-de-sonora-borrego-gandara\/#respond\"]}]},{\"@type\":\"WebPage\",\"@id\":\"https:\/\/www.sonoraenequipo.com.mx\/sere-el-gobernador-de-la-reactivacion-economica-de-sonora-borrego-gandara\/\",\"url\":\"https:\/\/www.sonoraenequipo.com.mx\/sere-el-gobernador-de-la-reactivacion-economica-de-sonora-borrego-gandara\/\",\"name\":\"Sonora en Equipo. Ser\u00e9 \u00a0el Gobernador de la Reactivaci\u00f3n Econ\u00f3mica de Sonora :\\\"Borrego\u201d G\u00e1ndara LA ELECCION 2024\",\"isPartOf\":{\"@id\":\"https:\/\/www.sonoraenequipo.com.mx\/#website\"},\"primaryImageOfPage\":{\"@id\":\"https:\/\/www.sonoraenequipo.com.mx\/sere-el-gobernador-de-la-reactivacion-economica-de-sonora-borrego-gandara\/#primaryimage\"},\"image\":{\"@id\":\"https:\/\/www.sonoraenequipo.com.mx\/sere-el-gobernador-de-la-reactivacion-economica-de-sonora-borrego-gandara\/#primaryimage\"},\"thumbnailUrl\":\"https:\/\/www.sonoraenequipo.com.mx\/storage\/2021\/04\/egc210421.jpg\",\"datePublished\":\"2021-04-22T01:13:25+00:00\",\"description\":\"HERMOSILLO, SONORA,MX.\u2500\u2500 El reto para reconstruir a Sonora despu\u00e9s de los embates del Covid-19 y la falta de apoyo del Gobierno Federal es grande, pero En Sonora en Equipo publicamos toda la informaci\u00f3n de Sonora, M\u00e9xico y el Mundo de manera oportuna y busca que la libertad de expresi\u00f3n sea real. Visita nuestro medio informativo publicado desde Hermosillo, Sonora. %\",\"breadcrumb\":{\"@id\":\"https:\/\/www.sonoraenequipo.com.mx\/sere-el-gobernador-de-la-reactivacion-economica-de-sonora-borrego-gandara\/#breadcrumb\"},\"inLanguage\":\"es\",\"potentialAction\":[{\"@type\":\"ReadAction\",\"target\":[\"https:\/\/www.sonoraenequipo.com.mx\/sere-el-gobernador-de-la-reactivacion-economica-de-sonora-borrego-gandara\/\"]}]},{\"@type\":\"ImageObject\",\"inLanguage\":\"es\",\"@id\":\"https:\/\/www.sonoraenequipo.com.mx\/sere-el-gobernador-de-la-reactivacion-economica-de-sonora-borrego-gandara\/#primaryimage\",\"url\":\"https:\/\/www.sonoraenequipo.com.mx\/storage\/2021\/04\/egc210421.jpg\",\"contentUrl\":\"https:\/\/www.sonoraenequipo.com.mx\/storage\/2021\/04\/egc210421.jpg\",\"width\":500,\"height\":300},{\"@type\":\"BreadcrumbList\",\"@id\":\"https:\/\/www.sonoraenequipo.com.mx\/sere-el-gobernador-de-la-reactivacion-economica-de-sonora-borrego-gandara\/#breadcrumb\",\"itemListElement\":[{\"@type\":\"ListItem\",\"position\":1,\"name\":\"Portada\",\"item\":\"https:\/\/www.sonoraenequipo.com.mx\/\"},{\"@type\":\"ListItem\",\"position\":2,\"name\":\"Ser\u00e9 \u00a0el Gobernador de la Reactivaci\u00f3n Econ\u00f3mica de Sonora :\u00bbBorrego\u201d G\u00e1ndara\"}]},{\"@type\":\"WebSite\",\"@id\":\"https:\/\/www.sonoraenequipo.com.mx\/#website\",\"url\":\"https:\/\/www.sonoraenequipo.com.mx\/\",\"name\":\"Sonora en Equipo.\",\"description\":\"Diario en l\u00ednea con Noticias desde Hermosillo, Sonora\",\"publisher\":{\"@id\":\"https:\/\/www.sonoraenequipo.com.mx\/#organization\"},\"potentialAction\":[{\"@type\":\"SearchAction\",\"target\":{\"@type\":\"EntryPoint\",\"urlTemplate\":\"https:\/\/www.sonoraenequipo.com.mx\/?s={search_term_string}\"},\"query-input\":{\"@type\":\"PropertyValueSpecification\",\"valueRequired\":true,\"valueName\":\"search_term_string\"}}],\"inLanguage\":\"es\"},{\"@type\":\"Organization\",\"@id\":\"https:\/\/www.sonoraenequipo.com.mx\/#organization\",\"name\":\"Sonoraenequipo.com.mx\",\"url\":\"https:\/\/www.sonoraenequipo.com.mx\/\",\"logo\":{\"@type\":\"ImageObject\",\"inLanguage\":\"es\",\"@id\":\"https:\/\/www.sonoraenequipo.com.mx\/#\/schema\/logo\/image\/\",\"url\":\"https:\/\/www.sonoraenequipo.com.mx\/storage\/2019\/01\/sonoraenequipo_opt.png\",\"contentUrl\":\"https:\/\/www.sonoraenequipo.com.mx\/storage\/2019\/01\/sonoraenequipo_opt.png\",\"width\":375,\"height\":125,\"caption\":\"Sonoraenequipo.com.mx\"},\"image\":{\"@id\":\"https:\/\/www.sonoraenequipo.com.mx\/#\/schema\/logo\/image\/\"},\"sameAs\":[\"https:\/\/www.facebook.com\/SonoraEE\/\",\"https:\/\/x.com\/sonoraenequipo\",\"https:\/\/www.youtube.com\/channel\/UC338nW-lPEYmJQs4ZABQ1SQ\"]},{\"@type\":\"Person\",\"@id\":\"https:\/\/www.sonoraenequipo.com.mx\/#\/schema\/person\/50102df0fb23a8fa9e8effad8fa81386\",\"name\":\"enequipo\",\"image\":{\"@type\":\"ImageObject\",\"inLanguage\":\"es\",\"@id\":\"https:\/\/www.sonoraenequipo.com.mx\/#\/schema\/person\/image\/\",\"url\":\"https:\/\/secure.gravatar.com\/avatar\/049821681b589dabc0bc20695993ccebb09f5b5d4d790cd9251b97faac7c652b?s=96&d=blank&r=g\",\"contentUrl\":\"https:\/\/secure.gravatar.com\/avatar\/049821681b589dabc0bc20695993ccebb09f5b5d4d790cd9251b97faac7c652b?s=96&d=blank&r=g\",\"caption\":\"enequipo\"},\"sameAs\":[\"https:\/\/www.facebook.com\/SonoraEE\"]}]}<\/script>\n ","yoast_head_json":{"title":"Sonora en Equipo. Ser\u00e9 \u00a0el Gobernador de la Reactivaci\u00f3n Econ\u00f3mica de Sonora :\"Borrego\u201d G\u00e1ndara LA ELECCION 2024","description":"HERMOSILLO, SONORA,MX.\u2500\u2500 El reto para reconstruir a Sonora despu\u00e9s de los embates del Covid-19 y la falta de apoyo del Gobierno Federal es grande, pero En Sonora en Equipo publicamos toda la informaci\u00f3n de Sonora, M\u00e9xico y el Mundo de manera oportuna y busca que la libertad de expresi\u00f3n sea real. Visita nuestro medio informativo publicado desde Hermosillo, Sonora. %","robots":{"index":"index","follow":"follow","max-snippet":"max-snippet:-1","max-image-preview":"max-image-preview:large","max-video-preview":"max-video-preview:-1"},"canonical":"https:\/\/www.sonoraenequipo.com.mx\/sere-el-gobernador-de-la-reactivacion-economica-de-sonora-borrego-gandara\/","og_locale":"es_ES","og_type":"article","og_title":"Sonora en Equipo. Ser\u00e9 \u00a0el Gobernador de la Reactivaci\u00f3n Econ\u00f3mica de Sonora :\"Borrego\u201d G\u00e1ndara LA ELECCION 2024","og_description":"HERMOSILLO, SONORA,MX.\u2500\u2500 El reto para reconstruir a Sonora despu\u00e9s de los embates del Covid-19 y la falta de apoyo del Gobierno Federal es grande, pero En Sonora en Equipo publicamos toda la informaci\u00f3n de Sonora, M\u00e9xico y el Mundo de manera oportuna y busca que la libertad de expresi\u00f3n sea real. Visita nuestro medio informativo publicado desde Hermosillo, Sonora. %","og_url":"https:\/\/www.sonoraenequipo.com.mx\/sere-el-gobernador-de-la-reactivacion-economica-de-sonora-borrego-gandara\/","og_site_name":"Sonora en Equipo.","article_publisher":"https:\/\/www.facebook.com\/SonoraEE\/","article_author":"https:\/\/www.facebook.com\/SonoraEE","article_published_time":"2021-04-22T01:13:25+00:00","og_image":[{"width":500,"height":300,"url":"https:\/\/www.sonoraenequipo.com.mx\/storage\/2021\/04\/egc210421.jpg","type":"image\/jpeg"}],"author":"enequipo","twitter_card":"summary_large_image","twitter_creator":"@sonoraenequipo","twitter_site":"@sonoraenequipo","twitter_misc":{"Escrito por":"enequipo","Tiempo de lectura":"2 minutos"},"schema":{"@context":"https:\/\/schema.org","@graph":[{"@type":"Article","@id":"https:\/\/www.sonoraenequipo.com.mx\/sere-el-gobernador-de-la-reactivacion-economica-de-sonora-borrego-gandara\/#article","isPartOf":{"@id":"https:\/\/www.sonoraenequipo.com.mx\/sere-el-gobernador-de-la-reactivacion-economica-de-sonora-borrego-gandara\/"},"author":{"name":"enequipo","@id":"https:\/\/www.sonoraenequipo.com.mx\/#\/schema\/person\/50102df0fb23a8fa9e8effad8fa81386"},"headline":"Ser\u00e9 \u00a0el Gobernador de la Reactivaci\u00f3n Econ\u00f3mica de Sonora :\u00bbBorrego\u201d G\u00e1ndara","datePublished":"2021-04-22T01:13:25+00:00","mainEntityOfPage":{"@id":"https:\/\/www.sonoraenequipo.com.mx\/sere-el-gobernador-de-la-reactivacion-economica-de-sonora-borrego-gandara\/"},"wordCount":444,"commentCount":0,"publisher":{"@id":"https:\/\/www.sonoraenequipo.com.mx\/#organization"},"image":{"@id":"https:\/\/www.sonoraenequipo.com.mx\/sere-el-gobernador-de-la-reactivacion-economica-de-sonora-borrego-gandara\/#primaryimage"},"thumbnailUrl":"https:\/\/www.sonoraenequipo.com.mx\/storage\/2021\/04\/egc210421.jpg","articleSection":["LA ELECCION 2024"],"inLanguage":"es","potentialAction":[{"@type":"CommentAction","name":"Comment","target":["https:\/\/www.sonoraenequipo.com.mx\/sere-el-gobernador-de-la-reactivacion-economica-de-sonora-borrego-gandara\/#respond"]}]},{"@type":"WebPage","@id":"https:\/\/www.sonoraenequipo.com.mx\/sere-el-gobernador-de-la-reactivacion-economica-de-sonora-borrego-gandara\/","url":"https:\/\/www.sonoraenequipo.com.mx\/sere-el-gobernador-de-la-reactivacion-economica-de-sonora-borrego-gandara\/","name":"Sonora en Equipo. Ser\u00e9 \u00a0el Gobernador de la Reactivaci\u00f3n Econ\u00f3mica de Sonora :\"Borrego\u201d G\u00e1ndara LA ELECCION 2024","isPartOf":{"@id":"https:\/\/www.sonoraenequipo.com.mx\/#website"},"primaryImageOfPage":{"@id":"https:\/\/www.sonoraenequipo.com.mx\/sere-el-gobernador-de-la-reactivacion-economica-de-sonora-borrego-gandara\/#primaryimage"},"image":{"@id":"https:\/\/www.sonoraenequipo.com.mx\/sere-el-gobernador-de-la-reactivacion-economica-de-sonora-borrego-gandara\/#primaryimage"},"thumbnailUrl":"https:\/\/www.sonoraenequipo.com.mx\/storage\/2021\/04\/egc210421.jpg","datePublished":"2021-04-22T01:13:25+00:00","description":"HERMOSILLO, SONORA,MX.\u2500\u2500 El reto para reconstruir a Sonora despu\u00e9s de los embates del Covid-19 y la falta de apoyo del Gobierno Federal es grande, pero En Sonora en Equipo publicamos toda la informaci\u00f3n de Sonora, M\u00e9xico y el Mundo de manera oportuna y busca que la libertad de expresi\u00f3n sea real. Visita nuestro medio informativo publicado desde Hermosillo, Sonora. %","breadcrumb":{"@id":"https:\/\/www.sonoraenequipo.com.mx\/sere-el-gobernador-de-la-reactivacion-economica-de-sonora-borrego-gandara\/#breadcrumb"},"inLanguage":"es","potentialAction":[{"@type":"ReadAction","target":["https:\/\/www.sonoraenequipo.com.mx\/sere-el-gobernador-de-la-reactivacion-economica-de-sonora-borrego-gandara\/"]}]},{"@type":"ImageObject","inLanguage":"es","@id":"https:\/\/www.sonoraenequipo.com.mx\/sere-el-gobernador-de-la-reactivacion-economica-de-sonora-borrego-gandara\/#primaryimage","url":"https:\/\/www.sonoraenequipo.com.mx\/storage\/2021\/04\/egc210421.jpg","contentUrl":"https:\/\/www.sonoraenequipo.com.mx\/storage\/2021\/04\/egc210421.jpg","width":500,"height":300},{"@type":"BreadcrumbList","@id":"https:\/\/www.sonoraenequipo.com.mx\/sere-el-gobernador-de-la-reactivacion-economica-de-sonora-borrego-gandara\/#breadcrumb","itemListElement":[{"@type":"ListItem","position":1,"name":"Portada","item":"https:\/\/www.sonoraenequipo.com.mx\/"},{"@type":"ListItem","position":2,"name":"Ser\u00e9 \u00a0el Gobernador de la Reactivaci\u00f3n Econ\u00f3mica de Sonora :\u00bbBorrego\u201d G\u00e1ndara"}]},{"@type":"WebSite","@id":"https:\/\/www.sonoraenequipo.com.mx\/#website","url":"https:\/\/www.sonoraenequipo.com.mx\/","name":"Sonora en Equipo.","description":"Diario en l\u00ednea con Noticias desde Hermosillo, Sonora","publisher":{"@id":"https:\/\/www.sonoraenequipo.com.mx\/#organization"},"potentialAction":[{"@type":"SearchAction","target":{"@type":"EntryPoint","urlTemplate":"https:\/\/www.sonoraenequipo.com.mx\/?s={search_term_string}"},"query-input":{"@type":"PropertyValueSpecification","valueRequired":true,"valueName":"search_term_string"}}],"inLanguage":"es"},{"@type":"Organization","@id":"https:\/\/www.sonoraenequipo.com.mx\/#organization","name":"Sonoraenequipo.com.mx","url":"https:\/\/www.sonoraenequipo.com.mx\/","logo":{"@type":"ImageObject","inLanguage":"es","@id":"https:\/\/www.sonoraenequipo.com.mx\/#\/schema\/logo\/image\/","url":"https:\/\/www.sonoraenequipo.com.mx\/storage\/2019\/01\/sonoraenequipo_opt.png","contentUrl":"https:\/\/www.sonoraenequipo.com.mx\/storage\/2019\/01\/sonoraenequipo_opt.png","width":375,"height":125,"caption":"Sonoraenequipo.com.mx"},"image":{"@id":"https:\/\/www.sonoraenequipo.com.mx\/#\/schema\/logo\/image\/"},"sameAs":["https:\/\/www.facebook.com\/SonoraEE\/","https:\/\/x.com\/sonoraenequipo","https:\/\/www.youtube.com\/channel\/UC338nW-lPEYmJQs4ZABQ1SQ"]},{"@type":"Person","@id":"https:\/\/www.sonoraenequipo.com.mx\/#\/schema\/person\/50102df0fb23a8fa9e8effad8fa81386","name":"enequipo","image":{"@type":"ImageObject","inLanguage":"es","@id":"https:\/\/www.sonoraenequipo.com.mx\/#\/schema\/person\/image\/","url":"https:\/\/secure.gravatar.com\/avatar\/049821681b589dabc0bc20695993ccebb09f5b5d4d790cd9251b97faac7c652b?s=96&d=blank&r=g","contentUrl":"https:\/\/secure.gravatar.com\/avatar\/049821681b589dabc0bc20695993ccebb09f5b5d4d790cd9251b97faac7c652b?s=96&d=blank&r=g","caption":"enequipo"},"sameAs":["https:\/\/www.facebook.com\/SonoraEE"]}]}},"jetpack_featured_media_url":"https:\/\/www.sonoraenequipo.com.mx\/storage\/2021\/04\/egc210421.jpg","_links":{"self":[{"href":"https:\/\/www.sonoraenequipo.com.mx\/api\/wp\/v2\/posts\/112230","targetHints":{"allow":["GET"]}}],"collection":[{"href":"https:\/\/www.sonoraenequipo.com.mx\/api\/wp\/v2\/posts"}],"about":[{"href":"https:\/\/www.sonoraenequipo.com.mx\/api\/wp\/v2\/types\/post"}],"author":[{"embeddable":true,"href":"https:\/\/www.sonoraenequipo.com.mx\/api\/wp\/v2\/users\/1"}],"replies":[{"embeddable":true,"href":"https:\/\/www.sonoraenequipo.com.mx\/api\/wp\/v2\/comments?post=112230"}],"version-history":[{"count":1,"href":"https:\/\/www.sonoraenequipo.com.mx\/api\/wp\/v2\/posts\/112230\/revisions"}],"predecessor-version":[{"id":112233,"href":"https:\/\/www.sonoraenequipo.com.mx\/api\/wp\/v2\/posts\/112230\/revisions\/112233"}],"wp:featuredmedia":[{"embeddable":true,"href":"https:\/\/www.sonoraenequipo.com.mx\/api\/wp\/v2\/media\/112232"}],"wp:attachment":[{"href":"https:\/\/www.sonoraenequipo.com.mx\/api\/wp\/v2\/media?parent=112230"}],"wp:term":[{"taxonomy":"category","embeddable":true,"href":"https:\/\/www.sonoraenequipo.com.mx\/api\/wp\/v2\/categories?post=112230"},{"taxonomy":"post_tag","embeddable":true,"href":"https:\/\/www.sonoraenequipo.com.mx\/api\/wp\/v2\/tags?post=112230"}],"curies":[{"name":"wp","href":"https:\/\/api.w.org\/{rel}","templated":true}]}}