{"id":112244,"date":"2021-04-21T15:20:15","date_gmt":"2021-04-21T22:20:15","guid":{"rendered":"https:\/\/www.sonoraenequipo.com.mx\/?p=112244"},"modified":"2021-04-21T22:02:49","modified_gmt":"2021-04-22T05:02:49","slug":"medicina-personalizada-y-su-impacto-para-la-construccion-de-sistemas-de-salud-mas-sostenibles","status":"publish","type":"post","link":"https:\/\/www.sonoraenequipo.com.mx\/medicina-personalizada-y-su-impacto-para-la-construccion-de-sistemas-de-salud-mas-sostenibles\/","title":{"rendered":"Medicina personalizada y su impacto para la construcci\u00f3n de sistemas de salud m\u00e1s sostenibles"},"content":{"rendered":"<p>CIUDAD DE M\u00c9XICO. MX.\u2014 En el marco del D\u00eda Mundial del ADN, que se conmemora el 25 de abril, Roche M\u00e9xico llev\u00f3 a cabo el foro \u201cReescribiendo la historia de la salud, un paciente a la vez\u201d, en el que especialistas dialogaron sobre la importancia del desarrollo cient\u00edfico y el estudio de la gen\u00e9tica humana como un elemento clave para la construcci\u00f3n de sistemas de salud m\u00e1s sostenibles y accesibles desde el enfoque de la medicina personalizada.<\/p>\n<p>&nbsp;<\/p>\n<p> <\/p>\n<p>En este espacio participaron los especialistas Bettina Zimmerman, de Roche Farma Internacional; Carmen Al\u00e1ez, bi\u00f3loga del Instituto Nacional de Medicina Gen\u00f3mica; Kenji L\u00f3pez, presidente de la organizaci\u00f3n C\u00e1ncer Warriors de M\u00e9xico A.C. y el Dr. Carlos Sorroza L\u00f3pez, experto en Econom\u00eda de la Salud.<\/p>\n<p>&nbsp;<\/p>\n<p>Durante el panel se habl\u00f3 sobre la importancia de la adopci\u00f3n de la medicina personalizada en los sistemas de salud. Y es que la innovaci\u00f3n en el campo de la medicina de precisi\u00f3n con base en un an\u00e1lisis gen\u00f3mico facilita el diagn\u00f3stico correcto y el tratamiento adecuado para cada paciente en el momento que lo necesita. Este enfoque de la medicina podr\u00eda representar una mejora en la sostenibilidad de los sistemas de salud e impactar de manera positiva la econom\u00eda de los pa\u00edses que la implementan.<\/p>\n<p>&nbsp;<\/p>\n<p>Destacaron que el uso de data y evidencia del mundo real es imprescindible para brindar soporte en la toma de decisiones terap\u00e9uticas e inversiones m\u00e1s precisas, este abordaje promueve mejores resultados cl\u00ednicos y un uso m\u00e1s eficiente de los recursos.<\/p>\n<p>&nbsp;<\/p>\n<p>Uno de los casos en los que la medicina personalizada ha demostrado tener grandes resultados es en el tratamiento de los distintos tipos de c\u00e1ncer, gracias a una creciente comprensi\u00f3n y capacidad para reunir informaci\u00f3n a nivel molecular, comenzando por los perfiles gen\u00e9ticos de los individuos. La aplicaci\u00f3n de procedimientos m\u00e9dicos como el perfilamiento gen\u00f3mico exhaustivo destacan por su agilidad, precisi\u00f3n y rapidez para contar con los resultados.<\/p>\n<p>&nbsp;<\/p>\n<p>Esto se debe principalmente a que cada c\u00e1ncer tiene su propia identidad gen\u00e9tica y, por lo tanto, el comportamiento de la enfermedad es distinto entre cada persona. Otra de las caracter\u00edsticas del perfilamiento gen\u00f3mico es que brinda a los profesionales de la salud la oportunidad de vigilar la evoluci\u00f3n de la enfermedad y tomar decisiones cl\u00ednicas oportunas, lo que permite descartar o modificar un tratamiento que pudiera no ser adecuado para el paciente.<\/p>\n<p>&nbsp;<\/p>\n<p>Los expertos coincidieron en que es responsabilidad de todos impulsar la adopci\u00f3n de nuevas maneras de tratar enfermedades, en este sentido, se resalt\u00f3 la importancia del empoderamiento de los pacientes para tener una participaci\u00f3n m\u00e1s activa en la toma de decisiones relacionadas con su salud, el compromiso de las autoridades e instituciones, la actualizaci\u00f3n constante de los especialistas m\u00e9dicos, y la contribuci\u00f3n de la iniciativa privada en relaci\u00f3n con innovaci\u00f3n y desarrollo de nuevas soluciones diagn\u00f3sticas y de tratamientos.<\/p>\n<p>&nbsp;<\/p>\n<p>Al finalizar, Rachelle Neumann, L\u00edder de Comunicaci\u00f3n para Roche M\u00e9xico, destac\u00f3: <em>\u201cEs importante mostrar la trascendencia de este tema en voz de distintos expertos que nos permiten dar un panorama completo del impacto actual y la evoluci\u00f3n que tiene la medicina personalizada, ya que la adopci\u00f3n de este enfoque representa una gran oportunidad de tener diagn\u00f3sticos y tratamientos m\u00e1s precisos en beneficio de toda la sociedad\u201d.<\/em><\/p>\n<p>&nbsp;<\/p>\n<p>&nbsp;<\/p>\n<p>(Publicada el 21\/04\/2021)<\/p>\n","protected":false},"excerpt":{"rendered":"<p>CIUDAD DE M\u00c9XICO. MX.\u2014 En el marco del D\u00eda Mundial del ADN, que se conmemora&#8230;<\/p>\n","protected":false},"author":1,"featured_media":112247,"comment_status":"open","ping_status":"open","sticky":false,"template":"","format":"standard","meta":{"_monsterinsights_skip_tracking":false,"_monsterinsights_sitenote_active":false,"_monsterinsights_sitenote_note":"","_monsterinsights_sitenote_category":0,"footnotes":""},"categories":[3],"tags":[],"class_list":["post"],"yoast_head":" \n<title>Sonora en Equipo. Medicina personalizada y su impacto para la construcci\u00f3n de sistemas de salud m\u00e1s sostenibles MUNDO<\/title>\n<meta name=\"description\" content=\"CIUDAD DE M\u00c9XICO. MX.\u2014 En el marco del D\u00eda Mundial del ADN, que se conmemora el 25 de abril, Roche M\u00e9xico llev\u00f3 a cabo el foro \u201cReescribiendo la historia En Sonora en Equipo publicamos toda la informaci\u00f3n de Sonora, M\u00e9xico y el Mundo de manera oportuna y busca que la libertad de expresi\u00f3n sea real. Visita nuestro medio informativo publicado desde Hermosillo, Sonora. %\" \/>\n<meta name=\"robots\" content=\"index, follow, max-snippet:-1, max-image-preview:large, max-video-preview:-1\" \/>\n<link rel=\"canonical\" href=\"https:\/\/www.sonoraenequipo.com.mx\/medicina-personalizada-y-su-impacto-para-la-construccion-de-sistemas-de-salud-mas-sostenibles\/\" \/>\n<meta property=\"og:locale\" content=\"es_ES\" \/>\n<meta property=\"og:type\" content=\"article\" \/>\n<meta property=\"og:title\" content=\"Sonora en Equipo. Medicina personalizada y su impacto para la construcci\u00f3n de sistemas de salud m\u00e1s sostenibles MUNDO\" \/>\n<meta property=\"og:description\" content=\"CIUDAD DE M\u00c9XICO. MX.\u2014 En el marco del D\u00eda Mundial del ADN, que se conmemora el 25 de abril, Roche M\u00e9xico llev\u00f3 a cabo el foro \u201cReescribiendo la historia En Sonora en Equipo publicamos toda la informaci\u00f3n de Sonora, M\u00e9xico y el Mundo de manera oportuna y busca que la libertad de expresi\u00f3n sea real. Visita nuestro medio informativo publicado desde Hermosillo, Sonora. %\" \/>\n<meta property=\"og:url\" content=\"https:\/\/www.sonoraenequipo.com.mx\/medicina-personalizada-y-su-impacto-para-la-construccion-de-sistemas-de-salud-mas-sostenibles\/\" \/>\n<meta property=\"og:site_name\" content=\"Sonora en Equipo.\" \/>\n<meta property=\"article:publisher\" content=\"https:\/\/www.facebook.com\/SonoraEE\/\" \/>\n<meta property=\"article:author\" content=\"https:\/\/www.facebook.com\/SonoraEE\" \/>\n<meta property=\"article:published_time\" content=\"2021-04-21T22:20:15+00:00\" \/>\n<meta property=\"article:modified_time\" content=\"2021-04-22T05:02:49+00:00\" \/>\n<meta property=\"og:image\" content=\"https:\/\/www.sonoraenequipo.com.mx\/storage\/2021\/04\/Imagen-Foro_opt.jpg\" \/>\n\t<meta property=\"og:image:width\" content=\"886\" \/>\n\t<meta property=\"og:image:height\" content=\"400\" \/>\n\t<meta property=\"og:image:type\" content=\"image\/jpeg\" \/>\n<meta name=\"author\" content=\"enequipo\" \/>\n<meta name=\"twitter:card\" content=\"summary_large_image\" \/>\n<meta name=\"twitter:creator\" content=\"@sonoraenequipo\" \/>\n<meta name=\"twitter:site\" content=\"@sonoraenequipo\" \/>\n<meta name=\"twitter:label1\" content=\"Escrito por\" \/>\n\t<meta name=\"twitter:data1\" content=\"enequipo\" \/>\n\t<meta name=\"twitter:label2\" content=\"Tiempo de lectura\" \/>\n\t<meta name=\"twitter:data2\" content=\"3 minutos\" \/>\n<script type=\"application\/ld+json\" class=\"yoast-schema-graph\">{\"@context\":\"https:\/\/schema.org\",\"@graph\":[{\"@type\":\"Article\",\"@id\":\"https:\/\/www.sonoraenequipo.com.mx\/medicina-personalizada-y-su-impacto-para-la-construccion-de-sistemas-de-salud-mas-sostenibles\/#article\",\"isPartOf\":{\"@id\":\"https:\/\/www.sonoraenequipo.com.mx\/medicina-personalizada-y-su-impacto-para-la-construccion-de-sistemas-de-salud-mas-sostenibles\/\"},\"author\":{\"name\":\"enequipo\",\"@id\":\"https:\/\/www.sonoraenequipo.com.mx\/#\/schema\/person\/50102df0fb23a8fa9e8effad8fa81386\"},\"headline\":\"Medicina personalizada y su impacto para la construcci\u00f3n de sistemas de salud m\u00e1s sostenibles\",\"datePublished\":\"2021-04-21T22:20:15+00:00\",\"dateModified\":\"2021-04-22T05:02:49+00:00\",\"mainEntityOfPage\":{\"@id\":\"https:\/\/www.sonoraenequipo.com.mx\/medicina-personalizada-y-su-impacto-para-la-construccion-de-sistemas-de-salud-mas-sostenibles\/\"},\"wordCount\":619,\"commentCount\":0,\"publisher\":{\"@id\":\"https:\/\/www.sonoraenequipo.com.mx\/#organization\"},\"image\":{\"@id\":\"https:\/\/www.sonoraenequipo.com.mx\/medicina-personalizada-y-su-impacto-para-la-construccion-de-sistemas-de-salud-mas-sostenibles\/#primaryimage\"},\"thumbnailUrl\":\"https:\/\/www.sonoraenequipo.com.mx\/storage\/2021\/04\/Imagen-Foro_opt.jpg\",\"articleSection\":[\"MUNDO\"],\"inLanguage\":\"es\",\"potentialAction\":[{\"@type\":\"CommentAction\",\"name\":\"Comment\",\"target\":[\"https:\/\/www.sonoraenequipo.com.mx\/medicina-personalizada-y-su-impacto-para-la-construccion-de-sistemas-de-salud-mas-sostenibles\/#respond\"]}]},{\"@type\":\"WebPage\",\"@id\":\"https:\/\/www.sonoraenequipo.com.mx\/medicina-personalizada-y-su-impacto-para-la-construccion-de-sistemas-de-salud-mas-sostenibles\/\",\"url\":\"https:\/\/www.sonoraenequipo.com.mx\/medicina-personalizada-y-su-impacto-para-la-construccion-de-sistemas-de-salud-mas-sostenibles\/\",\"name\":\"Sonora en Equipo. Medicina personalizada y su impacto para la construcci\u00f3n de sistemas de salud m\u00e1s sostenibles MUNDO\",\"isPartOf\":{\"@id\":\"https:\/\/www.sonoraenequipo.com.mx\/#website\"},\"primaryImageOfPage\":{\"@id\":\"https:\/\/www.sonoraenequipo.com.mx\/medicina-personalizada-y-su-impacto-para-la-construccion-de-sistemas-de-salud-mas-sostenibles\/#primaryimage\"},\"image\":{\"@id\":\"https:\/\/www.sonoraenequipo.com.mx\/medicina-personalizada-y-su-impacto-para-la-construccion-de-sistemas-de-salud-mas-sostenibles\/#primaryimage\"},\"thumbnailUrl\":\"https:\/\/www.sonoraenequipo.com.mx\/storage\/2021\/04\/Imagen-Foro_opt.jpg\",\"datePublished\":\"2021-04-21T22:20:15+00:00\",\"dateModified\":\"2021-04-22T05:02:49+00:00\",\"description\":\"CIUDAD DE M\u00c9XICO. MX.\u2014 En el marco del D\u00eda Mundial del ADN, que se conmemora el 25 de abril, Roche M\u00e9xico llev\u00f3 a cabo el foro \u201cReescribiendo la historia En Sonora en Equipo publicamos toda la informaci\u00f3n de Sonora, M\u00e9xico y el Mundo de manera oportuna y busca que la libertad de expresi\u00f3n sea real. Visita nuestro medio informativo publicado desde Hermosillo, Sonora. %\",\"breadcrumb\":{\"@id\":\"https:\/\/www.sonoraenequipo.com.mx\/medicina-personalizada-y-su-impacto-para-la-construccion-de-sistemas-de-salud-mas-sostenibles\/#breadcrumb\"},\"inLanguage\":\"es\",\"potentialAction\":[{\"@type\":\"ReadAction\",\"target\":[\"https:\/\/www.sonoraenequipo.com.mx\/medicina-personalizada-y-su-impacto-para-la-construccion-de-sistemas-de-salud-mas-sostenibles\/\"]}]},{\"@type\":\"ImageObject\",\"inLanguage\":\"es\",\"@id\":\"https:\/\/www.sonoraenequipo.com.mx\/medicina-personalizada-y-su-impacto-para-la-construccion-de-sistemas-de-salud-mas-sostenibles\/#primaryimage\",\"url\":\"https:\/\/www.sonoraenequipo.com.mx\/storage\/2021\/04\/Imagen-Foro_opt.jpg\",\"contentUrl\":\"https:\/\/www.sonoraenequipo.com.mx\/storage\/2021\/04\/Imagen-Foro_opt.jpg\",\"width\":886,\"height\":400},{\"@type\":\"BreadcrumbList\",\"@id\":\"https:\/\/www.sonoraenequipo.com.mx\/medicina-personalizada-y-su-impacto-para-la-construccion-de-sistemas-de-salud-mas-sostenibles\/#breadcrumb\",\"itemListElement\":[{\"@type\":\"ListItem\",\"position\":1,\"name\":\"Portada\",\"item\":\"https:\/\/www.sonoraenequipo.com.mx\/\"},{\"@type\":\"ListItem\",\"position\":2,\"name\":\"Medicina personalizada y su impacto para la construcci\u00f3n de sistemas de salud m\u00e1s sostenibles\"}]},{\"@type\":\"WebSite\",\"@id\":\"https:\/\/www.sonoraenequipo.com.mx\/#website\",\"url\":\"https:\/\/www.sonoraenequipo.com.mx\/\",\"name\":\"Sonora en Equipo.\",\"description\":\"Diario en l\u00ednea con Noticias desde Hermosillo, Sonora\",\"publisher\":{\"@id\":\"https:\/\/www.sonoraenequipo.com.mx\/#organization\"},\"potentialAction\":[{\"@type\":\"SearchAction\",\"target\":{\"@type\":\"EntryPoint\",\"urlTemplate\":\"https:\/\/www.sonoraenequipo.com.mx\/?s={search_term_string}\"},\"query-input\":{\"@type\":\"PropertyValueSpecification\",\"valueRequired\":true,\"valueName\":\"search_term_string\"}}],\"inLanguage\":\"es\"},{\"@type\":\"Organization\",\"@id\":\"https:\/\/www.sonoraenequipo.com.mx\/#organization\",\"name\":\"Sonoraenequipo.com.mx\",\"url\":\"https:\/\/www.sonoraenequipo.com.mx\/\",\"logo\":{\"@type\":\"ImageObject\",\"inLanguage\":\"es\",\"@id\":\"https:\/\/www.sonoraenequipo.com.mx\/#\/schema\/logo\/image\/\",\"url\":\"https:\/\/www.sonoraenequipo.com.mx\/storage\/2019\/01\/sonoraenequipo_opt.png\",\"contentUrl\":\"https:\/\/www.sonoraenequipo.com.mx\/storage\/2019\/01\/sonoraenequipo_opt.png\",\"width\":375,\"height\":125,\"caption\":\"Sonoraenequipo.com.mx\"},\"image\":{\"@id\":\"https:\/\/www.sonoraenequipo.com.mx\/#\/schema\/logo\/image\/\"},\"sameAs\":[\"https:\/\/www.facebook.com\/SonoraEE\/\",\"https:\/\/x.com\/sonoraenequipo\",\"https:\/\/www.youtube.com\/channel\/UC338nW-lPEYmJQs4ZABQ1SQ\"]},{\"@type\":\"Person\",\"@id\":\"https:\/\/www.sonoraenequipo.com.mx\/#\/schema\/person\/50102df0fb23a8fa9e8effad8fa81386\",\"name\":\"enequipo\",\"image\":{\"@type\":\"ImageObject\",\"inLanguage\":\"es\",\"@id\":\"https:\/\/www.sonoraenequipo.com.mx\/#\/schema\/person\/image\/\",\"url\":\"https:\/\/secure.gravatar.com\/avatar\/049821681b589dabc0bc20695993ccebb09f5b5d4d790cd9251b97faac7c652b?s=96&d=blank&r=g\",\"contentUrl\":\"https:\/\/secure.gravatar.com\/avatar\/049821681b589dabc0bc20695993ccebb09f5b5d4d790cd9251b97faac7c652b?s=96&d=blank&r=g\",\"caption\":\"enequipo\"},\"sameAs\":[\"https:\/\/www.facebook.com\/SonoraEE\"]}]}<\/script>\n ","yoast_head_json":{"title":"Sonora en Equipo. Medicina personalizada y su impacto para la construcci\u00f3n de sistemas de salud m\u00e1s sostenibles MUNDO","description":"CIUDAD DE M\u00c9XICO. MX.\u2014 En el marco del D\u00eda Mundial del ADN, que se conmemora el 25 de abril, Roche M\u00e9xico llev\u00f3 a cabo el foro \u201cReescribiendo la historia En Sonora en Equipo publicamos toda la informaci\u00f3n de Sonora, M\u00e9xico y el Mundo de manera oportuna y busca que la libertad de expresi\u00f3n sea real. Visita nuestro medio informativo publicado desde Hermosillo, Sonora. %","robots":{"index":"index","follow":"follow","max-snippet":"max-snippet:-1","max-image-preview":"max-image-preview:large","max-video-preview":"max-video-preview:-1"},"canonical":"https:\/\/www.sonoraenequipo.com.mx\/medicina-personalizada-y-su-impacto-para-la-construccion-de-sistemas-de-salud-mas-sostenibles\/","og_locale":"es_ES","og_type":"article","og_title":"Sonora en Equipo. Medicina personalizada y su impacto para la construcci\u00f3n de sistemas de salud m\u00e1s sostenibles MUNDO","og_description":"CIUDAD DE M\u00c9XICO. MX.\u2014 En el marco del D\u00eda Mundial del ADN, que se conmemora el 25 de abril, Roche M\u00e9xico llev\u00f3 a cabo el foro \u201cReescribiendo la historia En Sonora en Equipo publicamos toda la informaci\u00f3n de Sonora, M\u00e9xico y el Mundo de manera oportuna y busca que la libertad de expresi\u00f3n sea real. Visita nuestro medio informativo publicado desde Hermosillo, Sonora. %","og_url":"https:\/\/www.sonoraenequipo.com.mx\/medicina-personalizada-y-su-impacto-para-la-construccion-de-sistemas-de-salud-mas-sostenibles\/","og_site_name":"Sonora en Equipo.","article_publisher":"https:\/\/www.facebook.com\/SonoraEE\/","article_author":"https:\/\/www.facebook.com\/SonoraEE","article_published_time":"2021-04-21T22:20:15+00:00","article_modified_time":"2021-04-22T05:02:49+00:00","og_image":[{"width":886,"height":400,"url":"https:\/\/www.sonoraenequipo.com.mx\/storage\/2021\/04\/Imagen-Foro_opt.jpg","type":"image\/jpeg"}],"author":"enequipo","twitter_card":"summary_large_image","twitter_creator":"@sonoraenequipo","twitter_site":"@sonoraenequipo","twitter_misc":{"Escrito por":"enequipo","Tiempo de lectura":"3 minutos"},"schema":{"@context":"https:\/\/schema.org","@graph":[{"@type":"Article","@id":"https:\/\/www.sonoraenequipo.com.mx\/medicina-personalizada-y-su-impacto-para-la-construccion-de-sistemas-de-salud-mas-sostenibles\/#article","isPartOf":{"@id":"https:\/\/www.sonoraenequipo.com.mx\/medicina-personalizada-y-su-impacto-para-la-construccion-de-sistemas-de-salud-mas-sostenibles\/"},"author":{"name":"enequipo","@id":"https:\/\/www.sonoraenequipo.com.mx\/#\/schema\/person\/50102df0fb23a8fa9e8effad8fa81386"},"headline":"Medicina personalizada y su impacto para la construcci\u00f3n de sistemas de salud m\u00e1s sostenibles","datePublished":"2021-04-21T22:20:15+00:00","dateModified":"2021-04-22T05:02:49+00:00","mainEntityOfPage":{"@id":"https:\/\/www.sonoraenequipo.com.mx\/medicina-personalizada-y-su-impacto-para-la-construccion-de-sistemas-de-salud-mas-sostenibles\/"},"wordCount":619,"commentCount":0,"publisher":{"@id":"https:\/\/www.sonoraenequipo.com.mx\/#organization"},"image":{"@id":"https:\/\/www.sonoraenequipo.com.mx\/medicina-personalizada-y-su-impacto-para-la-construccion-de-sistemas-de-salud-mas-sostenibles\/#primaryimage"},"thumbnailUrl":"https:\/\/www.sonoraenequipo.com.mx\/storage\/2021\/04\/Imagen-Foro_opt.jpg","articleSection":["MUNDO"],"inLanguage":"es","potentialAction":[{"@type":"CommentAction","name":"Comment","target":["https:\/\/www.sonoraenequipo.com.mx\/medicina-personalizada-y-su-impacto-para-la-construccion-de-sistemas-de-salud-mas-sostenibles\/#respond"]}]},{"@type":"WebPage","@id":"https:\/\/www.sonoraenequipo.com.mx\/medicina-personalizada-y-su-impacto-para-la-construccion-de-sistemas-de-salud-mas-sostenibles\/","url":"https:\/\/www.sonoraenequipo.com.mx\/medicina-personalizada-y-su-impacto-para-la-construccion-de-sistemas-de-salud-mas-sostenibles\/","name":"Sonora en Equipo. Medicina personalizada y su impacto para la construcci\u00f3n de sistemas de salud m\u00e1s sostenibles MUNDO","isPartOf":{"@id":"https:\/\/www.sonoraenequipo.com.mx\/#website"},"primaryImageOfPage":{"@id":"https:\/\/www.sonoraenequipo.com.mx\/medicina-personalizada-y-su-impacto-para-la-construccion-de-sistemas-de-salud-mas-sostenibles\/#primaryimage"},"image":{"@id":"https:\/\/www.sonoraenequipo.com.mx\/medicina-personalizada-y-su-impacto-para-la-construccion-de-sistemas-de-salud-mas-sostenibles\/#primaryimage"},"thumbnailUrl":"https:\/\/www.sonoraenequipo.com.mx\/storage\/2021\/04\/Imagen-Foro_opt.jpg","datePublished":"2021-04-21T22:20:15+00:00","dateModified":"2021-04-22T05:02:49+00:00","description":"CIUDAD DE M\u00c9XICO. MX.\u2014 En el marco del D\u00eda Mundial del ADN, que se conmemora el 25 de abril, Roche M\u00e9xico llev\u00f3 a cabo el foro \u201cReescribiendo la historia En Sonora en Equipo publicamos toda la informaci\u00f3n de Sonora, M\u00e9xico y el Mundo de manera oportuna y busca que la libertad de expresi\u00f3n sea real. Visita nuestro medio informativo publicado desde Hermosillo, Sonora. %","breadcrumb":{"@id":"https:\/\/www.sonoraenequipo.com.mx\/medicina-personalizada-y-su-impacto-para-la-construccion-de-sistemas-de-salud-mas-sostenibles\/#breadcrumb"},"inLanguage":"es","potentialAction":[{"@type":"ReadAction","target":["https:\/\/www.sonoraenequipo.com.mx\/medicina-personalizada-y-su-impacto-para-la-construccion-de-sistemas-de-salud-mas-sostenibles\/"]}]},{"@type":"ImageObject","inLanguage":"es","@id":"https:\/\/www.sonoraenequipo.com.mx\/medicina-personalizada-y-su-impacto-para-la-construccion-de-sistemas-de-salud-mas-sostenibles\/#primaryimage","url":"https:\/\/www.sonoraenequipo.com.mx\/storage\/2021\/04\/Imagen-Foro_opt.jpg","contentUrl":"https:\/\/www.sonoraenequipo.com.mx\/storage\/2021\/04\/Imagen-Foro_opt.jpg","width":886,"height":400},{"@type":"BreadcrumbList","@id":"https:\/\/www.sonoraenequipo.com.mx\/medicina-personalizada-y-su-impacto-para-la-construccion-de-sistemas-de-salud-mas-sostenibles\/#breadcrumb","itemListElement":[{"@type":"ListItem","position":1,"name":"Portada","item":"https:\/\/www.sonoraenequipo.com.mx\/"},{"@type":"ListItem","position":2,"name":"Medicina personalizada y su impacto para la construcci\u00f3n de sistemas de salud m\u00e1s sostenibles"}]},{"@type":"WebSite","@id":"https:\/\/www.sonoraenequipo.com.mx\/#website","url":"https:\/\/www.sonoraenequipo.com.mx\/","name":"Sonora en Equipo.","description":"Diario en l\u00ednea con Noticias desde Hermosillo, Sonora","publisher":{"@id":"https:\/\/www.sonoraenequipo.com.mx\/#organization"},"potentialAction":[{"@type":"SearchAction","target":{"@type":"EntryPoint","urlTemplate":"https:\/\/www.sonoraenequipo.com.mx\/?s={search_term_string}"},"query-input":{"@type":"PropertyValueSpecification","valueRequired":true,"valueName":"search_term_string"}}],"inLanguage":"es"},{"@type":"Organization","@id":"https:\/\/www.sonoraenequipo.com.mx\/#organization","name":"Sonoraenequipo.com.mx","url":"https:\/\/www.sonoraenequipo.com.mx\/","logo":{"@type":"ImageObject","inLanguage":"es","@id":"https:\/\/www.sonoraenequipo.com.mx\/#\/schema\/logo\/image\/","url":"https:\/\/www.sonoraenequipo.com.mx\/storage\/2019\/01\/sonoraenequipo_opt.png","contentUrl":"https:\/\/www.sonoraenequipo.com.mx\/storage\/2019\/01\/sonoraenequipo_opt.png","width":375,"height":125,"caption":"Sonoraenequipo.com.mx"},"image":{"@id":"https:\/\/www.sonoraenequipo.com.mx\/#\/schema\/logo\/image\/"},"sameAs":["https:\/\/www.facebook.com\/SonoraEE\/","https:\/\/x.com\/sonoraenequipo","https:\/\/www.youtube.com\/channel\/UC338nW-lPEYmJQs4ZABQ1SQ"]},{"@type":"Person","@id":"https:\/\/www.sonoraenequipo.com.mx\/#\/schema\/person\/50102df0fb23a8fa9e8effad8fa81386","name":"enequipo","image":{"@type":"ImageObject","inLanguage":"es","@id":"https:\/\/www.sonoraenequipo.com.mx\/#\/schema\/person\/image\/","url":"https:\/\/secure.gravatar.com\/avatar\/049821681b589dabc0bc20695993ccebb09f5b5d4d790cd9251b97faac7c652b?s=96&d=blank&r=g","contentUrl":"https:\/\/secure.gravatar.com\/avatar\/049821681b589dabc0bc20695993ccebb09f5b5d4d790cd9251b97faac7c652b?s=96&d=blank&r=g","caption":"enequipo"},"sameAs":["https:\/\/www.facebook.com\/SonoraEE"]}]}},"jetpack_featured_media_url":"https:\/\/www.sonoraenequipo.com.mx\/storage\/2021\/04\/Imagen-Foro_opt.jpg","_links":{"self":[{"href":"https:\/\/www.sonoraenequipo.com.mx\/api\/wp\/v2\/posts\/112244","targetHints":{"allow":["GET"]}}],"collection":[{"href":"https:\/\/www.sonoraenequipo.com.mx\/api\/wp\/v2\/posts"}],"about":[{"href":"https:\/\/www.sonoraenequipo.com.mx\/api\/wp\/v2\/types\/post"}],"author":[{"embeddable":true,"href":"https:\/\/www.sonoraenequipo.com.mx\/api\/wp\/v2\/users\/1"}],"replies":[{"embeddable":true,"href":"https:\/\/www.sonoraenequipo.com.mx\/api\/wp\/v2\/comments?post=112244"}],"version-history":[{"count":1,"href":"https:\/\/www.sonoraenequipo.com.mx\/api\/wp\/v2\/posts\/112244\/revisions"}],"predecessor-version":[{"id":112248,"href":"https:\/\/www.sonoraenequipo.com.mx\/api\/wp\/v2\/posts\/112244\/revisions\/112248"}],"wp:featuredmedia":[{"embeddable":true,"href":"https:\/\/www.sonoraenequipo.com.mx\/api\/wp\/v2\/media\/112247"}],"wp:attachment":[{"href":"https:\/\/www.sonoraenequipo.com.mx\/api\/wp\/v2\/media?parent=112244"}],"wp:term":[{"taxonomy":"category","embeddable":true,"href":"https:\/\/www.sonoraenequipo.com.mx\/api\/wp\/v2\/categories?post=112244"},{"taxonomy":"post_tag","embeddable":true,"href":"https:\/\/www.sonoraenequipo.com.mx\/api\/wp\/v2\/tags?post=112244"}],"curies":[{"name":"wp","href":"https:\/\/api.w.org\/{rel}","templated":true}]}}