{"id":112343,"date":"2021-04-22T20:25:14","date_gmt":"2021-04-23T03:25:14","guid":{"rendered":"https:\/\/www.sonoraenequipo.com.mx\/?p=112343"},"modified":"2021-04-22T22:17:06","modified_gmt":"2021-04-23T05:17:06","slug":"critican-a-amlo-por-no-tomar-en-serio-la-cumbre-climatica","status":"publish","type":"post","link":"https:\/\/www.sonoraenequipo.com.mx\/critican-a-amlo-por-no-tomar-en-serio-la-cumbre-climatica\/","title":{"rendered":"Critican a AMLO por no tomar en serio la Cumbre clim\u00e1tica"},"content":{"rendered":"<p>CIUDAD DE M\u00c9XICO.MX. \u2014 El presidente Andr\u00e9s Manuel L\u00f3pez Obrador fue objeto de diversas criticas tras su participaci\u00f3n en la Cumbre de L\u00edderes sobre el Cambio Clim\u00e1tico, en la que, prefiri\u00f3 continuar con su conferencia matutina que escuchar los planteamientos de otros presidentes para frenar el cambio clim\u00e1tico.<\/p>\n<p>&nbsp;<\/p>\n<p> <\/p>\n<p>&nbsp;<\/p>\n<p>Durante la \u2018ma\u00f1anera\u2019, el mandatario observ\u00f3 la intervenci\u00f3n del presidente de Estados Unidos, Joe Biden, y su vicepresidenta Kamala Harris, y refiri\u00f3 que seguir\u00eda con los temas de la conferencia hasta que le tocara su intervenci\u00f3n.<\/p>\n<p>&nbsp;<\/p>\n<p><em>\u201cVan a hablar otros Jefes de Estado y, cuando nos toque el turno vamos a dar nuestro mensaje\u201d\u2026.( ). \u201cNo voy a tardar mucho porque quiero respetar los tiempos, a todos les est\u00e1n pidiendo que sean tres minutos, entonces hice un esfuerzo, un trabajo de s\u00edntesis para plantear lo b\u00e1sico cuando me corresponda\u201d,<\/em> explic\u00f3 L\u00f3pez Obrador.<\/p>\n<p>&nbsp;<\/p>\n<p>En su intervenci\u00f3n, el Ejecutivo Federal destac\u00f3 que durante su administraci\u00f3n se trabaja en la modernizaci\u00f3n de las plantas hidroel\u00e9ctricas, con el fin de reducir el uso de combust\u00f3leo o carb\u00f3n para producir electricidad.<\/p>\n<p>&nbsp;<\/p>\n<p><em>\u201cLa energ\u00eda que se produce con agua es limpia y barata, de ah\u00ed que hemos decidido cambiar turbinas antiguas por equipos modernos, lo cual nos permitir\u00e1 aprovechar el agua de los embalses para producir m\u00e1s energ\u00eda sin construir nuevas presas y sin causas afectaciones\u201d,<\/em> manifest\u00f3.<\/p>\n<p>&nbsp;<\/p>\n<p>Posteriormente, se enfoc\u00f3 en la necesidad de ampliar el programa <em>\u201cSembrando Vida\u201c,<\/em> y propuso a Joe Biden que su gobierno podr\u00eda financiar este programa en pa\u00edses como Guatemala, Honduras y El Salvador.<\/p>\n<p>&nbsp;<\/p>\n<p><em>\u201cCon todo respeto, el Gobierno de Estados Unidos podr\u00eda ofrecer a quienes participen en este programa que despu\u00e9s de sembrar sus tierras durante tres a\u00f1os consecutivos, tendr\u00edan posibilidad de obtener una visa de trabajo temporal y, luego de otros tres o cuatro a\u00f1os, podr\u00edan obtener hasta la residencia en Estados Unidos o su doble nacionalidad\u201d<\/em>, sugiri\u00f3.<\/p>\n<p>&nbsp;<\/p>\n<p>Finalmente, AMLO coment\u00f3 que el fen\u00f3meno migratorio no puede ser resuelto con medidas coercitivas, sino con justicia y acciones para el bienestar de las personas, y dijo que los migrantes que buscan una vida mejor son <em>\u201cseres excepcionales\u201d,<\/em> por lo que, llam\u00f3 a ordenar los flujos migratorios con <em>\u201chumanismo\u201d.<\/em><\/p>\n<p>&nbsp;<\/p>\n<p>Tras su participaci\u00f3n, el mandatario fue criticado en redes sociales por profesionistas, internacionalistas y diplom\u00e1ticos, entre otros.<\/p>\n<p>&nbsp;<\/p>\n<p>&nbsp;<\/p>\n<p><em>\u201cSi alguna vez se sintieron mal por apagar su c\u00e1mara en un zoom mientras hac\u00edan otra cosa, vean al presidente de la Rep\u00fablica seguir su show hasta que le toque\u201d<\/em>, escribi\u00f3 el periodista Alfredo Lecona.<\/p>\n<p>&nbsp;<\/p>\n<p>&nbsp;<\/p>\n<p>Por su parte, el expresidente Felipe Calder\u00f3n critic\u00f3 la importancia que la actual administraci\u00f3n da al tema ambiental.<\/p>\n<p>&nbsp;<\/p>\n<p>&nbsp;<\/p>\n<p><em>\u201cEl presidente es consistente. No tiene ning\u00fan inter\u00e9s en temas ambientales. Es impulsor de los combustibles f\u00f3siles y ha impulsado pol\u00edticas que van contra las energ\u00edas limpias. Ni modo que cancele una ma\u00f1anera para ir a una cumbre de 40 l\u00edderes mundiales. Hay prioridades\u201d,<\/em> expres\u00f3 el periodista Mario Campos.<\/p>\n<p>&nbsp;<\/p>\n<p>&nbsp;<\/p>\n<p><em>\u201cHasta pa\u00edses adversarios de Estados Unidos como China y Rusia le corren la cortes\u00eda de tomarlo en serio\u00bb<\/em>, asever\u00f3 Jorge Guajardo.<\/p>\n<p>&nbsp;<\/p>\n<p>&nbsp;<\/p>\n<p>(Publicada el 22\/04\/2021)<\/p>\n","protected":false},"excerpt":{"rendered":"<p>CIUDAD DE M\u00c9XICO.MX. \u2014 El presidente Andr\u00e9s Manuel L\u00f3pez Obrador fue objeto de diversas criticas&#8230;<\/p>\n","protected":false},"author":1,"featured_media":112344,"comment_status":"open","ping_status":"open","sticky":false,"template":"","format":"standard","meta":{"_monsterinsights_skip_tracking":false,"_monsterinsights_sitenote_active":false,"_monsterinsights_sitenote_note":"","_monsterinsights_sitenote_category":0,"footnotes":""},"categories":[5],"tags":[],"class_list":["post"],"yoast_head":" \n<title>Sonora en Equipo. Critican a AMLO por no tomar en serio la Cumbre clim\u00e1tica Rep\u00fablica<\/title>\n<meta name=\"description\" content=\"CIUDAD DE M\u00c9XICO.MX. \u2014 El presidente Andr\u00e9s Manuel L\u00f3pez Obrador fue objeto de diversas criticas tras su participaci\u00f3n en la Cumbre de L\u00edderes sobre el En Sonora en Equipo publicamos toda la informaci\u00f3n de Sonora, M\u00e9xico y el Mundo de manera oportuna y busca que la libertad de expresi\u00f3n sea real. Visita nuestro medio informativo publicado desde Hermosillo, Sonora. %\" \/>\n<meta name=\"robots\" content=\"index, follow, max-snippet:-1, max-image-preview:large, max-video-preview:-1\" \/>\n<link rel=\"canonical\" href=\"https:\/\/www.sonoraenequipo.com.mx\/critican-a-amlo-por-no-tomar-en-serio-la-cumbre-climatica\/\" \/>\n<meta property=\"og:locale\" content=\"es_ES\" \/>\n<meta property=\"og:type\" content=\"article\" \/>\n<meta property=\"og:title\" content=\"Sonora en Equipo. Critican a AMLO por no tomar en serio la Cumbre clim\u00e1tica Rep\u00fablica\" \/>\n<meta property=\"og:description\" content=\"CIUDAD DE M\u00c9XICO.MX. \u2014 El presidente Andr\u00e9s Manuel L\u00f3pez Obrador fue objeto de diversas criticas tras su participaci\u00f3n en la Cumbre de L\u00edderes sobre el En Sonora en Equipo publicamos toda la informaci\u00f3n de Sonora, M\u00e9xico y el Mundo de manera oportuna y busca que la libertad de expresi\u00f3n sea real. Visita nuestro medio informativo publicado desde Hermosillo, Sonora. %\" \/>\n<meta property=\"og:url\" content=\"https:\/\/www.sonoraenequipo.com.mx\/critican-a-amlo-por-no-tomar-en-serio-la-cumbre-climatica\/\" \/>\n<meta property=\"og:site_name\" content=\"Sonora en Equipo.\" \/>\n<meta property=\"article:publisher\" content=\"https:\/\/www.facebook.com\/SonoraEE\/\" \/>\n<meta property=\"article:author\" content=\"https:\/\/www.facebook.com\/SonoraEE\" \/>\n<meta property=\"article:published_time\" content=\"2021-04-23T03:25:14+00:00\" \/>\n<meta property=\"article:modified_time\" content=\"2021-04-23T05:17:06+00:00\" \/>\n<meta property=\"og:image\" content=\"https:\/\/www.sonoraenequipo.com.mx\/storage\/2021\/04\/AMLO-Cumbre_opt.jpg\" \/>\n\t<meta property=\"og:image:width\" content=\"711\" \/>\n\t<meta property=\"og:image:height\" content=\"400\" \/>\n\t<meta property=\"og:image:type\" content=\"image\/jpeg\" \/>\n<meta name=\"author\" content=\"enequipo\" \/>\n<meta name=\"twitter:card\" content=\"summary_large_image\" \/>\n<meta name=\"twitter:creator\" content=\"@sonoraenequipo\" \/>\n<meta name=\"twitter:site\" content=\"@sonoraenequipo\" \/>\n<meta name=\"twitter:label1\" content=\"Escrito por\" \/>\n\t<meta name=\"twitter:data1\" content=\"enequipo\" \/>\n\t<meta name=\"twitter:label2\" content=\"Tiempo de lectura\" \/>\n\t<meta name=\"twitter:data2\" content=\"3 minutos\" \/>\n<script type=\"application\/ld+json\" class=\"yoast-schema-graph\">{\"@context\":\"https:\/\/schema.org\",\"@graph\":[{\"@type\":\"Article\",\"@id\":\"https:\/\/www.sonoraenequipo.com.mx\/critican-a-amlo-por-no-tomar-en-serio-la-cumbre-climatica\/#article\",\"isPartOf\":{\"@id\":\"https:\/\/www.sonoraenequipo.com.mx\/critican-a-amlo-por-no-tomar-en-serio-la-cumbre-climatica\/\"},\"author\":{\"name\":\"enequipo\",\"@id\":\"https:\/\/www.sonoraenequipo.com.mx\/#\/schema\/person\/50102df0fb23a8fa9e8effad8fa81386\"},\"headline\":\"Critican a AMLO por no tomar en serio la Cumbre clim\u00e1tica\",\"datePublished\":\"2021-04-23T03:25:14+00:00\",\"dateModified\":\"2021-04-23T05:17:06+00:00\",\"mainEntityOfPage\":{\"@id\":\"https:\/\/www.sonoraenequipo.com.mx\/critican-a-amlo-por-no-tomar-en-serio-la-cumbre-climatica\/\"},\"wordCount\":576,\"commentCount\":0,\"publisher\":{\"@id\":\"https:\/\/www.sonoraenequipo.com.mx\/#organization\"},\"image\":{\"@id\":\"https:\/\/www.sonoraenequipo.com.mx\/critican-a-amlo-por-no-tomar-en-serio-la-cumbre-climatica\/#primaryimage\"},\"thumbnailUrl\":\"https:\/\/www.sonoraenequipo.com.mx\/storage\/2021\/04\/AMLO-Cumbre_opt.jpg\",\"articleSection\":[\"Rep\u00fablica\"],\"inLanguage\":\"es\",\"potentialAction\":[{\"@type\":\"CommentAction\",\"name\":\"Comment\",\"target\":[\"https:\/\/www.sonoraenequipo.com.mx\/critican-a-amlo-por-no-tomar-en-serio-la-cumbre-climatica\/#respond\"]}]},{\"@type\":\"WebPage\",\"@id\":\"https:\/\/www.sonoraenequipo.com.mx\/critican-a-amlo-por-no-tomar-en-serio-la-cumbre-climatica\/\",\"url\":\"https:\/\/www.sonoraenequipo.com.mx\/critican-a-amlo-por-no-tomar-en-serio-la-cumbre-climatica\/\",\"name\":\"Sonora en Equipo. Critican a AMLO por no tomar en serio la Cumbre clim\u00e1tica Rep\u00fablica\",\"isPartOf\":{\"@id\":\"https:\/\/www.sonoraenequipo.com.mx\/#website\"},\"primaryImageOfPage\":{\"@id\":\"https:\/\/www.sonoraenequipo.com.mx\/critican-a-amlo-por-no-tomar-en-serio-la-cumbre-climatica\/#primaryimage\"},\"image\":{\"@id\":\"https:\/\/www.sonoraenequipo.com.mx\/critican-a-amlo-por-no-tomar-en-serio-la-cumbre-climatica\/#primaryimage\"},\"thumbnailUrl\":\"https:\/\/www.sonoraenequipo.com.mx\/storage\/2021\/04\/AMLO-Cumbre_opt.jpg\",\"datePublished\":\"2021-04-23T03:25:14+00:00\",\"dateModified\":\"2021-04-23T05:17:06+00:00\",\"description\":\"CIUDAD DE M\u00c9XICO.MX. \u2014 El presidente Andr\u00e9s Manuel L\u00f3pez Obrador fue objeto de diversas criticas tras su participaci\u00f3n en la Cumbre de L\u00edderes sobre el En Sonora en Equipo publicamos toda la informaci\u00f3n de Sonora, M\u00e9xico y el Mundo de manera oportuna y busca que la libertad de expresi\u00f3n sea real. Visita nuestro medio informativo publicado desde Hermosillo, Sonora. %\",\"breadcrumb\":{\"@id\":\"https:\/\/www.sonoraenequipo.com.mx\/critican-a-amlo-por-no-tomar-en-serio-la-cumbre-climatica\/#breadcrumb\"},\"inLanguage\":\"es\",\"potentialAction\":[{\"@type\":\"ReadAction\",\"target\":[\"https:\/\/www.sonoraenequipo.com.mx\/critican-a-amlo-por-no-tomar-en-serio-la-cumbre-climatica\/\"]}]},{\"@type\":\"ImageObject\",\"inLanguage\":\"es\",\"@id\":\"https:\/\/www.sonoraenequipo.com.mx\/critican-a-amlo-por-no-tomar-en-serio-la-cumbre-climatica\/#primaryimage\",\"url\":\"https:\/\/www.sonoraenequipo.com.mx\/storage\/2021\/04\/AMLO-Cumbre_opt.jpg\",\"contentUrl\":\"https:\/\/www.sonoraenequipo.com.mx\/storage\/2021\/04\/AMLO-Cumbre_opt.jpg\",\"width\":711,\"height\":400},{\"@type\":\"BreadcrumbList\",\"@id\":\"https:\/\/www.sonoraenequipo.com.mx\/critican-a-amlo-por-no-tomar-en-serio-la-cumbre-climatica\/#breadcrumb\",\"itemListElement\":[{\"@type\":\"ListItem\",\"position\":1,\"name\":\"Portada\",\"item\":\"https:\/\/www.sonoraenequipo.com.mx\/\"},{\"@type\":\"ListItem\",\"position\":2,\"name\":\"Critican a AMLO por no tomar en serio la Cumbre clim\u00e1tica\"}]},{\"@type\":\"WebSite\",\"@id\":\"https:\/\/www.sonoraenequipo.com.mx\/#website\",\"url\":\"https:\/\/www.sonoraenequipo.com.mx\/\",\"name\":\"Sonora en Equipo.\",\"description\":\"Diario en l\u00ednea con Noticias desde Hermosillo, Sonora\",\"publisher\":{\"@id\":\"https:\/\/www.sonoraenequipo.com.mx\/#organization\"},\"potentialAction\":[{\"@type\":\"SearchAction\",\"target\":{\"@type\":\"EntryPoint\",\"urlTemplate\":\"https:\/\/www.sonoraenequipo.com.mx\/?s={search_term_string}\"},\"query-input\":{\"@type\":\"PropertyValueSpecification\",\"valueRequired\":true,\"valueName\":\"search_term_string\"}}],\"inLanguage\":\"es\"},{\"@type\":\"Organization\",\"@id\":\"https:\/\/www.sonoraenequipo.com.mx\/#organization\",\"name\":\"Sonoraenequipo.com.mx\",\"url\":\"https:\/\/www.sonoraenequipo.com.mx\/\",\"logo\":{\"@type\":\"ImageObject\",\"inLanguage\":\"es\",\"@id\":\"https:\/\/www.sonoraenequipo.com.mx\/#\/schema\/logo\/image\/\",\"url\":\"https:\/\/www.sonoraenequipo.com.mx\/storage\/2019\/01\/sonoraenequipo_opt.png\",\"contentUrl\":\"https:\/\/www.sonoraenequipo.com.mx\/storage\/2019\/01\/sonoraenequipo_opt.png\",\"width\":375,\"height\":125,\"caption\":\"Sonoraenequipo.com.mx\"},\"image\":{\"@id\":\"https:\/\/www.sonoraenequipo.com.mx\/#\/schema\/logo\/image\/\"},\"sameAs\":[\"https:\/\/www.facebook.com\/SonoraEE\/\",\"https:\/\/x.com\/sonoraenequipo\",\"https:\/\/www.youtube.com\/channel\/UC338nW-lPEYmJQs4ZABQ1SQ\"]},{\"@type\":\"Person\",\"@id\":\"https:\/\/www.sonoraenequipo.com.mx\/#\/schema\/person\/50102df0fb23a8fa9e8effad8fa81386\",\"name\":\"enequipo\",\"image\":{\"@type\":\"ImageObject\",\"inLanguage\":\"es\",\"@id\":\"https:\/\/www.sonoraenequipo.com.mx\/#\/schema\/person\/image\/\",\"url\":\"https:\/\/secure.gravatar.com\/avatar\/049821681b589dabc0bc20695993ccebb09f5b5d4d790cd9251b97faac7c652b?s=96&d=blank&r=g\",\"contentUrl\":\"https:\/\/secure.gravatar.com\/avatar\/049821681b589dabc0bc20695993ccebb09f5b5d4d790cd9251b97faac7c652b?s=96&d=blank&r=g\",\"caption\":\"enequipo\"},\"sameAs\":[\"https:\/\/www.facebook.com\/SonoraEE\"]}]}<\/script>\n ","yoast_head_json":{"title":"Sonora en Equipo. Critican a AMLO por no tomar en serio la Cumbre clim\u00e1tica Rep\u00fablica","description":"CIUDAD DE M\u00c9XICO.MX. \u2014 El presidente Andr\u00e9s Manuel L\u00f3pez Obrador fue objeto de diversas criticas tras su participaci\u00f3n en la Cumbre de L\u00edderes sobre el En Sonora en Equipo publicamos toda la informaci\u00f3n de Sonora, M\u00e9xico y el Mundo de manera oportuna y busca que la libertad de expresi\u00f3n sea real. Visita nuestro medio informativo publicado desde Hermosillo, Sonora. %","robots":{"index":"index","follow":"follow","max-snippet":"max-snippet:-1","max-image-preview":"max-image-preview:large","max-video-preview":"max-video-preview:-1"},"canonical":"https:\/\/www.sonoraenequipo.com.mx\/critican-a-amlo-por-no-tomar-en-serio-la-cumbre-climatica\/","og_locale":"es_ES","og_type":"article","og_title":"Sonora en Equipo. Critican a AMLO por no tomar en serio la Cumbre clim\u00e1tica Rep\u00fablica","og_description":"CIUDAD DE M\u00c9XICO.MX. \u2014 El presidente Andr\u00e9s Manuel L\u00f3pez Obrador fue objeto de diversas criticas tras su participaci\u00f3n en la Cumbre de L\u00edderes sobre el En Sonora en Equipo publicamos toda la informaci\u00f3n de Sonora, M\u00e9xico y el Mundo de manera oportuna y busca que la libertad de expresi\u00f3n sea real. Visita nuestro medio informativo publicado desde Hermosillo, Sonora. %","og_url":"https:\/\/www.sonoraenequipo.com.mx\/critican-a-amlo-por-no-tomar-en-serio-la-cumbre-climatica\/","og_site_name":"Sonora en Equipo.","article_publisher":"https:\/\/www.facebook.com\/SonoraEE\/","article_author":"https:\/\/www.facebook.com\/SonoraEE","article_published_time":"2021-04-23T03:25:14+00:00","article_modified_time":"2021-04-23T05:17:06+00:00","og_image":[{"width":711,"height":400,"url":"https:\/\/www.sonoraenequipo.com.mx\/storage\/2021\/04\/AMLO-Cumbre_opt.jpg","type":"image\/jpeg"}],"author":"enequipo","twitter_card":"summary_large_image","twitter_creator":"@sonoraenequipo","twitter_site":"@sonoraenequipo","twitter_misc":{"Escrito por":"enequipo","Tiempo de lectura":"3 minutos"},"schema":{"@context":"https:\/\/schema.org","@graph":[{"@type":"Article","@id":"https:\/\/www.sonoraenequipo.com.mx\/critican-a-amlo-por-no-tomar-en-serio-la-cumbre-climatica\/#article","isPartOf":{"@id":"https:\/\/www.sonoraenequipo.com.mx\/critican-a-amlo-por-no-tomar-en-serio-la-cumbre-climatica\/"},"author":{"name":"enequipo","@id":"https:\/\/www.sonoraenequipo.com.mx\/#\/schema\/person\/50102df0fb23a8fa9e8effad8fa81386"},"headline":"Critican a AMLO por no tomar en serio la Cumbre clim\u00e1tica","datePublished":"2021-04-23T03:25:14+00:00","dateModified":"2021-04-23T05:17:06+00:00","mainEntityOfPage":{"@id":"https:\/\/www.sonoraenequipo.com.mx\/critican-a-amlo-por-no-tomar-en-serio-la-cumbre-climatica\/"},"wordCount":576,"commentCount":0,"publisher":{"@id":"https:\/\/www.sonoraenequipo.com.mx\/#organization"},"image":{"@id":"https:\/\/www.sonoraenequipo.com.mx\/critican-a-amlo-por-no-tomar-en-serio-la-cumbre-climatica\/#primaryimage"},"thumbnailUrl":"https:\/\/www.sonoraenequipo.com.mx\/storage\/2021\/04\/AMLO-Cumbre_opt.jpg","articleSection":["Rep\u00fablica"],"inLanguage":"es","potentialAction":[{"@type":"CommentAction","name":"Comment","target":["https:\/\/www.sonoraenequipo.com.mx\/critican-a-amlo-por-no-tomar-en-serio-la-cumbre-climatica\/#respond"]}]},{"@type":"WebPage","@id":"https:\/\/www.sonoraenequipo.com.mx\/critican-a-amlo-por-no-tomar-en-serio-la-cumbre-climatica\/","url":"https:\/\/www.sonoraenequipo.com.mx\/critican-a-amlo-por-no-tomar-en-serio-la-cumbre-climatica\/","name":"Sonora en Equipo. Critican a AMLO por no tomar en serio la Cumbre clim\u00e1tica Rep\u00fablica","isPartOf":{"@id":"https:\/\/www.sonoraenequipo.com.mx\/#website"},"primaryImageOfPage":{"@id":"https:\/\/www.sonoraenequipo.com.mx\/critican-a-amlo-por-no-tomar-en-serio-la-cumbre-climatica\/#primaryimage"},"image":{"@id":"https:\/\/www.sonoraenequipo.com.mx\/critican-a-amlo-por-no-tomar-en-serio-la-cumbre-climatica\/#primaryimage"},"thumbnailUrl":"https:\/\/www.sonoraenequipo.com.mx\/storage\/2021\/04\/AMLO-Cumbre_opt.jpg","datePublished":"2021-04-23T03:25:14+00:00","dateModified":"2021-04-23T05:17:06+00:00","description":"CIUDAD DE M\u00c9XICO.MX. \u2014 El presidente Andr\u00e9s Manuel L\u00f3pez Obrador fue objeto de diversas criticas tras su participaci\u00f3n en la Cumbre de L\u00edderes sobre el En Sonora en Equipo publicamos toda la informaci\u00f3n de Sonora, M\u00e9xico y el Mundo de manera oportuna y busca que la libertad de expresi\u00f3n sea real. Visita nuestro medio informativo publicado desde Hermosillo, Sonora. %","breadcrumb":{"@id":"https:\/\/www.sonoraenequipo.com.mx\/critican-a-amlo-por-no-tomar-en-serio-la-cumbre-climatica\/#breadcrumb"},"inLanguage":"es","potentialAction":[{"@type":"ReadAction","target":["https:\/\/www.sonoraenequipo.com.mx\/critican-a-amlo-por-no-tomar-en-serio-la-cumbre-climatica\/"]}]},{"@type":"ImageObject","inLanguage":"es","@id":"https:\/\/www.sonoraenequipo.com.mx\/critican-a-amlo-por-no-tomar-en-serio-la-cumbre-climatica\/#primaryimage","url":"https:\/\/www.sonoraenequipo.com.mx\/storage\/2021\/04\/AMLO-Cumbre_opt.jpg","contentUrl":"https:\/\/www.sonoraenequipo.com.mx\/storage\/2021\/04\/AMLO-Cumbre_opt.jpg","width":711,"height":400},{"@type":"BreadcrumbList","@id":"https:\/\/www.sonoraenequipo.com.mx\/critican-a-amlo-por-no-tomar-en-serio-la-cumbre-climatica\/#breadcrumb","itemListElement":[{"@type":"ListItem","position":1,"name":"Portada","item":"https:\/\/www.sonoraenequipo.com.mx\/"},{"@type":"ListItem","position":2,"name":"Critican a AMLO por no tomar en serio la Cumbre clim\u00e1tica"}]},{"@type":"WebSite","@id":"https:\/\/www.sonoraenequipo.com.mx\/#website","url":"https:\/\/www.sonoraenequipo.com.mx\/","name":"Sonora en Equipo.","description":"Diario en l\u00ednea con Noticias desde Hermosillo, Sonora","publisher":{"@id":"https:\/\/www.sonoraenequipo.com.mx\/#organization"},"potentialAction":[{"@type":"SearchAction","target":{"@type":"EntryPoint","urlTemplate":"https:\/\/www.sonoraenequipo.com.mx\/?s={search_term_string}"},"query-input":{"@type":"PropertyValueSpecification","valueRequired":true,"valueName":"search_term_string"}}],"inLanguage":"es"},{"@type":"Organization","@id":"https:\/\/www.sonoraenequipo.com.mx\/#organization","name":"Sonoraenequipo.com.mx","url":"https:\/\/www.sonoraenequipo.com.mx\/","logo":{"@type":"ImageObject","inLanguage":"es","@id":"https:\/\/www.sonoraenequipo.com.mx\/#\/schema\/logo\/image\/","url":"https:\/\/www.sonoraenequipo.com.mx\/storage\/2019\/01\/sonoraenequipo_opt.png","contentUrl":"https:\/\/www.sonoraenequipo.com.mx\/storage\/2019\/01\/sonoraenequipo_opt.png","width":375,"height":125,"caption":"Sonoraenequipo.com.mx"},"image":{"@id":"https:\/\/www.sonoraenequipo.com.mx\/#\/schema\/logo\/image\/"},"sameAs":["https:\/\/www.facebook.com\/SonoraEE\/","https:\/\/x.com\/sonoraenequipo","https:\/\/www.youtube.com\/channel\/UC338nW-lPEYmJQs4ZABQ1SQ"]},{"@type":"Person","@id":"https:\/\/www.sonoraenequipo.com.mx\/#\/schema\/person\/50102df0fb23a8fa9e8effad8fa81386","name":"enequipo","image":{"@type":"ImageObject","inLanguage":"es","@id":"https:\/\/www.sonoraenequipo.com.mx\/#\/schema\/person\/image\/","url":"https:\/\/secure.gravatar.com\/avatar\/049821681b589dabc0bc20695993ccebb09f5b5d4d790cd9251b97faac7c652b?s=96&d=blank&r=g","contentUrl":"https:\/\/secure.gravatar.com\/avatar\/049821681b589dabc0bc20695993ccebb09f5b5d4d790cd9251b97faac7c652b?s=96&d=blank&r=g","caption":"enequipo"},"sameAs":["https:\/\/www.facebook.com\/SonoraEE"]}]}},"jetpack_featured_media_url":"https:\/\/www.sonoraenequipo.com.mx\/storage\/2021\/04\/AMLO-Cumbre_opt.jpg","_links":{"self":[{"href":"https:\/\/www.sonoraenequipo.com.mx\/api\/wp\/v2\/posts\/112343","targetHints":{"allow":["GET"]}}],"collection":[{"href":"https:\/\/www.sonoraenequipo.com.mx\/api\/wp\/v2\/posts"}],"about":[{"href":"https:\/\/www.sonoraenequipo.com.mx\/api\/wp\/v2\/types\/post"}],"author":[{"embeddable":true,"href":"https:\/\/www.sonoraenequipo.com.mx\/api\/wp\/v2\/users\/1"}],"replies":[{"embeddable":true,"href":"https:\/\/www.sonoraenequipo.com.mx\/api\/wp\/v2\/comments?post=112343"}],"version-history":[{"count":1,"href":"https:\/\/www.sonoraenequipo.com.mx\/api\/wp\/v2\/posts\/112343\/revisions"}],"predecessor-version":[{"id":112345,"href":"https:\/\/www.sonoraenequipo.com.mx\/api\/wp\/v2\/posts\/112343\/revisions\/112345"}],"wp:featuredmedia":[{"embeddable":true,"href":"https:\/\/www.sonoraenequipo.com.mx\/api\/wp\/v2\/media\/112344"}],"wp:attachment":[{"href":"https:\/\/www.sonoraenequipo.com.mx\/api\/wp\/v2\/media?parent=112343"}],"wp:term":[{"taxonomy":"category","embeddable":true,"href":"https:\/\/www.sonoraenequipo.com.mx\/api\/wp\/v2\/categories?post=112343"},{"taxonomy":"post_tag","embeddable":true,"href":"https:\/\/www.sonoraenequipo.com.mx\/api\/wp\/v2\/tags?post=112343"}],"curies":[{"name":"wp","href":"https:\/\/api.w.org\/{rel}","templated":true}]}}