{"id":112346,"date":"2021-04-22T22:30:14","date_gmt":"2021-04-23T05:30:14","guid":{"rendered":"https:\/\/www.sonoraenequipo.com.mx\/?p=112346"},"modified":"2021-04-22T22:30:14","modified_gmt":"2021-04-23T05:30:14","slug":"victor-balderrama-pide-licencia-buscara-reelegirse-como-alcalde-de-alamos","status":"publish","type":"post","link":"https:\/\/www.sonoraenequipo.com.mx\/victor-balderrama-pide-licencia-buscara-reelegirse-como-alcalde-de-alamos\/","title":{"rendered":"V\u00edctor Balderrama pide licencia\u00a0 buscar\u00e1 reelegirse como alcalde de \u00c1lamos"},"content":{"rendered":"<p>\u00c1LAMOS,SONORA,MX.\u2500 \u00a0El alcaldepri\u00edsta V\u00edctor Balderrama, solicit\u00f3 licencia por 53 d\u00edas;\u00a0 para contender en el pr\u00f3ximo proceso electoral.<\/p>\n<p>&nbsp;<\/p>\n<p>La petici\u00f3n la formaliz\u00f3 el d\u00eda de hoy\u00a0 en sesi\u00f3n de Cabildo, la cual fue aprobada por unanimidad.<\/p>\n<p>&nbsp;<\/p>\n<p>Se\u00f1al\u00f3 que su inter\u00e9s es leg\u00edtimo, pues tiene conocimiento suficiente de la administraci\u00f3n p\u00fablica y tambi\u00e9n sobre \u00c1lamos, pues m\u00e1s que una reelecci\u00f3n en el poder es darle continuidad al trabajo que ha desarrollado con mucha objetividad y un verdadero compromiso.<\/p>\n<p>&nbsp;<\/p>\n<p>Al frente del Ayuntamiento queda el C.P. Everardo Enr\u00edquez Parra quien ven\u00eda desempe\u00f1\u00e1ndose con regidor propietario de Cabildo municipal.<\/p>\n<p>&nbsp;<\/p>\n<p>En la misma sesi\u00f3n present\u00f3 solicitud de licencia el Dr. Humberto Arana Murillo secretario del ayuntamiento; asumiendo esta posici\u00f3n \u00e9l Lic. Claudio Francisco Valenzuela Esquer; quien fung\u00eda como asesor jur\u00eddico de la administraci\u00f3n.<\/p>\n<p>&nbsp;<\/p>\n<p>Al dejar Everardo Enriquez Parra la recudir\u00eda de forma inmediata sube el regidor suplente Ra\u00fal Ay\u00f3n Serv\u00edn.<\/p>\n<p>Fecha de publicaci\u00f3n \u00a0\u00a0jueves \/\u00a0 22\u00a0 \/ abril \/ 2021<\/p>\n","protected":false},"excerpt":{"rendered":"<p>\u00c1LAMOS,SONORA,MX.\u2500 \u00a0El alcaldepri\u00edsta V\u00edctor Balderrama, solicit\u00f3 licencia por 53 d\u00edas;\u00a0 para contender en el pr\u00f3ximo&#8230;<\/p>\n","protected":false},"author":1,"featured_media":112351,"comment_status":"open","ping_status":"open","sticky":false,"template":"","format":"standard","meta":{"_monsterinsights_skip_tracking":false,"_monsterinsights_sitenote_active":false,"_monsterinsights_sitenote_note":"","_monsterinsights_sitenote_category":0,"footnotes":""},"categories":[8],"tags":[3896,860,3895,5631],"class_list":["post"],"yoast_head":" \n<title>Sonora en Equipo. V\u00edctor Balderrama pide licencia\u00a0 buscar\u00e1 reelegirse como alcalde de \u00c1lamos LA ELECCION 2024<\/title>\n<meta name=\"description\" content=\"\u00c1LAMOS,SONORA,MX.\u2500 \u00a0El alcaldepri\u00edsta V\u00edctor Balderrama, solicit\u00f3 licencia por 53 d\u00edas;\u00a0 para contender en el pr\u00f3ximo proceso electoral. &nbsp; La En Sonora en Equipo publicamos toda la informaci\u00f3n de Sonora, M\u00e9xico y el Mundo de manera oportuna y busca que la libertad de expresi\u00f3n sea real. Visita nuestro medio informativo publicado desde Hermosillo, Sonora. %\" \/>\n<meta name=\"robots\" content=\"index, follow, max-snippet:-1, max-image-preview:large, max-video-preview:-1\" \/>\n<link rel=\"canonical\" href=\"https:\/\/www.sonoraenequipo.com.mx\/victor-balderrama-pide-licencia-buscara-reelegirse-como-alcalde-de-alamos\/\" \/>\n<meta property=\"og:locale\" content=\"es_ES\" \/>\n<meta property=\"og:type\" content=\"article\" \/>\n<meta property=\"og:title\" content=\"Sonora en Equipo. V\u00edctor Balderrama pide licencia\u00a0 buscar\u00e1 reelegirse como alcalde de \u00c1lamos LA ELECCION 2024\" \/>\n<meta property=\"og:description\" content=\"\u00c1LAMOS,SONORA,MX.\u2500 \u00a0El alcaldepri\u00edsta V\u00edctor Balderrama, solicit\u00f3 licencia por 53 d\u00edas;\u00a0 para contender en el pr\u00f3ximo proceso electoral. &nbsp; La En Sonora en Equipo publicamos toda la informaci\u00f3n de Sonora, M\u00e9xico y el Mundo de manera oportuna y busca que la libertad de expresi\u00f3n sea real. Visita nuestro medio informativo publicado desde Hermosillo, Sonora. %\" \/>\n<meta property=\"og:url\" content=\"https:\/\/www.sonoraenequipo.com.mx\/victor-balderrama-pide-licencia-buscara-reelegirse-como-alcalde-de-alamos\/\" \/>\n<meta property=\"og:site_name\" content=\"Sonora en Equipo.\" \/>\n<meta property=\"article:publisher\" content=\"https:\/\/www.facebook.com\/SonoraEE\/\" \/>\n<meta property=\"article:author\" content=\"https:\/\/www.facebook.com\/SonoraEE\" \/>\n<meta property=\"article:published_time\" content=\"2021-04-23T05:30:14+00:00\" \/>\n<meta property=\"og:image\" content=\"https:\/\/www.sonoraenequipo.com.mx\/storage\/2021\/04\/VICTOR-BALDERRAMA.jpg\" \/>\n\t<meta property=\"og:image:width\" content=\"500\" \/>\n\t<meta property=\"og:image:height\" content=\"300\" \/>\n\t<meta property=\"og:image:type\" content=\"image\/jpeg\" \/>\n<meta name=\"author\" content=\"enequipo\" \/>\n<meta name=\"twitter:card\" content=\"summary_large_image\" \/>\n<meta name=\"twitter:creator\" content=\"@sonoraenequipo\" \/>\n<meta name=\"twitter:site\" content=\"@sonoraenequipo\" \/>\n<meta name=\"twitter:label1\" content=\"Escrito por\" \/>\n\t<meta name=\"twitter:data1\" content=\"enequipo\" \/>\n\t<meta name=\"twitter:label2\" content=\"Tiempo de lectura\" \/>\n\t<meta name=\"twitter:data2\" content=\"1 minuto\" \/>\n<script type=\"application\/ld+json\" class=\"yoast-schema-graph\">{\"@context\":\"https:\/\/schema.org\",\"@graph\":[{\"@type\":\"Article\",\"@id\":\"https:\/\/www.sonoraenequipo.com.mx\/victor-balderrama-pide-licencia-buscara-reelegirse-como-alcalde-de-alamos\/#article\",\"isPartOf\":{\"@id\":\"https:\/\/www.sonoraenequipo.com.mx\/victor-balderrama-pide-licencia-buscara-reelegirse-como-alcalde-de-alamos\/\"},\"author\":{\"name\":\"enequipo\",\"@id\":\"https:\/\/www.sonoraenequipo.com.mx\/#\/schema\/person\/50102df0fb23a8fa9e8effad8fa81386\"},\"headline\":\"V\u00edctor Balderrama pide licencia\u00a0 buscar\u00e1 reelegirse como alcalde de \u00c1lamos\",\"datePublished\":\"2021-04-23T05:30:14+00:00\",\"mainEntityOfPage\":{\"@id\":\"https:\/\/www.sonoraenequipo.com.mx\/victor-balderrama-pide-licencia-buscara-reelegirse-como-alcalde-de-alamos\/\"},\"wordCount\":196,\"commentCount\":0,\"publisher\":{\"@id\":\"https:\/\/www.sonoraenequipo.com.mx\/#organization\"},\"image\":{\"@id\":\"https:\/\/www.sonoraenequipo.com.mx\/victor-balderrama-pide-licencia-buscara-reelegirse-como-alcalde-de-alamos\/#primaryimage\"},\"thumbnailUrl\":\"https:\/\/www.sonoraenequipo.com.mx\/storage\/2021\/04\/VICTOR-BALDERRAMA.jpg\",\"keywords\":[\"2021\",\"ALAMOS\",\"elecciones sonora\",\"victor balderrama\"],\"articleSection\":[\"LA ELECCION 2024\"],\"inLanguage\":\"es\",\"potentialAction\":[{\"@type\":\"CommentAction\",\"name\":\"Comment\",\"target\":[\"https:\/\/www.sonoraenequipo.com.mx\/victor-balderrama-pide-licencia-buscara-reelegirse-como-alcalde-de-alamos\/#respond\"]}]},{\"@type\":\"WebPage\",\"@id\":\"https:\/\/www.sonoraenequipo.com.mx\/victor-balderrama-pide-licencia-buscara-reelegirse-como-alcalde-de-alamos\/\",\"url\":\"https:\/\/www.sonoraenequipo.com.mx\/victor-balderrama-pide-licencia-buscara-reelegirse-como-alcalde-de-alamos\/\",\"name\":\"Sonora en Equipo. V\u00edctor Balderrama pide licencia\u00a0 buscar\u00e1 reelegirse como alcalde de \u00c1lamos LA ELECCION 2024\",\"isPartOf\":{\"@id\":\"https:\/\/www.sonoraenequipo.com.mx\/#website\"},\"primaryImageOfPage\":{\"@id\":\"https:\/\/www.sonoraenequipo.com.mx\/victor-balderrama-pide-licencia-buscara-reelegirse-como-alcalde-de-alamos\/#primaryimage\"},\"image\":{\"@id\":\"https:\/\/www.sonoraenequipo.com.mx\/victor-balderrama-pide-licencia-buscara-reelegirse-como-alcalde-de-alamos\/#primaryimage\"},\"thumbnailUrl\":\"https:\/\/www.sonoraenequipo.com.mx\/storage\/2021\/04\/VICTOR-BALDERRAMA.jpg\",\"datePublished\":\"2021-04-23T05:30:14+00:00\",\"description\":\"\u00c1LAMOS,SONORA,MX.\u2500 \u00a0El alcaldepri\u00edsta V\u00edctor Balderrama, solicit\u00f3 licencia por 53 d\u00edas;\u00a0 para contender en el pr\u00f3ximo proceso electoral. &nbsp; La En Sonora en Equipo publicamos toda la informaci\u00f3n de Sonora, M\u00e9xico y el Mundo de manera oportuna y busca que la libertad de expresi\u00f3n sea real. Visita nuestro medio informativo publicado desde Hermosillo, Sonora. %\",\"breadcrumb\":{\"@id\":\"https:\/\/www.sonoraenequipo.com.mx\/victor-balderrama-pide-licencia-buscara-reelegirse-como-alcalde-de-alamos\/#breadcrumb\"},\"inLanguage\":\"es\",\"potentialAction\":[{\"@type\":\"ReadAction\",\"target\":[\"https:\/\/www.sonoraenequipo.com.mx\/victor-balderrama-pide-licencia-buscara-reelegirse-como-alcalde-de-alamos\/\"]}]},{\"@type\":\"ImageObject\",\"inLanguage\":\"es\",\"@id\":\"https:\/\/www.sonoraenequipo.com.mx\/victor-balderrama-pide-licencia-buscara-reelegirse-como-alcalde-de-alamos\/#primaryimage\",\"url\":\"https:\/\/www.sonoraenequipo.com.mx\/storage\/2021\/04\/VICTOR-BALDERRAMA.jpg\",\"contentUrl\":\"https:\/\/www.sonoraenequipo.com.mx\/storage\/2021\/04\/VICTOR-BALDERRAMA.jpg\",\"width\":500,\"height\":300},{\"@type\":\"BreadcrumbList\",\"@id\":\"https:\/\/www.sonoraenequipo.com.mx\/victor-balderrama-pide-licencia-buscara-reelegirse-como-alcalde-de-alamos\/#breadcrumb\",\"itemListElement\":[{\"@type\":\"ListItem\",\"position\":1,\"name\":\"Portada\",\"item\":\"https:\/\/www.sonoraenequipo.com.mx\/\"},{\"@type\":\"ListItem\",\"position\":2,\"name\":\"V\u00edctor Balderrama pide licencia\u00a0 buscar\u00e1 reelegirse como alcalde de \u00c1lamos\"}]},{\"@type\":\"WebSite\",\"@id\":\"https:\/\/www.sonoraenequipo.com.mx\/#website\",\"url\":\"https:\/\/www.sonoraenequipo.com.mx\/\",\"name\":\"Sonora en Equipo.\",\"description\":\"Diario en l\u00ednea con Noticias desde Hermosillo, Sonora\",\"publisher\":{\"@id\":\"https:\/\/www.sonoraenequipo.com.mx\/#organization\"},\"potentialAction\":[{\"@type\":\"SearchAction\",\"target\":{\"@type\":\"EntryPoint\",\"urlTemplate\":\"https:\/\/www.sonoraenequipo.com.mx\/?s={search_term_string}\"},\"query-input\":{\"@type\":\"PropertyValueSpecification\",\"valueRequired\":true,\"valueName\":\"search_term_string\"}}],\"inLanguage\":\"es\"},{\"@type\":\"Organization\",\"@id\":\"https:\/\/www.sonoraenequipo.com.mx\/#organization\",\"name\":\"Sonoraenequipo.com.mx\",\"url\":\"https:\/\/www.sonoraenequipo.com.mx\/\",\"logo\":{\"@type\":\"ImageObject\",\"inLanguage\":\"es\",\"@id\":\"https:\/\/www.sonoraenequipo.com.mx\/#\/schema\/logo\/image\/\",\"url\":\"https:\/\/www.sonoraenequipo.com.mx\/storage\/2019\/01\/sonoraenequipo_opt.png\",\"contentUrl\":\"https:\/\/www.sonoraenequipo.com.mx\/storage\/2019\/01\/sonoraenequipo_opt.png\",\"width\":375,\"height\":125,\"caption\":\"Sonoraenequipo.com.mx\"},\"image\":{\"@id\":\"https:\/\/www.sonoraenequipo.com.mx\/#\/schema\/logo\/image\/\"},\"sameAs\":[\"https:\/\/www.facebook.com\/SonoraEE\/\",\"https:\/\/x.com\/sonoraenequipo\",\"https:\/\/www.youtube.com\/channel\/UC338nW-lPEYmJQs4ZABQ1SQ\"]},{\"@type\":\"Person\",\"@id\":\"https:\/\/www.sonoraenequipo.com.mx\/#\/schema\/person\/50102df0fb23a8fa9e8effad8fa81386\",\"name\":\"enequipo\",\"image\":{\"@type\":\"ImageObject\",\"inLanguage\":\"es\",\"@id\":\"https:\/\/www.sonoraenequipo.com.mx\/#\/schema\/person\/image\/\",\"url\":\"https:\/\/secure.gravatar.com\/avatar\/049821681b589dabc0bc20695993ccebb09f5b5d4d790cd9251b97faac7c652b?s=96&d=blank&r=g\",\"contentUrl\":\"https:\/\/secure.gravatar.com\/avatar\/049821681b589dabc0bc20695993ccebb09f5b5d4d790cd9251b97faac7c652b?s=96&d=blank&r=g\",\"caption\":\"enequipo\"},\"sameAs\":[\"https:\/\/www.facebook.com\/SonoraEE\"]}]}<\/script>\n ","yoast_head_json":{"title":"Sonora en Equipo. V\u00edctor Balderrama pide licencia\u00a0 buscar\u00e1 reelegirse como alcalde de \u00c1lamos LA ELECCION 2024","description":"\u00c1LAMOS,SONORA,MX.\u2500 \u00a0El alcaldepri\u00edsta V\u00edctor Balderrama, solicit\u00f3 licencia por 53 d\u00edas;\u00a0 para contender en el pr\u00f3ximo proceso electoral. &nbsp; La En Sonora en Equipo publicamos toda la informaci\u00f3n de Sonora, M\u00e9xico y el Mundo de manera oportuna y busca que la libertad de expresi\u00f3n sea real. Visita nuestro medio informativo publicado desde Hermosillo, Sonora. %","robots":{"index":"index","follow":"follow","max-snippet":"max-snippet:-1","max-image-preview":"max-image-preview:large","max-video-preview":"max-video-preview:-1"},"canonical":"https:\/\/www.sonoraenequipo.com.mx\/victor-balderrama-pide-licencia-buscara-reelegirse-como-alcalde-de-alamos\/","og_locale":"es_ES","og_type":"article","og_title":"Sonora en Equipo. V\u00edctor Balderrama pide licencia\u00a0 buscar\u00e1 reelegirse como alcalde de \u00c1lamos LA ELECCION 2024","og_description":"\u00c1LAMOS,SONORA,MX.\u2500 \u00a0El alcaldepri\u00edsta V\u00edctor Balderrama, solicit\u00f3 licencia por 53 d\u00edas;\u00a0 para contender en el pr\u00f3ximo proceso electoral. &nbsp; La En Sonora en Equipo publicamos toda la informaci\u00f3n de Sonora, M\u00e9xico y el Mundo de manera oportuna y busca que la libertad de expresi\u00f3n sea real. Visita nuestro medio informativo publicado desde Hermosillo, Sonora. %","og_url":"https:\/\/www.sonoraenequipo.com.mx\/victor-balderrama-pide-licencia-buscara-reelegirse-como-alcalde-de-alamos\/","og_site_name":"Sonora en Equipo.","article_publisher":"https:\/\/www.facebook.com\/SonoraEE\/","article_author":"https:\/\/www.facebook.com\/SonoraEE","article_published_time":"2021-04-23T05:30:14+00:00","og_image":[{"width":500,"height":300,"url":"https:\/\/www.sonoraenequipo.com.mx\/storage\/2021\/04\/VICTOR-BALDERRAMA.jpg","type":"image\/jpeg"}],"author":"enequipo","twitter_card":"summary_large_image","twitter_creator":"@sonoraenequipo","twitter_site":"@sonoraenequipo","twitter_misc":{"Escrito por":"enequipo","Tiempo de lectura":"1 minuto"},"schema":{"@context":"https:\/\/schema.org","@graph":[{"@type":"Article","@id":"https:\/\/www.sonoraenequipo.com.mx\/victor-balderrama-pide-licencia-buscara-reelegirse-como-alcalde-de-alamos\/#article","isPartOf":{"@id":"https:\/\/www.sonoraenequipo.com.mx\/victor-balderrama-pide-licencia-buscara-reelegirse-como-alcalde-de-alamos\/"},"author":{"name":"enequipo","@id":"https:\/\/www.sonoraenequipo.com.mx\/#\/schema\/person\/50102df0fb23a8fa9e8effad8fa81386"},"headline":"V\u00edctor Balderrama pide licencia\u00a0 buscar\u00e1 reelegirse como alcalde de \u00c1lamos","datePublished":"2021-04-23T05:30:14+00:00","mainEntityOfPage":{"@id":"https:\/\/www.sonoraenequipo.com.mx\/victor-balderrama-pide-licencia-buscara-reelegirse-como-alcalde-de-alamos\/"},"wordCount":196,"commentCount":0,"publisher":{"@id":"https:\/\/www.sonoraenequipo.com.mx\/#organization"},"image":{"@id":"https:\/\/www.sonoraenequipo.com.mx\/victor-balderrama-pide-licencia-buscara-reelegirse-como-alcalde-de-alamos\/#primaryimage"},"thumbnailUrl":"https:\/\/www.sonoraenequipo.com.mx\/storage\/2021\/04\/VICTOR-BALDERRAMA.jpg","keywords":["2021","ALAMOS","elecciones sonora","victor balderrama"],"articleSection":["LA ELECCION 2024"],"inLanguage":"es","potentialAction":[{"@type":"CommentAction","name":"Comment","target":["https:\/\/www.sonoraenequipo.com.mx\/victor-balderrama-pide-licencia-buscara-reelegirse-como-alcalde-de-alamos\/#respond"]}]},{"@type":"WebPage","@id":"https:\/\/www.sonoraenequipo.com.mx\/victor-balderrama-pide-licencia-buscara-reelegirse-como-alcalde-de-alamos\/","url":"https:\/\/www.sonoraenequipo.com.mx\/victor-balderrama-pide-licencia-buscara-reelegirse-como-alcalde-de-alamos\/","name":"Sonora en Equipo. V\u00edctor Balderrama pide licencia\u00a0 buscar\u00e1 reelegirse como alcalde de \u00c1lamos LA ELECCION 2024","isPartOf":{"@id":"https:\/\/www.sonoraenequipo.com.mx\/#website"},"primaryImageOfPage":{"@id":"https:\/\/www.sonoraenequipo.com.mx\/victor-balderrama-pide-licencia-buscara-reelegirse-como-alcalde-de-alamos\/#primaryimage"},"image":{"@id":"https:\/\/www.sonoraenequipo.com.mx\/victor-balderrama-pide-licencia-buscara-reelegirse-como-alcalde-de-alamos\/#primaryimage"},"thumbnailUrl":"https:\/\/www.sonoraenequipo.com.mx\/storage\/2021\/04\/VICTOR-BALDERRAMA.jpg","datePublished":"2021-04-23T05:30:14+00:00","description":"\u00c1LAMOS,SONORA,MX.\u2500 \u00a0El alcaldepri\u00edsta V\u00edctor Balderrama, solicit\u00f3 licencia por 53 d\u00edas;\u00a0 para contender en el pr\u00f3ximo proceso electoral. &nbsp; La En Sonora en Equipo publicamos toda la informaci\u00f3n de Sonora, M\u00e9xico y el Mundo de manera oportuna y busca que la libertad de expresi\u00f3n sea real. Visita nuestro medio informativo publicado desde Hermosillo, Sonora. %","breadcrumb":{"@id":"https:\/\/www.sonoraenequipo.com.mx\/victor-balderrama-pide-licencia-buscara-reelegirse-como-alcalde-de-alamos\/#breadcrumb"},"inLanguage":"es","potentialAction":[{"@type":"ReadAction","target":["https:\/\/www.sonoraenequipo.com.mx\/victor-balderrama-pide-licencia-buscara-reelegirse-como-alcalde-de-alamos\/"]}]},{"@type":"ImageObject","inLanguage":"es","@id":"https:\/\/www.sonoraenequipo.com.mx\/victor-balderrama-pide-licencia-buscara-reelegirse-como-alcalde-de-alamos\/#primaryimage","url":"https:\/\/www.sonoraenequipo.com.mx\/storage\/2021\/04\/VICTOR-BALDERRAMA.jpg","contentUrl":"https:\/\/www.sonoraenequipo.com.mx\/storage\/2021\/04\/VICTOR-BALDERRAMA.jpg","width":500,"height":300},{"@type":"BreadcrumbList","@id":"https:\/\/www.sonoraenequipo.com.mx\/victor-balderrama-pide-licencia-buscara-reelegirse-como-alcalde-de-alamos\/#breadcrumb","itemListElement":[{"@type":"ListItem","position":1,"name":"Portada","item":"https:\/\/www.sonoraenequipo.com.mx\/"},{"@type":"ListItem","position":2,"name":"V\u00edctor Balderrama pide licencia\u00a0 buscar\u00e1 reelegirse como alcalde de \u00c1lamos"}]},{"@type":"WebSite","@id":"https:\/\/www.sonoraenequipo.com.mx\/#website","url":"https:\/\/www.sonoraenequipo.com.mx\/","name":"Sonora en Equipo.","description":"Diario en l\u00ednea con Noticias desde Hermosillo, Sonora","publisher":{"@id":"https:\/\/www.sonoraenequipo.com.mx\/#organization"},"potentialAction":[{"@type":"SearchAction","target":{"@type":"EntryPoint","urlTemplate":"https:\/\/www.sonoraenequipo.com.mx\/?s={search_term_string}"},"query-input":{"@type":"PropertyValueSpecification","valueRequired":true,"valueName":"search_term_string"}}],"inLanguage":"es"},{"@type":"Organization","@id":"https:\/\/www.sonoraenequipo.com.mx\/#organization","name":"Sonoraenequipo.com.mx","url":"https:\/\/www.sonoraenequipo.com.mx\/","logo":{"@type":"ImageObject","inLanguage":"es","@id":"https:\/\/www.sonoraenequipo.com.mx\/#\/schema\/logo\/image\/","url":"https:\/\/www.sonoraenequipo.com.mx\/storage\/2019\/01\/sonoraenequipo_opt.png","contentUrl":"https:\/\/www.sonoraenequipo.com.mx\/storage\/2019\/01\/sonoraenequipo_opt.png","width":375,"height":125,"caption":"Sonoraenequipo.com.mx"},"image":{"@id":"https:\/\/www.sonoraenequipo.com.mx\/#\/schema\/logo\/image\/"},"sameAs":["https:\/\/www.facebook.com\/SonoraEE\/","https:\/\/x.com\/sonoraenequipo","https:\/\/www.youtube.com\/channel\/UC338nW-lPEYmJQs4ZABQ1SQ"]},{"@type":"Person","@id":"https:\/\/www.sonoraenequipo.com.mx\/#\/schema\/person\/50102df0fb23a8fa9e8effad8fa81386","name":"enequipo","image":{"@type":"ImageObject","inLanguage":"es","@id":"https:\/\/www.sonoraenequipo.com.mx\/#\/schema\/person\/image\/","url":"https:\/\/secure.gravatar.com\/avatar\/049821681b589dabc0bc20695993ccebb09f5b5d4d790cd9251b97faac7c652b?s=96&d=blank&r=g","contentUrl":"https:\/\/secure.gravatar.com\/avatar\/049821681b589dabc0bc20695993ccebb09f5b5d4d790cd9251b97faac7c652b?s=96&d=blank&r=g","caption":"enequipo"},"sameAs":["https:\/\/www.facebook.com\/SonoraEE"]}]}},"jetpack_featured_media_url":"https:\/\/www.sonoraenequipo.com.mx\/storage\/2021\/04\/VICTOR-BALDERRAMA.jpg","_links":{"self":[{"href":"https:\/\/www.sonoraenequipo.com.mx\/api\/wp\/v2\/posts\/112346","targetHints":{"allow":["GET"]}}],"collection":[{"href":"https:\/\/www.sonoraenequipo.com.mx\/api\/wp\/v2\/posts"}],"about":[{"href":"https:\/\/www.sonoraenequipo.com.mx\/api\/wp\/v2\/types\/post"}],"author":[{"embeddable":true,"href":"https:\/\/www.sonoraenequipo.com.mx\/api\/wp\/v2\/users\/1"}],"replies":[{"embeddable":true,"href":"https:\/\/www.sonoraenequipo.com.mx\/api\/wp\/v2\/comments?post=112346"}],"version-history":[{"count":1,"href":"https:\/\/www.sonoraenequipo.com.mx\/api\/wp\/v2\/posts\/112346\/revisions"}],"predecessor-version":[{"id":112352,"href":"https:\/\/www.sonoraenequipo.com.mx\/api\/wp\/v2\/posts\/112346\/revisions\/112352"}],"wp:featuredmedia":[{"embeddable":true,"href":"https:\/\/www.sonoraenequipo.com.mx\/api\/wp\/v2\/media\/112351"}],"wp:attachment":[{"href":"https:\/\/www.sonoraenequipo.com.mx\/api\/wp\/v2\/media?parent=112346"}],"wp:term":[{"taxonomy":"category","embeddable":true,"href":"https:\/\/www.sonoraenequipo.com.mx\/api\/wp\/v2\/categories?post=112346"},{"taxonomy":"post_tag","embeddable":true,"href":"https:\/\/www.sonoraenequipo.com.mx\/api\/wp\/v2\/tags?post=112346"}],"curies":[{"name":"wp","href":"https:\/\/api.w.org\/{rel}","templated":true}]}}