{"id":112347,"date":"2021-04-22T21:36:26","date_gmt":"2021-04-23T04:36:26","guid":{"rendered":"https:\/\/www.sonoraenequipo.com.mx\/?p=112347"},"modified":"2021-04-22T22:27:37","modified_gmt":"2021-04-23T05:27:37","slug":"por-tercera-vez-se-aplicara-en-japon-el-estado-de-emergencia-por-covid-19","status":"publish","type":"post","link":"https:\/\/www.sonoraenequipo.com.mx\/por-tercera-vez-se-aplicara-en-japon-el-estado-de-emergencia-por-covid-19\/","title":{"rendered":"Por tercera vez, se aplicar\u00e1 en Jap\u00f3n el estado de emergencia por Covid-19"},"content":{"rendered":"<p>JAP\u00d3N. \u2014 El Gobierno de Jap\u00f3n anunci\u00f3 que prepara la declaraci\u00f3n de un nuevo estado de emergencia sanitaria en Tokio y en tres regiones m\u00e1s este viernes, debido al preocupante repunte de contagios de COVID-19, d\u00eda que inicia la cuenta regresiva para los Juegos Ol\u00edmpicos.<\/p>\n<p>&nbsp;<\/p>\n<p> <\/p>\n<p>&nbsp;<\/p>\n<p>Se espera que esta medida excepcional sea tomada oficialmente este viernes durante una reuni\u00f3n del grupo de trabajo del Ejecutivo para la pandemia, el mismo d\u00eda que marca la cuenta atr\u00e1s de tres meses para los Juegos Ol\u00edmpicos de Tokio previstos en la capital nipona para este verano.<\/p>\n<p>&nbsp;<\/p>\n<p>El estado de emergencia, que ser\u00e1 as\u00ed aplicado por tercera vez en Jap\u00f3n desde que comenz\u00f3 la pandemia, conllevar\u00e1 m\u00e1s restricciones sobre las actividades de negocios como bares y restaurantes, entre otras medidas, y coincidir\u00e1 con el per\u00edodo vacacional en Jap\u00f3n conocido como <em>\u201cGolden Week\u201d<\/em> de inicios de mayo.<\/p>\n<p>&nbsp;<\/p>\n<p>Las autoridades niponas vuelven a recurrir a esta herramienta legislativa que les concede poderes extraordinarios debido a la cuarta ola de contagios que afecta a Jap\u00f3n en las \u00faltimas semanas, y despu\u00e9s de que este jueves se superaran los 5,000 casos diarios en todo el pa\u00eds, unos niveles in\u00e9ditos desde finales de enero.<\/p>\n<p>&nbsp;<\/p>\n<p>El estado de emergencia afectar\u00e1 a las prefecturas de Tokio, Osaka, Hyogo y Kyoto, que se sit\u00faan entre las m\u00e1s pobladas del pa\u00eds, y se espera que sea declarado inicialmente entre el 25 de este mes y el pr\u00f3ximo 11 de mayo.<\/p>\n<p>&nbsp;<\/p>\n<p>La gobernadora de Tokio, Yuriko Koike, afirm\u00f3 que las medidas para contener al virus que se aplican hasta ahora \u201cno son suficientes\u201d, y destac\u00f3 la necesidad de \u201cacciones m\u00e1s fuertes\u201d, en declaraciones a los medios.<\/p>\n<p>&nbsp;<\/p>\n<p>Tokio, al igual que otras regiones niponas, ya implementa restricciones como el recorte de horarios de bares y restaurantes, y a partir de ahora podr\u00eda solicitar el cierre temporal de estos negocios as\u00ed como el de instalaciones como centros comerciales y parques de atracciones, seg\u00fan los medios locales.<\/p>\n<p>&nbsp;<\/p>\n<p>El primer ministro nip\u00f3n, Yoshihide Suga, afirm\u00f3 este mismo jueves que la declaraci\u00f3n de un nuevo estado de emergencia no alterar\u00eda los planes para organizar los Juegos Ol\u00edmpicos este verano de forma \u201csegura\u201d, ante las incesantes dudas en torno a la celebraci\u00f3n del evento en plena pandemia.<\/p>\n<p>&nbsp;<\/p>\n<p>&nbsp;<\/p>\n<p>(Publicada el 22\/04\/2021 \/ Con informaci\u00f3n de EFE)<\/p>\n","protected":false},"excerpt":{"rendered":"<p>JAP\u00d3N. \u2014 El Gobierno de Jap\u00f3n anunci\u00f3 que prepara la declaraci\u00f3n de un nuevo estado&#8230;<\/p>\n","protected":false},"author":1,"featured_media":112348,"comment_status":"open","ping_status":"open","sticky":false,"template":"","format":"standard","meta":{"_monsterinsights_skip_tracking":false,"_monsterinsights_sitenote_active":false,"_monsterinsights_sitenote_note":"","_monsterinsights_sitenote_category":0,"footnotes":""},"categories":[3],"tags":[],"class_list":["post"],"yoast_head":" \n<title>Sonora en Equipo. Por tercera vez, se aplicar\u00e1 en Jap\u00f3n el estado de emergencia por Covid-19 MUNDO<\/title>\n<meta name=\"description\" content=\"JAP\u00d3N. \u2014 El Gobierno de Jap\u00f3n anunci\u00f3 que prepara la declaraci\u00f3n de un nuevo estado de emergencia sanitaria en Tokio y en tres regiones m\u00e1s este viernes, En Sonora en Equipo publicamos toda la informaci\u00f3n de Sonora, M\u00e9xico y el Mundo de manera oportuna y busca que la libertad de expresi\u00f3n sea real. Visita nuestro medio informativo publicado desde Hermosillo, Sonora. %\" \/>\n<meta name=\"robots\" content=\"index, follow, max-snippet:-1, max-image-preview:large, max-video-preview:-1\" \/>\n<link rel=\"canonical\" href=\"https:\/\/www.sonoraenequipo.com.mx\/por-tercera-vez-se-aplicara-en-japon-el-estado-de-emergencia-por-covid-19\/\" \/>\n<meta property=\"og:locale\" content=\"es_ES\" \/>\n<meta property=\"og:type\" content=\"article\" \/>\n<meta property=\"og:title\" content=\"Sonora en Equipo. Por tercera vez, se aplicar\u00e1 en Jap\u00f3n el estado de emergencia por Covid-19 MUNDO\" \/>\n<meta property=\"og:description\" content=\"JAP\u00d3N. \u2014 El Gobierno de Jap\u00f3n anunci\u00f3 que prepara la declaraci\u00f3n de un nuevo estado de emergencia sanitaria en Tokio y en tres regiones m\u00e1s este viernes, En Sonora en Equipo publicamos toda la informaci\u00f3n de Sonora, M\u00e9xico y el Mundo de manera oportuna y busca que la libertad de expresi\u00f3n sea real. Visita nuestro medio informativo publicado desde Hermosillo, Sonora. %\" \/>\n<meta property=\"og:url\" content=\"https:\/\/www.sonoraenequipo.com.mx\/por-tercera-vez-se-aplicara-en-japon-el-estado-de-emergencia-por-covid-19\/\" \/>\n<meta property=\"og:site_name\" content=\"Sonora en Equipo.\" \/>\n<meta property=\"article:publisher\" content=\"https:\/\/www.facebook.com\/SonoraEE\/\" \/>\n<meta property=\"article:author\" content=\"https:\/\/www.facebook.com\/SonoraEE\" \/>\n<meta property=\"article:published_time\" content=\"2021-04-23T04:36:26+00:00\" \/>\n<meta property=\"article:modified_time\" content=\"2021-04-23T05:27:37+00:00\" \/>\n<meta property=\"og:image\" content=\"https:\/\/www.sonoraenequipo.com.mx\/storage\/2021\/04\/tokio-covid_opt.jpg\" \/>\n\t<meta property=\"og:image:width\" content=\"711\" \/>\n\t<meta property=\"og:image:height\" content=\"400\" \/>\n\t<meta property=\"og:image:type\" content=\"image\/jpeg\" \/>\n<meta name=\"author\" content=\"enequipo\" \/>\n<meta name=\"twitter:card\" content=\"summary_large_image\" \/>\n<meta name=\"twitter:creator\" content=\"@sonoraenequipo\" \/>\n<meta name=\"twitter:site\" content=\"@sonoraenequipo\" \/>\n<meta name=\"twitter:label1\" content=\"Escrito por\" \/>\n\t<meta name=\"twitter:data1\" content=\"enequipo\" \/>\n\t<meta name=\"twitter:label2\" content=\"Tiempo de lectura\" \/>\n\t<meta name=\"twitter:data2\" content=\"2 minutos\" \/>\n<script type=\"application\/ld+json\" class=\"yoast-schema-graph\">{\"@context\":\"https:\/\/schema.org\",\"@graph\":[{\"@type\":\"Article\",\"@id\":\"https:\/\/www.sonoraenequipo.com.mx\/por-tercera-vez-se-aplicara-en-japon-el-estado-de-emergencia-por-covid-19\/#article\",\"isPartOf\":{\"@id\":\"https:\/\/www.sonoraenequipo.com.mx\/por-tercera-vez-se-aplicara-en-japon-el-estado-de-emergencia-por-covid-19\/\"},\"author\":{\"name\":\"enequipo\",\"@id\":\"https:\/\/www.sonoraenequipo.com.mx\/#\/schema\/person\/50102df0fb23a8fa9e8effad8fa81386\"},\"headline\":\"Por tercera vez, se aplicar\u00e1 en Jap\u00f3n el estado de emergencia por Covid-19\",\"datePublished\":\"2021-04-23T04:36:26+00:00\",\"dateModified\":\"2021-04-23T05:27:37+00:00\",\"mainEntityOfPage\":{\"@id\":\"https:\/\/www.sonoraenequipo.com.mx\/por-tercera-vez-se-aplicara-en-japon-el-estado-de-emergencia-por-covid-19\/\"},\"wordCount\":424,\"commentCount\":0,\"publisher\":{\"@id\":\"https:\/\/www.sonoraenequipo.com.mx\/#organization\"},\"image\":{\"@id\":\"https:\/\/www.sonoraenequipo.com.mx\/por-tercera-vez-se-aplicara-en-japon-el-estado-de-emergencia-por-covid-19\/#primaryimage\"},\"thumbnailUrl\":\"https:\/\/www.sonoraenequipo.com.mx\/storage\/2021\/04\/tokio-covid_opt.jpg\",\"articleSection\":[\"MUNDO\"],\"inLanguage\":\"es\",\"potentialAction\":[{\"@type\":\"CommentAction\",\"name\":\"Comment\",\"target\":[\"https:\/\/www.sonoraenequipo.com.mx\/por-tercera-vez-se-aplicara-en-japon-el-estado-de-emergencia-por-covid-19\/#respond\"]}]},{\"@type\":\"WebPage\",\"@id\":\"https:\/\/www.sonoraenequipo.com.mx\/por-tercera-vez-se-aplicara-en-japon-el-estado-de-emergencia-por-covid-19\/\",\"url\":\"https:\/\/www.sonoraenequipo.com.mx\/por-tercera-vez-se-aplicara-en-japon-el-estado-de-emergencia-por-covid-19\/\",\"name\":\"Sonora en Equipo. Por tercera vez, se aplicar\u00e1 en Jap\u00f3n el estado de emergencia por Covid-19 MUNDO\",\"isPartOf\":{\"@id\":\"https:\/\/www.sonoraenequipo.com.mx\/#website\"},\"primaryImageOfPage\":{\"@id\":\"https:\/\/www.sonoraenequipo.com.mx\/por-tercera-vez-se-aplicara-en-japon-el-estado-de-emergencia-por-covid-19\/#primaryimage\"},\"image\":{\"@id\":\"https:\/\/www.sonoraenequipo.com.mx\/por-tercera-vez-se-aplicara-en-japon-el-estado-de-emergencia-por-covid-19\/#primaryimage\"},\"thumbnailUrl\":\"https:\/\/www.sonoraenequipo.com.mx\/storage\/2021\/04\/tokio-covid_opt.jpg\",\"datePublished\":\"2021-04-23T04:36:26+00:00\",\"dateModified\":\"2021-04-23T05:27:37+00:00\",\"description\":\"JAP\u00d3N. \u2014 El Gobierno de Jap\u00f3n anunci\u00f3 que prepara la declaraci\u00f3n de un nuevo estado de emergencia sanitaria en Tokio y en tres regiones m\u00e1s este viernes, En Sonora en Equipo publicamos toda la informaci\u00f3n de Sonora, M\u00e9xico y el Mundo de manera oportuna y busca que la libertad de expresi\u00f3n sea real. Visita nuestro medio informativo publicado desde Hermosillo, Sonora. %\",\"breadcrumb\":{\"@id\":\"https:\/\/www.sonoraenequipo.com.mx\/por-tercera-vez-se-aplicara-en-japon-el-estado-de-emergencia-por-covid-19\/#breadcrumb\"},\"inLanguage\":\"es\",\"potentialAction\":[{\"@type\":\"ReadAction\",\"target\":[\"https:\/\/www.sonoraenequipo.com.mx\/por-tercera-vez-se-aplicara-en-japon-el-estado-de-emergencia-por-covid-19\/\"]}]},{\"@type\":\"ImageObject\",\"inLanguage\":\"es\",\"@id\":\"https:\/\/www.sonoraenequipo.com.mx\/por-tercera-vez-se-aplicara-en-japon-el-estado-de-emergencia-por-covid-19\/#primaryimage\",\"url\":\"https:\/\/www.sonoraenequipo.com.mx\/storage\/2021\/04\/tokio-covid_opt.jpg\",\"contentUrl\":\"https:\/\/www.sonoraenequipo.com.mx\/storage\/2021\/04\/tokio-covid_opt.jpg\",\"width\":711,\"height\":400},{\"@type\":\"BreadcrumbList\",\"@id\":\"https:\/\/www.sonoraenequipo.com.mx\/por-tercera-vez-se-aplicara-en-japon-el-estado-de-emergencia-por-covid-19\/#breadcrumb\",\"itemListElement\":[{\"@type\":\"ListItem\",\"position\":1,\"name\":\"Portada\",\"item\":\"https:\/\/www.sonoraenequipo.com.mx\/\"},{\"@type\":\"ListItem\",\"position\":2,\"name\":\"Por tercera vez, se aplicar\u00e1 en Jap\u00f3n el estado de emergencia por Covid-19\"}]},{\"@type\":\"WebSite\",\"@id\":\"https:\/\/www.sonoraenequipo.com.mx\/#website\",\"url\":\"https:\/\/www.sonoraenequipo.com.mx\/\",\"name\":\"Sonora en Equipo.\",\"description\":\"Diario en l\u00ednea con Noticias desde Hermosillo, Sonora\",\"publisher\":{\"@id\":\"https:\/\/www.sonoraenequipo.com.mx\/#organization\"},\"potentialAction\":[{\"@type\":\"SearchAction\",\"target\":{\"@type\":\"EntryPoint\",\"urlTemplate\":\"https:\/\/www.sonoraenequipo.com.mx\/?s={search_term_string}\"},\"query-input\":{\"@type\":\"PropertyValueSpecification\",\"valueRequired\":true,\"valueName\":\"search_term_string\"}}],\"inLanguage\":\"es\"},{\"@type\":\"Organization\",\"@id\":\"https:\/\/www.sonoraenequipo.com.mx\/#organization\",\"name\":\"Sonoraenequipo.com.mx\",\"url\":\"https:\/\/www.sonoraenequipo.com.mx\/\",\"logo\":{\"@type\":\"ImageObject\",\"inLanguage\":\"es\",\"@id\":\"https:\/\/www.sonoraenequipo.com.mx\/#\/schema\/logo\/image\/\",\"url\":\"https:\/\/www.sonoraenequipo.com.mx\/storage\/2019\/01\/sonoraenequipo_opt.png\",\"contentUrl\":\"https:\/\/www.sonoraenequipo.com.mx\/storage\/2019\/01\/sonoraenequipo_opt.png\",\"width\":375,\"height\":125,\"caption\":\"Sonoraenequipo.com.mx\"},\"image\":{\"@id\":\"https:\/\/www.sonoraenequipo.com.mx\/#\/schema\/logo\/image\/\"},\"sameAs\":[\"https:\/\/www.facebook.com\/SonoraEE\/\",\"https:\/\/x.com\/sonoraenequipo\",\"https:\/\/www.youtube.com\/channel\/UC338nW-lPEYmJQs4ZABQ1SQ\"]},{\"@type\":\"Person\",\"@id\":\"https:\/\/www.sonoraenequipo.com.mx\/#\/schema\/person\/50102df0fb23a8fa9e8effad8fa81386\",\"name\":\"enequipo\",\"image\":{\"@type\":\"ImageObject\",\"inLanguage\":\"es\",\"@id\":\"https:\/\/www.sonoraenequipo.com.mx\/#\/schema\/person\/image\/\",\"url\":\"https:\/\/secure.gravatar.com\/avatar\/049821681b589dabc0bc20695993ccebb09f5b5d4d790cd9251b97faac7c652b?s=96&d=blank&r=g\",\"contentUrl\":\"https:\/\/secure.gravatar.com\/avatar\/049821681b589dabc0bc20695993ccebb09f5b5d4d790cd9251b97faac7c652b?s=96&d=blank&r=g\",\"caption\":\"enequipo\"},\"sameAs\":[\"https:\/\/www.facebook.com\/SonoraEE\"]}]}<\/script>\n ","yoast_head_json":{"title":"Sonora en Equipo. Por tercera vez, se aplicar\u00e1 en Jap\u00f3n el estado de emergencia por Covid-19 MUNDO","description":"JAP\u00d3N. \u2014 El Gobierno de Jap\u00f3n anunci\u00f3 que prepara la declaraci\u00f3n de un nuevo estado de emergencia sanitaria en Tokio y en tres regiones m\u00e1s este viernes, En Sonora en Equipo publicamos toda la informaci\u00f3n de Sonora, M\u00e9xico y el Mundo de manera oportuna y busca que la libertad de expresi\u00f3n sea real. Visita nuestro medio informativo publicado desde Hermosillo, Sonora. %","robots":{"index":"index","follow":"follow","max-snippet":"max-snippet:-1","max-image-preview":"max-image-preview:large","max-video-preview":"max-video-preview:-1"},"canonical":"https:\/\/www.sonoraenequipo.com.mx\/por-tercera-vez-se-aplicara-en-japon-el-estado-de-emergencia-por-covid-19\/","og_locale":"es_ES","og_type":"article","og_title":"Sonora en Equipo. Por tercera vez, se aplicar\u00e1 en Jap\u00f3n el estado de emergencia por Covid-19 MUNDO","og_description":"JAP\u00d3N. \u2014 El Gobierno de Jap\u00f3n anunci\u00f3 que prepara la declaraci\u00f3n de un nuevo estado de emergencia sanitaria en Tokio y en tres regiones m\u00e1s este viernes, En Sonora en Equipo publicamos toda la informaci\u00f3n de Sonora, M\u00e9xico y el Mundo de manera oportuna y busca que la libertad de expresi\u00f3n sea real. Visita nuestro medio informativo publicado desde Hermosillo, Sonora. %","og_url":"https:\/\/www.sonoraenequipo.com.mx\/por-tercera-vez-se-aplicara-en-japon-el-estado-de-emergencia-por-covid-19\/","og_site_name":"Sonora en Equipo.","article_publisher":"https:\/\/www.facebook.com\/SonoraEE\/","article_author":"https:\/\/www.facebook.com\/SonoraEE","article_published_time":"2021-04-23T04:36:26+00:00","article_modified_time":"2021-04-23T05:27:37+00:00","og_image":[{"width":711,"height":400,"url":"https:\/\/www.sonoraenequipo.com.mx\/storage\/2021\/04\/tokio-covid_opt.jpg","type":"image\/jpeg"}],"author":"enequipo","twitter_card":"summary_large_image","twitter_creator":"@sonoraenequipo","twitter_site":"@sonoraenequipo","twitter_misc":{"Escrito por":"enequipo","Tiempo de lectura":"2 minutos"},"schema":{"@context":"https:\/\/schema.org","@graph":[{"@type":"Article","@id":"https:\/\/www.sonoraenequipo.com.mx\/por-tercera-vez-se-aplicara-en-japon-el-estado-de-emergencia-por-covid-19\/#article","isPartOf":{"@id":"https:\/\/www.sonoraenequipo.com.mx\/por-tercera-vez-se-aplicara-en-japon-el-estado-de-emergencia-por-covid-19\/"},"author":{"name":"enequipo","@id":"https:\/\/www.sonoraenequipo.com.mx\/#\/schema\/person\/50102df0fb23a8fa9e8effad8fa81386"},"headline":"Por tercera vez, se aplicar\u00e1 en Jap\u00f3n el estado de emergencia por Covid-19","datePublished":"2021-04-23T04:36:26+00:00","dateModified":"2021-04-23T05:27:37+00:00","mainEntityOfPage":{"@id":"https:\/\/www.sonoraenequipo.com.mx\/por-tercera-vez-se-aplicara-en-japon-el-estado-de-emergencia-por-covid-19\/"},"wordCount":424,"commentCount":0,"publisher":{"@id":"https:\/\/www.sonoraenequipo.com.mx\/#organization"},"image":{"@id":"https:\/\/www.sonoraenequipo.com.mx\/por-tercera-vez-se-aplicara-en-japon-el-estado-de-emergencia-por-covid-19\/#primaryimage"},"thumbnailUrl":"https:\/\/www.sonoraenequipo.com.mx\/storage\/2021\/04\/tokio-covid_opt.jpg","articleSection":["MUNDO"],"inLanguage":"es","potentialAction":[{"@type":"CommentAction","name":"Comment","target":["https:\/\/www.sonoraenequipo.com.mx\/por-tercera-vez-se-aplicara-en-japon-el-estado-de-emergencia-por-covid-19\/#respond"]}]},{"@type":"WebPage","@id":"https:\/\/www.sonoraenequipo.com.mx\/por-tercera-vez-se-aplicara-en-japon-el-estado-de-emergencia-por-covid-19\/","url":"https:\/\/www.sonoraenequipo.com.mx\/por-tercera-vez-se-aplicara-en-japon-el-estado-de-emergencia-por-covid-19\/","name":"Sonora en Equipo. Por tercera vez, se aplicar\u00e1 en Jap\u00f3n el estado de emergencia por Covid-19 MUNDO","isPartOf":{"@id":"https:\/\/www.sonoraenequipo.com.mx\/#website"},"primaryImageOfPage":{"@id":"https:\/\/www.sonoraenequipo.com.mx\/por-tercera-vez-se-aplicara-en-japon-el-estado-de-emergencia-por-covid-19\/#primaryimage"},"image":{"@id":"https:\/\/www.sonoraenequipo.com.mx\/por-tercera-vez-se-aplicara-en-japon-el-estado-de-emergencia-por-covid-19\/#primaryimage"},"thumbnailUrl":"https:\/\/www.sonoraenequipo.com.mx\/storage\/2021\/04\/tokio-covid_opt.jpg","datePublished":"2021-04-23T04:36:26+00:00","dateModified":"2021-04-23T05:27:37+00:00","description":"JAP\u00d3N. \u2014 El Gobierno de Jap\u00f3n anunci\u00f3 que prepara la declaraci\u00f3n de un nuevo estado de emergencia sanitaria en Tokio y en tres regiones m\u00e1s este viernes, En Sonora en Equipo publicamos toda la informaci\u00f3n de Sonora, M\u00e9xico y el Mundo de manera oportuna y busca que la libertad de expresi\u00f3n sea real. Visita nuestro medio informativo publicado desde Hermosillo, Sonora. %","breadcrumb":{"@id":"https:\/\/www.sonoraenequipo.com.mx\/por-tercera-vez-se-aplicara-en-japon-el-estado-de-emergencia-por-covid-19\/#breadcrumb"},"inLanguage":"es","potentialAction":[{"@type":"ReadAction","target":["https:\/\/www.sonoraenequipo.com.mx\/por-tercera-vez-se-aplicara-en-japon-el-estado-de-emergencia-por-covid-19\/"]}]},{"@type":"ImageObject","inLanguage":"es","@id":"https:\/\/www.sonoraenequipo.com.mx\/por-tercera-vez-se-aplicara-en-japon-el-estado-de-emergencia-por-covid-19\/#primaryimage","url":"https:\/\/www.sonoraenequipo.com.mx\/storage\/2021\/04\/tokio-covid_opt.jpg","contentUrl":"https:\/\/www.sonoraenequipo.com.mx\/storage\/2021\/04\/tokio-covid_opt.jpg","width":711,"height":400},{"@type":"BreadcrumbList","@id":"https:\/\/www.sonoraenequipo.com.mx\/por-tercera-vez-se-aplicara-en-japon-el-estado-de-emergencia-por-covid-19\/#breadcrumb","itemListElement":[{"@type":"ListItem","position":1,"name":"Portada","item":"https:\/\/www.sonoraenequipo.com.mx\/"},{"@type":"ListItem","position":2,"name":"Por tercera vez, se aplicar\u00e1 en Jap\u00f3n el estado de emergencia por Covid-19"}]},{"@type":"WebSite","@id":"https:\/\/www.sonoraenequipo.com.mx\/#website","url":"https:\/\/www.sonoraenequipo.com.mx\/","name":"Sonora en Equipo.","description":"Diario en l\u00ednea con Noticias desde Hermosillo, Sonora","publisher":{"@id":"https:\/\/www.sonoraenequipo.com.mx\/#organization"},"potentialAction":[{"@type":"SearchAction","target":{"@type":"EntryPoint","urlTemplate":"https:\/\/www.sonoraenequipo.com.mx\/?s={search_term_string}"},"query-input":{"@type":"PropertyValueSpecification","valueRequired":true,"valueName":"search_term_string"}}],"inLanguage":"es"},{"@type":"Organization","@id":"https:\/\/www.sonoraenequipo.com.mx\/#organization","name":"Sonoraenequipo.com.mx","url":"https:\/\/www.sonoraenequipo.com.mx\/","logo":{"@type":"ImageObject","inLanguage":"es","@id":"https:\/\/www.sonoraenequipo.com.mx\/#\/schema\/logo\/image\/","url":"https:\/\/www.sonoraenequipo.com.mx\/storage\/2019\/01\/sonoraenequipo_opt.png","contentUrl":"https:\/\/www.sonoraenequipo.com.mx\/storage\/2019\/01\/sonoraenequipo_opt.png","width":375,"height":125,"caption":"Sonoraenequipo.com.mx"},"image":{"@id":"https:\/\/www.sonoraenequipo.com.mx\/#\/schema\/logo\/image\/"},"sameAs":["https:\/\/www.facebook.com\/SonoraEE\/","https:\/\/x.com\/sonoraenequipo","https:\/\/www.youtube.com\/channel\/UC338nW-lPEYmJQs4ZABQ1SQ"]},{"@type":"Person","@id":"https:\/\/www.sonoraenequipo.com.mx\/#\/schema\/person\/50102df0fb23a8fa9e8effad8fa81386","name":"enequipo","image":{"@type":"ImageObject","inLanguage":"es","@id":"https:\/\/www.sonoraenequipo.com.mx\/#\/schema\/person\/image\/","url":"https:\/\/secure.gravatar.com\/avatar\/049821681b589dabc0bc20695993ccebb09f5b5d4d790cd9251b97faac7c652b?s=96&d=blank&r=g","contentUrl":"https:\/\/secure.gravatar.com\/avatar\/049821681b589dabc0bc20695993ccebb09f5b5d4d790cd9251b97faac7c652b?s=96&d=blank&r=g","caption":"enequipo"},"sameAs":["https:\/\/www.facebook.com\/SonoraEE"]}]}},"jetpack_featured_media_url":"https:\/\/www.sonoraenequipo.com.mx\/storage\/2021\/04\/tokio-covid_opt.jpg","_links":{"self":[{"href":"https:\/\/www.sonoraenequipo.com.mx\/api\/wp\/v2\/posts\/112347","targetHints":{"allow":["GET"]}}],"collection":[{"href":"https:\/\/www.sonoraenequipo.com.mx\/api\/wp\/v2\/posts"}],"about":[{"href":"https:\/\/www.sonoraenequipo.com.mx\/api\/wp\/v2\/types\/post"}],"author":[{"embeddable":true,"href":"https:\/\/www.sonoraenequipo.com.mx\/api\/wp\/v2\/users\/1"}],"replies":[{"embeddable":true,"href":"https:\/\/www.sonoraenequipo.com.mx\/api\/wp\/v2\/comments?post=112347"}],"version-history":[{"count":1,"href":"https:\/\/www.sonoraenequipo.com.mx\/api\/wp\/v2\/posts\/112347\/revisions"}],"predecessor-version":[{"id":112349,"href":"https:\/\/www.sonoraenequipo.com.mx\/api\/wp\/v2\/posts\/112347\/revisions\/112349"}],"wp:featuredmedia":[{"embeddable":true,"href":"https:\/\/www.sonoraenequipo.com.mx\/api\/wp\/v2\/media\/112348"}],"wp:attachment":[{"href":"https:\/\/www.sonoraenequipo.com.mx\/api\/wp\/v2\/media?parent=112347"}],"wp:term":[{"taxonomy":"category","embeddable":true,"href":"https:\/\/www.sonoraenequipo.com.mx\/api\/wp\/v2\/categories?post=112347"},{"taxonomy":"post_tag","embeddable":true,"href":"https:\/\/www.sonoraenequipo.com.mx\/api\/wp\/v2\/tags?post=112347"}],"curies":[{"name":"wp","href":"https:\/\/api.w.org\/{rel}","templated":true}]}}