{"id":112355,"date":"2021-04-22T22:39:42","date_gmt":"2021-04-23T05:39:42","guid":{"rendered":"https:\/\/www.sonoraenequipo.com.mx\/?p=112355"},"modified":"2021-04-22T22:39:42","modified_gmt":"2021-04-23T05:39:42","slug":"registra-sonora-este-dia-12-decesos-mas-y-133-nuevos-casos-positivos-clausen","status":"publish","type":"post","link":"https:\/\/www.sonoraenequipo.com.mx\/registra-sonora-este-dia-12-decesos-mas-y-133-nuevos-casos-positivos-clausen\/","title":{"rendered":"Registra Sonora este d\u00eda 12 decesos m\u00e1s y 133 nuevos casos positivos: Clausen"},"content":{"rendered":"<p>\u25baLa magnitud del impacto de una tercera ola de contagios por COVID-19 depende de todos: Enrique Clausen<\/p>\n<p>Hermosillo, Sonora; abril 22 de 2021. En la conciencia de la ciudadan\u00eda est\u00e1 que el impacto de la tercera ola de contagios por COVID-19 sea fuerte o pasajero, enfatiz\u00f3 Enrique Clausen Iberri, tras informarse que este d\u00eda se registraron 12 decesos y 133 nuevos casos en el estado.<\/p>\n<p>&nbsp;<\/p>\n<p>El secretario de Salud se\u00f1al\u00f3 que la llegada de una inevitable tercera ola de contagios por COVID-19 depender\u00e1 de la ciudadan\u00eda.<\/p>\n<p>&nbsp;<\/p>\n<p>\u201cDe que nos va a llegar, nos va a llegar, pero en ti est\u00e1 decidir qu\u00e9 tan fuerte quieres que pegue en Sonora. El proceso de vacunaci\u00f3n ayuda, pero no elimina por completo los riesgos de contagio. En estos momentos, tu responsabilidad es la mejor ayuda para contener la furia de una tercera ola. Pi\u00e9nsala bien, en ti est\u00e1 evitar que su impacto sea fuerte o pasajero.\u201d, expres\u00f3.<\/p>\n<p>&nbsp;<\/p>\n<p>Este jueves se confirmaron 12 decesos m\u00e1s en Sonora, en siete hombres y cinco mujeres; cuatro de ellos residentes de Hermosillo; dos de Cajeme; dos de Huatabampo; uno de San Ignacio R\u00edo Muerto; uno de Caborca; uno de Agua Prieta y uno de \u00c1lamos; seis de las personas fallecidas eran derechohabiente del IMSS, cuatro de la Secretar\u00eda de Salud y dos del Isssteson, con estas se acumulan 6 mil 192 defunciones en la entidad desde el inicio de la pandemia.<\/p>\n<p>&nbsp;<\/p>\n<p>Asimismo, se registraron 133 nuevos casos por COVID, en 72 mujeres y 61 hombres, para un total de 72 mil 133 casos en la entidad. De los contagios nuevos, 64 son residentes de Hermosillo; 37 de Cajeme; seis de Agua Prieta; cinco de Caborca; cinco de Guaymas; cuatro de Huatabampo; tres de San Luis R\u00edo Colorado; tres de Benito Ju\u00e1rez; dos de B\u00e1cum; dos de Navojoa; uno de Nogales; y uno de General Plutarco El\u00edas Calles.<\/p>\n<p>&nbsp;<\/p>\n<p>Hoy se confirm\u00f3 un caso pedi\u00e1trico, en una ni\u00f1a, para un total de mil 317; hoy no se confirmaron casos en mujeres embarazadas; cinco de los 133 casos son en trabajadores de la salud de diversas instituciones. Este jueves, 12 pacientes fueron dados de alta y hasta el momento 64 mil 992 personas se han recuperado en la entidad.<\/p>\n<p>&nbsp;<\/p>\n<p>Al momento, se han realizado 127 mil 221 pruebas; se han confirmado 72 mil 133 casos y se han descartado 55 mil 088; en total ocho mil 669 casos han sido cuadros leves; 827 activos y siete mil 842 concluyeron su seguimiento; 57 mil 150 pacientes se han curado y 122 pacientes se encuentran hospitalizados, 24 de ellos estables, 68 graves y 30 cr\u00edticos.<\/p>\n<p>[4:36 p. m., 22\/4\/2021] Sergio Pacillas Pool: Casos COVID-19 en Sonora 72,133 casos confirmados y 6,192 defunciones<\/p>\n<p>&nbsp;<\/p>\n<p>Defunciones registradas el 22 de abril de 2021: 12<\/p>\n<p>Fecha de publicaci\u00f3n \u00a0\u00a0jueves \/\u00a0 22\u00a0 \/ abril \/ 2021<\/p>\n","protected":false},"excerpt":{"rendered":"<p>\u25baLa magnitud del impacto de una tercera ola de contagios por COVID-19 depende de todos:&#8230;<\/p>\n","protected":false},"author":1,"featured_media":109068,"comment_status":"open","ping_status":"open","sticky":false,"template":"","format":"standard","meta":{"_monsterinsights_skip_tracking":false,"_monsterinsights_sitenote_active":false,"_monsterinsights_sitenote_note":"","_monsterinsights_sitenote_category":0,"footnotes":""},"categories":[22],"tags":[4249,15],"class_list":["post"],"yoast_head":" \n<title>Sonora en Equipo. Registra Sonora este d\u00eda 12 decesos m\u00e1s y 133 nuevos casos positivos: Clausen Sonora<\/title>\n<meta name=\"description\" content=\"\u25baLa magnitud del impacto de una tercera ola de contagios por COVID-19 depende de todos: Enrique Clausen Hermosillo, Sonora; abril 22 de 2021. En la En Sonora en Equipo publicamos toda la informaci\u00f3n de Sonora, M\u00e9xico y el Mundo de manera oportuna y busca que la libertad de expresi\u00f3n sea real. Visita nuestro medio informativo publicado desde Hermosillo, Sonora. %\" \/>\n<meta name=\"robots\" content=\"index, follow, max-snippet:-1, max-image-preview:large, max-video-preview:-1\" \/>\n<link rel=\"canonical\" href=\"https:\/\/www.sonoraenequipo.com.mx\/registra-sonora-este-dia-12-decesos-mas-y-133-nuevos-casos-positivos-clausen\/\" \/>\n<meta property=\"og:locale\" content=\"es_ES\" \/>\n<meta property=\"og:type\" content=\"article\" \/>\n<meta property=\"og:title\" content=\"Sonora en Equipo. Registra Sonora este d\u00eda 12 decesos m\u00e1s y 133 nuevos casos positivos: Clausen Sonora\" \/>\n<meta property=\"og:description\" content=\"\u25baLa magnitud del impacto de una tercera ola de contagios por COVID-19 depende de todos: Enrique Clausen Hermosillo, Sonora; abril 22 de 2021. En la En Sonora en Equipo publicamos toda la informaci\u00f3n de Sonora, M\u00e9xico y el Mundo de manera oportuna y busca que la libertad de expresi\u00f3n sea real. Visita nuestro medio informativo publicado desde Hermosillo, Sonora. %\" \/>\n<meta property=\"og:url\" content=\"https:\/\/www.sonoraenequipo.com.mx\/registra-sonora-este-dia-12-decesos-mas-y-133-nuevos-casos-positivos-clausen\/\" \/>\n<meta property=\"og:site_name\" content=\"Sonora en Equipo.\" \/>\n<meta property=\"article:publisher\" content=\"https:\/\/www.facebook.com\/SonoraEE\/\" \/>\n<meta property=\"article:author\" content=\"https:\/\/www.facebook.com\/SonoraEE\" \/>\n<meta property=\"article:published_time\" content=\"2021-04-23T05:39:42+00:00\" \/>\n<meta property=\"og:image\" content=\"https:\/\/www.sonoraenequipo.com.mx\/storage\/2021\/03\/claussen-_enrojo_opt.jpg\" \/>\n\t<meta property=\"og:image:width\" content=\"711\" \/>\n\t<meta property=\"og:image:height\" content=\"400\" \/>\n\t<meta property=\"og:image:type\" content=\"image\/jpeg\" \/>\n<meta name=\"author\" content=\"enequipo\" \/>\n<meta name=\"twitter:card\" content=\"summary_large_image\" \/>\n<meta name=\"twitter:creator\" content=\"@sonoraenequipo\" \/>\n<meta name=\"twitter:site\" content=\"@sonoraenequipo\" \/>\n<meta name=\"twitter:label1\" content=\"Escrito por\" \/>\n\t<meta name=\"twitter:data1\" content=\"enequipo\" \/>\n\t<meta name=\"twitter:label2\" content=\"Tiempo de lectura\" \/>\n\t<meta name=\"twitter:data2\" content=\"3 minutos\" \/>\n<script type=\"application\/ld+json\" class=\"yoast-schema-graph\">{\"@context\":\"https:\/\/schema.org\",\"@graph\":[{\"@type\":\"Article\",\"@id\":\"https:\/\/www.sonoraenequipo.com.mx\/registra-sonora-este-dia-12-decesos-mas-y-133-nuevos-casos-positivos-clausen\/#article\",\"isPartOf\":{\"@id\":\"https:\/\/www.sonoraenequipo.com.mx\/registra-sonora-este-dia-12-decesos-mas-y-133-nuevos-casos-positivos-clausen\/\"},\"author\":{\"name\":\"enequipo\",\"@id\":\"https:\/\/www.sonoraenequipo.com.mx\/#\/schema\/person\/50102df0fb23a8fa9e8effad8fa81386\"},\"headline\":\"Registra Sonora este d\u00eda 12 decesos m\u00e1s y 133 nuevos casos positivos: Clausen\",\"datePublished\":\"2021-04-23T05:39:42+00:00\",\"mainEntityOfPage\":{\"@id\":\"https:\/\/www.sonoraenequipo.com.mx\/registra-sonora-este-dia-12-decesos-mas-y-133-nuevos-casos-positivos-clausen\/\"},\"wordCount\":460,\"commentCount\":0,\"publisher\":{\"@id\":\"https:\/\/www.sonoraenequipo.com.mx\/#organization\"},\"image\":{\"@id\":\"https:\/\/www.sonoraenequipo.com.mx\/registra-sonora-este-dia-12-decesos-mas-y-133-nuevos-casos-positivos-clausen\/#primaryimage\"},\"thumbnailUrl\":\"https:\/\/www.sonoraenequipo.com.mx\/storage\/2021\/03\/claussen-_enrojo_opt.jpg\",\"keywords\":[\"covid\",\"Sonora\"],\"articleSection\":[\"Sonora\"],\"inLanguage\":\"es\",\"potentialAction\":[{\"@type\":\"CommentAction\",\"name\":\"Comment\",\"target\":[\"https:\/\/www.sonoraenequipo.com.mx\/registra-sonora-este-dia-12-decesos-mas-y-133-nuevos-casos-positivos-clausen\/#respond\"]}]},{\"@type\":\"WebPage\",\"@id\":\"https:\/\/www.sonoraenequipo.com.mx\/registra-sonora-este-dia-12-decesos-mas-y-133-nuevos-casos-positivos-clausen\/\",\"url\":\"https:\/\/www.sonoraenequipo.com.mx\/registra-sonora-este-dia-12-decesos-mas-y-133-nuevos-casos-positivos-clausen\/\",\"name\":\"Sonora en Equipo. Registra Sonora este d\u00eda 12 decesos m\u00e1s y 133 nuevos casos positivos: Clausen Sonora\",\"isPartOf\":{\"@id\":\"https:\/\/www.sonoraenequipo.com.mx\/#website\"},\"primaryImageOfPage\":{\"@id\":\"https:\/\/www.sonoraenequipo.com.mx\/registra-sonora-este-dia-12-decesos-mas-y-133-nuevos-casos-positivos-clausen\/#primaryimage\"},\"image\":{\"@id\":\"https:\/\/www.sonoraenequipo.com.mx\/registra-sonora-este-dia-12-decesos-mas-y-133-nuevos-casos-positivos-clausen\/#primaryimage\"},\"thumbnailUrl\":\"https:\/\/www.sonoraenequipo.com.mx\/storage\/2021\/03\/claussen-_enrojo_opt.jpg\",\"datePublished\":\"2021-04-23T05:39:42+00:00\",\"description\":\"\u25baLa magnitud del impacto de una tercera ola de contagios por COVID-19 depende de todos: Enrique Clausen Hermosillo, Sonora; abril 22 de 2021. En la En Sonora en Equipo publicamos toda la informaci\u00f3n de Sonora, M\u00e9xico y el Mundo de manera oportuna y busca que la libertad de expresi\u00f3n sea real. Visita nuestro medio informativo publicado desde Hermosillo, Sonora. %\",\"breadcrumb\":{\"@id\":\"https:\/\/www.sonoraenequipo.com.mx\/registra-sonora-este-dia-12-decesos-mas-y-133-nuevos-casos-positivos-clausen\/#breadcrumb\"},\"inLanguage\":\"es\",\"potentialAction\":[{\"@type\":\"ReadAction\",\"target\":[\"https:\/\/www.sonoraenequipo.com.mx\/registra-sonora-este-dia-12-decesos-mas-y-133-nuevos-casos-positivos-clausen\/\"]}]},{\"@type\":\"ImageObject\",\"inLanguage\":\"es\",\"@id\":\"https:\/\/www.sonoraenequipo.com.mx\/registra-sonora-este-dia-12-decesos-mas-y-133-nuevos-casos-positivos-clausen\/#primaryimage\",\"url\":\"https:\/\/www.sonoraenequipo.com.mx\/storage\/2021\/03\/claussen-_enrojo_opt.jpg\",\"contentUrl\":\"https:\/\/www.sonoraenequipo.com.mx\/storage\/2021\/03\/claussen-_enrojo_opt.jpg\",\"width\":711,\"height\":400},{\"@type\":\"BreadcrumbList\",\"@id\":\"https:\/\/www.sonoraenequipo.com.mx\/registra-sonora-este-dia-12-decesos-mas-y-133-nuevos-casos-positivos-clausen\/#breadcrumb\",\"itemListElement\":[{\"@type\":\"ListItem\",\"position\":1,\"name\":\"Portada\",\"item\":\"https:\/\/www.sonoraenequipo.com.mx\/\"},{\"@type\":\"ListItem\",\"position\":2,\"name\":\"Registra Sonora este d\u00eda 12 decesos m\u00e1s y 133 nuevos casos positivos: Clausen\"}]},{\"@type\":\"WebSite\",\"@id\":\"https:\/\/www.sonoraenequipo.com.mx\/#website\",\"url\":\"https:\/\/www.sonoraenequipo.com.mx\/\",\"name\":\"Sonora en Equipo.\",\"description\":\"Diario en l\u00ednea con Noticias desde Hermosillo, Sonora\",\"publisher\":{\"@id\":\"https:\/\/www.sonoraenequipo.com.mx\/#organization\"},\"potentialAction\":[{\"@type\":\"SearchAction\",\"target\":{\"@type\":\"EntryPoint\",\"urlTemplate\":\"https:\/\/www.sonoraenequipo.com.mx\/?s={search_term_string}\"},\"query-input\":{\"@type\":\"PropertyValueSpecification\",\"valueRequired\":true,\"valueName\":\"search_term_string\"}}],\"inLanguage\":\"es\"},{\"@type\":\"Organization\",\"@id\":\"https:\/\/www.sonoraenequipo.com.mx\/#organization\",\"name\":\"Sonoraenequipo.com.mx\",\"url\":\"https:\/\/www.sonoraenequipo.com.mx\/\",\"logo\":{\"@type\":\"ImageObject\",\"inLanguage\":\"es\",\"@id\":\"https:\/\/www.sonoraenequipo.com.mx\/#\/schema\/logo\/image\/\",\"url\":\"https:\/\/www.sonoraenequipo.com.mx\/storage\/2019\/01\/sonoraenequipo_opt.png\",\"contentUrl\":\"https:\/\/www.sonoraenequipo.com.mx\/storage\/2019\/01\/sonoraenequipo_opt.png\",\"width\":375,\"height\":125,\"caption\":\"Sonoraenequipo.com.mx\"},\"image\":{\"@id\":\"https:\/\/www.sonoraenequipo.com.mx\/#\/schema\/logo\/image\/\"},\"sameAs\":[\"https:\/\/www.facebook.com\/SonoraEE\/\",\"https:\/\/x.com\/sonoraenequipo\",\"https:\/\/www.youtube.com\/channel\/UC338nW-lPEYmJQs4ZABQ1SQ\"]},{\"@type\":\"Person\",\"@id\":\"https:\/\/www.sonoraenequipo.com.mx\/#\/schema\/person\/50102df0fb23a8fa9e8effad8fa81386\",\"name\":\"enequipo\",\"image\":{\"@type\":\"ImageObject\",\"inLanguage\":\"es\",\"@id\":\"https:\/\/www.sonoraenequipo.com.mx\/#\/schema\/person\/image\/\",\"url\":\"https:\/\/secure.gravatar.com\/avatar\/049821681b589dabc0bc20695993ccebb09f5b5d4d790cd9251b97faac7c652b?s=96&d=blank&r=g\",\"contentUrl\":\"https:\/\/secure.gravatar.com\/avatar\/049821681b589dabc0bc20695993ccebb09f5b5d4d790cd9251b97faac7c652b?s=96&d=blank&r=g\",\"caption\":\"enequipo\"},\"sameAs\":[\"https:\/\/www.facebook.com\/SonoraEE\"]}]}<\/script>\n ","yoast_head_json":{"title":"Sonora en Equipo. Registra Sonora este d\u00eda 12 decesos m\u00e1s y 133 nuevos casos positivos: Clausen Sonora","description":"\u25baLa magnitud del impacto de una tercera ola de contagios por COVID-19 depende de todos: Enrique Clausen Hermosillo, Sonora; abril 22 de 2021. En la En Sonora en Equipo publicamos toda la informaci\u00f3n de Sonora, M\u00e9xico y el Mundo de manera oportuna y busca que la libertad de expresi\u00f3n sea real. Visita nuestro medio informativo publicado desde Hermosillo, Sonora. %","robots":{"index":"index","follow":"follow","max-snippet":"max-snippet:-1","max-image-preview":"max-image-preview:large","max-video-preview":"max-video-preview:-1"},"canonical":"https:\/\/www.sonoraenequipo.com.mx\/registra-sonora-este-dia-12-decesos-mas-y-133-nuevos-casos-positivos-clausen\/","og_locale":"es_ES","og_type":"article","og_title":"Sonora en Equipo. Registra Sonora este d\u00eda 12 decesos m\u00e1s y 133 nuevos casos positivos: Clausen Sonora","og_description":"\u25baLa magnitud del impacto de una tercera ola de contagios por COVID-19 depende de todos: Enrique Clausen Hermosillo, Sonora; abril 22 de 2021. En la En Sonora en Equipo publicamos toda la informaci\u00f3n de Sonora, M\u00e9xico y el Mundo de manera oportuna y busca que la libertad de expresi\u00f3n sea real. Visita nuestro medio informativo publicado desde Hermosillo, Sonora. %","og_url":"https:\/\/www.sonoraenequipo.com.mx\/registra-sonora-este-dia-12-decesos-mas-y-133-nuevos-casos-positivos-clausen\/","og_site_name":"Sonora en Equipo.","article_publisher":"https:\/\/www.facebook.com\/SonoraEE\/","article_author":"https:\/\/www.facebook.com\/SonoraEE","article_published_time":"2021-04-23T05:39:42+00:00","og_image":[{"width":711,"height":400,"url":"https:\/\/www.sonoraenequipo.com.mx\/storage\/2021\/03\/claussen-_enrojo_opt.jpg","type":"image\/jpeg"}],"author":"enequipo","twitter_card":"summary_large_image","twitter_creator":"@sonoraenequipo","twitter_site":"@sonoraenequipo","twitter_misc":{"Escrito por":"enequipo","Tiempo de lectura":"3 minutos"},"schema":{"@context":"https:\/\/schema.org","@graph":[{"@type":"Article","@id":"https:\/\/www.sonoraenequipo.com.mx\/registra-sonora-este-dia-12-decesos-mas-y-133-nuevos-casos-positivos-clausen\/#article","isPartOf":{"@id":"https:\/\/www.sonoraenequipo.com.mx\/registra-sonora-este-dia-12-decesos-mas-y-133-nuevos-casos-positivos-clausen\/"},"author":{"name":"enequipo","@id":"https:\/\/www.sonoraenequipo.com.mx\/#\/schema\/person\/50102df0fb23a8fa9e8effad8fa81386"},"headline":"Registra Sonora este d\u00eda 12 decesos m\u00e1s y 133 nuevos casos positivos: Clausen","datePublished":"2021-04-23T05:39:42+00:00","mainEntityOfPage":{"@id":"https:\/\/www.sonoraenequipo.com.mx\/registra-sonora-este-dia-12-decesos-mas-y-133-nuevos-casos-positivos-clausen\/"},"wordCount":460,"commentCount":0,"publisher":{"@id":"https:\/\/www.sonoraenequipo.com.mx\/#organization"},"image":{"@id":"https:\/\/www.sonoraenequipo.com.mx\/registra-sonora-este-dia-12-decesos-mas-y-133-nuevos-casos-positivos-clausen\/#primaryimage"},"thumbnailUrl":"https:\/\/www.sonoraenequipo.com.mx\/storage\/2021\/03\/claussen-_enrojo_opt.jpg","keywords":["covid","Sonora"],"articleSection":["Sonora"],"inLanguage":"es","potentialAction":[{"@type":"CommentAction","name":"Comment","target":["https:\/\/www.sonoraenequipo.com.mx\/registra-sonora-este-dia-12-decesos-mas-y-133-nuevos-casos-positivos-clausen\/#respond"]}]},{"@type":"WebPage","@id":"https:\/\/www.sonoraenequipo.com.mx\/registra-sonora-este-dia-12-decesos-mas-y-133-nuevos-casos-positivos-clausen\/","url":"https:\/\/www.sonoraenequipo.com.mx\/registra-sonora-este-dia-12-decesos-mas-y-133-nuevos-casos-positivos-clausen\/","name":"Sonora en Equipo. Registra Sonora este d\u00eda 12 decesos m\u00e1s y 133 nuevos casos positivos: Clausen Sonora","isPartOf":{"@id":"https:\/\/www.sonoraenequipo.com.mx\/#website"},"primaryImageOfPage":{"@id":"https:\/\/www.sonoraenequipo.com.mx\/registra-sonora-este-dia-12-decesos-mas-y-133-nuevos-casos-positivos-clausen\/#primaryimage"},"image":{"@id":"https:\/\/www.sonoraenequipo.com.mx\/registra-sonora-este-dia-12-decesos-mas-y-133-nuevos-casos-positivos-clausen\/#primaryimage"},"thumbnailUrl":"https:\/\/www.sonoraenequipo.com.mx\/storage\/2021\/03\/claussen-_enrojo_opt.jpg","datePublished":"2021-04-23T05:39:42+00:00","description":"\u25baLa magnitud del impacto de una tercera ola de contagios por COVID-19 depende de todos: Enrique Clausen Hermosillo, Sonora; abril 22 de 2021. En la En Sonora en Equipo publicamos toda la informaci\u00f3n de Sonora, M\u00e9xico y el Mundo de manera oportuna y busca que la libertad de expresi\u00f3n sea real. Visita nuestro medio informativo publicado desde Hermosillo, Sonora. %","breadcrumb":{"@id":"https:\/\/www.sonoraenequipo.com.mx\/registra-sonora-este-dia-12-decesos-mas-y-133-nuevos-casos-positivos-clausen\/#breadcrumb"},"inLanguage":"es","potentialAction":[{"@type":"ReadAction","target":["https:\/\/www.sonoraenequipo.com.mx\/registra-sonora-este-dia-12-decesos-mas-y-133-nuevos-casos-positivos-clausen\/"]}]},{"@type":"ImageObject","inLanguage":"es","@id":"https:\/\/www.sonoraenequipo.com.mx\/registra-sonora-este-dia-12-decesos-mas-y-133-nuevos-casos-positivos-clausen\/#primaryimage","url":"https:\/\/www.sonoraenequipo.com.mx\/storage\/2021\/03\/claussen-_enrojo_opt.jpg","contentUrl":"https:\/\/www.sonoraenequipo.com.mx\/storage\/2021\/03\/claussen-_enrojo_opt.jpg","width":711,"height":400},{"@type":"BreadcrumbList","@id":"https:\/\/www.sonoraenequipo.com.mx\/registra-sonora-este-dia-12-decesos-mas-y-133-nuevos-casos-positivos-clausen\/#breadcrumb","itemListElement":[{"@type":"ListItem","position":1,"name":"Portada","item":"https:\/\/www.sonoraenequipo.com.mx\/"},{"@type":"ListItem","position":2,"name":"Registra Sonora este d\u00eda 12 decesos m\u00e1s y 133 nuevos casos positivos: Clausen"}]},{"@type":"WebSite","@id":"https:\/\/www.sonoraenequipo.com.mx\/#website","url":"https:\/\/www.sonoraenequipo.com.mx\/","name":"Sonora en Equipo.","description":"Diario en l\u00ednea con Noticias desde Hermosillo, Sonora","publisher":{"@id":"https:\/\/www.sonoraenequipo.com.mx\/#organization"},"potentialAction":[{"@type":"SearchAction","target":{"@type":"EntryPoint","urlTemplate":"https:\/\/www.sonoraenequipo.com.mx\/?s={search_term_string}"},"query-input":{"@type":"PropertyValueSpecification","valueRequired":true,"valueName":"search_term_string"}}],"inLanguage":"es"},{"@type":"Organization","@id":"https:\/\/www.sonoraenequipo.com.mx\/#organization","name":"Sonoraenequipo.com.mx","url":"https:\/\/www.sonoraenequipo.com.mx\/","logo":{"@type":"ImageObject","inLanguage":"es","@id":"https:\/\/www.sonoraenequipo.com.mx\/#\/schema\/logo\/image\/","url":"https:\/\/www.sonoraenequipo.com.mx\/storage\/2019\/01\/sonoraenequipo_opt.png","contentUrl":"https:\/\/www.sonoraenequipo.com.mx\/storage\/2019\/01\/sonoraenequipo_opt.png","width":375,"height":125,"caption":"Sonoraenequipo.com.mx"},"image":{"@id":"https:\/\/www.sonoraenequipo.com.mx\/#\/schema\/logo\/image\/"},"sameAs":["https:\/\/www.facebook.com\/SonoraEE\/","https:\/\/x.com\/sonoraenequipo","https:\/\/www.youtube.com\/channel\/UC338nW-lPEYmJQs4ZABQ1SQ"]},{"@type":"Person","@id":"https:\/\/www.sonoraenequipo.com.mx\/#\/schema\/person\/50102df0fb23a8fa9e8effad8fa81386","name":"enequipo","image":{"@type":"ImageObject","inLanguage":"es","@id":"https:\/\/www.sonoraenequipo.com.mx\/#\/schema\/person\/image\/","url":"https:\/\/secure.gravatar.com\/avatar\/049821681b589dabc0bc20695993ccebb09f5b5d4d790cd9251b97faac7c652b?s=96&d=blank&r=g","contentUrl":"https:\/\/secure.gravatar.com\/avatar\/049821681b589dabc0bc20695993ccebb09f5b5d4d790cd9251b97faac7c652b?s=96&d=blank&r=g","caption":"enequipo"},"sameAs":["https:\/\/www.facebook.com\/SonoraEE"]}]}},"jetpack_featured_media_url":"https:\/\/www.sonoraenequipo.com.mx\/storage\/2021\/03\/claussen-_enrojo_opt.jpg","_links":{"self":[{"href":"https:\/\/www.sonoraenequipo.com.mx\/api\/wp\/v2\/posts\/112355","targetHints":{"allow":["GET"]}}],"collection":[{"href":"https:\/\/www.sonoraenequipo.com.mx\/api\/wp\/v2\/posts"}],"about":[{"href":"https:\/\/www.sonoraenequipo.com.mx\/api\/wp\/v2\/types\/post"}],"author":[{"embeddable":true,"href":"https:\/\/www.sonoraenequipo.com.mx\/api\/wp\/v2\/users\/1"}],"replies":[{"embeddable":true,"href":"https:\/\/www.sonoraenequipo.com.mx\/api\/wp\/v2\/comments?post=112355"}],"version-history":[{"count":1,"href":"https:\/\/www.sonoraenequipo.com.mx\/api\/wp\/v2\/posts\/112355\/revisions"}],"predecessor-version":[{"id":112356,"href":"https:\/\/www.sonoraenequipo.com.mx\/api\/wp\/v2\/posts\/112355\/revisions\/112356"}],"wp:featuredmedia":[{"embeddable":true,"href":"https:\/\/www.sonoraenequipo.com.mx\/api\/wp\/v2\/media\/109068"}],"wp:attachment":[{"href":"https:\/\/www.sonoraenequipo.com.mx\/api\/wp\/v2\/media?parent=112355"}],"wp:term":[{"taxonomy":"category","embeddable":true,"href":"https:\/\/www.sonoraenequipo.com.mx\/api\/wp\/v2\/categories?post=112355"},{"taxonomy":"post_tag","embeddable":true,"href":"https:\/\/www.sonoraenequipo.com.mx\/api\/wp\/v2\/tags?post=112355"}],"curies":[{"name":"wp","href":"https:\/\/api.w.org\/{rel}","templated":true}]}}