{"id":112357,"date":"2021-04-22T23:55:49","date_gmt":"2021-04-23T06:55:49","guid":{"rendered":"https:\/\/www.sonoraenequipo.com.mx\/?p=112357"},"modified":"2021-04-22T22:52:26","modified_gmt":"2021-04-23T05:52:26","slug":"el-covid-puede-provocar-la-muerte-meses-despues-del-contagio-revela-estudio","status":"publish","type":"post","link":"https:\/\/www.sonoraenequipo.com.mx\/el-covid-puede-provocar-la-muerte-meses-despues-del-contagio-revela-estudio\/","title":{"rendered":"El COVID puede provocar la muerte meses despu\u00e9s del contagio, revela estudio"},"content":{"rendered":"<p>CIUDAD DE M\u00c9XICO.MX. \u2014 Uno de los estudios m\u00e1s grandes de casos prolongados de COVID-19 demostr\u00f3 lo que muchos m\u00e9dicos sospechaban: muchos pacientes no solo sufren una serie de problemas de salud seis meses despu\u00e9s del contagio, sino que tambi\u00e9n tienen un riesgo bastante mayor de morir.<\/p>\n<p>&nbsp;<\/p>\n<p> <\/p>\n<p>&nbsp;<\/p>\n<p>En el estudio, los sobrevivientes mostraron un riesgo 59 por ciento mayor de morir dentro de los seis meses posteriores a contraer el virus SARS-CoV-2, informaron el jueves los investigadores del estudio en la revista Nature. El exceso de mortalidad se traduce en aproximadamente ocho muertes adicionales por cada mil pacientes, lo que empeora la cifra oculta de v\u00edctimas de la pandemia en medio del creciente entendimiento de que muchos pacientes deben volver a ser hospitalizados, y algunos mueren, semanas despu\u00e9s de que la infecci\u00f3n viral se calma.<\/p>\n<p>&nbsp;<\/p>\n<p><em>\u201cCuando observamos la fase aguda, solo vemos la punta del iceberg\u201d,<\/em> dijo Ziyad Al-Aly, jefe del servicio de investigaci\u00f3n y desarrollo del St. Louis VA Medical Center en Missouri, quien dirigi\u00f3 el estudio. <em>\u201cEstamos empezando a ver un poco por debajo de ese iceberg, y es realmente alarmante\u201d.<\/em><\/p>\n<p>&nbsp;<\/p>\n<p>Al-Aly y sus colegas documentaron la sucesi\u00f3n de efectos debilitantes que afectan a los sobrevivientes meses despu\u00e9s del diagn\u00f3stico, desde trombos, accidentes cerebrovasculares, diabetes y dificultades respiratorias hasta da\u00f1o card\u00edaco, hep\u00e1tico y renal, depresi\u00f3n, ansiedad y p\u00e9rdida de memoria. Tambi\u00e9n concluyeron que el riesgo de complicaciones era mucho mayor que con la influenza.<\/p>\n<p>A nivel mundial, m\u00e1s de 143 millones de personas han dado positivo por COVID-19, y m\u00e1s de tres millones han muerto por la enfermedad. Algunos estudios indican que cerca del 10 por ciento de los pacientes puede convertirse en un caso prolongado de la enfermedad.<\/p>\n<h3><\/h3>\n<h3>Preocupaci\u00f3n por opioides<\/h3>\n<p>&nbsp;<\/p>\n<p>Al-Aly y sus colegas utilizaron bases de datos nacionales de atenci\u00f3n m\u00e9dica del Departamento de Asuntos de los Veteranos de Estados Unidos \u2013el sistema de prestaci\u00f3n de atenci\u00f3n m\u00e9dica m\u00e1s grande integrado a nivel nacional\u2013 para analizar diagn\u00f3sticos, uso de medicamentos y resultados de pruebas de laboratorio de 73 mil 435 pacientes no hospitalizados y 13 mil 654 que s\u00ed necesitaron hospitalizaci\u00f3n hasta seis meses despu\u00e9s de haberse recuperado de un caso agudo de COVID-19.<\/p>\n<p>&nbsp;<\/p>\n<p>&nbsp;<\/p>\n<p>En el estudio, los sobrevivientes de COVID tuvieron m\u00e1s probabilidad de necesitar asistencia para problemas m\u00e9dicos adicionales que casi cinco millones de usuarios del sistema de Administraci\u00f3n de Salud para Veteranos que no tuvieron COVID-19 ni fueron hospitalizados. Estos incluyen:<\/p>\n<p>&nbsp;<\/p>\n<p><strong>afecciones respiratorias<\/strong><\/p>\n<p><strong>trastornos del sistema nervioso<\/strong><\/p>\n<p><strong>problemas de salud mental<\/strong><\/p>\n<p><strong>trastornos metab\u00f3licos y cardiovasculares<\/strong><\/p>\n<p><strong>malestar<\/strong><\/p>\n<p><strong>fatiga<\/strong><\/p>\n<p><strong>dolor musculoesquel\u00e9tico<\/strong><\/p>\n<p><strong>anemia<\/strong><\/p>\n<p>&nbsp;<\/p>\n<p>Las personas que experimentaron s\u00edntomas a largo plazo tambi\u00e9n mostraron un mayor uso de varios medicamentos, como antidepresivos y medicamentos para tratar la ansiedad y el dolor.<\/p>\n<p>&nbsp;<\/p>\n<p><em>\u201cNos preocupan los posibles aumentos en las tasas de suicidio o posibles aumentos en sobredosis de opioides\u201d,<\/em> dijo Al-Aly en una entrevista por Zoom.<\/p>\n<p>&nbsp;<\/p>\n<p>Se concluy\u00f3 que los pacientes de COVID-19 que sobrevivieron a la hospitalizaci\u00f3n presentaron un riesgo 51 por ciento mayor de morir en comparaci\u00f3n con 13 mil 997 pacientes con influenza que tambi\u00e9n hab\u00edan sido hospitalizados.<\/p>\n<p>&nbsp;<\/p>\n<p>&nbsp;<\/p>\n<p>(Publicada el 22\/04\/2021)<\/p>\n","protected":false},"excerpt":{"rendered":"<p>CIUDAD DE M\u00c9XICO.MX. \u2014 Uno de los estudios m\u00e1s grandes de casos prolongados de COVID-19&#8230;<\/p>\n","protected":false},"author":1,"featured_media":112359,"comment_status":"open","ping_status":"open","sticky":false,"template":"","format":"standard","meta":{"_monsterinsights_skip_tracking":false,"_monsterinsights_sitenote_active":false,"_monsterinsights_sitenote_note":"","_monsterinsights_sitenote_category":0,"footnotes":""},"categories":[2216],"tags":[],"class_list":["post"],"yoast_head":" \n<title>Sonora en Equipo. El COVID puede provocar la muerte meses despu\u00e9s del contagio, revela estudio Ciencia y Tecnolog\u00eda<\/title>\n<meta name=\"description\" content=\"CIUDAD DE M\u00c9XICO.MX. \u2014 Uno de los estudios m\u00e1s grandes de casos prolongados de COVID-19 demostr\u00f3 lo que muchos m\u00e9dicos sospechaban: muchos pacientes no En Sonora en Equipo publicamos toda la informaci\u00f3n de Sonora, M\u00e9xico y el Mundo de manera oportuna y busca que la libertad de expresi\u00f3n sea real. Visita nuestro medio informativo publicado desde Hermosillo, Sonora. %\" \/>\n<meta name=\"robots\" content=\"index, follow, max-snippet:-1, max-image-preview:large, max-video-preview:-1\" \/>\n<link rel=\"canonical\" href=\"https:\/\/www.sonoraenequipo.com.mx\/el-covid-puede-provocar-la-muerte-meses-despues-del-contagio-revela-estudio\/\" \/>\n<meta property=\"og:locale\" content=\"es_ES\" \/>\n<meta property=\"og:type\" content=\"article\" \/>\n<meta property=\"og:title\" content=\"Sonora en Equipo. El COVID puede provocar la muerte meses despu\u00e9s del contagio, revela estudio Ciencia y Tecnolog\u00eda\" \/>\n<meta property=\"og:description\" content=\"CIUDAD DE M\u00c9XICO.MX. \u2014 Uno de los estudios m\u00e1s grandes de casos prolongados de COVID-19 demostr\u00f3 lo que muchos m\u00e9dicos sospechaban: muchos pacientes no En Sonora en Equipo publicamos toda la informaci\u00f3n de Sonora, M\u00e9xico y el Mundo de manera oportuna y busca que la libertad de expresi\u00f3n sea real. Visita nuestro medio informativo publicado desde Hermosillo, Sonora. %\" \/>\n<meta property=\"og:url\" content=\"https:\/\/www.sonoraenequipo.com.mx\/el-covid-puede-provocar-la-muerte-meses-despues-del-contagio-revela-estudio\/\" \/>\n<meta property=\"og:site_name\" content=\"Sonora en Equipo.\" \/>\n<meta property=\"article:publisher\" content=\"https:\/\/www.facebook.com\/SonoraEE\/\" \/>\n<meta property=\"article:author\" content=\"https:\/\/www.facebook.com\/SonoraEE\" \/>\n<meta property=\"article:published_time\" content=\"2021-04-23T06:55:49+00:00\" \/>\n<meta property=\"og:image\" content=\"https:\/\/www.sonoraenequipo.com.mx\/storage\/2021\/04\/Covid19_hospitales_opt.jpg\" \/>\n\t<meta property=\"og:image:width\" content=\"599\" \/>\n\t<meta property=\"og:image:height\" content=\"400\" \/>\n\t<meta property=\"og:image:type\" content=\"image\/jpeg\" \/>\n<meta name=\"author\" content=\"enequipo\" \/>\n<meta name=\"twitter:card\" content=\"summary_large_image\" \/>\n<meta name=\"twitter:creator\" content=\"@sonoraenequipo\" \/>\n<meta name=\"twitter:site\" content=\"@sonoraenequipo\" \/>\n<meta name=\"twitter:label1\" content=\"Escrito por\" \/>\n\t<meta name=\"twitter:data1\" content=\"enequipo\" \/>\n\t<meta name=\"twitter:label2\" content=\"Tiempo de lectura\" \/>\n\t<meta name=\"twitter:data2\" content=\"3 minutos\" \/>\n<script type=\"application\/ld+json\" class=\"yoast-schema-graph\">{\"@context\":\"https:\/\/schema.org\",\"@graph\":[{\"@type\":\"Article\",\"@id\":\"https:\/\/www.sonoraenequipo.com.mx\/el-covid-puede-provocar-la-muerte-meses-despues-del-contagio-revela-estudio\/#article\",\"isPartOf\":{\"@id\":\"https:\/\/www.sonoraenequipo.com.mx\/el-covid-puede-provocar-la-muerte-meses-despues-del-contagio-revela-estudio\/\"},\"author\":{\"name\":\"enequipo\",\"@id\":\"https:\/\/www.sonoraenequipo.com.mx\/#\/schema\/person\/50102df0fb23a8fa9e8effad8fa81386\"},\"headline\":\"El COVID puede provocar la muerte meses despu\u00e9s del contagio, revela estudio\",\"datePublished\":\"2021-04-23T06:55:49+00:00\",\"mainEntityOfPage\":{\"@id\":\"https:\/\/www.sonoraenequipo.com.mx\/el-covid-puede-provocar-la-muerte-meses-despues-del-contagio-revela-estudio\/\"},\"wordCount\":563,\"commentCount\":0,\"publisher\":{\"@id\":\"https:\/\/www.sonoraenequipo.com.mx\/#organization\"},\"image\":{\"@id\":\"https:\/\/www.sonoraenequipo.com.mx\/el-covid-puede-provocar-la-muerte-meses-despues-del-contagio-revela-estudio\/#primaryimage\"},\"thumbnailUrl\":\"https:\/\/www.sonoraenequipo.com.mx\/storage\/2021\/04\/Covid19_hospitales_opt.jpg\",\"articleSection\":[\"Ciencia y Tecnolog\u00eda\"],\"inLanguage\":\"es\",\"potentialAction\":[{\"@type\":\"CommentAction\",\"name\":\"Comment\",\"target\":[\"https:\/\/www.sonoraenequipo.com.mx\/el-covid-puede-provocar-la-muerte-meses-despues-del-contagio-revela-estudio\/#respond\"]}]},{\"@type\":\"WebPage\",\"@id\":\"https:\/\/www.sonoraenequipo.com.mx\/el-covid-puede-provocar-la-muerte-meses-despues-del-contagio-revela-estudio\/\",\"url\":\"https:\/\/www.sonoraenequipo.com.mx\/el-covid-puede-provocar-la-muerte-meses-despues-del-contagio-revela-estudio\/\",\"name\":\"Sonora en Equipo. El COVID puede provocar la muerte meses despu\u00e9s del contagio, revela estudio Ciencia y Tecnolog\u00eda\",\"isPartOf\":{\"@id\":\"https:\/\/www.sonoraenequipo.com.mx\/#website\"},\"primaryImageOfPage\":{\"@id\":\"https:\/\/www.sonoraenequipo.com.mx\/el-covid-puede-provocar-la-muerte-meses-despues-del-contagio-revela-estudio\/#primaryimage\"},\"image\":{\"@id\":\"https:\/\/www.sonoraenequipo.com.mx\/el-covid-puede-provocar-la-muerte-meses-despues-del-contagio-revela-estudio\/#primaryimage\"},\"thumbnailUrl\":\"https:\/\/www.sonoraenequipo.com.mx\/storage\/2021\/04\/Covid19_hospitales_opt.jpg\",\"datePublished\":\"2021-04-23T06:55:49+00:00\",\"description\":\"CIUDAD DE M\u00c9XICO.MX. \u2014 Uno de los estudios m\u00e1s grandes de casos prolongados de COVID-19 demostr\u00f3 lo que muchos m\u00e9dicos sospechaban: muchos pacientes no En Sonora en Equipo publicamos toda la informaci\u00f3n de Sonora, M\u00e9xico y el Mundo de manera oportuna y busca que la libertad de expresi\u00f3n sea real. Visita nuestro medio informativo publicado desde Hermosillo, Sonora. %\",\"breadcrumb\":{\"@id\":\"https:\/\/www.sonoraenequipo.com.mx\/el-covid-puede-provocar-la-muerte-meses-despues-del-contagio-revela-estudio\/#breadcrumb\"},\"inLanguage\":\"es\",\"potentialAction\":[{\"@type\":\"ReadAction\",\"target\":[\"https:\/\/www.sonoraenequipo.com.mx\/el-covid-puede-provocar-la-muerte-meses-despues-del-contagio-revela-estudio\/\"]}]},{\"@type\":\"ImageObject\",\"inLanguage\":\"es\",\"@id\":\"https:\/\/www.sonoraenequipo.com.mx\/el-covid-puede-provocar-la-muerte-meses-despues-del-contagio-revela-estudio\/#primaryimage\",\"url\":\"https:\/\/www.sonoraenequipo.com.mx\/storage\/2021\/04\/Covid19_hospitales_opt.jpg\",\"contentUrl\":\"https:\/\/www.sonoraenequipo.com.mx\/storage\/2021\/04\/Covid19_hospitales_opt.jpg\",\"width\":599,\"height\":400},{\"@type\":\"BreadcrumbList\",\"@id\":\"https:\/\/www.sonoraenequipo.com.mx\/el-covid-puede-provocar-la-muerte-meses-despues-del-contagio-revela-estudio\/#breadcrumb\",\"itemListElement\":[{\"@type\":\"ListItem\",\"position\":1,\"name\":\"Portada\",\"item\":\"https:\/\/www.sonoraenequipo.com.mx\/\"},{\"@type\":\"ListItem\",\"position\":2,\"name\":\"El COVID puede provocar la muerte meses despu\u00e9s del contagio, revela estudio\"}]},{\"@type\":\"WebSite\",\"@id\":\"https:\/\/www.sonoraenequipo.com.mx\/#website\",\"url\":\"https:\/\/www.sonoraenequipo.com.mx\/\",\"name\":\"Sonora en Equipo.\",\"description\":\"Diario en l\u00ednea con Noticias desde Hermosillo, Sonora\",\"publisher\":{\"@id\":\"https:\/\/www.sonoraenequipo.com.mx\/#organization\"},\"potentialAction\":[{\"@type\":\"SearchAction\",\"target\":{\"@type\":\"EntryPoint\",\"urlTemplate\":\"https:\/\/www.sonoraenequipo.com.mx\/?s={search_term_string}\"},\"query-input\":{\"@type\":\"PropertyValueSpecification\",\"valueRequired\":true,\"valueName\":\"search_term_string\"}}],\"inLanguage\":\"es\"},{\"@type\":\"Organization\",\"@id\":\"https:\/\/www.sonoraenequipo.com.mx\/#organization\",\"name\":\"Sonoraenequipo.com.mx\",\"url\":\"https:\/\/www.sonoraenequipo.com.mx\/\",\"logo\":{\"@type\":\"ImageObject\",\"inLanguage\":\"es\",\"@id\":\"https:\/\/www.sonoraenequipo.com.mx\/#\/schema\/logo\/image\/\",\"url\":\"https:\/\/www.sonoraenequipo.com.mx\/storage\/2019\/01\/sonoraenequipo_opt.png\",\"contentUrl\":\"https:\/\/www.sonoraenequipo.com.mx\/storage\/2019\/01\/sonoraenequipo_opt.png\",\"width\":375,\"height\":125,\"caption\":\"Sonoraenequipo.com.mx\"},\"image\":{\"@id\":\"https:\/\/www.sonoraenequipo.com.mx\/#\/schema\/logo\/image\/\"},\"sameAs\":[\"https:\/\/www.facebook.com\/SonoraEE\/\",\"https:\/\/x.com\/sonoraenequipo\",\"https:\/\/www.youtube.com\/channel\/UC338nW-lPEYmJQs4ZABQ1SQ\"]},{\"@type\":\"Person\",\"@id\":\"https:\/\/www.sonoraenequipo.com.mx\/#\/schema\/person\/50102df0fb23a8fa9e8effad8fa81386\",\"name\":\"enequipo\",\"image\":{\"@type\":\"ImageObject\",\"inLanguage\":\"es\",\"@id\":\"https:\/\/www.sonoraenequipo.com.mx\/#\/schema\/person\/image\/\",\"url\":\"https:\/\/secure.gravatar.com\/avatar\/049821681b589dabc0bc20695993ccebb09f5b5d4d790cd9251b97faac7c652b?s=96&d=blank&r=g\",\"contentUrl\":\"https:\/\/secure.gravatar.com\/avatar\/049821681b589dabc0bc20695993ccebb09f5b5d4d790cd9251b97faac7c652b?s=96&d=blank&r=g\",\"caption\":\"enequipo\"},\"sameAs\":[\"https:\/\/www.facebook.com\/SonoraEE\"]}]}<\/script>\n ","yoast_head_json":{"title":"Sonora en Equipo. El COVID puede provocar la muerte meses despu\u00e9s del contagio, revela estudio Ciencia y Tecnolog\u00eda","description":"CIUDAD DE M\u00c9XICO.MX. \u2014 Uno de los estudios m\u00e1s grandes de casos prolongados de COVID-19 demostr\u00f3 lo que muchos m\u00e9dicos sospechaban: muchos pacientes no En Sonora en Equipo publicamos toda la informaci\u00f3n de Sonora, M\u00e9xico y el Mundo de manera oportuna y busca que la libertad de expresi\u00f3n sea real. Visita nuestro medio informativo publicado desde Hermosillo, Sonora. %","robots":{"index":"index","follow":"follow","max-snippet":"max-snippet:-1","max-image-preview":"max-image-preview:large","max-video-preview":"max-video-preview:-1"},"canonical":"https:\/\/www.sonoraenequipo.com.mx\/el-covid-puede-provocar-la-muerte-meses-despues-del-contagio-revela-estudio\/","og_locale":"es_ES","og_type":"article","og_title":"Sonora en Equipo. El COVID puede provocar la muerte meses despu\u00e9s del contagio, revela estudio Ciencia y Tecnolog\u00eda","og_description":"CIUDAD DE M\u00c9XICO.MX. \u2014 Uno de los estudios m\u00e1s grandes de casos prolongados de COVID-19 demostr\u00f3 lo que muchos m\u00e9dicos sospechaban: muchos pacientes no En Sonora en Equipo publicamos toda la informaci\u00f3n de Sonora, M\u00e9xico y el Mundo de manera oportuna y busca que la libertad de expresi\u00f3n sea real. Visita nuestro medio informativo publicado desde Hermosillo, Sonora. %","og_url":"https:\/\/www.sonoraenequipo.com.mx\/el-covid-puede-provocar-la-muerte-meses-despues-del-contagio-revela-estudio\/","og_site_name":"Sonora en Equipo.","article_publisher":"https:\/\/www.facebook.com\/SonoraEE\/","article_author":"https:\/\/www.facebook.com\/SonoraEE","article_published_time":"2021-04-23T06:55:49+00:00","og_image":[{"width":599,"height":400,"url":"https:\/\/www.sonoraenequipo.com.mx\/storage\/2021\/04\/Covid19_hospitales_opt.jpg","type":"image\/jpeg"}],"author":"enequipo","twitter_card":"summary_large_image","twitter_creator":"@sonoraenequipo","twitter_site":"@sonoraenequipo","twitter_misc":{"Escrito por":"enequipo","Tiempo de lectura":"3 minutos"},"schema":{"@context":"https:\/\/schema.org","@graph":[{"@type":"Article","@id":"https:\/\/www.sonoraenequipo.com.mx\/el-covid-puede-provocar-la-muerte-meses-despues-del-contagio-revela-estudio\/#article","isPartOf":{"@id":"https:\/\/www.sonoraenequipo.com.mx\/el-covid-puede-provocar-la-muerte-meses-despues-del-contagio-revela-estudio\/"},"author":{"name":"enequipo","@id":"https:\/\/www.sonoraenequipo.com.mx\/#\/schema\/person\/50102df0fb23a8fa9e8effad8fa81386"},"headline":"El COVID puede provocar la muerte meses despu\u00e9s del contagio, revela estudio","datePublished":"2021-04-23T06:55:49+00:00","mainEntityOfPage":{"@id":"https:\/\/www.sonoraenequipo.com.mx\/el-covid-puede-provocar-la-muerte-meses-despues-del-contagio-revela-estudio\/"},"wordCount":563,"commentCount":0,"publisher":{"@id":"https:\/\/www.sonoraenequipo.com.mx\/#organization"},"image":{"@id":"https:\/\/www.sonoraenequipo.com.mx\/el-covid-puede-provocar-la-muerte-meses-despues-del-contagio-revela-estudio\/#primaryimage"},"thumbnailUrl":"https:\/\/www.sonoraenequipo.com.mx\/storage\/2021\/04\/Covid19_hospitales_opt.jpg","articleSection":["Ciencia y Tecnolog\u00eda"],"inLanguage":"es","potentialAction":[{"@type":"CommentAction","name":"Comment","target":["https:\/\/www.sonoraenequipo.com.mx\/el-covid-puede-provocar-la-muerte-meses-despues-del-contagio-revela-estudio\/#respond"]}]},{"@type":"WebPage","@id":"https:\/\/www.sonoraenequipo.com.mx\/el-covid-puede-provocar-la-muerte-meses-despues-del-contagio-revela-estudio\/","url":"https:\/\/www.sonoraenequipo.com.mx\/el-covid-puede-provocar-la-muerte-meses-despues-del-contagio-revela-estudio\/","name":"Sonora en Equipo. El COVID puede provocar la muerte meses despu\u00e9s del contagio, revela estudio Ciencia y Tecnolog\u00eda","isPartOf":{"@id":"https:\/\/www.sonoraenequipo.com.mx\/#website"},"primaryImageOfPage":{"@id":"https:\/\/www.sonoraenequipo.com.mx\/el-covid-puede-provocar-la-muerte-meses-despues-del-contagio-revela-estudio\/#primaryimage"},"image":{"@id":"https:\/\/www.sonoraenequipo.com.mx\/el-covid-puede-provocar-la-muerte-meses-despues-del-contagio-revela-estudio\/#primaryimage"},"thumbnailUrl":"https:\/\/www.sonoraenequipo.com.mx\/storage\/2021\/04\/Covid19_hospitales_opt.jpg","datePublished":"2021-04-23T06:55:49+00:00","description":"CIUDAD DE M\u00c9XICO.MX. \u2014 Uno de los estudios m\u00e1s grandes de casos prolongados de COVID-19 demostr\u00f3 lo que muchos m\u00e9dicos sospechaban: muchos pacientes no En Sonora en Equipo publicamos toda la informaci\u00f3n de Sonora, M\u00e9xico y el Mundo de manera oportuna y busca que la libertad de expresi\u00f3n sea real. Visita nuestro medio informativo publicado desde Hermosillo, Sonora. %","breadcrumb":{"@id":"https:\/\/www.sonoraenequipo.com.mx\/el-covid-puede-provocar-la-muerte-meses-despues-del-contagio-revela-estudio\/#breadcrumb"},"inLanguage":"es","potentialAction":[{"@type":"ReadAction","target":["https:\/\/www.sonoraenequipo.com.mx\/el-covid-puede-provocar-la-muerte-meses-despues-del-contagio-revela-estudio\/"]}]},{"@type":"ImageObject","inLanguage":"es","@id":"https:\/\/www.sonoraenequipo.com.mx\/el-covid-puede-provocar-la-muerte-meses-despues-del-contagio-revela-estudio\/#primaryimage","url":"https:\/\/www.sonoraenequipo.com.mx\/storage\/2021\/04\/Covid19_hospitales_opt.jpg","contentUrl":"https:\/\/www.sonoraenequipo.com.mx\/storage\/2021\/04\/Covid19_hospitales_opt.jpg","width":599,"height":400},{"@type":"BreadcrumbList","@id":"https:\/\/www.sonoraenequipo.com.mx\/el-covid-puede-provocar-la-muerte-meses-despues-del-contagio-revela-estudio\/#breadcrumb","itemListElement":[{"@type":"ListItem","position":1,"name":"Portada","item":"https:\/\/www.sonoraenequipo.com.mx\/"},{"@type":"ListItem","position":2,"name":"El COVID puede provocar la muerte meses despu\u00e9s del contagio, revela estudio"}]},{"@type":"WebSite","@id":"https:\/\/www.sonoraenequipo.com.mx\/#website","url":"https:\/\/www.sonoraenequipo.com.mx\/","name":"Sonora en Equipo.","description":"Diario en l\u00ednea con Noticias desde Hermosillo, Sonora","publisher":{"@id":"https:\/\/www.sonoraenequipo.com.mx\/#organization"},"potentialAction":[{"@type":"SearchAction","target":{"@type":"EntryPoint","urlTemplate":"https:\/\/www.sonoraenequipo.com.mx\/?s={search_term_string}"},"query-input":{"@type":"PropertyValueSpecification","valueRequired":true,"valueName":"search_term_string"}}],"inLanguage":"es"},{"@type":"Organization","@id":"https:\/\/www.sonoraenequipo.com.mx\/#organization","name":"Sonoraenequipo.com.mx","url":"https:\/\/www.sonoraenequipo.com.mx\/","logo":{"@type":"ImageObject","inLanguage":"es","@id":"https:\/\/www.sonoraenequipo.com.mx\/#\/schema\/logo\/image\/","url":"https:\/\/www.sonoraenequipo.com.mx\/storage\/2019\/01\/sonoraenequipo_opt.png","contentUrl":"https:\/\/www.sonoraenequipo.com.mx\/storage\/2019\/01\/sonoraenequipo_opt.png","width":375,"height":125,"caption":"Sonoraenequipo.com.mx"},"image":{"@id":"https:\/\/www.sonoraenequipo.com.mx\/#\/schema\/logo\/image\/"},"sameAs":["https:\/\/www.facebook.com\/SonoraEE\/","https:\/\/x.com\/sonoraenequipo","https:\/\/www.youtube.com\/channel\/UC338nW-lPEYmJQs4ZABQ1SQ"]},{"@type":"Person","@id":"https:\/\/www.sonoraenequipo.com.mx\/#\/schema\/person\/50102df0fb23a8fa9e8effad8fa81386","name":"enequipo","image":{"@type":"ImageObject","inLanguage":"es","@id":"https:\/\/www.sonoraenequipo.com.mx\/#\/schema\/person\/image\/","url":"https:\/\/secure.gravatar.com\/avatar\/049821681b589dabc0bc20695993ccebb09f5b5d4d790cd9251b97faac7c652b?s=96&d=blank&r=g","contentUrl":"https:\/\/secure.gravatar.com\/avatar\/049821681b589dabc0bc20695993ccebb09f5b5d4d790cd9251b97faac7c652b?s=96&d=blank&r=g","caption":"enequipo"},"sameAs":["https:\/\/www.facebook.com\/SonoraEE"]}]}},"jetpack_featured_media_url":"https:\/\/www.sonoraenequipo.com.mx\/storage\/2021\/04\/Covid19_hospitales_opt.jpg","_links":{"self":[{"href":"https:\/\/www.sonoraenequipo.com.mx\/api\/wp\/v2\/posts\/112357","targetHints":{"allow":["GET"]}}],"collection":[{"href":"https:\/\/www.sonoraenequipo.com.mx\/api\/wp\/v2\/posts"}],"about":[{"href":"https:\/\/www.sonoraenequipo.com.mx\/api\/wp\/v2\/types\/post"}],"author":[{"embeddable":true,"href":"https:\/\/www.sonoraenequipo.com.mx\/api\/wp\/v2\/users\/1"}],"replies":[{"embeddable":true,"href":"https:\/\/www.sonoraenequipo.com.mx\/api\/wp\/v2\/comments?post=112357"}],"version-history":[{"count":1,"href":"https:\/\/www.sonoraenequipo.com.mx\/api\/wp\/v2\/posts\/112357\/revisions"}],"predecessor-version":[{"id":112360,"href":"https:\/\/www.sonoraenequipo.com.mx\/api\/wp\/v2\/posts\/112357\/revisions\/112360"}],"wp:featuredmedia":[{"embeddable":true,"href":"https:\/\/www.sonoraenequipo.com.mx\/api\/wp\/v2\/media\/112359"}],"wp:attachment":[{"href":"https:\/\/www.sonoraenequipo.com.mx\/api\/wp\/v2\/media?parent=112357"}],"wp:term":[{"taxonomy":"category","embeddable":true,"href":"https:\/\/www.sonoraenequipo.com.mx\/api\/wp\/v2\/categories?post=112357"},{"taxonomy":"post_tag","embeddable":true,"href":"https:\/\/www.sonoraenequipo.com.mx\/api\/wp\/v2\/tags?post=112357"}],"curies":[{"name":"wp","href":"https:\/\/api.w.org\/{rel}","templated":true}]}}