{"id":112358,"date":"2021-04-22T22:52:10","date_gmt":"2021-04-23T05:52:10","guid":{"rendered":"https:\/\/www.sonoraenequipo.com.mx\/?p=112358"},"modified":"2021-04-22T22:52:10","modified_gmt":"2021-04-23T05:52:10","slug":"los-jovenes-como-centro-de-las-politicas-de-la-sonora-ganadora-propone-el-borrego-gandara","status":"publish","type":"post","link":"https:\/\/www.sonoraenequipo.com.mx\/los-jovenes-como-centro-de-las-politicas-de-la-sonora-ganadora-propone-el-borrego-gandara\/","title":{"rendered":"Los j\u00f3venes como centro de las pol\u00edticas de la Sonora Ganadora, propone el \u201cBorrego\u201d G\u00e1ndara"},"content":{"rendered":"<p>\u25baEl Candidato de la Alianza se reuni\u00f3 con j\u00f3venes de todo Sonora en el foro \u201cDi\u00e1logo por la Educaci\u00f3n y Empleo\u201d en Ciudad Obreg\u00f3n<\/p>\n<p>&nbsp;<\/p>\n<p>CAJEME, SONORA,MX.\u2500 \u00a0\u00a0Es impensable trabajar en un plan de reactivaci\u00f3n que no vaya de la mano con los j\u00f3venes, es un sector con el que debemos ser inclusivos, porque son las nuevas generaciones el futuro de Sonora, son ellos quienes innovan, lideran e impulsan tareas novedosas todos los d\u00edas, mencion\u00f3 Ernesto el \u201cBorrego\u201d G\u00e1ndara.<\/p>\n<p>&nbsp;<\/p>\n<p>El Candidato de la Alianza \u201cVa por Sonora\u201d, se reuni\u00f3 con j\u00f3venes en un foro denominado \u201cDialogo por la Educaci\u00f3n y el Empleo\u201d, espacio que aprovecharon para plantear sus inquietudes y solicitar pol\u00edticas de Gobierno encaminadas a mejores oportunidades de desarrollo laboral y formaci\u00f3n.<\/p>\n<p>&nbsp;<\/p>\n<p>El evento cont\u00f3 con la participaci\u00f3n de m\u00e1s de 25 j\u00f3venes de manera presencial y otros dos mil conectados a trav\u00e9s de las plataformas digitales de distintos municipios de la entidad, como Navojoa, Ciudad Obreg\u00f3n, San Luis R\u00edo Colorado, \u00cdmuris, Hermosillo, que abordaron los temas como Educaci\u00f3n y Nuevas Tecnolog\u00edas; Regreso a clases; Internacionalizaci\u00f3n de la Educaci\u00f3n; Educaci\u00f3n para Discapacitados, y algunos m\u00e1s.<\/p>\n<p>&nbsp;<\/p>\n<p>\u201cSi algo les corresponde a los j\u00f3venes es que innovan, renuevan, revolucionan, resetean, se reactivan y yo no podr\u00eda aceptar que no potencialicen su capacidad de cambio y transformaci\u00f3n y queremos hacer equipo con ustedes porque si estamos haciendo nuestro mayor esfuerzo estoy seguro que van a ser mucho mejores que los que estamos participando en la vida p\u00fablica del estado y de M\u00e9xico\u201d, mencion\u00f3 el \u201cBorrego\u201d G\u00e1ndara.<\/p>\n<p>&nbsp;<\/p>\n<p>Reconoci\u00f3 el valor que aportan las nuevas generaciones en todos los espacios de la sociedad actual como l\u00edderes y agentes de cambio y con todo el talento que cuentan y que en ocasiones lo \u00fanico que requieren son apoyos, que no siempre llegan de las administraciones p\u00fablicas por una falta de visi\u00f3n en su verdadero valor.<\/p>\n<p>&nbsp;<\/p>\n<p>\u201cHoy los j\u00f3venes quieren hacer las cosas diferentes, hoy ustedes tienen ideas nuevas y frescas, nos toca a nosotros incluir su participaci\u00f3n, nos toca a nosotros apoyar ese talento, por eso me comprometo a escucharlos no solo ahora en campa\u00f1a, con mayor raz\u00f3n en mi Gobierno\u201d, puntualiz\u00f3.<\/p>\n<p>&nbsp;<\/p>\n<p>Record\u00f3 que en su proyecto de rescate tiene el apartado Plan de Reactivaci\u00f3n con Futuro, en donde el centro de este son precisamente los j\u00f3venes, con propuestas para becas, otorgamiento de facilidades para la Titulaci\u00f3n o recursos para quienes tengan hacer viajes de estudio.<\/p>\n<p>&nbsp;<\/p>\n<p>En el tema de la educaci\u00f3n, destaca la digitalizaci\u00f3n como arma para el crecimiento profesional de las y los estudiantes, principalmente de educaci\u00f3n b\u00e1sica, a quienes se les otorgar\u00e1n herramientas de Internet y tabletas que los pongan en otro nivel de ense\u00f1anza.<\/p>\n<p>&nbsp;<\/p>\n<p>\u201cDigitalizar la educaci\u00f3n es un gran proyecto que debemos hacer s\u00ed o s\u00ed, sino lo hacemos estaremos en el patio trasero\u201d, consider\u00f3.<\/p>\n<p>&nbsp;<\/p>\n<p>En ese mismo sentido, Sofia Acosta Ross, joven estudiante de la Ciencia y la Tecnolog\u00eda, le plante\u00f3 al Candidato la importancia de sentar las bases s\u00f3lidas de este ramo en los planes de estudio, debido a que son precisamente estas las que m\u00e1s oportunidades ofrecer\u00e1n en un futuro inmediato.<\/p>\n<p>&nbsp;<\/p>\n<p>El \u201cBorrego\u201d G\u00e1ndara dijo que en definitiva su administraci\u00f3n dar\u00e1 un brinco en el tema de la tecnolog\u00eda al tomarla como base para el desarrollo de estudiantes.<\/p>\n<p>&nbsp;<\/p>\n<p>\u201cYo s\u00ed creo que tenemos que ser m\u00e1s audaces como Gobierno en estar a la altura del siglo XXI y si no nos prometemos el apoyo desde el principio, no solo desde la juventud, sino desde la ni\u00f1ez vamos a seguir muy atrasados \u201c\u00b8 refiri\u00f3 el Candidato de la Alianza.<\/p>\n<p>&nbsp;<\/p>\n<p>Dijo que la Sonora Ganadora aprovechar\u00e1 a los j\u00f3venes, los tendr\u00e1 en sus pol\u00edticas de Gobierno como un tema prioritario para el desarrollo y potencializaci\u00f3n de la entidad.<\/p>\n<p>Fecha de publicaci\u00f3n \u00a0\u00a0jueves \/\u00a0 22\u00a0 \/ abril \/ 2021<\/p>\n<p>&nbsp;<\/p>\n","protected":false},"excerpt":{"rendered":"<p>\u25baEl Candidato de la Alianza se reuni\u00f3 con j\u00f3venes de todo Sonora en el foro&#8230;<\/p>\n","protected":false},"author":1,"featured_media":112361,"comment_status":"open","ping_status":"open","sticky":false,"template":"","format":"standard","meta":{"_monsterinsights_skip_tracking":false,"_monsterinsights_sitenote_active":false,"_monsterinsights_sitenote_note":"","_monsterinsights_sitenote_category":0,"footnotes":""},"categories":[8],"tags":[5516,111,5261],"class_list":["post"],"yoast_head":" \n<title>Sonora en Equipo. Los j\u00f3venes como centro de las pol\u00edticas de la Sonora Ganadora, propone el \u201cBorrego\u201d G\u00e1ndara LA ELECCION 2024<\/title>\n<meta name=\"description\" content=\"\u25baEl Candidato de la Alianza se reuni\u00f3 con j\u00f3venes de todo Sonora en el foro \u201cDi\u00e1logo por la Educaci\u00f3n y Empleo\u201d en Ciudad Obreg\u00f3n &nbsp; CAJEME, En Sonora en Equipo publicamos toda la informaci\u00f3n de Sonora, M\u00e9xico y el Mundo de manera oportuna y busca que la libertad de expresi\u00f3n sea real. Visita nuestro medio informativo publicado desde Hermosillo, Sonora. %\" \/>\n<meta name=\"robots\" content=\"index, follow, max-snippet:-1, max-image-preview:large, max-video-preview:-1\" \/>\n<link rel=\"canonical\" href=\"https:\/\/www.sonoraenequipo.com.mx\/los-jovenes-como-centro-de-las-politicas-de-la-sonora-ganadora-propone-el-borrego-gandara\/\" \/>\n<meta property=\"og:locale\" content=\"es_ES\" \/>\n<meta property=\"og:type\" content=\"article\" \/>\n<meta property=\"og:title\" content=\"Sonora en Equipo. Los j\u00f3venes como centro de las pol\u00edticas de la Sonora Ganadora, propone el \u201cBorrego\u201d G\u00e1ndara LA ELECCION 2024\" \/>\n<meta property=\"og:description\" content=\"\u25baEl Candidato de la Alianza se reuni\u00f3 con j\u00f3venes de todo Sonora en el foro \u201cDi\u00e1logo por la Educaci\u00f3n y Empleo\u201d en Ciudad Obreg\u00f3n &nbsp; CAJEME, En Sonora en Equipo publicamos toda la informaci\u00f3n de Sonora, M\u00e9xico y el Mundo de manera oportuna y busca que la libertad de expresi\u00f3n sea real. Visita nuestro medio informativo publicado desde Hermosillo, Sonora. %\" \/>\n<meta property=\"og:url\" content=\"https:\/\/www.sonoraenequipo.com.mx\/los-jovenes-como-centro-de-las-politicas-de-la-sonora-ganadora-propone-el-borrego-gandara\/\" \/>\n<meta property=\"og:site_name\" content=\"Sonora en Equipo.\" \/>\n<meta property=\"article:publisher\" content=\"https:\/\/www.facebook.com\/SonoraEE\/\" \/>\n<meta property=\"article:author\" content=\"https:\/\/www.facebook.com\/SonoraEE\" \/>\n<meta property=\"article:published_time\" content=\"2021-04-23T05:52:10+00:00\" \/>\n<meta property=\"og:image\" content=\"https:\/\/www.sonoraenequipo.com.mx\/storage\/2021\/04\/egc220421.jpg\" \/>\n\t<meta property=\"og:image:width\" content=\"500\" \/>\n\t<meta property=\"og:image:height\" content=\"300\" \/>\n\t<meta property=\"og:image:type\" content=\"image\/jpeg\" \/>\n<meta name=\"author\" content=\"enequipo\" \/>\n<meta name=\"twitter:card\" content=\"summary_large_image\" \/>\n<meta name=\"twitter:creator\" content=\"@sonoraenequipo\" \/>\n<meta name=\"twitter:site\" content=\"@sonoraenequipo\" \/>\n<meta name=\"twitter:label1\" content=\"Escrito por\" \/>\n\t<meta name=\"twitter:data1\" content=\"enequipo\" \/>\n\t<meta name=\"twitter:label2\" content=\"Tiempo de lectura\" \/>\n\t<meta name=\"twitter:data2\" content=\"3 minutos\" \/>\n<script type=\"application\/ld+json\" class=\"yoast-schema-graph\">{\"@context\":\"https:\/\/schema.org\",\"@graph\":[{\"@type\":\"Article\",\"@id\":\"https:\/\/www.sonoraenequipo.com.mx\/los-jovenes-como-centro-de-las-politicas-de-la-sonora-ganadora-propone-el-borrego-gandara\/#article\",\"isPartOf\":{\"@id\":\"https:\/\/www.sonoraenequipo.com.mx\/los-jovenes-como-centro-de-las-politicas-de-la-sonora-ganadora-propone-el-borrego-gandara\/\"},\"author\":{\"name\":\"enequipo\",\"@id\":\"https:\/\/www.sonoraenequipo.com.mx\/#\/schema\/person\/50102df0fb23a8fa9e8effad8fa81386\"},\"headline\":\"Los j\u00f3venes como centro de las pol\u00edticas de la Sonora Ganadora, propone el \u201cBorrego\u201d G\u00e1ndara\",\"datePublished\":\"2021-04-23T05:52:10+00:00\",\"mainEntityOfPage\":{\"@id\":\"https:\/\/www.sonoraenequipo.com.mx\/los-jovenes-como-centro-de-las-politicas-de-la-sonora-ganadora-propone-el-borrego-gandara\/\"},\"wordCount\":714,\"commentCount\":0,\"publisher\":{\"@id\":\"https:\/\/www.sonoraenequipo.com.mx\/#organization\"},\"image\":{\"@id\":\"https:\/\/www.sonoraenequipo.com.mx\/los-jovenes-como-centro-de-las-politicas-de-la-sonora-ganadora-propone-el-borrego-gandara\/#primaryimage\"},\"thumbnailUrl\":\"https:\/\/www.sonoraenequipo.com.mx\/storage\/2021\/04\/egc220421.jpg\",\"keywords\":[\"borrego\",\"elecciones\",\"sonora2021\"],\"articleSection\":[\"LA ELECCION 2024\"],\"inLanguage\":\"es\",\"potentialAction\":[{\"@type\":\"CommentAction\",\"name\":\"Comment\",\"target\":[\"https:\/\/www.sonoraenequipo.com.mx\/los-jovenes-como-centro-de-las-politicas-de-la-sonora-ganadora-propone-el-borrego-gandara\/#respond\"]}]},{\"@type\":\"WebPage\",\"@id\":\"https:\/\/www.sonoraenequipo.com.mx\/los-jovenes-como-centro-de-las-politicas-de-la-sonora-ganadora-propone-el-borrego-gandara\/\",\"url\":\"https:\/\/www.sonoraenequipo.com.mx\/los-jovenes-como-centro-de-las-politicas-de-la-sonora-ganadora-propone-el-borrego-gandara\/\",\"name\":\"Sonora en Equipo. Los j\u00f3venes como centro de las pol\u00edticas de la Sonora Ganadora, propone el \u201cBorrego\u201d G\u00e1ndara LA ELECCION 2024\",\"isPartOf\":{\"@id\":\"https:\/\/www.sonoraenequipo.com.mx\/#website\"},\"primaryImageOfPage\":{\"@id\":\"https:\/\/www.sonoraenequipo.com.mx\/los-jovenes-como-centro-de-las-politicas-de-la-sonora-ganadora-propone-el-borrego-gandara\/#primaryimage\"},\"image\":{\"@id\":\"https:\/\/www.sonoraenequipo.com.mx\/los-jovenes-como-centro-de-las-politicas-de-la-sonora-ganadora-propone-el-borrego-gandara\/#primaryimage\"},\"thumbnailUrl\":\"https:\/\/www.sonoraenequipo.com.mx\/storage\/2021\/04\/egc220421.jpg\",\"datePublished\":\"2021-04-23T05:52:10+00:00\",\"description\":\"\u25baEl Candidato de la Alianza se reuni\u00f3 con j\u00f3venes de todo Sonora en el foro \u201cDi\u00e1logo por la Educaci\u00f3n y Empleo\u201d en Ciudad Obreg\u00f3n &nbsp; CAJEME, En Sonora en Equipo publicamos toda la informaci\u00f3n de Sonora, M\u00e9xico y el Mundo de manera oportuna y busca que la libertad de expresi\u00f3n sea real. Visita nuestro medio informativo publicado desde Hermosillo, Sonora. %\",\"breadcrumb\":{\"@id\":\"https:\/\/www.sonoraenequipo.com.mx\/los-jovenes-como-centro-de-las-politicas-de-la-sonora-ganadora-propone-el-borrego-gandara\/#breadcrumb\"},\"inLanguage\":\"es\",\"potentialAction\":[{\"@type\":\"ReadAction\",\"target\":[\"https:\/\/www.sonoraenequipo.com.mx\/los-jovenes-como-centro-de-las-politicas-de-la-sonora-ganadora-propone-el-borrego-gandara\/\"]}]},{\"@type\":\"ImageObject\",\"inLanguage\":\"es\",\"@id\":\"https:\/\/www.sonoraenequipo.com.mx\/los-jovenes-como-centro-de-las-politicas-de-la-sonora-ganadora-propone-el-borrego-gandara\/#primaryimage\",\"url\":\"https:\/\/www.sonoraenequipo.com.mx\/storage\/2021\/04\/egc220421.jpg\",\"contentUrl\":\"https:\/\/www.sonoraenequipo.com.mx\/storage\/2021\/04\/egc220421.jpg\",\"width\":500,\"height\":300},{\"@type\":\"BreadcrumbList\",\"@id\":\"https:\/\/www.sonoraenequipo.com.mx\/los-jovenes-como-centro-de-las-politicas-de-la-sonora-ganadora-propone-el-borrego-gandara\/#breadcrumb\",\"itemListElement\":[{\"@type\":\"ListItem\",\"position\":1,\"name\":\"Portada\",\"item\":\"https:\/\/www.sonoraenequipo.com.mx\/\"},{\"@type\":\"ListItem\",\"position\":2,\"name\":\"Los j\u00f3venes como centro de las pol\u00edticas de la Sonora Ganadora, propone el \u201cBorrego\u201d G\u00e1ndara\"}]},{\"@type\":\"WebSite\",\"@id\":\"https:\/\/www.sonoraenequipo.com.mx\/#website\",\"url\":\"https:\/\/www.sonoraenequipo.com.mx\/\",\"name\":\"Sonora en Equipo.\",\"description\":\"Diario en l\u00ednea con Noticias desde Hermosillo, Sonora\",\"publisher\":{\"@id\":\"https:\/\/www.sonoraenequipo.com.mx\/#organization\"},\"potentialAction\":[{\"@type\":\"SearchAction\",\"target\":{\"@type\":\"EntryPoint\",\"urlTemplate\":\"https:\/\/www.sonoraenequipo.com.mx\/?s={search_term_string}\"},\"query-input\":{\"@type\":\"PropertyValueSpecification\",\"valueRequired\":true,\"valueName\":\"search_term_string\"}}],\"inLanguage\":\"es\"},{\"@type\":\"Organization\",\"@id\":\"https:\/\/www.sonoraenequipo.com.mx\/#organization\",\"name\":\"Sonoraenequipo.com.mx\",\"url\":\"https:\/\/www.sonoraenequipo.com.mx\/\",\"logo\":{\"@type\":\"ImageObject\",\"inLanguage\":\"es\",\"@id\":\"https:\/\/www.sonoraenequipo.com.mx\/#\/schema\/logo\/image\/\",\"url\":\"https:\/\/www.sonoraenequipo.com.mx\/storage\/2019\/01\/sonoraenequipo_opt.png\",\"contentUrl\":\"https:\/\/www.sonoraenequipo.com.mx\/storage\/2019\/01\/sonoraenequipo_opt.png\",\"width\":375,\"height\":125,\"caption\":\"Sonoraenequipo.com.mx\"},\"image\":{\"@id\":\"https:\/\/www.sonoraenequipo.com.mx\/#\/schema\/logo\/image\/\"},\"sameAs\":[\"https:\/\/www.facebook.com\/SonoraEE\/\",\"https:\/\/x.com\/sonoraenequipo\",\"https:\/\/www.youtube.com\/channel\/UC338nW-lPEYmJQs4ZABQ1SQ\"]},{\"@type\":\"Person\",\"@id\":\"https:\/\/www.sonoraenequipo.com.mx\/#\/schema\/person\/50102df0fb23a8fa9e8effad8fa81386\",\"name\":\"enequipo\",\"image\":{\"@type\":\"ImageObject\",\"inLanguage\":\"es\",\"@id\":\"https:\/\/www.sonoraenequipo.com.mx\/#\/schema\/person\/image\/\",\"url\":\"https:\/\/secure.gravatar.com\/avatar\/049821681b589dabc0bc20695993ccebb09f5b5d4d790cd9251b97faac7c652b?s=96&d=blank&r=g\",\"contentUrl\":\"https:\/\/secure.gravatar.com\/avatar\/049821681b589dabc0bc20695993ccebb09f5b5d4d790cd9251b97faac7c652b?s=96&d=blank&r=g\",\"caption\":\"enequipo\"},\"sameAs\":[\"https:\/\/www.facebook.com\/SonoraEE\"]}]}<\/script>\n ","yoast_head_json":{"title":"Sonora en Equipo. Los j\u00f3venes como centro de las pol\u00edticas de la Sonora Ganadora, propone el \u201cBorrego\u201d G\u00e1ndara LA ELECCION 2024","description":"\u25baEl Candidato de la Alianza se reuni\u00f3 con j\u00f3venes de todo Sonora en el foro \u201cDi\u00e1logo por la Educaci\u00f3n y Empleo\u201d en Ciudad Obreg\u00f3n &nbsp; CAJEME, En Sonora en Equipo publicamos toda la informaci\u00f3n de Sonora, M\u00e9xico y el Mundo de manera oportuna y busca que la libertad de expresi\u00f3n sea real. Visita nuestro medio informativo publicado desde Hermosillo, Sonora. %","robots":{"index":"index","follow":"follow","max-snippet":"max-snippet:-1","max-image-preview":"max-image-preview:large","max-video-preview":"max-video-preview:-1"},"canonical":"https:\/\/www.sonoraenequipo.com.mx\/los-jovenes-como-centro-de-las-politicas-de-la-sonora-ganadora-propone-el-borrego-gandara\/","og_locale":"es_ES","og_type":"article","og_title":"Sonora en Equipo. Los j\u00f3venes como centro de las pol\u00edticas de la Sonora Ganadora, propone el \u201cBorrego\u201d G\u00e1ndara LA ELECCION 2024","og_description":"\u25baEl Candidato de la Alianza se reuni\u00f3 con j\u00f3venes de todo Sonora en el foro \u201cDi\u00e1logo por la Educaci\u00f3n y Empleo\u201d en Ciudad Obreg\u00f3n &nbsp; CAJEME, En Sonora en Equipo publicamos toda la informaci\u00f3n de Sonora, M\u00e9xico y el Mundo de manera oportuna y busca que la libertad de expresi\u00f3n sea real. Visita nuestro medio informativo publicado desde Hermosillo, Sonora. %","og_url":"https:\/\/www.sonoraenequipo.com.mx\/los-jovenes-como-centro-de-las-politicas-de-la-sonora-ganadora-propone-el-borrego-gandara\/","og_site_name":"Sonora en Equipo.","article_publisher":"https:\/\/www.facebook.com\/SonoraEE\/","article_author":"https:\/\/www.facebook.com\/SonoraEE","article_published_time":"2021-04-23T05:52:10+00:00","og_image":[{"width":500,"height":300,"url":"https:\/\/www.sonoraenequipo.com.mx\/storage\/2021\/04\/egc220421.jpg","type":"image\/jpeg"}],"author":"enequipo","twitter_card":"summary_large_image","twitter_creator":"@sonoraenequipo","twitter_site":"@sonoraenequipo","twitter_misc":{"Escrito por":"enequipo","Tiempo de lectura":"3 minutos"},"schema":{"@context":"https:\/\/schema.org","@graph":[{"@type":"Article","@id":"https:\/\/www.sonoraenequipo.com.mx\/los-jovenes-como-centro-de-las-politicas-de-la-sonora-ganadora-propone-el-borrego-gandara\/#article","isPartOf":{"@id":"https:\/\/www.sonoraenequipo.com.mx\/los-jovenes-como-centro-de-las-politicas-de-la-sonora-ganadora-propone-el-borrego-gandara\/"},"author":{"name":"enequipo","@id":"https:\/\/www.sonoraenequipo.com.mx\/#\/schema\/person\/50102df0fb23a8fa9e8effad8fa81386"},"headline":"Los j\u00f3venes como centro de las pol\u00edticas de la Sonora Ganadora, propone el \u201cBorrego\u201d G\u00e1ndara","datePublished":"2021-04-23T05:52:10+00:00","mainEntityOfPage":{"@id":"https:\/\/www.sonoraenequipo.com.mx\/los-jovenes-como-centro-de-las-politicas-de-la-sonora-ganadora-propone-el-borrego-gandara\/"},"wordCount":714,"commentCount":0,"publisher":{"@id":"https:\/\/www.sonoraenequipo.com.mx\/#organization"},"image":{"@id":"https:\/\/www.sonoraenequipo.com.mx\/los-jovenes-como-centro-de-las-politicas-de-la-sonora-ganadora-propone-el-borrego-gandara\/#primaryimage"},"thumbnailUrl":"https:\/\/www.sonoraenequipo.com.mx\/storage\/2021\/04\/egc220421.jpg","keywords":["borrego","elecciones","sonora2021"],"articleSection":["LA ELECCION 2024"],"inLanguage":"es","potentialAction":[{"@type":"CommentAction","name":"Comment","target":["https:\/\/www.sonoraenequipo.com.mx\/los-jovenes-como-centro-de-las-politicas-de-la-sonora-ganadora-propone-el-borrego-gandara\/#respond"]}]},{"@type":"WebPage","@id":"https:\/\/www.sonoraenequipo.com.mx\/los-jovenes-como-centro-de-las-politicas-de-la-sonora-ganadora-propone-el-borrego-gandara\/","url":"https:\/\/www.sonoraenequipo.com.mx\/los-jovenes-como-centro-de-las-politicas-de-la-sonora-ganadora-propone-el-borrego-gandara\/","name":"Sonora en Equipo. Los j\u00f3venes como centro de las pol\u00edticas de la Sonora Ganadora, propone el \u201cBorrego\u201d G\u00e1ndara LA ELECCION 2024","isPartOf":{"@id":"https:\/\/www.sonoraenequipo.com.mx\/#website"},"primaryImageOfPage":{"@id":"https:\/\/www.sonoraenequipo.com.mx\/los-jovenes-como-centro-de-las-politicas-de-la-sonora-ganadora-propone-el-borrego-gandara\/#primaryimage"},"image":{"@id":"https:\/\/www.sonoraenequipo.com.mx\/los-jovenes-como-centro-de-las-politicas-de-la-sonora-ganadora-propone-el-borrego-gandara\/#primaryimage"},"thumbnailUrl":"https:\/\/www.sonoraenequipo.com.mx\/storage\/2021\/04\/egc220421.jpg","datePublished":"2021-04-23T05:52:10+00:00","description":"\u25baEl Candidato de la Alianza se reuni\u00f3 con j\u00f3venes de todo Sonora en el foro \u201cDi\u00e1logo por la Educaci\u00f3n y Empleo\u201d en Ciudad Obreg\u00f3n &nbsp; CAJEME, En Sonora en Equipo publicamos toda la informaci\u00f3n de Sonora, M\u00e9xico y el Mundo de manera oportuna y busca que la libertad de expresi\u00f3n sea real. Visita nuestro medio informativo publicado desde Hermosillo, Sonora. %","breadcrumb":{"@id":"https:\/\/www.sonoraenequipo.com.mx\/los-jovenes-como-centro-de-las-politicas-de-la-sonora-ganadora-propone-el-borrego-gandara\/#breadcrumb"},"inLanguage":"es","potentialAction":[{"@type":"ReadAction","target":["https:\/\/www.sonoraenequipo.com.mx\/los-jovenes-como-centro-de-las-politicas-de-la-sonora-ganadora-propone-el-borrego-gandara\/"]}]},{"@type":"ImageObject","inLanguage":"es","@id":"https:\/\/www.sonoraenequipo.com.mx\/los-jovenes-como-centro-de-las-politicas-de-la-sonora-ganadora-propone-el-borrego-gandara\/#primaryimage","url":"https:\/\/www.sonoraenequipo.com.mx\/storage\/2021\/04\/egc220421.jpg","contentUrl":"https:\/\/www.sonoraenequipo.com.mx\/storage\/2021\/04\/egc220421.jpg","width":500,"height":300},{"@type":"BreadcrumbList","@id":"https:\/\/www.sonoraenequipo.com.mx\/los-jovenes-como-centro-de-las-politicas-de-la-sonora-ganadora-propone-el-borrego-gandara\/#breadcrumb","itemListElement":[{"@type":"ListItem","position":1,"name":"Portada","item":"https:\/\/www.sonoraenequipo.com.mx\/"},{"@type":"ListItem","position":2,"name":"Los j\u00f3venes como centro de las pol\u00edticas de la Sonora Ganadora, propone el \u201cBorrego\u201d G\u00e1ndara"}]},{"@type":"WebSite","@id":"https:\/\/www.sonoraenequipo.com.mx\/#website","url":"https:\/\/www.sonoraenequipo.com.mx\/","name":"Sonora en Equipo.","description":"Diario en l\u00ednea con Noticias desde Hermosillo, Sonora","publisher":{"@id":"https:\/\/www.sonoraenequipo.com.mx\/#organization"},"potentialAction":[{"@type":"SearchAction","target":{"@type":"EntryPoint","urlTemplate":"https:\/\/www.sonoraenequipo.com.mx\/?s={search_term_string}"},"query-input":{"@type":"PropertyValueSpecification","valueRequired":true,"valueName":"search_term_string"}}],"inLanguage":"es"},{"@type":"Organization","@id":"https:\/\/www.sonoraenequipo.com.mx\/#organization","name":"Sonoraenequipo.com.mx","url":"https:\/\/www.sonoraenequipo.com.mx\/","logo":{"@type":"ImageObject","inLanguage":"es","@id":"https:\/\/www.sonoraenequipo.com.mx\/#\/schema\/logo\/image\/","url":"https:\/\/www.sonoraenequipo.com.mx\/storage\/2019\/01\/sonoraenequipo_opt.png","contentUrl":"https:\/\/www.sonoraenequipo.com.mx\/storage\/2019\/01\/sonoraenequipo_opt.png","width":375,"height":125,"caption":"Sonoraenequipo.com.mx"},"image":{"@id":"https:\/\/www.sonoraenequipo.com.mx\/#\/schema\/logo\/image\/"},"sameAs":["https:\/\/www.facebook.com\/SonoraEE\/","https:\/\/x.com\/sonoraenequipo","https:\/\/www.youtube.com\/channel\/UC338nW-lPEYmJQs4ZABQ1SQ"]},{"@type":"Person","@id":"https:\/\/www.sonoraenequipo.com.mx\/#\/schema\/person\/50102df0fb23a8fa9e8effad8fa81386","name":"enequipo","image":{"@type":"ImageObject","inLanguage":"es","@id":"https:\/\/www.sonoraenequipo.com.mx\/#\/schema\/person\/image\/","url":"https:\/\/secure.gravatar.com\/avatar\/049821681b589dabc0bc20695993ccebb09f5b5d4d790cd9251b97faac7c652b?s=96&d=blank&r=g","contentUrl":"https:\/\/secure.gravatar.com\/avatar\/049821681b589dabc0bc20695993ccebb09f5b5d4d790cd9251b97faac7c652b?s=96&d=blank&r=g","caption":"enequipo"},"sameAs":["https:\/\/www.facebook.com\/SonoraEE"]}]}},"jetpack_featured_media_url":"https:\/\/www.sonoraenequipo.com.mx\/storage\/2021\/04\/egc220421.jpg","_links":{"self":[{"href":"https:\/\/www.sonoraenequipo.com.mx\/api\/wp\/v2\/posts\/112358","targetHints":{"allow":["GET"]}}],"collection":[{"href":"https:\/\/www.sonoraenequipo.com.mx\/api\/wp\/v2\/posts"}],"about":[{"href":"https:\/\/www.sonoraenequipo.com.mx\/api\/wp\/v2\/types\/post"}],"author":[{"embeddable":true,"href":"https:\/\/www.sonoraenequipo.com.mx\/api\/wp\/v2\/users\/1"}],"replies":[{"embeddable":true,"href":"https:\/\/www.sonoraenequipo.com.mx\/api\/wp\/v2\/comments?post=112358"}],"version-history":[{"count":1,"href":"https:\/\/www.sonoraenequipo.com.mx\/api\/wp\/v2\/posts\/112358\/revisions"}],"predecessor-version":[{"id":112362,"href":"https:\/\/www.sonoraenequipo.com.mx\/api\/wp\/v2\/posts\/112358\/revisions\/112362"}],"wp:featuredmedia":[{"embeddable":true,"href":"https:\/\/www.sonoraenequipo.com.mx\/api\/wp\/v2\/media\/112361"}],"wp:attachment":[{"href":"https:\/\/www.sonoraenequipo.com.mx\/api\/wp\/v2\/media?parent=112358"}],"wp:term":[{"taxonomy":"category","embeddable":true,"href":"https:\/\/www.sonoraenequipo.com.mx\/api\/wp\/v2\/categories?post=112358"},{"taxonomy":"post_tag","embeddable":true,"href":"https:\/\/www.sonoraenequipo.com.mx\/api\/wp\/v2\/tags?post=112358"}],"curies":[{"name":"wp","href":"https:\/\/api.w.org\/{rel}","templated":true}]}}