{"id":112363,"date":"2021-04-22T23:22:17","date_gmt":"2021-04-23T06:22:17","guid":{"rendered":"https:\/\/www.sonoraenequipo.com.mx\/?p=112363"},"modified":"2021-04-22T23:22:17","modified_gmt":"2021-04-23T06:22:17","slug":"localizan-cuerpos-y-restos-oseos-en-nogales-y-guaymas-y-hasta-una-fosa-con-restos-calcinandose","status":"publish","type":"post","link":"https:\/\/www.sonoraenequipo.com.mx\/localizan-cuerpos-y-restos-oseos-en-nogales-y-guaymas-y-hasta-una-fosa-con-restos-calcinandose\/","title":{"rendered":"Localizan cuerpos y restos \u00f3seos\u00a0 en Nogales y Guaymas y hasta una fosa con restos calcin\u00e1ndose"},"content":{"rendered":"<p>HERMOSILLO, SONORA,MX.\u2500\u2500 Personal de la FGJE Sonora trabaja de manera conjunta con colectivos de buscadoras en Nogales y Guaymas, luego del hallazgo de fosas conteniendo restos \u00f3seos, para procesar los lugares, recolectar los indicios y, posteriormente, realizar an\u00e1lisis forenses.<\/p>\n<p>&nbsp;<\/p>\n<p>En Nogales, Peritos de la Fiscal\u00eda General de Justicia del Estado de Sonora (FGJE), en un Laboratorio M\u00f3vil Forense, recolectaron y preservaron cuatro cuerpos y restos \u00f3seos localizados en un predio el sector de La Mesa, por un colectivo de buscadoras.<\/p>\n<p>&nbsp;<\/p>\n<p>En las acciones de procesamientos, en varias \u00e1reas de la zona, se localizaron los cuerpos, osamenta y diversos fragmentos en nueve fosas, los restos \u00f3seos ser\u00e1n analizados con pruebas diversas en el Laboratorio de Inteligencia Cient\u00edfica Forense (CIF).<\/p>\n<p>&nbsp;<\/p>\n<p>En los trabajados, realizados de 08:00 a 18:42 horas del 21 de abril, particip\u00f3 personal de Servicios Periciales, Madres Buscadora de Sonora y Buscadoras de la Frontera de Nogales, de la Agencia Ministerial de Investigaci\u00f3n Criminal (AMIC), de la Comisi\u00f3n de B\u00fasqueda de Personas para el Estado de Sonora y de la Comisi\u00f3n Nacional de B\u00fasqueda.<\/p>\n<p>&nbsp;<\/p>\n<p>Un grupo de once expertos peritos, de la Fiscal\u00eda de Sonora, realizaron la recolecci\u00f3n de los restos, que quedaron bajo protecci\u00f3n de AMIC y procesados de inmediato en uno de los nuevos Laboratorios M\u00f3viles Forenses. Este jueves 22 de abril, se inici\u00f3 la segunda jornada de b\u00fasqueda.<\/p>\n<p>&nbsp;<\/p>\n<p>En Guaymas, Madres Buscadoras de Hermosillo localizaron una fosa en el camino de terracer\u00eda, entre La Cuadrita y el libramiento federal, donde acudi\u00f3 personal de la Fiscal\u00eda de Sonora con elementos AMIC y de Servicios Periciales, a las 15:30 horas del mi\u00e9rcoles 21.<\/p>\n<p>&nbsp;<\/p>\n<p>En el lugar se localiz\u00f3 en el suelo un \u00e1rea con cemento de 1.40 por 1.40 metros, el cual al momento de arribar estaba incendi\u00e1ndose en el interior, por lo que se trat\u00f3 de sofocar el fuego con qu\u00edmicos y extintores, no siendo posible.<\/p>\n<p>&nbsp;<\/p>\n<p>Fue necesaria la intervenci\u00f3n de elementos de Bomberos de Guaymas quienes apagaron el siniestro, pero se debe esperar 48 horas para poder ingresar al interior, debido a la alta temperatura que se registr\u00f3 y que calent\u00f3 el suelo y el cemento.<\/p>\n<p>&nbsp;<\/p>\n<p>En la misma zona, la que se proces\u00f3 la semana pasada, el colectivo localiz\u00f3 restos \u00f3seos, los cuales ser\u00e1n analizados con comparativas de ADN y otras pruebas para determinar su identidad. Se mantienen las investigaciones.<\/p>\n<p>Fecha de publicaci\u00f3n \u00a0\u00a0jueves \/\u00a0 22\u00a0 \/ abril \/ 2021<\/p>\n","protected":false},"excerpt":{"rendered":"<p>HERMOSILLO, SONORA,MX.\u2500\u2500 Personal de la FGJE Sonora trabaja de manera conjunta con colectivos de buscadoras&#8230;<\/p>\n","protected":false},"author":1,"featured_media":112364,"comment_status":"open","ping_status":"open","sticky":false,"template":"","format":"standard","meta":{"_monsterinsights_skip_tracking":false,"_monsterinsights_sitenote_active":false,"_monsterinsights_sitenote_note":"","_monsterinsights_sitenote_category":0,"footnotes":""},"categories":[3144],"tags":[5632,5570,15],"class_list":["post"],"yoast_head":" \n<title>Sonora en Equipo. Localizan cuerpos y restos \u00f3seos\u00a0 en Nogales y Guaymas y hasta una fosa con restos calcin\u00e1ndose Polic\u00edaca<\/title>\n<meta name=\"description\" content=\"HERMOSILLO, SONORA,MX.\u2500\u2500 Personal de la FGJE Sonora trabaja de manera conjunta con colectivos de buscadoras en Nogales y Guaymas, luego del hallazgo de En Sonora en Equipo publicamos toda la informaci\u00f3n de Sonora, M\u00e9xico y el Mundo de manera oportuna y busca que la libertad de expresi\u00f3n sea real. Visita nuestro medio informativo publicado desde Hermosillo, Sonora. %\" \/>\n<meta name=\"robots\" content=\"index, follow, max-snippet:-1, max-image-preview:large, max-video-preview:-1\" \/>\n<link rel=\"canonical\" href=\"https:\/\/www.sonoraenequipo.com.mx\/localizan-cuerpos-y-restos-oseos-en-nogales-y-guaymas-y-hasta-una-fosa-con-restos-calcinandose\/\" \/>\n<meta property=\"og:locale\" content=\"es_ES\" \/>\n<meta property=\"og:type\" content=\"article\" \/>\n<meta property=\"og:title\" content=\"Sonora en Equipo. Localizan cuerpos y restos \u00f3seos\u00a0 en Nogales y Guaymas y hasta una fosa con restos calcin\u00e1ndose Polic\u00edaca\" \/>\n<meta property=\"og:description\" content=\"HERMOSILLO, SONORA,MX.\u2500\u2500 Personal de la FGJE Sonora trabaja de manera conjunta con colectivos de buscadoras en Nogales y Guaymas, luego del hallazgo de En Sonora en Equipo publicamos toda la informaci\u00f3n de Sonora, M\u00e9xico y el Mundo de manera oportuna y busca que la libertad de expresi\u00f3n sea real. Visita nuestro medio informativo publicado desde Hermosillo, Sonora. %\" \/>\n<meta property=\"og:url\" content=\"https:\/\/www.sonoraenequipo.com.mx\/localizan-cuerpos-y-restos-oseos-en-nogales-y-guaymas-y-hasta-una-fosa-con-restos-calcinandose\/\" \/>\n<meta property=\"og:site_name\" content=\"Sonora en Equipo.\" \/>\n<meta property=\"article:publisher\" content=\"https:\/\/www.facebook.com\/SonoraEE\/\" \/>\n<meta property=\"article:author\" content=\"https:\/\/www.facebook.com\/SonoraEE\" \/>\n<meta property=\"article:published_time\" content=\"2021-04-23T06:22:17+00:00\" \/>\n<meta property=\"og:image\" content=\"https:\/\/www.sonoraenequipo.com.mx\/storage\/2021\/04\/incinerador-clandestino.jpg\" \/>\n\t<meta property=\"og:image:width\" content=\"500\" \/>\n\t<meta property=\"og:image:height\" content=\"300\" \/>\n\t<meta property=\"og:image:type\" content=\"image\/jpeg\" \/>\n<meta name=\"author\" content=\"enequipo\" \/>\n<meta name=\"twitter:card\" content=\"summary_large_image\" \/>\n<meta name=\"twitter:creator\" content=\"@sonoraenequipo\" \/>\n<meta name=\"twitter:site\" content=\"@sonoraenequipo\" \/>\n<meta name=\"twitter:label1\" content=\"Escrito por\" \/>\n\t<meta name=\"twitter:data1\" content=\"enequipo\" \/>\n\t<meta name=\"twitter:label2\" content=\"Tiempo de lectura\" \/>\n\t<meta name=\"twitter:data2\" content=\"2 minutos\" \/>\n<script type=\"application\/ld+json\" class=\"yoast-schema-graph\">{\"@context\":\"https:\/\/schema.org\",\"@graph\":[{\"@type\":\"Article\",\"@id\":\"https:\/\/www.sonoraenequipo.com.mx\/localizan-cuerpos-y-restos-oseos-en-nogales-y-guaymas-y-hasta-una-fosa-con-restos-calcinandose\/#article\",\"isPartOf\":{\"@id\":\"https:\/\/www.sonoraenequipo.com.mx\/localizan-cuerpos-y-restos-oseos-en-nogales-y-guaymas-y-hasta-una-fosa-con-restos-calcinandose\/\"},\"author\":{\"name\":\"enequipo\",\"@id\":\"https:\/\/www.sonoraenequipo.com.mx\/#\/schema\/person\/50102df0fb23a8fa9e8effad8fa81386\"},\"headline\":\"Localizan cuerpos y restos \u00f3seos\u00a0 en Nogales y Guaymas y hasta una fosa con restos calcin\u00e1ndose\",\"datePublished\":\"2021-04-23T06:22:17+00:00\",\"mainEntityOfPage\":{\"@id\":\"https:\/\/www.sonoraenequipo.com.mx\/localizan-cuerpos-y-restos-oseos-en-nogales-y-guaymas-y-hasta-una-fosa-con-restos-calcinandose\/\"},\"wordCount\":429,\"commentCount\":0,\"publisher\":{\"@id\":\"https:\/\/www.sonoraenequipo.com.mx\/#organization\"},\"image\":{\"@id\":\"https:\/\/www.sonoraenequipo.com.mx\/localizan-cuerpos-y-restos-oseos-en-nogales-y-guaymas-y-hasta-una-fosa-con-restos-calcinandose\/#primaryimage\"},\"thumbnailUrl\":\"https:\/\/www.sonoraenequipo.com.mx\/storage\/2021\/04\/incinerador-clandestino.jpg\",\"keywords\":[\"fosas\",\"restos oseos\",\"Sonora\"],\"articleSection\":[\"Polic\u00edaca\"],\"inLanguage\":\"es\",\"potentialAction\":[{\"@type\":\"CommentAction\",\"name\":\"Comment\",\"target\":[\"https:\/\/www.sonoraenequipo.com.mx\/localizan-cuerpos-y-restos-oseos-en-nogales-y-guaymas-y-hasta-una-fosa-con-restos-calcinandose\/#respond\"]}]},{\"@type\":\"WebPage\",\"@id\":\"https:\/\/www.sonoraenequipo.com.mx\/localizan-cuerpos-y-restos-oseos-en-nogales-y-guaymas-y-hasta-una-fosa-con-restos-calcinandose\/\",\"url\":\"https:\/\/www.sonoraenequipo.com.mx\/localizan-cuerpos-y-restos-oseos-en-nogales-y-guaymas-y-hasta-una-fosa-con-restos-calcinandose\/\",\"name\":\"Sonora en Equipo. Localizan cuerpos y restos \u00f3seos\u00a0 en Nogales y Guaymas y hasta una fosa con restos calcin\u00e1ndose Polic\u00edaca\",\"isPartOf\":{\"@id\":\"https:\/\/www.sonoraenequipo.com.mx\/#website\"},\"primaryImageOfPage\":{\"@id\":\"https:\/\/www.sonoraenequipo.com.mx\/localizan-cuerpos-y-restos-oseos-en-nogales-y-guaymas-y-hasta-una-fosa-con-restos-calcinandose\/#primaryimage\"},\"image\":{\"@id\":\"https:\/\/www.sonoraenequipo.com.mx\/localizan-cuerpos-y-restos-oseos-en-nogales-y-guaymas-y-hasta-una-fosa-con-restos-calcinandose\/#primaryimage\"},\"thumbnailUrl\":\"https:\/\/www.sonoraenequipo.com.mx\/storage\/2021\/04\/incinerador-clandestino.jpg\",\"datePublished\":\"2021-04-23T06:22:17+00:00\",\"description\":\"HERMOSILLO, SONORA,MX.\u2500\u2500 Personal de la FGJE Sonora trabaja de manera conjunta con colectivos de buscadoras en Nogales y Guaymas, luego del hallazgo de En Sonora en Equipo publicamos toda la informaci\u00f3n de Sonora, M\u00e9xico y el Mundo de manera oportuna y busca que la libertad de expresi\u00f3n sea real. Visita nuestro medio informativo publicado desde Hermosillo, Sonora. %\",\"breadcrumb\":{\"@id\":\"https:\/\/www.sonoraenequipo.com.mx\/localizan-cuerpos-y-restos-oseos-en-nogales-y-guaymas-y-hasta-una-fosa-con-restos-calcinandose\/#breadcrumb\"},\"inLanguage\":\"es\",\"potentialAction\":[{\"@type\":\"ReadAction\",\"target\":[\"https:\/\/www.sonoraenequipo.com.mx\/localizan-cuerpos-y-restos-oseos-en-nogales-y-guaymas-y-hasta-una-fosa-con-restos-calcinandose\/\"]}]},{\"@type\":\"ImageObject\",\"inLanguage\":\"es\",\"@id\":\"https:\/\/www.sonoraenequipo.com.mx\/localizan-cuerpos-y-restos-oseos-en-nogales-y-guaymas-y-hasta-una-fosa-con-restos-calcinandose\/#primaryimage\",\"url\":\"https:\/\/www.sonoraenequipo.com.mx\/storage\/2021\/04\/incinerador-clandestino.jpg\",\"contentUrl\":\"https:\/\/www.sonoraenequipo.com.mx\/storage\/2021\/04\/incinerador-clandestino.jpg\",\"width\":500,\"height\":300},{\"@type\":\"BreadcrumbList\",\"@id\":\"https:\/\/www.sonoraenequipo.com.mx\/localizan-cuerpos-y-restos-oseos-en-nogales-y-guaymas-y-hasta-una-fosa-con-restos-calcinandose\/#breadcrumb\",\"itemListElement\":[{\"@type\":\"ListItem\",\"position\":1,\"name\":\"Portada\",\"item\":\"https:\/\/www.sonoraenequipo.com.mx\/\"},{\"@type\":\"ListItem\",\"position\":2,\"name\":\"Localizan cuerpos y restos \u00f3seos\u00a0 en Nogales y Guaymas y hasta una fosa con restos calcin\u00e1ndose\"}]},{\"@type\":\"WebSite\",\"@id\":\"https:\/\/www.sonoraenequipo.com.mx\/#website\",\"url\":\"https:\/\/www.sonoraenequipo.com.mx\/\",\"name\":\"Sonora en Equipo.\",\"description\":\"Diario en l\u00ednea con Noticias desde Hermosillo, Sonora\",\"publisher\":{\"@id\":\"https:\/\/www.sonoraenequipo.com.mx\/#organization\"},\"potentialAction\":[{\"@type\":\"SearchAction\",\"target\":{\"@type\":\"EntryPoint\",\"urlTemplate\":\"https:\/\/www.sonoraenequipo.com.mx\/?s={search_term_string}\"},\"query-input\":{\"@type\":\"PropertyValueSpecification\",\"valueRequired\":true,\"valueName\":\"search_term_string\"}}],\"inLanguage\":\"es\"},{\"@type\":\"Organization\",\"@id\":\"https:\/\/www.sonoraenequipo.com.mx\/#organization\",\"name\":\"Sonoraenequipo.com.mx\",\"url\":\"https:\/\/www.sonoraenequipo.com.mx\/\",\"logo\":{\"@type\":\"ImageObject\",\"inLanguage\":\"es\",\"@id\":\"https:\/\/www.sonoraenequipo.com.mx\/#\/schema\/logo\/image\/\",\"url\":\"https:\/\/www.sonoraenequipo.com.mx\/storage\/2019\/01\/sonoraenequipo_opt.png\",\"contentUrl\":\"https:\/\/www.sonoraenequipo.com.mx\/storage\/2019\/01\/sonoraenequipo_opt.png\",\"width\":375,\"height\":125,\"caption\":\"Sonoraenequipo.com.mx\"},\"image\":{\"@id\":\"https:\/\/www.sonoraenequipo.com.mx\/#\/schema\/logo\/image\/\"},\"sameAs\":[\"https:\/\/www.facebook.com\/SonoraEE\/\",\"https:\/\/x.com\/sonoraenequipo\",\"https:\/\/www.youtube.com\/channel\/UC338nW-lPEYmJQs4ZABQ1SQ\"]},{\"@type\":\"Person\",\"@id\":\"https:\/\/www.sonoraenequipo.com.mx\/#\/schema\/person\/50102df0fb23a8fa9e8effad8fa81386\",\"name\":\"enequipo\",\"image\":{\"@type\":\"ImageObject\",\"inLanguage\":\"es\",\"@id\":\"https:\/\/www.sonoraenequipo.com.mx\/#\/schema\/person\/image\/\",\"url\":\"https:\/\/secure.gravatar.com\/avatar\/049821681b589dabc0bc20695993ccebb09f5b5d4d790cd9251b97faac7c652b?s=96&d=blank&r=g\",\"contentUrl\":\"https:\/\/secure.gravatar.com\/avatar\/049821681b589dabc0bc20695993ccebb09f5b5d4d790cd9251b97faac7c652b?s=96&d=blank&r=g\",\"caption\":\"enequipo\"},\"sameAs\":[\"https:\/\/www.facebook.com\/SonoraEE\"]}]}<\/script>\n ","yoast_head_json":{"title":"Sonora en Equipo. Localizan cuerpos y restos \u00f3seos\u00a0 en Nogales y Guaymas y hasta una fosa con restos calcin\u00e1ndose Polic\u00edaca","description":"HERMOSILLO, SONORA,MX.\u2500\u2500 Personal de la FGJE Sonora trabaja de manera conjunta con colectivos de buscadoras en Nogales y Guaymas, luego del hallazgo de En Sonora en Equipo publicamos toda la informaci\u00f3n de Sonora, M\u00e9xico y el Mundo de manera oportuna y busca que la libertad de expresi\u00f3n sea real. Visita nuestro medio informativo publicado desde Hermosillo, Sonora. %","robots":{"index":"index","follow":"follow","max-snippet":"max-snippet:-1","max-image-preview":"max-image-preview:large","max-video-preview":"max-video-preview:-1"},"canonical":"https:\/\/www.sonoraenequipo.com.mx\/localizan-cuerpos-y-restos-oseos-en-nogales-y-guaymas-y-hasta-una-fosa-con-restos-calcinandose\/","og_locale":"es_ES","og_type":"article","og_title":"Sonora en Equipo. Localizan cuerpos y restos \u00f3seos\u00a0 en Nogales y Guaymas y hasta una fosa con restos calcin\u00e1ndose Polic\u00edaca","og_description":"HERMOSILLO, SONORA,MX.\u2500\u2500 Personal de la FGJE Sonora trabaja de manera conjunta con colectivos de buscadoras en Nogales y Guaymas, luego del hallazgo de En Sonora en Equipo publicamos toda la informaci\u00f3n de Sonora, M\u00e9xico y el Mundo de manera oportuna y busca que la libertad de expresi\u00f3n sea real. Visita nuestro medio informativo publicado desde Hermosillo, Sonora. %","og_url":"https:\/\/www.sonoraenequipo.com.mx\/localizan-cuerpos-y-restos-oseos-en-nogales-y-guaymas-y-hasta-una-fosa-con-restos-calcinandose\/","og_site_name":"Sonora en Equipo.","article_publisher":"https:\/\/www.facebook.com\/SonoraEE\/","article_author":"https:\/\/www.facebook.com\/SonoraEE","article_published_time":"2021-04-23T06:22:17+00:00","og_image":[{"width":500,"height":300,"url":"https:\/\/www.sonoraenequipo.com.mx\/storage\/2021\/04\/incinerador-clandestino.jpg","type":"image\/jpeg"}],"author":"enequipo","twitter_card":"summary_large_image","twitter_creator":"@sonoraenequipo","twitter_site":"@sonoraenequipo","twitter_misc":{"Escrito por":"enequipo","Tiempo de lectura":"2 minutos"},"schema":{"@context":"https:\/\/schema.org","@graph":[{"@type":"Article","@id":"https:\/\/www.sonoraenequipo.com.mx\/localizan-cuerpos-y-restos-oseos-en-nogales-y-guaymas-y-hasta-una-fosa-con-restos-calcinandose\/#article","isPartOf":{"@id":"https:\/\/www.sonoraenequipo.com.mx\/localizan-cuerpos-y-restos-oseos-en-nogales-y-guaymas-y-hasta-una-fosa-con-restos-calcinandose\/"},"author":{"name":"enequipo","@id":"https:\/\/www.sonoraenequipo.com.mx\/#\/schema\/person\/50102df0fb23a8fa9e8effad8fa81386"},"headline":"Localizan cuerpos y restos \u00f3seos\u00a0 en Nogales y Guaymas y hasta una fosa con restos calcin\u00e1ndose","datePublished":"2021-04-23T06:22:17+00:00","mainEntityOfPage":{"@id":"https:\/\/www.sonoraenequipo.com.mx\/localizan-cuerpos-y-restos-oseos-en-nogales-y-guaymas-y-hasta-una-fosa-con-restos-calcinandose\/"},"wordCount":429,"commentCount":0,"publisher":{"@id":"https:\/\/www.sonoraenequipo.com.mx\/#organization"},"image":{"@id":"https:\/\/www.sonoraenequipo.com.mx\/localizan-cuerpos-y-restos-oseos-en-nogales-y-guaymas-y-hasta-una-fosa-con-restos-calcinandose\/#primaryimage"},"thumbnailUrl":"https:\/\/www.sonoraenequipo.com.mx\/storage\/2021\/04\/incinerador-clandestino.jpg","keywords":["fosas","restos oseos","Sonora"],"articleSection":["Polic\u00edaca"],"inLanguage":"es","potentialAction":[{"@type":"CommentAction","name":"Comment","target":["https:\/\/www.sonoraenequipo.com.mx\/localizan-cuerpos-y-restos-oseos-en-nogales-y-guaymas-y-hasta-una-fosa-con-restos-calcinandose\/#respond"]}]},{"@type":"WebPage","@id":"https:\/\/www.sonoraenequipo.com.mx\/localizan-cuerpos-y-restos-oseos-en-nogales-y-guaymas-y-hasta-una-fosa-con-restos-calcinandose\/","url":"https:\/\/www.sonoraenequipo.com.mx\/localizan-cuerpos-y-restos-oseos-en-nogales-y-guaymas-y-hasta-una-fosa-con-restos-calcinandose\/","name":"Sonora en Equipo. Localizan cuerpos y restos \u00f3seos\u00a0 en Nogales y Guaymas y hasta una fosa con restos calcin\u00e1ndose Polic\u00edaca","isPartOf":{"@id":"https:\/\/www.sonoraenequipo.com.mx\/#website"},"primaryImageOfPage":{"@id":"https:\/\/www.sonoraenequipo.com.mx\/localizan-cuerpos-y-restos-oseos-en-nogales-y-guaymas-y-hasta-una-fosa-con-restos-calcinandose\/#primaryimage"},"image":{"@id":"https:\/\/www.sonoraenequipo.com.mx\/localizan-cuerpos-y-restos-oseos-en-nogales-y-guaymas-y-hasta-una-fosa-con-restos-calcinandose\/#primaryimage"},"thumbnailUrl":"https:\/\/www.sonoraenequipo.com.mx\/storage\/2021\/04\/incinerador-clandestino.jpg","datePublished":"2021-04-23T06:22:17+00:00","description":"HERMOSILLO, SONORA,MX.\u2500\u2500 Personal de la FGJE Sonora trabaja de manera conjunta con colectivos de buscadoras en Nogales y Guaymas, luego del hallazgo de En Sonora en Equipo publicamos toda la informaci\u00f3n de Sonora, M\u00e9xico y el Mundo de manera oportuna y busca que la libertad de expresi\u00f3n sea real. Visita nuestro medio informativo publicado desde Hermosillo, Sonora. %","breadcrumb":{"@id":"https:\/\/www.sonoraenequipo.com.mx\/localizan-cuerpos-y-restos-oseos-en-nogales-y-guaymas-y-hasta-una-fosa-con-restos-calcinandose\/#breadcrumb"},"inLanguage":"es","potentialAction":[{"@type":"ReadAction","target":["https:\/\/www.sonoraenequipo.com.mx\/localizan-cuerpos-y-restos-oseos-en-nogales-y-guaymas-y-hasta-una-fosa-con-restos-calcinandose\/"]}]},{"@type":"ImageObject","inLanguage":"es","@id":"https:\/\/www.sonoraenequipo.com.mx\/localizan-cuerpos-y-restos-oseos-en-nogales-y-guaymas-y-hasta-una-fosa-con-restos-calcinandose\/#primaryimage","url":"https:\/\/www.sonoraenequipo.com.mx\/storage\/2021\/04\/incinerador-clandestino.jpg","contentUrl":"https:\/\/www.sonoraenequipo.com.mx\/storage\/2021\/04\/incinerador-clandestino.jpg","width":500,"height":300},{"@type":"BreadcrumbList","@id":"https:\/\/www.sonoraenequipo.com.mx\/localizan-cuerpos-y-restos-oseos-en-nogales-y-guaymas-y-hasta-una-fosa-con-restos-calcinandose\/#breadcrumb","itemListElement":[{"@type":"ListItem","position":1,"name":"Portada","item":"https:\/\/www.sonoraenequipo.com.mx\/"},{"@type":"ListItem","position":2,"name":"Localizan cuerpos y restos \u00f3seos\u00a0 en Nogales y Guaymas y hasta una fosa con restos calcin\u00e1ndose"}]},{"@type":"WebSite","@id":"https:\/\/www.sonoraenequipo.com.mx\/#website","url":"https:\/\/www.sonoraenequipo.com.mx\/","name":"Sonora en Equipo.","description":"Diario en l\u00ednea con Noticias desde Hermosillo, Sonora","publisher":{"@id":"https:\/\/www.sonoraenequipo.com.mx\/#organization"},"potentialAction":[{"@type":"SearchAction","target":{"@type":"EntryPoint","urlTemplate":"https:\/\/www.sonoraenequipo.com.mx\/?s={search_term_string}"},"query-input":{"@type":"PropertyValueSpecification","valueRequired":true,"valueName":"search_term_string"}}],"inLanguage":"es"},{"@type":"Organization","@id":"https:\/\/www.sonoraenequipo.com.mx\/#organization","name":"Sonoraenequipo.com.mx","url":"https:\/\/www.sonoraenequipo.com.mx\/","logo":{"@type":"ImageObject","inLanguage":"es","@id":"https:\/\/www.sonoraenequipo.com.mx\/#\/schema\/logo\/image\/","url":"https:\/\/www.sonoraenequipo.com.mx\/storage\/2019\/01\/sonoraenequipo_opt.png","contentUrl":"https:\/\/www.sonoraenequipo.com.mx\/storage\/2019\/01\/sonoraenequipo_opt.png","width":375,"height":125,"caption":"Sonoraenequipo.com.mx"},"image":{"@id":"https:\/\/www.sonoraenequipo.com.mx\/#\/schema\/logo\/image\/"},"sameAs":["https:\/\/www.facebook.com\/SonoraEE\/","https:\/\/x.com\/sonoraenequipo","https:\/\/www.youtube.com\/channel\/UC338nW-lPEYmJQs4ZABQ1SQ"]},{"@type":"Person","@id":"https:\/\/www.sonoraenequipo.com.mx\/#\/schema\/person\/50102df0fb23a8fa9e8effad8fa81386","name":"enequipo","image":{"@type":"ImageObject","inLanguage":"es","@id":"https:\/\/www.sonoraenequipo.com.mx\/#\/schema\/person\/image\/","url":"https:\/\/secure.gravatar.com\/avatar\/049821681b589dabc0bc20695993ccebb09f5b5d4d790cd9251b97faac7c652b?s=96&d=blank&r=g","contentUrl":"https:\/\/secure.gravatar.com\/avatar\/049821681b589dabc0bc20695993ccebb09f5b5d4d790cd9251b97faac7c652b?s=96&d=blank&r=g","caption":"enequipo"},"sameAs":["https:\/\/www.facebook.com\/SonoraEE"]}]}},"jetpack_featured_media_url":"https:\/\/www.sonoraenequipo.com.mx\/storage\/2021\/04\/incinerador-clandestino.jpg","_links":{"self":[{"href":"https:\/\/www.sonoraenequipo.com.mx\/api\/wp\/v2\/posts\/112363","targetHints":{"allow":["GET"]}}],"collection":[{"href":"https:\/\/www.sonoraenequipo.com.mx\/api\/wp\/v2\/posts"}],"about":[{"href":"https:\/\/www.sonoraenequipo.com.mx\/api\/wp\/v2\/types\/post"}],"author":[{"embeddable":true,"href":"https:\/\/www.sonoraenequipo.com.mx\/api\/wp\/v2\/users\/1"}],"replies":[{"embeddable":true,"href":"https:\/\/www.sonoraenequipo.com.mx\/api\/wp\/v2\/comments?post=112363"}],"version-history":[{"count":1,"href":"https:\/\/www.sonoraenequipo.com.mx\/api\/wp\/v2\/posts\/112363\/revisions"}],"predecessor-version":[{"id":112365,"href":"https:\/\/www.sonoraenequipo.com.mx\/api\/wp\/v2\/posts\/112363\/revisions\/112365"}],"wp:featuredmedia":[{"embeddable":true,"href":"https:\/\/www.sonoraenequipo.com.mx\/api\/wp\/v2\/media\/112364"}],"wp:attachment":[{"href":"https:\/\/www.sonoraenequipo.com.mx\/api\/wp\/v2\/media?parent=112363"}],"wp:term":[{"taxonomy":"category","embeddable":true,"href":"https:\/\/www.sonoraenequipo.com.mx\/api\/wp\/v2\/categories?post=112363"},{"taxonomy":"post_tag","embeddable":true,"href":"https:\/\/www.sonoraenequipo.com.mx\/api\/wp\/v2\/tags?post=112363"}],"curies":[{"name":"wp","href":"https:\/\/api.w.org\/{rel}","templated":true}]}}