{"id":112389,"date":"2021-04-23T10:31:01","date_gmt":"2021-04-23T17:31:01","guid":{"rendered":"https:\/\/www.sonoraenequipo.com.mx\/?p=112389"},"modified":"2021-04-23T14:31:47","modified_gmt":"2021-04-23T21:31:47","slug":"detienen-a-profesor-y-ninero-que-abuso-de-36-ninos","status":"publish","type":"post","link":"https:\/\/www.sonoraenequipo.com.mx\/detienen-a-profesor-y-ninero-que-abuso-de-36-ninos\/","title":{"rendered":"Detienen a profesor y ni\u00f1ero que abus\u00f3 de 36 ni\u00f1os"},"content":{"rendered":"<ul>\n<li><strong>El hombre ocult\u00f3 sus antecedentes criminales; sub\u00eda contenido a la deep web<\/strong><\/li>\n<\/ul>\n<p>MADRID, ESPA\u00d1A. \u2014 La polic\u00eda anunci\u00f3 el viernes haber arrestado a un ciudadano brit\u00e1nico que trabajaba como profesor en un colegio biling\u00fce de Madrid, un \u201cpeligroso depredador sexual\u201d que habr\u00eda abusado de 36 ni\u00f1os peque\u00f1os.<\/p>\n<p>&nbsp;<\/p>\n<p> <\/p>\n<p>&nbsp;<\/p>\n<p>El sospechoso, que tambi\u00e9n ejerc\u00eda ocasionalmente de cuidador de ni\u00f1os a domicilio, usaba un nombre falso para esconder sus antecedentes criminales en Reino Unido y falsific\u00f3 un documento indispensable para trabajar con menores, indic\u00f3 el comunicado de la polic\u00eda.<\/p>\n<p>&nbsp;<\/p>\n<p>El sospechoso tom\u00f3<em> \u201cmultitud de fotograf\u00edas y v\u00eddeos\u201d<\/em> de las v\u00edctimas, de entre 4 y 8 a\u00f1os, que luego distribuy\u00f3 en \u201cforos ocultos de tem\u00e1tica ped\u00f3fila\u201d mediante la red TOR, que enlaza con la <em>\u201cdark web\u201d.<\/em><\/p>\n<p>&nbsp;<\/p>\n<p><em>\u201cAprovech\u00f3 su condici\u00f3n de docente para tener acceso a las v\u00edctimas y ganarse la confianza de los padres, pudiendo generar, de esta manera, una enorme cantidad de material\u201c<\/em>, explic\u00f3 el comunicado.<\/p>\n<p>&nbsp;<\/p>\n<p>La investigaci\u00f3n comenz\u00f3 a principios del a\u00f1o pasado cuando la polic\u00eda espa\u00f1ola fue informada por su contraparte en Queensland, Australia, de que hab\u00eda detectado material en la red TOR que parec\u00eda haber sido subido en Espa\u00f1a.<\/p>\n<p>&nbsp;<\/p>\n<p>Viendo el material, la polic\u00eda espa\u00f1ola se dedic\u00f3 a la tarea de identificar los lugares donde pod\u00edan haber sido tomados las fotos y videos, y concluy\u00f3 que pod\u00eda tratarse de un centro educativo en Madrid.<\/p>\n<p>&nbsp;<\/p>\n<p>Una vez ubicado el colegio, los agentes analizaron a toda la plantilla, mientras indagaciones sobre el material determinaron que las im\u00e1genes hab\u00edan sido hechas con un tel\u00e9fono m\u00f3vil <em>\u201ccon un sistema operativo ingl\u00e9s\u201d.<\/em><\/p>\n<p>&nbsp;<\/p>\n<p>&nbsp;<\/p>\n<p>Como ning\u00fan profesor ten\u00eda antecedentes, sospecharon que alguno podr\u00eda estar usando papeles falsos y as\u00ed fue como dieron con el docente de nacionalidad inglesa.<\/p>\n<p>&nbsp;<\/p>\n<p><em>\u201cAnte la gravedad de los hechos acaecidos, (\u2026) se estableci\u00f3 un dispositivo operativo de extrema urgencia que permitiera asegurar su detenci\u00f3n\u201c<\/em>, se\u00f1al\u00f3 la polic\u00eda, que recuper\u00f3 material que el sospechoso ten\u00eda almacenado hasta en diez dispositivos.<\/p>\n<p>&nbsp;<\/p>\n<p>&nbsp;<\/p>\n<p>El hombre es acusado de los delitos de abuso sexual a menores y descubrimiento y revelaci\u00f3n de secretos, por violar la privacidad de las v\u00edctimas.<\/p>\n<p>&nbsp;<\/p>\n<p>&nbsp;<\/p>\n<p>(Publicada el 23\/04\/2021)<\/p>\n","protected":false},"excerpt":{"rendered":"<p>El hombre ocult\u00f3 sus antecedentes criminales; sub\u00eda contenido a la deep web MADRID, ESPA\u00d1A. \u2014&#8230;<\/p>\n","protected":false},"author":1,"featured_media":112390,"comment_status":"open","ping_status":"open","sticky":false,"template":"","format":"standard","meta":{"_monsterinsights_skip_tracking":false,"_monsterinsights_sitenote_active":false,"_monsterinsights_sitenote_note":"","_monsterinsights_sitenote_category":0,"footnotes":""},"categories":[3],"tags":[],"class_list":["post"],"yoast_head":" \n<title>Sonora en Equipo. Detienen a profesor y ni\u00f1ero que abus\u00f3 de 36 ni\u00f1os MUNDO<\/title>\n<meta name=\"description\" content=\"El hombre ocult\u00f3 sus antecedentes criminales; sub\u00eda contenido a la deep web MADRID, ESPA\u00d1A. \u2014 La polic\u00eda anunci\u00f3 el viernes haber arrestado a un ciudadano En Sonora en Equipo publicamos toda la informaci\u00f3n de Sonora, M\u00e9xico y el Mundo de manera oportuna y busca que la libertad de expresi\u00f3n sea real. Visita nuestro medio informativo publicado desde Hermosillo, Sonora. %\" \/>\n<meta name=\"robots\" content=\"index, follow, max-snippet:-1, max-image-preview:large, max-video-preview:-1\" \/>\n<link rel=\"canonical\" href=\"https:\/\/www.sonoraenequipo.com.mx\/detienen-a-profesor-y-ninero-que-abuso-de-36-ninos\/\" \/>\n<meta property=\"og:locale\" content=\"es_ES\" \/>\n<meta property=\"og:type\" content=\"article\" \/>\n<meta property=\"og:title\" content=\"Sonora en Equipo. Detienen a profesor y ni\u00f1ero que abus\u00f3 de 36 ni\u00f1os MUNDO\" \/>\n<meta property=\"og:description\" content=\"El hombre ocult\u00f3 sus antecedentes criminales; sub\u00eda contenido a la deep web MADRID, ESPA\u00d1A. \u2014 La polic\u00eda anunci\u00f3 el viernes haber arrestado a un ciudadano En Sonora en Equipo publicamos toda la informaci\u00f3n de Sonora, M\u00e9xico y el Mundo de manera oportuna y busca que la libertad de expresi\u00f3n sea real. Visita nuestro medio informativo publicado desde Hermosillo, Sonora. %\" \/>\n<meta property=\"og:url\" content=\"https:\/\/www.sonoraenequipo.com.mx\/detienen-a-profesor-y-ninero-que-abuso-de-36-ninos\/\" \/>\n<meta property=\"og:site_name\" content=\"Sonora en Equipo.\" \/>\n<meta property=\"article:publisher\" content=\"https:\/\/www.facebook.com\/SonoraEE\/\" \/>\n<meta property=\"article:author\" content=\"https:\/\/www.facebook.com\/SonoraEE\" \/>\n<meta property=\"article:published_time\" content=\"2021-04-23T17:31:01+00:00\" \/>\n<meta property=\"article:modified_time\" content=\"2021-04-23T21:31:47+00:00\" \/>\n<meta property=\"og:image\" content=\"https:\/\/www.sonoraenequipo.com.mx\/storage\/2021\/04\/profesor-y-ninero-detenidos-en-espana_opt.jpg\" \/>\n\t<meta property=\"og:image:width\" content=\"600\" \/>\n\t<meta property=\"og:image:height\" content=\"338\" \/>\n\t<meta property=\"og:image:type\" content=\"image\/jpeg\" \/>\n<meta name=\"author\" content=\"enequipo\" \/>\n<meta name=\"twitter:card\" content=\"summary_large_image\" \/>\n<meta name=\"twitter:creator\" content=\"@sonoraenequipo\" \/>\n<meta name=\"twitter:site\" content=\"@sonoraenequipo\" \/>\n<meta name=\"twitter:label1\" content=\"Escrito por\" \/>\n\t<meta name=\"twitter:data1\" content=\"enequipo\" \/>\n\t<meta name=\"twitter:label2\" content=\"Tiempo de lectura\" \/>\n\t<meta name=\"twitter:data2\" content=\"2 minutos\" \/>\n<script type=\"application\/ld+json\" class=\"yoast-schema-graph\">{\"@context\":\"https:\/\/schema.org\",\"@graph\":[{\"@type\":\"Article\",\"@id\":\"https:\/\/www.sonoraenequipo.com.mx\/detienen-a-profesor-y-ninero-que-abuso-de-36-ninos\/#article\",\"isPartOf\":{\"@id\":\"https:\/\/www.sonoraenequipo.com.mx\/detienen-a-profesor-y-ninero-que-abuso-de-36-ninos\/\"},\"author\":{\"name\":\"enequipo\",\"@id\":\"https:\/\/www.sonoraenequipo.com.mx\/#\/schema\/person\/50102df0fb23a8fa9e8effad8fa81386\"},\"headline\":\"Detienen a profesor y ni\u00f1ero que abus\u00f3 de 36 ni\u00f1os\",\"datePublished\":\"2021-04-23T17:31:01+00:00\",\"dateModified\":\"2021-04-23T21:31:47+00:00\",\"mainEntityOfPage\":{\"@id\":\"https:\/\/www.sonoraenequipo.com.mx\/detienen-a-profesor-y-ninero-que-abuso-de-36-ninos\/\"},\"wordCount\":409,\"commentCount\":0,\"publisher\":{\"@id\":\"https:\/\/www.sonoraenequipo.com.mx\/#organization\"},\"image\":{\"@id\":\"https:\/\/www.sonoraenequipo.com.mx\/detienen-a-profesor-y-ninero-que-abuso-de-36-ninos\/#primaryimage\"},\"thumbnailUrl\":\"https:\/\/www.sonoraenequipo.com.mx\/storage\/2021\/04\/profesor-y-ninero-detenidos-en-espana_opt.jpg\",\"articleSection\":[\"MUNDO\"],\"inLanguage\":\"es\",\"potentialAction\":[{\"@type\":\"CommentAction\",\"name\":\"Comment\",\"target\":[\"https:\/\/www.sonoraenequipo.com.mx\/detienen-a-profesor-y-ninero-que-abuso-de-36-ninos\/#respond\"]}]},{\"@type\":\"WebPage\",\"@id\":\"https:\/\/www.sonoraenequipo.com.mx\/detienen-a-profesor-y-ninero-que-abuso-de-36-ninos\/\",\"url\":\"https:\/\/www.sonoraenequipo.com.mx\/detienen-a-profesor-y-ninero-que-abuso-de-36-ninos\/\",\"name\":\"Sonora en Equipo. Detienen a profesor y ni\u00f1ero que abus\u00f3 de 36 ni\u00f1os MUNDO\",\"isPartOf\":{\"@id\":\"https:\/\/www.sonoraenequipo.com.mx\/#website\"},\"primaryImageOfPage\":{\"@id\":\"https:\/\/www.sonoraenequipo.com.mx\/detienen-a-profesor-y-ninero-que-abuso-de-36-ninos\/#primaryimage\"},\"image\":{\"@id\":\"https:\/\/www.sonoraenequipo.com.mx\/detienen-a-profesor-y-ninero-que-abuso-de-36-ninos\/#primaryimage\"},\"thumbnailUrl\":\"https:\/\/www.sonoraenequipo.com.mx\/storage\/2021\/04\/profesor-y-ninero-detenidos-en-espana_opt.jpg\",\"datePublished\":\"2021-04-23T17:31:01+00:00\",\"dateModified\":\"2021-04-23T21:31:47+00:00\",\"description\":\"El hombre ocult\u00f3 sus antecedentes criminales; sub\u00eda contenido a la deep web MADRID, ESPA\u00d1A. \u2014 La polic\u00eda anunci\u00f3 el viernes haber arrestado a un ciudadano En Sonora en Equipo publicamos toda la informaci\u00f3n de Sonora, M\u00e9xico y el Mundo de manera oportuna y busca que la libertad de expresi\u00f3n sea real. Visita nuestro medio informativo publicado desde Hermosillo, Sonora. %\",\"breadcrumb\":{\"@id\":\"https:\/\/www.sonoraenequipo.com.mx\/detienen-a-profesor-y-ninero-que-abuso-de-36-ninos\/#breadcrumb\"},\"inLanguage\":\"es\",\"potentialAction\":[{\"@type\":\"ReadAction\",\"target\":[\"https:\/\/www.sonoraenequipo.com.mx\/detienen-a-profesor-y-ninero-que-abuso-de-36-ninos\/\"]}]},{\"@type\":\"ImageObject\",\"inLanguage\":\"es\",\"@id\":\"https:\/\/www.sonoraenequipo.com.mx\/detienen-a-profesor-y-ninero-que-abuso-de-36-ninos\/#primaryimage\",\"url\":\"https:\/\/www.sonoraenequipo.com.mx\/storage\/2021\/04\/profesor-y-ninero-detenidos-en-espana_opt.jpg\",\"contentUrl\":\"https:\/\/www.sonoraenequipo.com.mx\/storage\/2021\/04\/profesor-y-ninero-detenidos-en-espana_opt.jpg\",\"width\":600,\"height\":338},{\"@type\":\"BreadcrumbList\",\"@id\":\"https:\/\/www.sonoraenequipo.com.mx\/detienen-a-profesor-y-ninero-que-abuso-de-36-ninos\/#breadcrumb\",\"itemListElement\":[{\"@type\":\"ListItem\",\"position\":1,\"name\":\"Portada\",\"item\":\"https:\/\/www.sonoraenequipo.com.mx\/\"},{\"@type\":\"ListItem\",\"position\":2,\"name\":\"Detienen a profesor y ni\u00f1ero que abus\u00f3 de 36 ni\u00f1os\"}]},{\"@type\":\"WebSite\",\"@id\":\"https:\/\/www.sonoraenequipo.com.mx\/#website\",\"url\":\"https:\/\/www.sonoraenequipo.com.mx\/\",\"name\":\"Sonora en Equipo.\",\"description\":\"Diario en l\u00ednea con Noticias desde Hermosillo, Sonora\",\"publisher\":{\"@id\":\"https:\/\/www.sonoraenequipo.com.mx\/#organization\"},\"potentialAction\":[{\"@type\":\"SearchAction\",\"target\":{\"@type\":\"EntryPoint\",\"urlTemplate\":\"https:\/\/www.sonoraenequipo.com.mx\/?s={search_term_string}\"},\"query-input\":{\"@type\":\"PropertyValueSpecification\",\"valueRequired\":true,\"valueName\":\"search_term_string\"}}],\"inLanguage\":\"es\"},{\"@type\":\"Organization\",\"@id\":\"https:\/\/www.sonoraenequipo.com.mx\/#organization\",\"name\":\"Sonoraenequipo.com.mx\",\"url\":\"https:\/\/www.sonoraenequipo.com.mx\/\",\"logo\":{\"@type\":\"ImageObject\",\"inLanguage\":\"es\",\"@id\":\"https:\/\/www.sonoraenequipo.com.mx\/#\/schema\/logo\/image\/\",\"url\":\"https:\/\/www.sonoraenequipo.com.mx\/storage\/2019\/01\/sonoraenequipo_opt.png\",\"contentUrl\":\"https:\/\/www.sonoraenequipo.com.mx\/storage\/2019\/01\/sonoraenequipo_opt.png\",\"width\":375,\"height\":125,\"caption\":\"Sonoraenequipo.com.mx\"},\"image\":{\"@id\":\"https:\/\/www.sonoraenequipo.com.mx\/#\/schema\/logo\/image\/\"},\"sameAs\":[\"https:\/\/www.facebook.com\/SonoraEE\/\",\"https:\/\/x.com\/sonoraenequipo\",\"https:\/\/www.youtube.com\/channel\/UC338nW-lPEYmJQs4ZABQ1SQ\"]},{\"@type\":\"Person\",\"@id\":\"https:\/\/www.sonoraenequipo.com.mx\/#\/schema\/person\/50102df0fb23a8fa9e8effad8fa81386\",\"name\":\"enequipo\",\"image\":{\"@type\":\"ImageObject\",\"inLanguage\":\"es\",\"@id\":\"https:\/\/www.sonoraenequipo.com.mx\/#\/schema\/person\/image\/\",\"url\":\"https:\/\/secure.gravatar.com\/avatar\/049821681b589dabc0bc20695993ccebb09f5b5d4d790cd9251b97faac7c652b?s=96&d=blank&r=g\",\"contentUrl\":\"https:\/\/secure.gravatar.com\/avatar\/049821681b589dabc0bc20695993ccebb09f5b5d4d790cd9251b97faac7c652b?s=96&d=blank&r=g\",\"caption\":\"enequipo\"},\"sameAs\":[\"https:\/\/www.facebook.com\/SonoraEE\"]}]}<\/script>\n ","yoast_head_json":{"title":"Sonora en Equipo. Detienen a profesor y ni\u00f1ero que abus\u00f3 de 36 ni\u00f1os MUNDO","description":"El hombre ocult\u00f3 sus antecedentes criminales; sub\u00eda contenido a la deep web MADRID, ESPA\u00d1A. \u2014 La polic\u00eda anunci\u00f3 el viernes haber arrestado a un ciudadano En Sonora en Equipo publicamos toda la informaci\u00f3n de Sonora, M\u00e9xico y el Mundo de manera oportuna y busca que la libertad de expresi\u00f3n sea real. Visita nuestro medio informativo publicado desde Hermosillo, Sonora. %","robots":{"index":"index","follow":"follow","max-snippet":"max-snippet:-1","max-image-preview":"max-image-preview:large","max-video-preview":"max-video-preview:-1"},"canonical":"https:\/\/www.sonoraenequipo.com.mx\/detienen-a-profesor-y-ninero-que-abuso-de-36-ninos\/","og_locale":"es_ES","og_type":"article","og_title":"Sonora en Equipo. Detienen a profesor y ni\u00f1ero que abus\u00f3 de 36 ni\u00f1os MUNDO","og_description":"El hombre ocult\u00f3 sus antecedentes criminales; sub\u00eda contenido a la deep web MADRID, ESPA\u00d1A. \u2014 La polic\u00eda anunci\u00f3 el viernes haber arrestado a un ciudadano En Sonora en Equipo publicamos toda la informaci\u00f3n de Sonora, M\u00e9xico y el Mundo de manera oportuna y busca que la libertad de expresi\u00f3n sea real. Visita nuestro medio informativo publicado desde Hermosillo, Sonora. %","og_url":"https:\/\/www.sonoraenequipo.com.mx\/detienen-a-profesor-y-ninero-que-abuso-de-36-ninos\/","og_site_name":"Sonora en Equipo.","article_publisher":"https:\/\/www.facebook.com\/SonoraEE\/","article_author":"https:\/\/www.facebook.com\/SonoraEE","article_published_time":"2021-04-23T17:31:01+00:00","article_modified_time":"2021-04-23T21:31:47+00:00","og_image":[{"width":600,"height":338,"url":"https:\/\/www.sonoraenequipo.com.mx\/storage\/2021\/04\/profesor-y-ninero-detenidos-en-espana_opt.jpg","type":"image\/jpeg"}],"author":"enequipo","twitter_card":"summary_large_image","twitter_creator":"@sonoraenequipo","twitter_site":"@sonoraenequipo","twitter_misc":{"Escrito por":"enequipo","Tiempo de lectura":"2 minutos"},"schema":{"@context":"https:\/\/schema.org","@graph":[{"@type":"Article","@id":"https:\/\/www.sonoraenequipo.com.mx\/detienen-a-profesor-y-ninero-que-abuso-de-36-ninos\/#article","isPartOf":{"@id":"https:\/\/www.sonoraenequipo.com.mx\/detienen-a-profesor-y-ninero-que-abuso-de-36-ninos\/"},"author":{"name":"enequipo","@id":"https:\/\/www.sonoraenequipo.com.mx\/#\/schema\/person\/50102df0fb23a8fa9e8effad8fa81386"},"headline":"Detienen a profesor y ni\u00f1ero que abus\u00f3 de 36 ni\u00f1os","datePublished":"2021-04-23T17:31:01+00:00","dateModified":"2021-04-23T21:31:47+00:00","mainEntityOfPage":{"@id":"https:\/\/www.sonoraenequipo.com.mx\/detienen-a-profesor-y-ninero-que-abuso-de-36-ninos\/"},"wordCount":409,"commentCount":0,"publisher":{"@id":"https:\/\/www.sonoraenequipo.com.mx\/#organization"},"image":{"@id":"https:\/\/www.sonoraenequipo.com.mx\/detienen-a-profesor-y-ninero-que-abuso-de-36-ninos\/#primaryimage"},"thumbnailUrl":"https:\/\/www.sonoraenequipo.com.mx\/storage\/2021\/04\/profesor-y-ninero-detenidos-en-espana_opt.jpg","articleSection":["MUNDO"],"inLanguage":"es","potentialAction":[{"@type":"CommentAction","name":"Comment","target":["https:\/\/www.sonoraenequipo.com.mx\/detienen-a-profesor-y-ninero-que-abuso-de-36-ninos\/#respond"]}]},{"@type":"WebPage","@id":"https:\/\/www.sonoraenequipo.com.mx\/detienen-a-profesor-y-ninero-que-abuso-de-36-ninos\/","url":"https:\/\/www.sonoraenequipo.com.mx\/detienen-a-profesor-y-ninero-que-abuso-de-36-ninos\/","name":"Sonora en Equipo. Detienen a profesor y ni\u00f1ero que abus\u00f3 de 36 ni\u00f1os MUNDO","isPartOf":{"@id":"https:\/\/www.sonoraenequipo.com.mx\/#website"},"primaryImageOfPage":{"@id":"https:\/\/www.sonoraenequipo.com.mx\/detienen-a-profesor-y-ninero-que-abuso-de-36-ninos\/#primaryimage"},"image":{"@id":"https:\/\/www.sonoraenequipo.com.mx\/detienen-a-profesor-y-ninero-que-abuso-de-36-ninos\/#primaryimage"},"thumbnailUrl":"https:\/\/www.sonoraenequipo.com.mx\/storage\/2021\/04\/profesor-y-ninero-detenidos-en-espana_opt.jpg","datePublished":"2021-04-23T17:31:01+00:00","dateModified":"2021-04-23T21:31:47+00:00","description":"El hombre ocult\u00f3 sus antecedentes criminales; sub\u00eda contenido a la deep web MADRID, ESPA\u00d1A. \u2014 La polic\u00eda anunci\u00f3 el viernes haber arrestado a un ciudadano En Sonora en Equipo publicamos toda la informaci\u00f3n de Sonora, M\u00e9xico y el Mundo de manera oportuna y busca que la libertad de expresi\u00f3n sea real. Visita nuestro medio informativo publicado desde Hermosillo, Sonora. %","breadcrumb":{"@id":"https:\/\/www.sonoraenequipo.com.mx\/detienen-a-profesor-y-ninero-que-abuso-de-36-ninos\/#breadcrumb"},"inLanguage":"es","potentialAction":[{"@type":"ReadAction","target":["https:\/\/www.sonoraenequipo.com.mx\/detienen-a-profesor-y-ninero-que-abuso-de-36-ninos\/"]}]},{"@type":"ImageObject","inLanguage":"es","@id":"https:\/\/www.sonoraenequipo.com.mx\/detienen-a-profesor-y-ninero-que-abuso-de-36-ninos\/#primaryimage","url":"https:\/\/www.sonoraenequipo.com.mx\/storage\/2021\/04\/profesor-y-ninero-detenidos-en-espana_opt.jpg","contentUrl":"https:\/\/www.sonoraenequipo.com.mx\/storage\/2021\/04\/profesor-y-ninero-detenidos-en-espana_opt.jpg","width":600,"height":338},{"@type":"BreadcrumbList","@id":"https:\/\/www.sonoraenequipo.com.mx\/detienen-a-profesor-y-ninero-que-abuso-de-36-ninos\/#breadcrumb","itemListElement":[{"@type":"ListItem","position":1,"name":"Portada","item":"https:\/\/www.sonoraenequipo.com.mx\/"},{"@type":"ListItem","position":2,"name":"Detienen a profesor y ni\u00f1ero que abus\u00f3 de 36 ni\u00f1os"}]},{"@type":"WebSite","@id":"https:\/\/www.sonoraenequipo.com.mx\/#website","url":"https:\/\/www.sonoraenequipo.com.mx\/","name":"Sonora en Equipo.","description":"Diario en l\u00ednea con Noticias desde Hermosillo, Sonora","publisher":{"@id":"https:\/\/www.sonoraenequipo.com.mx\/#organization"},"potentialAction":[{"@type":"SearchAction","target":{"@type":"EntryPoint","urlTemplate":"https:\/\/www.sonoraenequipo.com.mx\/?s={search_term_string}"},"query-input":{"@type":"PropertyValueSpecification","valueRequired":true,"valueName":"search_term_string"}}],"inLanguage":"es"},{"@type":"Organization","@id":"https:\/\/www.sonoraenequipo.com.mx\/#organization","name":"Sonoraenequipo.com.mx","url":"https:\/\/www.sonoraenequipo.com.mx\/","logo":{"@type":"ImageObject","inLanguage":"es","@id":"https:\/\/www.sonoraenequipo.com.mx\/#\/schema\/logo\/image\/","url":"https:\/\/www.sonoraenequipo.com.mx\/storage\/2019\/01\/sonoraenequipo_opt.png","contentUrl":"https:\/\/www.sonoraenequipo.com.mx\/storage\/2019\/01\/sonoraenequipo_opt.png","width":375,"height":125,"caption":"Sonoraenequipo.com.mx"},"image":{"@id":"https:\/\/www.sonoraenequipo.com.mx\/#\/schema\/logo\/image\/"},"sameAs":["https:\/\/www.facebook.com\/SonoraEE\/","https:\/\/x.com\/sonoraenequipo","https:\/\/www.youtube.com\/channel\/UC338nW-lPEYmJQs4ZABQ1SQ"]},{"@type":"Person","@id":"https:\/\/www.sonoraenequipo.com.mx\/#\/schema\/person\/50102df0fb23a8fa9e8effad8fa81386","name":"enequipo","image":{"@type":"ImageObject","inLanguage":"es","@id":"https:\/\/www.sonoraenequipo.com.mx\/#\/schema\/person\/image\/","url":"https:\/\/secure.gravatar.com\/avatar\/049821681b589dabc0bc20695993ccebb09f5b5d4d790cd9251b97faac7c652b?s=96&d=blank&r=g","contentUrl":"https:\/\/secure.gravatar.com\/avatar\/049821681b589dabc0bc20695993ccebb09f5b5d4d790cd9251b97faac7c652b?s=96&d=blank&r=g","caption":"enequipo"},"sameAs":["https:\/\/www.facebook.com\/SonoraEE"]}]}},"jetpack_featured_media_url":"https:\/\/www.sonoraenequipo.com.mx\/storage\/2021\/04\/profesor-y-ninero-detenidos-en-espana_opt.jpg","_links":{"self":[{"href":"https:\/\/www.sonoraenequipo.com.mx\/api\/wp\/v2\/posts\/112389","targetHints":{"allow":["GET"]}}],"collection":[{"href":"https:\/\/www.sonoraenequipo.com.mx\/api\/wp\/v2\/posts"}],"about":[{"href":"https:\/\/www.sonoraenequipo.com.mx\/api\/wp\/v2\/types\/post"}],"author":[{"embeddable":true,"href":"https:\/\/www.sonoraenequipo.com.mx\/api\/wp\/v2\/users\/1"}],"replies":[{"embeddable":true,"href":"https:\/\/www.sonoraenequipo.com.mx\/api\/wp\/v2\/comments?post=112389"}],"version-history":[{"count":1,"href":"https:\/\/www.sonoraenequipo.com.mx\/api\/wp\/v2\/posts\/112389\/revisions"}],"predecessor-version":[{"id":112391,"href":"https:\/\/www.sonoraenequipo.com.mx\/api\/wp\/v2\/posts\/112389\/revisions\/112391"}],"wp:featuredmedia":[{"embeddable":true,"href":"https:\/\/www.sonoraenequipo.com.mx\/api\/wp\/v2\/media\/112390"}],"wp:attachment":[{"href":"https:\/\/www.sonoraenequipo.com.mx\/api\/wp\/v2\/media?parent=112389"}],"wp:term":[{"taxonomy":"category","embeddable":true,"href":"https:\/\/www.sonoraenequipo.com.mx\/api\/wp\/v2\/categories?post=112389"},{"taxonomy":"post_tag","embeddable":true,"href":"https:\/\/www.sonoraenequipo.com.mx\/api\/wp\/v2\/tags?post=112389"}],"curies":[{"name":"wp","href":"https:\/\/api.w.org\/{rel}","templated":true}]}}