{"id":112394,"date":"2021-04-23T08:32:24","date_gmt":"2021-04-23T15:32:24","guid":{"rendered":"https:\/\/www.sonoraenequipo.com.mx\/?p=112394"},"modified":"2021-04-23T14:37:44","modified_gmt":"2021-04-23T21:37:44","slug":"ejercere-cargo-en-la-scjn-para-el-periodo-que-fui-electo-arturo-zaldivar","status":"publish","type":"post","link":"https:\/\/www.sonoraenequipo.com.mx\/ejercere-cargo-en-la-scjn-para-el-periodo-que-fui-electo-arturo-zaldivar\/","title":{"rendered":"Ejercer\u00e9 cargo en la SCJN para el periodo que fui electo: Arturo Zald\u00edvar"},"content":{"rendered":"<p>CIUDAD DE M\u00c9XICO. MX. \u2014 El ministro Arturo Zald\u00edvar asegur\u00f3 que ejercer\u00e1 el cargo de presidente de la Suprema Corte de Justicia de la Naci\u00f3n (SCJN) por el per\u00edodo para el cual fue electo, pero estar\u00e1 atento a la determinaci\u00f3n que haya al respecto sobre haber incurrido en inconstitucionalidad.<\/p>\n<p>&nbsp;<\/p>\n<p> <\/p>\n<p>&nbsp;<\/p>\n<p><em>\u201cEjercer\u00e9 el cargo de Presidente de la SCJN y del CJF por el per\u00edodo para el cual fui electo por mis pares y estar\u00e9 a la determinaci\u00f3n de la SCJN respecto del precepto en cuesti\u00f3n. Reitero que seguir\u00e9 cumpliendo con mi compromiso con la justicia que he defendido durante toda mi trayectoria\u201d,<\/em> se lee.<\/p>\n<p><a class=\"twitter-timeline\" data-width=\"640\" data-height=\"960\" data-dnt=\"true\" href=\"https:\/\/twitter.com\/ArturoZaldivarL?ref_src=twsrc%5Etfw\">Tweets by ArturoZaldivarL<\/a><script async src=\"https:\/\/platform.twitter.com\/widgets.js\" charset=\"utf-8\"><\/script><\/p>\n<p>&nbsp;<\/p>\n<p>A trav\u00e9s de un comunicado, el ministro finalmente dio su postura tras la aprobaci\u00f3n en el Congreso de las leyes reglamentarias al Poder Judicial de la Federaci\u00f3n.<\/p>\n<p>&nbsp;<\/p>\n<p>Reconoci\u00f3 que el art\u00edculo transitorio con el que se ampl\u00eda por dos a\u00f1os la duraci\u00f3n de la presidencia de la SCJN fue incluido de \u00faltimo momento, aunque agradeci\u00f3 a los legisladores la aprobaci\u00f3n del paquete.<\/p>\n<p>&nbsp;<\/p>\n<p>De igual forma, aclar\u00f3 que el Consejo de la Judicatura Federal y la SCJN no participaron en su elaboraci\u00f3n, pues su inclusi\u00f3n y aprobaci\u00f3n fue resultado del ejercicio del Poder Legislativo.<\/p>\n<p>&nbsp;<\/p>\n<p>Zald\u00edvar mencion\u00f3 que no se hab\u00eda posicionado ya que el proceso se encontraba en curso, pero ahora estar\u00e1 atento a su publicaci\u00f3n y despu\u00e9s a cualquier acci\u00f3n legal que se llegara a presentar que tendr\u00e1 que ser resulta de inmediato.<\/p>\n<p>&nbsp;<\/p>\n<p>No obstante, asegur\u00f3 que seguir\u00e1 defendiendo la independencia y autonom\u00eda del PJF y de todas las juzgadoras y juzgadores federales.<\/p>\n<p>&nbsp;<\/p>\n<p>Finalmente, precis\u00f3 que la aprobaci\u00f3n de la nueva legislaci\u00f3n da vida a una reforma judicial <em>\u201cde gran calado y envergadura\u201d<\/em>, la m\u00e1s trascendente desde 1994, la cual <em>\u201cpermitir\u00e1 tener un Poder Judicial renovado y fortalecido\u201d<\/em> con una mejor defensor\u00eda p\u00fablica.<\/p>\n<p>&nbsp;<\/p>\n<p>El posicionamiento se da luego de que la C\u00e1mara de Diputados aprobara las reformas con 262 votos a favor, 182 en contra y 7 abstenciones.<\/p>\n<p>&nbsp;<\/p>\n<p>Por la ma\u00f1ana el presidente Andr\u00e9s Manuel L\u00f3pez Obrador reiter\u00f3 su apoyo a Zald\u00edvar y que las reformas al Poder Judicial se lleven a cabo de su mano.<\/p>\n<p>&nbsp;<\/p>\n<p>&nbsp;<\/p>\n<p>(Publicada el 23\/04\/2021)<\/p>\n","protected":false},"excerpt":{"rendered":"<p>CIUDAD DE M\u00c9XICO. MX. \u2014 El ministro Arturo Zald\u00edvar asegur\u00f3 que ejercer\u00e1 el cargo de&#8230;<\/p>\n","protected":false},"author":1,"featured_media":112375,"comment_status":"open","ping_status":"open","sticky":false,"template":"","format":"standard","meta":{"_monsterinsights_skip_tracking":false,"_monsterinsights_sitenote_active":false,"_monsterinsights_sitenote_note":"","_monsterinsights_sitenote_category":0,"footnotes":""},"categories":[5],"tags":[],"class_list":["post"],"yoast_head":" \n<title>Sonora en Equipo. Ejercer\u00e9 cargo en la SCJN para el periodo que fui electo: Arturo Zald\u00edvar Rep\u00fablica<\/title>\n<meta name=\"description\" content=\"CIUDAD DE M\u00c9XICO. MX. \u2014 El ministro Arturo Zald\u00edvar asegur\u00f3 que ejercer\u00e1 el cargo de presidente de la Suprema Corte de Justicia de la Naci\u00f3n (SCJN) por el En Sonora en Equipo publicamos toda la informaci\u00f3n de Sonora, M\u00e9xico y el Mundo de manera oportuna y busca que la libertad de expresi\u00f3n sea real. Visita nuestro medio informativo publicado desde Hermosillo, Sonora. %\" \/>\n<meta name=\"robots\" content=\"index, follow, max-snippet:-1, max-image-preview:large, max-video-preview:-1\" \/>\n<link rel=\"canonical\" href=\"https:\/\/www.sonoraenequipo.com.mx\/ejercere-cargo-en-la-scjn-para-el-periodo-que-fui-electo-arturo-zaldivar\/\" \/>\n<meta property=\"og:locale\" content=\"es_ES\" \/>\n<meta property=\"og:type\" content=\"article\" \/>\n<meta property=\"og:title\" content=\"Sonora en Equipo. Ejercer\u00e9 cargo en la SCJN para el periodo que fui electo: Arturo Zald\u00edvar Rep\u00fablica\" \/>\n<meta property=\"og:description\" content=\"CIUDAD DE M\u00c9XICO. MX. \u2014 El ministro Arturo Zald\u00edvar asegur\u00f3 que ejercer\u00e1 el cargo de presidente de la Suprema Corte de Justicia de la Naci\u00f3n (SCJN) por el En Sonora en Equipo publicamos toda la informaci\u00f3n de Sonora, M\u00e9xico y el Mundo de manera oportuna y busca que la libertad de expresi\u00f3n sea real. Visita nuestro medio informativo publicado desde Hermosillo, Sonora. %\" \/>\n<meta property=\"og:url\" content=\"https:\/\/www.sonoraenequipo.com.mx\/ejercere-cargo-en-la-scjn-para-el-periodo-que-fui-electo-arturo-zaldivar\/\" \/>\n<meta property=\"og:site_name\" content=\"Sonora en Equipo.\" \/>\n<meta property=\"article:publisher\" content=\"https:\/\/www.facebook.com\/SonoraEE\/\" \/>\n<meta property=\"article:author\" content=\"https:\/\/www.facebook.com\/SonoraEE\" \/>\n<meta property=\"article:published_time\" content=\"2021-04-23T15:32:24+00:00\" \/>\n<meta property=\"article:modified_time\" content=\"2021-04-23T21:37:44+00:00\" \/>\n<meta property=\"og:image\" content=\"https:\/\/www.sonoraenequipo.com.mx\/storage\/2021\/04\/Arturo-Zaldivar-SCJN_opt.jpg\" \/>\n\t<meta property=\"og:image:width\" content=\"889\" \/>\n\t<meta property=\"og:image:height\" content=\"500\" \/>\n\t<meta property=\"og:image:type\" content=\"image\/jpeg\" \/>\n<meta name=\"author\" content=\"enequipo\" \/>\n<meta name=\"twitter:card\" content=\"summary_large_image\" \/>\n<meta name=\"twitter:creator\" content=\"@sonoraenequipo\" \/>\n<meta name=\"twitter:site\" content=\"@sonoraenequipo\" \/>\n<meta name=\"twitter:label1\" content=\"Escrito por\" \/>\n\t<meta name=\"twitter:data1\" content=\"enequipo\" \/>\n\t<meta name=\"twitter:label2\" content=\"Tiempo de lectura\" \/>\n\t<meta name=\"twitter:data2\" content=\"2 minutos\" \/>\n<script type=\"application\/ld+json\" class=\"yoast-schema-graph\">{\"@context\":\"https:\/\/schema.org\",\"@graph\":[{\"@type\":\"Article\",\"@id\":\"https:\/\/www.sonoraenequipo.com.mx\/ejercere-cargo-en-la-scjn-para-el-periodo-que-fui-electo-arturo-zaldivar\/#article\",\"isPartOf\":{\"@id\":\"https:\/\/www.sonoraenequipo.com.mx\/ejercere-cargo-en-la-scjn-para-el-periodo-que-fui-electo-arturo-zaldivar\/\"},\"author\":{\"name\":\"enequipo\",\"@id\":\"https:\/\/www.sonoraenequipo.com.mx\/#\/schema\/person\/50102df0fb23a8fa9e8effad8fa81386\"},\"headline\":\"Ejercer\u00e9 cargo en la SCJN para el periodo que fui electo: Arturo Zald\u00edvar\",\"datePublished\":\"2021-04-23T15:32:24+00:00\",\"dateModified\":\"2021-04-23T21:37:44+00:00\",\"mainEntityOfPage\":{\"@id\":\"https:\/\/www.sonoraenequipo.com.mx\/ejercere-cargo-en-la-scjn-para-el-periodo-que-fui-electo-arturo-zaldivar\/\"},\"wordCount\":411,\"commentCount\":0,\"publisher\":{\"@id\":\"https:\/\/www.sonoraenequipo.com.mx\/#organization\"},\"image\":{\"@id\":\"https:\/\/www.sonoraenequipo.com.mx\/ejercere-cargo-en-la-scjn-para-el-periodo-que-fui-electo-arturo-zaldivar\/#primaryimage\"},\"thumbnailUrl\":\"https:\/\/www.sonoraenequipo.com.mx\/storage\/2021\/04\/Arturo-Zaldivar-SCJN_opt.jpg\",\"articleSection\":[\"Rep\u00fablica\"],\"inLanguage\":\"es\",\"potentialAction\":[{\"@type\":\"CommentAction\",\"name\":\"Comment\",\"target\":[\"https:\/\/www.sonoraenequipo.com.mx\/ejercere-cargo-en-la-scjn-para-el-periodo-que-fui-electo-arturo-zaldivar\/#respond\"]}]},{\"@type\":\"WebPage\",\"@id\":\"https:\/\/www.sonoraenequipo.com.mx\/ejercere-cargo-en-la-scjn-para-el-periodo-que-fui-electo-arturo-zaldivar\/\",\"url\":\"https:\/\/www.sonoraenequipo.com.mx\/ejercere-cargo-en-la-scjn-para-el-periodo-que-fui-electo-arturo-zaldivar\/\",\"name\":\"Sonora en Equipo. Ejercer\u00e9 cargo en la SCJN para el periodo que fui electo: Arturo Zald\u00edvar Rep\u00fablica\",\"isPartOf\":{\"@id\":\"https:\/\/www.sonoraenequipo.com.mx\/#website\"},\"primaryImageOfPage\":{\"@id\":\"https:\/\/www.sonoraenequipo.com.mx\/ejercere-cargo-en-la-scjn-para-el-periodo-que-fui-electo-arturo-zaldivar\/#primaryimage\"},\"image\":{\"@id\":\"https:\/\/www.sonoraenequipo.com.mx\/ejercere-cargo-en-la-scjn-para-el-periodo-que-fui-electo-arturo-zaldivar\/#primaryimage\"},\"thumbnailUrl\":\"https:\/\/www.sonoraenequipo.com.mx\/storage\/2021\/04\/Arturo-Zaldivar-SCJN_opt.jpg\",\"datePublished\":\"2021-04-23T15:32:24+00:00\",\"dateModified\":\"2021-04-23T21:37:44+00:00\",\"description\":\"CIUDAD DE M\u00c9XICO. MX. \u2014 El ministro Arturo Zald\u00edvar asegur\u00f3 que ejercer\u00e1 el cargo de presidente de la Suprema Corte de Justicia de la Naci\u00f3n (SCJN) por el En Sonora en Equipo publicamos toda la informaci\u00f3n de Sonora, M\u00e9xico y el Mundo de manera oportuna y busca que la libertad de expresi\u00f3n sea real. Visita nuestro medio informativo publicado desde Hermosillo, Sonora. %\",\"breadcrumb\":{\"@id\":\"https:\/\/www.sonoraenequipo.com.mx\/ejercere-cargo-en-la-scjn-para-el-periodo-que-fui-electo-arturo-zaldivar\/#breadcrumb\"},\"inLanguage\":\"es\",\"potentialAction\":[{\"@type\":\"ReadAction\",\"target\":[\"https:\/\/www.sonoraenequipo.com.mx\/ejercere-cargo-en-la-scjn-para-el-periodo-que-fui-electo-arturo-zaldivar\/\"]}]},{\"@type\":\"ImageObject\",\"inLanguage\":\"es\",\"@id\":\"https:\/\/www.sonoraenequipo.com.mx\/ejercere-cargo-en-la-scjn-para-el-periodo-que-fui-electo-arturo-zaldivar\/#primaryimage\",\"url\":\"https:\/\/www.sonoraenequipo.com.mx\/storage\/2021\/04\/Arturo-Zaldivar-SCJN_opt.jpg\",\"contentUrl\":\"https:\/\/www.sonoraenequipo.com.mx\/storage\/2021\/04\/Arturo-Zaldivar-SCJN_opt.jpg\",\"width\":889,\"height\":500},{\"@type\":\"BreadcrumbList\",\"@id\":\"https:\/\/www.sonoraenequipo.com.mx\/ejercere-cargo-en-la-scjn-para-el-periodo-que-fui-electo-arturo-zaldivar\/#breadcrumb\",\"itemListElement\":[{\"@type\":\"ListItem\",\"position\":1,\"name\":\"Portada\",\"item\":\"https:\/\/www.sonoraenequipo.com.mx\/\"},{\"@type\":\"ListItem\",\"position\":2,\"name\":\"Ejercer\u00e9 cargo en la SCJN para el periodo que fui electo: Arturo Zald\u00edvar\"}]},{\"@type\":\"WebSite\",\"@id\":\"https:\/\/www.sonoraenequipo.com.mx\/#website\",\"url\":\"https:\/\/www.sonoraenequipo.com.mx\/\",\"name\":\"Sonora en Equipo.\",\"description\":\"Diario en l\u00ednea con Noticias desde Hermosillo, Sonora\",\"publisher\":{\"@id\":\"https:\/\/www.sonoraenequipo.com.mx\/#organization\"},\"potentialAction\":[{\"@type\":\"SearchAction\",\"target\":{\"@type\":\"EntryPoint\",\"urlTemplate\":\"https:\/\/www.sonoraenequipo.com.mx\/?s={search_term_string}\"},\"query-input\":{\"@type\":\"PropertyValueSpecification\",\"valueRequired\":true,\"valueName\":\"search_term_string\"}}],\"inLanguage\":\"es\"},{\"@type\":\"Organization\",\"@id\":\"https:\/\/www.sonoraenequipo.com.mx\/#organization\",\"name\":\"Sonoraenequipo.com.mx\",\"url\":\"https:\/\/www.sonoraenequipo.com.mx\/\",\"logo\":{\"@type\":\"ImageObject\",\"inLanguage\":\"es\",\"@id\":\"https:\/\/www.sonoraenequipo.com.mx\/#\/schema\/logo\/image\/\",\"url\":\"https:\/\/www.sonoraenequipo.com.mx\/storage\/2019\/01\/sonoraenequipo_opt.png\",\"contentUrl\":\"https:\/\/www.sonoraenequipo.com.mx\/storage\/2019\/01\/sonoraenequipo_opt.png\",\"width\":375,\"height\":125,\"caption\":\"Sonoraenequipo.com.mx\"},\"image\":{\"@id\":\"https:\/\/www.sonoraenequipo.com.mx\/#\/schema\/logo\/image\/\"},\"sameAs\":[\"https:\/\/www.facebook.com\/SonoraEE\/\",\"https:\/\/x.com\/sonoraenequipo\",\"https:\/\/www.youtube.com\/channel\/UC338nW-lPEYmJQs4ZABQ1SQ\"]},{\"@type\":\"Person\",\"@id\":\"https:\/\/www.sonoraenequipo.com.mx\/#\/schema\/person\/50102df0fb23a8fa9e8effad8fa81386\",\"name\":\"enequipo\",\"image\":{\"@type\":\"ImageObject\",\"inLanguage\":\"es\",\"@id\":\"https:\/\/www.sonoraenequipo.com.mx\/#\/schema\/person\/image\/\",\"url\":\"https:\/\/secure.gravatar.com\/avatar\/049821681b589dabc0bc20695993ccebb09f5b5d4d790cd9251b97faac7c652b?s=96&d=blank&r=g\",\"contentUrl\":\"https:\/\/secure.gravatar.com\/avatar\/049821681b589dabc0bc20695993ccebb09f5b5d4d790cd9251b97faac7c652b?s=96&d=blank&r=g\",\"caption\":\"enequipo\"},\"sameAs\":[\"https:\/\/www.facebook.com\/SonoraEE\"]}]}<\/script>\n ","yoast_head_json":{"title":"Sonora en Equipo. Ejercer\u00e9 cargo en la SCJN para el periodo que fui electo: Arturo Zald\u00edvar Rep\u00fablica","description":"CIUDAD DE M\u00c9XICO. MX. \u2014 El ministro Arturo Zald\u00edvar asegur\u00f3 que ejercer\u00e1 el cargo de presidente de la Suprema Corte de Justicia de la Naci\u00f3n (SCJN) por el En Sonora en Equipo publicamos toda la informaci\u00f3n de Sonora, M\u00e9xico y el Mundo de manera oportuna y busca que la libertad de expresi\u00f3n sea real. Visita nuestro medio informativo publicado desde Hermosillo, Sonora. %","robots":{"index":"index","follow":"follow","max-snippet":"max-snippet:-1","max-image-preview":"max-image-preview:large","max-video-preview":"max-video-preview:-1"},"canonical":"https:\/\/www.sonoraenequipo.com.mx\/ejercere-cargo-en-la-scjn-para-el-periodo-que-fui-electo-arturo-zaldivar\/","og_locale":"es_ES","og_type":"article","og_title":"Sonora en Equipo. Ejercer\u00e9 cargo en la SCJN para el periodo que fui electo: Arturo Zald\u00edvar Rep\u00fablica","og_description":"CIUDAD DE M\u00c9XICO. MX. \u2014 El ministro Arturo Zald\u00edvar asegur\u00f3 que ejercer\u00e1 el cargo de presidente de la Suprema Corte de Justicia de la Naci\u00f3n (SCJN) por el En Sonora en Equipo publicamos toda la informaci\u00f3n de Sonora, M\u00e9xico y el Mundo de manera oportuna y busca que la libertad de expresi\u00f3n sea real. Visita nuestro medio informativo publicado desde Hermosillo, Sonora. %","og_url":"https:\/\/www.sonoraenequipo.com.mx\/ejercere-cargo-en-la-scjn-para-el-periodo-que-fui-electo-arturo-zaldivar\/","og_site_name":"Sonora en Equipo.","article_publisher":"https:\/\/www.facebook.com\/SonoraEE\/","article_author":"https:\/\/www.facebook.com\/SonoraEE","article_published_time":"2021-04-23T15:32:24+00:00","article_modified_time":"2021-04-23T21:37:44+00:00","og_image":[{"width":889,"height":500,"url":"https:\/\/www.sonoraenequipo.com.mx\/storage\/2021\/04\/Arturo-Zaldivar-SCJN_opt.jpg","type":"image\/jpeg"}],"author":"enequipo","twitter_card":"summary_large_image","twitter_creator":"@sonoraenequipo","twitter_site":"@sonoraenequipo","twitter_misc":{"Escrito por":"enequipo","Tiempo de lectura":"2 minutos"},"schema":{"@context":"https:\/\/schema.org","@graph":[{"@type":"Article","@id":"https:\/\/www.sonoraenequipo.com.mx\/ejercere-cargo-en-la-scjn-para-el-periodo-que-fui-electo-arturo-zaldivar\/#article","isPartOf":{"@id":"https:\/\/www.sonoraenequipo.com.mx\/ejercere-cargo-en-la-scjn-para-el-periodo-que-fui-electo-arturo-zaldivar\/"},"author":{"name":"enequipo","@id":"https:\/\/www.sonoraenequipo.com.mx\/#\/schema\/person\/50102df0fb23a8fa9e8effad8fa81386"},"headline":"Ejercer\u00e9 cargo en la SCJN para el periodo que fui electo: Arturo Zald\u00edvar","datePublished":"2021-04-23T15:32:24+00:00","dateModified":"2021-04-23T21:37:44+00:00","mainEntityOfPage":{"@id":"https:\/\/www.sonoraenequipo.com.mx\/ejercere-cargo-en-la-scjn-para-el-periodo-que-fui-electo-arturo-zaldivar\/"},"wordCount":411,"commentCount":0,"publisher":{"@id":"https:\/\/www.sonoraenequipo.com.mx\/#organization"},"image":{"@id":"https:\/\/www.sonoraenequipo.com.mx\/ejercere-cargo-en-la-scjn-para-el-periodo-que-fui-electo-arturo-zaldivar\/#primaryimage"},"thumbnailUrl":"https:\/\/www.sonoraenequipo.com.mx\/storage\/2021\/04\/Arturo-Zaldivar-SCJN_opt.jpg","articleSection":["Rep\u00fablica"],"inLanguage":"es","potentialAction":[{"@type":"CommentAction","name":"Comment","target":["https:\/\/www.sonoraenequipo.com.mx\/ejercere-cargo-en-la-scjn-para-el-periodo-que-fui-electo-arturo-zaldivar\/#respond"]}]},{"@type":"WebPage","@id":"https:\/\/www.sonoraenequipo.com.mx\/ejercere-cargo-en-la-scjn-para-el-periodo-que-fui-electo-arturo-zaldivar\/","url":"https:\/\/www.sonoraenequipo.com.mx\/ejercere-cargo-en-la-scjn-para-el-periodo-que-fui-electo-arturo-zaldivar\/","name":"Sonora en Equipo. Ejercer\u00e9 cargo en la SCJN para el periodo que fui electo: Arturo Zald\u00edvar Rep\u00fablica","isPartOf":{"@id":"https:\/\/www.sonoraenequipo.com.mx\/#website"},"primaryImageOfPage":{"@id":"https:\/\/www.sonoraenequipo.com.mx\/ejercere-cargo-en-la-scjn-para-el-periodo-que-fui-electo-arturo-zaldivar\/#primaryimage"},"image":{"@id":"https:\/\/www.sonoraenequipo.com.mx\/ejercere-cargo-en-la-scjn-para-el-periodo-que-fui-electo-arturo-zaldivar\/#primaryimage"},"thumbnailUrl":"https:\/\/www.sonoraenequipo.com.mx\/storage\/2021\/04\/Arturo-Zaldivar-SCJN_opt.jpg","datePublished":"2021-04-23T15:32:24+00:00","dateModified":"2021-04-23T21:37:44+00:00","description":"CIUDAD DE M\u00c9XICO. MX. \u2014 El ministro Arturo Zald\u00edvar asegur\u00f3 que ejercer\u00e1 el cargo de presidente de la Suprema Corte de Justicia de la Naci\u00f3n (SCJN) por el En Sonora en Equipo publicamos toda la informaci\u00f3n de Sonora, M\u00e9xico y el Mundo de manera oportuna y busca que la libertad de expresi\u00f3n sea real. Visita nuestro medio informativo publicado desde Hermosillo, Sonora. %","breadcrumb":{"@id":"https:\/\/www.sonoraenequipo.com.mx\/ejercere-cargo-en-la-scjn-para-el-periodo-que-fui-electo-arturo-zaldivar\/#breadcrumb"},"inLanguage":"es","potentialAction":[{"@type":"ReadAction","target":["https:\/\/www.sonoraenequipo.com.mx\/ejercere-cargo-en-la-scjn-para-el-periodo-que-fui-electo-arturo-zaldivar\/"]}]},{"@type":"ImageObject","inLanguage":"es","@id":"https:\/\/www.sonoraenequipo.com.mx\/ejercere-cargo-en-la-scjn-para-el-periodo-que-fui-electo-arturo-zaldivar\/#primaryimage","url":"https:\/\/www.sonoraenequipo.com.mx\/storage\/2021\/04\/Arturo-Zaldivar-SCJN_opt.jpg","contentUrl":"https:\/\/www.sonoraenequipo.com.mx\/storage\/2021\/04\/Arturo-Zaldivar-SCJN_opt.jpg","width":889,"height":500},{"@type":"BreadcrumbList","@id":"https:\/\/www.sonoraenequipo.com.mx\/ejercere-cargo-en-la-scjn-para-el-periodo-que-fui-electo-arturo-zaldivar\/#breadcrumb","itemListElement":[{"@type":"ListItem","position":1,"name":"Portada","item":"https:\/\/www.sonoraenequipo.com.mx\/"},{"@type":"ListItem","position":2,"name":"Ejercer\u00e9 cargo en la SCJN para el periodo que fui electo: Arturo Zald\u00edvar"}]},{"@type":"WebSite","@id":"https:\/\/www.sonoraenequipo.com.mx\/#website","url":"https:\/\/www.sonoraenequipo.com.mx\/","name":"Sonora en Equipo.","description":"Diario en l\u00ednea con Noticias desde Hermosillo, Sonora","publisher":{"@id":"https:\/\/www.sonoraenequipo.com.mx\/#organization"},"potentialAction":[{"@type":"SearchAction","target":{"@type":"EntryPoint","urlTemplate":"https:\/\/www.sonoraenequipo.com.mx\/?s={search_term_string}"},"query-input":{"@type":"PropertyValueSpecification","valueRequired":true,"valueName":"search_term_string"}}],"inLanguage":"es"},{"@type":"Organization","@id":"https:\/\/www.sonoraenequipo.com.mx\/#organization","name":"Sonoraenequipo.com.mx","url":"https:\/\/www.sonoraenequipo.com.mx\/","logo":{"@type":"ImageObject","inLanguage":"es","@id":"https:\/\/www.sonoraenequipo.com.mx\/#\/schema\/logo\/image\/","url":"https:\/\/www.sonoraenequipo.com.mx\/storage\/2019\/01\/sonoraenequipo_opt.png","contentUrl":"https:\/\/www.sonoraenequipo.com.mx\/storage\/2019\/01\/sonoraenequipo_opt.png","width":375,"height":125,"caption":"Sonoraenequipo.com.mx"},"image":{"@id":"https:\/\/www.sonoraenequipo.com.mx\/#\/schema\/logo\/image\/"},"sameAs":["https:\/\/www.facebook.com\/SonoraEE\/","https:\/\/x.com\/sonoraenequipo","https:\/\/www.youtube.com\/channel\/UC338nW-lPEYmJQs4ZABQ1SQ"]},{"@type":"Person","@id":"https:\/\/www.sonoraenequipo.com.mx\/#\/schema\/person\/50102df0fb23a8fa9e8effad8fa81386","name":"enequipo","image":{"@type":"ImageObject","inLanguage":"es","@id":"https:\/\/www.sonoraenequipo.com.mx\/#\/schema\/person\/image\/","url":"https:\/\/secure.gravatar.com\/avatar\/049821681b589dabc0bc20695993ccebb09f5b5d4d790cd9251b97faac7c652b?s=96&d=blank&r=g","contentUrl":"https:\/\/secure.gravatar.com\/avatar\/049821681b589dabc0bc20695993ccebb09f5b5d4d790cd9251b97faac7c652b?s=96&d=blank&r=g","caption":"enequipo"},"sameAs":["https:\/\/www.facebook.com\/SonoraEE"]}]}},"jetpack_featured_media_url":"https:\/\/www.sonoraenequipo.com.mx\/storage\/2021\/04\/Arturo-Zaldivar-SCJN_opt.jpg","_links":{"self":[{"href":"https:\/\/www.sonoraenequipo.com.mx\/api\/wp\/v2\/posts\/112394","targetHints":{"allow":["GET"]}}],"collection":[{"href":"https:\/\/www.sonoraenequipo.com.mx\/api\/wp\/v2\/posts"}],"about":[{"href":"https:\/\/www.sonoraenequipo.com.mx\/api\/wp\/v2\/types\/post"}],"author":[{"embeddable":true,"href":"https:\/\/www.sonoraenequipo.com.mx\/api\/wp\/v2\/users\/1"}],"replies":[{"embeddable":true,"href":"https:\/\/www.sonoraenequipo.com.mx\/api\/wp\/v2\/comments?post=112394"}],"version-history":[{"count":1,"href":"https:\/\/www.sonoraenequipo.com.mx\/api\/wp\/v2\/posts\/112394\/revisions"}],"predecessor-version":[{"id":112395,"href":"https:\/\/www.sonoraenequipo.com.mx\/api\/wp\/v2\/posts\/112394\/revisions\/112395"}],"wp:featuredmedia":[{"embeddable":true,"href":"https:\/\/www.sonoraenequipo.com.mx\/api\/wp\/v2\/media\/112375"}],"wp:attachment":[{"href":"https:\/\/www.sonoraenequipo.com.mx\/api\/wp\/v2\/media?parent=112394"}],"wp:term":[{"taxonomy":"category","embeddable":true,"href":"https:\/\/www.sonoraenequipo.com.mx\/api\/wp\/v2\/categories?post=112394"},{"taxonomy":"post_tag","embeddable":true,"href":"https:\/\/www.sonoraenequipo.com.mx\/api\/wp\/v2\/tags?post=112394"}],"curies":[{"name":"wp","href":"https:\/\/api.w.org\/{rel}","templated":true}]}}