{"id":112422,"date":"2021-04-24T12:49:20","date_gmt":"2021-04-24T19:49:20","guid":{"rendered":"https:\/\/www.sonoraenequipo.com.mx\/?p=112422"},"modified":"2021-04-24T12:49:20","modified_gmt":"2021-04-24T19:49:20","slug":"llegaremos-al-gobierno-de-sonora-porque-somos-la-alternativa-a-los-malos-gobiernos-ricardo-bours","status":"publish","type":"post","link":"https:\/\/www.sonoraenequipo.com.mx\/llegaremos-al-gobierno-de-sonora-porque-somos-la-alternativa-a-los-malos-gobiernos-ricardo-bours\/","title":{"rendered":"Llegaremos al gobierno de Sonora porque somos la alternativa a los malos gobiernos: Ricardo Bours"},"content":{"rendered":"<p>Llegaremos al gobierno de Sonora porque somos la alternativa a los malos gobiernos: Ricardo Bours<\/p>\n<p>&nbsp;<\/p>\n<p>Alcanza ya Ricardo Bours segundo lugar, va por el primero, ahora los sonorenses tienen un mejor opci\u00f3n para el gobierno de Sonora.<\/p>\n<p>&nbsp;<\/p>\n<p>Hermosillo, Sonora. 23 de abril de 2021.- Una reciente encuesta muestran el avance de Ricardo Bours Castelo y lo posiciona en segundo lugar de las preferencias electorales para gobernar Sonora.<\/p>\n<p>&nbsp;<\/p>\n<p>La senadora con licencia, Veronica Delgadillo, lleg\u00f3 a Hermosillo para dar a conocer\u00a0 las estad\u00edsticas que reflejan las opiniones de la ciudadan\u00eda en cuanto a sus preferencias electorales para el pr\u00f3ximo 6 de junio.<\/p>\n<p>&nbsp;<\/p>\n<p>Entre los datos que inform\u00f3, sobresale que Ricardo Bours, candidato por Movimiento Ciudadano, se encuentra ya con 19.86 por ciento de las preferencias de los electores, mientras que Ernesto G\u00e1ndara, candidato de la alianza PRIAN, cuenta con 18.70, quedando ya en tercer sitio.<\/p>\n<p>&nbsp;<\/p>\n<p>Igualmente, 72% de los sonorenses no aprueba la alianza entre el PRI-PAN y PRD,\u00a0 y, un 66.68 porciento dicen que no votar\u00eda por un candidato de esta alianza.<\/p>\n<p>&nbsp;<\/p>\n<p>En cuanto al candidato de Morena, Alfonso Durazo, un 71.5 por ciento de los sonorenses se\u00f1ala que no votar\u00edan por quien fue el responsable de la seguridad p\u00fablica y fall\u00f3 en su cargo.<\/p>\n<p>&nbsp;<\/p>\n<p>\u00abLa gente sabe que en Ricardo Bours encuentra a la persona que mejor los representa, que mejor puede generar riqueza para el estado, que no le interesa robar y a la persona que no le va a temblar la mano para atender los problemas de inseguridad porque no est\u00e1 coludido con el narcotr\u00e1fico\u00bb a\u00f1adi\u00f3 Ver\u00f3nica Delgadillo.<\/p>\n<p>&nbsp;<\/p>\n<p>Ricardo Bours Castelo, por su parte se\u00f1al\u00f3 que \u201cla gente de Sonora no tiene por que decidirse por entre el malo o el peor, aqu\u00ed est\u00e1 el bueno. Aqu\u00ed hay gente buena que tiene visi\u00f3n y que no tiene compromisos pol\u00edticos con nadie, m\u00e1s que con la ciudadan\u00eda\u00bb.<\/p>\n<p>&nbsp;<\/p>\n<p>Agreg\u00f3 que los gobiernos de Morena han fallado a los ciudadanos de distintos municipios como: Hermosillo, Nogales, Caborca, Navojoa, Empalme y Guaymas.<\/p>\n<p>&nbsp;<\/p>\n<p>\u00abLos ciudadanos que desconf\u00edan de Morena y de la alianza del PRI, PAN y PRD van a recaer ac\u00e1 esos votos, vamos a ser el receptor de esa gran cantidad de sonorenses que est\u00e1n inconformes y no conf\u00edan\u00bb.<\/p>\n<p>&nbsp;<\/p>\n<p>\u00abCon el voto de los sonorenses vamos a sacar a esos cobardes que se esconden bajo el poder para que la ciudadan\u00eda retome el poder que le ha sido negado y que seamos nosotros el conducto de empoderar nuevamente en la ciudadan\u00eda\u00bb, puntualiz\u00f3.<\/p>\n<p>Fecha de publicaci\u00f3n \u00a0\u00a0s\u00e1bado \u00a0\/\u00a0 24\u00a0 \/ abril \/ 2021<\/p>\n","protected":false},"excerpt":{"rendered":"<p>Llegaremos al gobierno de Sonora porque somos la alternativa a los malos gobiernos: Ricardo Bours&#8230;<\/p>\n","protected":false},"author":1,"featured_media":112423,"comment_status":"open","ping_status":"open","sticky":false,"template":"","format":"standard","meta":{"_monsterinsights_skip_tracking":false,"_monsterinsights_sitenote_active":false,"_monsterinsights_sitenote_note":"","_monsterinsights_sitenote_category":0,"footnotes":""},"categories":[8],"tags":[111,5236,5261],"class_list":["post"],"yoast_head":" \n<title>Sonora en Equipo. Llegaremos al gobierno de Sonora porque somos la alternativa a los malos gobiernos: Ricardo Bours LA ELECCION 2024<\/title>\n<meta name=\"description\" content=\"Llegaremos al gobierno de Sonora porque somos la alternativa a los malos gobiernos: Ricardo Bours &nbsp; Alcanza ya Ricardo Bours segundo lugar, va por el En Sonora en Equipo publicamos toda la informaci\u00f3n de Sonora, M\u00e9xico y el Mundo de manera oportuna y busca que la libertad de expresi\u00f3n sea real. Visita nuestro medio informativo publicado desde Hermosillo, Sonora. %\" \/>\n<meta name=\"robots\" content=\"index, follow, max-snippet:-1, max-image-preview:large, max-video-preview:-1\" \/>\n<link rel=\"canonical\" href=\"https:\/\/www.sonoraenequipo.com.mx\/llegaremos-al-gobierno-de-sonora-porque-somos-la-alternativa-a-los-malos-gobiernos-ricardo-bours\/\" \/>\n<meta property=\"og:locale\" content=\"es_ES\" \/>\n<meta property=\"og:type\" content=\"article\" \/>\n<meta property=\"og:title\" content=\"Sonora en Equipo. Llegaremos al gobierno de Sonora porque somos la alternativa a los malos gobiernos: Ricardo Bours LA ELECCION 2024\" \/>\n<meta property=\"og:description\" content=\"Llegaremos al gobierno de Sonora porque somos la alternativa a los malos gobiernos: Ricardo Bours &nbsp; Alcanza ya Ricardo Bours segundo lugar, va por el En Sonora en Equipo publicamos toda la informaci\u00f3n de Sonora, M\u00e9xico y el Mundo de manera oportuna y busca que la libertad de expresi\u00f3n sea real. Visita nuestro medio informativo publicado desde Hermosillo, Sonora. %\" \/>\n<meta property=\"og:url\" content=\"https:\/\/www.sonoraenequipo.com.mx\/llegaremos-al-gobierno-de-sonora-porque-somos-la-alternativa-a-los-malos-gobiernos-ricardo-bours\/\" \/>\n<meta property=\"og:site_name\" content=\"Sonora en Equipo.\" \/>\n<meta property=\"article:publisher\" content=\"https:\/\/www.facebook.com\/SonoraEE\/\" \/>\n<meta property=\"article:author\" content=\"https:\/\/www.facebook.com\/SonoraEE\" \/>\n<meta property=\"article:published_time\" content=\"2021-04-24T19:49:20+00:00\" \/>\n<meta property=\"og:image\" content=\"https:\/\/www.sonoraenequipo.com.mx\/storage\/2021\/04\/rbc240421.jpg\" \/>\n\t<meta property=\"og:image:width\" content=\"500\" \/>\n\t<meta property=\"og:image:height\" content=\"300\" \/>\n\t<meta property=\"og:image:type\" content=\"image\/jpeg\" \/>\n<meta name=\"author\" content=\"enequipo\" \/>\n<meta name=\"twitter:card\" content=\"summary_large_image\" \/>\n<meta name=\"twitter:creator\" content=\"@sonoraenequipo\" \/>\n<meta name=\"twitter:site\" content=\"@sonoraenequipo\" \/>\n<meta name=\"twitter:label1\" content=\"Escrito por\" \/>\n\t<meta name=\"twitter:data1\" content=\"enequipo\" \/>\n\t<meta name=\"twitter:label2\" content=\"Tiempo de lectura\" \/>\n\t<meta name=\"twitter:data2\" content=\"2 minutos\" \/>\n<script type=\"application\/ld+json\" class=\"yoast-schema-graph\">{\"@context\":\"https:\/\/schema.org\",\"@graph\":[{\"@type\":\"Article\",\"@id\":\"https:\/\/www.sonoraenequipo.com.mx\/llegaremos-al-gobierno-de-sonora-porque-somos-la-alternativa-a-los-malos-gobiernos-ricardo-bours\/#article\",\"isPartOf\":{\"@id\":\"https:\/\/www.sonoraenequipo.com.mx\/llegaremos-al-gobierno-de-sonora-porque-somos-la-alternativa-a-los-malos-gobiernos-ricardo-bours\/\"},\"author\":{\"name\":\"enequipo\",\"@id\":\"https:\/\/www.sonoraenequipo.com.mx\/#\/schema\/person\/50102df0fb23a8fa9e8effad8fa81386\"},\"headline\":\"Llegaremos al gobierno de Sonora porque somos la alternativa a los malos gobiernos: Ricardo Bours\",\"datePublished\":\"2021-04-24T19:49:20+00:00\",\"mainEntityOfPage\":{\"@id\":\"https:\/\/www.sonoraenequipo.com.mx\/llegaremos-al-gobierno-de-sonora-porque-somos-la-alternativa-a-los-malos-gobiernos-ricardo-bours\/\"},\"wordCount\":460,\"commentCount\":0,\"publisher\":{\"@id\":\"https:\/\/www.sonoraenequipo.com.mx\/#organization\"},\"image\":{\"@id\":\"https:\/\/www.sonoraenequipo.com.mx\/llegaremos-al-gobierno-de-sonora-porque-somos-la-alternativa-a-los-malos-gobiernos-ricardo-bours\/#primaryimage\"},\"thumbnailUrl\":\"https:\/\/www.sonoraenequipo.com.mx\/storage\/2021\/04\/rbc240421.jpg\",\"keywords\":[\"elecciones\",\"Ricardo Bours\",\"sonora2021\"],\"articleSection\":[\"LA ELECCION 2024\"],\"inLanguage\":\"es\",\"potentialAction\":[{\"@type\":\"CommentAction\",\"name\":\"Comment\",\"target\":[\"https:\/\/www.sonoraenequipo.com.mx\/llegaremos-al-gobierno-de-sonora-porque-somos-la-alternativa-a-los-malos-gobiernos-ricardo-bours\/#respond\"]}]},{\"@type\":\"WebPage\",\"@id\":\"https:\/\/www.sonoraenequipo.com.mx\/llegaremos-al-gobierno-de-sonora-porque-somos-la-alternativa-a-los-malos-gobiernos-ricardo-bours\/\",\"url\":\"https:\/\/www.sonoraenequipo.com.mx\/llegaremos-al-gobierno-de-sonora-porque-somos-la-alternativa-a-los-malos-gobiernos-ricardo-bours\/\",\"name\":\"Sonora en Equipo. Llegaremos al gobierno de Sonora porque somos la alternativa a los malos gobiernos: Ricardo Bours LA ELECCION 2024\",\"isPartOf\":{\"@id\":\"https:\/\/www.sonoraenequipo.com.mx\/#website\"},\"primaryImageOfPage\":{\"@id\":\"https:\/\/www.sonoraenequipo.com.mx\/llegaremos-al-gobierno-de-sonora-porque-somos-la-alternativa-a-los-malos-gobiernos-ricardo-bours\/#primaryimage\"},\"image\":{\"@id\":\"https:\/\/www.sonoraenequipo.com.mx\/llegaremos-al-gobierno-de-sonora-porque-somos-la-alternativa-a-los-malos-gobiernos-ricardo-bours\/#primaryimage\"},\"thumbnailUrl\":\"https:\/\/www.sonoraenequipo.com.mx\/storage\/2021\/04\/rbc240421.jpg\",\"datePublished\":\"2021-04-24T19:49:20+00:00\",\"description\":\"Llegaremos al gobierno de Sonora porque somos la alternativa a los malos gobiernos: Ricardo Bours &nbsp; Alcanza ya Ricardo Bours segundo lugar, va por el En Sonora en Equipo publicamos toda la informaci\u00f3n de Sonora, M\u00e9xico y el Mundo de manera oportuna y busca que la libertad de expresi\u00f3n sea real. Visita nuestro medio informativo publicado desde Hermosillo, Sonora. %\",\"breadcrumb\":{\"@id\":\"https:\/\/www.sonoraenequipo.com.mx\/llegaremos-al-gobierno-de-sonora-porque-somos-la-alternativa-a-los-malos-gobiernos-ricardo-bours\/#breadcrumb\"},\"inLanguage\":\"es\",\"potentialAction\":[{\"@type\":\"ReadAction\",\"target\":[\"https:\/\/www.sonoraenequipo.com.mx\/llegaremos-al-gobierno-de-sonora-porque-somos-la-alternativa-a-los-malos-gobiernos-ricardo-bours\/\"]}]},{\"@type\":\"ImageObject\",\"inLanguage\":\"es\",\"@id\":\"https:\/\/www.sonoraenequipo.com.mx\/llegaremos-al-gobierno-de-sonora-porque-somos-la-alternativa-a-los-malos-gobiernos-ricardo-bours\/#primaryimage\",\"url\":\"https:\/\/www.sonoraenequipo.com.mx\/storage\/2021\/04\/rbc240421.jpg\",\"contentUrl\":\"https:\/\/www.sonoraenequipo.com.mx\/storage\/2021\/04\/rbc240421.jpg\",\"width\":500,\"height\":300},{\"@type\":\"BreadcrumbList\",\"@id\":\"https:\/\/www.sonoraenequipo.com.mx\/llegaremos-al-gobierno-de-sonora-porque-somos-la-alternativa-a-los-malos-gobiernos-ricardo-bours\/#breadcrumb\",\"itemListElement\":[{\"@type\":\"ListItem\",\"position\":1,\"name\":\"Portada\",\"item\":\"https:\/\/www.sonoraenequipo.com.mx\/\"},{\"@type\":\"ListItem\",\"position\":2,\"name\":\"Llegaremos al gobierno de Sonora porque somos la alternativa a los malos gobiernos: Ricardo Bours\"}]},{\"@type\":\"WebSite\",\"@id\":\"https:\/\/www.sonoraenequipo.com.mx\/#website\",\"url\":\"https:\/\/www.sonoraenequipo.com.mx\/\",\"name\":\"Sonora en Equipo.\",\"description\":\"Diario en l\u00ednea con Noticias desde Hermosillo, Sonora\",\"publisher\":{\"@id\":\"https:\/\/www.sonoraenequipo.com.mx\/#organization\"},\"potentialAction\":[{\"@type\":\"SearchAction\",\"target\":{\"@type\":\"EntryPoint\",\"urlTemplate\":\"https:\/\/www.sonoraenequipo.com.mx\/?s={search_term_string}\"},\"query-input\":{\"@type\":\"PropertyValueSpecification\",\"valueRequired\":true,\"valueName\":\"search_term_string\"}}],\"inLanguage\":\"es\"},{\"@type\":\"Organization\",\"@id\":\"https:\/\/www.sonoraenequipo.com.mx\/#organization\",\"name\":\"Sonoraenequipo.com.mx\",\"url\":\"https:\/\/www.sonoraenequipo.com.mx\/\",\"logo\":{\"@type\":\"ImageObject\",\"inLanguage\":\"es\",\"@id\":\"https:\/\/www.sonoraenequipo.com.mx\/#\/schema\/logo\/image\/\",\"url\":\"https:\/\/www.sonoraenequipo.com.mx\/storage\/2019\/01\/sonoraenequipo_opt.png\",\"contentUrl\":\"https:\/\/www.sonoraenequipo.com.mx\/storage\/2019\/01\/sonoraenequipo_opt.png\",\"width\":375,\"height\":125,\"caption\":\"Sonoraenequipo.com.mx\"},\"image\":{\"@id\":\"https:\/\/www.sonoraenequipo.com.mx\/#\/schema\/logo\/image\/\"},\"sameAs\":[\"https:\/\/www.facebook.com\/SonoraEE\/\",\"https:\/\/x.com\/sonoraenequipo\",\"https:\/\/www.youtube.com\/channel\/UC338nW-lPEYmJQs4ZABQ1SQ\"]},{\"@type\":\"Person\",\"@id\":\"https:\/\/www.sonoraenequipo.com.mx\/#\/schema\/person\/50102df0fb23a8fa9e8effad8fa81386\",\"name\":\"enequipo\",\"image\":{\"@type\":\"ImageObject\",\"inLanguage\":\"es\",\"@id\":\"https:\/\/www.sonoraenequipo.com.mx\/#\/schema\/person\/image\/\",\"url\":\"https:\/\/secure.gravatar.com\/avatar\/049821681b589dabc0bc20695993ccebb09f5b5d4d790cd9251b97faac7c652b?s=96&d=blank&r=g\",\"contentUrl\":\"https:\/\/secure.gravatar.com\/avatar\/049821681b589dabc0bc20695993ccebb09f5b5d4d790cd9251b97faac7c652b?s=96&d=blank&r=g\",\"caption\":\"enequipo\"},\"sameAs\":[\"https:\/\/www.facebook.com\/SonoraEE\"]}]}<\/script>\n ","yoast_head_json":{"title":"Sonora en Equipo. Llegaremos al gobierno de Sonora porque somos la alternativa a los malos gobiernos: Ricardo Bours LA ELECCION 2024","description":"Llegaremos al gobierno de Sonora porque somos la alternativa a los malos gobiernos: Ricardo Bours &nbsp; Alcanza ya Ricardo Bours segundo lugar, va por el En Sonora en Equipo publicamos toda la informaci\u00f3n de Sonora, M\u00e9xico y el Mundo de manera oportuna y busca que la libertad de expresi\u00f3n sea real. Visita nuestro medio informativo publicado desde Hermosillo, Sonora. %","robots":{"index":"index","follow":"follow","max-snippet":"max-snippet:-1","max-image-preview":"max-image-preview:large","max-video-preview":"max-video-preview:-1"},"canonical":"https:\/\/www.sonoraenequipo.com.mx\/llegaremos-al-gobierno-de-sonora-porque-somos-la-alternativa-a-los-malos-gobiernos-ricardo-bours\/","og_locale":"es_ES","og_type":"article","og_title":"Sonora en Equipo. Llegaremos al gobierno de Sonora porque somos la alternativa a los malos gobiernos: Ricardo Bours LA ELECCION 2024","og_description":"Llegaremos al gobierno de Sonora porque somos la alternativa a los malos gobiernos: Ricardo Bours &nbsp; Alcanza ya Ricardo Bours segundo lugar, va por el En Sonora en Equipo publicamos toda la informaci\u00f3n de Sonora, M\u00e9xico y el Mundo de manera oportuna y busca que la libertad de expresi\u00f3n sea real. Visita nuestro medio informativo publicado desde Hermosillo, Sonora. %","og_url":"https:\/\/www.sonoraenequipo.com.mx\/llegaremos-al-gobierno-de-sonora-porque-somos-la-alternativa-a-los-malos-gobiernos-ricardo-bours\/","og_site_name":"Sonora en Equipo.","article_publisher":"https:\/\/www.facebook.com\/SonoraEE\/","article_author":"https:\/\/www.facebook.com\/SonoraEE","article_published_time":"2021-04-24T19:49:20+00:00","og_image":[{"width":500,"height":300,"url":"https:\/\/www.sonoraenequipo.com.mx\/storage\/2021\/04\/rbc240421.jpg","type":"image\/jpeg"}],"author":"enequipo","twitter_card":"summary_large_image","twitter_creator":"@sonoraenequipo","twitter_site":"@sonoraenequipo","twitter_misc":{"Escrito por":"enequipo","Tiempo de lectura":"2 minutos"},"schema":{"@context":"https:\/\/schema.org","@graph":[{"@type":"Article","@id":"https:\/\/www.sonoraenequipo.com.mx\/llegaremos-al-gobierno-de-sonora-porque-somos-la-alternativa-a-los-malos-gobiernos-ricardo-bours\/#article","isPartOf":{"@id":"https:\/\/www.sonoraenequipo.com.mx\/llegaremos-al-gobierno-de-sonora-porque-somos-la-alternativa-a-los-malos-gobiernos-ricardo-bours\/"},"author":{"name":"enequipo","@id":"https:\/\/www.sonoraenequipo.com.mx\/#\/schema\/person\/50102df0fb23a8fa9e8effad8fa81386"},"headline":"Llegaremos al gobierno de Sonora porque somos la alternativa a los malos gobiernos: Ricardo Bours","datePublished":"2021-04-24T19:49:20+00:00","mainEntityOfPage":{"@id":"https:\/\/www.sonoraenequipo.com.mx\/llegaremos-al-gobierno-de-sonora-porque-somos-la-alternativa-a-los-malos-gobiernos-ricardo-bours\/"},"wordCount":460,"commentCount":0,"publisher":{"@id":"https:\/\/www.sonoraenequipo.com.mx\/#organization"},"image":{"@id":"https:\/\/www.sonoraenequipo.com.mx\/llegaremos-al-gobierno-de-sonora-porque-somos-la-alternativa-a-los-malos-gobiernos-ricardo-bours\/#primaryimage"},"thumbnailUrl":"https:\/\/www.sonoraenequipo.com.mx\/storage\/2021\/04\/rbc240421.jpg","keywords":["elecciones","Ricardo Bours","sonora2021"],"articleSection":["LA ELECCION 2024"],"inLanguage":"es","potentialAction":[{"@type":"CommentAction","name":"Comment","target":["https:\/\/www.sonoraenequipo.com.mx\/llegaremos-al-gobierno-de-sonora-porque-somos-la-alternativa-a-los-malos-gobiernos-ricardo-bours\/#respond"]}]},{"@type":"WebPage","@id":"https:\/\/www.sonoraenequipo.com.mx\/llegaremos-al-gobierno-de-sonora-porque-somos-la-alternativa-a-los-malos-gobiernos-ricardo-bours\/","url":"https:\/\/www.sonoraenequipo.com.mx\/llegaremos-al-gobierno-de-sonora-porque-somos-la-alternativa-a-los-malos-gobiernos-ricardo-bours\/","name":"Sonora en Equipo. Llegaremos al gobierno de Sonora porque somos la alternativa a los malos gobiernos: Ricardo Bours LA ELECCION 2024","isPartOf":{"@id":"https:\/\/www.sonoraenequipo.com.mx\/#website"},"primaryImageOfPage":{"@id":"https:\/\/www.sonoraenequipo.com.mx\/llegaremos-al-gobierno-de-sonora-porque-somos-la-alternativa-a-los-malos-gobiernos-ricardo-bours\/#primaryimage"},"image":{"@id":"https:\/\/www.sonoraenequipo.com.mx\/llegaremos-al-gobierno-de-sonora-porque-somos-la-alternativa-a-los-malos-gobiernos-ricardo-bours\/#primaryimage"},"thumbnailUrl":"https:\/\/www.sonoraenequipo.com.mx\/storage\/2021\/04\/rbc240421.jpg","datePublished":"2021-04-24T19:49:20+00:00","description":"Llegaremos al gobierno de Sonora porque somos la alternativa a los malos gobiernos: Ricardo Bours &nbsp; Alcanza ya Ricardo Bours segundo lugar, va por el En Sonora en Equipo publicamos toda la informaci\u00f3n de Sonora, M\u00e9xico y el Mundo de manera oportuna y busca que la libertad de expresi\u00f3n sea real. Visita nuestro medio informativo publicado desde Hermosillo, Sonora. %","breadcrumb":{"@id":"https:\/\/www.sonoraenequipo.com.mx\/llegaremos-al-gobierno-de-sonora-porque-somos-la-alternativa-a-los-malos-gobiernos-ricardo-bours\/#breadcrumb"},"inLanguage":"es","potentialAction":[{"@type":"ReadAction","target":["https:\/\/www.sonoraenequipo.com.mx\/llegaremos-al-gobierno-de-sonora-porque-somos-la-alternativa-a-los-malos-gobiernos-ricardo-bours\/"]}]},{"@type":"ImageObject","inLanguage":"es","@id":"https:\/\/www.sonoraenequipo.com.mx\/llegaremos-al-gobierno-de-sonora-porque-somos-la-alternativa-a-los-malos-gobiernos-ricardo-bours\/#primaryimage","url":"https:\/\/www.sonoraenequipo.com.mx\/storage\/2021\/04\/rbc240421.jpg","contentUrl":"https:\/\/www.sonoraenequipo.com.mx\/storage\/2021\/04\/rbc240421.jpg","width":500,"height":300},{"@type":"BreadcrumbList","@id":"https:\/\/www.sonoraenequipo.com.mx\/llegaremos-al-gobierno-de-sonora-porque-somos-la-alternativa-a-los-malos-gobiernos-ricardo-bours\/#breadcrumb","itemListElement":[{"@type":"ListItem","position":1,"name":"Portada","item":"https:\/\/www.sonoraenequipo.com.mx\/"},{"@type":"ListItem","position":2,"name":"Llegaremos al gobierno de Sonora porque somos la alternativa a los malos gobiernos: Ricardo Bours"}]},{"@type":"WebSite","@id":"https:\/\/www.sonoraenequipo.com.mx\/#website","url":"https:\/\/www.sonoraenequipo.com.mx\/","name":"Sonora en Equipo.","description":"Diario en l\u00ednea con Noticias desde Hermosillo, Sonora","publisher":{"@id":"https:\/\/www.sonoraenequipo.com.mx\/#organization"},"potentialAction":[{"@type":"SearchAction","target":{"@type":"EntryPoint","urlTemplate":"https:\/\/www.sonoraenequipo.com.mx\/?s={search_term_string}"},"query-input":{"@type":"PropertyValueSpecification","valueRequired":true,"valueName":"search_term_string"}}],"inLanguage":"es"},{"@type":"Organization","@id":"https:\/\/www.sonoraenequipo.com.mx\/#organization","name":"Sonoraenequipo.com.mx","url":"https:\/\/www.sonoraenequipo.com.mx\/","logo":{"@type":"ImageObject","inLanguage":"es","@id":"https:\/\/www.sonoraenequipo.com.mx\/#\/schema\/logo\/image\/","url":"https:\/\/www.sonoraenequipo.com.mx\/storage\/2019\/01\/sonoraenequipo_opt.png","contentUrl":"https:\/\/www.sonoraenequipo.com.mx\/storage\/2019\/01\/sonoraenequipo_opt.png","width":375,"height":125,"caption":"Sonoraenequipo.com.mx"},"image":{"@id":"https:\/\/www.sonoraenequipo.com.mx\/#\/schema\/logo\/image\/"},"sameAs":["https:\/\/www.facebook.com\/SonoraEE\/","https:\/\/x.com\/sonoraenequipo","https:\/\/www.youtube.com\/channel\/UC338nW-lPEYmJQs4ZABQ1SQ"]},{"@type":"Person","@id":"https:\/\/www.sonoraenequipo.com.mx\/#\/schema\/person\/50102df0fb23a8fa9e8effad8fa81386","name":"enequipo","image":{"@type":"ImageObject","inLanguage":"es","@id":"https:\/\/www.sonoraenequipo.com.mx\/#\/schema\/person\/image\/","url":"https:\/\/secure.gravatar.com\/avatar\/049821681b589dabc0bc20695993ccebb09f5b5d4d790cd9251b97faac7c652b?s=96&d=blank&r=g","contentUrl":"https:\/\/secure.gravatar.com\/avatar\/049821681b589dabc0bc20695993ccebb09f5b5d4d790cd9251b97faac7c652b?s=96&d=blank&r=g","caption":"enequipo"},"sameAs":["https:\/\/www.facebook.com\/SonoraEE"]}]}},"jetpack_featured_media_url":"https:\/\/www.sonoraenequipo.com.mx\/storage\/2021\/04\/rbc240421.jpg","_links":{"self":[{"href":"https:\/\/www.sonoraenequipo.com.mx\/api\/wp\/v2\/posts\/112422","targetHints":{"allow":["GET"]}}],"collection":[{"href":"https:\/\/www.sonoraenequipo.com.mx\/api\/wp\/v2\/posts"}],"about":[{"href":"https:\/\/www.sonoraenequipo.com.mx\/api\/wp\/v2\/types\/post"}],"author":[{"embeddable":true,"href":"https:\/\/www.sonoraenequipo.com.mx\/api\/wp\/v2\/users\/1"}],"replies":[{"embeddable":true,"href":"https:\/\/www.sonoraenequipo.com.mx\/api\/wp\/v2\/comments?post=112422"}],"version-history":[{"count":1,"href":"https:\/\/www.sonoraenequipo.com.mx\/api\/wp\/v2\/posts\/112422\/revisions"}],"predecessor-version":[{"id":112424,"href":"https:\/\/www.sonoraenequipo.com.mx\/api\/wp\/v2\/posts\/112422\/revisions\/112424"}],"wp:featuredmedia":[{"embeddable":true,"href":"https:\/\/www.sonoraenequipo.com.mx\/api\/wp\/v2\/media\/112423"}],"wp:attachment":[{"href":"https:\/\/www.sonoraenequipo.com.mx\/api\/wp\/v2\/media?parent=112422"}],"wp:term":[{"taxonomy":"category","embeddable":true,"href":"https:\/\/www.sonoraenequipo.com.mx\/api\/wp\/v2\/categories?post=112422"},{"taxonomy":"post_tag","embeddable":true,"href":"https:\/\/www.sonoraenequipo.com.mx\/api\/wp\/v2\/tags?post=112422"}],"curies":[{"name":"wp","href":"https:\/\/api.w.org\/{rel}","templated":true}]}}