{"id":112425,"date":"2021-04-24T13:18:50","date_gmt":"2021-04-24T20:18:50","guid":{"rendered":"https:\/\/www.sonoraenequipo.com.mx\/?p=112425"},"modified":"2021-04-24T13:18:50","modified_gmt":"2021-04-24T20:18:50","slug":"inauguran-el-centro-estatal-de-desarrollo-de-ajedrez-en-sonora","status":"publish","type":"post","link":"https:\/\/www.sonoraenequipo.com.mx\/inauguran-el-centro-estatal-de-desarrollo-de-ajedrez-en-sonora\/","title":{"rendered":"Inauguran el Centro Estatal de Desarrollo de Ajedrez en Sonora"},"content":{"rendered":"<p>HERMOSILLO, SONORA,MX.\u2500\u2500 Por vez primera en la historia Sonora contar\u00e1 con un Centro de Desarrollo de Ajedrez (CEDA), el cual tendr\u00e1 todo lo necesario para fomentar, impulsar y reafirmar el deporte ciencia en la entidad.<\/p>\n<p><img loading=\"lazy\" decoding=\"async\" class=\"size-full  x-left\" src=\"https:\/\/www.sonoraenequipo.com.mx\/storage\/2021\/04\/ajedrez2.jpg\" alt=\"\" width=\"512\" height=\"341\" \/>Este viernes fue inaugurado oficialmente y eso convierte a Sonora en el quinto estado del pa\u00eds en albergar una instalaci\u00f3n similar auspiciada por la Federaci\u00f3n Mexicana de Ajedrez (Fenamac) con el respaldo de la Comisi\u00f3n del Deporte del Estado de Sonora (Codeson) y la Asociaci\u00f3n Sonorense de esta disciplina.<\/p>\n<p>&nbsp;<\/p>\n<p>El CEDA, que fue dotado con implementos \u00fatiles para la especialidad -incluyendo tecnolog\u00eda de punta- mediante una inversi\u00f3n de alrededor de medio mill\u00f3n de pesos, se ubica en un sal\u00f3n dentro de las instalaciones de la alberca ol\u00edmpica \u201cH\u00e9roe de Caborca\u201d, perteneciente a la Unidad Deportiva del Noroeste.<\/p>\n<p>&nbsp;<\/p>\n<p>En la ceremonia de apertura estuvo Gabriel Tapia Montiel, titular de la Codeson, quien encabez\u00f3 el evento junto al presidente de la Fenamac, Mario Antonio Ram\u00edrez Barajas, acompa\u00f1ados del director del Centro Estatal de Desarrollo de Ajedrez, Ra\u00fal Enrique Hern\u00e1ndez Hern\u00e1ndez, exdirigente nacional del deporte ciencia (2004-2016) y actual director de normatividad de la Federaci\u00f3n.<\/p>\n<p>&nbsp;<\/p>\n<p>Tapia Montiel dijo que, a trav\u00e9s del Centro Estatal de Desarrollo y debido al convenio establecido con la Fenamac, habr\u00e1 un mayor impulso del ajedrez en Sonora ya que servir\u00e1 como un conducto para fortalecer a los talentos existentes y promover\u00e1 la detecci\u00f3n de nuevas promesas.<\/p>\n<p>&nbsp;<\/p>\n<p>Esto, debido a que por medio del CEDA en cuanto la contingencia sanitaria lo permita, ni\u00f1os y j\u00f3venes sonorenses podr\u00e1n entrenar y capacitarse de manera constante, gracias a la tecnolog\u00eda y el material que otorg\u00f3 en comodato la Federaci\u00f3n Nacional de Ajedrez.<\/p>\n<p>&nbsp;<\/p>\n<p>Tambi\u00e9n recalc\u00f3 que Sonora es la quinta entidad en M\u00e9xico con un Centro Estatal de Desarrollo de Ajedrez, uni\u00e9ndose a la Ciudad de M\u00e9xico, Colima, Tabasco y Chihuahua, lo que permitir\u00e1 a los integrantes de la Ola Roja del deporte ciencia el llegar a m\u00e1s torneos nacionales y hasta internacionales.<\/p>\n<p>&nbsp;<\/p>\n<p>El presidente de la Federaci\u00f3n Mexicana de Ajedrez, Mario Ram\u00edrez Barajas, entreg\u00f3 una placa de reconocimiento a Tapia Montiel, por el respaldo en la creaci\u00f3n del CEDA, y reconoci\u00f3 a Sonora como uno de los estados pioneros en la rep\u00fablica al designar un espacio digno para estudiar, entrenar, aprender y desarrollar el deporte ciencia.<\/p>\n<p>&nbsp;<\/p>\n<p>En representaci\u00f3n de los ajedrecistas sonorenses tom\u00f3 la palabra el joven H\u00e9ctor Miranda, elegido Deportista del A\u00f1o 2020 en Hermosillo, quien agradeci\u00f3 a la Fenamac y a la Codeson el haber establecido un Centro Estatal de Desarrollo.<\/p>\n<p>&nbsp;<\/p>\n<p>De igual manera acudieron a la inauguraci\u00f3n: Enrique Zaragoza Mart\u00ednez, director t\u00e9cnico de la Fenamac; Eliseo Cadena Maytorena, representante del Consejo Consultivo del CEDA Sonora; as\u00ed como Ricardo Mart\u00ednez Herrera, secretario del Sindicato Ford en Hermosillo, organismo que tambi\u00e9n recibi\u00f3 un galard\u00f3n por 25 a\u00f1os de promover el ajedrez entre sus agremiados.<\/p>\n<p>&nbsp;<\/p>\n<p>En el marco de la apertura inici\u00f3 el mi\u00e9rcoles un torneo h\u00edbrido (virtual y presencial) participando ajedrecistas de Hermosillo, San Luis R\u00edo Colorado, Magdalena, Nogales, Ciudad Obreg\u00f3n, Moctezuma y Agua Prieta, que concluye este viernes en las mismas instalaciones del Ceda, donde los 20 mejores jugadores disputar\u00e1n los tres primeros lugares.<\/p>\n<p>&nbsp;<\/p>\n<p>Dentro del certamen, abierto para todas las categor\u00edas, hubo un reconocimiento especial dirigido a los ajedrecistas menores m\u00e1s sobresalientes, entreg\u00e1ndosele diplomas a Mateo Ruiz Gast\u00e9lum (Sub 10), Ra\u00fal Mois\u00e9s C\u00e1rdenas Armenta (Sub 12) y Carlos Jes\u00fas L\u00f3pez Berrelleza (Sub 14). Como entrenador distinguieron a Jos\u00e9 Armando Valadez Espinoza por presentar el mayor n\u00famero de competidores.<\/p>\n<p>Fecha de publicaci\u00f3n \u00a0\u00a0s\u00e1bado \u00a0\/\u00a0 24\u00a0 \/ abril \/ 2021<\/p>\n<p>&nbsp;<\/p>\n","protected":false},"excerpt":{"rendered":"<p>HERMOSILLO, SONORA,MX.\u2500\u2500 Por vez primera en la historia Sonora contar\u00e1 con un Centro de Desarrollo&#8230;<\/p>\n","protected":false},"author":1,"featured_media":112427,"comment_status":"open","ping_status":"open","sticky":false,"template":"","format":"standard","meta":{"_monsterinsights_skip_tracking":false,"_monsterinsights_sitenote_active":false,"_monsterinsights_sitenote_note":"","_monsterinsights_sitenote_category":0,"footnotes":""},"categories":[10],"tags":[5633,5634],"class_list":["post"],"yoast_head":" \n<title>Sonora en Equipo. Inauguran el Centro Estatal de Desarrollo de Ajedrez en Sonora Deportes<\/title>\n<meta name=\"description\" content=\"HERMOSILLO, SONORA,MX.\u2500\u2500 Por vez primera en la historia Sonora contar\u00e1 con un Centro de Desarrollo de Ajedrez (CEDA), el cual tendr\u00e1 todo lo necesario En Sonora en Equipo publicamos toda la informaci\u00f3n de Sonora, M\u00e9xico y el Mundo de manera oportuna y busca que la libertad de expresi\u00f3n sea real. Visita nuestro medio informativo publicado desde Hermosillo, Sonora. %\" \/>\n<meta name=\"robots\" content=\"index, follow, max-snippet:-1, max-image-preview:large, max-video-preview:-1\" \/>\n<link rel=\"canonical\" href=\"https:\/\/www.sonoraenequipo.com.mx\/inauguran-el-centro-estatal-de-desarrollo-de-ajedrez-en-sonora\/\" \/>\n<meta property=\"og:locale\" content=\"es_ES\" \/>\n<meta property=\"og:type\" content=\"article\" \/>\n<meta property=\"og:title\" content=\"Sonora en Equipo. Inauguran el Centro Estatal de Desarrollo de Ajedrez en Sonora Deportes\" \/>\n<meta property=\"og:description\" content=\"HERMOSILLO, SONORA,MX.\u2500\u2500 Por vez primera en la historia Sonora contar\u00e1 con un Centro de Desarrollo de Ajedrez (CEDA), el cual tendr\u00e1 todo lo necesario En Sonora en Equipo publicamos toda la informaci\u00f3n de Sonora, M\u00e9xico y el Mundo de manera oportuna y busca que la libertad de expresi\u00f3n sea real. Visita nuestro medio informativo publicado desde Hermosillo, Sonora. %\" \/>\n<meta property=\"og:url\" content=\"https:\/\/www.sonoraenequipo.com.mx\/inauguran-el-centro-estatal-de-desarrollo-de-ajedrez-en-sonora\/\" \/>\n<meta property=\"og:site_name\" content=\"Sonora en Equipo.\" \/>\n<meta property=\"article:publisher\" content=\"https:\/\/www.facebook.com\/SonoraEE\/\" \/>\n<meta property=\"article:author\" content=\"https:\/\/www.facebook.com\/SonoraEE\" \/>\n<meta property=\"article:published_time\" content=\"2021-04-24T20:18:50+00:00\" \/>\n<meta property=\"og:image\" content=\"https:\/\/www.sonoraenequipo.com.mx\/storage\/2021\/04\/ajedrez1.jpg\" \/>\n\t<meta property=\"og:image:width\" content=\"500\" \/>\n\t<meta property=\"og:image:height\" content=\"300\" \/>\n\t<meta property=\"og:image:type\" content=\"image\/jpeg\" \/>\n<meta name=\"author\" content=\"enequipo\" \/>\n<meta name=\"twitter:card\" content=\"summary_large_image\" \/>\n<meta name=\"twitter:creator\" content=\"@sonoraenequipo\" \/>\n<meta name=\"twitter:site\" content=\"@sonoraenequipo\" \/>\n<meta name=\"twitter:label1\" content=\"Escrito por\" \/>\n\t<meta name=\"twitter:data1\" content=\"enequipo\" \/>\n\t<meta name=\"twitter:label2\" content=\"Tiempo de lectura\" \/>\n\t<meta name=\"twitter:data2\" content=\"3 minutos\" \/>\n<script type=\"application\/ld+json\" class=\"yoast-schema-graph\">{\"@context\":\"https:\/\/schema.org\",\"@graph\":[{\"@type\":\"Article\",\"@id\":\"https:\/\/www.sonoraenequipo.com.mx\/inauguran-el-centro-estatal-de-desarrollo-de-ajedrez-en-sonora\/#article\",\"isPartOf\":{\"@id\":\"https:\/\/www.sonoraenequipo.com.mx\/inauguran-el-centro-estatal-de-desarrollo-de-ajedrez-en-sonora\/\"},\"author\":{\"name\":\"enequipo\",\"@id\":\"https:\/\/www.sonoraenequipo.com.mx\/#\/schema\/person\/50102df0fb23a8fa9e8effad8fa81386\"},\"headline\":\"Inauguran el Centro Estatal de Desarrollo de Ajedrez en Sonora\",\"datePublished\":\"2021-04-24T20:18:50+00:00\",\"mainEntityOfPage\":{\"@id\":\"https:\/\/www.sonoraenequipo.com.mx\/inauguran-el-centro-estatal-de-desarrollo-de-ajedrez-en-sonora\/\"},\"wordCount\":655,\"commentCount\":0,\"publisher\":{\"@id\":\"https:\/\/www.sonoraenequipo.com.mx\/#organization\"},\"image\":{\"@id\":\"https:\/\/www.sonoraenequipo.com.mx\/inauguran-el-centro-estatal-de-desarrollo-de-ajedrez-en-sonora\/#primaryimage\"},\"thumbnailUrl\":\"https:\/\/www.sonoraenequipo.com.mx\/storage\/2021\/04\/ajedrez1.jpg\",\"keywords\":[\"ajedrez\",\"centroensonora\"],\"articleSection\":[\"Deportes\"],\"inLanguage\":\"es\",\"potentialAction\":[{\"@type\":\"CommentAction\",\"name\":\"Comment\",\"target\":[\"https:\/\/www.sonoraenequipo.com.mx\/inauguran-el-centro-estatal-de-desarrollo-de-ajedrez-en-sonora\/#respond\"]}]},{\"@type\":\"WebPage\",\"@id\":\"https:\/\/www.sonoraenequipo.com.mx\/inauguran-el-centro-estatal-de-desarrollo-de-ajedrez-en-sonora\/\",\"url\":\"https:\/\/www.sonoraenequipo.com.mx\/inauguran-el-centro-estatal-de-desarrollo-de-ajedrez-en-sonora\/\",\"name\":\"Sonora en Equipo. Inauguran el Centro Estatal de Desarrollo de Ajedrez en Sonora Deportes\",\"isPartOf\":{\"@id\":\"https:\/\/www.sonoraenequipo.com.mx\/#website\"},\"primaryImageOfPage\":{\"@id\":\"https:\/\/www.sonoraenequipo.com.mx\/inauguran-el-centro-estatal-de-desarrollo-de-ajedrez-en-sonora\/#primaryimage\"},\"image\":{\"@id\":\"https:\/\/www.sonoraenequipo.com.mx\/inauguran-el-centro-estatal-de-desarrollo-de-ajedrez-en-sonora\/#primaryimage\"},\"thumbnailUrl\":\"https:\/\/www.sonoraenequipo.com.mx\/storage\/2021\/04\/ajedrez1.jpg\",\"datePublished\":\"2021-04-24T20:18:50+00:00\",\"description\":\"HERMOSILLO, SONORA,MX.\u2500\u2500 Por vez primera en la historia Sonora contar\u00e1 con un Centro de Desarrollo de Ajedrez (CEDA), el cual tendr\u00e1 todo lo necesario En Sonora en Equipo publicamos toda la informaci\u00f3n de Sonora, M\u00e9xico y el Mundo de manera oportuna y busca que la libertad de expresi\u00f3n sea real. Visita nuestro medio informativo publicado desde Hermosillo, Sonora. %\",\"breadcrumb\":{\"@id\":\"https:\/\/www.sonoraenequipo.com.mx\/inauguran-el-centro-estatal-de-desarrollo-de-ajedrez-en-sonora\/#breadcrumb\"},\"inLanguage\":\"es\",\"potentialAction\":[{\"@type\":\"ReadAction\",\"target\":[\"https:\/\/www.sonoraenequipo.com.mx\/inauguran-el-centro-estatal-de-desarrollo-de-ajedrez-en-sonora\/\"]}]},{\"@type\":\"ImageObject\",\"inLanguage\":\"es\",\"@id\":\"https:\/\/www.sonoraenequipo.com.mx\/inauguran-el-centro-estatal-de-desarrollo-de-ajedrez-en-sonora\/#primaryimage\",\"url\":\"https:\/\/www.sonoraenequipo.com.mx\/storage\/2021\/04\/ajedrez1.jpg\",\"contentUrl\":\"https:\/\/www.sonoraenequipo.com.mx\/storage\/2021\/04\/ajedrez1.jpg\",\"width\":500,\"height\":300},{\"@type\":\"BreadcrumbList\",\"@id\":\"https:\/\/www.sonoraenequipo.com.mx\/inauguran-el-centro-estatal-de-desarrollo-de-ajedrez-en-sonora\/#breadcrumb\",\"itemListElement\":[{\"@type\":\"ListItem\",\"position\":1,\"name\":\"Portada\",\"item\":\"https:\/\/www.sonoraenequipo.com.mx\/\"},{\"@type\":\"ListItem\",\"position\":2,\"name\":\"Inauguran el Centro Estatal de Desarrollo de Ajedrez en Sonora\"}]},{\"@type\":\"WebSite\",\"@id\":\"https:\/\/www.sonoraenequipo.com.mx\/#website\",\"url\":\"https:\/\/www.sonoraenequipo.com.mx\/\",\"name\":\"Sonora en Equipo.\",\"description\":\"Diario en l\u00ednea con Noticias desde Hermosillo, Sonora\",\"publisher\":{\"@id\":\"https:\/\/www.sonoraenequipo.com.mx\/#organization\"},\"potentialAction\":[{\"@type\":\"SearchAction\",\"target\":{\"@type\":\"EntryPoint\",\"urlTemplate\":\"https:\/\/www.sonoraenequipo.com.mx\/?s={search_term_string}\"},\"query-input\":{\"@type\":\"PropertyValueSpecification\",\"valueRequired\":true,\"valueName\":\"search_term_string\"}}],\"inLanguage\":\"es\"},{\"@type\":\"Organization\",\"@id\":\"https:\/\/www.sonoraenequipo.com.mx\/#organization\",\"name\":\"Sonoraenequipo.com.mx\",\"url\":\"https:\/\/www.sonoraenequipo.com.mx\/\",\"logo\":{\"@type\":\"ImageObject\",\"inLanguage\":\"es\",\"@id\":\"https:\/\/www.sonoraenequipo.com.mx\/#\/schema\/logo\/image\/\",\"url\":\"https:\/\/www.sonoraenequipo.com.mx\/storage\/2019\/01\/sonoraenequipo_opt.png\",\"contentUrl\":\"https:\/\/www.sonoraenequipo.com.mx\/storage\/2019\/01\/sonoraenequipo_opt.png\",\"width\":375,\"height\":125,\"caption\":\"Sonoraenequipo.com.mx\"},\"image\":{\"@id\":\"https:\/\/www.sonoraenequipo.com.mx\/#\/schema\/logo\/image\/\"},\"sameAs\":[\"https:\/\/www.facebook.com\/SonoraEE\/\",\"https:\/\/x.com\/sonoraenequipo\",\"https:\/\/www.youtube.com\/channel\/UC338nW-lPEYmJQs4ZABQ1SQ\"]},{\"@type\":\"Person\",\"@id\":\"https:\/\/www.sonoraenequipo.com.mx\/#\/schema\/person\/50102df0fb23a8fa9e8effad8fa81386\",\"name\":\"enequipo\",\"image\":{\"@type\":\"ImageObject\",\"inLanguage\":\"es\",\"@id\":\"https:\/\/www.sonoraenequipo.com.mx\/#\/schema\/person\/image\/\",\"url\":\"https:\/\/secure.gravatar.com\/avatar\/049821681b589dabc0bc20695993ccebb09f5b5d4d790cd9251b97faac7c652b?s=96&d=blank&r=g\",\"contentUrl\":\"https:\/\/secure.gravatar.com\/avatar\/049821681b589dabc0bc20695993ccebb09f5b5d4d790cd9251b97faac7c652b?s=96&d=blank&r=g\",\"caption\":\"enequipo\"},\"sameAs\":[\"https:\/\/www.facebook.com\/SonoraEE\"]}]}<\/script>\n ","yoast_head_json":{"title":"Sonora en Equipo. Inauguran el Centro Estatal de Desarrollo de Ajedrez en Sonora Deportes","description":"HERMOSILLO, SONORA,MX.\u2500\u2500 Por vez primera en la historia Sonora contar\u00e1 con un Centro de Desarrollo de Ajedrez (CEDA), el cual tendr\u00e1 todo lo necesario En Sonora en Equipo publicamos toda la informaci\u00f3n de Sonora, M\u00e9xico y el Mundo de manera oportuna y busca que la libertad de expresi\u00f3n sea real. Visita nuestro medio informativo publicado desde Hermosillo, Sonora. %","robots":{"index":"index","follow":"follow","max-snippet":"max-snippet:-1","max-image-preview":"max-image-preview:large","max-video-preview":"max-video-preview:-1"},"canonical":"https:\/\/www.sonoraenequipo.com.mx\/inauguran-el-centro-estatal-de-desarrollo-de-ajedrez-en-sonora\/","og_locale":"es_ES","og_type":"article","og_title":"Sonora en Equipo. Inauguran el Centro Estatal de Desarrollo de Ajedrez en Sonora Deportes","og_description":"HERMOSILLO, SONORA,MX.\u2500\u2500 Por vez primera en la historia Sonora contar\u00e1 con un Centro de Desarrollo de Ajedrez (CEDA), el cual tendr\u00e1 todo lo necesario En Sonora en Equipo publicamos toda la informaci\u00f3n de Sonora, M\u00e9xico y el Mundo de manera oportuna y busca que la libertad de expresi\u00f3n sea real. Visita nuestro medio informativo publicado desde Hermosillo, Sonora. %","og_url":"https:\/\/www.sonoraenequipo.com.mx\/inauguran-el-centro-estatal-de-desarrollo-de-ajedrez-en-sonora\/","og_site_name":"Sonora en Equipo.","article_publisher":"https:\/\/www.facebook.com\/SonoraEE\/","article_author":"https:\/\/www.facebook.com\/SonoraEE","article_published_time":"2021-04-24T20:18:50+00:00","og_image":[{"width":500,"height":300,"url":"https:\/\/www.sonoraenequipo.com.mx\/storage\/2021\/04\/ajedrez1.jpg","type":"image\/jpeg"}],"author":"enequipo","twitter_card":"summary_large_image","twitter_creator":"@sonoraenequipo","twitter_site":"@sonoraenequipo","twitter_misc":{"Escrito por":"enequipo","Tiempo de lectura":"3 minutos"},"schema":{"@context":"https:\/\/schema.org","@graph":[{"@type":"Article","@id":"https:\/\/www.sonoraenequipo.com.mx\/inauguran-el-centro-estatal-de-desarrollo-de-ajedrez-en-sonora\/#article","isPartOf":{"@id":"https:\/\/www.sonoraenequipo.com.mx\/inauguran-el-centro-estatal-de-desarrollo-de-ajedrez-en-sonora\/"},"author":{"name":"enequipo","@id":"https:\/\/www.sonoraenequipo.com.mx\/#\/schema\/person\/50102df0fb23a8fa9e8effad8fa81386"},"headline":"Inauguran el Centro Estatal de Desarrollo de Ajedrez en Sonora","datePublished":"2021-04-24T20:18:50+00:00","mainEntityOfPage":{"@id":"https:\/\/www.sonoraenequipo.com.mx\/inauguran-el-centro-estatal-de-desarrollo-de-ajedrez-en-sonora\/"},"wordCount":655,"commentCount":0,"publisher":{"@id":"https:\/\/www.sonoraenequipo.com.mx\/#organization"},"image":{"@id":"https:\/\/www.sonoraenequipo.com.mx\/inauguran-el-centro-estatal-de-desarrollo-de-ajedrez-en-sonora\/#primaryimage"},"thumbnailUrl":"https:\/\/www.sonoraenequipo.com.mx\/storage\/2021\/04\/ajedrez1.jpg","keywords":["ajedrez","centroensonora"],"articleSection":["Deportes"],"inLanguage":"es","potentialAction":[{"@type":"CommentAction","name":"Comment","target":["https:\/\/www.sonoraenequipo.com.mx\/inauguran-el-centro-estatal-de-desarrollo-de-ajedrez-en-sonora\/#respond"]}]},{"@type":"WebPage","@id":"https:\/\/www.sonoraenequipo.com.mx\/inauguran-el-centro-estatal-de-desarrollo-de-ajedrez-en-sonora\/","url":"https:\/\/www.sonoraenequipo.com.mx\/inauguran-el-centro-estatal-de-desarrollo-de-ajedrez-en-sonora\/","name":"Sonora en Equipo. Inauguran el Centro Estatal de Desarrollo de Ajedrez en Sonora Deportes","isPartOf":{"@id":"https:\/\/www.sonoraenequipo.com.mx\/#website"},"primaryImageOfPage":{"@id":"https:\/\/www.sonoraenequipo.com.mx\/inauguran-el-centro-estatal-de-desarrollo-de-ajedrez-en-sonora\/#primaryimage"},"image":{"@id":"https:\/\/www.sonoraenequipo.com.mx\/inauguran-el-centro-estatal-de-desarrollo-de-ajedrez-en-sonora\/#primaryimage"},"thumbnailUrl":"https:\/\/www.sonoraenequipo.com.mx\/storage\/2021\/04\/ajedrez1.jpg","datePublished":"2021-04-24T20:18:50+00:00","description":"HERMOSILLO, SONORA,MX.\u2500\u2500 Por vez primera en la historia Sonora contar\u00e1 con un Centro de Desarrollo de Ajedrez (CEDA), el cual tendr\u00e1 todo lo necesario En Sonora en Equipo publicamos toda la informaci\u00f3n de Sonora, M\u00e9xico y el Mundo de manera oportuna y busca que la libertad de expresi\u00f3n sea real. Visita nuestro medio informativo publicado desde Hermosillo, Sonora. %","breadcrumb":{"@id":"https:\/\/www.sonoraenequipo.com.mx\/inauguran-el-centro-estatal-de-desarrollo-de-ajedrez-en-sonora\/#breadcrumb"},"inLanguage":"es","potentialAction":[{"@type":"ReadAction","target":["https:\/\/www.sonoraenequipo.com.mx\/inauguran-el-centro-estatal-de-desarrollo-de-ajedrez-en-sonora\/"]}]},{"@type":"ImageObject","inLanguage":"es","@id":"https:\/\/www.sonoraenequipo.com.mx\/inauguran-el-centro-estatal-de-desarrollo-de-ajedrez-en-sonora\/#primaryimage","url":"https:\/\/www.sonoraenequipo.com.mx\/storage\/2021\/04\/ajedrez1.jpg","contentUrl":"https:\/\/www.sonoraenequipo.com.mx\/storage\/2021\/04\/ajedrez1.jpg","width":500,"height":300},{"@type":"BreadcrumbList","@id":"https:\/\/www.sonoraenequipo.com.mx\/inauguran-el-centro-estatal-de-desarrollo-de-ajedrez-en-sonora\/#breadcrumb","itemListElement":[{"@type":"ListItem","position":1,"name":"Portada","item":"https:\/\/www.sonoraenequipo.com.mx\/"},{"@type":"ListItem","position":2,"name":"Inauguran el Centro Estatal de Desarrollo de Ajedrez en Sonora"}]},{"@type":"WebSite","@id":"https:\/\/www.sonoraenequipo.com.mx\/#website","url":"https:\/\/www.sonoraenequipo.com.mx\/","name":"Sonora en Equipo.","description":"Diario en l\u00ednea con Noticias desde Hermosillo, Sonora","publisher":{"@id":"https:\/\/www.sonoraenequipo.com.mx\/#organization"},"potentialAction":[{"@type":"SearchAction","target":{"@type":"EntryPoint","urlTemplate":"https:\/\/www.sonoraenequipo.com.mx\/?s={search_term_string}"},"query-input":{"@type":"PropertyValueSpecification","valueRequired":true,"valueName":"search_term_string"}}],"inLanguage":"es"},{"@type":"Organization","@id":"https:\/\/www.sonoraenequipo.com.mx\/#organization","name":"Sonoraenequipo.com.mx","url":"https:\/\/www.sonoraenequipo.com.mx\/","logo":{"@type":"ImageObject","inLanguage":"es","@id":"https:\/\/www.sonoraenequipo.com.mx\/#\/schema\/logo\/image\/","url":"https:\/\/www.sonoraenequipo.com.mx\/storage\/2019\/01\/sonoraenequipo_opt.png","contentUrl":"https:\/\/www.sonoraenequipo.com.mx\/storage\/2019\/01\/sonoraenequipo_opt.png","width":375,"height":125,"caption":"Sonoraenequipo.com.mx"},"image":{"@id":"https:\/\/www.sonoraenequipo.com.mx\/#\/schema\/logo\/image\/"},"sameAs":["https:\/\/www.facebook.com\/SonoraEE\/","https:\/\/x.com\/sonoraenequipo","https:\/\/www.youtube.com\/channel\/UC338nW-lPEYmJQs4ZABQ1SQ"]},{"@type":"Person","@id":"https:\/\/www.sonoraenequipo.com.mx\/#\/schema\/person\/50102df0fb23a8fa9e8effad8fa81386","name":"enequipo","image":{"@type":"ImageObject","inLanguage":"es","@id":"https:\/\/www.sonoraenequipo.com.mx\/#\/schema\/person\/image\/","url":"https:\/\/secure.gravatar.com\/avatar\/049821681b589dabc0bc20695993ccebb09f5b5d4d790cd9251b97faac7c652b?s=96&d=blank&r=g","contentUrl":"https:\/\/secure.gravatar.com\/avatar\/049821681b589dabc0bc20695993ccebb09f5b5d4d790cd9251b97faac7c652b?s=96&d=blank&r=g","caption":"enequipo"},"sameAs":["https:\/\/www.facebook.com\/SonoraEE"]}]}},"jetpack_featured_media_url":"https:\/\/www.sonoraenequipo.com.mx\/storage\/2021\/04\/ajedrez1.jpg","_links":{"self":[{"href":"https:\/\/www.sonoraenequipo.com.mx\/api\/wp\/v2\/posts\/112425","targetHints":{"allow":["GET"]}}],"collection":[{"href":"https:\/\/www.sonoraenequipo.com.mx\/api\/wp\/v2\/posts"}],"about":[{"href":"https:\/\/www.sonoraenequipo.com.mx\/api\/wp\/v2\/types\/post"}],"author":[{"embeddable":true,"href":"https:\/\/www.sonoraenequipo.com.mx\/api\/wp\/v2\/users\/1"}],"replies":[{"embeddable":true,"href":"https:\/\/www.sonoraenequipo.com.mx\/api\/wp\/v2\/comments?post=112425"}],"version-history":[{"count":1,"href":"https:\/\/www.sonoraenequipo.com.mx\/api\/wp\/v2\/posts\/112425\/revisions"}],"predecessor-version":[{"id":112428,"href":"https:\/\/www.sonoraenequipo.com.mx\/api\/wp\/v2\/posts\/112425\/revisions\/112428"}],"wp:featuredmedia":[{"embeddable":true,"href":"https:\/\/www.sonoraenequipo.com.mx\/api\/wp\/v2\/media\/112427"}],"wp:attachment":[{"href":"https:\/\/www.sonoraenequipo.com.mx\/api\/wp\/v2\/media?parent=112425"}],"wp:term":[{"taxonomy":"category","embeddable":true,"href":"https:\/\/www.sonoraenequipo.com.mx\/api\/wp\/v2\/categories?post=112425"},{"taxonomy":"post_tag","embeddable":true,"href":"https:\/\/www.sonoraenequipo.com.mx\/api\/wp\/v2\/tags?post=112425"}],"curies":[{"name":"wp","href":"https:\/\/api.w.org\/{rel}","templated":true}]}}