{"id":112429,"date":"2021-04-24T14:41:02","date_gmt":"2021-04-24T21:41:02","guid":{"rendered":"https:\/\/www.sonoraenequipo.com.mx\/?p=112429"},"modified":"2021-04-25T10:57:06","modified_gmt":"2021-04-25T17:57:06","slug":"ubica-c5i-sonora-a-10-ecuatorianos-extraviados-en-arizona","status":"publish","type":"post","link":"https:\/\/www.sonoraenequipo.com.mx\/ubica-c5i-sonora-a-10-ecuatorianos-extraviados-en-arizona\/","title":{"rendered":"Ubica C5i Sonora a 10 ecuatorianos extraviados en Arizona"},"content":{"rendered":"<p>\u25baA la fecha con la tecnolog\u00eda del C5i se han rescatado 395 migrantes<\/p>\n<p>Nogales, Sonora; abril 24 del 2021. Un caso de \u00e9xito m\u00e1s se suma a la tecnolog\u00eda del C5i Sonora denominada \u00abCarbyne \u00bb al ubicar y poner a salvo a un grupo de 10 ecuatorianos entre ellos cuatro menores de edad, quienes se extraviaron al internarse en tierras estadounidenses.<\/p>\n<p>&nbsp;<\/p>\n<p>A las 20: 55 horas del viernes 23 de abril se recibi\u00f3 llamada al 9-1-1 por parte de uno de los ecuatorianos para solicitar apoyo ya que \u00e9l y otras migrantes se encontraban extraviados en Arizona.<\/p>\n<p>&nbsp;<\/p>\n<p>En la llamada, el reportante precis\u00f3 que entre las 10 personas se encontraban cuatro menores, uno de ellos un beb\u00e9 de 11 meses, por lo que de inmediato personal del C5i Nogales activ\u00f3 el sistema de geolocalizaci\u00f3n \u00abCarbyne\u00bb.<\/p>\n<p>&nbsp;<\/p>\n<p>Asimismo, de manera r\u00e1pida se activaron los protocolos binacionales, informando de la situaci\u00f3n al enlace de la Border Patrol de la estaci\u00f3n de Sonoita, Arizona quien inmediatamente despleg\u00f3 las unidades a las coordenadas proporcionadas por el personal del C5i Nogales.<\/p>\n<p>&nbsp;<\/p>\n<p>En un tiempo estimado de 20 minutos, los ecuatorianos fueron encontrados en la zona de Santa Cruz por agentes de la Patrulla Fronteriza, quienes los trasladaron a recibir atenci\u00f3n m\u00e9dica informando que se encontraban bien de salud.<\/p>\n<p>&nbsp;<\/p>\n<p>Cabe destacar que desde la implementaci\u00f3n del sistema de geolocalizaci\u00f3n \u00abCarbyne \u00bb del pasado diciembre del 2020 a la fecha 395 migrantes han sido localizados y rescatados en coordinaci\u00f3n con autoridades estadounidenses.<\/p>\n<p>Fecha de publicaci\u00f3n \u00a0\u00a0s\u00e1bado \u00a0\/\u00a0 24\u00a0 \/ abril \/ 2021<\/p>\n","protected":false},"excerpt":{"rendered":"<p>\u25baA la fecha con la tecnolog\u00eda del C5i se han rescatado 395 migrantes Nogales, Sonora;&#8230;<\/p>\n","protected":false},"author":1,"featured_media":112430,"comment_status":"open","ping_status":"open","sticky":false,"template":"","format":"standard","meta":{"_monsterinsights_skip_tracking":false,"_monsterinsights_sitenote_active":false,"_monsterinsights_sitenote_note":"","_monsterinsights_sitenote_category":0,"footnotes":""},"categories":[1],"tags":[418,5635],"class_list":["post"],"yoast_head":" \n<title>Sonora en Equipo. Ubica C5i Sonora a 10 ecuatorianos extraviados en Arizona<\/title>\n<meta name=\"description\" content=\"\u25baA la fecha con la tecnolog\u00eda del C5i se han rescatado 395 migrantes Nogales, Sonora; abril 24 del 2021. Un caso de \u00e9xito m\u00e1s se suma a la tecnolog\u00eda del En Sonora en Equipo publicamos toda la informaci\u00f3n de Sonora, M\u00e9xico y el Mundo de manera oportuna y busca que la libertad de expresi\u00f3n sea real. Visita nuestro medio informativo publicado desde Hermosillo, Sonora. %\" \/>\n<meta name=\"robots\" content=\"index, follow, max-snippet:-1, max-image-preview:large, max-video-preview:-1\" \/>\n<link rel=\"canonical\" href=\"https:\/\/www.sonoraenequipo.com.mx\/ubica-c5i-sonora-a-10-ecuatorianos-extraviados-en-arizona\/\" \/>\n<meta property=\"og:locale\" content=\"es_ES\" \/>\n<meta property=\"og:type\" content=\"article\" \/>\n<meta property=\"og:title\" content=\"Sonora en Equipo. Ubica C5i Sonora a 10 ecuatorianos extraviados en Arizona\" \/>\n<meta property=\"og:description\" content=\"\u25baA la fecha con la tecnolog\u00eda del C5i se han rescatado 395 migrantes Nogales, Sonora; abril 24 del 2021. Un caso de \u00e9xito m\u00e1s se suma a la tecnolog\u00eda del En Sonora en Equipo publicamos toda la informaci\u00f3n de Sonora, M\u00e9xico y el Mundo de manera oportuna y busca que la libertad de expresi\u00f3n sea real. Visita nuestro medio informativo publicado desde Hermosillo, Sonora. %\" \/>\n<meta property=\"og:url\" content=\"https:\/\/www.sonoraenequipo.com.mx\/ubica-c5i-sonora-a-10-ecuatorianos-extraviados-en-arizona\/\" \/>\n<meta property=\"og:site_name\" content=\"Sonora en Equipo.\" \/>\n<meta property=\"article:publisher\" content=\"https:\/\/www.facebook.com\/SonoraEE\/\" \/>\n<meta property=\"article:author\" content=\"https:\/\/www.facebook.com\/SonoraEE\" \/>\n<meta property=\"article:published_time\" content=\"2021-04-24T21:41:02+00:00\" \/>\n<meta property=\"article:modified_time\" content=\"2021-04-25T17:57:06+00:00\" \/>\n<meta property=\"og:image\" content=\"https:\/\/www.sonoraenequipo.com.mx\/storage\/2021\/04\/ecuatorianos.jpg\" \/>\n\t<meta property=\"og:image:width\" content=\"500\" \/>\n\t<meta property=\"og:image:height\" content=\"300\" \/>\n\t<meta property=\"og:image:type\" content=\"image\/jpeg\" \/>\n<meta name=\"author\" content=\"enequipo\" \/>\n<meta name=\"twitter:card\" content=\"summary_large_image\" \/>\n<meta name=\"twitter:creator\" content=\"@sonoraenequipo\" \/>\n<meta name=\"twitter:site\" content=\"@sonoraenequipo\" \/>\n<meta name=\"twitter:label1\" content=\"Escrito por\" \/>\n\t<meta name=\"twitter:data1\" content=\"enequipo\" \/>\n\t<meta name=\"twitter:label2\" content=\"Tiempo de lectura\" \/>\n\t<meta name=\"twitter:data2\" content=\"2 minutos\" \/>\n<script type=\"application\/ld+json\" class=\"yoast-schema-graph\">{\"@context\":\"https:\/\/schema.org\",\"@graph\":[{\"@type\":\"Article\",\"@id\":\"https:\/\/www.sonoraenequipo.com.mx\/ubica-c5i-sonora-a-10-ecuatorianos-extraviados-en-arizona\/#article\",\"isPartOf\":{\"@id\":\"https:\/\/www.sonoraenequipo.com.mx\/ubica-c5i-sonora-a-10-ecuatorianos-extraviados-en-arizona\/\"},\"author\":{\"name\":\"enequipo\",\"@id\":\"https:\/\/www.sonoraenequipo.com.mx\/#\/schema\/person\/50102df0fb23a8fa9e8effad8fa81386\"},\"headline\":\"Ubica C5i Sonora a 10 ecuatorianos extraviados en Arizona\",\"datePublished\":\"2021-04-24T21:41:02+00:00\",\"dateModified\":\"2021-04-25T17:57:06+00:00\",\"mainEntityOfPage\":{\"@id\":\"https:\/\/www.sonoraenequipo.com.mx\/ubica-c5i-sonora-a-10-ecuatorianos-extraviados-en-arizona\/\"},\"wordCount\":268,\"commentCount\":0,\"publisher\":{\"@id\":\"https:\/\/www.sonoraenequipo.com.mx\/#organization\"},\"image\":{\"@id\":\"https:\/\/www.sonoraenequipo.com.mx\/ubica-c5i-sonora-a-10-ecuatorianos-extraviados-en-arizona\/#primaryimage\"},\"thumbnailUrl\":\"https:\/\/www.sonoraenequipo.com.mx\/storage\/2021\/04\/ecuatorianos.jpg\",\"keywords\":[\"Arizona\",\"ecuatorianos\"],\"articleSection\":[\"Sin categorizar\"],\"inLanguage\":\"es\",\"potentialAction\":[{\"@type\":\"CommentAction\",\"name\":\"Comment\",\"target\":[\"https:\/\/www.sonoraenequipo.com.mx\/ubica-c5i-sonora-a-10-ecuatorianos-extraviados-en-arizona\/#respond\"]}]},{\"@type\":\"WebPage\",\"@id\":\"https:\/\/www.sonoraenequipo.com.mx\/ubica-c5i-sonora-a-10-ecuatorianos-extraviados-en-arizona\/\",\"url\":\"https:\/\/www.sonoraenequipo.com.mx\/ubica-c5i-sonora-a-10-ecuatorianos-extraviados-en-arizona\/\",\"name\":\"Sonora en Equipo. Ubica C5i Sonora a 10 ecuatorianos extraviados en Arizona\",\"isPartOf\":{\"@id\":\"https:\/\/www.sonoraenequipo.com.mx\/#website\"},\"primaryImageOfPage\":{\"@id\":\"https:\/\/www.sonoraenequipo.com.mx\/ubica-c5i-sonora-a-10-ecuatorianos-extraviados-en-arizona\/#primaryimage\"},\"image\":{\"@id\":\"https:\/\/www.sonoraenequipo.com.mx\/ubica-c5i-sonora-a-10-ecuatorianos-extraviados-en-arizona\/#primaryimage\"},\"thumbnailUrl\":\"https:\/\/www.sonoraenequipo.com.mx\/storage\/2021\/04\/ecuatorianos.jpg\",\"datePublished\":\"2021-04-24T21:41:02+00:00\",\"dateModified\":\"2021-04-25T17:57:06+00:00\",\"description\":\"\u25baA la fecha con la tecnolog\u00eda del C5i se han rescatado 395 migrantes Nogales, Sonora; abril 24 del 2021. Un caso de \u00e9xito m\u00e1s se suma a la tecnolog\u00eda del En Sonora en Equipo publicamos toda la informaci\u00f3n de Sonora, M\u00e9xico y el Mundo de manera oportuna y busca que la libertad de expresi\u00f3n sea real. Visita nuestro medio informativo publicado desde Hermosillo, Sonora. %\",\"breadcrumb\":{\"@id\":\"https:\/\/www.sonoraenequipo.com.mx\/ubica-c5i-sonora-a-10-ecuatorianos-extraviados-en-arizona\/#breadcrumb\"},\"inLanguage\":\"es\",\"potentialAction\":[{\"@type\":\"ReadAction\",\"target\":[\"https:\/\/www.sonoraenequipo.com.mx\/ubica-c5i-sonora-a-10-ecuatorianos-extraviados-en-arizona\/\"]}]},{\"@type\":\"ImageObject\",\"inLanguage\":\"es\",\"@id\":\"https:\/\/www.sonoraenequipo.com.mx\/ubica-c5i-sonora-a-10-ecuatorianos-extraviados-en-arizona\/#primaryimage\",\"url\":\"https:\/\/www.sonoraenequipo.com.mx\/storage\/2021\/04\/ecuatorianos.jpg\",\"contentUrl\":\"https:\/\/www.sonoraenequipo.com.mx\/storage\/2021\/04\/ecuatorianos.jpg\",\"width\":500,\"height\":300},{\"@type\":\"BreadcrumbList\",\"@id\":\"https:\/\/www.sonoraenequipo.com.mx\/ubica-c5i-sonora-a-10-ecuatorianos-extraviados-en-arizona\/#breadcrumb\",\"itemListElement\":[{\"@type\":\"ListItem\",\"position\":1,\"name\":\"Portada\",\"item\":\"https:\/\/www.sonoraenequipo.com.mx\/\"},{\"@type\":\"ListItem\",\"position\":2,\"name\":\"Ubica C5i Sonora a 10 ecuatorianos extraviados en Arizona\"}]},{\"@type\":\"WebSite\",\"@id\":\"https:\/\/www.sonoraenequipo.com.mx\/#website\",\"url\":\"https:\/\/www.sonoraenequipo.com.mx\/\",\"name\":\"Sonora en Equipo.\",\"description\":\"Diario en l\u00ednea con Noticias desde Hermosillo, Sonora\",\"publisher\":{\"@id\":\"https:\/\/www.sonoraenequipo.com.mx\/#organization\"},\"potentialAction\":[{\"@type\":\"SearchAction\",\"target\":{\"@type\":\"EntryPoint\",\"urlTemplate\":\"https:\/\/www.sonoraenequipo.com.mx\/?s={search_term_string}\"},\"query-input\":{\"@type\":\"PropertyValueSpecification\",\"valueRequired\":true,\"valueName\":\"search_term_string\"}}],\"inLanguage\":\"es\"},{\"@type\":\"Organization\",\"@id\":\"https:\/\/www.sonoraenequipo.com.mx\/#organization\",\"name\":\"Sonoraenequipo.com.mx\",\"url\":\"https:\/\/www.sonoraenequipo.com.mx\/\",\"logo\":{\"@type\":\"ImageObject\",\"inLanguage\":\"es\",\"@id\":\"https:\/\/www.sonoraenequipo.com.mx\/#\/schema\/logo\/image\/\",\"url\":\"https:\/\/www.sonoraenequipo.com.mx\/storage\/2019\/01\/sonoraenequipo_opt.png\",\"contentUrl\":\"https:\/\/www.sonoraenequipo.com.mx\/storage\/2019\/01\/sonoraenequipo_opt.png\",\"width\":375,\"height\":125,\"caption\":\"Sonoraenequipo.com.mx\"},\"image\":{\"@id\":\"https:\/\/www.sonoraenequipo.com.mx\/#\/schema\/logo\/image\/\"},\"sameAs\":[\"https:\/\/www.facebook.com\/SonoraEE\/\",\"https:\/\/x.com\/sonoraenequipo\",\"https:\/\/www.youtube.com\/channel\/UC338nW-lPEYmJQs4ZABQ1SQ\"]},{\"@type\":\"Person\",\"@id\":\"https:\/\/www.sonoraenequipo.com.mx\/#\/schema\/person\/50102df0fb23a8fa9e8effad8fa81386\",\"name\":\"enequipo\",\"image\":{\"@type\":\"ImageObject\",\"inLanguage\":\"es\",\"@id\":\"https:\/\/www.sonoraenequipo.com.mx\/#\/schema\/person\/image\/\",\"url\":\"https:\/\/secure.gravatar.com\/avatar\/049821681b589dabc0bc20695993ccebb09f5b5d4d790cd9251b97faac7c652b?s=96&d=blank&r=g\",\"contentUrl\":\"https:\/\/secure.gravatar.com\/avatar\/049821681b589dabc0bc20695993ccebb09f5b5d4d790cd9251b97faac7c652b?s=96&d=blank&r=g\",\"caption\":\"enequipo\"},\"sameAs\":[\"https:\/\/www.facebook.com\/SonoraEE\"]}]}<\/script>\n ","yoast_head_json":{"title":"Sonora en Equipo. Ubica C5i Sonora a 10 ecuatorianos extraviados en Arizona","description":"\u25baA la fecha con la tecnolog\u00eda del C5i se han rescatado 395 migrantes Nogales, Sonora; abril 24 del 2021. Un caso de \u00e9xito m\u00e1s se suma a la tecnolog\u00eda del En Sonora en Equipo publicamos toda la informaci\u00f3n de Sonora, M\u00e9xico y el Mundo de manera oportuna y busca que la libertad de expresi\u00f3n sea real. Visita nuestro medio informativo publicado desde Hermosillo, Sonora. %","robots":{"index":"index","follow":"follow","max-snippet":"max-snippet:-1","max-image-preview":"max-image-preview:large","max-video-preview":"max-video-preview:-1"},"canonical":"https:\/\/www.sonoraenequipo.com.mx\/ubica-c5i-sonora-a-10-ecuatorianos-extraviados-en-arizona\/","og_locale":"es_ES","og_type":"article","og_title":"Sonora en Equipo. Ubica C5i Sonora a 10 ecuatorianos extraviados en Arizona","og_description":"\u25baA la fecha con la tecnolog\u00eda del C5i se han rescatado 395 migrantes Nogales, Sonora; abril 24 del 2021. Un caso de \u00e9xito m\u00e1s se suma a la tecnolog\u00eda del En Sonora en Equipo publicamos toda la informaci\u00f3n de Sonora, M\u00e9xico y el Mundo de manera oportuna y busca que la libertad de expresi\u00f3n sea real. Visita nuestro medio informativo publicado desde Hermosillo, Sonora. %","og_url":"https:\/\/www.sonoraenequipo.com.mx\/ubica-c5i-sonora-a-10-ecuatorianos-extraviados-en-arizona\/","og_site_name":"Sonora en Equipo.","article_publisher":"https:\/\/www.facebook.com\/SonoraEE\/","article_author":"https:\/\/www.facebook.com\/SonoraEE","article_published_time":"2021-04-24T21:41:02+00:00","article_modified_time":"2021-04-25T17:57:06+00:00","og_image":[{"width":500,"height":300,"url":"https:\/\/www.sonoraenequipo.com.mx\/storage\/2021\/04\/ecuatorianos.jpg","type":"image\/jpeg"}],"author":"enequipo","twitter_card":"summary_large_image","twitter_creator":"@sonoraenequipo","twitter_site":"@sonoraenequipo","twitter_misc":{"Escrito por":"enequipo","Tiempo de lectura":"2 minutos"},"schema":{"@context":"https:\/\/schema.org","@graph":[{"@type":"Article","@id":"https:\/\/www.sonoraenequipo.com.mx\/ubica-c5i-sonora-a-10-ecuatorianos-extraviados-en-arizona\/#article","isPartOf":{"@id":"https:\/\/www.sonoraenequipo.com.mx\/ubica-c5i-sonora-a-10-ecuatorianos-extraviados-en-arizona\/"},"author":{"name":"enequipo","@id":"https:\/\/www.sonoraenequipo.com.mx\/#\/schema\/person\/50102df0fb23a8fa9e8effad8fa81386"},"headline":"Ubica C5i Sonora a 10 ecuatorianos extraviados en Arizona","datePublished":"2021-04-24T21:41:02+00:00","dateModified":"2021-04-25T17:57:06+00:00","mainEntityOfPage":{"@id":"https:\/\/www.sonoraenequipo.com.mx\/ubica-c5i-sonora-a-10-ecuatorianos-extraviados-en-arizona\/"},"wordCount":268,"commentCount":0,"publisher":{"@id":"https:\/\/www.sonoraenequipo.com.mx\/#organization"},"image":{"@id":"https:\/\/www.sonoraenequipo.com.mx\/ubica-c5i-sonora-a-10-ecuatorianos-extraviados-en-arizona\/#primaryimage"},"thumbnailUrl":"https:\/\/www.sonoraenequipo.com.mx\/storage\/2021\/04\/ecuatorianos.jpg","keywords":["Arizona","ecuatorianos"],"articleSection":["Sin categorizar"],"inLanguage":"es","potentialAction":[{"@type":"CommentAction","name":"Comment","target":["https:\/\/www.sonoraenequipo.com.mx\/ubica-c5i-sonora-a-10-ecuatorianos-extraviados-en-arizona\/#respond"]}]},{"@type":"WebPage","@id":"https:\/\/www.sonoraenequipo.com.mx\/ubica-c5i-sonora-a-10-ecuatorianos-extraviados-en-arizona\/","url":"https:\/\/www.sonoraenequipo.com.mx\/ubica-c5i-sonora-a-10-ecuatorianos-extraviados-en-arizona\/","name":"Sonora en Equipo. Ubica C5i Sonora a 10 ecuatorianos extraviados en Arizona","isPartOf":{"@id":"https:\/\/www.sonoraenequipo.com.mx\/#website"},"primaryImageOfPage":{"@id":"https:\/\/www.sonoraenequipo.com.mx\/ubica-c5i-sonora-a-10-ecuatorianos-extraviados-en-arizona\/#primaryimage"},"image":{"@id":"https:\/\/www.sonoraenequipo.com.mx\/ubica-c5i-sonora-a-10-ecuatorianos-extraviados-en-arizona\/#primaryimage"},"thumbnailUrl":"https:\/\/www.sonoraenequipo.com.mx\/storage\/2021\/04\/ecuatorianos.jpg","datePublished":"2021-04-24T21:41:02+00:00","dateModified":"2021-04-25T17:57:06+00:00","description":"\u25baA la fecha con la tecnolog\u00eda del C5i se han rescatado 395 migrantes Nogales, Sonora; abril 24 del 2021. Un caso de \u00e9xito m\u00e1s se suma a la tecnolog\u00eda del En Sonora en Equipo publicamos toda la informaci\u00f3n de Sonora, M\u00e9xico y el Mundo de manera oportuna y busca que la libertad de expresi\u00f3n sea real. Visita nuestro medio informativo publicado desde Hermosillo, Sonora. %","breadcrumb":{"@id":"https:\/\/www.sonoraenequipo.com.mx\/ubica-c5i-sonora-a-10-ecuatorianos-extraviados-en-arizona\/#breadcrumb"},"inLanguage":"es","potentialAction":[{"@type":"ReadAction","target":["https:\/\/www.sonoraenequipo.com.mx\/ubica-c5i-sonora-a-10-ecuatorianos-extraviados-en-arizona\/"]}]},{"@type":"ImageObject","inLanguage":"es","@id":"https:\/\/www.sonoraenequipo.com.mx\/ubica-c5i-sonora-a-10-ecuatorianos-extraviados-en-arizona\/#primaryimage","url":"https:\/\/www.sonoraenequipo.com.mx\/storage\/2021\/04\/ecuatorianos.jpg","contentUrl":"https:\/\/www.sonoraenequipo.com.mx\/storage\/2021\/04\/ecuatorianos.jpg","width":500,"height":300},{"@type":"BreadcrumbList","@id":"https:\/\/www.sonoraenequipo.com.mx\/ubica-c5i-sonora-a-10-ecuatorianos-extraviados-en-arizona\/#breadcrumb","itemListElement":[{"@type":"ListItem","position":1,"name":"Portada","item":"https:\/\/www.sonoraenequipo.com.mx\/"},{"@type":"ListItem","position":2,"name":"Ubica C5i Sonora a 10 ecuatorianos extraviados en Arizona"}]},{"@type":"WebSite","@id":"https:\/\/www.sonoraenequipo.com.mx\/#website","url":"https:\/\/www.sonoraenequipo.com.mx\/","name":"Sonora en Equipo.","description":"Diario en l\u00ednea con Noticias desde Hermosillo, Sonora","publisher":{"@id":"https:\/\/www.sonoraenequipo.com.mx\/#organization"},"potentialAction":[{"@type":"SearchAction","target":{"@type":"EntryPoint","urlTemplate":"https:\/\/www.sonoraenequipo.com.mx\/?s={search_term_string}"},"query-input":{"@type":"PropertyValueSpecification","valueRequired":true,"valueName":"search_term_string"}}],"inLanguage":"es"},{"@type":"Organization","@id":"https:\/\/www.sonoraenequipo.com.mx\/#organization","name":"Sonoraenequipo.com.mx","url":"https:\/\/www.sonoraenequipo.com.mx\/","logo":{"@type":"ImageObject","inLanguage":"es","@id":"https:\/\/www.sonoraenequipo.com.mx\/#\/schema\/logo\/image\/","url":"https:\/\/www.sonoraenequipo.com.mx\/storage\/2019\/01\/sonoraenequipo_opt.png","contentUrl":"https:\/\/www.sonoraenequipo.com.mx\/storage\/2019\/01\/sonoraenequipo_opt.png","width":375,"height":125,"caption":"Sonoraenequipo.com.mx"},"image":{"@id":"https:\/\/www.sonoraenequipo.com.mx\/#\/schema\/logo\/image\/"},"sameAs":["https:\/\/www.facebook.com\/SonoraEE\/","https:\/\/x.com\/sonoraenequipo","https:\/\/www.youtube.com\/channel\/UC338nW-lPEYmJQs4ZABQ1SQ"]},{"@type":"Person","@id":"https:\/\/www.sonoraenequipo.com.mx\/#\/schema\/person\/50102df0fb23a8fa9e8effad8fa81386","name":"enequipo","image":{"@type":"ImageObject","inLanguage":"es","@id":"https:\/\/www.sonoraenequipo.com.mx\/#\/schema\/person\/image\/","url":"https:\/\/secure.gravatar.com\/avatar\/049821681b589dabc0bc20695993ccebb09f5b5d4d790cd9251b97faac7c652b?s=96&d=blank&r=g","contentUrl":"https:\/\/secure.gravatar.com\/avatar\/049821681b589dabc0bc20695993ccebb09f5b5d4d790cd9251b97faac7c652b?s=96&d=blank&r=g","caption":"enequipo"},"sameAs":["https:\/\/www.facebook.com\/SonoraEE"]}]}},"jetpack_featured_media_url":"https:\/\/www.sonoraenequipo.com.mx\/storage\/2021\/04\/ecuatorianos.jpg","_links":{"self":[{"href":"https:\/\/www.sonoraenequipo.com.mx\/api\/wp\/v2\/posts\/112429","targetHints":{"allow":["GET"]}}],"collection":[{"href":"https:\/\/www.sonoraenequipo.com.mx\/api\/wp\/v2\/posts"}],"about":[{"href":"https:\/\/www.sonoraenequipo.com.mx\/api\/wp\/v2\/types\/post"}],"author":[{"embeddable":true,"href":"https:\/\/www.sonoraenequipo.com.mx\/api\/wp\/v2\/users\/1"}],"replies":[{"embeddable":true,"href":"https:\/\/www.sonoraenequipo.com.mx\/api\/wp\/v2\/comments?post=112429"}],"version-history":[{"count":2,"href":"https:\/\/www.sonoraenequipo.com.mx\/api\/wp\/v2\/posts\/112429\/revisions"}],"predecessor-version":[{"id":112432,"href":"https:\/\/www.sonoraenequipo.com.mx\/api\/wp\/v2\/posts\/112429\/revisions\/112432"}],"wp:featuredmedia":[{"embeddable":true,"href":"https:\/\/www.sonoraenequipo.com.mx\/api\/wp\/v2\/media\/112430"}],"wp:attachment":[{"href":"https:\/\/www.sonoraenequipo.com.mx\/api\/wp\/v2\/media?parent=112429"}],"wp:term":[{"taxonomy":"category","embeddable":true,"href":"https:\/\/www.sonoraenequipo.com.mx\/api\/wp\/v2\/categories?post=112429"},{"taxonomy":"post_tag","embeddable":true,"href":"https:\/\/www.sonoraenequipo.com.mx\/api\/wp\/v2\/tags?post=112429"}],"curies":[{"name":"wp","href":"https:\/\/api.w.org\/{rel}","templated":true}]}}