{"id":112439,"date":"2021-04-24T20:08:45","date_gmt":"2021-04-25T03:08:45","guid":{"rendered":"https:\/\/www.sonoraenequipo.com.mx\/?p=112439"},"modified":"2021-04-24T20:08:45","modified_gmt":"2021-04-25T03:08:45","slug":"medidas-contra-covid-19-han-retrasado-tercera-ola-de-contagios-salud-sonora","status":"publish","type":"post","link":"https:\/\/www.sonoraenequipo.com.mx\/medidas-contra-covid-19-han-retrasado-tercera-ola-de-contagios-salud-sonora\/","title":{"rendered":"Medidas contra COVID-19 han retrasado tercera ola de contagios: Salud Sonora"},"content":{"rendered":"<p>HERMOSILLO, SONORA,MX.\u2500\u2500. Que a\u00fan no haya evidencia de una tercera ola de contagios de COVID-19 en Sonora es resultado de la aplicaci\u00f3n integral de las medidas de contingencia sanitaria, las cuales han abonado a mitigar los riesgos de transmisi\u00f3n, por lo que la poblaci\u00f3n no debe dejar las acciones de higiene y prevenci\u00f3n, indic\u00f3 Enrique Clausen Iberri.<\/p>\n<p>&nbsp;<\/p>\n<p>El secretario de Salud en Sonora dijo que prueba de ello es que la actualizaci\u00f3n del Mapa Sonora Anticipa correspondiente a la semana del 26 de abril al 2 de mayo, siete municipios bajaron en puntuaci\u00f3n, tres subieron y dos se mantuvieron con el mismo puntaje.<\/p>\n<p>&nbsp;<\/p>\n<p>Precis\u00f3 que Huatabampo pas\u00f3 a color naranja, lo que significa riesgo alto, al aumentar en el puntaje de riesgos de 13 a 17 puntos; en riesgo medio se encuentran Caborca, Hermosillo, Guaymas, Empalme, Cajeme, Agua Prieta y Cananea y en riesgo bajo San Luis R\u00edo Colorado, Nogales, Cananea y Puerto Pe\u00f1asco.<\/p>\n<p>&nbsp;<\/p>\n<p>Explic\u00f3 que adem\u00e1s de Huatabampo, aumentaron en riesgo los municipios de Navojoa (de 11 a 13 puntos) y Agua Prieta (de 7 a 10 puntos); bajaron Cajeme de 16 a 14, Guaymas de 14 a 13, Caborca de 12 a 11, Cananea de 8 a 6, Nogales de 6 a 5, Puerto Pe\u00f1asco de 6 a 5, San Luis R\u00edo Colorado de 5 a 3; y se mantuvieron con el mismo puntaje empalme en 15 y Hermosillo en 13.<\/p>\n<p>&nbsp;<\/p>\n<p>Clausen Iberri llam\u00f3 a los sonorenses a disminuir su movilidad ya que solo as\u00ed se podr\u00e1 cortar la transmisi\u00f3n del virus, aunado al uso de cubrebocas, lavado de manos con agua y jab\u00f3n, respetar la sana distancia y evitar aglomeraciones.<\/p>\n<p>&nbsp;<\/p>\n<p>\u2018\u2019Recordemos que el virus se mueve de acuerdo a la movilidad que nosotros lo hacemos, este es un llamado a bajar la movilidad para frenar su transmisi\u00f3n. Tambi\u00e9n debemos seguir con las acciones de higiene como lo es la regla de tres: uso de cubrebocas, lavado frecuente de manos y sana distancia\u2019\u2019, declar\u00f3.<\/p>\n<p>&nbsp;<\/p>\n<p>Sobre las acciones sanitarias por riesgos, record\u00f3 que en los municipios en riesgo alto, el cierre de actividades es a las 10:00 P.M y en riesgo medio y bajo a las 12:00 A.M; en cuanto a los aforos permitidos en espacios cerrados, en riesgo alto es de 50 personas o 25% de su capacidad, en riesgo medio, 100 personas o 50% y en riesgo bajo 200 personas o 75%.<\/p>\n<p>&nbsp;<\/p>\n<p>Las restricciones de aforo y n\u00famero de personas en terrazas y lugares al aire libre en riesgo alto es de 150 personas o 50%, en riesgo medio 200 personas o 75% y en riesgo bajo 300 personas o 100%.<\/p>\n<p>&nbsp;<\/p>\n<p>El tiempo permitido para diversas actividades como eventos sociales en riesgo alto es de 3 horas en espacio cerrado y 4 horas en abierto, en riesgo medio es de 4 horas en lugar cerrado y 5 en espacios abiertos y en riesgo bajo, se pide cumplimiento de protocolos sanitarios.<\/p>\n<p>&nbsp;<\/p>\n<p>Restaurantes se permiten al 50% de aforo en riesgo alto, 75% en riesgo medio y en riesgo bajo cumplimiento de protocolos sanitarios; casinos y antros suspendidos en riesgo alto, al 50% de aforo operando como restaurante en riesgo medio y en riesgo bajo cumplimiento de protocolos sanitarios. Eventos masivos suspendidos en riesgo alto y medio y permitidos en riesgo bajo con cumplimiento de protocolos sanitarios.<\/p>\n<p>&nbsp;<\/p>\n<p>Riesgos por municipio y Zona cero<\/p>\n<p>&nbsp;<\/p>\n<p>Riesgo Alto:<\/p>\n<p>&#8211; Huatabampo: Colonia Centro.<\/p>\n<p>&nbsp;<\/p>\n<p>Riesgo Medio<\/p>\n<p>&#8211; Empalme: Colonias Moderna y Jordan.<\/p>\n<p>&#8211; Cajeme: Colonias Luis Echeverr\u00eda, Centro, Paseo Alameda, Montecarlo.<\/p>\n<p>&#8211; Navojoa: Colonias Constituci\u00f3n, Infonavit.<\/p>\n<p>&#8211; Guaymas: Colonias Luis Donaldo Colosio, Centro, San Vicente.<\/p>\n<p>&#8211; Hermosillo: Colonias Nuevo Hermosillo, Palo Verde, Puerta Real, Sahuaro, San Diego, Lomas de Madrid.<\/p>\n<p>&#8211; Caborca: Colonias Aviaci\u00f3n, Industria, Centro.<\/p>\n<p>&#8211; Agua Prieta: Colonia Infonavit.<\/p>\n<p>&nbsp;<\/p>\n<p>Riesgo Bajo:<\/p>\n<p>&#8211; Cananea: Colonia Cementerio Viejo.<\/p>\n<p>&#8211; Nogales: Colonias Centro, Buena Vista, Nuevo Nogales.<\/p>\n<p>&#8211; Puerto Pe\u00f1asco: Colonias Centro, Oriente, Josefa Ort\u00edz de Dom\u00ednguez.<\/p>\n<p>&#8211; San Luis R\u00edo Colorado: Colonias Campestre, Residencias, Bur\u00f3crata.<\/p>\n<p>Fecha de publicaci\u00f3n \u00a0\u00a0s\u00e1bado \u00a0\/\u00a0 24\u00a0 \/ abril \/ 2021<\/p>\n<p>&nbsp;<\/p>\n<p>&nbsp;<\/p>\n","protected":false},"excerpt":{"rendered":"<p>HERMOSILLO, SONORA,MX.\u2500\u2500. Que a\u00fan no haya evidencia de una tercera ola de contagios de COVID-19&#8230;<\/p>\n","protected":false},"author":1,"featured_media":110422,"comment_status":"open","ping_status":"open","sticky":false,"template":"","format":"standard","meta":{"_monsterinsights_skip_tracking":false,"_monsterinsights_sitenote_active":false,"_monsterinsights_sitenote_note":"","_monsterinsights_sitenote_category":0,"footnotes":""},"categories":[22],"tags":[],"class_list":["post"],"yoast_head":" \n<title>Sonora en Equipo. Medidas contra COVID-19 han retrasado tercera ola de contagios: Salud Sonora Sonora<\/title>\n<meta name=\"description\" content=\"HERMOSILLO, SONORA,MX.\u2500\u2500. Que a\u00fan no haya evidencia de una tercera ola de contagios de COVID-19 en Sonora es resultado de la aplicaci\u00f3n integral de las En Sonora en Equipo publicamos toda la informaci\u00f3n de Sonora, M\u00e9xico y el Mundo de manera oportuna y busca que la libertad de expresi\u00f3n sea real. Visita nuestro medio informativo publicado desde Hermosillo, Sonora. %\" \/>\n<meta name=\"robots\" content=\"index, follow, max-snippet:-1, max-image-preview:large, max-video-preview:-1\" \/>\n<link rel=\"canonical\" href=\"https:\/\/www.sonoraenequipo.com.mx\/medidas-contra-covid-19-han-retrasado-tercera-ola-de-contagios-salud-sonora\/\" \/>\n<meta property=\"og:locale\" content=\"es_ES\" \/>\n<meta property=\"og:type\" content=\"article\" \/>\n<meta property=\"og:title\" content=\"Sonora en Equipo. Medidas contra COVID-19 han retrasado tercera ola de contagios: Salud Sonora Sonora\" \/>\n<meta property=\"og:description\" content=\"HERMOSILLO, SONORA,MX.\u2500\u2500. Que a\u00fan no haya evidencia de una tercera ola de contagios de COVID-19 en Sonora es resultado de la aplicaci\u00f3n integral de las En Sonora en Equipo publicamos toda la informaci\u00f3n de Sonora, M\u00e9xico y el Mundo de manera oportuna y busca que la libertad de expresi\u00f3n sea real. Visita nuestro medio informativo publicado desde Hermosillo, Sonora. %\" \/>\n<meta property=\"og:url\" content=\"https:\/\/www.sonoraenequipo.com.mx\/medidas-contra-covid-19-han-retrasado-tercera-ola-de-contagios-salud-sonora\/\" \/>\n<meta property=\"og:site_name\" content=\"Sonora en Equipo.\" \/>\n<meta property=\"article:publisher\" content=\"https:\/\/www.facebook.com\/SonoraEE\/\" \/>\n<meta property=\"article:author\" content=\"https:\/\/www.facebook.com\/SonoraEE\" \/>\n<meta property=\"article:published_time\" content=\"2021-04-25T03:08:45+00:00\" \/>\n<meta property=\"og:image\" content=\"https:\/\/www.sonoraenequipo.com.mx\/storage\/2021\/03\/covid-virus.jpg\" \/>\n\t<meta property=\"og:image:width\" content=\"500\" \/>\n\t<meta property=\"og:image:height\" content=\"300\" \/>\n\t<meta property=\"og:image:type\" content=\"image\/jpeg\" \/>\n<meta name=\"author\" content=\"enequipo\" \/>\n<meta name=\"twitter:card\" content=\"summary_large_image\" \/>\n<meta name=\"twitter:creator\" content=\"@sonoraenequipo\" \/>\n<meta name=\"twitter:site\" content=\"@sonoraenequipo\" \/>\n<meta name=\"twitter:label1\" content=\"Escrito por\" \/>\n\t<meta name=\"twitter:data1\" content=\"enequipo\" \/>\n\t<meta name=\"twitter:label2\" content=\"Tiempo de lectura\" \/>\n\t<meta name=\"twitter:data2\" content=\"3 minutos\" \/>\n<script type=\"application\/ld+json\" class=\"yoast-schema-graph\">{\"@context\":\"https:\/\/schema.org\",\"@graph\":[{\"@type\":\"Article\",\"@id\":\"https:\/\/www.sonoraenequipo.com.mx\/medidas-contra-covid-19-han-retrasado-tercera-ola-de-contagios-salud-sonora\/#article\",\"isPartOf\":{\"@id\":\"https:\/\/www.sonoraenequipo.com.mx\/medidas-contra-covid-19-han-retrasado-tercera-ola-de-contagios-salud-sonora\/\"},\"author\":{\"name\":\"enequipo\",\"@id\":\"https:\/\/www.sonoraenequipo.com.mx\/#\/schema\/person\/50102df0fb23a8fa9e8effad8fa81386\"},\"headline\":\"Medidas contra COVID-19 han retrasado tercera ola de contagios: Salud Sonora\",\"datePublished\":\"2021-04-25T03:08:45+00:00\",\"mainEntityOfPage\":{\"@id\":\"https:\/\/www.sonoraenequipo.com.mx\/medidas-contra-covid-19-han-retrasado-tercera-ola-de-contagios-salud-sonora\/\"},\"wordCount\":667,\"commentCount\":0,\"publisher\":{\"@id\":\"https:\/\/www.sonoraenequipo.com.mx\/#organization\"},\"image\":{\"@id\":\"https:\/\/www.sonoraenequipo.com.mx\/medidas-contra-covid-19-han-retrasado-tercera-ola-de-contagios-salud-sonora\/#primaryimage\"},\"thumbnailUrl\":\"https:\/\/www.sonoraenequipo.com.mx\/storage\/2021\/03\/covid-virus.jpg\",\"articleSection\":[\"Sonora\"],\"inLanguage\":\"es\",\"potentialAction\":[{\"@type\":\"CommentAction\",\"name\":\"Comment\",\"target\":[\"https:\/\/www.sonoraenequipo.com.mx\/medidas-contra-covid-19-han-retrasado-tercera-ola-de-contagios-salud-sonora\/#respond\"]}]},{\"@type\":\"WebPage\",\"@id\":\"https:\/\/www.sonoraenequipo.com.mx\/medidas-contra-covid-19-han-retrasado-tercera-ola-de-contagios-salud-sonora\/\",\"url\":\"https:\/\/www.sonoraenequipo.com.mx\/medidas-contra-covid-19-han-retrasado-tercera-ola-de-contagios-salud-sonora\/\",\"name\":\"Sonora en Equipo. Medidas contra COVID-19 han retrasado tercera ola de contagios: Salud Sonora Sonora\",\"isPartOf\":{\"@id\":\"https:\/\/www.sonoraenequipo.com.mx\/#website\"},\"primaryImageOfPage\":{\"@id\":\"https:\/\/www.sonoraenequipo.com.mx\/medidas-contra-covid-19-han-retrasado-tercera-ola-de-contagios-salud-sonora\/#primaryimage\"},\"image\":{\"@id\":\"https:\/\/www.sonoraenequipo.com.mx\/medidas-contra-covid-19-han-retrasado-tercera-ola-de-contagios-salud-sonora\/#primaryimage\"},\"thumbnailUrl\":\"https:\/\/www.sonoraenequipo.com.mx\/storage\/2021\/03\/covid-virus.jpg\",\"datePublished\":\"2021-04-25T03:08:45+00:00\",\"description\":\"HERMOSILLO, SONORA,MX.\u2500\u2500. Que a\u00fan no haya evidencia de una tercera ola de contagios de COVID-19 en Sonora es resultado de la aplicaci\u00f3n integral de las En Sonora en Equipo publicamos toda la informaci\u00f3n de Sonora, M\u00e9xico y el Mundo de manera oportuna y busca que la libertad de expresi\u00f3n sea real. Visita nuestro medio informativo publicado desde Hermosillo, Sonora. %\",\"breadcrumb\":{\"@id\":\"https:\/\/www.sonoraenequipo.com.mx\/medidas-contra-covid-19-han-retrasado-tercera-ola-de-contagios-salud-sonora\/#breadcrumb\"},\"inLanguage\":\"es\",\"potentialAction\":[{\"@type\":\"ReadAction\",\"target\":[\"https:\/\/www.sonoraenequipo.com.mx\/medidas-contra-covid-19-han-retrasado-tercera-ola-de-contagios-salud-sonora\/\"]}]},{\"@type\":\"ImageObject\",\"inLanguage\":\"es\",\"@id\":\"https:\/\/www.sonoraenequipo.com.mx\/medidas-contra-covid-19-han-retrasado-tercera-ola-de-contagios-salud-sonora\/#primaryimage\",\"url\":\"https:\/\/www.sonoraenequipo.com.mx\/storage\/2021\/03\/covid-virus.jpg\",\"contentUrl\":\"https:\/\/www.sonoraenequipo.com.mx\/storage\/2021\/03\/covid-virus.jpg\",\"width\":500,\"height\":300},{\"@type\":\"BreadcrumbList\",\"@id\":\"https:\/\/www.sonoraenequipo.com.mx\/medidas-contra-covid-19-han-retrasado-tercera-ola-de-contagios-salud-sonora\/#breadcrumb\",\"itemListElement\":[{\"@type\":\"ListItem\",\"position\":1,\"name\":\"Portada\",\"item\":\"https:\/\/www.sonoraenequipo.com.mx\/\"},{\"@type\":\"ListItem\",\"position\":2,\"name\":\"Medidas contra COVID-19 han retrasado tercera ola de contagios: Salud Sonora\"}]},{\"@type\":\"WebSite\",\"@id\":\"https:\/\/www.sonoraenequipo.com.mx\/#website\",\"url\":\"https:\/\/www.sonoraenequipo.com.mx\/\",\"name\":\"Sonora en Equipo.\",\"description\":\"Diario en l\u00ednea con Noticias desde Hermosillo, Sonora\",\"publisher\":{\"@id\":\"https:\/\/www.sonoraenequipo.com.mx\/#organization\"},\"potentialAction\":[{\"@type\":\"SearchAction\",\"target\":{\"@type\":\"EntryPoint\",\"urlTemplate\":\"https:\/\/www.sonoraenequipo.com.mx\/?s={search_term_string}\"},\"query-input\":{\"@type\":\"PropertyValueSpecification\",\"valueRequired\":true,\"valueName\":\"search_term_string\"}}],\"inLanguage\":\"es\"},{\"@type\":\"Organization\",\"@id\":\"https:\/\/www.sonoraenequipo.com.mx\/#organization\",\"name\":\"Sonoraenequipo.com.mx\",\"url\":\"https:\/\/www.sonoraenequipo.com.mx\/\",\"logo\":{\"@type\":\"ImageObject\",\"inLanguage\":\"es\",\"@id\":\"https:\/\/www.sonoraenequipo.com.mx\/#\/schema\/logo\/image\/\",\"url\":\"https:\/\/www.sonoraenequipo.com.mx\/storage\/2019\/01\/sonoraenequipo_opt.png\",\"contentUrl\":\"https:\/\/www.sonoraenequipo.com.mx\/storage\/2019\/01\/sonoraenequipo_opt.png\",\"width\":375,\"height\":125,\"caption\":\"Sonoraenequipo.com.mx\"},\"image\":{\"@id\":\"https:\/\/www.sonoraenequipo.com.mx\/#\/schema\/logo\/image\/\"},\"sameAs\":[\"https:\/\/www.facebook.com\/SonoraEE\/\",\"https:\/\/x.com\/sonoraenequipo\",\"https:\/\/www.youtube.com\/channel\/UC338nW-lPEYmJQs4ZABQ1SQ\"]},{\"@type\":\"Person\",\"@id\":\"https:\/\/www.sonoraenequipo.com.mx\/#\/schema\/person\/50102df0fb23a8fa9e8effad8fa81386\",\"name\":\"enequipo\",\"image\":{\"@type\":\"ImageObject\",\"inLanguage\":\"es\",\"@id\":\"https:\/\/www.sonoraenequipo.com.mx\/#\/schema\/person\/image\/\",\"url\":\"https:\/\/secure.gravatar.com\/avatar\/049821681b589dabc0bc20695993ccebb09f5b5d4d790cd9251b97faac7c652b?s=96&d=blank&r=g\",\"contentUrl\":\"https:\/\/secure.gravatar.com\/avatar\/049821681b589dabc0bc20695993ccebb09f5b5d4d790cd9251b97faac7c652b?s=96&d=blank&r=g\",\"caption\":\"enequipo\"},\"sameAs\":[\"https:\/\/www.facebook.com\/SonoraEE\"]}]}<\/script>\n ","yoast_head_json":{"title":"Sonora en Equipo. Medidas contra COVID-19 han retrasado tercera ola de contagios: Salud Sonora Sonora","description":"HERMOSILLO, SONORA,MX.\u2500\u2500. Que a\u00fan no haya evidencia de una tercera ola de contagios de COVID-19 en Sonora es resultado de la aplicaci\u00f3n integral de las En Sonora en Equipo publicamos toda la informaci\u00f3n de Sonora, M\u00e9xico y el Mundo de manera oportuna y busca que la libertad de expresi\u00f3n sea real. Visita nuestro medio informativo publicado desde Hermosillo, Sonora. %","robots":{"index":"index","follow":"follow","max-snippet":"max-snippet:-1","max-image-preview":"max-image-preview:large","max-video-preview":"max-video-preview:-1"},"canonical":"https:\/\/www.sonoraenequipo.com.mx\/medidas-contra-covid-19-han-retrasado-tercera-ola-de-contagios-salud-sonora\/","og_locale":"es_ES","og_type":"article","og_title":"Sonora en Equipo. Medidas contra COVID-19 han retrasado tercera ola de contagios: Salud Sonora Sonora","og_description":"HERMOSILLO, SONORA,MX.\u2500\u2500. Que a\u00fan no haya evidencia de una tercera ola de contagios de COVID-19 en Sonora es resultado de la aplicaci\u00f3n integral de las En Sonora en Equipo publicamos toda la informaci\u00f3n de Sonora, M\u00e9xico y el Mundo de manera oportuna y busca que la libertad de expresi\u00f3n sea real. Visita nuestro medio informativo publicado desde Hermosillo, Sonora. %","og_url":"https:\/\/www.sonoraenequipo.com.mx\/medidas-contra-covid-19-han-retrasado-tercera-ola-de-contagios-salud-sonora\/","og_site_name":"Sonora en Equipo.","article_publisher":"https:\/\/www.facebook.com\/SonoraEE\/","article_author":"https:\/\/www.facebook.com\/SonoraEE","article_published_time":"2021-04-25T03:08:45+00:00","og_image":[{"width":500,"height":300,"url":"https:\/\/www.sonoraenequipo.com.mx\/storage\/2021\/03\/covid-virus.jpg","type":"image\/jpeg"}],"author":"enequipo","twitter_card":"summary_large_image","twitter_creator":"@sonoraenequipo","twitter_site":"@sonoraenequipo","twitter_misc":{"Escrito por":"enequipo","Tiempo de lectura":"3 minutos"},"schema":{"@context":"https:\/\/schema.org","@graph":[{"@type":"Article","@id":"https:\/\/www.sonoraenequipo.com.mx\/medidas-contra-covid-19-han-retrasado-tercera-ola-de-contagios-salud-sonora\/#article","isPartOf":{"@id":"https:\/\/www.sonoraenequipo.com.mx\/medidas-contra-covid-19-han-retrasado-tercera-ola-de-contagios-salud-sonora\/"},"author":{"name":"enequipo","@id":"https:\/\/www.sonoraenequipo.com.mx\/#\/schema\/person\/50102df0fb23a8fa9e8effad8fa81386"},"headline":"Medidas contra COVID-19 han retrasado tercera ola de contagios: Salud Sonora","datePublished":"2021-04-25T03:08:45+00:00","mainEntityOfPage":{"@id":"https:\/\/www.sonoraenequipo.com.mx\/medidas-contra-covid-19-han-retrasado-tercera-ola-de-contagios-salud-sonora\/"},"wordCount":667,"commentCount":0,"publisher":{"@id":"https:\/\/www.sonoraenequipo.com.mx\/#organization"},"image":{"@id":"https:\/\/www.sonoraenequipo.com.mx\/medidas-contra-covid-19-han-retrasado-tercera-ola-de-contagios-salud-sonora\/#primaryimage"},"thumbnailUrl":"https:\/\/www.sonoraenequipo.com.mx\/storage\/2021\/03\/covid-virus.jpg","articleSection":["Sonora"],"inLanguage":"es","potentialAction":[{"@type":"CommentAction","name":"Comment","target":["https:\/\/www.sonoraenequipo.com.mx\/medidas-contra-covid-19-han-retrasado-tercera-ola-de-contagios-salud-sonora\/#respond"]}]},{"@type":"WebPage","@id":"https:\/\/www.sonoraenequipo.com.mx\/medidas-contra-covid-19-han-retrasado-tercera-ola-de-contagios-salud-sonora\/","url":"https:\/\/www.sonoraenequipo.com.mx\/medidas-contra-covid-19-han-retrasado-tercera-ola-de-contagios-salud-sonora\/","name":"Sonora en Equipo. Medidas contra COVID-19 han retrasado tercera ola de contagios: Salud Sonora Sonora","isPartOf":{"@id":"https:\/\/www.sonoraenequipo.com.mx\/#website"},"primaryImageOfPage":{"@id":"https:\/\/www.sonoraenequipo.com.mx\/medidas-contra-covid-19-han-retrasado-tercera-ola-de-contagios-salud-sonora\/#primaryimage"},"image":{"@id":"https:\/\/www.sonoraenequipo.com.mx\/medidas-contra-covid-19-han-retrasado-tercera-ola-de-contagios-salud-sonora\/#primaryimage"},"thumbnailUrl":"https:\/\/www.sonoraenequipo.com.mx\/storage\/2021\/03\/covid-virus.jpg","datePublished":"2021-04-25T03:08:45+00:00","description":"HERMOSILLO, SONORA,MX.\u2500\u2500. Que a\u00fan no haya evidencia de una tercera ola de contagios de COVID-19 en Sonora es resultado de la aplicaci\u00f3n integral de las En Sonora en Equipo publicamos toda la informaci\u00f3n de Sonora, M\u00e9xico y el Mundo de manera oportuna y busca que la libertad de expresi\u00f3n sea real. Visita nuestro medio informativo publicado desde Hermosillo, Sonora. %","breadcrumb":{"@id":"https:\/\/www.sonoraenequipo.com.mx\/medidas-contra-covid-19-han-retrasado-tercera-ola-de-contagios-salud-sonora\/#breadcrumb"},"inLanguage":"es","potentialAction":[{"@type":"ReadAction","target":["https:\/\/www.sonoraenequipo.com.mx\/medidas-contra-covid-19-han-retrasado-tercera-ola-de-contagios-salud-sonora\/"]}]},{"@type":"ImageObject","inLanguage":"es","@id":"https:\/\/www.sonoraenequipo.com.mx\/medidas-contra-covid-19-han-retrasado-tercera-ola-de-contagios-salud-sonora\/#primaryimage","url":"https:\/\/www.sonoraenequipo.com.mx\/storage\/2021\/03\/covid-virus.jpg","contentUrl":"https:\/\/www.sonoraenequipo.com.mx\/storage\/2021\/03\/covid-virus.jpg","width":500,"height":300},{"@type":"BreadcrumbList","@id":"https:\/\/www.sonoraenequipo.com.mx\/medidas-contra-covid-19-han-retrasado-tercera-ola-de-contagios-salud-sonora\/#breadcrumb","itemListElement":[{"@type":"ListItem","position":1,"name":"Portada","item":"https:\/\/www.sonoraenequipo.com.mx\/"},{"@type":"ListItem","position":2,"name":"Medidas contra COVID-19 han retrasado tercera ola de contagios: Salud Sonora"}]},{"@type":"WebSite","@id":"https:\/\/www.sonoraenequipo.com.mx\/#website","url":"https:\/\/www.sonoraenequipo.com.mx\/","name":"Sonora en Equipo.","description":"Diario en l\u00ednea con Noticias desde Hermosillo, Sonora","publisher":{"@id":"https:\/\/www.sonoraenequipo.com.mx\/#organization"},"potentialAction":[{"@type":"SearchAction","target":{"@type":"EntryPoint","urlTemplate":"https:\/\/www.sonoraenequipo.com.mx\/?s={search_term_string}"},"query-input":{"@type":"PropertyValueSpecification","valueRequired":true,"valueName":"search_term_string"}}],"inLanguage":"es"},{"@type":"Organization","@id":"https:\/\/www.sonoraenequipo.com.mx\/#organization","name":"Sonoraenequipo.com.mx","url":"https:\/\/www.sonoraenequipo.com.mx\/","logo":{"@type":"ImageObject","inLanguage":"es","@id":"https:\/\/www.sonoraenequipo.com.mx\/#\/schema\/logo\/image\/","url":"https:\/\/www.sonoraenequipo.com.mx\/storage\/2019\/01\/sonoraenequipo_opt.png","contentUrl":"https:\/\/www.sonoraenequipo.com.mx\/storage\/2019\/01\/sonoraenequipo_opt.png","width":375,"height":125,"caption":"Sonoraenequipo.com.mx"},"image":{"@id":"https:\/\/www.sonoraenequipo.com.mx\/#\/schema\/logo\/image\/"},"sameAs":["https:\/\/www.facebook.com\/SonoraEE\/","https:\/\/x.com\/sonoraenequipo","https:\/\/www.youtube.com\/channel\/UC338nW-lPEYmJQs4ZABQ1SQ"]},{"@type":"Person","@id":"https:\/\/www.sonoraenequipo.com.mx\/#\/schema\/person\/50102df0fb23a8fa9e8effad8fa81386","name":"enequipo","image":{"@type":"ImageObject","inLanguage":"es","@id":"https:\/\/www.sonoraenequipo.com.mx\/#\/schema\/person\/image\/","url":"https:\/\/secure.gravatar.com\/avatar\/049821681b589dabc0bc20695993ccebb09f5b5d4d790cd9251b97faac7c652b?s=96&d=blank&r=g","contentUrl":"https:\/\/secure.gravatar.com\/avatar\/049821681b589dabc0bc20695993ccebb09f5b5d4d790cd9251b97faac7c652b?s=96&d=blank&r=g","caption":"enequipo"},"sameAs":["https:\/\/www.facebook.com\/SonoraEE"]}]}},"jetpack_featured_media_url":"https:\/\/www.sonoraenequipo.com.mx\/storage\/2021\/03\/covid-virus.jpg","_links":{"self":[{"href":"https:\/\/www.sonoraenequipo.com.mx\/api\/wp\/v2\/posts\/112439","targetHints":{"allow":["GET"]}}],"collection":[{"href":"https:\/\/www.sonoraenequipo.com.mx\/api\/wp\/v2\/posts"}],"about":[{"href":"https:\/\/www.sonoraenequipo.com.mx\/api\/wp\/v2\/types\/post"}],"author":[{"embeddable":true,"href":"https:\/\/www.sonoraenequipo.com.mx\/api\/wp\/v2\/users\/1"}],"replies":[{"embeddable":true,"href":"https:\/\/www.sonoraenequipo.com.mx\/api\/wp\/v2\/comments?post=112439"}],"version-history":[{"count":1,"href":"https:\/\/www.sonoraenequipo.com.mx\/api\/wp\/v2\/posts\/112439\/revisions"}],"predecessor-version":[{"id":112440,"href":"https:\/\/www.sonoraenequipo.com.mx\/api\/wp\/v2\/posts\/112439\/revisions\/112440"}],"wp:featuredmedia":[{"embeddable":true,"href":"https:\/\/www.sonoraenequipo.com.mx\/api\/wp\/v2\/media\/110422"}],"wp:attachment":[{"href":"https:\/\/www.sonoraenequipo.com.mx\/api\/wp\/v2\/media?parent=112439"}],"wp:term":[{"taxonomy":"category","embeddable":true,"href":"https:\/\/www.sonoraenequipo.com.mx\/api\/wp\/v2\/categories?post=112439"},{"taxonomy":"post_tag","embeddable":true,"href":"https:\/\/www.sonoraenequipo.com.mx\/api\/wp\/v2\/tags?post=112439"}],"curies":[{"name":"wp","href":"https:\/\/api.w.org\/{rel}","templated":true}]}}