{"id":112467,"date":"2021-04-24T16:22:05","date_gmt":"2021-04-24T23:22:05","guid":{"rendered":"https:\/\/www.sonoraenequipo.com.mx\/?p=112467"},"modified":"2021-04-25T11:51:04","modified_gmt":"2021-04-25T18:51:04","slug":"supervisa-lopez-obrador-la-refineria-de-cadereyta-en-nuevo-leon","status":"publish","type":"post","link":"https:\/\/www.sonoraenequipo.com.mx\/supervisa-lopez-obrador-la-refineria-de-cadereyta-en-nuevo-leon\/","title":{"rendered":"Supervisa  L\u00f3pez Obrador la refiner\u00eda de Cadereyta en Nuevo Le\u00f3n"},"content":{"rendered":"<p>CADEREYTA, NUEVO LE\u00d3N. MX. \u2014\u00a0 El presidente de M\u00e9xico, Andr\u00e9s Manuel L\u00f3pez Obrador, aprovech\u00f3 el fin de semana para supervisar el avance de la refiner\u00eda de Cadereyta en Nuevo Le\u00f3n.<\/p>\n<p>&nbsp;<\/p>\n<p> <\/p>\n<p>&nbsp;<\/p>\n<p>El presidente Andr\u00e9s Manuel L\u00f3pez Obrador afirm\u00f3 que, de la mano de trabajadores, rescatar\u00e1 Petr\u00f3leos Mexicanos (Pemex).<\/p>\n<p>&nbsp;<\/p>\n<p><em>\u00abVamos a rescatar a Pemex. El petr\u00f3leo no es del Estado, mucho menos es del Gobierno. El petr\u00f3leo es del pueblo\u00bb,<\/em> se\u00f1al\u00f3 el primer mandatario durante supervisi\u00f3n en la refiner\u00eda de Cadereyta, Nuevo Le\u00f3n.<\/p>\n<p>&nbsp;<\/p>\n<p>A trav\u00e9s de un video, L\u00f3pez Obrador inform\u00f3 que sostuvieron una reuni\u00f3n con directivos Pemex para rescatar a la paraestatal.<\/p>\n<p>&nbsp;<\/p>\n<p><em>\u00abAcabamos de tener una reuni\u00f3n y vamos a rescatar a Pemex\u201d<\/em>, asever\u00f3 en un video publicado en sus redes.<\/p>\n<p>&nbsp;<\/p>\n<p>&nbsp;<\/p>\n<p><iframe loading=\"lazy\" title=\"Supervisi\u00f3n de la refiner\u00eda de Cadereyta en Nuevo Le\u00f3n\" width=\"640\" height=\"360\" src=\"https:\/\/www.youtube.com\/embed\/L7deDkCfang?feature=oembed\" frameborder=\"0\" allow=\"accelerometer; autoplay; clipboard-write; encrypted-media; gyroscope; picture-in-picture; web-share\" referrerpolicy=\"strict-origin-when-cross-origin\" allowfullscreen><\/iframe><\/p>\n<p>&nbsp;<\/p>\n<p>(Publicada el 24\/04\/2021)<\/p>\n","protected":false},"excerpt":{"rendered":"<p>CADEREYTA, NUEVO LE\u00d3N. MX. \u2014\u00a0 El presidente de M\u00e9xico, Andr\u00e9s Manuel L\u00f3pez Obrador, aprovech\u00f3 el&#8230;<\/p>\n","protected":false},"author":1,"featured_media":112468,"comment_status":"open","ping_status":"open","sticky":false,"template":"","format":"standard","meta":{"_monsterinsights_skip_tracking":false,"_monsterinsights_sitenote_active":false,"_monsterinsights_sitenote_note":"","_monsterinsights_sitenote_category":0,"footnotes":""},"categories":[5],"tags":[],"class_list":["post"],"yoast_head":" \n<title>Sonora en Equipo. Supervisa L\u00f3pez Obrador la refiner\u00eda de Cadereyta en Nuevo Le\u00f3n Rep\u00fablica<\/title>\n<meta name=\"description\" content=\"CADEREYTA, NUEVO LE\u00d3N. MX. \u2014\u00a0 El presidente de M\u00e9xico, Andr\u00e9s Manuel L\u00f3pez Obrador, aprovech\u00f3 el fin de semana para supervisar el avance de la refiner\u00eda En Sonora en Equipo publicamos toda la informaci\u00f3n de Sonora, M\u00e9xico y el Mundo de manera oportuna y busca que la libertad de expresi\u00f3n sea real. Visita nuestro medio informativo publicado desde Hermosillo, Sonora. %\" \/>\n<meta name=\"robots\" content=\"index, follow, max-snippet:-1, max-image-preview:large, max-video-preview:-1\" \/>\n<link rel=\"canonical\" href=\"https:\/\/www.sonoraenequipo.com.mx\/supervisa-lopez-obrador-la-refineria-de-cadereyta-en-nuevo-leon\/\" \/>\n<meta property=\"og:locale\" content=\"es_ES\" \/>\n<meta property=\"og:type\" content=\"article\" \/>\n<meta property=\"og:title\" content=\"Sonora en Equipo. Supervisa L\u00f3pez Obrador la refiner\u00eda de Cadereyta en Nuevo Le\u00f3n Rep\u00fablica\" \/>\n<meta property=\"og:description\" content=\"CADEREYTA, NUEVO LE\u00d3N. MX. \u2014\u00a0 El presidente de M\u00e9xico, Andr\u00e9s Manuel L\u00f3pez Obrador, aprovech\u00f3 el fin de semana para supervisar el avance de la refiner\u00eda En Sonora en Equipo publicamos toda la informaci\u00f3n de Sonora, M\u00e9xico y el Mundo de manera oportuna y busca que la libertad de expresi\u00f3n sea real. Visita nuestro medio informativo publicado desde Hermosillo, Sonora. %\" \/>\n<meta property=\"og:url\" content=\"https:\/\/www.sonoraenequipo.com.mx\/supervisa-lopez-obrador-la-refineria-de-cadereyta-en-nuevo-leon\/\" \/>\n<meta property=\"og:site_name\" content=\"Sonora en Equipo.\" \/>\n<meta property=\"article:publisher\" content=\"https:\/\/www.facebook.com\/SonoraEE\/\" \/>\n<meta property=\"article:author\" content=\"https:\/\/www.facebook.com\/SonoraEE\" \/>\n<meta property=\"article:published_time\" content=\"2021-04-24T23:22:05+00:00\" \/>\n<meta property=\"article:modified_time\" content=\"2021-04-25T18:51:04+00:00\" \/>\n<meta property=\"og:image\" content=\"https:\/\/www.sonoraenequipo.com.mx\/storage\/2021\/04\/refineria-cadereyta-Nuevo-Leon_opt.jpg\" \/>\n\t<meta property=\"og:image:width\" content=\"600\" \/>\n\t<meta property=\"og:image:height\" content=\"400\" \/>\n\t<meta property=\"og:image:type\" content=\"image\/jpeg\" \/>\n<meta name=\"author\" content=\"enequipo\" \/>\n<meta name=\"twitter:card\" content=\"summary_large_image\" \/>\n<meta name=\"twitter:creator\" content=\"@sonoraenequipo\" \/>\n<meta name=\"twitter:site\" content=\"@sonoraenequipo\" \/>\n<meta name=\"twitter:label1\" content=\"Escrito por\" \/>\n\t<meta name=\"twitter:data1\" content=\"enequipo\" \/>\n\t<meta name=\"twitter:label2\" content=\"Tiempo de lectura\" \/>\n\t<meta name=\"twitter:data2\" content=\"1 minuto\" \/>\n<script type=\"application\/ld+json\" class=\"yoast-schema-graph\">{\"@context\":\"https:\/\/schema.org\",\"@graph\":[{\"@type\":\"Article\",\"@id\":\"https:\/\/www.sonoraenequipo.com.mx\/supervisa-lopez-obrador-la-refineria-de-cadereyta-en-nuevo-leon\/#article\",\"isPartOf\":{\"@id\":\"https:\/\/www.sonoraenequipo.com.mx\/supervisa-lopez-obrador-la-refineria-de-cadereyta-en-nuevo-leon\/\"},\"author\":{\"name\":\"enequipo\",\"@id\":\"https:\/\/www.sonoraenequipo.com.mx\/#\/schema\/person\/50102df0fb23a8fa9e8effad8fa81386\"},\"headline\":\"Supervisa L\u00f3pez Obrador la refiner\u00eda de Cadereyta en Nuevo Le\u00f3n\",\"datePublished\":\"2021-04-24T23:22:05+00:00\",\"dateModified\":\"2021-04-25T18:51:04+00:00\",\"mainEntityOfPage\":{\"@id\":\"https:\/\/www.sonoraenequipo.com.mx\/supervisa-lopez-obrador-la-refineria-de-cadereyta-en-nuevo-leon\/\"},\"wordCount\":169,\"commentCount\":0,\"publisher\":{\"@id\":\"https:\/\/www.sonoraenequipo.com.mx\/#organization\"},\"image\":{\"@id\":\"https:\/\/www.sonoraenequipo.com.mx\/supervisa-lopez-obrador-la-refineria-de-cadereyta-en-nuevo-leon\/#primaryimage\"},\"thumbnailUrl\":\"https:\/\/www.sonoraenequipo.com.mx\/storage\/2021\/04\/refineria-cadereyta-Nuevo-Leon_opt.jpg\",\"articleSection\":[\"Rep\u00fablica\"],\"inLanguage\":\"es\",\"potentialAction\":[{\"@type\":\"CommentAction\",\"name\":\"Comment\",\"target\":[\"https:\/\/www.sonoraenequipo.com.mx\/supervisa-lopez-obrador-la-refineria-de-cadereyta-en-nuevo-leon\/#respond\"]}]},{\"@type\":\"WebPage\",\"@id\":\"https:\/\/www.sonoraenequipo.com.mx\/supervisa-lopez-obrador-la-refineria-de-cadereyta-en-nuevo-leon\/\",\"url\":\"https:\/\/www.sonoraenequipo.com.mx\/supervisa-lopez-obrador-la-refineria-de-cadereyta-en-nuevo-leon\/\",\"name\":\"Sonora en Equipo. Supervisa L\u00f3pez Obrador la refiner\u00eda de Cadereyta en Nuevo Le\u00f3n Rep\u00fablica\",\"isPartOf\":{\"@id\":\"https:\/\/www.sonoraenequipo.com.mx\/#website\"},\"primaryImageOfPage\":{\"@id\":\"https:\/\/www.sonoraenequipo.com.mx\/supervisa-lopez-obrador-la-refineria-de-cadereyta-en-nuevo-leon\/#primaryimage\"},\"image\":{\"@id\":\"https:\/\/www.sonoraenequipo.com.mx\/supervisa-lopez-obrador-la-refineria-de-cadereyta-en-nuevo-leon\/#primaryimage\"},\"thumbnailUrl\":\"https:\/\/www.sonoraenequipo.com.mx\/storage\/2021\/04\/refineria-cadereyta-Nuevo-Leon_opt.jpg\",\"datePublished\":\"2021-04-24T23:22:05+00:00\",\"dateModified\":\"2021-04-25T18:51:04+00:00\",\"description\":\"CADEREYTA, NUEVO LE\u00d3N. MX. \u2014\u00a0 El presidente de M\u00e9xico, Andr\u00e9s Manuel L\u00f3pez Obrador, aprovech\u00f3 el fin de semana para supervisar el avance de la refiner\u00eda En Sonora en Equipo publicamos toda la informaci\u00f3n de Sonora, M\u00e9xico y el Mundo de manera oportuna y busca que la libertad de expresi\u00f3n sea real. Visita nuestro medio informativo publicado desde Hermosillo, Sonora. %\",\"breadcrumb\":{\"@id\":\"https:\/\/www.sonoraenequipo.com.mx\/supervisa-lopez-obrador-la-refineria-de-cadereyta-en-nuevo-leon\/#breadcrumb\"},\"inLanguage\":\"es\",\"potentialAction\":[{\"@type\":\"ReadAction\",\"target\":[\"https:\/\/www.sonoraenequipo.com.mx\/supervisa-lopez-obrador-la-refineria-de-cadereyta-en-nuevo-leon\/\"]}]},{\"@type\":\"ImageObject\",\"inLanguage\":\"es\",\"@id\":\"https:\/\/www.sonoraenequipo.com.mx\/supervisa-lopez-obrador-la-refineria-de-cadereyta-en-nuevo-leon\/#primaryimage\",\"url\":\"https:\/\/www.sonoraenequipo.com.mx\/storage\/2021\/04\/refineria-cadereyta-Nuevo-Leon_opt.jpg\",\"contentUrl\":\"https:\/\/www.sonoraenequipo.com.mx\/storage\/2021\/04\/refineria-cadereyta-Nuevo-Leon_opt.jpg\",\"width\":600,\"height\":400},{\"@type\":\"BreadcrumbList\",\"@id\":\"https:\/\/www.sonoraenequipo.com.mx\/supervisa-lopez-obrador-la-refineria-de-cadereyta-en-nuevo-leon\/#breadcrumb\",\"itemListElement\":[{\"@type\":\"ListItem\",\"position\":1,\"name\":\"Portada\",\"item\":\"https:\/\/www.sonoraenequipo.com.mx\/\"},{\"@type\":\"ListItem\",\"position\":2,\"name\":\"Supervisa L\u00f3pez Obrador la refiner\u00eda de Cadereyta en Nuevo Le\u00f3n\"}]},{\"@type\":\"WebSite\",\"@id\":\"https:\/\/www.sonoraenequipo.com.mx\/#website\",\"url\":\"https:\/\/www.sonoraenequipo.com.mx\/\",\"name\":\"Sonora en Equipo.\",\"description\":\"Diario en l\u00ednea con Noticias desde Hermosillo, Sonora\",\"publisher\":{\"@id\":\"https:\/\/www.sonoraenequipo.com.mx\/#organization\"},\"potentialAction\":[{\"@type\":\"SearchAction\",\"target\":{\"@type\":\"EntryPoint\",\"urlTemplate\":\"https:\/\/www.sonoraenequipo.com.mx\/?s={search_term_string}\"},\"query-input\":{\"@type\":\"PropertyValueSpecification\",\"valueRequired\":true,\"valueName\":\"search_term_string\"}}],\"inLanguage\":\"es\"},{\"@type\":\"Organization\",\"@id\":\"https:\/\/www.sonoraenequipo.com.mx\/#organization\",\"name\":\"Sonoraenequipo.com.mx\",\"url\":\"https:\/\/www.sonoraenequipo.com.mx\/\",\"logo\":{\"@type\":\"ImageObject\",\"inLanguage\":\"es\",\"@id\":\"https:\/\/www.sonoraenequipo.com.mx\/#\/schema\/logo\/image\/\",\"url\":\"https:\/\/www.sonoraenequipo.com.mx\/storage\/2019\/01\/sonoraenequipo_opt.png\",\"contentUrl\":\"https:\/\/www.sonoraenequipo.com.mx\/storage\/2019\/01\/sonoraenequipo_opt.png\",\"width\":375,\"height\":125,\"caption\":\"Sonoraenequipo.com.mx\"},\"image\":{\"@id\":\"https:\/\/www.sonoraenequipo.com.mx\/#\/schema\/logo\/image\/\"},\"sameAs\":[\"https:\/\/www.facebook.com\/SonoraEE\/\",\"https:\/\/x.com\/sonoraenequipo\",\"https:\/\/www.youtube.com\/channel\/UC338nW-lPEYmJQs4ZABQ1SQ\"]},{\"@type\":\"Person\",\"@id\":\"https:\/\/www.sonoraenequipo.com.mx\/#\/schema\/person\/50102df0fb23a8fa9e8effad8fa81386\",\"name\":\"enequipo\",\"image\":{\"@type\":\"ImageObject\",\"inLanguage\":\"es\",\"@id\":\"https:\/\/www.sonoraenequipo.com.mx\/#\/schema\/person\/image\/\",\"url\":\"https:\/\/secure.gravatar.com\/avatar\/049821681b589dabc0bc20695993ccebb09f5b5d4d790cd9251b97faac7c652b?s=96&d=blank&r=g\",\"contentUrl\":\"https:\/\/secure.gravatar.com\/avatar\/049821681b589dabc0bc20695993ccebb09f5b5d4d790cd9251b97faac7c652b?s=96&d=blank&r=g\",\"caption\":\"enequipo\"},\"sameAs\":[\"https:\/\/www.facebook.com\/SonoraEE\"]}]}<\/script>\n ","yoast_head_json":{"title":"Sonora en Equipo. Supervisa L\u00f3pez Obrador la refiner\u00eda de Cadereyta en Nuevo Le\u00f3n Rep\u00fablica","description":"CADEREYTA, NUEVO LE\u00d3N. MX. \u2014\u00a0 El presidente de M\u00e9xico, Andr\u00e9s Manuel L\u00f3pez Obrador, aprovech\u00f3 el fin de semana para supervisar el avance de la refiner\u00eda En Sonora en Equipo publicamos toda la informaci\u00f3n de Sonora, M\u00e9xico y el Mundo de manera oportuna y busca que la libertad de expresi\u00f3n sea real. Visita nuestro medio informativo publicado desde Hermosillo, Sonora. %","robots":{"index":"index","follow":"follow","max-snippet":"max-snippet:-1","max-image-preview":"max-image-preview:large","max-video-preview":"max-video-preview:-1"},"canonical":"https:\/\/www.sonoraenequipo.com.mx\/supervisa-lopez-obrador-la-refineria-de-cadereyta-en-nuevo-leon\/","og_locale":"es_ES","og_type":"article","og_title":"Sonora en Equipo. Supervisa L\u00f3pez Obrador la refiner\u00eda de Cadereyta en Nuevo Le\u00f3n Rep\u00fablica","og_description":"CADEREYTA, NUEVO LE\u00d3N. MX. \u2014\u00a0 El presidente de M\u00e9xico, Andr\u00e9s Manuel L\u00f3pez Obrador, aprovech\u00f3 el fin de semana para supervisar el avance de la refiner\u00eda En Sonora en Equipo publicamos toda la informaci\u00f3n de Sonora, M\u00e9xico y el Mundo de manera oportuna y busca que la libertad de expresi\u00f3n sea real. Visita nuestro medio informativo publicado desde Hermosillo, Sonora. %","og_url":"https:\/\/www.sonoraenequipo.com.mx\/supervisa-lopez-obrador-la-refineria-de-cadereyta-en-nuevo-leon\/","og_site_name":"Sonora en Equipo.","article_publisher":"https:\/\/www.facebook.com\/SonoraEE\/","article_author":"https:\/\/www.facebook.com\/SonoraEE","article_published_time":"2021-04-24T23:22:05+00:00","article_modified_time":"2021-04-25T18:51:04+00:00","og_image":[{"width":600,"height":400,"url":"https:\/\/www.sonoraenequipo.com.mx\/storage\/2021\/04\/refineria-cadereyta-Nuevo-Leon_opt.jpg","type":"image\/jpeg"}],"author":"enequipo","twitter_card":"summary_large_image","twitter_creator":"@sonoraenequipo","twitter_site":"@sonoraenequipo","twitter_misc":{"Escrito por":"enequipo","Tiempo de lectura":"1 minuto"},"schema":{"@context":"https:\/\/schema.org","@graph":[{"@type":"Article","@id":"https:\/\/www.sonoraenequipo.com.mx\/supervisa-lopez-obrador-la-refineria-de-cadereyta-en-nuevo-leon\/#article","isPartOf":{"@id":"https:\/\/www.sonoraenequipo.com.mx\/supervisa-lopez-obrador-la-refineria-de-cadereyta-en-nuevo-leon\/"},"author":{"name":"enequipo","@id":"https:\/\/www.sonoraenequipo.com.mx\/#\/schema\/person\/50102df0fb23a8fa9e8effad8fa81386"},"headline":"Supervisa L\u00f3pez Obrador la refiner\u00eda de Cadereyta en Nuevo Le\u00f3n","datePublished":"2021-04-24T23:22:05+00:00","dateModified":"2021-04-25T18:51:04+00:00","mainEntityOfPage":{"@id":"https:\/\/www.sonoraenequipo.com.mx\/supervisa-lopez-obrador-la-refineria-de-cadereyta-en-nuevo-leon\/"},"wordCount":169,"commentCount":0,"publisher":{"@id":"https:\/\/www.sonoraenequipo.com.mx\/#organization"},"image":{"@id":"https:\/\/www.sonoraenequipo.com.mx\/supervisa-lopez-obrador-la-refineria-de-cadereyta-en-nuevo-leon\/#primaryimage"},"thumbnailUrl":"https:\/\/www.sonoraenequipo.com.mx\/storage\/2021\/04\/refineria-cadereyta-Nuevo-Leon_opt.jpg","articleSection":["Rep\u00fablica"],"inLanguage":"es","potentialAction":[{"@type":"CommentAction","name":"Comment","target":["https:\/\/www.sonoraenequipo.com.mx\/supervisa-lopez-obrador-la-refineria-de-cadereyta-en-nuevo-leon\/#respond"]}]},{"@type":"WebPage","@id":"https:\/\/www.sonoraenequipo.com.mx\/supervisa-lopez-obrador-la-refineria-de-cadereyta-en-nuevo-leon\/","url":"https:\/\/www.sonoraenequipo.com.mx\/supervisa-lopez-obrador-la-refineria-de-cadereyta-en-nuevo-leon\/","name":"Sonora en Equipo. Supervisa L\u00f3pez Obrador la refiner\u00eda de Cadereyta en Nuevo Le\u00f3n Rep\u00fablica","isPartOf":{"@id":"https:\/\/www.sonoraenequipo.com.mx\/#website"},"primaryImageOfPage":{"@id":"https:\/\/www.sonoraenequipo.com.mx\/supervisa-lopez-obrador-la-refineria-de-cadereyta-en-nuevo-leon\/#primaryimage"},"image":{"@id":"https:\/\/www.sonoraenequipo.com.mx\/supervisa-lopez-obrador-la-refineria-de-cadereyta-en-nuevo-leon\/#primaryimage"},"thumbnailUrl":"https:\/\/www.sonoraenequipo.com.mx\/storage\/2021\/04\/refineria-cadereyta-Nuevo-Leon_opt.jpg","datePublished":"2021-04-24T23:22:05+00:00","dateModified":"2021-04-25T18:51:04+00:00","description":"CADEREYTA, NUEVO LE\u00d3N. MX. \u2014\u00a0 El presidente de M\u00e9xico, Andr\u00e9s Manuel L\u00f3pez Obrador, aprovech\u00f3 el fin de semana para supervisar el avance de la refiner\u00eda En Sonora en Equipo publicamos toda la informaci\u00f3n de Sonora, M\u00e9xico y el Mundo de manera oportuna y busca que la libertad de expresi\u00f3n sea real. Visita nuestro medio informativo publicado desde Hermosillo, Sonora. %","breadcrumb":{"@id":"https:\/\/www.sonoraenequipo.com.mx\/supervisa-lopez-obrador-la-refineria-de-cadereyta-en-nuevo-leon\/#breadcrumb"},"inLanguage":"es","potentialAction":[{"@type":"ReadAction","target":["https:\/\/www.sonoraenequipo.com.mx\/supervisa-lopez-obrador-la-refineria-de-cadereyta-en-nuevo-leon\/"]}]},{"@type":"ImageObject","inLanguage":"es","@id":"https:\/\/www.sonoraenequipo.com.mx\/supervisa-lopez-obrador-la-refineria-de-cadereyta-en-nuevo-leon\/#primaryimage","url":"https:\/\/www.sonoraenequipo.com.mx\/storage\/2021\/04\/refineria-cadereyta-Nuevo-Leon_opt.jpg","contentUrl":"https:\/\/www.sonoraenequipo.com.mx\/storage\/2021\/04\/refineria-cadereyta-Nuevo-Leon_opt.jpg","width":600,"height":400},{"@type":"BreadcrumbList","@id":"https:\/\/www.sonoraenequipo.com.mx\/supervisa-lopez-obrador-la-refineria-de-cadereyta-en-nuevo-leon\/#breadcrumb","itemListElement":[{"@type":"ListItem","position":1,"name":"Portada","item":"https:\/\/www.sonoraenequipo.com.mx\/"},{"@type":"ListItem","position":2,"name":"Supervisa L\u00f3pez Obrador la refiner\u00eda de Cadereyta en Nuevo Le\u00f3n"}]},{"@type":"WebSite","@id":"https:\/\/www.sonoraenequipo.com.mx\/#website","url":"https:\/\/www.sonoraenequipo.com.mx\/","name":"Sonora en Equipo.","description":"Diario en l\u00ednea con Noticias desde Hermosillo, Sonora","publisher":{"@id":"https:\/\/www.sonoraenequipo.com.mx\/#organization"},"potentialAction":[{"@type":"SearchAction","target":{"@type":"EntryPoint","urlTemplate":"https:\/\/www.sonoraenequipo.com.mx\/?s={search_term_string}"},"query-input":{"@type":"PropertyValueSpecification","valueRequired":true,"valueName":"search_term_string"}}],"inLanguage":"es"},{"@type":"Organization","@id":"https:\/\/www.sonoraenequipo.com.mx\/#organization","name":"Sonoraenequipo.com.mx","url":"https:\/\/www.sonoraenequipo.com.mx\/","logo":{"@type":"ImageObject","inLanguage":"es","@id":"https:\/\/www.sonoraenequipo.com.mx\/#\/schema\/logo\/image\/","url":"https:\/\/www.sonoraenequipo.com.mx\/storage\/2019\/01\/sonoraenequipo_opt.png","contentUrl":"https:\/\/www.sonoraenequipo.com.mx\/storage\/2019\/01\/sonoraenequipo_opt.png","width":375,"height":125,"caption":"Sonoraenequipo.com.mx"},"image":{"@id":"https:\/\/www.sonoraenequipo.com.mx\/#\/schema\/logo\/image\/"},"sameAs":["https:\/\/www.facebook.com\/SonoraEE\/","https:\/\/x.com\/sonoraenequipo","https:\/\/www.youtube.com\/channel\/UC338nW-lPEYmJQs4ZABQ1SQ"]},{"@type":"Person","@id":"https:\/\/www.sonoraenequipo.com.mx\/#\/schema\/person\/50102df0fb23a8fa9e8effad8fa81386","name":"enequipo","image":{"@type":"ImageObject","inLanguage":"es","@id":"https:\/\/www.sonoraenequipo.com.mx\/#\/schema\/person\/image\/","url":"https:\/\/secure.gravatar.com\/avatar\/049821681b589dabc0bc20695993ccebb09f5b5d4d790cd9251b97faac7c652b?s=96&d=blank&r=g","contentUrl":"https:\/\/secure.gravatar.com\/avatar\/049821681b589dabc0bc20695993ccebb09f5b5d4d790cd9251b97faac7c652b?s=96&d=blank&r=g","caption":"enequipo"},"sameAs":["https:\/\/www.facebook.com\/SonoraEE"]}]}},"jetpack_featured_media_url":"https:\/\/www.sonoraenequipo.com.mx\/storage\/2021\/04\/refineria-cadereyta-Nuevo-Leon_opt.jpg","_links":{"self":[{"href":"https:\/\/www.sonoraenequipo.com.mx\/api\/wp\/v2\/posts\/112467","targetHints":{"allow":["GET"]}}],"collection":[{"href":"https:\/\/www.sonoraenequipo.com.mx\/api\/wp\/v2\/posts"}],"about":[{"href":"https:\/\/www.sonoraenequipo.com.mx\/api\/wp\/v2\/types\/post"}],"author":[{"embeddable":true,"href":"https:\/\/www.sonoraenequipo.com.mx\/api\/wp\/v2\/users\/1"}],"replies":[{"embeddable":true,"href":"https:\/\/www.sonoraenequipo.com.mx\/api\/wp\/v2\/comments?post=112467"}],"version-history":[{"count":1,"href":"https:\/\/www.sonoraenequipo.com.mx\/api\/wp\/v2\/posts\/112467\/revisions"}],"predecessor-version":[{"id":112469,"href":"https:\/\/www.sonoraenequipo.com.mx\/api\/wp\/v2\/posts\/112467\/revisions\/112469"}],"wp:featuredmedia":[{"embeddable":true,"href":"https:\/\/www.sonoraenequipo.com.mx\/api\/wp\/v2\/media\/112468"}],"wp:attachment":[{"href":"https:\/\/www.sonoraenequipo.com.mx\/api\/wp\/v2\/media?parent=112467"}],"wp:term":[{"taxonomy":"category","embeddable":true,"href":"https:\/\/www.sonoraenequipo.com.mx\/api\/wp\/v2\/categories?post=112467"},{"taxonomy":"post_tag","embeddable":true,"href":"https:\/\/www.sonoraenequipo.com.mx\/api\/wp\/v2\/tags?post=112467"}],"curies":[{"name":"wp","href":"https:\/\/api.w.org\/{rel}","templated":true}]}}